{"id":25380,"date":"2023-08-10T00:03:00","date_gmt":"2023-08-10T03:03:00","guid":{"rendered":"https:\/\/www.vagadeempregorj.com.br\/?p=25380"},"modified":"2023-08-05T20:32:16","modified_gmt":"2023-08-05T23:32:16","slug":"trabalhe-conosco-itau","status":"publish","type":"post","link":"https:\/\/www.vagadeempregorj.com.br\/ar\/trabalhe-conosco-itau\/","title":{"rendered":"Marketing, Analistas, Gerentes e mais no Banco Ita\u00fa"},"content":{"rendered":"<p>Atualizado em<\/p>\n\n\n<div class=\"wp-block-post-date\"><time datetime=\"2023-08-10T00:03:00-03:00\">10\/08\/2023<\/time><\/div>\n\n\n<p>Conhecido tanto pelos seus servi\u00e7os banc\u00e1rios quanto pelas iniciativas em prol da educa\u00e7\u00e3o, o Trabalhe Conosco Ita\u00fa se faz presente.<\/p>\n\n\n\n<p>O Ita\u00fa faz parte do cotidiano dos brasileiros: \u00e9 imposs\u00edvel andar em uma avenida sem ver ao menos uma ag\u00eancia desse banco ou um caixa eletr\u00f4nico.<br><br>Trabalhar nessa rede banc\u00e1ria, sem d\u00favida, \u00e9 uma chance profissional que as pessoas n\u00e3o podem desperdi\u00e7ar.<br><br>Assim tamb\u00e9m, o banco tem benef\u00edcios oferecidos e tamb\u00e9m pelo peso que o nome dessa empresa tem no curr\u00edculo.<br><br>Portanto, abaixo, algumas vagas no Ita\u00fa:<\/p>\n\n\n\n<ul class=\"wp-block-list\">\n<li>Gerente de neg\u00f3cios<\/li>\n\n\n\n<li>Analista de performance j\u00fanior, de produtos e de sinistros<\/li>\n\n\n\n<li>E outros<\/li>\n<\/ul>\n\n\n\n<p>Os candidatos podem ter diversas forma\u00e7\u00f5es e, inclusive, n\u00e3o precisam necessariamente trabalhar com produtos banc\u00e1rios: eles podem atuar na divis\u00e3o de varejo, por exemplo.<\/p>\n\n\n\n<div class=\"wp-block-buttons is-horizontal is-content-justification-center is-layout-flex wp-container-core-buttons-is-layout-499968f5 wp-block-buttons-is-layout-flex\">\n<div class=\"wp-block-button\"><a class=\"wp-block-button__link has-black-color has-text-color has-background wp-element-button\" href=\"https:\/\/www.vagadeempregorj.com.br\/ar\/enviando-seu-curriculo-rapidamente\/\" style=\"background:linear-gradient(2deg,rgb(255,134,50) 64%,rgb(255,197,71) 100%)\"><strong>VEJA COMO SE CANDIDATAR<\/strong><\/a><\/div>\n<\/div>\n\n\n\n<h2 class=\"wp-block-heading\">Como se candidatar no Trabalhe Conosco Ita\u00fa<\/h2>\n\n\n\n<p>O Ita\u00fa tem uma parte do seu site para facilitar o envio de curr\u00edculos.<br>Os candidatos visualizam detalhes das oportunidades abertas, criam um cadastro e podem concorrer a diversos processos seletivos.<br>Basta acessar <a href=\"https:\/\/www.vagadeempregorj.com.br\/ar\/itau-1\/\">AQUI<\/a> e clicar na \u00e1rea na qual se quer trabalhar, como \u201cag\u00eancias\u201d, por exemplo.<br>Na \u00e1rea superior, d\u00e1 para clicar em \u201cbuscar vagas\u201d e usar os filtros para ver o que est\u00e1 dispon\u00edvel no momento.<\/p>\n\n\n\n<p>Entretanto, o Ita\u00fa usa ainda o seu LinkedIn para dar informa\u00e7\u00f5es sobre processos seletivos.<br>Assim, quem ainda n\u00e3o tem um perfil l\u00e1 ou deixou o seu desatualizado precisa consertar isso r\u00e1pido. O link do perfil do banco \u00e9 <a href=\"https:\/\/www.vagadeempregorj.com.br\/ar\/itau-1\/\">LINK AQUI<\/a><a href=\"https:\/\/www.linkedin.com\/company\/itau\/?originalSubdomain=br\"><mark style=\"background-color:rgba(0, 0, 0, 0)\" class=\"has-inline-color has-vivid-cyan-blue-color\"><\/mark><\/a>.<\/p>\n\n\n\n<h2 class=\"wp-block-heading\">Conhe\u00e7a um pouco do Ita\u00fa<\/h2>\n\n\n\n<p>Reunindo para os seus clientes todos os tipos mais importantes de servi\u00e7os banc\u00e1rios.<br>Esses servi\u00e7os variam desde coberturas de seguros, cart\u00f5es de cr\u00e9dito, cons\u00f3rcio, investimentos e muito mais.<br>Ainda, o banco Ita\u00fa ainda tem atendimento especial para empresas.<br>Bem como, com ag\u00eancias bem amplas e caixas eletr\u00f4nicos em locais estrat\u00e9gicos.<br>Contudo, ele conta ainda com um aplicativo moderno e com um sistema protegido por criptografia para que os usu\u00e1rios acessem sua conta via navegador.<br>N\u00e3o se pode esquecer de citar as iniciativas para expandir a educa\u00e7\u00e3o e, especialmente, o acesso \u00e0 leitura no pa\u00eds.<br>Tendo tudo isso em mente, fazer parte do Ita\u00fa agrega bastante para a carreira d qualquer trabalhador.<\/p>\n\n\n\n<div class=\"wp-block-buttons is-horizontal is-content-justification-center is-layout-flex wp-container-core-buttons-is-layout-499968f5 wp-block-buttons-is-layout-flex\">\n<div class=\"wp-block-button\"><a class=\"wp-block-button__link has-black-color has-text-color has-background wp-element-button\" href=\"https:\/\/www.vagadeempregorj.com.br\/ar\/vagas-de-emprego\/rio-de-janeiro\/\" style=\"border-radius:29px;background:linear-gradient(2deg,rgb(255,134,50) 60%,rgb(255,197,71) 100%)\"><strong>VEJA NOVAS VAGAS PARA SE CANDIDATAR<\/strong><\/a><\/div>\n<\/div>","protected":false},"excerpt":{"rendered":"<p>Conhecido tanto pelos seus servi\u00e7os banc\u00e1rios quanto pelas iniciativas em prol da educa\u00e7\u00e3o, o Trabalhe Conosco Ita\u00fa se faz presente.<\/p>","protected":false},"author":1,"featured_media":25383,"comment_status":"closed","ping_status":"closed","sticky":false,"template":"","format":"standard","meta":{"neve_meta_sidebar":"","neve_meta_container":"","neve_meta_enable_content_width":"","neve_meta_content_width":0,"neve_meta_title_alignment":"","neve_meta_author_avatar":"","neve_post_elements_order":"","neve_meta_disable_header":"","neve_meta_disable_footer":"","neve_meta_disable_title":"","footnotes":""},"categories":[123],"tags":[156,155,147],"class_list":["post-25380","post","type-post","status-publish","format-standard","has-post-thumbnail","hentry","category-vagas-de-emprego-nacionais","tag-itau","tag-trabalhe-conosco-itau","tag-vaga-de-emprego"],"yoast_head":"<!-- This site is optimized with the Yoast SEO plugin v27.5 - https:\/\/yoast.com\/product\/yoast-seo-wordpress\/ -->\n<title>Marketing, Analistas, Gerentes e mais no Banco Ita\u00fa -<\/title>\n<meta name=\"description\" content=\"Conhecido tanto pelos seus servi\u00e7os banc\u00e1rios quanto pelas iniciativas em prol da educa\u00e7\u00e3o, o Trabalhe Conosco Ita\u00fa se faz presente.\" \/>\n<meta name=\"robots\" content=\"index, follow, max-snippet:-1, max-image-preview:large, max-video-preview:-1\" \/>\n<link rel=\"canonical\" href=\"https:\/\/www.vagadeempregorj.com.br\/ar\/trabalhe-conosco-itau\/\" \/>\n<meta property=\"og:locale\" content=\"ar_AR\" \/>\n<meta property=\"og:type\" content=\"article\" \/>\n<meta property=\"og:title\" content=\"Marketing, Analistas, Gerentes e mais no Banco Ita\u00fa -\" \/>\n<meta property=\"og:description\" content=\"Conhecido tanto pelos seus servi\u00e7os banc\u00e1rios quanto pelas iniciativas em prol da educa\u00e7\u00e3o, o Trabalhe Conosco Ita\u00fa se faz presente.\" \/>\n<meta property=\"og:url\" content=\"https:\/\/www.vagadeempregorj.com.br\/ar\/trabalhe-conosco-itau\/\" \/>\n<meta property=\"article:publisher\" content=\"https:\/\/www.facebook.com\/empregobrasiloficial\" \/>\n<meta property=\"article:published_time\" content=\"2023-08-10T03:03:00+00:00\" \/>\n<meta property=\"og:image\" content=\"https:\/\/www.vagadeempregorj.com.br\/wp-content\/uploads\/2022\/03\/ITAU.jpg\" \/>\n\t<meta property=\"og:image:width\" content=\"1200\" \/>\n\t<meta property=\"og:image:height\" content=\"675\" \/>\n\t<meta property=\"og:image:type\" content=\"image\/jpeg\" \/>\n<meta name=\"author\" content=\"Ana B.\" \/>\n<meta name=\"twitter:card\" content=\"summary_large_image\" \/>\n<meta name=\"twitter:label1\" content=\"Written by\" \/>\n\t<meta name=\"twitter:data1\" content=\"Ana B.\" \/>\n\t<meta name=\"twitter:label2\" content=\"Est. reading time\" \/>\n\t<meta name=\"twitter:data2\" content=\"3 \u062f\u0642\u0627\u0626\u0642\" \/>\n<script type=\"application\/ld+json\" class=\"yoast-schema-graph\">{\"@context\":\"https:\\\/\\\/schema.org\",\"@graph\":[{\"@type\":\"Article\",\"@id\":\"https:\\\/\\\/www.vagadeempregorj.com.br\\\/trabalhe-conosco-itau\\\/#article\",\"isPartOf\":{\"@id\":\"https:\\\/\\\/www.vagadeempregorj.com.br\\\/trabalhe-conosco-itau\\\/\"},\"author\":{\"name\":\"Ana B.\",\"@id\":\"https:\\\/\\\/www.vagadeempregorj.com.br\\\/#\\\/schema\\\/person\\\/c0c38d5d765e86c3b7c8f12fb1ae6477\"},\"headline\":\"Marketing, Analistas, Gerentes e mais no Banco Ita\u00fa\",\"datePublished\":\"2023-08-10T03:03:00+00:00\",\"mainEntityOfPage\":{\"@id\":\"https:\\\/\\\/www.vagadeempregorj.com.br\\\/trabalhe-conosco-itau\\\/\"},\"wordCount\":412,\"image\":{\"@id\":\"https:\\\/\\\/www.vagadeempregorj.com.br\\\/trabalhe-conosco-itau\\\/#primaryimage\"},\"thumbnailUrl\":\"https:\\\/\\\/www.vagadeempregorj.com.br\\\/wp-content\\\/uploads\\\/2022\\\/03\\\/ITAU.jpg\",\"keywords\":[\"itau\",\"trabalhe conosco itau\",\"vaga de emprego\"],\"articleSection\":[\"Vagas de Emprego Nacionais\"],\"inLanguage\":\"ar\"},{\"@type\":\"WebPage\",\"@id\":\"https:\\\/\\\/www.vagadeempregorj.com.br\\\/trabalhe-conosco-itau\\\/\",\"url\":\"https:\\\/\\\/www.vagadeempregorj.com.br\\\/trabalhe-conosco-itau\\\/\",\"name\":\"Marketing, Analistas, Gerentes e mais no Banco Ita\u00fa -\",\"isPartOf\":{\"@id\":\"https:\\\/\\\/www.vagadeempregorj.com.br\\\/#website\"},\"primaryImageOfPage\":{\"@id\":\"https:\\\/\\\/www.vagadeempregorj.com.br\\\/trabalhe-conosco-itau\\\/#primaryimage\"},\"image\":{\"@id\":\"https:\\\/\\\/www.vagadeempregorj.com.br\\\/trabalhe-conosco-itau\\\/#primaryimage\"},\"thumbnailUrl\":\"https:\\\/\\\/www.vagadeempregorj.com.br\\\/wp-content\\\/uploads\\\/2022\\\/03\\\/ITAU.jpg\",\"datePublished\":\"2023-08-10T03:03:00+00:00\",\"author\":{\"@id\":\"https:\\\/\\\/www.vagadeempregorj.com.br\\\/#\\\/schema\\\/person\\\/c0c38d5d765e86c3b7c8f12fb1ae6477\"},\"description\":\"Conhecido tanto pelos seus servi\u00e7os banc\u00e1rios quanto pelas iniciativas em prol da educa\u00e7\u00e3o, o Trabalhe Conosco Ita\u00fa se faz presente.\",\"breadcrumb\":{\"@id\":\"https:\\\/\\\/www.vagadeempregorj.com.br\\\/trabalhe-conosco-itau\\\/#breadcrumb\"},\"inLanguage\":\"ar\",\"potentialAction\":[{\"@type\":\"ReadAction\",\"target\":[\"https:\\\/\\\/www.vagadeempregorj.com.br\\\/trabalhe-conosco-itau\\\/\"]}]},{\"@type\":\"ImageObject\",\"inLanguage\":\"ar\",\"@id\":\"https:\\\/\\\/www.vagadeempregorj.com.br\\\/trabalhe-conosco-itau\\\/#primaryimage\",\"url\":\"https:\\\/\\\/www.vagadeempregorj.com.br\\\/wp-content\\\/uploads\\\/2022\\\/03\\\/ITAU.jpg\",\"contentUrl\":\"https:\\\/\\\/www.vagadeempregorj.com.br\\\/wp-content\\\/uploads\\\/2022\\\/03\\\/ITAU.jpg\",\"width\":1200,\"height\":675,\"caption\":\"ITAU\"},{\"@type\":\"BreadcrumbList\",\"@id\":\"https:\\\/\\\/www.vagadeempregorj.com.br\\\/trabalhe-conosco-itau\\\/#breadcrumb\",\"itemListElement\":[{\"@type\":\"ListItem\",\"position\":1,\"name\":\"In\u00edcio\",\"item\":\"https:\\\/\\\/www.vagadeempregorj.com.br\\\/\"},{\"@type\":\"ListItem\",\"position\":2,\"name\":\"Vagas de Emprego Nacionais\",\"item\":\"https:\\\/\\\/www.vagadeempregorj.com.br\\\/vagas-de-emprego-nacionais\\\/\"},{\"@type\":\"ListItem\",\"position\":3,\"name\":\"Marketing, Analistas, Gerentes e mais no Banco Ita\u00fa\"}]},{\"@type\":\"WebSite\",\"@id\":\"https:\\\/\\\/www.vagadeempregorj.com.br\\\/#website\",\"url\":\"https:\\\/\\\/www.vagadeempregorj.com.br\\\/\",\"name\":\"\",\"description\":\"Conquiste Sonhos: Vagas, Benef\u00edcios e Economia para Transformar Vidas e Alcan\u00e7ar Melhorias Cotidianas\",\"potentialAction\":[{\"@type\":\"SearchAction\",\"target\":{\"@type\":\"EntryPoint\",\"urlTemplate\":\"https:\\\/\\\/www.vagadeempregorj.com.br\\\/?s={search_term_string}\"},\"query-input\":{\"@type\":\"PropertyValueSpecification\",\"valueRequired\":true,\"valueName\":\"search_term_string\"}}],\"inLanguage\":\"ar\"},{\"@type\":\"Person\",\"@id\":\"https:\\\/\\\/www.vagadeempregorj.com.br\\\/#\\\/schema\\\/person\\\/c0c38d5d765e86c3b7c8f12fb1ae6477\",\"name\":\"Ana B.\",\"image\":{\"@type\":\"ImageObject\",\"inLanguage\":\"ar\",\"@id\":\"https:\\\/\\\/secure.gravatar.com\\\/avatar\\\/f5efa58599e07f8dd92f26c7cfbc442fd115582bc681245452e503c2ef2334f3?s=96&r=g\",\"url\":\"https:\\\/\\\/secure.gravatar.com\\\/avatar\\\/f5efa58599e07f8dd92f26c7cfbc442fd115582bc681245452e503c2ef2334f3?s=96&r=g\",\"contentUrl\":\"https:\\\/\\\/secure.gravatar.com\\\/avatar\\\/f5efa58599e07f8dd92f26c7cfbc442fd115582bc681245452e503c2ef2334f3?s=96&r=g\",\"caption\":\"Ana B.\"},\"description\":\"Meu nome \u00e9 Ana e sou apaixonada em escrever. Dedico meu tempo escrevendo not\u00edcias e vagas de emprego diariamente no portal Vaga de Emprego RJ.\",\"url\":\"https:\\\/\\\/www.vagadeempregorj.com.br\\\/ar\\\/author\\\/vgrj\\\/\"}]}<\/script>\n<!-- \/ Yoast SEO plugin. -->","yoast_head_json":{"title":"Marketing, Analistas, Gerentes e mais no Banco Ita\u00fa -","description":"Conhecido tanto pelos seus servi\u00e7os banc\u00e1rios quanto pelas iniciativas em prol da educa\u00e7\u00e3o, o Trabalhe Conosco Ita\u00fa se faz presente.","robots":{"index":"index","follow":"follow","max-snippet":"max-snippet:-1","max-image-preview":"max-image-preview:large","max-video-preview":"max-video-preview:-1"},"canonical":"https:\/\/www.vagadeempregorj.com.br\/ar\/trabalhe-conosco-itau\/","og_locale":"ar_AR","og_type":"article","og_title":"Marketing, Analistas, Gerentes e mais no Banco Ita\u00fa -","og_description":"Conhecido tanto pelos seus servi\u00e7os banc\u00e1rios quanto pelas iniciativas em prol da educa\u00e7\u00e3o, o Trabalhe Conosco Ita\u00fa se faz presente.","og_url":"https:\/\/www.vagadeempregorj.com.br\/ar\/trabalhe-conosco-itau\/","article_publisher":"https:\/\/www.facebook.com\/empregobrasiloficial","article_published_time":"2023-08-10T03:03:00+00:00","og_image":[{"width":1200,"height":675,"url":"https:\/\/www.vagadeempregorj.com.br\/wp-content\/uploads\/2022\/03\/ITAU.jpg","type":"image\/jpeg"}],"author":"Ana B.","twitter_card":"summary_large_image","twitter_misc":{"Written by":"Ana B.","Est. reading time":"3 \u062f\u0642\u0627\u0626\u0642"},"schema":{"@context":"https:\/\/schema.org","@graph":[{"@type":"Article","@id":"https:\/\/www.vagadeempregorj.com.br\/trabalhe-conosco-itau\/#article","isPartOf":{"@id":"https:\/\/www.vagadeempregorj.com.br\/trabalhe-conosco-itau\/"},"author":{"name":"Ana B.","@id":"https:\/\/www.vagadeempregorj.com.br\/#\/schema\/person\/c0c38d5d765e86c3b7c8f12fb1ae6477"},"headline":"Marketing, Analistas, Gerentes e mais no Banco Ita\u00fa","datePublished":"2023-08-10T03:03:00+00:00","mainEntityOfPage":{"@id":"https:\/\/www.vagadeempregorj.com.br\/trabalhe-conosco-itau\/"},"wordCount":412,"image":{"@id":"https:\/\/www.vagadeempregorj.com.br\/trabalhe-conosco-itau\/#primaryimage"},"thumbnailUrl":"https:\/\/www.vagadeempregorj.com.br\/wp-content\/uploads\/2022\/03\/ITAU.jpg","keywords":["itau","trabalhe conosco itau","vaga de emprego"],"articleSection":["Vagas de Emprego Nacionais"],"inLanguage":"ar"},{"@type":"WebPage","@id":"https:\/\/www.vagadeempregorj.com.br\/trabalhe-conosco-itau\/","url":"https:\/\/www.vagadeempregorj.com.br\/trabalhe-conosco-itau\/","name":"Marketing, Analistas, Gerentes e mais no Banco Ita\u00fa -","isPartOf":{"@id":"https:\/\/www.vagadeempregorj.com.br\/#website"},"primaryImageOfPage":{"@id":"https:\/\/www.vagadeempregorj.com.br\/trabalhe-conosco-itau\/#primaryimage"},"image":{"@id":"https:\/\/www.vagadeempregorj.com.br\/trabalhe-conosco-itau\/#primaryimage"},"thumbnailUrl":"https:\/\/www.vagadeempregorj.com.br\/wp-content\/uploads\/2022\/03\/ITAU.jpg","datePublished":"2023-08-10T03:03:00+00:00","author":{"@id":"https:\/\/www.vagadeempregorj.com.br\/#\/schema\/person\/c0c38d5d765e86c3b7c8f12fb1ae6477"},"description":"Conhecido tanto pelos seus servi\u00e7os banc\u00e1rios quanto pelas iniciativas em prol da educa\u00e7\u00e3o, o Trabalhe Conosco Ita\u00fa se faz presente.","breadcrumb":{"@id":"https:\/\/www.vagadeempregorj.com.br\/trabalhe-conosco-itau\/#breadcrumb"},"inLanguage":"ar","potentialAction":[{"@type":"ReadAction","target":["https:\/\/www.vagadeempregorj.com.br\/trabalhe-conosco-itau\/"]}]},{"@type":"ImageObject","inLanguage":"ar","@id":"https:\/\/www.vagadeempregorj.com.br\/trabalhe-conosco-itau\/#primaryimage","url":"https:\/\/www.vagadeempregorj.com.br\/wp-content\/uploads\/2022\/03\/ITAU.jpg","contentUrl":"https:\/\/www.vagadeempregorj.com.br\/wp-content\/uploads\/2022\/03\/ITAU.jpg","width":1200,"height":675,"caption":"ITAU"},{"@type":"BreadcrumbList","@id":"https:\/\/www.vagadeempregorj.com.br\/trabalhe-conosco-itau\/#breadcrumb","itemListElement":[{"@type":"ListItem","position":1,"name":"In\u00edcio","item":"https:\/\/www.vagadeempregorj.com.br\/"},{"@type":"ListItem","position":2,"name":"Vagas de Emprego Nacionais","item":"https:\/\/www.vagadeempregorj.com.br\/vagas-de-emprego-nacionais\/"},{"@type":"ListItem","position":3,"name":"Marketing, Analistas, Gerentes e mais no Banco Ita\u00fa"}]},{"@type":"WebSite","@id":"https:\/\/www.vagadeempregorj.com.br\/#website","url":"https:\/\/www.vagadeempregorj.com.br\/","name":"","description":"Conquiste Sonhos: Vagas, Benef\u00edcios e Economia para Transformar Vidas e Alcan\u00e7ar Melhorias Cotidianas","potentialAction":[{"@type":"SearchAction","target":{"@type":"EntryPoint","urlTemplate":"https:\/\/www.vagadeempregorj.com.br\/?s={search_term_string}"},"query-input":{"@type":"PropertyValueSpecification","valueRequired":true,"valueName":"search_term_string"}}],"inLanguage":"ar"},{"@type":"Person","@id":"https:\/\/www.vagadeempregorj.com.br\/#\/schema\/person\/c0c38d5d765e86c3b7c8f12fb1ae6477","name":"Ana B.","image":{"@type":"ImageObject","inLanguage":"ar","@id":"https:\/\/secure.gravatar.com\/avatar\/f5efa58599e07f8dd92f26c7cfbc442fd115582bc681245452e503c2ef2334f3?s=96&r=g","url":"https:\/\/secure.gravatar.com\/avatar\/f5efa58599e07f8dd92f26c7cfbc442fd115582bc681245452e503c2ef2334f3?s=96&r=g","contentUrl":"https:\/\/secure.gravatar.com\/avatar\/f5efa58599e07f8dd92f26c7cfbc442fd115582bc681245452e503c2ef2334f3?s=96&r=g","caption":"Ana B."},"description":"Meu nome \u00e9 Ana e sou apaixonada em escrever. Dedico meu tempo escrevendo not\u00edcias e vagas de emprego diariamente no portal Vaga de Emprego RJ.","url":"https:\/\/www.vagadeempregorj.com.br\/ar\/author\/vgrj\/"}]}},"_links":{"self":[{"href":"https:\/\/www.vagadeempregorj.com.br\/ar\/wp-json\/wp\/v2\/posts\/25380","targetHints":{"allow":["GET"]}}],"collection":[{"href":"https:\/\/www.vagadeempregorj.com.br\/ar\/wp-json\/wp\/v2\/posts"}],"about":[{"href":"https:\/\/www.vagadeempregorj.com.br\/ar\/wp-json\/wp\/v2\/types\/post"}],"author":[{"embeddable":true,"href":"https:\/\/www.vagadeempregorj.com.br\/ar\/wp-json\/wp\/v2\/users\/1"}],"replies":[{"embeddable":true,"href":"https:\/\/www.vagadeempregorj.com.br\/ar\/wp-json\/wp\/v2\/comments?post=25380"}],"version-history":[{"count":0,"href":"https:\/\/www.vagadeempregorj.com.br\/ar\/wp-json\/wp\/v2\/posts\/25380\/revisions"}],"wp:featuredmedia":[{"embeddable":true,"href":"https:\/\/www.vagadeempregorj.com.br\/ar\/wp-json\/wp\/v2\/media\/25383"}],"wp:attachment":[{"href":"https:\/\/www.vagadeempregorj.com.br\/ar\/wp-json\/wp\/v2\/media?parent=25380"}],"wp:term":[{"taxonomy":"category","embeddable":true,"href":"https:\/\/www.vagadeempregorj.com.br\/ar\/wp-json\/wp\/v2\/categories?post=25380"},{"taxonomy":"post_tag","embeddable":true,"href":"https:\/\/www.vagadeempregorj.com.br\/ar\/wp-json\/wp\/v2\/tags?post=25380"}],"curies":[{"name":"wp","href":"https:\/\/api.w.org\/{rel}","templated":true}]}}