{"id":25546,"date":"2023-10-18T00:04:00","date_gmt":"2023-10-18T03:04:00","guid":{"rendered":"https:\/\/www.vagadeempregorj.com.br\/?p=25546"},"modified":"2023-10-17T11:04:19","modified_gmt":"2023-10-17T14:04:19","slug":"trabalhar-na-weg","status":"publish","type":"post","link":"https:\/\/www.vagadeempregorj.com.br\/ar\/trabalhar-na-weg\/","title":{"rendered":"Trabalhar na WEG, cadastre-se"},"content":{"rendered":"<p>Atualizado:<\/p>\n\n\n<div class=\"wp-block-post-date\"><time datetime=\"2023-10-18T00:04:00-03:00\">18\/10\/2023<\/time><\/div>\n\n\n<p>Entenda como trabalhar na WEG, empresa Certificada internacionalmente, que fornece participa\u00e7\u00e3o nos seus lucros.<\/p>\n\n\n\n<p>Portanto, milh\u00f5es de pessoas ao redor do mundo usam os motores criados pela WEG, embora possam n\u00e3o saber disso.<br><br>A empresa \u00e9 uma refer\u00eancia quando se trata da produ\u00e7\u00e3o de motores e \u00e9 parceira das mais variadas fabricantes.<br><br>Dessa maneira, inclusive quando se trata de equipamentos para ind\u00fastrias.<br><br>A saber, trabalhar na WEG \u00e9 uma porta e tanto aberta na carreira e h\u00e1 vagas para:<\/p>\n\n\n\n<ul class=\"wp-block-list\">\n<li>Engenheiros<\/li>\n\n\n\n<li>Fun\u00e7\u00f5es operacionais<\/li>\n\n\n\n<li>Est\u00e1gios variados<\/li>\n\n\n\n<li>Vagas t\u00e9cnicas<\/li>\n<\/ul>\n\n\n\n<p>Sendo assim, salienta-se que a empresa tamb\u00e9m tem como porta de entrada um curso que ela mesma oferece e que as pessoas que o realizam podem passar a trabalhar l\u00e1.<\/p>\n\n\n\n<p>Ent\u00e3o, os benef\u00edcios oferecidos pela WEG s\u00e3o: previd\u00eancia privada, plano odontol\u00f3gico, vale transporte, associa\u00e7\u00e3o recreativa, plano de sa\u00fade, ambulat\u00f3rio, refeit\u00f3rio e participa\u00e7\u00e3o nos lucros.<\/p>\n\n\n\n<div class=\"wp-block-buttons is-horizontal is-content-justification-center is-layout-flex wp-container-core-buttons-is-layout-499968f5 wp-block-buttons-is-layout-flex\">\n<div class=\"wp-block-button\"><a class=\"wp-block-button__link has-black-color has-text-color has-background wp-element-button\" href=\"https:\/\/www.vagadeempregorj.com.br\/ar\/enviando-seu-curriculo-rapidamente\/\" style=\"background:linear-gradient(2deg,rgb(255,134,50) 64%,rgb(255,197,71) 100%)\"><strong>VEJA COMO SE CANDIDATAR<\/strong><\/a><\/div>\n<\/div>\n\n\n\n<h2 class=\"wp-block-heading\"><strong>Como trabalhar na WEG<\/strong><\/h2>\n\n\n\n<p>Dessa maneira, as pessoas que quiserem fazer parte da WG em 2022 precisam preparar o cadastro do seu curr\u00edculo no site Trabalhe Conosco: <a href=\"https:\/\/www.weg.net\/institutional\/BR\/pt\/career\">https:\/\/www.weg.net\/institutional\/BR\/pt\/career<\/a><\/p>\n\n\n\n<p>Ser\u00e1 poss\u00edvel ver diversos setores com vagas na empresa, como o de Engenharia, e bastar\u00e1 clicar para ver as localidades de processos seletivos.<\/p>\n\n\n\n<p>Assim tamb\u00e9m, h\u00e1 sites de emprego que tamb\u00e9m podem divulgar vagas da WEG, como o Indeed.<\/p>\n\n\n\n<p>Dessa forma, n\u00e3o h\u00e1 problema em mandar o curr\u00edculo por l\u00e1 e pelo Trabalhe Conosco oficial: isso s\u00f3 aumenta as chances.<\/p>\n\n\n\n<p>Contudo, a WEG pode ainda receber os curr\u00edculos pessoalmente.<\/p>\n\n\n\n<h2 class=\"wp-block-heading\"><strong>Conhe\u00e7a um pouco mais sobre a WEG<\/strong><\/h2>\n\n\n\n<p>Primeiramente, criada em 1961, ela tem motores para os mais variados setores:<\/p>\n\n\n\n<ul class=\"wp-block-list\">\n<li>Energia<\/li>\n\n\n\n<li>Minera\u00e7\u00e3o<\/li>\n\n\n\n<li>Agroneg\u00f3cio<\/li>\n\n\n\n<li>a\u00e7\u00facar e etanol<\/li>\n\n\n\n<li>energia solar<\/li>\n\n\n\n<li>constru\u00e7\u00e3o civil<\/li>\n\n\n\n<li>\u00e1gua<\/li>\n\n\n\n<li>\u00f3leo e g\u00e1s<\/li>\n\n\n\n<li>mobilidade el\u00e9trica<\/li>\n\n\n\n<li>alimentos e bebidas<\/li>\n\n\n\n<li>siderurgia<\/li>\n\n\n\n<li>papel e celulose<\/li>\n\n\n\n<li>naval<\/li>\n\n\n\n<li>smart grid<\/li>\n\n\n\n<li>efici\u00eancia energ\u00e9tica.<\/li>\n<\/ul>\n\n\n\n<p>Dessa forma, a empresa mant\u00e9m uma enorme rede de suporte t\u00e9cnico, sem contar a dedica\u00e7\u00e3o dos seus colaboradores ao setor de inova\u00e7\u00e3o.<\/p>\n\n\n\n<p>Entretanto, considerando que descobrir m\u00e9todos e tecnologias novas \u00e9 crucial para a qualidade dos equipamentos que ela fabrica.<\/p>\n\n\n\n<p>Enfim, isso reflete nas certifica\u00e7\u00f5es que a WEG recebeu pelo seu trabalho, como Hidr\u00e1ulica Industrial S\/A Ind\u00fastria e Com\u00e9rcio (HISA) e WEG Industries (INDIA) Private Limited.<\/p>\n\n\n\n<p>Contudo, a empresa faz a exporta\u00e7\u00e3o de muitos dos equipamentos que desenvolve, como motores s\u00edncronos e os monof\u00e1sicos.<\/p>\n\n\n\n<div class=\"wp-block-buttons is-horizontal is-content-justification-center is-layout-flex wp-container-core-buttons-is-layout-499968f5 wp-block-buttons-is-layout-flex\">\n<div class=\"wp-block-button\"><a class=\"wp-block-button__link has-black-color has-text-color has-background wp-element-button\" href=\"https:\/\/www.vagadeempregorj.com.br\/ar\/vagas-de-emprego\/rio-de-janeiro\/\" style=\"border-radius:29px;background:linear-gradient(2deg,rgb(255,134,50) 60%,rgb(255,197,71) 100%)\"><strong>VEJA NOVAS VAGAS PARA SE CANDIDATAR<\/strong><\/a><\/div>\n<\/div>","protected":false},"excerpt":{"rendered":"<p>Entenda como trabalhar na WEB, empresa Certificada internacionalmente, que fornece participa\u00e7\u00e3o nos seus lucros.<\/p>","protected":false},"author":1,"featured_media":25550,"comment_status":"closed","ping_status":"closed","sticky":false,"template":"","format":"standard","meta":{"neve_meta_sidebar":"","neve_meta_container":"","neve_meta_enable_content_width":"","neve_meta_content_width":0,"neve_meta_title_alignment":"","neve_meta_author_avatar":"","neve_post_elements_order":"","neve_meta_disable_header":"","neve_meta_disable_footer":"","neve_meta_disable_title":"","footnotes":""},"categories":[123],"tags":[185,183,184],"class_list":["post-25546","post","type-post","status-publish","format-standard","has-post-thumbnail","hentry","category-vagas-de-emprego-nacionais","tag-trabalhar-na-weg","tag-vaga-de-emprego-weg","tag-weg"],"yoast_head":"<!-- This site is optimized with the Yoast SEO plugin v27.5 - https:\/\/yoast.com\/product\/yoast-seo-wordpress\/ -->\n<title>Trabalhar na WEG, cadastre-se -<\/title>\n<meta name=\"description\" content=\"Entenda como trabalhar na WEB, empresa Certificada internacionalmente, que fornece participa\u00e7\u00e3o nos seus lucros.\" \/>\n<meta name=\"robots\" content=\"index, follow, max-snippet:-1, max-image-preview:large, max-video-preview:-1\" \/>\n<link rel=\"canonical\" href=\"https:\/\/www.vagadeempregorj.com.br\/ar\/trabalhar-na-weg\/\" \/>\n<meta property=\"og:locale\" content=\"ar_AR\" \/>\n<meta property=\"og:type\" content=\"article\" \/>\n<meta property=\"og:title\" content=\"Trabalhar na WEG, cadastre-se -\" \/>\n<meta property=\"og:description\" content=\"Entenda como trabalhar na WEB, empresa Certificada internacionalmente, que fornece participa\u00e7\u00e3o nos seus lucros.\" \/>\n<meta property=\"og:url\" content=\"https:\/\/www.vagadeempregorj.com.br\/ar\/trabalhar-na-weg\/\" \/>\n<meta property=\"article:publisher\" content=\"https:\/\/www.facebook.com\/empregobrasiloficial\" \/>\n<meta property=\"article:published_time\" content=\"2023-10-18T03:04:00+00:00\" \/>\n<meta property=\"og:image\" content=\"https:\/\/www.vagadeempregorj.com.br\/wp-content\/uploads\/2022\/03\/WEG.jpg\" \/>\n\t<meta property=\"og:image:width\" content=\"1200\" \/>\n\t<meta property=\"og:image:height\" content=\"675\" \/>\n\t<meta property=\"og:image:type\" content=\"image\/jpeg\" \/>\n<meta name=\"author\" content=\"Ana B.\" \/>\n<meta name=\"twitter:card\" content=\"summary_large_image\" \/>\n<meta name=\"twitter:label1\" content=\"Written by\" \/>\n\t<meta name=\"twitter:data1\" content=\"Ana B.\" \/>\n\t<meta name=\"twitter:label2\" content=\"Est. reading time\" \/>\n\t<meta name=\"twitter:data2\" content=\"3 \u062f\u0642\u0627\u0626\u0642\" \/>\n<script type=\"application\/ld+json\" class=\"yoast-schema-graph\">{\"@context\":\"https:\\\/\\\/schema.org\",\"@graph\":[{\"@type\":\"Article\",\"@id\":\"https:\\\/\\\/www.vagadeempregorj.com.br\\\/trabalhar-na-weg\\\/#article\",\"isPartOf\":{\"@id\":\"https:\\\/\\\/www.vagadeempregorj.com.br\\\/trabalhar-na-weg\\\/\"},\"author\":{\"name\":\"Ana B.\",\"@id\":\"https:\\\/\\\/www.vagadeempregorj.com.br\\\/#\\\/schema\\\/person\\\/c0c38d5d765e86c3b7c8f12fb1ae6477\"},\"headline\":\"Trabalhar na WEG, cadastre-se\",\"datePublished\":\"2023-10-18T03:04:00+00:00\",\"mainEntityOfPage\":{\"@id\":\"https:\\\/\\\/www.vagadeempregorj.com.br\\\/trabalhar-na-weg\\\/\"},\"wordCount\":433,\"image\":{\"@id\":\"https:\\\/\\\/www.vagadeempregorj.com.br\\\/trabalhar-na-weg\\\/#primaryimage\"},\"thumbnailUrl\":\"https:\\\/\\\/www.vagadeempregorj.com.br\\\/wp-content\\\/uploads\\\/2022\\\/03\\\/WEG.jpg\",\"keywords\":[\"trabalhar na WEG\",\"vaga de emprego WEG\",\"WEG\"],\"articleSection\":[\"Vagas de Emprego Nacionais\"],\"inLanguage\":\"ar\"},{\"@type\":\"WebPage\",\"@id\":\"https:\\\/\\\/www.vagadeempregorj.com.br\\\/trabalhar-na-weg\\\/\",\"url\":\"https:\\\/\\\/www.vagadeempregorj.com.br\\\/trabalhar-na-weg\\\/\",\"name\":\"Trabalhar na WEG, cadastre-se -\",\"isPartOf\":{\"@id\":\"https:\\\/\\\/www.vagadeempregorj.com.br\\\/#website\"},\"primaryImageOfPage\":{\"@id\":\"https:\\\/\\\/www.vagadeempregorj.com.br\\\/trabalhar-na-weg\\\/#primaryimage\"},\"image\":{\"@id\":\"https:\\\/\\\/www.vagadeempregorj.com.br\\\/trabalhar-na-weg\\\/#primaryimage\"},\"thumbnailUrl\":\"https:\\\/\\\/www.vagadeempregorj.com.br\\\/wp-content\\\/uploads\\\/2022\\\/03\\\/WEG.jpg\",\"datePublished\":\"2023-10-18T03:04:00+00:00\",\"author\":{\"@id\":\"https:\\\/\\\/www.vagadeempregorj.com.br\\\/#\\\/schema\\\/person\\\/c0c38d5d765e86c3b7c8f12fb1ae6477\"},\"description\":\"Entenda como trabalhar na WEB, empresa Certificada internacionalmente, que fornece participa\u00e7\u00e3o nos seus lucros.\",\"breadcrumb\":{\"@id\":\"https:\\\/\\\/www.vagadeempregorj.com.br\\\/trabalhar-na-weg\\\/#breadcrumb\"},\"inLanguage\":\"ar\",\"potentialAction\":[{\"@type\":\"ReadAction\",\"target\":[\"https:\\\/\\\/www.vagadeempregorj.com.br\\\/trabalhar-na-weg\\\/\"]}]},{\"@type\":\"ImageObject\",\"inLanguage\":\"ar\",\"@id\":\"https:\\\/\\\/www.vagadeempregorj.com.br\\\/trabalhar-na-weg\\\/#primaryimage\",\"url\":\"https:\\\/\\\/www.vagadeempregorj.com.br\\\/wp-content\\\/uploads\\\/2022\\\/03\\\/WEG.jpg\",\"contentUrl\":\"https:\\\/\\\/www.vagadeempregorj.com.br\\\/wp-content\\\/uploads\\\/2022\\\/03\\\/WEG.jpg\",\"width\":1200,\"height\":675,\"caption\":\"WEG\"},{\"@type\":\"BreadcrumbList\",\"@id\":\"https:\\\/\\\/www.vagadeempregorj.com.br\\\/trabalhar-na-weg\\\/#breadcrumb\",\"itemListElement\":[{\"@type\":\"ListItem\",\"position\":1,\"name\":\"In\u00edcio\",\"item\":\"https:\\\/\\\/www.vagadeempregorj.com.br\\\/\"},{\"@type\":\"ListItem\",\"position\":2,\"name\":\"Vagas de Emprego Nacionais\",\"item\":\"https:\\\/\\\/www.vagadeempregorj.com.br\\\/vagas-de-emprego-nacionais\\\/\"},{\"@type\":\"ListItem\",\"position\":3,\"name\":\"Trabalhar na WEG, cadastre-se\"}]},{\"@type\":\"WebSite\",\"@id\":\"https:\\\/\\\/www.vagadeempregorj.com.br\\\/#website\",\"url\":\"https:\\\/\\\/www.vagadeempregorj.com.br\\\/\",\"name\":\"\",\"description\":\"Conquiste Sonhos: Vagas, Benef\u00edcios e Economia para Transformar Vidas e Alcan\u00e7ar Melhorias Cotidianas\",\"potentialAction\":[{\"@type\":\"SearchAction\",\"target\":{\"@type\":\"EntryPoint\",\"urlTemplate\":\"https:\\\/\\\/www.vagadeempregorj.com.br\\\/?s={search_term_string}\"},\"query-input\":{\"@type\":\"PropertyValueSpecification\",\"valueRequired\":true,\"valueName\":\"search_term_string\"}}],\"inLanguage\":\"ar\"},{\"@type\":\"Person\",\"@id\":\"https:\\\/\\\/www.vagadeempregorj.com.br\\\/#\\\/schema\\\/person\\\/c0c38d5d765e86c3b7c8f12fb1ae6477\",\"name\":\"Ana B.\",\"image\":{\"@type\":\"ImageObject\",\"inLanguage\":\"ar\",\"@id\":\"https:\\\/\\\/secure.gravatar.com\\\/avatar\\\/f5efa58599e07f8dd92f26c7cfbc442fd115582bc681245452e503c2ef2334f3?s=96&r=g\",\"url\":\"https:\\\/\\\/secure.gravatar.com\\\/avatar\\\/f5efa58599e07f8dd92f26c7cfbc442fd115582bc681245452e503c2ef2334f3?s=96&r=g\",\"contentUrl\":\"https:\\\/\\\/secure.gravatar.com\\\/avatar\\\/f5efa58599e07f8dd92f26c7cfbc442fd115582bc681245452e503c2ef2334f3?s=96&r=g\",\"caption\":\"Ana B.\"},\"description\":\"Meu nome \u00e9 Ana e sou apaixonada em escrever. Dedico meu tempo escrevendo not\u00edcias e vagas de emprego diariamente no portal Vaga de Emprego RJ.\",\"url\":\"https:\\\/\\\/www.vagadeempregorj.com.br\\\/ar\\\/author\\\/vgrj\\\/\"}]}<\/script>\n<!-- \/ Yoast SEO plugin. -->","yoast_head_json":{"title":"Trabalhar na WEG, cadastre-se -","description":"Entenda como trabalhar na WEB, empresa Certificada internacionalmente, que fornece participa\u00e7\u00e3o nos seus lucros.","robots":{"index":"index","follow":"follow","max-snippet":"max-snippet:-1","max-image-preview":"max-image-preview:large","max-video-preview":"max-video-preview:-1"},"canonical":"https:\/\/www.vagadeempregorj.com.br\/ar\/trabalhar-na-weg\/","og_locale":"ar_AR","og_type":"article","og_title":"Trabalhar na WEG, cadastre-se -","og_description":"Entenda como trabalhar na WEB, empresa Certificada internacionalmente, que fornece participa\u00e7\u00e3o nos seus lucros.","og_url":"https:\/\/www.vagadeempregorj.com.br\/ar\/trabalhar-na-weg\/","article_publisher":"https:\/\/www.facebook.com\/empregobrasiloficial","article_published_time":"2023-10-18T03:04:00+00:00","og_image":[{"width":1200,"height":675,"url":"https:\/\/www.vagadeempregorj.com.br\/wp-content\/uploads\/2022\/03\/WEG.jpg","type":"image\/jpeg"}],"author":"Ana B.","twitter_card":"summary_large_image","twitter_misc":{"Written by":"Ana B.","Est. reading time":"3 \u062f\u0642\u0627\u0626\u0642"},"schema":{"@context":"https:\/\/schema.org","@graph":[{"@type":"Article","@id":"https:\/\/www.vagadeempregorj.com.br\/trabalhar-na-weg\/#article","isPartOf":{"@id":"https:\/\/www.vagadeempregorj.com.br\/trabalhar-na-weg\/"},"author":{"name":"Ana B.","@id":"https:\/\/www.vagadeempregorj.com.br\/#\/schema\/person\/c0c38d5d765e86c3b7c8f12fb1ae6477"},"headline":"Trabalhar na WEG, cadastre-se","datePublished":"2023-10-18T03:04:00+00:00","mainEntityOfPage":{"@id":"https:\/\/www.vagadeempregorj.com.br\/trabalhar-na-weg\/"},"wordCount":433,"image":{"@id":"https:\/\/www.vagadeempregorj.com.br\/trabalhar-na-weg\/#primaryimage"},"thumbnailUrl":"https:\/\/www.vagadeempregorj.com.br\/wp-content\/uploads\/2022\/03\/WEG.jpg","keywords":["trabalhar na WEG","vaga de emprego WEG","WEG"],"articleSection":["Vagas de Emprego Nacionais"],"inLanguage":"ar"},{"@type":"WebPage","@id":"https:\/\/www.vagadeempregorj.com.br\/trabalhar-na-weg\/","url":"https:\/\/www.vagadeempregorj.com.br\/trabalhar-na-weg\/","name":"Trabalhar na WEG, cadastre-se -","isPartOf":{"@id":"https:\/\/www.vagadeempregorj.com.br\/#website"},"primaryImageOfPage":{"@id":"https:\/\/www.vagadeempregorj.com.br\/trabalhar-na-weg\/#primaryimage"},"image":{"@id":"https:\/\/www.vagadeempregorj.com.br\/trabalhar-na-weg\/#primaryimage"},"thumbnailUrl":"https:\/\/www.vagadeempregorj.com.br\/wp-content\/uploads\/2022\/03\/WEG.jpg","datePublished":"2023-10-18T03:04:00+00:00","author":{"@id":"https:\/\/www.vagadeempregorj.com.br\/#\/schema\/person\/c0c38d5d765e86c3b7c8f12fb1ae6477"},"description":"Entenda como trabalhar na WEB, empresa Certificada internacionalmente, que fornece participa\u00e7\u00e3o nos seus lucros.","breadcrumb":{"@id":"https:\/\/www.vagadeempregorj.com.br\/trabalhar-na-weg\/#breadcrumb"},"inLanguage":"ar","potentialAction":[{"@type":"ReadAction","target":["https:\/\/www.vagadeempregorj.com.br\/trabalhar-na-weg\/"]}]},{"@type":"ImageObject","inLanguage":"ar","@id":"https:\/\/www.vagadeempregorj.com.br\/trabalhar-na-weg\/#primaryimage","url":"https:\/\/www.vagadeempregorj.com.br\/wp-content\/uploads\/2022\/03\/WEG.jpg","contentUrl":"https:\/\/www.vagadeempregorj.com.br\/wp-content\/uploads\/2022\/03\/WEG.jpg","width":1200,"height":675,"caption":"WEG"},{"@type":"BreadcrumbList","@id":"https:\/\/www.vagadeempregorj.com.br\/trabalhar-na-weg\/#breadcrumb","itemListElement":[{"@type":"ListItem","position":1,"name":"In\u00edcio","item":"https:\/\/www.vagadeempregorj.com.br\/"},{"@type":"ListItem","position":2,"name":"Vagas de Emprego Nacionais","item":"https:\/\/www.vagadeempregorj.com.br\/vagas-de-emprego-nacionais\/"},{"@type":"ListItem","position":3,"name":"Trabalhar na WEG, cadastre-se"}]},{"@type":"WebSite","@id":"https:\/\/www.vagadeempregorj.com.br\/#website","url":"https:\/\/www.vagadeempregorj.com.br\/","name":"","description":"Conquiste Sonhos: Vagas, Benef\u00edcios e Economia para Transformar Vidas e Alcan\u00e7ar Melhorias Cotidianas","potentialAction":[{"@type":"SearchAction","target":{"@type":"EntryPoint","urlTemplate":"https:\/\/www.vagadeempregorj.com.br\/?s={search_term_string}"},"query-input":{"@type":"PropertyValueSpecification","valueRequired":true,"valueName":"search_term_string"}}],"inLanguage":"ar"},{"@type":"Person","@id":"https:\/\/www.vagadeempregorj.com.br\/#\/schema\/person\/c0c38d5d765e86c3b7c8f12fb1ae6477","name":"Ana B.","image":{"@type":"ImageObject","inLanguage":"ar","@id":"https:\/\/secure.gravatar.com\/avatar\/f5efa58599e07f8dd92f26c7cfbc442fd115582bc681245452e503c2ef2334f3?s=96&r=g","url":"https:\/\/secure.gravatar.com\/avatar\/f5efa58599e07f8dd92f26c7cfbc442fd115582bc681245452e503c2ef2334f3?s=96&r=g","contentUrl":"https:\/\/secure.gravatar.com\/avatar\/f5efa58599e07f8dd92f26c7cfbc442fd115582bc681245452e503c2ef2334f3?s=96&r=g","caption":"Ana B."},"description":"Meu nome \u00e9 Ana e sou apaixonada em escrever. Dedico meu tempo escrevendo not\u00edcias e vagas de emprego diariamente no portal Vaga de Emprego RJ.","url":"https:\/\/www.vagadeempregorj.com.br\/ar\/author\/vgrj\/"}]}},"_links":{"self":[{"href":"https:\/\/www.vagadeempregorj.com.br\/ar\/wp-json\/wp\/v2\/posts\/25546","targetHints":{"allow":["GET"]}}],"collection":[{"href":"https:\/\/www.vagadeempregorj.com.br\/ar\/wp-json\/wp\/v2\/posts"}],"about":[{"href":"https:\/\/www.vagadeempregorj.com.br\/ar\/wp-json\/wp\/v2\/types\/post"}],"author":[{"embeddable":true,"href":"https:\/\/www.vagadeempregorj.com.br\/ar\/wp-json\/wp\/v2\/users\/1"}],"replies":[{"embeddable":true,"href":"https:\/\/www.vagadeempregorj.com.br\/ar\/wp-json\/wp\/v2\/comments?post=25546"}],"version-history":[{"count":0,"href":"https:\/\/www.vagadeempregorj.com.br\/ar\/wp-json\/wp\/v2\/posts\/25546\/revisions"}],"wp:featuredmedia":[{"embeddable":true,"href":"https:\/\/www.vagadeempregorj.com.br\/ar\/wp-json\/wp\/v2\/media\/25550"}],"wp:attachment":[{"href":"https:\/\/www.vagadeempregorj.com.br\/ar\/wp-json\/wp\/v2\/media?parent=25546"}],"wp:term":[{"taxonomy":"category","embeddable":true,"href":"https:\/\/www.vagadeempregorj.com.br\/ar\/wp-json\/wp\/v2\/categories?post=25546"},{"taxonomy":"post_tag","embeddable":true,"href":"https:\/\/www.vagadeempregorj.com.br\/ar\/wp-json\/wp\/v2\/tags?post=25546"}],"curies":[{"name":"wp","href":"https:\/\/api.w.org\/{rel}","templated":true}]}}