{"id":25631,"date":"2023-09-13T00:05:00","date_gmt":"2023-09-13T03:05:00","guid":{"rendered":"https:\/\/www.vagadeempregorj.com.br\/?p=25631"},"modified":"2023-09-11T09:49:03","modified_gmt":"2023-09-11T12:49:03","slug":"trabalhe-na-marfrig","status":"publish","type":"post","link":"https:\/\/www.vagadeempregorj.com.br\/ar\/trabalhe-na-marfrig\/","title":{"rendered":"Auxiliar de Cozinha, Operador de Caldeira, Jovem Aprendiz e muito mais na Empresa Marfrig"},"content":{"rendered":"<p>Atualizado em<\/p>\n\n\n<div class=\"wp-block-post-date\"><time datetime=\"2023-09-13T00:05:00-03:00\">13\/09\/2023<\/time><\/div>\n\n\n<p>Trabalhe na Marfrig, a empresa que fornece carne para pa\u00edses de v\u00e1rios continentes, com diversas iniciativas sustent\u00e1veis.<\/p>\n\n\n\n<p>Primeiramente, como uma grande representante do setor aliment\u00edcio, a Marfrig tem unidades internacionais e j\u00e1 bateu os 30 mil funcion\u00e1rios, algo muito representativo para qualquer empresa.<br><br>Entretanto, quem quiser trabalhar l\u00e1 pode se candidatar a uma das oportunidades dispon\u00edveis neste momento, que s\u00e3o:<\/p>\n\n\n\n<ul class=\"wp-block-list\">\n<li>Operador de caldeira<\/li>\n\n\n\n<li>Jovem aprendiz<\/li>\n\n\n\n<li>Auxiliar operacional<\/li>\n\n\n\n<li>Mec\u00e2nico industrial<\/li>\n\n\n\n<li>Magarefe<\/li>\n\n\n\n<li>Auxiliar de cozinha<\/li>\n\n\n\n<li>Tratorista<\/li>\n\n\n\n<li>Desossador<\/li>\n\n\n\n<li>Eletricistas<\/li>\n\n\n\n<li>Operador de sala de m\u00e1quinas<\/li>\n\n\n\n<li>Instrumentista<\/li>\n\n\n\n<li>Refilador<\/li>\n\n\n\n<li>E outros<\/li>\n<\/ul>\n\n\n\n<p>Dessa maneira, os benef\u00edcios garantidos pela Marfrig aos seus funcion\u00e1rios s\u00e3o: cesta b\u00e1sica, restaurante, seguro de vida e aux\u00edlio fretado.<\/p>\n\n\n\n<div class=\"wp-block-buttons is-horizontal is-content-justification-center is-layout-flex wp-container-core-buttons-is-layout-499968f5 wp-block-buttons-is-layout-flex\">\n<div class=\"wp-block-button\"><a class=\"wp-block-button__link has-black-color has-text-color has-background wp-element-button\" href=\"https:\/\/www.vagadeempregorj.com.br\/ar\/enviando-seu-curriculo-rapidamente\/\" style=\"background:linear-gradient(2deg,rgb(255,134,50) 64%,rgb(255,197,71) 100%)\"><strong>VEJA COMO SE CANDIDATAR<\/strong><\/a><\/div>\n<\/div>\n\n\n\n<h2 class=\"wp-block-heading\"><strong>Trabalhe na Marfrig, veja como se inscrever<\/strong><\/h2>\n\n\n\n<p>Assim sendo, para fazer parte do time da Marfrig, \u00e9 necess\u00e1rio cadastrar o curr\u00edculo para a vaga de interesse.<\/p>\n\n\n\n<p>A saber, isso pode ser feito facilmente clicando em <mark style=\"background-color:rgba(0, 0, 0, 0)\" class=\"has-inline-color has-vivid-cyan-blue-color\"><a href=\"https:\/\/trabalheconosco.vagas.com.br\/marfrig\/oportunidades\">https:\/\/trabalheconosco.vagas.com.br\/marfrig\/oportunidades<\/a> <\/mark>e passando as p\u00e1ginas para ver a totalidade de vagas abertas.<\/p>\n\n\n\n<p>Desse modo, quem quiser ser mais r\u00e1pido tamb\u00e9m pode usar os filtros da parte de cima do site e localizar a oportunidade que procura.<\/p>\n\n\n\n<p>Em suma, no canto superior direito, \u00e9 poss\u00edvel acessar o curr\u00edculo cadastrado e fazer todo tipo de modifica\u00e7\u00e3o, como incluir experi\u00eancias, mudar a foto e muito mais.<\/p>\n\n\n\n<p>Contudo, \u00e9 preciso ter em mente algumas coisas que a Marfrig valoriza no funcion\u00e1rio e, claro, que procura durante o processo seletivo:<\/p>\n\n\n\n<ul class=\"wp-block-list\">\n<li>Respeito<\/li>\n\n\n\n<li>Simplicidade<\/li>\n\n\n\n<li>Empreendedorismo<\/li>\n\n\n\n<li>Foco no cliente<\/li>\n\n\n\n<li>Transpar\u00eancia<\/li>\n\n\n\n<li>Excel\u00eancia<\/li>\n<\/ul>\n\n\n\n<h2 class=\"wp-block-heading\"><strong>Descubra um pouco sobre a Marfrig<\/strong><\/h2>\n\n\n\n<p>Tendo destaque no mercado de corte de carnes, a empresa tem marcas pr\u00f3prias e est\u00e1 presente na Europa, na Am\u00e9rica e em pa\u00edses asi\u00e1ticos.<\/p>\n\n\n\n<p>Portanto, diariamente, a empresa consegue produzir nada menos que 222.000 toneladas de um produto que milh\u00f5es de pessoas consomem: o hamb\u00farguer.<\/p>\n\n\n\n<p>Essa \u00e9 apenas uma demonstra\u00e7\u00e3o do quanto as instala\u00e7\u00f5es da Marfrig podem produzir e de como ela \u00e9 grande no setor aliment\u00edcio.<\/p>\n\n\n\n<p>Entretanto, no Brasil, por exemplo, as opera\u00e7\u00f5es da empresa s\u00e3o diversificadas e h\u00e1 at\u00e9 marcas para animais de estima\u00e7\u00e3o, como a Bona Pet.<\/p>\n\n\n\n<p>Contudo, nos Estados Unidos, por outro lado, o foco \u00e9 sempre a carne, com destaque para produtos de churrasco.<\/p>\n\n\n\n<p>A atua\u00e7\u00e3o da Marfrig no mercado internacional trouxe v\u00e1rios pr\u00eamios, como Valor 1.000, Science Based Target, FAIRR, \u00cdndice de Sustentabilidade Empresarial e mais.<\/p>\n\n\n\n<div class=\"wp-block-buttons is-horizontal is-content-justification-center is-layout-flex wp-container-core-buttons-is-layout-499968f5 wp-block-buttons-is-layout-flex\">\n<div class=\"wp-block-button\"><a class=\"wp-block-button__link has-black-color has-text-color has-background wp-element-button\" href=\"https:\/\/www.vagadeempregorj.com.br\/ar\/vagas-de-emprego\/rio-de-janeiro\/\" style=\"border-radius:29px;background:linear-gradient(2deg,rgb(255,134,50) 60%,rgb(255,197,71) 100%)\"><strong>VEJA NOVAS VAGAS PARA SE CANDIDATAR<\/strong><\/a><\/div>\n<\/div>","protected":false},"excerpt":{"rendered":"<p>Trabalhe na Marfrig, a empresa que fornece carne para pa\u00edses de v\u00e1rios continentes, com diversas iniciativas sustent\u00e1veis.<\/p>","protected":false},"author":1,"featured_media":25632,"comment_status":"closed","ping_status":"closed","sticky":false,"template":"","format":"standard","meta":{"neve_meta_sidebar":"","neve_meta_container":"","neve_meta_enable_content_width":"","neve_meta_content_width":0,"neve_meta_title_alignment":"","neve_meta_author_avatar":"","neve_post_elements_order":"","neve_meta_disable_header":"","neve_meta_disable_footer":"","neve_meta_disable_title":"","footnotes":""},"categories":[123],"tags":[188,189,147],"class_list":["post-25631","post","type-post","status-publish","format-standard","has-post-thumbnail","hentry","category-vagas-de-emprego-nacionais","tag-marfrig","tag-trabalhe-marfrig","tag-vaga-de-emprego"],"yoast_head":"<!-- This site is optimized with the Yoast SEO plugin v27.5 - https:\/\/yoast.com\/product\/yoast-seo-wordpress\/ -->\n<title>Auxiliar de Cozinha, Operador de Caldeira, Jovem Aprendiz e muito mais na Empresa Marfrig -<\/title>\n<meta name=\"description\" content=\"Trabalhe na Marfrig, a empresa que fornece carne para pa\u00edses de v\u00e1rios continentes, com diversas iniciativas sustent\u00e1veis.\" \/>\n<meta name=\"robots\" content=\"index, follow, max-snippet:-1, max-image-preview:large, max-video-preview:-1\" \/>\n<link rel=\"canonical\" href=\"https:\/\/www.vagadeempregorj.com.br\/ar\/trabalhe-na-marfrig\/\" \/>\n<meta property=\"og:locale\" content=\"ar_AR\" \/>\n<meta property=\"og:type\" content=\"article\" \/>\n<meta property=\"og:title\" content=\"Auxiliar de Cozinha, Operador de Caldeira, Jovem Aprendiz e muito mais na Empresa Marfrig -\" \/>\n<meta property=\"og:description\" content=\"Trabalhe na Marfrig, a empresa que fornece carne para pa\u00edses de v\u00e1rios continentes, com diversas iniciativas sustent\u00e1veis.\" \/>\n<meta property=\"og:url\" content=\"https:\/\/www.vagadeempregorj.com.br\/ar\/trabalhe-na-marfrig\/\" \/>\n<meta property=\"article:publisher\" content=\"https:\/\/www.facebook.com\/empregobrasiloficial\" \/>\n<meta property=\"article:published_time\" content=\"2023-09-13T03:05:00+00:00\" \/>\n<meta property=\"og:image\" content=\"https:\/\/www.vagadeempregorj.com.br\/wp-content\/uploads\/2022\/03\/MARFRIG.jpg\" \/>\n\t<meta property=\"og:image:width\" content=\"1200\" \/>\n\t<meta property=\"og:image:height\" content=\"675\" \/>\n\t<meta property=\"og:image:type\" content=\"image\/jpeg\" \/>\n<meta name=\"author\" content=\"Ana B.\" \/>\n<meta name=\"twitter:card\" content=\"summary_large_image\" \/>\n<meta name=\"twitter:label1\" content=\"Written by\" \/>\n\t<meta name=\"twitter:data1\" content=\"Ana B.\" \/>\n\t<meta name=\"twitter:label2\" content=\"Est. reading time\" \/>\n\t<meta name=\"twitter:data2\" content=\"3 \u062f\u0642\u0627\u0626\u0642\" \/>\n<script type=\"application\/ld+json\" class=\"yoast-schema-graph\">{\"@context\":\"https:\\\/\\\/schema.org\",\"@graph\":[{\"@type\":\"Article\",\"@id\":\"https:\\\/\\\/www.vagadeempregorj.com.br\\\/trabalhe-na-marfrig\\\/#article\",\"isPartOf\":{\"@id\":\"https:\\\/\\\/www.vagadeempregorj.com.br\\\/trabalhe-na-marfrig\\\/\"},\"author\":{\"name\":\"Ana B.\",\"@id\":\"https:\\\/\\\/www.vagadeempregorj.com.br\\\/#\\\/schema\\\/person\\\/c0c38d5d765e86c3b7c8f12fb1ae6477\"},\"headline\":\"Auxiliar de Cozinha, Operador de Caldeira, Jovem Aprendiz e muito mais na Empresa Marfrig\",\"datePublished\":\"2023-09-13T03:05:00+00:00\",\"mainEntityOfPage\":{\"@id\":\"https:\\\/\\\/www.vagadeempregorj.com.br\\\/trabalhe-na-marfrig\\\/\"},\"wordCount\":435,\"image\":{\"@id\":\"https:\\\/\\\/www.vagadeempregorj.com.br\\\/trabalhe-na-marfrig\\\/#primaryimage\"},\"thumbnailUrl\":\"https:\\\/\\\/www.vagadeempregorj.com.br\\\/wp-content\\\/uploads\\\/2022\\\/03\\\/MARFRIG.jpg\",\"keywords\":[\"MARFRIG\",\"trabalhe marfrig\",\"vaga de emprego\"],\"articleSection\":[\"Vagas de Emprego Nacionais\"],\"inLanguage\":\"ar\"},{\"@type\":\"WebPage\",\"@id\":\"https:\\\/\\\/www.vagadeempregorj.com.br\\\/trabalhe-na-marfrig\\\/\",\"url\":\"https:\\\/\\\/www.vagadeempregorj.com.br\\\/trabalhe-na-marfrig\\\/\",\"name\":\"Auxiliar de Cozinha, Operador de Caldeira, Jovem Aprendiz e muito mais na Empresa Marfrig -\",\"isPartOf\":{\"@id\":\"https:\\\/\\\/www.vagadeempregorj.com.br\\\/#website\"},\"primaryImageOfPage\":{\"@id\":\"https:\\\/\\\/www.vagadeempregorj.com.br\\\/trabalhe-na-marfrig\\\/#primaryimage\"},\"image\":{\"@id\":\"https:\\\/\\\/www.vagadeempregorj.com.br\\\/trabalhe-na-marfrig\\\/#primaryimage\"},\"thumbnailUrl\":\"https:\\\/\\\/www.vagadeempregorj.com.br\\\/wp-content\\\/uploads\\\/2022\\\/03\\\/MARFRIG.jpg\",\"datePublished\":\"2023-09-13T03:05:00+00:00\",\"author\":{\"@id\":\"https:\\\/\\\/www.vagadeempregorj.com.br\\\/#\\\/schema\\\/person\\\/c0c38d5d765e86c3b7c8f12fb1ae6477\"},\"description\":\"Trabalhe na Marfrig, a empresa que fornece carne para pa\u00edses de v\u00e1rios continentes, com diversas iniciativas sustent\u00e1veis.\",\"breadcrumb\":{\"@id\":\"https:\\\/\\\/www.vagadeempregorj.com.br\\\/trabalhe-na-marfrig\\\/#breadcrumb\"},\"inLanguage\":\"ar\",\"potentialAction\":[{\"@type\":\"ReadAction\",\"target\":[\"https:\\\/\\\/www.vagadeempregorj.com.br\\\/trabalhe-na-marfrig\\\/\"]}]},{\"@type\":\"ImageObject\",\"inLanguage\":\"ar\",\"@id\":\"https:\\\/\\\/www.vagadeempregorj.com.br\\\/trabalhe-na-marfrig\\\/#primaryimage\",\"url\":\"https:\\\/\\\/www.vagadeempregorj.com.br\\\/wp-content\\\/uploads\\\/2022\\\/03\\\/MARFRIG.jpg\",\"contentUrl\":\"https:\\\/\\\/www.vagadeempregorj.com.br\\\/wp-content\\\/uploads\\\/2022\\\/03\\\/MARFRIG.jpg\",\"width\":1200,\"height\":675,\"caption\":\"MARFRIG\"},{\"@type\":\"BreadcrumbList\",\"@id\":\"https:\\\/\\\/www.vagadeempregorj.com.br\\\/trabalhe-na-marfrig\\\/#breadcrumb\",\"itemListElement\":[{\"@type\":\"ListItem\",\"position\":1,\"name\":\"In\u00edcio\",\"item\":\"https:\\\/\\\/www.vagadeempregorj.com.br\\\/\"},{\"@type\":\"ListItem\",\"position\":2,\"name\":\"Vagas de Emprego Nacionais\",\"item\":\"https:\\\/\\\/www.vagadeempregorj.com.br\\\/vagas-de-emprego-nacionais\\\/\"},{\"@type\":\"ListItem\",\"position\":3,\"name\":\"Auxiliar de Cozinha, Operador de Caldeira, Jovem Aprendiz e muito mais na Empresa Marfrig\"}]},{\"@type\":\"WebSite\",\"@id\":\"https:\\\/\\\/www.vagadeempregorj.com.br\\\/#website\",\"url\":\"https:\\\/\\\/www.vagadeempregorj.com.br\\\/\",\"name\":\"\",\"description\":\"Conquiste Sonhos: Vagas, Benef\u00edcios e Economia para Transformar Vidas e Alcan\u00e7ar Melhorias Cotidianas\",\"potentialAction\":[{\"@type\":\"SearchAction\",\"target\":{\"@type\":\"EntryPoint\",\"urlTemplate\":\"https:\\\/\\\/www.vagadeempregorj.com.br\\\/?s={search_term_string}\"},\"query-input\":{\"@type\":\"PropertyValueSpecification\",\"valueRequired\":true,\"valueName\":\"search_term_string\"}}],\"inLanguage\":\"ar\"},{\"@type\":\"Person\",\"@id\":\"https:\\\/\\\/www.vagadeempregorj.com.br\\\/#\\\/schema\\\/person\\\/c0c38d5d765e86c3b7c8f12fb1ae6477\",\"name\":\"Ana B.\",\"image\":{\"@type\":\"ImageObject\",\"inLanguage\":\"ar\",\"@id\":\"https:\\\/\\\/secure.gravatar.com\\\/avatar\\\/f5efa58599e07f8dd92f26c7cfbc442fd115582bc681245452e503c2ef2334f3?s=96&r=g\",\"url\":\"https:\\\/\\\/secure.gravatar.com\\\/avatar\\\/f5efa58599e07f8dd92f26c7cfbc442fd115582bc681245452e503c2ef2334f3?s=96&r=g\",\"contentUrl\":\"https:\\\/\\\/secure.gravatar.com\\\/avatar\\\/f5efa58599e07f8dd92f26c7cfbc442fd115582bc681245452e503c2ef2334f3?s=96&r=g\",\"caption\":\"Ana B.\"},\"description\":\"Meu nome \u00e9 Ana e sou apaixonada em escrever. Dedico meu tempo escrevendo not\u00edcias e vagas de emprego diariamente no portal Vaga de Emprego RJ.\",\"url\":\"https:\\\/\\\/www.vagadeempregorj.com.br\\\/ar\\\/author\\\/vgrj\\\/\"}]}<\/script>\n<!-- \/ Yoast SEO plugin. -->","yoast_head_json":{"title":"Auxiliar de Cozinha, Operador de Caldeira, Jovem Aprendiz e muito mais na Empresa Marfrig -","description":"Trabalhe na Marfrig, a empresa que fornece carne para pa\u00edses de v\u00e1rios continentes, com diversas iniciativas sustent\u00e1veis.","robots":{"index":"index","follow":"follow","max-snippet":"max-snippet:-1","max-image-preview":"max-image-preview:large","max-video-preview":"max-video-preview:-1"},"canonical":"https:\/\/www.vagadeempregorj.com.br\/ar\/trabalhe-na-marfrig\/","og_locale":"ar_AR","og_type":"article","og_title":"Auxiliar de Cozinha, Operador de Caldeira, Jovem Aprendiz e muito mais na Empresa Marfrig -","og_description":"Trabalhe na Marfrig, a empresa que fornece carne para pa\u00edses de v\u00e1rios continentes, com diversas iniciativas sustent\u00e1veis.","og_url":"https:\/\/www.vagadeempregorj.com.br\/ar\/trabalhe-na-marfrig\/","article_publisher":"https:\/\/www.facebook.com\/empregobrasiloficial","article_published_time":"2023-09-13T03:05:00+00:00","og_image":[{"width":1200,"height":675,"url":"https:\/\/www.vagadeempregorj.com.br\/wp-content\/uploads\/2022\/03\/MARFRIG.jpg","type":"image\/jpeg"}],"author":"Ana B.","twitter_card":"summary_large_image","twitter_misc":{"Written by":"Ana B.","Est. reading time":"3 \u062f\u0642\u0627\u0626\u0642"},"schema":{"@context":"https:\/\/schema.org","@graph":[{"@type":"Article","@id":"https:\/\/www.vagadeempregorj.com.br\/trabalhe-na-marfrig\/#article","isPartOf":{"@id":"https:\/\/www.vagadeempregorj.com.br\/trabalhe-na-marfrig\/"},"author":{"name":"Ana B.","@id":"https:\/\/www.vagadeempregorj.com.br\/#\/schema\/person\/c0c38d5d765e86c3b7c8f12fb1ae6477"},"headline":"Auxiliar de Cozinha, Operador de Caldeira, Jovem Aprendiz e muito mais na Empresa Marfrig","datePublished":"2023-09-13T03:05:00+00:00","mainEntityOfPage":{"@id":"https:\/\/www.vagadeempregorj.com.br\/trabalhe-na-marfrig\/"},"wordCount":435,"image":{"@id":"https:\/\/www.vagadeempregorj.com.br\/trabalhe-na-marfrig\/#primaryimage"},"thumbnailUrl":"https:\/\/www.vagadeempregorj.com.br\/wp-content\/uploads\/2022\/03\/MARFRIG.jpg","keywords":["MARFRIG","trabalhe marfrig","vaga de emprego"],"articleSection":["Vagas de Emprego Nacionais"],"inLanguage":"ar"},{"@type":"WebPage","@id":"https:\/\/www.vagadeempregorj.com.br\/trabalhe-na-marfrig\/","url":"https:\/\/www.vagadeempregorj.com.br\/trabalhe-na-marfrig\/","name":"Auxiliar de Cozinha, Operador de Caldeira, Jovem Aprendiz e muito mais na Empresa Marfrig -","isPartOf":{"@id":"https:\/\/www.vagadeempregorj.com.br\/#website"},"primaryImageOfPage":{"@id":"https:\/\/www.vagadeempregorj.com.br\/trabalhe-na-marfrig\/#primaryimage"},"image":{"@id":"https:\/\/www.vagadeempregorj.com.br\/trabalhe-na-marfrig\/#primaryimage"},"thumbnailUrl":"https:\/\/www.vagadeempregorj.com.br\/wp-content\/uploads\/2022\/03\/MARFRIG.jpg","datePublished":"2023-09-13T03:05:00+00:00","author":{"@id":"https:\/\/www.vagadeempregorj.com.br\/#\/schema\/person\/c0c38d5d765e86c3b7c8f12fb1ae6477"},"description":"Trabalhe na Marfrig, a empresa que fornece carne para pa\u00edses de v\u00e1rios continentes, com diversas iniciativas sustent\u00e1veis.","breadcrumb":{"@id":"https:\/\/www.vagadeempregorj.com.br\/trabalhe-na-marfrig\/#breadcrumb"},"inLanguage":"ar","potentialAction":[{"@type":"ReadAction","target":["https:\/\/www.vagadeempregorj.com.br\/trabalhe-na-marfrig\/"]}]},{"@type":"ImageObject","inLanguage":"ar","@id":"https:\/\/www.vagadeempregorj.com.br\/trabalhe-na-marfrig\/#primaryimage","url":"https:\/\/www.vagadeempregorj.com.br\/wp-content\/uploads\/2022\/03\/MARFRIG.jpg","contentUrl":"https:\/\/www.vagadeempregorj.com.br\/wp-content\/uploads\/2022\/03\/MARFRIG.jpg","width":1200,"height":675,"caption":"MARFRIG"},{"@type":"BreadcrumbList","@id":"https:\/\/www.vagadeempregorj.com.br\/trabalhe-na-marfrig\/#breadcrumb","itemListElement":[{"@type":"ListItem","position":1,"name":"In\u00edcio","item":"https:\/\/www.vagadeempregorj.com.br\/"},{"@type":"ListItem","position":2,"name":"Vagas de Emprego Nacionais","item":"https:\/\/www.vagadeempregorj.com.br\/vagas-de-emprego-nacionais\/"},{"@type":"ListItem","position":3,"name":"Auxiliar de Cozinha, Operador de Caldeira, Jovem Aprendiz e muito mais na Empresa Marfrig"}]},{"@type":"WebSite","@id":"https:\/\/www.vagadeempregorj.com.br\/#website","url":"https:\/\/www.vagadeempregorj.com.br\/","name":"","description":"Conquiste Sonhos: Vagas, Benef\u00edcios e Economia para Transformar Vidas e Alcan\u00e7ar Melhorias Cotidianas","potentialAction":[{"@type":"SearchAction","target":{"@type":"EntryPoint","urlTemplate":"https:\/\/www.vagadeempregorj.com.br\/?s={search_term_string}"},"query-input":{"@type":"PropertyValueSpecification","valueRequired":true,"valueName":"search_term_string"}}],"inLanguage":"ar"},{"@type":"Person","@id":"https:\/\/www.vagadeempregorj.com.br\/#\/schema\/person\/c0c38d5d765e86c3b7c8f12fb1ae6477","name":"Ana B.","image":{"@type":"ImageObject","inLanguage":"ar","@id":"https:\/\/secure.gravatar.com\/avatar\/f5efa58599e07f8dd92f26c7cfbc442fd115582bc681245452e503c2ef2334f3?s=96&r=g","url":"https:\/\/secure.gravatar.com\/avatar\/f5efa58599e07f8dd92f26c7cfbc442fd115582bc681245452e503c2ef2334f3?s=96&r=g","contentUrl":"https:\/\/secure.gravatar.com\/avatar\/f5efa58599e07f8dd92f26c7cfbc442fd115582bc681245452e503c2ef2334f3?s=96&r=g","caption":"Ana B."},"description":"Meu nome \u00e9 Ana e sou apaixonada em escrever. Dedico meu tempo escrevendo not\u00edcias e vagas de emprego diariamente no portal Vaga de Emprego RJ.","url":"https:\/\/www.vagadeempregorj.com.br\/ar\/author\/vgrj\/"}]}},"_links":{"self":[{"href":"https:\/\/www.vagadeempregorj.com.br\/ar\/wp-json\/wp\/v2\/posts\/25631","targetHints":{"allow":["GET"]}}],"collection":[{"href":"https:\/\/www.vagadeempregorj.com.br\/ar\/wp-json\/wp\/v2\/posts"}],"about":[{"href":"https:\/\/www.vagadeempregorj.com.br\/ar\/wp-json\/wp\/v2\/types\/post"}],"author":[{"embeddable":true,"href":"https:\/\/www.vagadeempregorj.com.br\/ar\/wp-json\/wp\/v2\/users\/1"}],"replies":[{"embeddable":true,"href":"https:\/\/www.vagadeempregorj.com.br\/ar\/wp-json\/wp\/v2\/comments?post=25631"}],"version-history":[{"count":0,"href":"https:\/\/www.vagadeempregorj.com.br\/ar\/wp-json\/wp\/v2\/posts\/25631\/revisions"}],"wp:featuredmedia":[{"embeddable":true,"href":"https:\/\/www.vagadeempregorj.com.br\/ar\/wp-json\/wp\/v2\/media\/25632"}],"wp:attachment":[{"href":"https:\/\/www.vagadeempregorj.com.br\/ar\/wp-json\/wp\/v2\/media?parent=25631"}],"wp:term":[{"taxonomy":"category","embeddable":true,"href":"https:\/\/www.vagadeempregorj.com.br\/ar\/wp-json\/wp\/v2\/categories?post=25631"},{"taxonomy":"post_tag","embeddable":true,"href":"https:\/\/www.vagadeempregorj.com.br\/ar\/wp-json\/wp\/v2\/tags?post=25631"}],"curies":[{"name":"wp","href":"https:\/\/api.w.org\/{rel}","templated":true}]}}