{"id":25824,"date":"2023-08-04T00:04:00","date_gmt":"2023-08-04T03:04:00","guid":{"rendered":"https:\/\/www.vagadeempregorj.com.br\/?p=25824"},"modified":"2023-07-29T14:46:27","modified_gmt":"2023-07-29T17:46:27","slug":"como-trabalhar-na-basf","status":"publish","type":"post","link":"https:\/\/www.vagadeempregorj.com.br\/ar\/como-trabalhar-na-basf\/","title":{"rendered":"Como trabalhar na BASF, veja"},"content":{"rendered":"<p>Atualizado<\/p>\n\n\n<div class=\"wp-block-post-date\"><time datetime=\"2023-08-04T00:04:00-03:00\">04\/08\/2023<\/time><\/div>\n\n\n<p>Como trabalhar na BASF, a empresa que est\u00e1 espalhada pelos continentes e est\u00e1 buscado novos colaboradores.<\/p>\n\n\n\n<p>Dessa forma, de todas as empresas do pa\u00eds, n\u00e3o h\u00e1 d\u00favida de que a BASF \u00e9 uma das que t\u00eam melhores benef\u00edcios para seus contratados, como:<\/p>\n\n\n\n<ul class=\"wp-block-list\">\n<li>Vale alimenta\u00e7\u00e3o,<\/li>\n\n\n\n<li>Programa gestante,<\/li>\n\n\n\n<li>Programa de preven\u00e7\u00e3o de acidentes,<\/li>\n\n\n\n<li>Fundo de garantia,<\/li>\n\n\n\n<li>Vale transporte,<\/li>\n\n\n\n<li>Hora extra,<\/li>\n\n\n\n<li>Viagem segura,<\/li>\n\n\n\n<li>Plano de sa\u00fade,<\/li>\n\n\n\n<li>Forma\u00e7\u00e3o de lideran\u00e7a,<\/li>\n\n\n\n<li>Seguro de vida<\/li>\n\n\n\n<li>Muito mais<\/li>\n<\/ul>\n\n\n\n<p>Contudo, j\u00e1 as vagas disponibilizadas em suas unidades s\u00e3o:<\/p>\n\n\n\n<ul class=\"wp-block-list\">\n<li>Operador associado<\/li>\n\n\n\n<li>Gerente de vendas<\/li>\n\n\n\n<li>Supervisor de qualidade<\/li>\n\n\n\n<li>Gerente regional de produtos<\/li>\n\n\n\n<li>Especialista de laborat\u00f3rio<\/li>\n\n\n\n<li>Enfermeira do trabalho<\/li>\n\n\n\n<li>Engenheiro de produto<\/li>\n\n\n\n<li>Engenheiro de projeto<\/li>\n\n\n\n<li>Especialista de RH<\/li>\n\n\n\n<li>E outros<\/li>\n<\/ul>\n\n\n\n<p>Assim tamb\u00e9m, destaca-se que as vagas na BASF podem ser tamb\u00e9m para outros pa\u00edses.<\/p>\n\n\n\n<p>Primordialmente que os candidatos usem o filtro para ter certeza de que a vaga para a qual se candidatam \u00e9 no Brasil.<\/p>\n\n\n\n<div class=\"wp-block-buttons is-horizontal is-content-justification-center is-layout-flex wp-container-core-buttons-is-layout-499968f5 wp-block-buttons-is-layout-flex\">\n<div class=\"wp-block-button\"><a class=\"wp-block-button__link has-black-color has-text-color has-background wp-element-button\" href=\"https:\/\/www.vagadeempregorj.com.br\/ar\/enviando-seu-curriculo-rapidamente\/\" style=\"background:linear-gradient(2deg,rgb(255,134,50) 64%,rgb(255,197,71) 100%)\"><strong>VEJA COMO SE CANDIDATAR<\/strong><\/a><\/div>\n<\/div>\n\n\n\n<h2 class=\"wp-block-heading\"><strong>Veja como se inscrever e como trabalhar na BASF<\/strong><\/h2>\n\n\n\n<p>A p\u00e1gina onde a empresa divulga suas vagas abertas no mundo todo \u00e9 a <a href=\"https:\/\/www.basf.com\/br\/pt\/careers\/jobs.html\">https:\/\/www.basf.com\/br\/pt\/careers\/jobs.html<\/a>.<\/p>\n\n\n\n<p>Assim sendo, como falado, os candidatos t\u00eam de usar o filtro para determinar a localidade das vagas que procuram.<\/p>\n\n\n\n<p>Contudo, quando quiserem mandar o curr\u00edculo para uma delas, basta dar um clique e, na p\u00e1gina seguinte, clicar em Apply Now.<\/p>\n\n\n\n<p>Dessa forma, \u00e0 esquerda, os candidatos veem quando a vaga foi anunciada pela BASF, podendo dar prefer\u00eancia \u00e0s vagas mais recentes.<\/p>\n\n\n\n<h2 class=\"wp-block-heading\"><strong>Descubra mais sobre a BASF<\/strong><\/h2>\n\n\n\n<p>Com mais de 100 mil colaboradores, a BASF \u00e9 uma companhia que se dedica \u00e0 fabrica\u00e7\u00e3o de produtos qu\u00edmicos para usos variados.<\/p>\n\n\n\n<p>Em suma, criada nos anos 60, a empresa tem unidades em diversos lugares do mundo, como \u00c1sia, Am\u00e9rica Central, \u00c1frica, Europa, Am\u00e9rica do Norte e Am\u00e9rica do Sul.<\/p>\n\n\n\n<p>Os departamentos para os quais a empresa tem produtos s\u00e3o materiais, qu\u00edmicos, tecnologias de superf\u00edcie, solu\u00e7\u00f5es industriais, solu\u00e7\u00f5es para agricultura e tamb\u00e9m nutri\u00e7\u00e3o e cuidados.<\/p>\n\n\n\n<p>Contudo, h\u00e1 uma s\u00e9rie de investidores da BASF, levando em conta a exist\u00eancia das suas a\u00e7\u00f5es espalhadas pelas corretoras de valores.&nbsp;<\/p>\n\n\n\n<p>Entretanto, no mundo todo, a empresas qu\u00edmica tem um hist\u00f3rico de cuidado com o meio ambiente, norteando-se pela pol\u00edtica chamada EHSQ.<\/p>\n\n\n\n<p>Al\u00e9m disso, alguns produtos da BASF s\u00e3o voltados tamb\u00e9m para a ind\u00fastria farmac\u00eautica, possibilitando a cria\u00e7\u00e3o de v\u00e1rios medicamentos.<\/p>\n\n\n\n<div class=\"wp-block-buttons is-horizontal is-content-justification-center is-layout-flex wp-container-core-buttons-is-layout-499968f5 wp-block-buttons-is-layout-flex\">\n<div class=\"wp-block-button\"><a class=\"wp-block-button__link has-black-color has-text-color has-background wp-element-button\" href=\"https:\/\/www.vagadeempregorj.com.br\/ar\/vagas-de-emprego\/rio-de-janeiro\/\" style=\"border-radius:29px;background:linear-gradient(2deg,rgb(255,134,50) 60%,rgb(255,197,71) 100%)\"><strong>VEJA NOVAS VAGAS PARA SE CANDIDATAR<\/strong><\/a><\/div>\n<\/div>","protected":false},"excerpt":{"rendered":"<p>Como trabalhar na BASF, a empresa que est\u00e1 espalhada pelos continentes e est\u00e1 buscado novos colaboradores. Confira!<\/p>","protected":false},"author":1,"featured_media":25825,"comment_status":"closed","ping_status":"closed","sticky":false,"template":"","format":"standard","meta":{"neve_meta_sidebar":"","neve_meta_container":"","neve_meta_enable_content_width":"","neve_meta_content_width":0,"neve_meta_title_alignment":"","neve_meta_author_avatar":"","neve_post_elements_order":"","neve_meta_disable_header":"","neve_meta_disable_footer":"","neve_meta_disable_title":"","footnotes":""},"categories":[123],"tags":[204,147],"class_list":["post-25824","post","type-post","status-publish","format-standard","has-post-thumbnail","hentry","category-vagas-de-emprego-nacionais","tag-basf","tag-vaga-de-emprego"],"yoast_head":"<!-- This site is optimized with the Yoast SEO plugin v27.5 - https:\/\/yoast.com\/product\/yoast-seo-wordpress\/ -->\n<title>Como trabalhar na BASF, veja -<\/title>\n<meta name=\"description\" content=\"Como trabalhar na BASF, a empresa que est\u00e1 espalhada pelos continentes e est\u00e1 buscado novos colaboradores. Confira!\" \/>\n<meta name=\"robots\" content=\"index, follow, max-snippet:-1, max-image-preview:large, max-video-preview:-1\" \/>\n<link rel=\"canonical\" href=\"https:\/\/www.vagadeempregorj.com.br\/ar\/como-trabalhar-na-basf\/\" \/>\n<meta property=\"og:locale\" content=\"ar_AR\" \/>\n<meta property=\"og:type\" content=\"article\" \/>\n<meta property=\"og:title\" content=\"Como trabalhar na BASF, veja -\" \/>\n<meta property=\"og:description\" content=\"Como trabalhar na BASF, a empresa que est\u00e1 espalhada pelos continentes e est\u00e1 buscado novos colaboradores. Confira!\" \/>\n<meta property=\"og:url\" content=\"https:\/\/www.vagadeempregorj.com.br\/ar\/como-trabalhar-na-basf\/\" \/>\n<meta property=\"article:publisher\" content=\"https:\/\/www.facebook.com\/empregobrasiloficial\" \/>\n<meta property=\"article:published_time\" content=\"2023-08-04T03:04:00+00:00\" \/>\n<meta property=\"og:image\" content=\"https:\/\/www.vagadeempregorj.com.br\/wp-content\/uploads\/2022\/03\/BASF.jpg\" \/>\n\t<meta property=\"og:image:width\" content=\"1200\" \/>\n\t<meta property=\"og:image:height\" content=\"675\" \/>\n\t<meta property=\"og:image:type\" content=\"image\/jpeg\" \/>\n<meta name=\"author\" content=\"Ana B.\" \/>\n<meta name=\"twitter:card\" content=\"summary_large_image\" \/>\n<meta name=\"twitter:label1\" content=\"Written by\" \/>\n\t<meta name=\"twitter:data1\" content=\"Ana B.\" \/>\n\t<meta name=\"twitter:label2\" content=\"Est. reading time\" \/>\n\t<meta name=\"twitter:data2\" content=\"3 \u062f\u0642\u0627\u0626\u0642\" \/>\n<script type=\"application\/ld+json\" class=\"yoast-schema-graph\">{\"@context\":\"https:\\\/\\\/schema.org\",\"@graph\":[{\"@type\":\"Article\",\"@id\":\"https:\\\/\\\/www.vagadeempregorj.com.br\\\/como-trabalhar-na-basf\\\/#article\",\"isPartOf\":{\"@id\":\"https:\\\/\\\/www.vagadeempregorj.com.br\\\/como-trabalhar-na-basf\\\/\"},\"author\":{\"name\":\"Ana B.\",\"@id\":\"https:\\\/\\\/www.vagadeempregorj.com.br\\\/#\\\/schema\\\/person\\\/c0c38d5d765e86c3b7c8f12fb1ae6477\"},\"headline\":\"Como trabalhar na BASF, veja\",\"datePublished\":\"2023-08-04T03:04:00+00:00\",\"mainEntityOfPage\":{\"@id\":\"https:\\\/\\\/www.vagadeempregorj.com.br\\\/como-trabalhar-na-basf\\\/\"},\"wordCount\":433,\"image\":{\"@id\":\"https:\\\/\\\/www.vagadeempregorj.com.br\\\/como-trabalhar-na-basf\\\/#primaryimage\"},\"thumbnailUrl\":\"https:\\\/\\\/www.vagadeempregorj.com.br\\\/wp-content\\\/uploads\\\/2022\\\/03\\\/BASF.jpg\",\"keywords\":[\"basf\",\"vaga de emprego\"],\"articleSection\":[\"Vagas de Emprego Nacionais\"],\"inLanguage\":\"ar\"},{\"@type\":\"WebPage\",\"@id\":\"https:\\\/\\\/www.vagadeempregorj.com.br\\\/como-trabalhar-na-basf\\\/\",\"url\":\"https:\\\/\\\/www.vagadeempregorj.com.br\\\/como-trabalhar-na-basf\\\/\",\"name\":\"Como trabalhar na BASF, veja -\",\"isPartOf\":{\"@id\":\"https:\\\/\\\/www.vagadeempregorj.com.br\\\/#website\"},\"primaryImageOfPage\":{\"@id\":\"https:\\\/\\\/www.vagadeempregorj.com.br\\\/como-trabalhar-na-basf\\\/#primaryimage\"},\"image\":{\"@id\":\"https:\\\/\\\/www.vagadeempregorj.com.br\\\/como-trabalhar-na-basf\\\/#primaryimage\"},\"thumbnailUrl\":\"https:\\\/\\\/www.vagadeempregorj.com.br\\\/wp-content\\\/uploads\\\/2022\\\/03\\\/BASF.jpg\",\"datePublished\":\"2023-08-04T03:04:00+00:00\",\"author\":{\"@id\":\"https:\\\/\\\/www.vagadeempregorj.com.br\\\/#\\\/schema\\\/person\\\/c0c38d5d765e86c3b7c8f12fb1ae6477\"},\"description\":\"Como trabalhar na BASF, a empresa que est\u00e1 espalhada pelos continentes e est\u00e1 buscado novos colaboradores. Confira!\",\"breadcrumb\":{\"@id\":\"https:\\\/\\\/www.vagadeempregorj.com.br\\\/como-trabalhar-na-basf\\\/#breadcrumb\"},\"inLanguage\":\"ar\",\"potentialAction\":[{\"@type\":\"ReadAction\",\"target\":[\"https:\\\/\\\/www.vagadeempregorj.com.br\\\/como-trabalhar-na-basf\\\/\"]}]},{\"@type\":\"ImageObject\",\"inLanguage\":\"ar\",\"@id\":\"https:\\\/\\\/www.vagadeempregorj.com.br\\\/como-trabalhar-na-basf\\\/#primaryimage\",\"url\":\"https:\\\/\\\/www.vagadeempregorj.com.br\\\/wp-content\\\/uploads\\\/2022\\\/03\\\/BASF.jpg\",\"contentUrl\":\"https:\\\/\\\/www.vagadeempregorj.com.br\\\/wp-content\\\/uploads\\\/2022\\\/03\\\/BASF.jpg\",\"width\":1200,\"height\":675,\"caption\":\"BASF\"},{\"@type\":\"BreadcrumbList\",\"@id\":\"https:\\\/\\\/www.vagadeempregorj.com.br\\\/como-trabalhar-na-basf\\\/#breadcrumb\",\"itemListElement\":[{\"@type\":\"ListItem\",\"position\":1,\"name\":\"In\u00edcio\",\"item\":\"https:\\\/\\\/www.vagadeempregorj.com.br\\\/\"},{\"@type\":\"ListItem\",\"position\":2,\"name\":\"Vagas de Emprego Nacionais\",\"item\":\"https:\\\/\\\/www.vagadeempregorj.com.br\\\/vagas-de-emprego-nacionais\\\/\"},{\"@type\":\"ListItem\",\"position\":3,\"name\":\"Como trabalhar na BASF, veja\"}]},{\"@type\":\"WebSite\",\"@id\":\"https:\\\/\\\/www.vagadeempregorj.com.br\\\/#website\",\"url\":\"https:\\\/\\\/www.vagadeempregorj.com.br\\\/\",\"name\":\"\",\"description\":\"Conquiste Sonhos: Vagas, Benef\u00edcios e Economia para Transformar Vidas e Alcan\u00e7ar Melhorias Cotidianas\",\"potentialAction\":[{\"@type\":\"SearchAction\",\"target\":{\"@type\":\"EntryPoint\",\"urlTemplate\":\"https:\\\/\\\/www.vagadeempregorj.com.br\\\/?s={search_term_string}\"},\"query-input\":{\"@type\":\"PropertyValueSpecification\",\"valueRequired\":true,\"valueName\":\"search_term_string\"}}],\"inLanguage\":\"ar\"},{\"@type\":\"Person\",\"@id\":\"https:\\\/\\\/www.vagadeempregorj.com.br\\\/#\\\/schema\\\/person\\\/c0c38d5d765e86c3b7c8f12fb1ae6477\",\"name\":\"Ana B.\",\"image\":{\"@type\":\"ImageObject\",\"inLanguage\":\"ar\",\"@id\":\"https:\\\/\\\/secure.gravatar.com\\\/avatar\\\/f5efa58599e07f8dd92f26c7cfbc442fd115582bc681245452e503c2ef2334f3?s=96&r=g\",\"url\":\"https:\\\/\\\/secure.gravatar.com\\\/avatar\\\/f5efa58599e07f8dd92f26c7cfbc442fd115582bc681245452e503c2ef2334f3?s=96&r=g\",\"contentUrl\":\"https:\\\/\\\/secure.gravatar.com\\\/avatar\\\/f5efa58599e07f8dd92f26c7cfbc442fd115582bc681245452e503c2ef2334f3?s=96&r=g\",\"caption\":\"Ana B.\"},\"description\":\"Meu nome \u00e9 Ana e sou apaixonada em escrever. Dedico meu tempo escrevendo not\u00edcias e vagas de emprego diariamente no portal Vaga de Emprego RJ.\",\"url\":\"https:\\\/\\\/www.vagadeempregorj.com.br\\\/ar\\\/author\\\/vgrj\\\/\"}]}<\/script>\n<!-- \/ Yoast SEO plugin. -->","yoast_head_json":{"title":"Como trabalhar na BASF, veja -","description":"Como trabalhar na BASF, a empresa que est\u00e1 espalhada pelos continentes e est\u00e1 buscado novos colaboradores. Confira!","robots":{"index":"index","follow":"follow","max-snippet":"max-snippet:-1","max-image-preview":"max-image-preview:large","max-video-preview":"max-video-preview:-1"},"canonical":"https:\/\/www.vagadeempregorj.com.br\/ar\/como-trabalhar-na-basf\/","og_locale":"ar_AR","og_type":"article","og_title":"Como trabalhar na BASF, veja -","og_description":"Como trabalhar na BASF, a empresa que est\u00e1 espalhada pelos continentes e est\u00e1 buscado novos colaboradores. Confira!","og_url":"https:\/\/www.vagadeempregorj.com.br\/ar\/como-trabalhar-na-basf\/","article_publisher":"https:\/\/www.facebook.com\/empregobrasiloficial","article_published_time":"2023-08-04T03:04:00+00:00","og_image":[{"width":1200,"height":675,"url":"https:\/\/www.vagadeempregorj.com.br\/wp-content\/uploads\/2022\/03\/BASF.jpg","type":"image\/jpeg"}],"author":"Ana B.","twitter_card":"summary_large_image","twitter_misc":{"Written by":"Ana B.","Est. reading time":"3 \u062f\u0642\u0627\u0626\u0642"},"schema":{"@context":"https:\/\/schema.org","@graph":[{"@type":"Article","@id":"https:\/\/www.vagadeempregorj.com.br\/como-trabalhar-na-basf\/#article","isPartOf":{"@id":"https:\/\/www.vagadeempregorj.com.br\/como-trabalhar-na-basf\/"},"author":{"name":"Ana B.","@id":"https:\/\/www.vagadeempregorj.com.br\/#\/schema\/person\/c0c38d5d765e86c3b7c8f12fb1ae6477"},"headline":"Como trabalhar na BASF, veja","datePublished":"2023-08-04T03:04:00+00:00","mainEntityOfPage":{"@id":"https:\/\/www.vagadeempregorj.com.br\/como-trabalhar-na-basf\/"},"wordCount":433,"image":{"@id":"https:\/\/www.vagadeempregorj.com.br\/como-trabalhar-na-basf\/#primaryimage"},"thumbnailUrl":"https:\/\/www.vagadeempregorj.com.br\/wp-content\/uploads\/2022\/03\/BASF.jpg","keywords":["basf","vaga de emprego"],"articleSection":["Vagas de Emprego Nacionais"],"inLanguage":"ar"},{"@type":"WebPage","@id":"https:\/\/www.vagadeempregorj.com.br\/como-trabalhar-na-basf\/","url":"https:\/\/www.vagadeempregorj.com.br\/como-trabalhar-na-basf\/","name":"Como trabalhar na BASF, veja -","isPartOf":{"@id":"https:\/\/www.vagadeempregorj.com.br\/#website"},"primaryImageOfPage":{"@id":"https:\/\/www.vagadeempregorj.com.br\/como-trabalhar-na-basf\/#primaryimage"},"image":{"@id":"https:\/\/www.vagadeempregorj.com.br\/como-trabalhar-na-basf\/#primaryimage"},"thumbnailUrl":"https:\/\/www.vagadeempregorj.com.br\/wp-content\/uploads\/2022\/03\/BASF.jpg","datePublished":"2023-08-04T03:04:00+00:00","author":{"@id":"https:\/\/www.vagadeempregorj.com.br\/#\/schema\/person\/c0c38d5d765e86c3b7c8f12fb1ae6477"},"description":"Como trabalhar na BASF, a empresa que est\u00e1 espalhada pelos continentes e est\u00e1 buscado novos colaboradores. Confira!","breadcrumb":{"@id":"https:\/\/www.vagadeempregorj.com.br\/como-trabalhar-na-basf\/#breadcrumb"},"inLanguage":"ar","potentialAction":[{"@type":"ReadAction","target":["https:\/\/www.vagadeempregorj.com.br\/como-trabalhar-na-basf\/"]}]},{"@type":"ImageObject","inLanguage":"ar","@id":"https:\/\/www.vagadeempregorj.com.br\/como-trabalhar-na-basf\/#primaryimage","url":"https:\/\/www.vagadeempregorj.com.br\/wp-content\/uploads\/2022\/03\/BASF.jpg","contentUrl":"https:\/\/www.vagadeempregorj.com.br\/wp-content\/uploads\/2022\/03\/BASF.jpg","width":1200,"height":675,"caption":"BASF"},{"@type":"BreadcrumbList","@id":"https:\/\/www.vagadeempregorj.com.br\/como-trabalhar-na-basf\/#breadcrumb","itemListElement":[{"@type":"ListItem","position":1,"name":"In\u00edcio","item":"https:\/\/www.vagadeempregorj.com.br\/"},{"@type":"ListItem","position":2,"name":"Vagas de Emprego Nacionais","item":"https:\/\/www.vagadeempregorj.com.br\/vagas-de-emprego-nacionais\/"},{"@type":"ListItem","position":3,"name":"Como trabalhar na BASF, veja"}]},{"@type":"WebSite","@id":"https:\/\/www.vagadeempregorj.com.br\/#website","url":"https:\/\/www.vagadeempregorj.com.br\/","name":"","description":"Conquiste Sonhos: Vagas, Benef\u00edcios e Economia para Transformar Vidas e Alcan\u00e7ar Melhorias Cotidianas","potentialAction":[{"@type":"SearchAction","target":{"@type":"EntryPoint","urlTemplate":"https:\/\/www.vagadeempregorj.com.br\/?s={search_term_string}"},"query-input":{"@type":"PropertyValueSpecification","valueRequired":true,"valueName":"search_term_string"}}],"inLanguage":"ar"},{"@type":"Person","@id":"https:\/\/www.vagadeempregorj.com.br\/#\/schema\/person\/c0c38d5d765e86c3b7c8f12fb1ae6477","name":"Ana B.","image":{"@type":"ImageObject","inLanguage":"ar","@id":"https:\/\/secure.gravatar.com\/avatar\/f5efa58599e07f8dd92f26c7cfbc442fd115582bc681245452e503c2ef2334f3?s=96&r=g","url":"https:\/\/secure.gravatar.com\/avatar\/f5efa58599e07f8dd92f26c7cfbc442fd115582bc681245452e503c2ef2334f3?s=96&r=g","contentUrl":"https:\/\/secure.gravatar.com\/avatar\/f5efa58599e07f8dd92f26c7cfbc442fd115582bc681245452e503c2ef2334f3?s=96&r=g","caption":"Ana B."},"description":"Meu nome \u00e9 Ana e sou apaixonada em escrever. Dedico meu tempo escrevendo not\u00edcias e vagas de emprego diariamente no portal Vaga de Emprego RJ.","url":"https:\/\/www.vagadeempregorj.com.br\/ar\/author\/vgrj\/"}]}},"_links":{"self":[{"href":"https:\/\/www.vagadeempregorj.com.br\/ar\/wp-json\/wp\/v2\/posts\/25824","targetHints":{"allow":["GET"]}}],"collection":[{"href":"https:\/\/www.vagadeempregorj.com.br\/ar\/wp-json\/wp\/v2\/posts"}],"about":[{"href":"https:\/\/www.vagadeempregorj.com.br\/ar\/wp-json\/wp\/v2\/types\/post"}],"author":[{"embeddable":true,"href":"https:\/\/www.vagadeempregorj.com.br\/ar\/wp-json\/wp\/v2\/users\/1"}],"replies":[{"embeddable":true,"href":"https:\/\/www.vagadeempregorj.com.br\/ar\/wp-json\/wp\/v2\/comments?post=25824"}],"version-history":[{"count":0,"href":"https:\/\/www.vagadeempregorj.com.br\/ar\/wp-json\/wp\/v2\/posts\/25824\/revisions"}],"wp:featuredmedia":[{"embeddable":true,"href":"https:\/\/www.vagadeempregorj.com.br\/ar\/wp-json\/wp\/v2\/media\/25825"}],"wp:attachment":[{"href":"https:\/\/www.vagadeempregorj.com.br\/ar\/wp-json\/wp\/v2\/media?parent=25824"}],"wp:term":[{"taxonomy":"category","embeddable":true,"href":"https:\/\/www.vagadeempregorj.com.br\/ar\/wp-json\/wp\/v2\/categories?post=25824"},{"taxonomy":"post_tag","embeddable":true,"href":"https:\/\/www.vagadeempregorj.com.br\/ar\/wp-json\/wp\/v2\/tags?post=25824"}],"curies":[{"name":"wp","href":"https:\/\/api.w.org\/{rel}","templated":true}]}}