{"id":25952,"date":"2023-08-04T00:03:00","date_gmt":"2023-08-04T03:03:00","guid":{"rendered":"https:\/\/www.vagadeempregorj.com.br\/?p=25952"},"modified":"2023-07-29T14:46:20","modified_gmt":"2023-07-29T17:46:20","slug":"como-trabalhar-na-aurora","status":"publish","type":"post","link":"https:\/\/www.vagadeempregorj.com.br\/ar\/como-trabalhar-na-aurora\/","title":{"rendered":"Como trabalhar na Aurora, informe-se"},"content":{"rendered":"<p>Atualizado<br><\/p>\n\n\n<div class=\"wp-block-post-date\"><time datetime=\"2023-08-04T00:03:00-03:00\">04\/08\/2023<\/time><\/div>\n\n\n<p>Como trabalhar na Aurora, a empresa de tr\u00eas marcas aliment\u00edcias, um instituto socioambiental e v\u00e1rios pr\u00eamios nos \u00faltimos anos.<\/p>\n\n\n\n<p>Entretanto, a Aurora \u00e9 uma companhia aliment\u00edcia cujos produtos s\u00e3o consumidos por muitos brasileiros diariamente.<br><br>Com ampla f\u00e1brica e presen\u00e7a ao redor do pa\u00eds, a empresa tamb\u00e9m passa a ser um excelente lugar para o qual se mandar um curr\u00edculo.<br><br>Dessa forma, algumas das vagas que se pode encontrar no LinkedIn da empresa s\u00e3o as seguintes:<\/p>\n\n\n\n<ul class=\"wp-block-list\">\n<li>Estagi\u00e1rio<\/li>\n\n\n\n<li>Auxiliar de expedi\u00e7\u00e3o<\/li>\n\n\n\n<li>Assistente Administrativo<\/li>\n\n\n\n<li>L\u00edder de produ\u00e7\u00e3o<\/li>\n\n\n\n<li>E muito mais<\/li>\n<\/ul>\n\n\n\n<p>Os candidatos \u00e0 Aurora Alimentos tamb\u00e9m podem se inscrever como estagi\u00e1rios, desde que estejam na gradua\u00e7\u00e3o ou no curso t\u00e9cnico.<\/p>\n\n\n\n<p>Para todos os cargos, a empresa tem benef\u00edcios que a diferenciam do restante dos empregadores.<\/p>\n\n\n\n<div class=\"wp-block-buttons is-horizontal is-content-justification-center is-layout-flex wp-container-core-buttons-is-layout-499968f5 wp-block-buttons-is-layout-flex\">\n<div class=\"wp-block-button\"><a class=\"wp-block-button__link has-black-color has-text-color has-background wp-element-button\" href=\"https:\/\/www.vagadeempregorj.com.br\/ar\/enviando-seu-curriculo-rapidamente\/\" style=\"background:linear-gradient(2deg,rgb(255,134,50) 64%,rgb(255,197,71) 100%)\"><strong>VEJA COMO SE CANDIDATAR<\/strong><\/a><\/div>\n<\/div>\n\n\n\n<h2 class=\"wp-block-heading\"><strong>Passo a passo: Como trabalhar na Aurora<\/strong><\/h2>\n\n\n\n<p>Para fazer a inscri\u00e7\u00e3o para trabalhar na Aurora Alimentos tem uma op\u00e7\u00e3o:<\/p>\n\n\n\n<p>\u00c9 seguir a Aurora no LinkedIn, onde ela divulga vagas para as suas unidades e recebe candidaturas.<\/p>\n\n\n\n<p>Contudo o link \u00e9 o <a href=\"https:\/\/www.linkedin.com\/company\/auroracoopoficial\/\">https:\/\/www.linkedin.com\/company\/auroracoopoficial\/<\/a> e vale lembrar que ningu\u00e9m paga nada para criar um perfil no LinkedIn, mas h\u00e1 recursos Premium para quem quiser.<\/p>\n\n\n\n<h2 class=\"wp-block-heading\"><strong>Descubra mais sobre a Aurora<\/strong><\/h2>\n\n\n\n<p>Contudo n\u00e3o \u00e9 dif\u00edcil encontrar lingui\u00e7as e outros produtos embutidos da Aurora no mercado.<\/p>\n\n\n\n<p>Criada em 1969, ela tem a simplicidade como uma das suas formas de trabalhar e \u00e9 dona de outras marcas tamb\u00e9m: a Peperi e a Nobre.<\/p>\n\n\n\n<p>Os produtos que os consumidores encontram com o r\u00f3tulo AURORA s\u00e3o refei\u00e7\u00f5es semiprontas, frios, derivados do leite, refei\u00e7\u00f5es prontas, salsichas, frangos, vegetais, lingui\u00e7as e mais.<\/p>\n\n\n\n<p>Muitos pr\u00eamios fazem parte da hist\u00f3ria da marca, como Empresa Cidad\u00e3, Melhores do Agroneg\u00f3cios, Trof\u00e9u Espiga de Ouro e outros.<\/p>\n\n\n\n<p>Dentre as suas atividades para a sustentabilidade est\u00e1 o bem-estar ambiental.<\/p>\n\n\n\n<p>Sendo assim visa dar condi\u00e7\u00f5es confort\u00e1veis a todos os animais que geram a sua produ\u00e7\u00e3o.<\/p>\n\n\n\n<p>Assim tamb\u00e9m, al\u00e9m da exist\u00eancia da Funda\u00e7\u00e3o Aury Luiz Bodanese, voltada ao desenvolvimento socioambiental.<\/p>\n\n\n\n<div class=\"wp-block-buttons is-horizontal is-content-justification-center is-layout-flex wp-container-core-buttons-is-layout-499968f5 wp-block-buttons-is-layout-flex\">\n<div class=\"wp-block-button\"><a class=\"wp-block-button__link has-black-color has-text-color has-background wp-element-button\" href=\"https:\/\/www.vagadeempregorj.com.br\/ar\/vagas-de-emprego\/rio-de-janeiro\/\" style=\"border-radius:29px;background:linear-gradient(2deg,rgb(255,134,50) 60%,rgb(255,197,71) 100%)\"><strong>VEJA NOVAS VAGAS PARA SE CANDIDATAR<\/strong><\/a><\/div>\n<\/div>","protected":false},"excerpt":{"rendered":"<p>Como trabalhar na Aurora, a empresa de tr\u00eas marcas aliment\u00edcias, um instituto socioambiental e v\u00e1rios pr\u00eamios nos \u00faltimos anos.<\/p>","protected":false},"author":1,"featured_media":25955,"comment_status":"closed","ping_status":"closed","sticky":false,"template":"","format":"standard","meta":{"neve_meta_sidebar":"","neve_meta_container":"","neve_meta_enable_content_width":"","neve_meta_content_width":0,"neve_meta_title_alignment":"","neve_meta_author_avatar":"","neve_post_elements_order":"","neve_meta_disable_header":"","neve_meta_disable_footer":"","neve_meta_disable_title":"","footnotes":""},"categories":[123],"tags":[205,147],"class_list":["post-25952","post","type-post","status-publish","format-standard","has-post-thumbnail","hentry","category-vagas-de-emprego-nacionais","tag-aurora","tag-vaga-de-emprego"],"yoast_head":"<!-- This site is optimized with the Yoast SEO plugin v27.5 - https:\/\/yoast.com\/product\/yoast-seo-wordpress\/ -->\n<title>Como trabalhar na Aurora, informe-se -<\/title>\n<meta name=\"description\" content=\"Como trabalhar na Aurora, a empresa de tr\u00eas marcas aliment\u00edcias, um instituto socioambiental e v\u00e1rios pr\u00eamios nos \u00faltimos anos.\" \/>\n<meta name=\"robots\" content=\"index, follow, max-snippet:-1, max-image-preview:large, max-video-preview:-1\" \/>\n<link rel=\"canonical\" href=\"https:\/\/www.vagadeempregorj.com.br\/ar\/como-trabalhar-na-aurora\/\" \/>\n<meta property=\"og:locale\" content=\"ar_AR\" \/>\n<meta property=\"og:type\" content=\"article\" \/>\n<meta property=\"og:title\" content=\"Como trabalhar na Aurora, informe-se -\" \/>\n<meta property=\"og:description\" content=\"Como trabalhar na Aurora, a empresa de tr\u00eas marcas aliment\u00edcias, um instituto socioambiental e v\u00e1rios pr\u00eamios nos \u00faltimos anos.\" \/>\n<meta property=\"og:url\" content=\"https:\/\/www.vagadeempregorj.com.br\/ar\/como-trabalhar-na-aurora\/\" \/>\n<meta property=\"article:publisher\" content=\"https:\/\/www.facebook.com\/empregobrasiloficial\" \/>\n<meta property=\"article:published_time\" content=\"2023-08-04T03:03:00+00:00\" \/>\n<meta property=\"og:image\" content=\"https:\/\/www.vagadeempregorj.com.br\/wp-content\/uploads\/2022\/03\/AURORA.jpg\" \/>\n\t<meta property=\"og:image:width\" content=\"1200\" \/>\n\t<meta property=\"og:image:height\" content=\"675\" \/>\n\t<meta property=\"og:image:type\" content=\"image\/jpeg\" \/>\n<meta name=\"author\" content=\"Ana B.\" \/>\n<meta name=\"twitter:card\" content=\"summary_large_image\" \/>\n<meta name=\"twitter:label1\" content=\"Written by\" \/>\n\t<meta name=\"twitter:data1\" content=\"Ana B.\" \/>\n\t<meta name=\"twitter:label2\" content=\"Est. reading time\" \/>\n\t<meta name=\"twitter:data2\" content=\"\u062f\u0642\u064a\u0642\u062a\u0627\u0646\" \/>\n<script type=\"application\/ld+json\" class=\"yoast-schema-graph\">{\"@context\":\"https:\\\/\\\/schema.org\",\"@graph\":[{\"@type\":\"Article\",\"@id\":\"https:\\\/\\\/www.vagadeempregorj.com.br\\\/como-trabalhar-na-aurora\\\/#article\",\"isPartOf\":{\"@id\":\"https:\\\/\\\/www.vagadeempregorj.com.br\\\/como-trabalhar-na-aurora\\\/\"},\"author\":{\"name\":\"Ana B.\",\"@id\":\"https:\\\/\\\/www.vagadeempregorj.com.br\\\/#\\\/schema\\\/person\\\/c0c38d5d765e86c3b7c8f12fb1ae6477\"},\"headline\":\"Como trabalhar na Aurora, informe-se\",\"datePublished\":\"2023-08-04T03:03:00+00:00\",\"mainEntityOfPage\":{\"@id\":\"https:\\\/\\\/www.vagadeempregorj.com.br\\\/como-trabalhar-na-aurora\\\/\"},\"wordCount\":372,\"image\":{\"@id\":\"https:\\\/\\\/www.vagadeempregorj.com.br\\\/como-trabalhar-na-aurora\\\/#primaryimage\"},\"thumbnailUrl\":\"https:\\\/\\\/www.vagadeempregorj.com.br\\\/wp-content\\\/uploads\\\/2022\\\/03\\\/AURORA.jpg\",\"keywords\":[\"aurora\",\"vaga de emprego\"],\"articleSection\":[\"Vagas de Emprego Nacionais\"],\"inLanguage\":\"ar\"},{\"@type\":\"WebPage\",\"@id\":\"https:\\\/\\\/www.vagadeempregorj.com.br\\\/como-trabalhar-na-aurora\\\/\",\"url\":\"https:\\\/\\\/www.vagadeempregorj.com.br\\\/como-trabalhar-na-aurora\\\/\",\"name\":\"Como trabalhar na Aurora, informe-se -\",\"isPartOf\":{\"@id\":\"https:\\\/\\\/www.vagadeempregorj.com.br\\\/#website\"},\"primaryImageOfPage\":{\"@id\":\"https:\\\/\\\/www.vagadeempregorj.com.br\\\/como-trabalhar-na-aurora\\\/#primaryimage\"},\"image\":{\"@id\":\"https:\\\/\\\/www.vagadeempregorj.com.br\\\/como-trabalhar-na-aurora\\\/#primaryimage\"},\"thumbnailUrl\":\"https:\\\/\\\/www.vagadeempregorj.com.br\\\/wp-content\\\/uploads\\\/2022\\\/03\\\/AURORA.jpg\",\"datePublished\":\"2023-08-04T03:03:00+00:00\",\"author\":{\"@id\":\"https:\\\/\\\/www.vagadeempregorj.com.br\\\/#\\\/schema\\\/person\\\/c0c38d5d765e86c3b7c8f12fb1ae6477\"},\"description\":\"Como trabalhar na Aurora, a empresa de tr\u00eas marcas aliment\u00edcias, um instituto socioambiental e v\u00e1rios pr\u00eamios nos \u00faltimos anos.\",\"breadcrumb\":{\"@id\":\"https:\\\/\\\/www.vagadeempregorj.com.br\\\/como-trabalhar-na-aurora\\\/#breadcrumb\"},\"inLanguage\":\"ar\",\"potentialAction\":[{\"@type\":\"ReadAction\",\"target\":[\"https:\\\/\\\/www.vagadeempregorj.com.br\\\/como-trabalhar-na-aurora\\\/\"]}]},{\"@type\":\"ImageObject\",\"inLanguage\":\"ar\",\"@id\":\"https:\\\/\\\/www.vagadeempregorj.com.br\\\/como-trabalhar-na-aurora\\\/#primaryimage\",\"url\":\"https:\\\/\\\/www.vagadeempregorj.com.br\\\/wp-content\\\/uploads\\\/2022\\\/03\\\/AURORA.jpg\",\"contentUrl\":\"https:\\\/\\\/www.vagadeempregorj.com.br\\\/wp-content\\\/uploads\\\/2022\\\/03\\\/AURORA.jpg\",\"width\":1200,\"height\":675,\"caption\":\"AURORA\"},{\"@type\":\"BreadcrumbList\",\"@id\":\"https:\\\/\\\/www.vagadeempregorj.com.br\\\/como-trabalhar-na-aurora\\\/#breadcrumb\",\"itemListElement\":[{\"@type\":\"ListItem\",\"position\":1,\"name\":\"In\u00edcio\",\"item\":\"https:\\\/\\\/www.vagadeempregorj.com.br\\\/\"},{\"@type\":\"ListItem\",\"position\":2,\"name\":\"Vagas de Emprego Nacionais\",\"item\":\"https:\\\/\\\/www.vagadeempregorj.com.br\\\/vagas-de-emprego-nacionais\\\/\"},{\"@type\":\"ListItem\",\"position\":3,\"name\":\"Como trabalhar na Aurora, informe-se\"}]},{\"@type\":\"WebSite\",\"@id\":\"https:\\\/\\\/www.vagadeempregorj.com.br\\\/#website\",\"url\":\"https:\\\/\\\/www.vagadeempregorj.com.br\\\/\",\"name\":\"\",\"description\":\"Conquiste Sonhos: Vagas, Benef\u00edcios e Economia para Transformar Vidas e Alcan\u00e7ar Melhorias Cotidianas\",\"potentialAction\":[{\"@type\":\"SearchAction\",\"target\":{\"@type\":\"EntryPoint\",\"urlTemplate\":\"https:\\\/\\\/www.vagadeempregorj.com.br\\\/?s={search_term_string}\"},\"query-input\":{\"@type\":\"PropertyValueSpecification\",\"valueRequired\":true,\"valueName\":\"search_term_string\"}}],\"inLanguage\":\"ar\"},{\"@type\":\"Person\",\"@id\":\"https:\\\/\\\/www.vagadeempregorj.com.br\\\/#\\\/schema\\\/person\\\/c0c38d5d765e86c3b7c8f12fb1ae6477\",\"name\":\"Ana B.\",\"image\":{\"@type\":\"ImageObject\",\"inLanguage\":\"ar\",\"@id\":\"https:\\\/\\\/secure.gravatar.com\\\/avatar\\\/f5efa58599e07f8dd92f26c7cfbc442fd115582bc681245452e503c2ef2334f3?s=96&r=g\",\"url\":\"https:\\\/\\\/secure.gravatar.com\\\/avatar\\\/f5efa58599e07f8dd92f26c7cfbc442fd115582bc681245452e503c2ef2334f3?s=96&r=g\",\"contentUrl\":\"https:\\\/\\\/secure.gravatar.com\\\/avatar\\\/f5efa58599e07f8dd92f26c7cfbc442fd115582bc681245452e503c2ef2334f3?s=96&r=g\",\"caption\":\"Ana B.\"},\"description\":\"Meu nome \u00e9 Ana e sou apaixonada em escrever. Dedico meu tempo escrevendo not\u00edcias e vagas de emprego diariamente no portal Vaga de Emprego RJ.\",\"url\":\"https:\\\/\\\/www.vagadeempregorj.com.br\\\/ar\\\/author\\\/vgrj\\\/\"}]}<\/script>\n<!-- \/ Yoast SEO plugin. -->","yoast_head_json":{"title":"Como trabalhar na Aurora, informe-se -","description":"Como trabalhar na Aurora, a empresa de tr\u00eas marcas aliment\u00edcias, um instituto socioambiental e v\u00e1rios pr\u00eamios nos \u00faltimos anos.","robots":{"index":"index","follow":"follow","max-snippet":"max-snippet:-1","max-image-preview":"max-image-preview:large","max-video-preview":"max-video-preview:-1"},"canonical":"https:\/\/www.vagadeempregorj.com.br\/ar\/como-trabalhar-na-aurora\/","og_locale":"ar_AR","og_type":"article","og_title":"Como trabalhar na Aurora, informe-se -","og_description":"Como trabalhar na Aurora, a empresa de tr\u00eas marcas aliment\u00edcias, um instituto socioambiental e v\u00e1rios pr\u00eamios nos \u00faltimos anos.","og_url":"https:\/\/www.vagadeempregorj.com.br\/ar\/como-trabalhar-na-aurora\/","article_publisher":"https:\/\/www.facebook.com\/empregobrasiloficial","article_published_time":"2023-08-04T03:03:00+00:00","og_image":[{"width":1200,"height":675,"url":"https:\/\/www.vagadeempregorj.com.br\/wp-content\/uploads\/2022\/03\/AURORA.jpg","type":"image\/jpeg"}],"author":"Ana B.","twitter_card":"summary_large_image","twitter_misc":{"Written by":"Ana B.","Est. reading time":"\u062f\u0642\u064a\u0642\u062a\u0627\u0646"},"schema":{"@context":"https:\/\/schema.org","@graph":[{"@type":"Article","@id":"https:\/\/www.vagadeempregorj.com.br\/como-trabalhar-na-aurora\/#article","isPartOf":{"@id":"https:\/\/www.vagadeempregorj.com.br\/como-trabalhar-na-aurora\/"},"author":{"name":"Ana B.","@id":"https:\/\/www.vagadeempregorj.com.br\/#\/schema\/person\/c0c38d5d765e86c3b7c8f12fb1ae6477"},"headline":"Como trabalhar na Aurora, informe-se","datePublished":"2023-08-04T03:03:00+00:00","mainEntityOfPage":{"@id":"https:\/\/www.vagadeempregorj.com.br\/como-trabalhar-na-aurora\/"},"wordCount":372,"image":{"@id":"https:\/\/www.vagadeempregorj.com.br\/como-trabalhar-na-aurora\/#primaryimage"},"thumbnailUrl":"https:\/\/www.vagadeempregorj.com.br\/wp-content\/uploads\/2022\/03\/AURORA.jpg","keywords":["aurora","vaga de emprego"],"articleSection":["Vagas de Emprego Nacionais"],"inLanguage":"ar"},{"@type":"WebPage","@id":"https:\/\/www.vagadeempregorj.com.br\/como-trabalhar-na-aurora\/","url":"https:\/\/www.vagadeempregorj.com.br\/como-trabalhar-na-aurora\/","name":"Como trabalhar na Aurora, informe-se -","isPartOf":{"@id":"https:\/\/www.vagadeempregorj.com.br\/#website"},"primaryImageOfPage":{"@id":"https:\/\/www.vagadeempregorj.com.br\/como-trabalhar-na-aurora\/#primaryimage"},"image":{"@id":"https:\/\/www.vagadeempregorj.com.br\/como-trabalhar-na-aurora\/#primaryimage"},"thumbnailUrl":"https:\/\/www.vagadeempregorj.com.br\/wp-content\/uploads\/2022\/03\/AURORA.jpg","datePublished":"2023-08-04T03:03:00+00:00","author":{"@id":"https:\/\/www.vagadeempregorj.com.br\/#\/schema\/person\/c0c38d5d765e86c3b7c8f12fb1ae6477"},"description":"Como trabalhar na Aurora, a empresa de tr\u00eas marcas aliment\u00edcias, um instituto socioambiental e v\u00e1rios pr\u00eamios nos \u00faltimos anos.","breadcrumb":{"@id":"https:\/\/www.vagadeempregorj.com.br\/como-trabalhar-na-aurora\/#breadcrumb"},"inLanguage":"ar","potentialAction":[{"@type":"ReadAction","target":["https:\/\/www.vagadeempregorj.com.br\/como-trabalhar-na-aurora\/"]}]},{"@type":"ImageObject","inLanguage":"ar","@id":"https:\/\/www.vagadeempregorj.com.br\/como-trabalhar-na-aurora\/#primaryimage","url":"https:\/\/www.vagadeempregorj.com.br\/wp-content\/uploads\/2022\/03\/AURORA.jpg","contentUrl":"https:\/\/www.vagadeempregorj.com.br\/wp-content\/uploads\/2022\/03\/AURORA.jpg","width":1200,"height":675,"caption":"AURORA"},{"@type":"BreadcrumbList","@id":"https:\/\/www.vagadeempregorj.com.br\/como-trabalhar-na-aurora\/#breadcrumb","itemListElement":[{"@type":"ListItem","position":1,"name":"In\u00edcio","item":"https:\/\/www.vagadeempregorj.com.br\/"},{"@type":"ListItem","position":2,"name":"Vagas de Emprego Nacionais","item":"https:\/\/www.vagadeempregorj.com.br\/vagas-de-emprego-nacionais\/"},{"@type":"ListItem","position":3,"name":"Como trabalhar na Aurora, informe-se"}]},{"@type":"WebSite","@id":"https:\/\/www.vagadeempregorj.com.br\/#website","url":"https:\/\/www.vagadeempregorj.com.br\/","name":"","description":"Conquiste Sonhos: Vagas, Benef\u00edcios e Economia para Transformar Vidas e Alcan\u00e7ar Melhorias Cotidianas","potentialAction":[{"@type":"SearchAction","target":{"@type":"EntryPoint","urlTemplate":"https:\/\/www.vagadeempregorj.com.br\/?s={search_term_string}"},"query-input":{"@type":"PropertyValueSpecification","valueRequired":true,"valueName":"search_term_string"}}],"inLanguage":"ar"},{"@type":"Person","@id":"https:\/\/www.vagadeempregorj.com.br\/#\/schema\/person\/c0c38d5d765e86c3b7c8f12fb1ae6477","name":"Ana B.","image":{"@type":"ImageObject","inLanguage":"ar","@id":"https:\/\/secure.gravatar.com\/avatar\/f5efa58599e07f8dd92f26c7cfbc442fd115582bc681245452e503c2ef2334f3?s=96&r=g","url":"https:\/\/secure.gravatar.com\/avatar\/f5efa58599e07f8dd92f26c7cfbc442fd115582bc681245452e503c2ef2334f3?s=96&r=g","contentUrl":"https:\/\/secure.gravatar.com\/avatar\/f5efa58599e07f8dd92f26c7cfbc442fd115582bc681245452e503c2ef2334f3?s=96&r=g","caption":"Ana B."},"description":"Meu nome \u00e9 Ana e sou apaixonada em escrever. Dedico meu tempo escrevendo not\u00edcias e vagas de emprego diariamente no portal Vaga de Emprego RJ.","url":"https:\/\/www.vagadeempregorj.com.br\/ar\/author\/vgrj\/"}]}},"_links":{"self":[{"href":"https:\/\/www.vagadeempregorj.com.br\/ar\/wp-json\/wp\/v2\/posts\/25952","targetHints":{"allow":["GET"]}}],"collection":[{"href":"https:\/\/www.vagadeempregorj.com.br\/ar\/wp-json\/wp\/v2\/posts"}],"about":[{"href":"https:\/\/www.vagadeempregorj.com.br\/ar\/wp-json\/wp\/v2\/types\/post"}],"author":[{"embeddable":true,"href":"https:\/\/www.vagadeempregorj.com.br\/ar\/wp-json\/wp\/v2\/users\/1"}],"replies":[{"embeddable":true,"href":"https:\/\/www.vagadeempregorj.com.br\/ar\/wp-json\/wp\/v2\/comments?post=25952"}],"version-history":[{"count":0,"href":"https:\/\/www.vagadeempregorj.com.br\/ar\/wp-json\/wp\/v2\/posts\/25952\/revisions"}],"wp:featuredmedia":[{"embeddable":true,"href":"https:\/\/www.vagadeempregorj.com.br\/ar\/wp-json\/wp\/v2\/media\/25955"}],"wp:attachment":[{"href":"https:\/\/www.vagadeempregorj.com.br\/ar\/wp-json\/wp\/v2\/media?parent=25952"}],"wp:term":[{"taxonomy":"category","embeddable":true,"href":"https:\/\/www.vagadeempregorj.com.br\/ar\/wp-json\/wp\/v2\/categories?post=25952"},{"taxonomy":"post_tag","embeddable":true,"href":"https:\/\/www.vagadeempregorj.com.br\/ar\/wp-json\/wp\/v2\/tags?post=25952"}],"curies":[{"name":"wp","href":"https:\/\/api.w.org\/{rel}","templated":true}]}}