{"id":26186,"date":"2023-08-09T00:03:00","date_gmt":"2023-08-09T03:03:00","guid":{"rendered":"https:\/\/www.vagadeempregorj.com.br\/?p=26186"},"modified":"2023-08-05T20:29:52","modified_gmt":"2023-08-05T23:29:52","slug":"como-trabalhar-na-enel","status":"publish","type":"post","link":"https:\/\/www.vagadeempregorj.com.br\/ar\/como-trabalhar-na-enel\/","title":{"rendered":"Como trabalhar na Enel, confira"},"content":{"rendered":"<p>Atualizado<\/p>\n\n\n<div class=\"wp-block-post-date\"><time datetime=\"2023-08-09T00:03:00-03:00\">09\/08\/2023<\/time><\/div>\n\n\n<p>Como trabalhar na Enel, empresa que al\u00e9m de hidrel\u00e9tricas, \u00e9 tamb\u00e9m focada na energia e\u00f3lica.<\/p>\n\n\n\n<p>A Enel \u00e9 uma importante distribuidora de energia el\u00e9trica.<br><br>A empresa faz o abastecimento de um n\u00famero alto de im\u00f3veis e contando com uma equipe extensa de t\u00e9cnicos e de profissionais de estrat\u00e9gia.<br><br>Atendendo em S\u00e3o Paulo, Cear\u00e1, Rio de Janeiro e Goi\u00e1s.<br><br>A sua metragem de cabos de energia \u00e9 grande, assim como as v\u00e1rias iniciativas para reduzir paradas no fornecimento, problemas t\u00e9cnicos e muito mais.<br><br>Dessa forma, veja algumas oportunidades que a Enel tem em aberto:<\/p>\n\n\n\n<ul class=\"wp-block-list\">\n<li>Analista pleno de security<\/li>\n\n\n\n<li>Engenheiro<\/li>\n\n\n\n<li>Analista senior em comunica\u00e7\u00e3o comercial<\/li>\n\n\n\n<li>Engenheiro especialista Wind Coe<\/li>\n\n\n\n<li>Analista junior processo<\/li>\n\n\n\n<li>Analista pleno digital sat\u00e9lite<\/li>\n\n\n\n<li>Especialista de planejamento<\/li>\n\n\n\n<li>T\u00e9cnico em seguran\u00e7a do trabalho pleno<\/li>\n\n\n\n<li>Analista de processos junior<\/li>\n\n\n\n<li>T\u00e9cnico em sistemas el\u00e9tricos de campo<\/li>\n\n\n\n<li>E muito mais<\/li>\n<\/ul>\n\n\n\n<p>Contudo, a  empresa de energia n\u00e3o d\u00e1 maiores informa\u00e7\u00f5es a respeito dos benef\u00edcios que os seus funcion\u00e1rios recebem.<\/p>\n\n\n\n<h2 class=\"wp-block-heading\"><strong>Como se inscrever e Como trabalhar na Enel<\/strong><\/h2>\n\n\n\n<p>A Enel tem um site para a candidatura de profissionais \u00e0s suas oportunidades: <a href=\"https:\/\/www.enel.com.br\/pt-saopaulo\/quemsomos\/trabalhe-conosco.html\">https:\/\/www.enel.com.br\/pt-saopaulo\/quemsomos\/trabalhe-conosco.html<\/a>.<\/p>\n\n\n\n<p>Nessa p\u00e1gina, todos os detalhes sobre o trabalho na empresa s\u00e3o mostrados e, ao final, existe um bot\u00e3o para conferir as vagas dispon\u00edveis atualmente.<\/p>\n\n\n\n<div class=\"wp-block-buttons is-horizontal is-content-justification-center is-layout-flex wp-container-core-buttons-is-layout-499968f5 wp-block-buttons-is-layout-flex\">\n<div class=\"wp-block-button\"><a class=\"wp-block-button__link has-black-color has-text-color has-background wp-element-button\" href=\"https:\/\/www.vagadeempregorj.com.br\/ar\/enviando-seu-curriculo-rapidamente\/\" style=\"background:linear-gradient(2deg,rgb(255,134,50) 64%,rgb(255,197,71) 100%)\"><strong>VEJA COMO SE CANDIDATAR<\/strong><\/a><\/div>\n<\/div>\n\n\n\n<p>Sendo assim, depois de clicar em \u201cCandidate-se online\u201d, o trabalhador precisa colocar o seu curr\u00edculo no banco de dados.<\/p>\n\n\n\n<p>Entretanto, quem quiser acompanhar a Enel pelo LinkedIn e conferir as oportunidades dispon\u00edveis precisa acessar <a href=\"https:\/\/br.linkedin.com\/company\/enelbrasil\">https:\/\/br.linkedin.com\/company\/enelbrasil<\/a>.<\/p>\n\n\n\n<h2 class=\"wp-block-heading\"><strong>Descubra mais sobre a Enel<\/strong><\/h2>\n\n\n\n<p>Trabalhando com v\u00e1rios tipos de energia el\u00e9trica, inclusive a e\u00f3lica.<\/p>\n\n\n\n<p>A Enel Brasil tamb\u00e9m trabalha com a transmiss\u00e3o desse recurso usando uma rede bem extensa e que atinge \u00e1reas estrat\u00e9gicas dos Estados atendidos.<\/p>\n\n\n\n<p>Dessa maneira, para ajudar os seus clientes, a Enel tem negocia\u00e7\u00e3o de d\u00e9bitos, tudo para evitar que os seus consumidores tenham menos chances de o seu abastecimento ser paralisado.<\/p>\n\n\n\n<p>Com um canal de atendimento online bem f\u00e1cil de usar, os clientes podem solicitar de forma autom\u00e1tica a liga\u00e7\u00e3o de energia para novos im\u00f3veis.<\/p>\n\n\n\n<p>Al\u00e9m disso, informar quando est\u00e1 faltando abastecimento, pedir a religa\u00e7\u00e3o depois de cortes por falta de pagamento e muito mais.<\/p>\n\n\n\n<p>Em suma, h\u00e1 atendimento nas unidades da Enel tamb\u00e9m, sendo comum que os consumidores se dirijam a elas para questionar valores da conta, por exemplo.<\/p>\n\n\n\n<div class=\"wp-block-buttons is-horizontal is-content-justification-center is-layout-flex wp-container-core-buttons-is-layout-499968f5 wp-block-buttons-is-layout-flex\">\n<div class=\"wp-block-button\"><a class=\"wp-block-button__link has-black-color has-text-color has-background wp-element-button\" href=\"https:\/\/www.vagadeempregorj.com.br\/ar\/vagas-de-emprego\/rio-de-janeiro\/\" style=\"border-radius:29px;background:linear-gradient(2deg,rgb(255,134,50) 60%,rgb(255,197,71) 100%)\"><strong>VEJA NOVAS VAGAS PARA SE CANDIDATAR<\/strong><\/a><\/div>\n<\/div>","protected":false},"excerpt":{"rendered":"<p>Como trabalhar na Enel, empresa que al\u00e9m de hidrel\u00e9tricas, \u00e9 tamb\u00e9m focada na energia e\u00f3lica.<\/p>","protected":false},"author":1,"featured_media":26190,"comment_status":"closed","ping_status":"closed","sticky":false,"template":"","format":"standard","meta":{"neve_meta_sidebar":"","neve_meta_container":"","neve_meta_enable_content_width":"","neve_meta_content_width":0,"neve_meta_title_alignment":"","neve_meta_author_avatar":"","neve_post_elements_order":"","neve_meta_disable_header":"","neve_meta_disable_footer":"","neve_meta_disable_title":"","footnotes":""},"categories":[123],"tags":[219,147],"class_list":["post-26186","post","type-post","status-publish","format-standard","has-post-thumbnail","hentry","category-vagas-de-emprego-nacionais","tag-enel","tag-vaga-de-emprego"],"yoast_head":"<!-- This site is optimized with the Yoast SEO plugin v27.5 - https:\/\/yoast.com\/product\/yoast-seo-wordpress\/ -->\n<title>Como trabalhar na Enel, confira -<\/title>\n<meta name=\"description\" content=\"Como trabalhar na Enel, empresa que al\u00e9m de hidrel\u00e9tricas, \u00e9 tamb\u00e9m focada na energia e\u00f3lica. Confira e envie o curr\u00edculo.\" \/>\n<meta name=\"robots\" content=\"index, follow, max-snippet:-1, max-image-preview:large, max-video-preview:-1\" \/>\n<link rel=\"canonical\" href=\"https:\/\/www.vagadeempregorj.com.br\/ar\/como-trabalhar-na-enel\/\" \/>\n<meta property=\"og:locale\" content=\"ar_AR\" \/>\n<meta property=\"og:type\" content=\"article\" \/>\n<meta property=\"og:title\" content=\"Como trabalhar na Enel, confira -\" \/>\n<meta property=\"og:description\" content=\"Como trabalhar na Enel, empresa que al\u00e9m de hidrel\u00e9tricas, \u00e9 tamb\u00e9m focada na energia e\u00f3lica. Confira e envie o curr\u00edculo.\" \/>\n<meta property=\"og:url\" content=\"https:\/\/www.vagadeempregorj.com.br\/ar\/como-trabalhar-na-enel\/\" \/>\n<meta property=\"article:publisher\" content=\"https:\/\/www.facebook.com\/empregobrasiloficial\" \/>\n<meta property=\"article:published_time\" content=\"2023-08-09T03:03:00+00:00\" \/>\n<meta property=\"og:image\" content=\"https:\/\/www.vagadeempregorj.com.br\/wp-content\/uploads\/2022\/03\/ENEL.jpg\" \/>\n\t<meta property=\"og:image:width\" content=\"1200\" \/>\n\t<meta property=\"og:image:height\" content=\"675\" \/>\n\t<meta property=\"og:image:type\" content=\"image\/jpeg\" \/>\n<meta name=\"author\" content=\"Ana B.\" \/>\n<meta name=\"twitter:card\" content=\"summary_large_image\" \/>\n<meta name=\"twitter:label1\" content=\"Written by\" \/>\n\t<meta name=\"twitter:data1\" content=\"Ana B.\" \/>\n\t<meta name=\"twitter:label2\" content=\"Est. reading time\" \/>\n\t<meta name=\"twitter:data2\" content=\"3 \u062f\u0642\u0627\u0626\u0642\" \/>\n<script type=\"application\/ld+json\" class=\"yoast-schema-graph\">{\"@context\":\"https:\\\/\\\/schema.org\",\"@graph\":[{\"@type\":\"Article\",\"@id\":\"https:\\\/\\\/www.vagadeempregorj.com.br\\\/como-trabalhar-na-enel\\\/#article\",\"isPartOf\":{\"@id\":\"https:\\\/\\\/www.vagadeempregorj.com.br\\\/como-trabalhar-na-enel\\\/\"},\"author\":{\"name\":\"Ana B.\",\"@id\":\"https:\\\/\\\/www.vagadeempregorj.com.br\\\/#\\\/schema\\\/person\\\/c0c38d5d765e86c3b7c8f12fb1ae6477\"},\"headline\":\"Como trabalhar na Enel, confira\",\"datePublished\":\"2023-08-09T03:03:00+00:00\",\"mainEntityOfPage\":{\"@id\":\"https:\\\/\\\/www.vagadeempregorj.com.br\\\/como-trabalhar-na-enel\\\/\"},\"wordCount\":441,\"image\":{\"@id\":\"https:\\\/\\\/www.vagadeempregorj.com.br\\\/como-trabalhar-na-enel\\\/#primaryimage\"},\"thumbnailUrl\":\"https:\\\/\\\/www.vagadeempregorj.com.br\\\/wp-content\\\/uploads\\\/2022\\\/03\\\/ENEL.jpg\",\"keywords\":[\"enel\",\"vaga de emprego\"],\"articleSection\":[\"Vagas de Emprego Nacionais\"],\"inLanguage\":\"ar\"},{\"@type\":\"WebPage\",\"@id\":\"https:\\\/\\\/www.vagadeempregorj.com.br\\\/como-trabalhar-na-enel\\\/\",\"url\":\"https:\\\/\\\/www.vagadeempregorj.com.br\\\/como-trabalhar-na-enel\\\/\",\"name\":\"Como trabalhar na Enel, confira -\",\"isPartOf\":{\"@id\":\"https:\\\/\\\/www.vagadeempregorj.com.br\\\/#website\"},\"primaryImageOfPage\":{\"@id\":\"https:\\\/\\\/www.vagadeempregorj.com.br\\\/como-trabalhar-na-enel\\\/#primaryimage\"},\"image\":{\"@id\":\"https:\\\/\\\/www.vagadeempregorj.com.br\\\/como-trabalhar-na-enel\\\/#primaryimage\"},\"thumbnailUrl\":\"https:\\\/\\\/www.vagadeempregorj.com.br\\\/wp-content\\\/uploads\\\/2022\\\/03\\\/ENEL.jpg\",\"datePublished\":\"2023-08-09T03:03:00+00:00\",\"author\":{\"@id\":\"https:\\\/\\\/www.vagadeempregorj.com.br\\\/#\\\/schema\\\/person\\\/c0c38d5d765e86c3b7c8f12fb1ae6477\"},\"description\":\"Como trabalhar na Enel, empresa que al\u00e9m de hidrel\u00e9tricas, \u00e9 tamb\u00e9m focada na energia e\u00f3lica. Confira e envie o curr\u00edculo.\",\"breadcrumb\":{\"@id\":\"https:\\\/\\\/www.vagadeempregorj.com.br\\\/como-trabalhar-na-enel\\\/#breadcrumb\"},\"inLanguage\":\"ar\",\"potentialAction\":[{\"@type\":\"ReadAction\",\"target\":[\"https:\\\/\\\/www.vagadeempregorj.com.br\\\/como-trabalhar-na-enel\\\/\"]}]},{\"@type\":\"ImageObject\",\"inLanguage\":\"ar\",\"@id\":\"https:\\\/\\\/www.vagadeempregorj.com.br\\\/como-trabalhar-na-enel\\\/#primaryimage\",\"url\":\"https:\\\/\\\/www.vagadeempregorj.com.br\\\/wp-content\\\/uploads\\\/2022\\\/03\\\/ENEL.jpg\",\"contentUrl\":\"https:\\\/\\\/www.vagadeempregorj.com.br\\\/wp-content\\\/uploads\\\/2022\\\/03\\\/ENEL.jpg\",\"width\":1200,\"height\":675,\"caption\":\"ENEL\"},{\"@type\":\"BreadcrumbList\",\"@id\":\"https:\\\/\\\/www.vagadeempregorj.com.br\\\/como-trabalhar-na-enel\\\/#breadcrumb\",\"itemListElement\":[{\"@type\":\"ListItem\",\"position\":1,\"name\":\"In\u00edcio\",\"item\":\"https:\\\/\\\/www.vagadeempregorj.com.br\\\/\"},{\"@type\":\"ListItem\",\"position\":2,\"name\":\"Vagas de Emprego Nacionais\",\"item\":\"https:\\\/\\\/www.vagadeempregorj.com.br\\\/vagas-de-emprego-nacionais\\\/\"},{\"@type\":\"ListItem\",\"position\":3,\"name\":\"Como trabalhar na Enel, confira\"}]},{\"@type\":\"WebSite\",\"@id\":\"https:\\\/\\\/www.vagadeempregorj.com.br\\\/#website\",\"url\":\"https:\\\/\\\/www.vagadeempregorj.com.br\\\/\",\"name\":\"\",\"description\":\"Conquiste Sonhos: Vagas, Benef\u00edcios e Economia para Transformar Vidas e Alcan\u00e7ar Melhorias Cotidianas\",\"potentialAction\":[{\"@type\":\"SearchAction\",\"target\":{\"@type\":\"EntryPoint\",\"urlTemplate\":\"https:\\\/\\\/www.vagadeempregorj.com.br\\\/?s={search_term_string}\"},\"query-input\":{\"@type\":\"PropertyValueSpecification\",\"valueRequired\":true,\"valueName\":\"search_term_string\"}}],\"inLanguage\":\"ar\"},{\"@type\":\"Person\",\"@id\":\"https:\\\/\\\/www.vagadeempregorj.com.br\\\/#\\\/schema\\\/person\\\/c0c38d5d765e86c3b7c8f12fb1ae6477\",\"name\":\"Ana B.\",\"image\":{\"@type\":\"ImageObject\",\"inLanguage\":\"ar\",\"@id\":\"https:\\\/\\\/secure.gravatar.com\\\/avatar\\\/f5efa58599e07f8dd92f26c7cfbc442fd115582bc681245452e503c2ef2334f3?s=96&r=g\",\"url\":\"https:\\\/\\\/secure.gravatar.com\\\/avatar\\\/f5efa58599e07f8dd92f26c7cfbc442fd115582bc681245452e503c2ef2334f3?s=96&r=g\",\"contentUrl\":\"https:\\\/\\\/secure.gravatar.com\\\/avatar\\\/f5efa58599e07f8dd92f26c7cfbc442fd115582bc681245452e503c2ef2334f3?s=96&r=g\",\"caption\":\"Ana B.\"},\"description\":\"Meu nome \u00e9 Ana e sou apaixonada em escrever. Dedico meu tempo escrevendo not\u00edcias e vagas de emprego diariamente no portal Vaga de Emprego RJ.\",\"url\":\"https:\\\/\\\/www.vagadeempregorj.com.br\\\/ar\\\/author\\\/vgrj\\\/\"}]}<\/script>\n<!-- \/ Yoast SEO plugin. -->","yoast_head_json":{"title":"Como trabalhar na Enel, confira -","description":"Como trabalhar na Enel, empresa que al\u00e9m de hidrel\u00e9tricas, \u00e9 tamb\u00e9m focada na energia e\u00f3lica. Confira e envie o curr\u00edculo.","robots":{"index":"index","follow":"follow","max-snippet":"max-snippet:-1","max-image-preview":"max-image-preview:large","max-video-preview":"max-video-preview:-1"},"canonical":"https:\/\/www.vagadeempregorj.com.br\/ar\/como-trabalhar-na-enel\/","og_locale":"ar_AR","og_type":"article","og_title":"Como trabalhar na Enel, confira -","og_description":"Como trabalhar na Enel, empresa que al\u00e9m de hidrel\u00e9tricas, \u00e9 tamb\u00e9m focada na energia e\u00f3lica. Confira e envie o curr\u00edculo.","og_url":"https:\/\/www.vagadeempregorj.com.br\/ar\/como-trabalhar-na-enel\/","article_publisher":"https:\/\/www.facebook.com\/empregobrasiloficial","article_published_time":"2023-08-09T03:03:00+00:00","og_image":[{"width":1200,"height":675,"url":"https:\/\/www.vagadeempregorj.com.br\/wp-content\/uploads\/2022\/03\/ENEL.jpg","type":"image\/jpeg"}],"author":"Ana B.","twitter_card":"summary_large_image","twitter_misc":{"Written by":"Ana B.","Est. reading time":"3 \u062f\u0642\u0627\u0626\u0642"},"schema":{"@context":"https:\/\/schema.org","@graph":[{"@type":"Article","@id":"https:\/\/www.vagadeempregorj.com.br\/como-trabalhar-na-enel\/#article","isPartOf":{"@id":"https:\/\/www.vagadeempregorj.com.br\/como-trabalhar-na-enel\/"},"author":{"name":"Ana B.","@id":"https:\/\/www.vagadeempregorj.com.br\/#\/schema\/person\/c0c38d5d765e86c3b7c8f12fb1ae6477"},"headline":"Como trabalhar na Enel, confira","datePublished":"2023-08-09T03:03:00+00:00","mainEntityOfPage":{"@id":"https:\/\/www.vagadeempregorj.com.br\/como-trabalhar-na-enel\/"},"wordCount":441,"image":{"@id":"https:\/\/www.vagadeempregorj.com.br\/como-trabalhar-na-enel\/#primaryimage"},"thumbnailUrl":"https:\/\/www.vagadeempregorj.com.br\/wp-content\/uploads\/2022\/03\/ENEL.jpg","keywords":["enel","vaga de emprego"],"articleSection":["Vagas de Emprego Nacionais"],"inLanguage":"ar"},{"@type":"WebPage","@id":"https:\/\/www.vagadeempregorj.com.br\/como-trabalhar-na-enel\/","url":"https:\/\/www.vagadeempregorj.com.br\/como-trabalhar-na-enel\/","name":"Como trabalhar na Enel, confira -","isPartOf":{"@id":"https:\/\/www.vagadeempregorj.com.br\/#website"},"primaryImageOfPage":{"@id":"https:\/\/www.vagadeempregorj.com.br\/como-trabalhar-na-enel\/#primaryimage"},"image":{"@id":"https:\/\/www.vagadeempregorj.com.br\/como-trabalhar-na-enel\/#primaryimage"},"thumbnailUrl":"https:\/\/www.vagadeempregorj.com.br\/wp-content\/uploads\/2022\/03\/ENEL.jpg","datePublished":"2023-08-09T03:03:00+00:00","author":{"@id":"https:\/\/www.vagadeempregorj.com.br\/#\/schema\/person\/c0c38d5d765e86c3b7c8f12fb1ae6477"},"description":"Como trabalhar na Enel, empresa que al\u00e9m de hidrel\u00e9tricas, \u00e9 tamb\u00e9m focada na energia e\u00f3lica. Confira e envie o curr\u00edculo.","breadcrumb":{"@id":"https:\/\/www.vagadeempregorj.com.br\/como-trabalhar-na-enel\/#breadcrumb"},"inLanguage":"ar","potentialAction":[{"@type":"ReadAction","target":["https:\/\/www.vagadeempregorj.com.br\/como-trabalhar-na-enel\/"]}]},{"@type":"ImageObject","inLanguage":"ar","@id":"https:\/\/www.vagadeempregorj.com.br\/como-trabalhar-na-enel\/#primaryimage","url":"https:\/\/www.vagadeempregorj.com.br\/wp-content\/uploads\/2022\/03\/ENEL.jpg","contentUrl":"https:\/\/www.vagadeempregorj.com.br\/wp-content\/uploads\/2022\/03\/ENEL.jpg","width":1200,"height":675,"caption":"ENEL"},{"@type":"BreadcrumbList","@id":"https:\/\/www.vagadeempregorj.com.br\/como-trabalhar-na-enel\/#breadcrumb","itemListElement":[{"@type":"ListItem","position":1,"name":"In\u00edcio","item":"https:\/\/www.vagadeempregorj.com.br\/"},{"@type":"ListItem","position":2,"name":"Vagas de Emprego Nacionais","item":"https:\/\/www.vagadeempregorj.com.br\/vagas-de-emprego-nacionais\/"},{"@type":"ListItem","position":3,"name":"Como trabalhar na Enel, confira"}]},{"@type":"WebSite","@id":"https:\/\/www.vagadeempregorj.com.br\/#website","url":"https:\/\/www.vagadeempregorj.com.br\/","name":"","description":"Conquiste Sonhos: Vagas, Benef\u00edcios e Economia para Transformar Vidas e Alcan\u00e7ar Melhorias Cotidianas","potentialAction":[{"@type":"SearchAction","target":{"@type":"EntryPoint","urlTemplate":"https:\/\/www.vagadeempregorj.com.br\/?s={search_term_string}"},"query-input":{"@type":"PropertyValueSpecification","valueRequired":true,"valueName":"search_term_string"}}],"inLanguage":"ar"},{"@type":"Person","@id":"https:\/\/www.vagadeempregorj.com.br\/#\/schema\/person\/c0c38d5d765e86c3b7c8f12fb1ae6477","name":"Ana B.","image":{"@type":"ImageObject","inLanguage":"ar","@id":"https:\/\/secure.gravatar.com\/avatar\/f5efa58599e07f8dd92f26c7cfbc442fd115582bc681245452e503c2ef2334f3?s=96&r=g","url":"https:\/\/secure.gravatar.com\/avatar\/f5efa58599e07f8dd92f26c7cfbc442fd115582bc681245452e503c2ef2334f3?s=96&r=g","contentUrl":"https:\/\/secure.gravatar.com\/avatar\/f5efa58599e07f8dd92f26c7cfbc442fd115582bc681245452e503c2ef2334f3?s=96&r=g","caption":"Ana B."},"description":"Meu nome \u00e9 Ana e sou apaixonada em escrever. Dedico meu tempo escrevendo not\u00edcias e vagas de emprego diariamente no portal Vaga de Emprego RJ.","url":"https:\/\/www.vagadeempregorj.com.br\/ar\/author\/vgrj\/"}]}},"_links":{"self":[{"href":"https:\/\/www.vagadeempregorj.com.br\/ar\/wp-json\/wp\/v2\/posts\/26186","targetHints":{"allow":["GET"]}}],"collection":[{"href":"https:\/\/www.vagadeempregorj.com.br\/ar\/wp-json\/wp\/v2\/posts"}],"about":[{"href":"https:\/\/www.vagadeempregorj.com.br\/ar\/wp-json\/wp\/v2\/types\/post"}],"author":[{"embeddable":true,"href":"https:\/\/www.vagadeempregorj.com.br\/ar\/wp-json\/wp\/v2\/users\/1"}],"replies":[{"embeddable":true,"href":"https:\/\/www.vagadeempregorj.com.br\/ar\/wp-json\/wp\/v2\/comments?post=26186"}],"version-history":[{"count":0,"href":"https:\/\/www.vagadeempregorj.com.br\/ar\/wp-json\/wp\/v2\/posts\/26186\/revisions"}],"wp:featuredmedia":[{"embeddable":true,"href":"https:\/\/www.vagadeempregorj.com.br\/ar\/wp-json\/wp\/v2\/media\/26190"}],"wp:attachment":[{"href":"https:\/\/www.vagadeempregorj.com.br\/ar\/wp-json\/wp\/v2\/media?parent=26186"}],"wp:term":[{"taxonomy":"category","embeddable":true,"href":"https:\/\/www.vagadeempregorj.com.br\/ar\/wp-json\/wp\/v2\/categories?post=26186"},{"taxonomy":"post_tag","embeddable":true,"href":"https:\/\/www.vagadeempregorj.com.br\/ar\/wp-json\/wp\/v2\/tags?post=26186"}],"curies":[{"name":"wp","href":"https:\/\/api.w.org\/{rel}","templated":true}]}}