{"id":26766,"date":"2023-08-18T00:01:00","date_gmt":"2023-08-18T03:01:00","guid":{"rendered":"https:\/\/www.vagadeempregorj.com.br\/?p=26766"},"modified":"2023-08-12T15:52:32","modified_gmt":"2023-08-12T18:52:32","slug":"trabalhe-conosco-docol","status":"publish","type":"post","link":"https:\/\/www.vagadeempregorj.com.br\/ar\/trabalhe-conosco-docol\/","title":{"rendered":"Trabalhe Conosco Docol, envie seu curr\u00edculo"},"content":{"rendered":"<p>Atualizado<\/p>\n\n\n<div class=\"wp-block-post-date\"><time datetime=\"2023-08-18T00:01:00-03:00\">18\/08\/2023<\/time><\/div>\n\n\n<p>Trabalhe Conosco Docol, com garantia para sempre, os seus produtos est\u00e3o em ambientes corporativos e dom\u00e9sticos.<\/p>\n\n\n\n<p>A Docol trabalha com a cria\u00e7\u00e3o de descargas, registros hidr\u00e1ulicos e outros tipos de produtos que podem ser usados na ind\u00fastria e nas casas.<br><br>Os itens do seu portf\u00f3lio s\u00e3o valorizados por causa da variedade de produtos, ela tamb\u00e9m costuma ser apontada como uma empresa satisfat\u00f3ria para se trabalhar.<br><br>A seguir, algumas das oportunidades que se pode conseguir trabalhando na Docol:<\/p>\n\n\n\n<ul class=\"wp-block-list\">\n<li>Assistente de administra\u00e7\u00e3o de vendas<\/li>\n\n\n\n<li>Coordenador de vendas boutique<\/li>\n\n\n\n<li>Estagi\u00e1rio<\/li>\n\n\n\n<li>Vendedor<\/li>\n\n\n\n<li>Analista de Recursos Humanos<\/li>\n\n\n\n<li>Banco de talentos<\/li>\n\n\n\n<li>Especificador t\u00e9cnico<\/li>\n\n\n\n<li>Supervisor de manuten\u00e7\u00e3o<\/li>\n\n\n\n<li>E outros<\/li>\n<\/ul>\n\n\n\n<p>Dentre os benef\u00edcios que os profissionais da empresa recebem, encontra-se: vale transporte, participa\u00e7\u00e3o nos lucros, conv\u00eanio m\u00e9dico e refei\u00e7\u00e3o no local.<\/p>\n\n\n\n<div class=\"wp-block-buttons is-horizontal is-content-justification-center is-layout-flex wp-container-core-buttons-is-layout-499968f5 wp-block-buttons-is-layout-flex\">\n<div class=\"wp-block-button\"><a class=\"wp-block-button__link has-black-color has-text-color has-background wp-element-button\" href=\"https:\/\/www.vagadeempregorj.com.br\/ar\/enviando-seu-curriculo-rapidamente\/\" style=\"background:linear-gradient(2deg,rgb(255,134,50) 64%,rgb(255,197,71) 100%)\"><strong>VEJA COMO SE CANDIDATAR<\/strong><\/a><\/div>\n<\/div>\n\n\n\n<h2 class=\"wp-block-heading\"><strong>Como se inscrever<\/strong><\/h2>\n\n\n\n<p>Todas as pessoas que est\u00e3o em busca de uma oportunidade para trabalhar na Docol precisam acessar <a href=\"https:\/\/www.docol.com.br\/trabalhe-conosco\">https:\/\/www.docol.com.br\/trabalhe-conosco<\/a> e clicar em \u201cConsulte nossas vagas em aberto\u201d.<\/p>\n\n\n\n<p>Logo depois, esses trabalhadores efetuam um cadastro para que seja poss\u00edvel o envio do curr\u00edculo, as candidaturas a qualquer oportunidade na empresa s\u00e3o gratuitas.<\/p>\n\n\n\n<p>A Docol tamb\u00e9m pode ser encontrada no LinkedIn e os usu\u00e1rios dessa rede s\u00f3 t\u00eam de acompanhar a empresa por meio do <a href=\"https:\/\/br.linkedin.com\/company\/docoloficial\">https:\/\/br.linkedin.com\/company\/docoloficial<\/a>.<\/p>\n\n\n\n<h2 class=\"wp-block-heading\"><strong>Descubra mais sobre a Docol<\/strong><\/h2>\n\n\n\n<p>A Docol tem nada menos que 65 anos de trabalho ajudando no acabamento de v\u00e1rias constru\u00e7\u00f5es, inclusive em instala\u00e7\u00f5es hospitalares.<\/p>\n\n\n\n<p>Al\u00e9m de os itens do seu portf\u00f3lio serem de elevada qualidade, eles s\u00e3o reconhecidos internacionalmente por causa do seu belo formato e dos materiais utilizados.<\/p>\n\n\n\n<p>Para uso corporativo, a Docol tem as seguintes pe\u00e7as: torneira com alavanca, acionamento por aproxima\u00e7\u00e3o, materiais de fixa\u00e7\u00e3o, sif\u00f5es, ralos e muito mais.<\/p>\n\n\n\n<p>Para uso em cozinhas, a empresa tem purificadores de \u00e1gua, itens especiais para cozinha gourmet, dispensadores de sab\u00e3o, cubas, registros de chuveiro, prateleiras e tanques.<\/p>\n\n\n\n<p>A pol\u00edtica de privacidade pode ser vista pelos clientes da marca quando desejarem, lembrando que os seus itens t\u00eam garantia para toda a vida.<\/p>\n\n\n\n<div class=\"wp-block-buttons is-horizontal is-content-justification-center is-layout-flex wp-container-core-buttons-is-layout-499968f5 wp-block-buttons-is-layout-flex\">\n<div class=\"wp-block-button\"><a class=\"wp-block-button__link has-black-color has-text-color has-background wp-element-button\" href=\"https:\/\/www.vagadeempregorj.com.br\/ar\/vagas-de-emprego\/rio-de-janeiro\/\" style=\"border-radius:29px;background:linear-gradient(2deg,rgb(255,134,50) 60%,rgb(255,197,71) 100%)\"><strong>VEJA NOVAS VAGAS PARA SE CANDIDATAR<\/strong><\/a><\/div>\n<\/div>","protected":false},"excerpt":{"rendered":"<p>Trabalhe Conosco Docol, com garantia para sempre, os seus produtos est\u00e3o em ambientes corporativos e dom\u00e9sticos.<\/p>","protected":false},"author":10,"featured_media":26831,"comment_status":"closed","ping_status":"closed","sticky":false,"template":"","format":"standard","meta":{"neve_meta_sidebar":"","neve_meta_container":"","neve_meta_enable_content_width":"","neve_meta_content_width":0,"neve_meta_title_alignment":"","neve_meta_author_avatar":"","neve_post_elements_order":"","neve_meta_disable_header":"","neve_meta_disable_footer":"","neve_meta_disable_title":"","footnotes":""},"categories":[123],"tags":[256,147],"class_list":["post-26766","post","type-post","status-publish","format-standard","has-post-thumbnail","hentry","category-vagas-de-emprego-nacionais","tag-docol","tag-vaga-de-emprego"],"yoast_head":"<!-- This site is optimized with the Yoast SEO plugin v27.5 - https:\/\/yoast.com\/product\/yoast-seo-wordpress\/ -->\n<title>Trabalhe Conosco Docol, envie seu curr\u00edculo -<\/title>\n<meta name=\"description\" content=\"Trabalhe Conosco Docol, com garantia para sempre, os seus produtos est\u00e3o em ambientes corporativos e dom\u00e9sticos.\" \/>\n<meta name=\"robots\" content=\"index, follow, max-snippet:-1, max-image-preview:large, max-video-preview:-1\" \/>\n<link rel=\"canonical\" href=\"https:\/\/www.vagadeempregorj.com.br\/ar\/trabalhe-conosco-docol\/\" \/>\n<meta property=\"og:locale\" content=\"ar_AR\" \/>\n<meta property=\"og:type\" content=\"article\" \/>\n<meta property=\"og:title\" content=\"Trabalhe Conosco Docol, envie seu curr\u00edculo -\" \/>\n<meta property=\"og:description\" content=\"Trabalhe Conosco Docol, com garantia para sempre, os seus produtos est\u00e3o em ambientes corporativos e dom\u00e9sticos.\" \/>\n<meta property=\"og:url\" content=\"https:\/\/www.vagadeempregorj.com.br\/ar\/trabalhe-conosco-docol\/\" \/>\n<meta property=\"article:publisher\" content=\"https:\/\/www.facebook.com\/empregobrasiloficial\" \/>\n<meta property=\"article:published_time\" content=\"2023-08-18T03:01:00+00:00\" \/>\n<meta property=\"og:image\" content=\"https:\/\/www.vagadeempregorj.com.br\/wp-content\/uploads\/2022\/03\/docol.jpg\" \/>\n\t<meta property=\"og:image:width\" content=\"1200\" \/>\n\t<meta property=\"og:image:height\" content=\"675\" \/>\n\t<meta property=\"og:image:type\" content=\"image\/jpeg\" \/>\n<meta name=\"author\" content=\"Pedro Santos\" \/>\n<meta name=\"twitter:card\" content=\"summary_large_image\" \/>\n<meta name=\"twitter:label1\" content=\"Written by\" \/>\n\t<meta name=\"twitter:data1\" content=\"Pedro Santos\" \/>\n\t<meta name=\"twitter:label2\" content=\"Est. reading time\" \/>\n\t<meta name=\"twitter:data2\" content=\"3 \u062f\u0642\u0627\u0626\u0642\" \/>\n<script type=\"application\/ld+json\" class=\"yoast-schema-graph\">{\"@context\":\"https:\\\/\\\/schema.org\",\"@graph\":[{\"@type\":\"Article\",\"@id\":\"https:\\\/\\\/www.vagadeempregorj.com.br\\\/trabalhe-conosco-docol\\\/#article\",\"isPartOf\":{\"@id\":\"https:\\\/\\\/www.vagadeempregorj.com.br\\\/trabalhe-conosco-docol\\\/\"},\"author\":{\"name\":\"Pedro Santos\",\"@id\":\"https:\\\/\\\/www.vagadeempregorj.com.br\\\/#\\\/schema\\\/person\\\/ff7c1ede281066d35b2813eb13f662ef\"},\"headline\":\"Trabalhe Conosco Docol, envie seu curr\u00edculo\",\"datePublished\":\"2023-08-18T03:01:00+00:00\",\"mainEntityOfPage\":{\"@id\":\"https:\\\/\\\/www.vagadeempregorj.com.br\\\/trabalhe-conosco-docol\\\/\"},\"wordCount\":385,\"image\":{\"@id\":\"https:\\\/\\\/www.vagadeempregorj.com.br\\\/trabalhe-conosco-docol\\\/#primaryimage\"},\"thumbnailUrl\":\"https:\\\/\\\/www.vagadeempregorj.com.br\\\/wp-content\\\/uploads\\\/2022\\\/03\\\/docol.jpg\",\"keywords\":[\"docol\",\"vaga de emprego\"],\"articleSection\":[\"Vagas de Emprego Nacionais\"],\"inLanguage\":\"ar\"},{\"@type\":\"WebPage\",\"@id\":\"https:\\\/\\\/www.vagadeempregorj.com.br\\\/trabalhe-conosco-docol\\\/\",\"url\":\"https:\\\/\\\/www.vagadeempregorj.com.br\\\/trabalhe-conosco-docol\\\/\",\"name\":\"Trabalhe Conosco Docol, envie seu curr\u00edculo -\",\"isPartOf\":{\"@id\":\"https:\\\/\\\/www.vagadeempregorj.com.br\\\/#website\"},\"primaryImageOfPage\":{\"@id\":\"https:\\\/\\\/www.vagadeempregorj.com.br\\\/trabalhe-conosco-docol\\\/#primaryimage\"},\"image\":{\"@id\":\"https:\\\/\\\/www.vagadeempregorj.com.br\\\/trabalhe-conosco-docol\\\/#primaryimage\"},\"thumbnailUrl\":\"https:\\\/\\\/www.vagadeempregorj.com.br\\\/wp-content\\\/uploads\\\/2022\\\/03\\\/docol.jpg\",\"datePublished\":\"2023-08-18T03:01:00+00:00\",\"author\":{\"@id\":\"https:\\\/\\\/www.vagadeempregorj.com.br\\\/#\\\/schema\\\/person\\\/ff7c1ede281066d35b2813eb13f662ef\"},\"description\":\"Trabalhe Conosco Docol, com garantia para sempre, os seus produtos est\u00e3o em ambientes corporativos e dom\u00e9sticos.\",\"breadcrumb\":{\"@id\":\"https:\\\/\\\/www.vagadeempregorj.com.br\\\/trabalhe-conosco-docol\\\/#breadcrumb\"},\"inLanguage\":\"ar\",\"potentialAction\":[{\"@type\":\"ReadAction\",\"target\":[\"https:\\\/\\\/www.vagadeempregorj.com.br\\\/trabalhe-conosco-docol\\\/\"]}]},{\"@type\":\"ImageObject\",\"inLanguage\":\"ar\",\"@id\":\"https:\\\/\\\/www.vagadeempregorj.com.br\\\/trabalhe-conosco-docol\\\/#primaryimage\",\"url\":\"https:\\\/\\\/www.vagadeempregorj.com.br\\\/wp-content\\\/uploads\\\/2022\\\/03\\\/docol.jpg\",\"contentUrl\":\"https:\\\/\\\/www.vagadeempregorj.com.br\\\/wp-content\\\/uploads\\\/2022\\\/03\\\/docol.jpg\",\"width\":1200,\"height\":675,\"caption\":\"docol\"},{\"@type\":\"BreadcrumbList\",\"@id\":\"https:\\\/\\\/www.vagadeempregorj.com.br\\\/trabalhe-conosco-docol\\\/#breadcrumb\",\"itemListElement\":[{\"@type\":\"ListItem\",\"position\":1,\"name\":\"In\u00edcio\",\"item\":\"https:\\\/\\\/www.vagadeempregorj.com.br\\\/\"},{\"@type\":\"ListItem\",\"position\":2,\"name\":\"Vagas de Emprego Nacionais\",\"item\":\"https:\\\/\\\/www.vagadeempregorj.com.br\\\/vagas-de-emprego-nacionais\\\/\"},{\"@type\":\"ListItem\",\"position\":3,\"name\":\"Trabalhe Conosco Docol, envie seu curr\u00edculo\"}]},{\"@type\":\"WebSite\",\"@id\":\"https:\\\/\\\/www.vagadeempregorj.com.br\\\/#website\",\"url\":\"https:\\\/\\\/www.vagadeempregorj.com.br\\\/\",\"name\":\"\",\"description\":\"Conquiste Sonhos: Vagas, Benef\u00edcios e Economia para Transformar Vidas e Alcan\u00e7ar Melhorias Cotidianas\",\"potentialAction\":[{\"@type\":\"SearchAction\",\"target\":{\"@type\":\"EntryPoint\",\"urlTemplate\":\"https:\\\/\\\/www.vagadeempregorj.com.br\\\/?s={search_term_string}\"},\"query-input\":{\"@type\":\"PropertyValueSpecification\",\"valueRequired\":true,\"valueName\":\"search_term_string\"}}],\"inLanguage\":\"ar\"},{\"@type\":\"Person\",\"@id\":\"https:\\\/\\\/www.vagadeempregorj.com.br\\\/#\\\/schema\\\/person\\\/ff7c1ede281066d35b2813eb13f662ef\",\"name\":\"Pedro Santos\",\"image\":{\"@type\":\"ImageObject\",\"inLanguage\":\"ar\",\"@id\":\"https:\\\/\\\/secure.gravatar.com\\\/avatar\\\/0f569c1b80e91280c9dc54d2dec96d0c5562a072cef4b08b7e3807948546027c?s=96&r=g\",\"url\":\"https:\\\/\\\/secure.gravatar.com\\\/avatar\\\/0f569c1b80e91280c9dc54d2dec96d0c5562a072cef4b08b7e3807948546027c?s=96&r=g\",\"contentUrl\":\"https:\\\/\\\/secure.gravatar.com\\\/avatar\\\/0f569c1b80e91280c9dc54d2dec96d0c5562a072cef4b08b7e3807948546027c?s=96&r=g\",\"caption\":\"Pedro Santos\"},\"description\":\"Meu nome \u00e9 Pedro e sou redator. Dedico meu tempo escrevendo vagas de emprego diariamente no portal Vaga de Emprego RJ\",\"url\":\"https:\\\/\\\/www.vagadeempregorj.com.br\\\/ar\\\/author\\\/fabio\\\/\"}]}<\/script>\n<!-- \/ Yoast SEO plugin. -->","yoast_head_json":{"title":"Trabalhe Conosco Docol, envie seu curr\u00edculo -","description":"Trabalhe Conosco Docol, com garantia para sempre, os seus produtos est\u00e3o em ambientes corporativos e dom\u00e9sticos.","robots":{"index":"index","follow":"follow","max-snippet":"max-snippet:-1","max-image-preview":"max-image-preview:large","max-video-preview":"max-video-preview:-1"},"canonical":"https:\/\/www.vagadeempregorj.com.br\/ar\/trabalhe-conosco-docol\/","og_locale":"ar_AR","og_type":"article","og_title":"Trabalhe Conosco Docol, envie seu curr\u00edculo -","og_description":"Trabalhe Conosco Docol, com garantia para sempre, os seus produtos est\u00e3o em ambientes corporativos e dom\u00e9sticos.","og_url":"https:\/\/www.vagadeempregorj.com.br\/ar\/trabalhe-conosco-docol\/","article_publisher":"https:\/\/www.facebook.com\/empregobrasiloficial","article_published_time":"2023-08-18T03:01:00+00:00","og_image":[{"width":1200,"height":675,"url":"https:\/\/www.vagadeempregorj.com.br\/wp-content\/uploads\/2022\/03\/docol.jpg","type":"image\/jpeg"}],"author":"Pedro Santos","twitter_card":"summary_large_image","twitter_misc":{"Written by":"Pedro Santos","Est. reading time":"3 \u062f\u0642\u0627\u0626\u0642"},"schema":{"@context":"https:\/\/schema.org","@graph":[{"@type":"Article","@id":"https:\/\/www.vagadeempregorj.com.br\/trabalhe-conosco-docol\/#article","isPartOf":{"@id":"https:\/\/www.vagadeempregorj.com.br\/trabalhe-conosco-docol\/"},"author":{"name":"Pedro Santos","@id":"https:\/\/www.vagadeempregorj.com.br\/#\/schema\/person\/ff7c1ede281066d35b2813eb13f662ef"},"headline":"Trabalhe Conosco Docol, envie seu curr\u00edculo","datePublished":"2023-08-18T03:01:00+00:00","mainEntityOfPage":{"@id":"https:\/\/www.vagadeempregorj.com.br\/trabalhe-conosco-docol\/"},"wordCount":385,"image":{"@id":"https:\/\/www.vagadeempregorj.com.br\/trabalhe-conosco-docol\/#primaryimage"},"thumbnailUrl":"https:\/\/www.vagadeempregorj.com.br\/wp-content\/uploads\/2022\/03\/docol.jpg","keywords":["docol","vaga de emprego"],"articleSection":["Vagas de Emprego Nacionais"],"inLanguage":"ar"},{"@type":"WebPage","@id":"https:\/\/www.vagadeempregorj.com.br\/trabalhe-conosco-docol\/","url":"https:\/\/www.vagadeempregorj.com.br\/trabalhe-conosco-docol\/","name":"Trabalhe Conosco Docol, envie seu curr\u00edculo -","isPartOf":{"@id":"https:\/\/www.vagadeempregorj.com.br\/#website"},"primaryImageOfPage":{"@id":"https:\/\/www.vagadeempregorj.com.br\/trabalhe-conosco-docol\/#primaryimage"},"image":{"@id":"https:\/\/www.vagadeempregorj.com.br\/trabalhe-conosco-docol\/#primaryimage"},"thumbnailUrl":"https:\/\/www.vagadeempregorj.com.br\/wp-content\/uploads\/2022\/03\/docol.jpg","datePublished":"2023-08-18T03:01:00+00:00","author":{"@id":"https:\/\/www.vagadeempregorj.com.br\/#\/schema\/person\/ff7c1ede281066d35b2813eb13f662ef"},"description":"Trabalhe Conosco Docol, com garantia para sempre, os seus produtos est\u00e3o em ambientes corporativos e dom\u00e9sticos.","breadcrumb":{"@id":"https:\/\/www.vagadeempregorj.com.br\/trabalhe-conosco-docol\/#breadcrumb"},"inLanguage":"ar","potentialAction":[{"@type":"ReadAction","target":["https:\/\/www.vagadeempregorj.com.br\/trabalhe-conosco-docol\/"]}]},{"@type":"ImageObject","inLanguage":"ar","@id":"https:\/\/www.vagadeempregorj.com.br\/trabalhe-conosco-docol\/#primaryimage","url":"https:\/\/www.vagadeempregorj.com.br\/wp-content\/uploads\/2022\/03\/docol.jpg","contentUrl":"https:\/\/www.vagadeempregorj.com.br\/wp-content\/uploads\/2022\/03\/docol.jpg","width":1200,"height":675,"caption":"docol"},{"@type":"BreadcrumbList","@id":"https:\/\/www.vagadeempregorj.com.br\/trabalhe-conosco-docol\/#breadcrumb","itemListElement":[{"@type":"ListItem","position":1,"name":"In\u00edcio","item":"https:\/\/www.vagadeempregorj.com.br\/"},{"@type":"ListItem","position":2,"name":"Vagas de Emprego Nacionais","item":"https:\/\/www.vagadeempregorj.com.br\/vagas-de-emprego-nacionais\/"},{"@type":"ListItem","position":3,"name":"Trabalhe Conosco Docol, envie seu curr\u00edculo"}]},{"@type":"WebSite","@id":"https:\/\/www.vagadeempregorj.com.br\/#website","url":"https:\/\/www.vagadeempregorj.com.br\/","name":"","description":"Conquiste Sonhos: Vagas, Benef\u00edcios e Economia para Transformar Vidas e Alcan\u00e7ar Melhorias Cotidianas","potentialAction":[{"@type":"SearchAction","target":{"@type":"EntryPoint","urlTemplate":"https:\/\/www.vagadeempregorj.com.br\/?s={search_term_string}"},"query-input":{"@type":"PropertyValueSpecification","valueRequired":true,"valueName":"search_term_string"}}],"inLanguage":"ar"},{"@type":"Person","@id":"https:\/\/www.vagadeempregorj.com.br\/#\/schema\/person\/ff7c1ede281066d35b2813eb13f662ef","name":"Pedro Santos","image":{"@type":"ImageObject","inLanguage":"ar","@id":"https:\/\/secure.gravatar.com\/avatar\/0f569c1b80e91280c9dc54d2dec96d0c5562a072cef4b08b7e3807948546027c?s=96&r=g","url":"https:\/\/secure.gravatar.com\/avatar\/0f569c1b80e91280c9dc54d2dec96d0c5562a072cef4b08b7e3807948546027c?s=96&r=g","contentUrl":"https:\/\/secure.gravatar.com\/avatar\/0f569c1b80e91280c9dc54d2dec96d0c5562a072cef4b08b7e3807948546027c?s=96&r=g","caption":"Pedro Santos"},"description":"Meu nome \u00e9 Pedro e sou redator. Dedico meu tempo escrevendo vagas de emprego diariamente no portal Vaga de Emprego RJ","url":"https:\/\/www.vagadeempregorj.com.br\/ar\/author\/fabio\/"}]}},"_links":{"self":[{"href":"https:\/\/www.vagadeempregorj.com.br\/ar\/wp-json\/wp\/v2\/posts\/26766","targetHints":{"allow":["GET"]}}],"collection":[{"href":"https:\/\/www.vagadeempregorj.com.br\/ar\/wp-json\/wp\/v2\/posts"}],"about":[{"href":"https:\/\/www.vagadeempregorj.com.br\/ar\/wp-json\/wp\/v2\/types\/post"}],"author":[{"embeddable":true,"href":"https:\/\/www.vagadeempregorj.com.br\/ar\/wp-json\/wp\/v2\/users\/10"}],"replies":[{"embeddable":true,"href":"https:\/\/www.vagadeempregorj.com.br\/ar\/wp-json\/wp\/v2\/comments?post=26766"}],"version-history":[{"count":0,"href":"https:\/\/www.vagadeempregorj.com.br\/ar\/wp-json\/wp\/v2\/posts\/26766\/revisions"}],"wp:featuredmedia":[{"embeddable":true,"href":"https:\/\/www.vagadeempregorj.com.br\/ar\/wp-json\/wp\/v2\/media\/26831"}],"wp:attachment":[{"href":"https:\/\/www.vagadeempregorj.com.br\/ar\/wp-json\/wp\/v2\/media?parent=26766"}],"wp:term":[{"taxonomy":"category","embeddable":true,"href":"https:\/\/www.vagadeempregorj.com.br\/ar\/wp-json\/wp\/v2\/categories?post=26766"},{"taxonomy":"post_tag","embeddable":true,"href":"https:\/\/www.vagadeempregorj.com.br\/ar\/wp-json\/wp\/v2\/tags?post=26766"}],"curies":[{"name":"wp","href":"https:\/\/api.w.org\/{rel}","templated":true}]}}