{"id":27211,"date":"2023-08-25T00:05:00","date_gmt":"2023-08-25T03:05:00","guid":{"rendered":"https:\/\/www.vagadeempregorj.com.br\/?p=27211"},"modified":"2023-08-19T17:02:03","modified_gmt":"2023-08-19T20:02:03","slug":"estagio-operador-de-treinamento-metlife","status":"publish","type":"post","link":"https:\/\/www.vagadeempregorj.com.br\/ar\/estagio-operador-de-treinamento-metlife\/","title":{"rendered":"Est\u00e1gio, Operador de Treinamento e outras Vagas na MetLife, candidate-se agora"},"content":{"rendered":"<p>Atualizado<\/p>\n\n\n<div class=\"wp-block-post-date\"><time datetime=\"2023-08-25T00:05:00-03:00\">25\/08\/2023<\/time><\/div>\n\n\n<p>Trabalhe Conosco MetLife, a empresa tem selo da ANS e h\u00e1 vagas para operador de atendimento.<\/p>\n\n\n\n<p>A MetLife \u00e9 uma companhia que trabalha com o oferecimento de seguros para outras empresas.<br><br>Entretanto, s\u00e3o muitas as pessoas f\u00edsicas que se beneficiam com as ap\u00f3lices, lembrando que essa corretora tem prote\u00e7\u00f5es para todos os momentos da vida.<br><br>O trabalho na MetLife \u00e9 bastante promissor para os candidatos e as vagas dispon\u00edveis s\u00e3o:<\/p>\n\n\n\n<ul class=\"wp-block-list\">\n<li>Coordenador de Planejamento Comercial<\/li>\n\n\n\n<li>Analista de Previd\u00eancia Fechada Jr<\/li>\n\n\n\n<li>Executivo Comercial I<\/li>\n\n\n\n<li>Assistente Administrativo I (Relacionamento Comercial)<\/li>\n\n\n\n<li>Analista de Subscri\u00e7\u00e3o Pl<\/li>\n\n\n\n<li>Analista de Pricing Sr<\/li>\n\n\n\n<li>Analista de treinamento comercial Sr<\/li>\n\n\n\n<li>Analista de treinamento e engajamento de vendas<\/li>\n\n\n\n<li>Analista de desenvolvimento de software pleno<\/li>\n\n\n\n<li>Estagi\u00e1rio<\/li>\n\n\n\n<li>Operador de treinamento<\/li>\n\n\n\n<li>E muito mais<\/li>\n<\/ul>\n\n\n\n<p>Os benef\u00edcios s\u00e3o: VT, VA, conv\u00eanio odontol\u00f3gica, previd\u00eancia privada, gympass, sal\u00e1rio competitivo, vale refei\u00e7\u00e3o, conv\u00eanio m\u00e9dico, seguro de vida, participa\u00e7\u00e3o nos lucros e aux\u00edlio creche.<\/p>\n\n\n\n<div class=\"wp-block-buttons is-horizontal is-content-justification-center is-layout-flex wp-container-core-buttons-is-layout-499968f5 wp-block-buttons-is-layout-flex\">\n<div class=\"wp-block-button\"><a class=\"wp-block-button__link has-black-color has-text-color has-background wp-element-button\" href=\"https:\/\/www.vagadeempregorj.com.br\/ar\/enviando-seu-curriculo-rapidamente\/\" style=\"background:linear-gradient(2deg,rgb(255,134,50) 64%,rgb(255,197,71) 100%)\"><strong>VEJA COMO SE CANDIDATAR<\/strong><\/a><\/div>\n<\/div>\n\n\n\n<h2 class=\"wp-block-heading\"><strong>Trabalhe Conosco MetLife, como se inscrever<\/strong><\/h2>\n\n\n\n<p>Para trabalhar na MetLife \u00e9 preciso apenas clicar em <a href=\"https:\/\/www.metlife.com.br\/sobre-a-metlife\/trabalhe-conosco\/\">https:\/\/jobs.metlife.com\/go\/Oportunidades-de-Emprego-no-Brasil\/8993800\/<\/a> e fazer o cadastro de dados.<\/p>\n\n\n\n<p>Nessa mesma p\u00e1gina, o trabalhador tem a chance de verificar quais s\u00e3o as oportunidades mais populares na empresa.<\/p>\n\n\n\n<p>As diversas oportunidades na seguradora compreendem benef\u00edcios diferentes; assim, nem todos os candidatos est\u00e3o sujeitos aos mesmos benef\u00edcios trabalhistas.<\/p>\n\n\n\n<h2 class=\"wp-block-heading\"><strong>Descubra mais sobre a MetLife<\/strong><\/h2>\n\n\n\n<p>A MetLife trabalha com o oferecimento de seguros dos seguintes tipos: acidentes pessoais, estudos de tend\u00eancias, seguro de vidas, planos odontol\u00f3gicos e muito mais.<\/p>\n\n\n\n<p>Vale salientar que a empresa tem servi\u00e7os especiais para profissionais dentistas, o que n\u00e3o \u00e9 muito comum de se ver.<\/p>\n\n\n\n<p>Os clientes podem ter ajuda para acionar a sua cobertura e a empresa garante consultoria financeira e h\u00e1 muitos profissionais que fazem atendimentos aos segurados.<\/p>\n\n\n\n<p>O blog da seguradora \u00e9 um \u00f3timo canal para que os segurados esclare\u00e7am suas d\u00favidas com rela\u00e7\u00e3o a coberturas a sinistros e muito mais. &nbsp;&nbsp;<\/p>\n\n\n\n<p>Um dos t\u00f3picos \u00e9 como escolher o profissional dentista que vai fazer atendimentos e como garantir que os seus filhos n\u00e3o tenham d\u00e9bitos no futuro.<\/p>\n\n\n\n<p>Vale dizer que a Ag\u00eancia Nacional de Sa\u00fade Suplementar (ANS) reconhece o trabalho dessa seguradora.<\/p>\n\n\n\n<div class=\"wp-block-buttons is-horizontal is-content-justification-center is-layout-flex wp-container-core-buttons-is-layout-499968f5 wp-block-buttons-is-layout-flex\">\n<div class=\"wp-block-button\"><a class=\"wp-block-button__link has-black-color has-text-color has-background wp-element-button\" href=\"https:\/\/www.vagadeempregorj.com.br\/ar\/vagas-de-emprego-nacionais\/\" style=\"border-radius:29px;background:linear-gradient(2deg,rgb(255,134,50) 60%,rgb(255,197,71) 100%)\"><strong>VEJA NOVAS VAGAS PARA SE CANDIDATAR<\/strong><\/a><\/div>\n<\/div>","protected":false},"excerpt":{"rendered":"<p>Benef\u00edcios: VT, VA, conv\u00eanio odontol\u00f3gica, previd\u00eancia privada, gympass, sal\u00e1rio competitivo, vale refei\u00e7\u00e3o, conv\u00eanio m\u00e9dico, seguro de vida, participa\u00e7\u00e3o nos lucros e aux\u00edlio creche.<\/p>","protected":false},"author":10,"featured_media":27224,"comment_status":"closed","ping_status":"closed","sticky":false,"template":"","format":"standard","meta":{"neve_meta_sidebar":"","neve_meta_container":"","neve_meta_enable_content_width":"","neve_meta_content_width":0,"neve_meta_title_alignment":"","neve_meta_author_avatar":"","neve_post_elements_order":"","neve_meta_disable_header":"","neve_meta_disable_footer":"","neve_meta_disable_title":"","footnotes":""},"categories":[123],"tags":[291,147],"class_list":["post-27211","post","type-post","status-publish","format-standard","has-post-thumbnail","hentry","category-vagas-de-emprego-nacionais","tag-metlife","tag-vaga-de-emprego"],"yoast_head":"<!-- This site is optimized with the Yoast SEO plugin v27.5 - https:\/\/yoast.com\/product\/yoast-seo-wordpress\/ -->\n<title>Est\u00e1gio, Operador de Treinamento e outras Vagas na MetLife, candidate-se agora -<\/title>\n<meta name=\"description\" content=\"Benef\u00edcios, VT, VA, conv\u00eanio odont., previd\u00eancia privada, gympass, sal\u00e1rio comp., VR, conv\u00eanio m\u00e9dico, seguro vida, part. lucros e aux creche.\" \/>\n<meta name=\"robots\" content=\"index, follow, max-snippet:-1, max-image-preview:large, max-video-preview:-1\" \/>\n<link rel=\"canonical\" href=\"https:\/\/www.vagadeempregorj.com.br\/ar\/estagio-operador-de-treinamento-metlife\/\" \/>\n<meta property=\"og:locale\" content=\"ar_AR\" \/>\n<meta property=\"og:type\" content=\"article\" \/>\n<meta property=\"og:title\" content=\"Est\u00e1gio, Operador de Treinamento e outras Vagas na MetLife, candidate-se agora -\" \/>\n<meta property=\"og:description\" content=\"Benef\u00edcios, VT, VA, conv\u00eanio odont., previd\u00eancia privada, gympass, sal\u00e1rio comp., VR, conv\u00eanio m\u00e9dico, seguro vida, part. lucros e aux creche.\" \/>\n<meta property=\"og:url\" content=\"https:\/\/www.vagadeempregorj.com.br\/ar\/estagio-operador-de-treinamento-metlife\/\" \/>\n<meta property=\"article:publisher\" content=\"https:\/\/www.facebook.com\/empregobrasiloficial\" \/>\n<meta property=\"article:published_time\" content=\"2023-08-25T03:05:00+00:00\" \/>\n<meta property=\"og:image\" content=\"https:\/\/www.vagadeempregorj.com.br\/wp-content\/uploads\/2022\/04\/metlife.jpg\" \/>\n\t<meta property=\"og:image:width\" content=\"1200\" \/>\n\t<meta property=\"og:image:height\" content=\"675\" \/>\n\t<meta property=\"og:image:type\" content=\"image\/jpeg\" \/>\n<meta name=\"author\" content=\"Pedro Santos\" \/>\n<meta name=\"twitter:card\" content=\"summary_large_image\" \/>\n<meta name=\"twitter:label1\" content=\"Written by\" \/>\n\t<meta name=\"twitter:data1\" content=\"Pedro Santos\" \/>\n\t<meta name=\"twitter:label2\" content=\"Est. reading time\" \/>\n\t<meta name=\"twitter:data2\" content=\"3 \u062f\u0642\u0627\u0626\u0642\" \/>\n<script type=\"application\/ld+json\" class=\"yoast-schema-graph\">{\"@context\":\"https:\\\/\\\/schema.org\",\"@graph\":[{\"@type\":\"Article\",\"@id\":\"https:\\\/\\\/www.vagadeempregorj.com.br\\\/estagio-operador-de-treinamento-metlife\\\/#article\",\"isPartOf\":{\"@id\":\"https:\\\/\\\/www.vagadeempregorj.com.br\\\/estagio-operador-de-treinamento-metlife\\\/\"},\"author\":{\"name\":\"Pedro Santos\",\"@id\":\"https:\\\/\\\/www.vagadeempregorj.com.br\\\/#\\\/schema\\\/person\\\/ff7c1ede281066d35b2813eb13f662ef\"},\"headline\":\"Est\u00e1gio, Operador de Treinamento e outras Vagas na MetLife, candidate-se agora\",\"datePublished\":\"2023-08-25T03:05:00+00:00\",\"mainEntityOfPage\":{\"@id\":\"https:\\\/\\\/www.vagadeempregorj.com.br\\\/estagio-operador-de-treinamento-metlife\\\/\"},\"wordCount\":403,\"image\":{\"@id\":\"https:\\\/\\\/www.vagadeempregorj.com.br\\\/estagio-operador-de-treinamento-metlife\\\/#primaryimage\"},\"thumbnailUrl\":\"https:\\\/\\\/www.vagadeempregorj.com.br\\\/wp-content\\\/uploads\\\/2022\\\/04\\\/metlife.jpg\",\"keywords\":[\"metlife\",\"vaga de emprego\"],\"articleSection\":[\"Vagas de Emprego Nacionais\"],\"inLanguage\":\"ar\"},{\"@type\":\"WebPage\",\"@id\":\"https:\\\/\\\/www.vagadeempregorj.com.br\\\/estagio-operador-de-treinamento-metlife\\\/\",\"url\":\"https:\\\/\\\/www.vagadeempregorj.com.br\\\/estagio-operador-de-treinamento-metlife\\\/\",\"name\":\"Est\u00e1gio, Operador de Treinamento e outras Vagas na MetLife, candidate-se agora -\",\"isPartOf\":{\"@id\":\"https:\\\/\\\/www.vagadeempregorj.com.br\\\/#website\"},\"primaryImageOfPage\":{\"@id\":\"https:\\\/\\\/www.vagadeempregorj.com.br\\\/estagio-operador-de-treinamento-metlife\\\/#primaryimage\"},\"image\":{\"@id\":\"https:\\\/\\\/www.vagadeempregorj.com.br\\\/estagio-operador-de-treinamento-metlife\\\/#primaryimage\"},\"thumbnailUrl\":\"https:\\\/\\\/www.vagadeempregorj.com.br\\\/wp-content\\\/uploads\\\/2022\\\/04\\\/metlife.jpg\",\"datePublished\":\"2023-08-25T03:05:00+00:00\",\"author\":{\"@id\":\"https:\\\/\\\/www.vagadeempregorj.com.br\\\/#\\\/schema\\\/person\\\/ff7c1ede281066d35b2813eb13f662ef\"},\"description\":\"Benef\u00edcios, VT, VA, conv\u00eanio odont., previd\u00eancia privada, gympass, sal\u00e1rio comp., VR, conv\u00eanio m\u00e9dico, seguro vida, part. lucros e aux creche.\",\"breadcrumb\":{\"@id\":\"https:\\\/\\\/www.vagadeempregorj.com.br\\\/estagio-operador-de-treinamento-metlife\\\/#breadcrumb\"},\"inLanguage\":\"ar\",\"potentialAction\":[{\"@type\":\"ReadAction\",\"target\":[\"https:\\\/\\\/www.vagadeempregorj.com.br\\\/estagio-operador-de-treinamento-metlife\\\/\"]}]},{\"@type\":\"ImageObject\",\"inLanguage\":\"ar\",\"@id\":\"https:\\\/\\\/www.vagadeempregorj.com.br\\\/estagio-operador-de-treinamento-metlife\\\/#primaryimage\",\"url\":\"https:\\\/\\\/www.vagadeempregorj.com.br\\\/wp-content\\\/uploads\\\/2022\\\/04\\\/metlife.jpg\",\"contentUrl\":\"https:\\\/\\\/www.vagadeempregorj.com.br\\\/wp-content\\\/uploads\\\/2022\\\/04\\\/metlife.jpg\",\"width\":1200,\"height\":675,\"caption\":\"metlife\"},{\"@type\":\"BreadcrumbList\",\"@id\":\"https:\\\/\\\/www.vagadeempregorj.com.br\\\/estagio-operador-de-treinamento-metlife\\\/#breadcrumb\",\"itemListElement\":[{\"@type\":\"ListItem\",\"position\":1,\"name\":\"In\u00edcio\",\"item\":\"https:\\\/\\\/www.vagadeempregorj.com.br\\\/\"},{\"@type\":\"ListItem\",\"position\":2,\"name\":\"Vagas de Emprego Nacionais\",\"item\":\"https:\\\/\\\/www.vagadeempregorj.com.br\\\/vagas-de-emprego-nacionais\\\/\"},{\"@type\":\"ListItem\",\"position\":3,\"name\":\"Est\u00e1gio, Operador de Treinamento e outras Vagas na MetLife, candidate-se agora\"}]},{\"@type\":\"WebSite\",\"@id\":\"https:\\\/\\\/www.vagadeempregorj.com.br\\\/#website\",\"url\":\"https:\\\/\\\/www.vagadeempregorj.com.br\\\/\",\"name\":\"\",\"description\":\"Conquiste Sonhos: Vagas, Benef\u00edcios e Economia para Transformar Vidas e Alcan\u00e7ar Melhorias Cotidianas\",\"potentialAction\":[{\"@type\":\"SearchAction\",\"target\":{\"@type\":\"EntryPoint\",\"urlTemplate\":\"https:\\\/\\\/www.vagadeempregorj.com.br\\\/?s={search_term_string}\"},\"query-input\":{\"@type\":\"PropertyValueSpecification\",\"valueRequired\":true,\"valueName\":\"search_term_string\"}}],\"inLanguage\":\"ar\"},{\"@type\":\"Person\",\"@id\":\"https:\\\/\\\/www.vagadeempregorj.com.br\\\/#\\\/schema\\\/person\\\/ff7c1ede281066d35b2813eb13f662ef\",\"name\":\"Pedro Santos\",\"image\":{\"@type\":\"ImageObject\",\"inLanguage\":\"ar\",\"@id\":\"https:\\\/\\\/secure.gravatar.com\\\/avatar\\\/0f569c1b80e91280c9dc54d2dec96d0c5562a072cef4b08b7e3807948546027c?s=96&r=g\",\"url\":\"https:\\\/\\\/secure.gravatar.com\\\/avatar\\\/0f569c1b80e91280c9dc54d2dec96d0c5562a072cef4b08b7e3807948546027c?s=96&r=g\",\"contentUrl\":\"https:\\\/\\\/secure.gravatar.com\\\/avatar\\\/0f569c1b80e91280c9dc54d2dec96d0c5562a072cef4b08b7e3807948546027c?s=96&r=g\",\"caption\":\"Pedro Santos\"},\"description\":\"Meu nome \u00e9 Pedro e sou redator. Dedico meu tempo escrevendo vagas de emprego diariamente no portal Vaga de Emprego RJ\",\"url\":\"https:\\\/\\\/www.vagadeempregorj.com.br\\\/ar\\\/author\\\/fabio\\\/\"}]}<\/script>\n<!-- \/ Yoast SEO plugin. -->","yoast_head_json":{"title":"Est\u00e1gio, Operador de Treinamento e outras Vagas na MetLife, candidate-se agora -","description":"Benef\u00edcios, VT, VA, conv\u00eanio odont., previd\u00eancia privada, gympass, sal\u00e1rio comp., VR, conv\u00eanio m\u00e9dico, seguro vida, part. lucros e aux creche.","robots":{"index":"index","follow":"follow","max-snippet":"max-snippet:-1","max-image-preview":"max-image-preview:large","max-video-preview":"max-video-preview:-1"},"canonical":"https:\/\/www.vagadeempregorj.com.br\/ar\/estagio-operador-de-treinamento-metlife\/","og_locale":"ar_AR","og_type":"article","og_title":"Est\u00e1gio, Operador de Treinamento e outras Vagas na MetLife, candidate-se agora -","og_description":"Benef\u00edcios, VT, VA, conv\u00eanio odont., previd\u00eancia privada, gympass, sal\u00e1rio comp., VR, conv\u00eanio m\u00e9dico, seguro vida, part. lucros e aux creche.","og_url":"https:\/\/www.vagadeempregorj.com.br\/ar\/estagio-operador-de-treinamento-metlife\/","article_publisher":"https:\/\/www.facebook.com\/empregobrasiloficial","article_published_time":"2023-08-25T03:05:00+00:00","og_image":[{"width":1200,"height":675,"url":"https:\/\/www.vagadeempregorj.com.br\/wp-content\/uploads\/2022\/04\/metlife.jpg","type":"image\/jpeg"}],"author":"Pedro Santos","twitter_card":"summary_large_image","twitter_misc":{"Written by":"Pedro Santos","Est. reading time":"3 \u062f\u0642\u0627\u0626\u0642"},"schema":{"@context":"https:\/\/schema.org","@graph":[{"@type":"Article","@id":"https:\/\/www.vagadeempregorj.com.br\/estagio-operador-de-treinamento-metlife\/#article","isPartOf":{"@id":"https:\/\/www.vagadeempregorj.com.br\/estagio-operador-de-treinamento-metlife\/"},"author":{"name":"Pedro Santos","@id":"https:\/\/www.vagadeempregorj.com.br\/#\/schema\/person\/ff7c1ede281066d35b2813eb13f662ef"},"headline":"Est\u00e1gio, Operador de Treinamento e outras Vagas na MetLife, candidate-se agora","datePublished":"2023-08-25T03:05:00+00:00","mainEntityOfPage":{"@id":"https:\/\/www.vagadeempregorj.com.br\/estagio-operador-de-treinamento-metlife\/"},"wordCount":403,"image":{"@id":"https:\/\/www.vagadeempregorj.com.br\/estagio-operador-de-treinamento-metlife\/#primaryimage"},"thumbnailUrl":"https:\/\/www.vagadeempregorj.com.br\/wp-content\/uploads\/2022\/04\/metlife.jpg","keywords":["metlife","vaga de emprego"],"articleSection":["Vagas de Emprego Nacionais"],"inLanguage":"ar"},{"@type":"WebPage","@id":"https:\/\/www.vagadeempregorj.com.br\/estagio-operador-de-treinamento-metlife\/","url":"https:\/\/www.vagadeempregorj.com.br\/estagio-operador-de-treinamento-metlife\/","name":"Est\u00e1gio, Operador de Treinamento e outras Vagas na MetLife, candidate-se agora -","isPartOf":{"@id":"https:\/\/www.vagadeempregorj.com.br\/#website"},"primaryImageOfPage":{"@id":"https:\/\/www.vagadeempregorj.com.br\/estagio-operador-de-treinamento-metlife\/#primaryimage"},"image":{"@id":"https:\/\/www.vagadeempregorj.com.br\/estagio-operador-de-treinamento-metlife\/#primaryimage"},"thumbnailUrl":"https:\/\/www.vagadeempregorj.com.br\/wp-content\/uploads\/2022\/04\/metlife.jpg","datePublished":"2023-08-25T03:05:00+00:00","author":{"@id":"https:\/\/www.vagadeempregorj.com.br\/#\/schema\/person\/ff7c1ede281066d35b2813eb13f662ef"},"description":"Benef\u00edcios, VT, VA, conv\u00eanio odont., previd\u00eancia privada, gympass, sal\u00e1rio comp., VR, conv\u00eanio m\u00e9dico, seguro vida, part. lucros e aux creche.","breadcrumb":{"@id":"https:\/\/www.vagadeempregorj.com.br\/estagio-operador-de-treinamento-metlife\/#breadcrumb"},"inLanguage":"ar","potentialAction":[{"@type":"ReadAction","target":["https:\/\/www.vagadeempregorj.com.br\/estagio-operador-de-treinamento-metlife\/"]}]},{"@type":"ImageObject","inLanguage":"ar","@id":"https:\/\/www.vagadeempregorj.com.br\/estagio-operador-de-treinamento-metlife\/#primaryimage","url":"https:\/\/www.vagadeempregorj.com.br\/wp-content\/uploads\/2022\/04\/metlife.jpg","contentUrl":"https:\/\/www.vagadeempregorj.com.br\/wp-content\/uploads\/2022\/04\/metlife.jpg","width":1200,"height":675,"caption":"metlife"},{"@type":"BreadcrumbList","@id":"https:\/\/www.vagadeempregorj.com.br\/estagio-operador-de-treinamento-metlife\/#breadcrumb","itemListElement":[{"@type":"ListItem","position":1,"name":"In\u00edcio","item":"https:\/\/www.vagadeempregorj.com.br\/"},{"@type":"ListItem","position":2,"name":"Vagas de Emprego Nacionais","item":"https:\/\/www.vagadeempregorj.com.br\/vagas-de-emprego-nacionais\/"},{"@type":"ListItem","position":3,"name":"Est\u00e1gio, Operador de Treinamento e outras Vagas na MetLife, candidate-se agora"}]},{"@type":"WebSite","@id":"https:\/\/www.vagadeempregorj.com.br\/#website","url":"https:\/\/www.vagadeempregorj.com.br\/","name":"","description":"Conquiste Sonhos: Vagas, Benef\u00edcios e Economia para Transformar Vidas e Alcan\u00e7ar Melhorias Cotidianas","potentialAction":[{"@type":"SearchAction","target":{"@type":"EntryPoint","urlTemplate":"https:\/\/www.vagadeempregorj.com.br\/?s={search_term_string}"},"query-input":{"@type":"PropertyValueSpecification","valueRequired":true,"valueName":"search_term_string"}}],"inLanguage":"ar"},{"@type":"Person","@id":"https:\/\/www.vagadeempregorj.com.br\/#\/schema\/person\/ff7c1ede281066d35b2813eb13f662ef","name":"Pedro Santos","image":{"@type":"ImageObject","inLanguage":"ar","@id":"https:\/\/secure.gravatar.com\/avatar\/0f569c1b80e91280c9dc54d2dec96d0c5562a072cef4b08b7e3807948546027c?s=96&r=g","url":"https:\/\/secure.gravatar.com\/avatar\/0f569c1b80e91280c9dc54d2dec96d0c5562a072cef4b08b7e3807948546027c?s=96&r=g","contentUrl":"https:\/\/secure.gravatar.com\/avatar\/0f569c1b80e91280c9dc54d2dec96d0c5562a072cef4b08b7e3807948546027c?s=96&r=g","caption":"Pedro Santos"},"description":"Meu nome \u00e9 Pedro e sou redator. Dedico meu tempo escrevendo vagas de emprego diariamente no portal Vaga de Emprego RJ","url":"https:\/\/www.vagadeempregorj.com.br\/ar\/author\/fabio\/"}]}},"_links":{"self":[{"href":"https:\/\/www.vagadeempregorj.com.br\/ar\/wp-json\/wp\/v2\/posts\/27211","targetHints":{"allow":["GET"]}}],"collection":[{"href":"https:\/\/www.vagadeempregorj.com.br\/ar\/wp-json\/wp\/v2\/posts"}],"about":[{"href":"https:\/\/www.vagadeempregorj.com.br\/ar\/wp-json\/wp\/v2\/types\/post"}],"author":[{"embeddable":true,"href":"https:\/\/www.vagadeempregorj.com.br\/ar\/wp-json\/wp\/v2\/users\/10"}],"replies":[{"embeddable":true,"href":"https:\/\/www.vagadeempregorj.com.br\/ar\/wp-json\/wp\/v2\/comments?post=27211"}],"version-history":[{"count":0,"href":"https:\/\/www.vagadeempregorj.com.br\/ar\/wp-json\/wp\/v2\/posts\/27211\/revisions"}],"wp:featuredmedia":[{"embeddable":true,"href":"https:\/\/www.vagadeempregorj.com.br\/ar\/wp-json\/wp\/v2\/media\/27224"}],"wp:attachment":[{"href":"https:\/\/www.vagadeempregorj.com.br\/ar\/wp-json\/wp\/v2\/media?parent=27211"}],"wp:term":[{"taxonomy":"category","embeddable":true,"href":"https:\/\/www.vagadeempregorj.com.br\/ar\/wp-json\/wp\/v2\/categories?post=27211"},{"taxonomy":"post_tag","embeddable":true,"href":"https:\/\/www.vagadeempregorj.com.br\/ar\/wp-json\/wp\/v2\/tags?post=27211"}],"curies":[{"name":"wp","href":"https:\/\/api.w.org\/{rel}","templated":true}]}}