{"id":27307,"date":"2023-08-30T00:05:00","date_gmt":"2023-08-30T03:05:00","guid":{"rendered":"https:\/\/www.vagadeempregorj.com.br\/?p=27307"},"modified":"2023-08-26T11:51:21","modified_gmt":"2023-08-26T14:51:21","slug":"vagas-orientador-de-loja","status":"publish","type":"post","link":"https:\/\/www.vagadeempregorj.com.br\/ar\/vagas-orientador-de-loja\/","title":{"rendered":"Vagas: orientador de loja, est\u00e1gio em farm\u00e1cia e outras vagas na Droga Raia, veja"},"content":{"rendered":"<p>Atualizado<\/p>\n\n\n<div class=\"wp-block-post-date\"><time datetime=\"2023-08-30T00:05:00-03:00\">30\/08\/2023<\/time><\/div>\n\n\n<p>Vagas: orientador de loja Droga Raia, al\u00e9m dessa, tr\u00eas vagas s\u00e3o as mais recorrentes nas unidades dessa farm\u00e1cia<strong>.<\/strong><\/p>\n\n\n\n<p>A Droga Raia \u00e9 uma rede de farm\u00e1cias que atende milh\u00f5es de clientes que precisam de produtos de higiene pessoal, alimentos para beb\u00eas e medica\u00e7\u00f5es.<br><br>As suas farm\u00e1cias s\u00e3o s\u00edmbolo de confian\u00e7a e de atendimento humanizado, inclusive com a aplica\u00e7\u00e3o de rem\u00e9dios intramusculares e outros servi\u00e7os na \u00e1rea do bem-estar.<br><br>As vagas para atuar na Droga Raia, no momento, s\u00e3o estas:<\/p>\n\n\n\n<ul class=\"wp-block-list\">\n<li>Est\u00e1gio em Farm\u00e1cia<\/li>\n\n\n\n<li>Farmac\u00eautico<\/li>\n\n\n\n<li>Orientador de loja<\/li>\n<\/ul>\n\n\n\n<p>Considerando que s\u00e3o muitas unidades dessa rede farmac\u00eautica, \u00e9 claro que tamb\u00e9m h\u00e1 um n\u00famero grande de vagas para os mesmos cargos.<\/p>\n\n\n\n<p>Os benef\u00edcios pagos pela Droga Raia \u00e0 sua equipe s\u00e3o: Aux\u00edlio academia, Vale transporte, Assist\u00eancia m\u00e9dica, Aux\u00edlio desenvolvimento, Assist\u00eancia odontol\u00f3gica e Seguro de vida.<\/p>\n\n\n\n<div class=\"wp-block-buttons is-horizontal is-content-justification-center is-layout-flex wp-container-core-buttons-is-layout-499968f5 wp-block-buttons-is-layout-flex\">\n<div class=\"wp-block-button\"><a class=\"wp-block-button__link has-black-color has-text-color has-background wp-element-button\" href=\"https:\/\/www.vagadeempregorj.com.br\/ar\/enviando-seu-curriculo-rapidamente\/\" style=\"background:linear-gradient(2deg,rgb(255,134,50) 64%,rgb(255,197,71) 100%)\"><strong>VEJA COMO SE CANDIDATAR<\/strong><\/a><\/div>\n<\/div>\n\n\n\n<h2 class=\"wp-block-heading\">Vagas: orientador de loja Droga Raia, como se inscrever<\/h2>\n\n\n\n<p>As inscri\u00e7\u00f5es na Droga Raia podem ser efetuadas usando o link <a href=\"https:\/\/trabalheconosco.vagas.com.br\/drogaraia\/oportunidades\">https:\/\/trabalheconosco.vagas.com.br\/drogaraia\/oportunidades<\/a>.<\/p>\n\n\n\n<p>Al\u00e9m disso, abrindo alguma das vagas na farm\u00e1cia, o candidato pode descobrir o restante dos benef\u00edcios que a farm\u00e1cia tem para a sua equipe.<\/p>\n\n\n\n<p>\u00c9 indicado ir ao LinkedIn da Droga Raia periodicamente para ver quando ela tem programas de est\u00e1gios, por exemplo; a p\u00e1gina \u00e9 a <a href=\"https:\/\/www.linkedin.com\/company\/droga-raia\/?originalSubdomain=br\">https:\/\/www.linkedin.com\/company\/droga-raia\/?originalSubdomain=br<\/a>.<\/p>\n\n\n\n<h2 class=\"wp-block-heading\"><strong>Descubra mais sobre a Droga Raia<\/strong><\/h2>\n\n\n\n<p>Al\u00e9m dos medicamentos, a Droga Raia tem atendido a muitos consumidores que precisam de vacina para a gripe, podendo fazer a aplica\u00e7\u00e3o nas pr\u00f3prias unidades.<\/p>\n\n\n\n<p>N\u00e3o esquecendo de que essa rede tem auto-testes de COVID e de que os consumidores que preferirem podem fazer o teste tradicional nas suas farm\u00e1cias.<\/p>\n\n\n\n<p>Os produtos t\u00eam pre\u00e7o competitivos s\u00e3o vitaminas, bebidas, rem\u00e9dios fitoter\u00e1picos, itens para sa\u00fade digestiva, produtos para treino de exerc\u00edcios, monitores e tratamento para a pele.<\/p>\n\n\n\n<p>Os consumidores t\u00eam a op\u00e7\u00e3o de pedir online v\u00e1rios produtos dessa farm\u00e1cia e o selo de seguran\u00e7a do site \u00e9 o Confi.<\/p>\n\n\n\n<div class=\"wp-block-buttons is-horizontal is-content-justification-center is-layout-flex wp-container-core-buttons-is-layout-499968f5 wp-block-buttons-is-layout-flex\">\n<div class=\"wp-block-button\"><a class=\"wp-block-button__link has-black-color has-text-color has-background wp-element-button\" href=\"https:\/\/www.vagadeempregorj.com.br\/ar\/vagas-de-emprego-nacionais\/\" style=\"border-radius:29px;background:linear-gradient(2deg,rgb(255,134,50) 60%,rgb(255,197,71) 100%)\"><strong>VEJA NOVAS VAGAS PARA SE CANDIDATAR<\/strong><\/a><\/div>\n<\/div>","protected":false},"excerpt":{"rendered":"<p>Benef\u00edcios: Aux\u00edlio academia, Vale transporte, Assist\u00eancia m\u00e9dica, Aux\u00edlio desenvolvimento, Assist\u00eancia odontol\u00f3gica e Seguro de vida.<\/p>","protected":false},"author":10,"featured_media":27333,"comment_status":"closed","ping_status":"closed","sticky":false,"template":"","format":"standard","meta":{"neve_meta_sidebar":"","neve_meta_container":"","neve_meta_enable_content_width":"","neve_meta_content_width":0,"neve_meta_title_alignment":"","neve_meta_author_avatar":"","neve_post_elements_order":"","neve_meta_disable_header":"","neve_meta_disable_footer":"","neve_meta_disable_title":"","footnotes":""},"categories":[123],"tags":[169,147],"class_list":["post-27307","post","type-post","status-publish","format-standard","has-post-thumbnail","hentry","category-vagas-de-emprego-nacionais","tag-droga-raia","tag-vaga-de-emprego"],"yoast_head":"<!-- This site is optimized with the Yoast SEO plugin v27.5 - https:\/\/yoast.com\/product\/yoast-seo-wordpress\/ -->\n<title>Vagas: orientador de loja, est\u00e1gio em farm\u00e1cia e outras vagas na Droga Raia, veja -<\/title>\n<meta name=\"description\" content=\"Vagas: orientador de loja Droga Raia. Benef\u00edcios: Aux\u00edlio academia, Vale transporte, Assist\u00eancia m\u00e9dica, Aux\u00edlio desenvolvimento, Assist...\" \/>\n<meta name=\"robots\" content=\"index, follow, max-snippet:-1, max-image-preview:large, max-video-preview:-1\" \/>\n<link rel=\"canonical\" href=\"https:\/\/www.vagadeempregorj.com.br\/ar\/vagas-orientador-de-loja\/\" \/>\n<meta property=\"og:locale\" content=\"ar_AR\" \/>\n<meta property=\"og:type\" content=\"article\" \/>\n<meta property=\"og:title\" content=\"Vagas: orientador de loja, est\u00e1gio em farm\u00e1cia e outras vagas na Droga Raia, veja -\" \/>\n<meta property=\"og:description\" content=\"Vagas: orientador de loja Droga Raia. Benef\u00edcios: Aux\u00edlio academia, Vale transporte, Assist\u00eancia m\u00e9dica, Aux\u00edlio desenvolvimento, Assist...\" \/>\n<meta property=\"og:url\" content=\"https:\/\/www.vagadeempregorj.com.br\/ar\/vagas-orientador-de-loja\/\" \/>\n<meta property=\"article:publisher\" content=\"https:\/\/www.facebook.com\/empregobrasiloficial\" \/>\n<meta property=\"article:published_time\" content=\"2023-08-30T03:05:00+00:00\" \/>\n<meta property=\"og:image\" content=\"https:\/\/www.vagadeempregorj.com.br\/wp-content\/uploads\/2022\/04\/farmacia-droga-raia.jpg\" \/>\n\t<meta property=\"og:image:width\" content=\"1200\" \/>\n\t<meta property=\"og:image:height\" content=\"675\" \/>\n\t<meta property=\"og:image:type\" content=\"image\/jpeg\" \/>\n<meta name=\"author\" content=\"Pedro Santos\" \/>\n<meta name=\"twitter:card\" content=\"summary_large_image\" \/>\n<meta name=\"twitter:label1\" content=\"Written by\" \/>\n\t<meta name=\"twitter:data1\" content=\"Pedro Santos\" \/>\n\t<meta name=\"twitter:label2\" content=\"Est. reading time\" \/>\n\t<meta name=\"twitter:data2\" content=\"\u062f\u0642\u064a\u0642\u062a\u0627\u0646\" \/>\n<script type=\"application\/ld+json\" class=\"yoast-schema-graph\">{\"@context\":\"https:\\\/\\\/schema.org\",\"@graph\":[{\"@type\":\"Article\",\"@id\":\"https:\\\/\\\/www.vagadeempregorj.com.br\\\/vagas-orientador-de-loja\\\/#article\",\"isPartOf\":{\"@id\":\"https:\\\/\\\/www.vagadeempregorj.com.br\\\/vagas-orientador-de-loja\\\/\"},\"author\":{\"name\":\"Pedro Santos\",\"@id\":\"https:\\\/\\\/www.vagadeempregorj.com.br\\\/#\\\/schema\\\/person\\\/ff7c1ede281066d35b2813eb13f662ef\"},\"headline\":\"Vagas: orientador de loja, est\u00e1gio em farm\u00e1cia e outras vagas na Droga Raia, veja\",\"datePublished\":\"2023-08-30T03:05:00+00:00\",\"mainEntityOfPage\":{\"@id\":\"https:\\\/\\\/www.vagadeempregorj.com.br\\\/vagas-orientador-de-loja\\\/\"},\"wordCount\":393,\"image\":{\"@id\":\"https:\\\/\\\/www.vagadeempregorj.com.br\\\/vagas-orientador-de-loja\\\/#primaryimage\"},\"thumbnailUrl\":\"https:\\\/\\\/www.vagadeempregorj.com.br\\\/wp-content\\\/uploads\\\/2022\\\/04\\\/farmacia-droga-raia.jpg\",\"keywords\":[\"droga raia\",\"vaga de emprego\"],\"articleSection\":[\"Vagas de Emprego Nacionais\"],\"inLanguage\":\"ar\"},{\"@type\":\"WebPage\",\"@id\":\"https:\\\/\\\/www.vagadeempregorj.com.br\\\/vagas-orientador-de-loja\\\/\",\"url\":\"https:\\\/\\\/www.vagadeempregorj.com.br\\\/vagas-orientador-de-loja\\\/\",\"name\":\"Vagas: orientador de loja, est\u00e1gio em farm\u00e1cia e outras vagas na Droga Raia, veja -\",\"isPartOf\":{\"@id\":\"https:\\\/\\\/www.vagadeempregorj.com.br\\\/#website\"},\"primaryImageOfPage\":{\"@id\":\"https:\\\/\\\/www.vagadeempregorj.com.br\\\/vagas-orientador-de-loja\\\/#primaryimage\"},\"image\":{\"@id\":\"https:\\\/\\\/www.vagadeempregorj.com.br\\\/vagas-orientador-de-loja\\\/#primaryimage\"},\"thumbnailUrl\":\"https:\\\/\\\/www.vagadeempregorj.com.br\\\/wp-content\\\/uploads\\\/2022\\\/04\\\/farmacia-droga-raia.jpg\",\"datePublished\":\"2023-08-30T03:05:00+00:00\",\"author\":{\"@id\":\"https:\\\/\\\/www.vagadeempregorj.com.br\\\/#\\\/schema\\\/person\\\/ff7c1ede281066d35b2813eb13f662ef\"},\"description\":\"Vagas: orientador de loja Droga Raia. Benef\u00edcios: Aux\u00edlio academia, Vale transporte, Assist\u00eancia m\u00e9dica, Aux\u00edlio desenvolvimento, Assist...\",\"breadcrumb\":{\"@id\":\"https:\\\/\\\/www.vagadeempregorj.com.br\\\/vagas-orientador-de-loja\\\/#breadcrumb\"},\"inLanguage\":\"ar\",\"potentialAction\":[{\"@type\":\"ReadAction\",\"target\":[\"https:\\\/\\\/www.vagadeempregorj.com.br\\\/vagas-orientador-de-loja\\\/\"]}]},{\"@type\":\"ImageObject\",\"inLanguage\":\"ar\",\"@id\":\"https:\\\/\\\/www.vagadeempregorj.com.br\\\/vagas-orientador-de-loja\\\/#primaryimage\",\"url\":\"https:\\\/\\\/www.vagadeempregorj.com.br\\\/wp-content\\\/uploads\\\/2022\\\/04\\\/farmacia-droga-raia.jpg\",\"contentUrl\":\"https:\\\/\\\/www.vagadeempregorj.com.br\\\/wp-content\\\/uploads\\\/2022\\\/04\\\/farmacia-droga-raia.jpg\",\"width\":1200,\"height\":675,\"caption\":\"farmacia droga raia\"},{\"@type\":\"BreadcrumbList\",\"@id\":\"https:\\\/\\\/www.vagadeempregorj.com.br\\\/vagas-orientador-de-loja\\\/#breadcrumb\",\"itemListElement\":[{\"@type\":\"ListItem\",\"position\":1,\"name\":\"In\u00edcio\",\"item\":\"https:\\\/\\\/www.vagadeempregorj.com.br\\\/\"},{\"@type\":\"ListItem\",\"position\":2,\"name\":\"Vagas de Emprego Nacionais\",\"item\":\"https:\\\/\\\/www.vagadeempregorj.com.br\\\/vagas-de-emprego-nacionais\\\/\"},{\"@type\":\"ListItem\",\"position\":3,\"name\":\"Vagas: orientador de loja, est\u00e1gio em farm\u00e1cia e outras vagas na Droga Raia, veja\"}]},{\"@type\":\"WebSite\",\"@id\":\"https:\\\/\\\/www.vagadeempregorj.com.br\\\/#website\",\"url\":\"https:\\\/\\\/www.vagadeempregorj.com.br\\\/\",\"name\":\"\",\"description\":\"Conquiste Sonhos: Vagas, Benef\u00edcios e Economia para Transformar Vidas e Alcan\u00e7ar Melhorias Cotidianas\",\"potentialAction\":[{\"@type\":\"SearchAction\",\"target\":{\"@type\":\"EntryPoint\",\"urlTemplate\":\"https:\\\/\\\/www.vagadeempregorj.com.br\\\/?s={search_term_string}\"},\"query-input\":{\"@type\":\"PropertyValueSpecification\",\"valueRequired\":true,\"valueName\":\"search_term_string\"}}],\"inLanguage\":\"ar\"},{\"@type\":\"Person\",\"@id\":\"https:\\\/\\\/www.vagadeempregorj.com.br\\\/#\\\/schema\\\/person\\\/ff7c1ede281066d35b2813eb13f662ef\",\"name\":\"Pedro Santos\",\"image\":{\"@type\":\"ImageObject\",\"inLanguage\":\"ar\",\"@id\":\"https:\\\/\\\/secure.gravatar.com\\\/avatar\\\/0f569c1b80e91280c9dc54d2dec96d0c5562a072cef4b08b7e3807948546027c?s=96&r=g\",\"url\":\"https:\\\/\\\/secure.gravatar.com\\\/avatar\\\/0f569c1b80e91280c9dc54d2dec96d0c5562a072cef4b08b7e3807948546027c?s=96&r=g\",\"contentUrl\":\"https:\\\/\\\/secure.gravatar.com\\\/avatar\\\/0f569c1b80e91280c9dc54d2dec96d0c5562a072cef4b08b7e3807948546027c?s=96&r=g\",\"caption\":\"Pedro Santos\"},\"description\":\"Meu nome \u00e9 Pedro e sou redator. Dedico meu tempo escrevendo vagas de emprego diariamente no portal Vaga de Emprego RJ\",\"url\":\"https:\\\/\\\/www.vagadeempregorj.com.br\\\/ar\\\/author\\\/fabio\\\/\"}]}<\/script>\n<!-- \/ Yoast SEO plugin. -->","yoast_head_json":{"title":"Vagas: orientador de loja, est\u00e1gio em farm\u00e1cia e outras vagas na Droga Raia, veja -","description":"Vagas: orientador de loja Droga Raia. Benef\u00edcios: Aux\u00edlio academia, Vale transporte, Assist\u00eancia m\u00e9dica, Aux\u00edlio desenvolvimento, Assist...","robots":{"index":"index","follow":"follow","max-snippet":"max-snippet:-1","max-image-preview":"max-image-preview:large","max-video-preview":"max-video-preview:-1"},"canonical":"https:\/\/www.vagadeempregorj.com.br\/ar\/vagas-orientador-de-loja\/","og_locale":"ar_AR","og_type":"article","og_title":"Vagas: orientador de loja, est\u00e1gio em farm\u00e1cia e outras vagas na Droga Raia, veja -","og_description":"Vagas: orientador de loja Droga Raia. Benef\u00edcios: Aux\u00edlio academia, Vale transporte, Assist\u00eancia m\u00e9dica, Aux\u00edlio desenvolvimento, Assist...","og_url":"https:\/\/www.vagadeempregorj.com.br\/ar\/vagas-orientador-de-loja\/","article_publisher":"https:\/\/www.facebook.com\/empregobrasiloficial","article_published_time":"2023-08-30T03:05:00+00:00","og_image":[{"width":1200,"height":675,"url":"https:\/\/www.vagadeempregorj.com.br\/wp-content\/uploads\/2022\/04\/farmacia-droga-raia.jpg","type":"image\/jpeg"}],"author":"Pedro Santos","twitter_card":"summary_large_image","twitter_misc":{"Written by":"Pedro Santos","Est. reading time":"\u062f\u0642\u064a\u0642\u062a\u0627\u0646"},"schema":{"@context":"https:\/\/schema.org","@graph":[{"@type":"Article","@id":"https:\/\/www.vagadeempregorj.com.br\/vagas-orientador-de-loja\/#article","isPartOf":{"@id":"https:\/\/www.vagadeempregorj.com.br\/vagas-orientador-de-loja\/"},"author":{"name":"Pedro Santos","@id":"https:\/\/www.vagadeempregorj.com.br\/#\/schema\/person\/ff7c1ede281066d35b2813eb13f662ef"},"headline":"Vagas: orientador de loja, est\u00e1gio em farm\u00e1cia e outras vagas na Droga Raia, veja","datePublished":"2023-08-30T03:05:00+00:00","mainEntityOfPage":{"@id":"https:\/\/www.vagadeempregorj.com.br\/vagas-orientador-de-loja\/"},"wordCount":393,"image":{"@id":"https:\/\/www.vagadeempregorj.com.br\/vagas-orientador-de-loja\/#primaryimage"},"thumbnailUrl":"https:\/\/www.vagadeempregorj.com.br\/wp-content\/uploads\/2022\/04\/farmacia-droga-raia.jpg","keywords":["droga raia","vaga de emprego"],"articleSection":["Vagas de Emprego Nacionais"],"inLanguage":"ar"},{"@type":"WebPage","@id":"https:\/\/www.vagadeempregorj.com.br\/vagas-orientador-de-loja\/","url":"https:\/\/www.vagadeempregorj.com.br\/vagas-orientador-de-loja\/","name":"Vagas: orientador de loja, est\u00e1gio em farm\u00e1cia e outras vagas na Droga Raia, veja -","isPartOf":{"@id":"https:\/\/www.vagadeempregorj.com.br\/#website"},"primaryImageOfPage":{"@id":"https:\/\/www.vagadeempregorj.com.br\/vagas-orientador-de-loja\/#primaryimage"},"image":{"@id":"https:\/\/www.vagadeempregorj.com.br\/vagas-orientador-de-loja\/#primaryimage"},"thumbnailUrl":"https:\/\/www.vagadeempregorj.com.br\/wp-content\/uploads\/2022\/04\/farmacia-droga-raia.jpg","datePublished":"2023-08-30T03:05:00+00:00","author":{"@id":"https:\/\/www.vagadeempregorj.com.br\/#\/schema\/person\/ff7c1ede281066d35b2813eb13f662ef"},"description":"Vagas: orientador de loja Droga Raia. Benef\u00edcios: Aux\u00edlio academia, Vale transporte, Assist\u00eancia m\u00e9dica, Aux\u00edlio desenvolvimento, Assist...","breadcrumb":{"@id":"https:\/\/www.vagadeempregorj.com.br\/vagas-orientador-de-loja\/#breadcrumb"},"inLanguage":"ar","potentialAction":[{"@type":"ReadAction","target":["https:\/\/www.vagadeempregorj.com.br\/vagas-orientador-de-loja\/"]}]},{"@type":"ImageObject","inLanguage":"ar","@id":"https:\/\/www.vagadeempregorj.com.br\/vagas-orientador-de-loja\/#primaryimage","url":"https:\/\/www.vagadeempregorj.com.br\/wp-content\/uploads\/2022\/04\/farmacia-droga-raia.jpg","contentUrl":"https:\/\/www.vagadeempregorj.com.br\/wp-content\/uploads\/2022\/04\/farmacia-droga-raia.jpg","width":1200,"height":675,"caption":"farmacia droga raia"},{"@type":"BreadcrumbList","@id":"https:\/\/www.vagadeempregorj.com.br\/vagas-orientador-de-loja\/#breadcrumb","itemListElement":[{"@type":"ListItem","position":1,"name":"In\u00edcio","item":"https:\/\/www.vagadeempregorj.com.br\/"},{"@type":"ListItem","position":2,"name":"Vagas de Emprego Nacionais","item":"https:\/\/www.vagadeempregorj.com.br\/vagas-de-emprego-nacionais\/"},{"@type":"ListItem","position":3,"name":"Vagas: orientador de loja, est\u00e1gio em farm\u00e1cia e outras vagas na Droga Raia, veja"}]},{"@type":"WebSite","@id":"https:\/\/www.vagadeempregorj.com.br\/#website","url":"https:\/\/www.vagadeempregorj.com.br\/","name":"","description":"Conquiste Sonhos: Vagas, Benef\u00edcios e Economia para Transformar Vidas e Alcan\u00e7ar Melhorias Cotidianas","potentialAction":[{"@type":"SearchAction","target":{"@type":"EntryPoint","urlTemplate":"https:\/\/www.vagadeempregorj.com.br\/?s={search_term_string}"},"query-input":{"@type":"PropertyValueSpecification","valueRequired":true,"valueName":"search_term_string"}}],"inLanguage":"ar"},{"@type":"Person","@id":"https:\/\/www.vagadeempregorj.com.br\/#\/schema\/person\/ff7c1ede281066d35b2813eb13f662ef","name":"Pedro Santos","image":{"@type":"ImageObject","inLanguage":"ar","@id":"https:\/\/secure.gravatar.com\/avatar\/0f569c1b80e91280c9dc54d2dec96d0c5562a072cef4b08b7e3807948546027c?s=96&r=g","url":"https:\/\/secure.gravatar.com\/avatar\/0f569c1b80e91280c9dc54d2dec96d0c5562a072cef4b08b7e3807948546027c?s=96&r=g","contentUrl":"https:\/\/secure.gravatar.com\/avatar\/0f569c1b80e91280c9dc54d2dec96d0c5562a072cef4b08b7e3807948546027c?s=96&r=g","caption":"Pedro Santos"},"description":"Meu nome \u00e9 Pedro e sou redator. Dedico meu tempo escrevendo vagas de emprego diariamente no portal Vaga de Emprego RJ","url":"https:\/\/www.vagadeempregorj.com.br\/ar\/author\/fabio\/"}]}},"_links":{"self":[{"href":"https:\/\/www.vagadeempregorj.com.br\/ar\/wp-json\/wp\/v2\/posts\/27307","targetHints":{"allow":["GET"]}}],"collection":[{"href":"https:\/\/www.vagadeempregorj.com.br\/ar\/wp-json\/wp\/v2\/posts"}],"about":[{"href":"https:\/\/www.vagadeempregorj.com.br\/ar\/wp-json\/wp\/v2\/types\/post"}],"author":[{"embeddable":true,"href":"https:\/\/www.vagadeempregorj.com.br\/ar\/wp-json\/wp\/v2\/users\/10"}],"replies":[{"embeddable":true,"href":"https:\/\/www.vagadeempregorj.com.br\/ar\/wp-json\/wp\/v2\/comments?post=27307"}],"version-history":[{"count":0,"href":"https:\/\/www.vagadeempregorj.com.br\/ar\/wp-json\/wp\/v2\/posts\/27307\/revisions"}],"wp:featuredmedia":[{"embeddable":true,"href":"https:\/\/www.vagadeempregorj.com.br\/ar\/wp-json\/wp\/v2\/media\/27333"}],"wp:attachment":[{"href":"https:\/\/www.vagadeempregorj.com.br\/ar\/wp-json\/wp\/v2\/media?parent=27307"}],"wp:term":[{"taxonomy":"category","embeddable":true,"href":"https:\/\/www.vagadeempregorj.com.br\/ar\/wp-json\/wp\/v2\/categories?post=27307"},{"taxonomy":"post_tag","embeddable":true,"href":"https:\/\/www.vagadeempregorj.com.br\/ar\/wp-json\/wp\/v2\/tags?post=27307"}],"curies":[{"name":"wp","href":"https:\/\/api.w.org\/{rel}","templated":true}]}}