{"id":27364,"date":"2023-08-29T00:02:00","date_gmt":"2023-08-29T03:02:00","guid":{"rendered":"https:\/\/www.vagadeempregorj.com.br\/?p=27364"},"modified":"2023-09-18T20:28:15","modified_gmt":"2023-09-18T23:28:15","slug":"atendente-de-loja-jovem-aprendiz-e-outras-vagas-na-leroy-merlin","status":"publish","type":"post","link":"https:\/\/www.vagadeempregorj.com.br\/ar\/atendente-de-loja-jovem-aprendiz-e-outras-vagas-na-leroy-merlin\/","title":{"rendered":"Atendente de Loja, Jovem Aprendiz e outras vagas na Leroy Merlin, candidate-se"},"content":{"rendered":"<p>Atualizado<\/p>\n\n\n<div class=\"wp-block-post-date\"><time datetime=\"2023-08-29T00:02:00-03:00\">29\/08\/2023<\/time><\/div>\n\n\n<p>Atendente de Loja, Jovem Aprendiz e outras vagas na Leroy Merlin, disponibiliza instala\u00e7\u00e3o para v\u00e1rios produtos e uma se\u00e7\u00e3o com acabamentos.<\/p>\n\n\n\n<p>A Leroy Merlin \u00e9 uma companhia especializada em produtos de constru\u00e7\u00e3o, trazendo aos seus clientes v\u00e1rias op\u00e7\u00f5es de acabamentos, de itens de reforma, etc.<br><br>Marcando presen\u00e7a em v\u00e1rias cidades, essa loja tem at\u00e9 mesmo um televendas e recebe candidaturas de profissionais todos os dias.<\/p>\n\n\n\n<p>Inclusive, h\u00e1 uma demanda bem grande de oportunidades de trabalho para essa empresa, como:<\/p>\n\n\n\n<ul class=\"wp-block-list\">\n<li>Vendedor regional<\/li>\n\n\n\n<li>Coordenador de gest\u00e3o<\/li>\n\n\n\n<li>Analista de contas a receber pleno<\/li>\n\n\n\n<li>Coordenador de planejamento financeiro<\/li>\n\n\n\n<li>Coordenador comercial<\/li>\n\n\n\n<li>Atendente de loja<\/li>\n\n\n\n<li>Supervisor de log\u00edstica<\/li>\n\n\n\n<li>Jovem aprendiz<\/li>\n\n\n\n<li>Estagi\u00e1rio de desenhos de projetos<\/li>\n\n\n\n<li>Control desk<\/li>\n\n\n\n<li>Analista de organiza\u00e7\u00e3o<\/li>\n\n\n\n<li>E mais<\/li>\n<\/ul>\n\n\n\n<p>Seus benef\u00edcios s\u00e3o: plano de sa\u00fade, CB, VR, VT, seguro de vida, plano odontol\u00f3gico, cesta de Natal, PLR, empr\u00e9stimo consignado e cart\u00e3o farm\u00e1cia.<\/p>\n\n\n\n<div class=\"wp-block-buttons is-horizontal is-content-justification-center is-layout-flex wp-container-core-buttons-is-layout-499968f5 wp-block-buttons-is-layout-flex\">\n<div class=\"wp-block-button\"><a class=\"wp-block-button__link has-black-color has-text-color has-background wp-element-button\" href=\"https:\/\/www.vagadeempregorj.com.br\/ar\/enviando-seu-curriculo-rapidamente\/\" style=\"background:linear-gradient(2deg,rgb(255,134,50) 64%,rgb(255,197,71) 100%)\"><strong>VEJA COMO SE CANDIDATAR<\/strong><\/a><\/div>\n<\/div>\n\n\n\n<h2 class=\"wp-block-heading\"><strong>Atendente de Loja, Jovem Aprendiz e outras vagas na Leroy Merlin, como se inscrever<\/strong><\/h2>\n\n\n\n<p>Todos os que quiserem concorrer a uma oportunidade na Leroy Merlin t\u00eam que acessar <a href=\"https:\/\/carreiras.leroymerlin.com.br\/\">https:\/\/carreiras.leroymerlin.com.br\/<\/a> e se cadastrar na plataforma Kenoby, e enviar seu curr\u00edculo.<\/p>\n\n\n\n<p>Clicando em \u201cSou candidato\u201d, o trabalhador pode alterar qualquer informa\u00e7\u00e3o que j\u00e1 tenha colocado anteriormente no seu curr\u00edculo.<\/p>\n\n\n\n<p>A Leroy Merlin conta ainda com uma p\u00e1gina no LinkedIn: <a href=\"https:\/\/www.linkedin.com\/company\/leroy-merlin\/?originalSubdomain=br\">https:\/\/www.linkedin.com\/company\/leroy-merlin\/?originalSubdomain=br<\/a>.<\/p>\n\n\n\n<h2 class=\"wp-block-heading\"><strong>Descubra mais sobre a Leroy Merlin<\/strong><\/h2>\n\n\n\n<p>Essa empresa de constru\u00e7\u00f5es surgiu em 1918 e, ao longo das d\u00e9cadas, foi aumentando a sua quantidade de produtos e as tecnologias que eles oferecem.<\/p>\n\n\n\n<p>Seus departamentos s\u00e3o: cama\/mesa\/banho, cozinhas, eletro, ferramentas, jardim, madeiras, itens el\u00e9tricos, m\u00f3veis, pet shop, pisos, seguran\u00e7a, banheiros, climatiza\u00e7\u00e3o, decora\u00e7\u00e3o, ferragens, ilumina\u00e7\u00e3o, limpeza, materiais de constru\u00e7\u00e3o.<\/p>\n\n\n\n<p>A loja tem um programa de fidelidade e os clientes encontram produtos vendidos por meio da tend\u00eancia, dos estilos de decora\u00e7\u00e3o que est\u00e3o mais populares. A Leroy Merlin tem at\u00e9 solu\u00e7\u00f5es financeiras, al\u00e9m de profissionais que realizam a instala\u00e7\u00e3o de v\u00e1rios dos produtos, inclusive de jardinagem e de vidros.<\/p>\n\n\n\n<div class=\"wp-block-buttons is-horizontal is-content-justification-center is-layout-flex wp-container-core-buttons-is-layout-499968f5 wp-block-buttons-is-layout-flex\">\n<div class=\"wp-block-button\"><a class=\"wp-block-button__link has-black-color has-text-color has-background wp-element-button\" href=\"https:\/\/www.vagadeempregorj.com.br\/ar\/vagas-de-emprego-nacionais\/\" style=\"border-radius:29px;background:linear-gradient(2deg,rgb(255,134,50) 60%,rgb(255,197,71) 100%)\"><strong>VEJA NOVAS VAGAS PARA SE CANDIDATAR<\/strong><\/a><\/div>\n<\/div>","protected":false},"excerpt":{"rendered":"<p>Atendente de Loja Jovem Aprendiz e outras vagas. benef\u00edcios s\u00e3o: plano de sa\u00fade, CB, VR, VT, seguro de vida, plano odontol\u00f3gico, cesta&#8230;<\/p>","protected":false},"author":10,"featured_media":27412,"comment_status":"closed","ping_status":"closed","sticky":false,"template":"","format":"standard","meta":{"neve_meta_sidebar":"","neve_meta_container":"","neve_meta_enable_content_width":"","neve_meta_content_width":0,"neve_meta_title_alignment":"","neve_meta_author_avatar":"","neve_post_elements_order":"","neve_meta_disable_header":"","neve_meta_disable_footer":"","neve_meta_disable_title":"","footnotes":""},"categories":[123],"tags":[305,147],"class_list":["post-27364","post","type-post","status-publish","format-standard","has-post-thumbnail","hentry","category-vagas-de-emprego-nacionais","tag-leroy-merlin","tag-vaga-de-emprego"],"yoast_head":"<!-- This site is optimized with the Yoast SEO plugin v27.5 - https:\/\/yoast.com\/product\/yoast-seo-wordpress\/ -->\n<title>Atendente de Loja, Jovem Aprendiz e outras vagas na Leroy Merlin, candidate-se -<\/title>\n<meta name=\"description\" content=\"Atendente de Loja Jovem Aprendiz e outras vagas na Leroy Merlin. benef\u00edcios s\u00e3o: plano de sa\u00fade, CB, VR, VT, seguro de vida, plano odont...\" \/>\n<meta name=\"robots\" content=\"index, follow, max-snippet:-1, max-image-preview:large, max-video-preview:-1\" \/>\n<link rel=\"canonical\" href=\"https:\/\/www.vagadeempregorj.com.br\/ar\/atendente-de-loja-jovem-aprendiz-e-outras-vagas-na-leroy-merlin\/\" \/>\n<meta property=\"og:locale\" content=\"ar_AR\" \/>\n<meta property=\"og:type\" content=\"article\" \/>\n<meta property=\"og:title\" content=\"Atendente de Loja, Jovem Aprendiz e outras vagas na Leroy Merlin, candidate-se -\" \/>\n<meta property=\"og:description\" content=\"Atendente de Loja Jovem Aprendiz e outras vagas na Leroy Merlin. benef\u00edcios s\u00e3o: plano de sa\u00fade, CB, VR, VT, seguro de vida, plano odont...\" \/>\n<meta property=\"og:url\" content=\"https:\/\/www.vagadeempregorj.com.br\/ar\/atendente-de-loja-jovem-aprendiz-e-outras-vagas-na-leroy-merlin\/\" \/>\n<meta property=\"article:publisher\" content=\"https:\/\/www.facebook.com\/empregobrasiloficial\" \/>\n<meta property=\"article:published_time\" content=\"2023-08-29T03:02:00+00:00\" \/>\n<meta property=\"article:modified_time\" content=\"2023-09-18T23:28:15+00:00\" \/>\n<meta property=\"og:image\" content=\"https:\/\/www.vagadeempregorj.com.br\/wp-content\/uploads\/2022\/04\/leroy-merlin.jpg\" \/>\n\t<meta property=\"og:image:width\" content=\"1200\" \/>\n\t<meta property=\"og:image:height\" content=\"675\" \/>\n\t<meta property=\"og:image:type\" content=\"image\/jpeg\" \/>\n<meta name=\"author\" content=\"Pedro Santos\" \/>\n<meta name=\"twitter:card\" content=\"summary_large_image\" \/>\n<meta name=\"twitter:label1\" content=\"Written by\" \/>\n\t<meta name=\"twitter:data1\" content=\"Pedro Santos\" \/>\n\t<meta name=\"twitter:label2\" content=\"Est. reading time\" \/>\n\t<meta name=\"twitter:data2\" content=\"3 \u062f\u0642\u0627\u0626\u0642\" \/>\n<script type=\"application\/ld+json\" class=\"yoast-schema-graph\">{\"@context\":\"https:\\\/\\\/schema.org\",\"@graph\":[{\"@type\":\"Article\",\"@id\":\"https:\\\/\\\/www.vagadeempregorj.com.br\\\/atendente-de-loja-jovem-aprendiz-e-outras-vagas-na-leroy-merlin\\\/#article\",\"isPartOf\":{\"@id\":\"https:\\\/\\\/www.vagadeempregorj.com.br\\\/atendente-de-loja-jovem-aprendiz-e-outras-vagas-na-leroy-merlin\\\/\"},\"author\":{\"name\":\"Pedro Santos\",\"@id\":\"https:\\\/\\\/www.vagadeempregorj.com.br\\\/#\\\/schema\\\/person\\\/ff7c1ede281066d35b2813eb13f662ef\"},\"headline\":\"Atendente de Loja, Jovem Aprendiz e outras vagas na Leroy Merlin, candidate-se\",\"datePublished\":\"2023-08-29T03:02:00+00:00\",\"dateModified\":\"2023-09-18T23:28:15+00:00\",\"mainEntityOfPage\":{\"@id\":\"https:\\\/\\\/www.vagadeempregorj.com.br\\\/atendente-de-loja-jovem-aprendiz-e-outras-vagas-na-leroy-merlin\\\/\"},\"wordCount\":387,\"image\":{\"@id\":\"https:\\\/\\\/www.vagadeempregorj.com.br\\\/atendente-de-loja-jovem-aprendiz-e-outras-vagas-na-leroy-merlin\\\/#primaryimage\"},\"thumbnailUrl\":\"https:\\\/\\\/www.vagadeempregorj.com.br\\\/wp-content\\\/uploads\\\/2022\\\/04\\\/leroy-merlin.jpg\",\"keywords\":[\"Leroy Merlin\",\"vaga de emprego\"],\"articleSection\":[\"Vagas de Emprego Nacionais\"],\"inLanguage\":\"ar\"},{\"@type\":\"WebPage\",\"@id\":\"https:\\\/\\\/www.vagadeempregorj.com.br\\\/atendente-de-loja-jovem-aprendiz-e-outras-vagas-na-leroy-merlin\\\/\",\"url\":\"https:\\\/\\\/www.vagadeempregorj.com.br\\\/atendente-de-loja-jovem-aprendiz-e-outras-vagas-na-leroy-merlin\\\/\",\"name\":\"Atendente de Loja, Jovem Aprendiz e outras vagas na Leroy Merlin, candidate-se -\",\"isPartOf\":{\"@id\":\"https:\\\/\\\/www.vagadeempregorj.com.br\\\/#website\"},\"primaryImageOfPage\":{\"@id\":\"https:\\\/\\\/www.vagadeempregorj.com.br\\\/atendente-de-loja-jovem-aprendiz-e-outras-vagas-na-leroy-merlin\\\/#primaryimage\"},\"image\":{\"@id\":\"https:\\\/\\\/www.vagadeempregorj.com.br\\\/atendente-de-loja-jovem-aprendiz-e-outras-vagas-na-leroy-merlin\\\/#primaryimage\"},\"thumbnailUrl\":\"https:\\\/\\\/www.vagadeempregorj.com.br\\\/wp-content\\\/uploads\\\/2022\\\/04\\\/leroy-merlin.jpg\",\"datePublished\":\"2023-08-29T03:02:00+00:00\",\"dateModified\":\"2023-09-18T23:28:15+00:00\",\"author\":{\"@id\":\"https:\\\/\\\/www.vagadeempregorj.com.br\\\/#\\\/schema\\\/person\\\/ff7c1ede281066d35b2813eb13f662ef\"},\"description\":\"Atendente de Loja Jovem Aprendiz e outras vagas na Leroy Merlin. benef\u00edcios s\u00e3o: plano de sa\u00fade, CB, VR, VT, seguro de vida, plano odont...\",\"breadcrumb\":{\"@id\":\"https:\\\/\\\/www.vagadeempregorj.com.br\\\/atendente-de-loja-jovem-aprendiz-e-outras-vagas-na-leroy-merlin\\\/#breadcrumb\"},\"inLanguage\":\"ar\",\"potentialAction\":[{\"@type\":\"ReadAction\",\"target\":[\"https:\\\/\\\/www.vagadeempregorj.com.br\\\/atendente-de-loja-jovem-aprendiz-e-outras-vagas-na-leroy-merlin\\\/\"]}]},{\"@type\":\"ImageObject\",\"inLanguage\":\"ar\",\"@id\":\"https:\\\/\\\/www.vagadeempregorj.com.br\\\/atendente-de-loja-jovem-aprendiz-e-outras-vagas-na-leroy-merlin\\\/#primaryimage\",\"url\":\"https:\\\/\\\/www.vagadeempregorj.com.br\\\/wp-content\\\/uploads\\\/2022\\\/04\\\/leroy-merlin.jpg\",\"contentUrl\":\"https:\\\/\\\/www.vagadeempregorj.com.br\\\/wp-content\\\/uploads\\\/2022\\\/04\\\/leroy-merlin.jpg\",\"width\":1200,\"height\":675,\"caption\":\"leroy merlin\"},{\"@type\":\"BreadcrumbList\",\"@id\":\"https:\\\/\\\/www.vagadeempregorj.com.br\\\/atendente-de-loja-jovem-aprendiz-e-outras-vagas-na-leroy-merlin\\\/#breadcrumb\",\"itemListElement\":[{\"@type\":\"ListItem\",\"position\":1,\"name\":\"In\u00edcio\",\"item\":\"https:\\\/\\\/www.vagadeempregorj.com.br\\\/\"},{\"@type\":\"ListItem\",\"position\":2,\"name\":\"Vagas de Emprego Nacionais\",\"item\":\"https:\\\/\\\/www.vagadeempregorj.com.br\\\/vagas-de-emprego-nacionais\\\/\"},{\"@type\":\"ListItem\",\"position\":3,\"name\":\"Atendente de Loja, Jovem Aprendiz e outras vagas na Leroy Merlin, candidate-se\"}]},{\"@type\":\"WebSite\",\"@id\":\"https:\\\/\\\/www.vagadeempregorj.com.br\\\/#website\",\"url\":\"https:\\\/\\\/www.vagadeempregorj.com.br\\\/\",\"name\":\"\",\"description\":\"Conquiste Sonhos: Vagas, Benef\u00edcios e Economia para Transformar Vidas e Alcan\u00e7ar Melhorias Cotidianas\",\"potentialAction\":[{\"@type\":\"SearchAction\",\"target\":{\"@type\":\"EntryPoint\",\"urlTemplate\":\"https:\\\/\\\/www.vagadeempregorj.com.br\\\/?s={search_term_string}\"},\"query-input\":{\"@type\":\"PropertyValueSpecification\",\"valueRequired\":true,\"valueName\":\"search_term_string\"}}],\"inLanguage\":\"ar\"},{\"@type\":\"Person\",\"@id\":\"https:\\\/\\\/www.vagadeempregorj.com.br\\\/#\\\/schema\\\/person\\\/ff7c1ede281066d35b2813eb13f662ef\",\"name\":\"Pedro Santos\",\"image\":{\"@type\":\"ImageObject\",\"inLanguage\":\"ar\",\"@id\":\"https:\\\/\\\/secure.gravatar.com\\\/avatar\\\/0f569c1b80e91280c9dc54d2dec96d0c5562a072cef4b08b7e3807948546027c?s=96&r=g\",\"url\":\"https:\\\/\\\/secure.gravatar.com\\\/avatar\\\/0f569c1b80e91280c9dc54d2dec96d0c5562a072cef4b08b7e3807948546027c?s=96&r=g\",\"contentUrl\":\"https:\\\/\\\/secure.gravatar.com\\\/avatar\\\/0f569c1b80e91280c9dc54d2dec96d0c5562a072cef4b08b7e3807948546027c?s=96&r=g\",\"caption\":\"Pedro Santos\"},\"description\":\"Meu nome \u00e9 Pedro e sou redator. Dedico meu tempo escrevendo vagas de emprego diariamente no portal Vaga de Emprego RJ\",\"url\":\"https:\\\/\\\/www.vagadeempregorj.com.br\\\/ar\\\/author\\\/fabio\\\/\"}]}<\/script>\n<!-- \/ Yoast SEO plugin. -->","yoast_head_json":{"title":"Atendente de Loja, Jovem Aprendiz e outras vagas na Leroy Merlin, candidate-se -","description":"Atendente de Loja Jovem Aprendiz e outras vagas na Leroy Merlin. benef\u00edcios s\u00e3o: plano de sa\u00fade, CB, VR, VT, seguro de vida, plano odont...","robots":{"index":"index","follow":"follow","max-snippet":"max-snippet:-1","max-image-preview":"max-image-preview:large","max-video-preview":"max-video-preview:-1"},"canonical":"https:\/\/www.vagadeempregorj.com.br\/ar\/atendente-de-loja-jovem-aprendiz-e-outras-vagas-na-leroy-merlin\/","og_locale":"ar_AR","og_type":"article","og_title":"Atendente de Loja, Jovem Aprendiz e outras vagas na Leroy Merlin, candidate-se -","og_description":"Atendente de Loja Jovem Aprendiz e outras vagas na Leroy Merlin. benef\u00edcios s\u00e3o: plano de sa\u00fade, CB, VR, VT, seguro de vida, plano odont...","og_url":"https:\/\/www.vagadeempregorj.com.br\/ar\/atendente-de-loja-jovem-aprendiz-e-outras-vagas-na-leroy-merlin\/","article_publisher":"https:\/\/www.facebook.com\/empregobrasiloficial","article_published_time":"2023-08-29T03:02:00+00:00","article_modified_time":"2023-09-18T23:28:15+00:00","og_image":[{"width":1200,"height":675,"url":"https:\/\/www.vagadeempregorj.com.br\/wp-content\/uploads\/2022\/04\/leroy-merlin.jpg","type":"image\/jpeg"}],"author":"Pedro Santos","twitter_card":"summary_large_image","twitter_misc":{"Written by":"Pedro Santos","Est. reading time":"3 \u062f\u0642\u0627\u0626\u0642"},"schema":{"@context":"https:\/\/schema.org","@graph":[{"@type":"Article","@id":"https:\/\/www.vagadeempregorj.com.br\/atendente-de-loja-jovem-aprendiz-e-outras-vagas-na-leroy-merlin\/#article","isPartOf":{"@id":"https:\/\/www.vagadeempregorj.com.br\/atendente-de-loja-jovem-aprendiz-e-outras-vagas-na-leroy-merlin\/"},"author":{"name":"Pedro Santos","@id":"https:\/\/www.vagadeempregorj.com.br\/#\/schema\/person\/ff7c1ede281066d35b2813eb13f662ef"},"headline":"Atendente de Loja, Jovem Aprendiz e outras vagas na Leroy Merlin, candidate-se","datePublished":"2023-08-29T03:02:00+00:00","dateModified":"2023-09-18T23:28:15+00:00","mainEntityOfPage":{"@id":"https:\/\/www.vagadeempregorj.com.br\/atendente-de-loja-jovem-aprendiz-e-outras-vagas-na-leroy-merlin\/"},"wordCount":387,"image":{"@id":"https:\/\/www.vagadeempregorj.com.br\/atendente-de-loja-jovem-aprendiz-e-outras-vagas-na-leroy-merlin\/#primaryimage"},"thumbnailUrl":"https:\/\/www.vagadeempregorj.com.br\/wp-content\/uploads\/2022\/04\/leroy-merlin.jpg","keywords":["Leroy Merlin","vaga de emprego"],"articleSection":["Vagas de Emprego Nacionais"],"inLanguage":"ar"},{"@type":"WebPage","@id":"https:\/\/www.vagadeempregorj.com.br\/atendente-de-loja-jovem-aprendiz-e-outras-vagas-na-leroy-merlin\/","url":"https:\/\/www.vagadeempregorj.com.br\/atendente-de-loja-jovem-aprendiz-e-outras-vagas-na-leroy-merlin\/","name":"Atendente de Loja, Jovem Aprendiz e outras vagas na Leroy Merlin, candidate-se -","isPartOf":{"@id":"https:\/\/www.vagadeempregorj.com.br\/#website"},"primaryImageOfPage":{"@id":"https:\/\/www.vagadeempregorj.com.br\/atendente-de-loja-jovem-aprendiz-e-outras-vagas-na-leroy-merlin\/#primaryimage"},"image":{"@id":"https:\/\/www.vagadeempregorj.com.br\/atendente-de-loja-jovem-aprendiz-e-outras-vagas-na-leroy-merlin\/#primaryimage"},"thumbnailUrl":"https:\/\/www.vagadeempregorj.com.br\/wp-content\/uploads\/2022\/04\/leroy-merlin.jpg","datePublished":"2023-08-29T03:02:00+00:00","dateModified":"2023-09-18T23:28:15+00:00","author":{"@id":"https:\/\/www.vagadeempregorj.com.br\/#\/schema\/person\/ff7c1ede281066d35b2813eb13f662ef"},"description":"Atendente de Loja Jovem Aprendiz e outras vagas na Leroy Merlin. benef\u00edcios s\u00e3o: plano de sa\u00fade, CB, VR, VT, seguro de vida, plano odont...","breadcrumb":{"@id":"https:\/\/www.vagadeempregorj.com.br\/atendente-de-loja-jovem-aprendiz-e-outras-vagas-na-leroy-merlin\/#breadcrumb"},"inLanguage":"ar","potentialAction":[{"@type":"ReadAction","target":["https:\/\/www.vagadeempregorj.com.br\/atendente-de-loja-jovem-aprendiz-e-outras-vagas-na-leroy-merlin\/"]}]},{"@type":"ImageObject","inLanguage":"ar","@id":"https:\/\/www.vagadeempregorj.com.br\/atendente-de-loja-jovem-aprendiz-e-outras-vagas-na-leroy-merlin\/#primaryimage","url":"https:\/\/www.vagadeempregorj.com.br\/wp-content\/uploads\/2022\/04\/leroy-merlin.jpg","contentUrl":"https:\/\/www.vagadeempregorj.com.br\/wp-content\/uploads\/2022\/04\/leroy-merlin.jpg","width":1200,"height":675,"caption":"leroy merlin"},{"@type":"BreadcrumbList","@id":"https:\/\/www.vagadeempregorj.com.br\/atendente-de-loja-jovem-aprendiz-e-outras-vagas-na-leroy-merlin\/#breadcrumb","itemListElement":[{"@type":"ListItem","position":1,"name":"In\u00edcio","item":"https:\/\/www.vagadeempregorj.com.br\/"},{"@type":"ListItem","position":2,"name":"Vagas de Emprego Nacionais","item":"https:\/\/www.vagadeempregorj.com.br\/vagas-de-emprego-nacionais\/"},{"@type":"ListItem","position":3,"name":"Atendente de Loja, Jovem Aprendiz e outras vagas na Leroy Merlin, candidate-se"}]},{"@type":"WebSite","@id":"https:\/\/www.vagadeempregorj.com.br\/#website","url":"https:\/\/www.vagadeempregorj.com.br\/","name":"","description":"Conquiste Sonhos: Vagas, Benef\u00edcios e Economia para Transformar Vidas e Alcan\u00e7ar Melhorias Cotidianas","potentialAction":[{"@type":"SearchAction","target":{"@type":"EntryPoint","urlTemplate":"https:\/\/www.vagadeempregorj.com.br\/?s={search_term_string}"},"query-input":{"@type":"PropertyValueSpecification","valueRequired":true,"valueName":"search_term_string"}}],"inLanguage":"ar"},{"@type":"Person","@id":"https:\/\/www.vagadeempregorj.com.br\/#\/schema\/person\/ff7c1ede281066d35b2813eb13f662ef","name":"Pedro Santos","image":{"@type":"ImageObject","inLanguage":"ar","@id":"https:\/\/secure.gravatar.com\/avatar\/0f569c1b80e91280c9dc54d2dec96d0c5562a072cef4b08b7e3807948546027c?s=96&r=g","url":"https:\/\/secure.gravatar.com\/avatar\/0f569c1b80e91280c9dc54d2dec96d0c5562a072cef4b08b7e3807948546027c?s=96&r=g","contentUrl":"https:\/\/secure.gravatar.com\/avatar\/0f569c1b80e91280c9dc54d2dec96d0c5562a072cef4b08b7e3807948546027c?s=96&r=g","caption":"Pedro Santos"},"description":"Meu nome \u00e9 Pedro e sou redator. Dedico meu tempo escrevendo vagas de emprego diariamente no portal Vaga de Emprego RJ","url":"https:\/\/www.vagadeempregorj.com.br\/ar\/author\/fabio\/"}]}},"_links":{"self":[{"href":"https:\/\/www.vagadeempregorj.com.br\/ar\/wp-json\/wp\/v2\/posts\/27364","targetHints":{"allow":["GET"]}}],"collection":[{"href":"https:\/\/www.vagadeempregorj.com.br\/ar\/wp-json\/wp\/v2\/posts"}],"about":[{"href":"https:\/\/www.vagadeempregorj.com.br\/ar\/wp-json\/wp\/v2\/types\/post"}],"author":[{"embeddable":true,"href":"https:\/\/www.vagadeempregorj.com.br\/ar\/wp-json\/wp\/v2\/users\/10"}],"replies":[{"embeddable":true,"href":"https:\/\/www.vagadeempregorj.com.br\/ar\/wp-json\/wp\/v2\/comments?post=27364"}],"version-history":[{"count":0,"href":"https:\/\/www.vagadeempregorj.com.br\/ar\/wp-json\/wp\/v2\/posts\/27364\/revisions"}],"wp:featuredmedia":[{"embeddable":true,"href":"https:\/\/www.vagadeempregorj.com.br\/ar\/wp-json\/wp\/v2\/media\/27412"}],"wp:attachment":[{"href":"https:\/\/www.vagadeempregorj.com.br\/ar\/wp-json\/wp\/v2\/media?parent=27364"}],"wp:term":[{"taxonomy":"category","embeddable":true,"href":"https:\/\/www.vagadeempregorj.com.br\/ar\/wp-json\/wp\/v2\/categories?post=27364"},{"taxonomy":"post_tag","embeddable":true,"href":"https:\/\/www.vagadeempregorj.com.br\/ar\/wp-json\/wp\/v2\/tags?post=27364"}],"curies":[{"name":"wp","href":"https:\/\/api.w.org\/{rel}","templated":true}]}}