{"id":27498,"date":"2023-08-31T00:03:00","date_gmt":"2023-08-31T03:03:00","guid":{"rendered":"https:\/\/www.vagadeempregorj.com.br\/?p=27498"},"modified":"2023-09-02T15:28:29","modified_gmt":"2023-09-02T18:28:29","slug":"trabalhe-conosco-electrolux","status":"publish","type":"post","link":"https:\/\/www.vagadeempregorj.com.br\/ar\/trabalhe-conosco-electrolux\/","title":{"rendered":"Trabalhe Conosco Electrolux, envie seu curr\u00edculo j\u00e1"},"content":{"rendered":"<p>Atualizado<\/p>\n\n\n<div class=\"wp-block-post-date\"><time datetime=\"2023-08-31T00:03:00-03:00\">31\/08\/2023<\/time><\/div>\n\n\n<p>Trabalhe Conosco Electrolux, a empresa vai al\u00e9m de eletrodom\u00e9sticos e fornece at\u00e9 utens\u00edlios culin\u00e1rios.<\/p>\n\n\n\n<p>A Electrolux \u00e9 uma companhia que fabrica v\u00e1rios tipos de eletroeletr\u00f4nicos e eletrodom\u00e9sticos, estando h\u00e1 anos no varejo brasileiro e tendo a sua pr\u00f3pria loja.<\/p>\n\n\n\n<p>Com produtos que s\u00e3o muito usados no meio comercial, a empresa \u00e9 uma das f\u00e1bricas que mais contratam e, atualmente, suas vagas dispon\u00edveis s\u00e3o:<\/p>\n\n\n\n<ul class=\"wp-block-list\">\n<li>Ci\u00eancia de Dados CRM<\/li>\n\n\n\n<li>Product Category Specialist<\/li>\n\n\n\n<li>Consumer Data IT Lead<\/li>\n\n\n\n<li>Analista de Marketing Digital de Performance PL<\/li>\n\n\n\n<li>Analista de Recursos Humanos SR<\/li>\n\n\n\n<li>Analista de TI SAP SR<\/li>\n\n\n\n<li>Analista Tribut\u00e1ria(o) SR<\/li>\n\n\n\n<li>Supervis\u00e3o de TI<\/li>\n\n\n\n<li>Assistente administrativo<\/li>\n\n\n\n<li>Analista de Engenharia de Dados SR<\/li>\n\n\n\n<li>Global Electrolux Talent Program &#8211; Supply Chain Projects Intern<\/li>\n\n\n\n<li>E outros<\/li>\n<\/ul>\n\n\n\n<p>A f\u00e1brica n\u00e3o d\u00e1 detalhes sobre o que os seus funcion\u00e1rios recebem.<\/p>\n\n\n\n<div class=\"wp-block-buttons is-horizontal is-content-justification-center is-layout-flex wp-container-core-buttons-is-layout-499968f5 wp-block-buttons-is-layout-flex\">\n<div class=\"wp-block-button\"><a class=\"wp-block-button__link has-black-color has-text-color has-background wp-element-button\" href=\"https:\/\/www.vagadeempregorj.com.br\/ar\/enviando-seu-curriculo-rapidamente\/\" style=\"background:linear-gradient(2deg,rgb(255,134,50) 64%,rgb(255,197,71) 100%)\"><strong>VEJA COMO SE CANDIDATAR<\/strong><\/a><\/div>\n<\/div>\n\n\n\n<h2 class=\"wp-block-heading\"><strong>Trabalhe Conosco Electrolux, como se inscrever<\/strong><\/h2>\n\n\n\n<p>Basta enviar o curr\u00edculo no site oficial<a href=\"https:\/\/career.electroluxgroup.com\/global\/en\/search-results?m=3&location=brasil\"> https:\/\/career.electroluxgroup.com\/global\/en<\/a><\/p>\n\n\n\n<p>A Electrolux n\u00e3o tem uma \u00e1rea exclusiva para que as pessoas mandem curr\u00edculos, mas se pode usar o LinkedIn da empresa atrav\u00e9s do <a href=\"https:\/\/www.linkedin.com\/company\/electrolux\/?originalSubdomain=br\">https:\/\/www.linkedin.com\/company\/electrolux\/?originalSubdomain=br<\/a>.<\/p>\n\n\n\n<p>O candidato tem de j\u00e1 ser usu\u00e1rio do LinkedIn e, depois disso, ele poder\u00e1 clicar em \u201cVagas\u201d para descobrir quando h\u00e1 contrata\u00e7\u00f5es.<\/p>\n\n\n\n<p>Muitos sites que trabalham com divulga\u00e7\u00e3o de empregos tamb\u00e9m funcionam bem para quem deseja trabalhar na Electrolux, por exemplo, o Indeed ou o Infojobs.<\/p>\n\n\n\n<h2 class=\"wp-block-heading\"><strong>Descubra mais sobre a Electrolux<\/strong><\/h2>\n\n\n\n<p>A Electrolux \u00e9 uma das grandes companhias de vendas de eletroeletr\u00f4nicos e eletrodom\u00e9sticos, sendo ela famosa pela resist\u00eancia dos seus produtos e por sua durabilidade.<\/p>\n\n\n\n<p>Os produtos que s\u00e3o fabricados s\u00e3o: vaporizadores, panela el\u00e9trica, aspirador de p\u00f3, mixer, cafeteira, frigobar, m\u00e1quina de lavar, ar condicionado, cooktop e jogo de utens\u00edlios.<\/p>\n\n\n\n<p>Os clientes da Electrolux, podem solicitar a garantia estendida, al\u00e9m de terem cashback, dependendo de qual seja a forma de pagamento.<\/p>\n\n\n\n<p>Facilitando a compra de eletroeletr\u00f4nicos e eletrodom\u00e9sticos em seu Outlet, trazendo aos consumidores utens\u00edlios com valores mais acess\u00edveis tendo em vista a descontinua\u00e7\u00f5es de modelos.<\/p>\n\n\n\n<div class=\"wp-block-buttons is-horizontal is-content-justification-center is-layout-flex wp-container-core-buttons-is-layout-499968f5 wp-block-buttons-is-layout-flex\">\n<div class=\"wp-block-button\"><a class=\"wp-block-button__link has-black-color has-text-color has-background wp-element-button\" href=\"https:\/\/www.vagadeempregorj.com.br\/ar\/vagas-de-emprego-nacionais\/\" style=\"border-radius:29px;background:linear-gradient(2deg,rgb(255,134,50) 60%,rgb(255,197,71) 100%)\"><strong>VEJA NOVAS VAGAS PARA SE CANDIDATAR<\/strong><\/a><\/div>\n<\/div>","protected":false},"excerpt":{"rendered":"<p>Trabalhe Conosco Electrolux, a empresa vai al\u00e9m de eletrodom\u00e9sticos e fornece at\u00e9 utens\u00edlios culin\u00e1rios.<\/p>","protected":false},"author":10,"featured_media":27536,"comment_status":"closed","ping_status":"closed","sticky":false,"template":"","format":"standard","meta":{"neve_meta_sidebar":"","neve_meta_container":"","neve_meta_enable_content_width":"","neve_meta_content_width":0,"neve_meta_title_alignment":"","neve_meta_author_avatar":"","neve_post_elements_order":"","neve_meta_disable_header":"","neve_meta_disable_footer":"","neve_meta_disable_title":"","footnotes":""},"categories":[123],"tags":[317,147],"class_list":["post-27498","post","type-post","status-publish","format-standard","has-post-thumbnail","hentry","category-vagas-de-emprego-nacionais","tag-electrolux","tag-vaga-de-emprego"],"yoast_head":"<!-- This site is optimized with the Yoast SEO plugin v27.5 - https:\/\/yoast.com\/product\/yoast-seo-wordpress\/ -->\n<title>Trabalhe Conosco Electrolux, envie seu curr\u00edculo j\u00e1 -<\/title>\n<meta name=\"description\" content=\"Trabalhe Conosco Electrolux, a empresa vai al\u00e9m de eletrodom\u00e9sticos e fornece at\u00e9 utens\u00edlios culin\u00e1rios. Envie seu curr\u00edculo.\" \/>\n<meta name=\"robots\" content=\"index, follow, max-snippet:-1, max-image-preview:large, max-video-preview:-1\" \/>\n<link rel=\"canonical\" href=\"https:\/\/www.vagadeempregorj.com.br\/ar\/trabalhe-conosco-electrolux\/\" \/>\n<meta property=\"og:locale\" content=\"ar_AR\" \/>\n<meta property=\"og:type\" content=\"article\" \/>\n<meta property=\"og:title\" content=\"Trabalhe Conosco Electrolux, envie seu curr\u00edculo j\u00e1 -\" \/>\n<meta property=\"og:description\" content=\"Trabalhe Conosco Electrolux, a empresa vai al\u00e9m de eletrodom\u00e9sticos e fornece at\u00e9 utens\u00edlios culin\u00e1rios. Envie seu curr\u00edculo.\" \/>\n<meta property=\"og:url\" content=\"https:\/\/www.vagadeempregorj.com.br\/ar\/trabalhe-conosco-electrolux\/\" \/>\n<meta property=\"article:publisher\" content=\"https:\/\/www.facebook.com\/empregobrasiloficial\" \/>\n<meta property=\"article:published_time\" content=\"2023-08-31T03:03:00+00:00\" \/>\n<meta property=\"article:modified_time\" content=\"2023-09-02T18:28:29+00:00\" \/>\n<meta property=\"og:image\" content=\"https:\/\/www.vagadeempregorj.com.br\/wp-content\/uploads\/2022\/04\/electrolux.jpg\" \/>\n\t<meta property=\"og:image:width\" content=\"1200\" \/>\n\t<meta property=\"og:image:height\" content=\"675\" \/>\n\t<meta property=\"og:image:type\" content=\"image\/jpeg\" \/>\n<meta name=\"author\" content=\"Pedro Santos\" \/>\n<meta name=\"twitter:card\" content=\"summary_large_image\" \/>\n<meta name=\"twitter:label1\" content=\"Written by\" \/>\n\t<meta name=\"twitter:data1\" content=\"Pedro Santos\" \/>\n\t<meta name=\"twitter:label2\" content=\"Est. reading time\" \/>\n\t<meta name=\"twitter:data2\" content=\"\u062f\u0642\u064a\u0642\u062a\u0627\u0646\" \/>\n<script type=\"application\/ld+json\" class=\"yoast-schema-graph\">{\"@context\":\"https:\\\/\\\/schema.org\",\"@graph\":[{\"@type\":\"Article\",\"@id\":\"https:\\\/\\\/www.vagadeempregorj.com.br\\\/trabalhe-conosco-electrolux\\\/#article\",\"isPartOf\":{\"@id\":\"https:\\\/\\\/www.vagadeempregorj.com.br\\\/trabalhe-conosco-electrolux\\\/\"},\"author\":{\"name\":\"Pedro Santos\",\"@id\":\"https:\\\/\\\/www.vagadeempregorj.com.br\\\/#\\\/schema\\\/person\\\/ff7c1ede281066d35b2813eb13f662ef\"},\"headline\":\"Trabalhe Conosco Electrolux, envie seu curr\u00edculo j\u00e1\",\"datePublished\":\"2023-08-31T03:03:00+00:00\",\"dateModified\":\"2023-09-02T18:28:29+00:00\",\"mainEntityOfPage\":{\"@id\":\"https:\\\/\\\/www.vagadeempregorj.com.br\\\/trabalhe-conosco-electrolux\\\/\"},\"wordCount\":382,\"image\":{\"@id\":\"https:\\\/\\\/www.vagadeempregorj.com.br\\\/trabalhe-conosco-electrolux\\\/#primaryimage\"},\"thumbnailUrl\":\"https:\\\/\\\/www.vagadeempregorj.com.br\\\/wp-content\\\/uploads\\\/2022\\\/04\\\/electrolux.jpg\",\"keywords\":[\"Electrolux\",\"vaga de emprego\"],\"articleSection\":[\"Vagas de Emprego Nacionais\"],\"inLanguage\":\"ar\"},{\"@type\":\"WebPage\",\"@id\":\"https:\\\/\\\/www.vagadeempregorj.com.br\\\/trabalhe-conosco-electrolux\\\/\",\"url\":\"https:\\\/\\\/www.vagadeempregorj.com.br\\\/trabalhe-conosco-electrolux\\\/\",\"name\":\"Trabalhe Conosco Electrolux, envie seu curr\u00edculo j\u00e1 -\",\"isPartOf\":{\"@id\":\"https:\\\/\\\/www.vagadeempregorj.com.br\\\/#website\"},\"primaryImageOfPage\":{\"@id\":\"https:\\\/\\\/www.vagadeempregorj.com.br\\\/trabalhe-conosco-electrolux\\\/#primaryimage\"},\"image\":{\"@id\":\"https:\\\/\\\/www.vagadeempregorj.com.br\\\/trabalhe-conosco-electrolux\\\/#primaryimage\"},\"thumbnailUrl\":\"https:\\\/\\\/www.vagadeempregorj.com.br\\\/wp-content\\\/uploads\\\/2022\\\/04\\\/electrolux.jpg\",\"datePublished\":\"2023-08-31T03:03:00+00:00\",\"dateModified\":\"2023-09-02T18:28:29+00:00\",\"author\":{\"@id\":\"https:\\\/\\\/www.vagadeempregorj.com.br\\\/#\\\/schema\\\/person\\\/ff7c1ede281066d35b2813eb13f662ef\"},\"description\":\"Trabalhe Conosco Electrolux, a empresa vai al\u00e9m de eletrodom\u00e9sticos e fornece at\u00e9 utens\u00edlios culin\u00e1rios. Envie seu curr\u00edculo.\",\"breadcrumb\":{\"@id\":\"https:\\\/\\\/www.vagadeempregorj.com.br\\\/trabalhe-conosco-electrolux\\\/#breadcrumb\"},\"inLanguage\":\"ar\",\"potentialAction\":[{\"@type\":\"ReadAction\",\"target\":[\"https:\\\/\\\/www.vagadeempregorj.com.br\\\/trabalhe-conosco-electrolux\\\/\"]}]},{\"@type\":\"ImageObject\",\"inLanguage\":\"ar\",\"@id\":\"https:\\\/\\\/www.vagadeempregorj.com.br\\\/trabalhe-conosco-electrolux\\\/#primaryimage\",\"url\":\"https:\\\/\\\/www.vagadeempregorj.com.br\\\/wp-content\\\/uploads\\\/2022\\\/04\\\/electrolux.jpg\",\"contentUrl\":\"https:\\\/\\\/www.vagadeempregorj.com.br\\\/wp-content\\\/uploads\\\/2022\\\/04\\\/electrolux.jpg\",\"width\":1200,\"height\":675,\"caption\":\"electrolux\"},{\"@type\":\"BreadcrumbList\",\"@id\":\"https:\\\/\\\/www.vagadeempregorj.com.br\\\/trabalhe-conosco-electrolux\\\/#breadcrumb\",\"itemListElement\":[{\"@type\":\"ListItem\",\"position\":1,\"name\":\"In\u00edcio\",\"item\":\"https:\\\/\\\/www.vagadeempregorj.com.br\\\/\"},{\"@type\":\"ListItem\",\"position\":2,\"name\":\"Vagas de Emprego Nacionais\",\"item\":\"https:\\\/\\\/www.vagadeempregorj.com.br\\\/vagas-de-emprego-nacionais\\\/\"},{\"@type\":\"ListItem\",\"position\":3,\"name\":\"Trabalhe Conosco Electrolux, envie seu curr\u00edculo j\u00e1\"}]},{\"@type\":\"WebSite\",\"@id\":\"https:\\\/\\\/www.vagadeempregorj.com.br\\\/#website\",\"url\":\"https:\\\/\\\/www.vagadeempregorj.com.br\\\/\",\"name\":\"\",\"description\":\"Conquiste Sonhos: Vagas, Benef\u00edcios e Economia para Transformar Vidas e Alcan\u00e7ar Melhorias Cotidianas\",\"potentialAction\":[{\"@type\":\"SearchAction\",\"target\":{\"@type\":\"EntryPoint\",\"urlTemplate\":\"https:\\\/\\\/www.vagadeempregorj.com.br\\\/?s={search_term_string}\"},\"query-input\":{\"@type\":\"PropertyValueSpecification\",\"valueRequired\":true,\"valueName\":\"search_term_string\"}}],\"inLanguage\":\"ar\"},{\"@type\":\"Person\",\"@id\":\"https:\\\/\\\/www.vagadeempregorj.com.br\\\/#\\\/schema\\\/person\\\/ff7c1ede281066d35b2813eb13f662ef\",\"name\":\"Pedro Santos\",\"image\":{\"@type\":\"ImageObject\",\"inLanguage\":\"ar\",\"@id\":\"https:\\\/\\\/secure.gravatar.com\\\/avatar\\\/0f569c1b80e91280c9dc54d2dec96d0c5562a072cef4b08b7e3807948546027c?s=96&r=g\",\"url\":\"https:\\\/\\\/secure.gravatar.com\\\/avatar\\\/0f569c1b80e91280c9dc54d2dec96d0c5562a072cef4b08b7e3807948546027c?s=96&r=g\",\"contentUrl\":\"https:\\\/\\\/secure.gravatar.com\\\/avatar\\\/0f569c1b80e91280c9dc54d2dec96d0c5562a072cef4b08b7e3807948546027c?s=96&r=g\",\"caption\":\"Pedro Santos\"},\"description\":\"Meu nome \u00e9 Pedro e sou redator. Dedico meu tempo escrevendo vagas de emprego diariamente no portal Vaga de Emprego RJ\",\"url\":\"https:\\\/\\\/www.vagadeempregorj.com.br\\\/ar\\\/author\\\/fabio\\\/\"}]}<\/script>\n<!-- \/ Yoast SEO plugin. -->","yoast_head_json":{"title":"Trabalhe Conosco Electrolux, envie seu curr\u00edculo j\u00e1 -","description":"Trabalhe Conosco Electrolux, a empresa vai al\u00e9m de eletrodom\u00e9sticos e fornece at\u00e9 utens\u00edlios culin\u00e1rios. Envie seu curr\u00edculo.","robots":{"index":"index","follow":"follow","max-snippet":"max-snippet:-1","max-image-preview":"max-image-preview:large","max-video-preview":"max-video-preview:-1"},"canonical":"https:\/\/www.vagadeempregorj.com.br\/ar\/trabalhe-conosco-electrolux\/","og_locale":"ar_AR","og_type":"article","og_title":"Trabalhe Conosco Electrolux, envie seu curr\u00edculo j\u00e1 -","og_description":"Trabalhe Conosco Electrolux, a empresa vai al\u00e9m de eletrodom\u00e9sticos e fornece at\u00e9 utens\u00edlios culin\u00e1rios. Envie seu curr\u00edculo.","og_url":"https:\/\/www.vagadeempregorj.com.br\/ar\/trabalhe-conosco-electrolux\/","article_publisher":"https:\/\/www.facebook.com\/empregobrasiloficial","article_published_time":"2023-08-31T03:03:00+00:00","article_modified_time":"2023-09-02T18:28:29+00:00","og_image":[{"width":1200,"height":675,"url":"https:\/\/www.vagadeempregorj.com.br\/wp-content\/uploads\/2022\/04\/electrolux.jpg","type":"image\/jpeg"}],"author":"Pedro Santos","twitter_card":"summary_large_image","twitter_misc":{"Written by":"Pedro Santos","Est. reading time":"\u062f\u0642\u064a\u0642\u062a\u0627\u0646"},"schema":{"@context":"https:\/\/schema.org","@graph":[{"@type":"Article","@id":"https:\/\/www.vagadeempregorj.com.br\/trabalhe-conosco-electrolux\/#article","isPartOf":{"@id":"https:\/\/www.vagadeempregorj.com.br\/trabalhe-conosco-electrolux\/"},"author":{"name":"Pedro Santos","@id":"https:\/\/www.vagadeempregorj.com.br\/#\/schema\/person\/ff7c1ede281066d35b2813eb13f662ef"},"headline":"Trabalhe Conosco Electrolux, envie seu curr\u00edculo j\u00e1","datePublished":"2023-08-31T03:03:00+00:00","dateModified":"2023-09-02T18:28:29+00:00","mainEntityOfPage":{"@id":"https:\/\/www.vagadeempregorj.com.br\/trabalhe-conosco-electrolux\/"},"wordCount":382,"image":{"@id":"https:\/\/www.vagadeempregorj.com.br\/trabalhe-conosco-electrolux\/#primaryimage"},"thumbnailUrl":"https:\/\/www.vagadeempregorj.com.br\/wp-content\/uploads\/2022\/04\/electrolux.jpg","keywords":["Electrolux","vaga de emprego"],"articleSection":["Vagas de Emprego Nacionais"],"inLanguage":"ar"},{"@type":"WebPage","@id":"https:\/\/www.vagadeempregorj.com.br\/trabalhe-conosco-electrolux\/","url":"https:\/\/www.vagadeempregorj.com.br\/trabalhe-conosco-electrolux\/","name":"Trabalhe Conosco Electrolux, envie seu curr\u00edculo j\u00e1 -","isPartOf":{"@id":"https:\/\/www.vagadeempregorj.com.br\/#website"},"primaryImageOfPage":{"@id":"https:\/\/www.vagadeempregorj.com.br\/trabalhe-conosco-electrolux\/#primaryimage"},"image":{"@id":"https:\/\/www.vagadeempregorj.com.br\/trabalhe-conosco-electrolux\/#primaryimage"},"thumbnailUrl":"https:\/\/www.vagadeempregorj.com.br\/wp-content\/uploads\/2022\/04\/electrolux.jpg","datePublished":"2023-08-31T03:03:00+00:00","dateModified":"2023-09-02T18:28:29+00:00","author":{"@id":"https:\/\/www.vagadeempregorj.com.br\/#\/schema\/person\/ff7c1ede281066d35b2813eb13f662ef"},"description":"Trabalhe Conosco Electrolux, a empresa vai al\u00e9m de eletrodom\u00e9sticos e fornece at\u00e9 utens\u00edlios culin\u00e1rios. Envie seu curr\u00edculo.","breadcrumb":{"@id":"https:\/\/www.vagadeempregorj.com.br\/trabalhe-conosco-electrolux\/#breadcrumb"},"inLanguage":"ar","potentialAction":[{"@type":"ReadAction","target":["https:\/\/www.vagadeempregorj.com.br\/trabalhe-conosco-electrolux\/"]}]},{"@type":"ImageObject","inLanguage":"ar","@id":"https:\/\/www.vagadeempregorj.com.br\/trabalhe-conosco-electrolux\/#primaryimage","url":"https:\/\/www.vagadeempregorj.com.br\/wp-content\/uploads\/2022\/04\/electrolux.jpg","contentUrl":"https:\/\/www.vagadeempregorj.com.br\/wp-content\/uploads\/2022\/04\/electrolux.jpg","width":1200,"height":675,"caption":"electrolux"},{"@type":"BreadcrumbList","@id":"https:\/\/www.vagadeempregorj.com.br\/trabalhe-conosco-electrolux\/#breadcrumb","itemListElement":[{"@type":"ListItem","position":1,"name":"In\u00edcio","item":"https:\/\/www.vagadeempregorj.com.br\/"},{"@type":"ListItem","position":2,"name":"Vagas de Emprego Nacionais","item":"https:\/\/www.vagadeempregorj.com.br\/vagas-de-emprego-nacionais\/"},{"@type":"ListItem","position":3,"name":"Trabalhe Conosco Electrolux, envie seu curr\u00edculo j\u00e1"}]},{"@type":"WebSite","@id":"https:\/\/www.vagadeempregorj.com.br\/#website","url":"https:\/\/www.vagadeempregorj.com.br\/","name":"","description":"Conquiste Sonhos: Vagas, Benef\u00edcios e Economia para Transformar Vidas e Alcan\u00e7ar Melhorias Cotidianas","potentialAction":[{"@type":"SearchAction","target":{"@type":"EntryPoint","urlTemplate":"https:\/\/www.vagadeempregorj.com.br\/?s={search_term_string}"},"query-input":{"@type":"PropertyValueSpecification","valueRequired":true,"valueName":"search_term_string"}}],"inLanguage":"ar"},{"@type":"Person","@id":"https:\/\/www.vagadeempregorj.com.br\/#\/schema\/person\/ff7c1ede281066d35b2813eb13f662ef","name":"Pedro Santos","image":{"@type":"ImageObject","inLanguage":"ar","@id":"https:\/\/secure.gravatar.com\/avatar\/0f569c1b80e91280c9dc54d2dec96d0c5562a072cef4b08b7e3807948546027c?s=96&r=g","url":"https:\/\/secure.gravatar.com\/avatar\/0f569c1b80e91280c9dc54d2dec96d0c5562a072cef4b08b7e3807948546027c?s=96&r=g","contentUrl":"https:\/\/secure.gravatar.com\/avatar\/0f569c1b80e91280c9dc54d2dec96d0c5562a072cef4b08b7e3807948546027c?s=96&r=g","caption":"Pedro Santos"},"description":"Meu nome \u00e9 Pedro e sou redator. Dedico meu tempo escrevendo vagas de emprego diariamente no portal Vaga de Emprego RJ","url":"https:\/\/www.vagadeempregorj.com.br\/ar\/author\/fabio\/"}]}},"_links":{"self":[{"href":"https:\/\/www.vagadeempregorj.com.br\/ar\/wp-json\/wp\/v2\/posts\/27498","targetHints":{"allow":["GET"]}}],"collection":[{"href":"https:\/\/www.vagadeempregorj.com.br\/ar\/wp-json\/wp\/v2\/posts"}],"about":[{"href":"https:\/\/www.vagadeempregorj.com.br\/ar\/wp-json\/wp\/v2\/types\/post"}],"author":[{"embeddable":true,"href":"https:\/\/www.vagadeempregorj.com.br\/ar\/wp-json\/wp\/v2\/users\/10"}],"replies":[{"embeddable":true,"href":"https:\/\/www.vagadeempregorj.com.br\/ar\/wp-json\/wp\/v2\/comments?post=27498"}],"version-history":[{"count":0,"href":"https:\/\/www.vagadeempregorj.com.br\/ar\/wp-json\/wp\/v2\/posts\/27498\/revisions"}],"wp:featuredmedia":[{"embeddable":true,"href":"https:\/\/www.vagadeempregorj.com.br\/ar\/wp-json\/wp\/v2\/media\/27536"}],"wp:attachment":[{"href":"https:\/\/www.vagadeempregorj.com.br\/ar\/wp-json\/wp\/v2\/media?parent=27498"}],"wp:term":[{"taxonomy":"category","embeddable":true,"href":"https:\/\/www.vagadeempregorj.com.br\/ar\/wp-json\/wp\/v2\/categories?post=27498"},{"taxonomy":"post_tag","embeddable":true,"href":"https:\/\/www.vagadeempregorj.com.br\/ar\/wp-json\/wp\/v2\/tags?post=27498"}],"curies":[{"name":"wp","href":"https:\/\/api.w.org\/{rel}","templated":true}]}}