{"id":27586,"date":"2023-09-21T00:05:00","date_gmt":"2023-09-21T03:05:00","guid":{"rendered":"https:\/\/www.vagadeempregorj.com.br\/?p=27586"},"modified":"2023-12-15T14:33:46","modified_gmt":"2023-12-15T17:33:46","slug":"atendente-de-cafeteria","status":"publish","type":"post","link":"https:\/\/www.vagadeempregorj.com.br\/ar\/atendente-de-cafeteria\/","title":{"rendered":"Atendente de cafeteria, Conferente, Motorista Entregador, Estagi\u00e1rio, Aprendiz e outras vagas na empresa 3 Cora\u00e7\u00f5es, candidate-se envie seu curr\u00edculo"},"content":{"rendered":"<p>Atualizado em <\/p>\n\n\n<div class=\"wp-block-post-date\"><time datetime=\"2023-09-21T00:05:00-03:00\">21\/09\/2023<\/time><\/div>\n\n\n<p>Atendente de cafeteria, Conferente, Motorista Entregador, Estagi\u00e1rio, Aprendiz e outras vagas na empresa 3 Cora\u00e7\u00f5es, o grupo tem o caf\u00e9 como seu item principal de portf\u00f3lio, mas tamb\u00e9m trabalha com suco.<\/p>\n\n\n\n<p>A empresa 3 Cora\u00e7\u00f5es \u00e9 dedicada \u00e0 cria\u00e7\u00e3o de produtos aliment\u00edcios, notoriamente o caf\u00e9.<br><br>No entanto, quem encontra os produtos dessa marca nos supermercados tamb\u00e9m v\u00ea logo que h\u00e1 op\u00e7\u00f5es de cappuccino e at\u00e9 de outras bebidas.<br><br>Essa companhia tem uma quantidade grande de marcas que s\u00e3o bem avaliadas pelos consumidores e que tamb\u00e9m proporcionam excelentes chances profissionais para quem \u00e9 contratado.<\/p>\n\n\n\n<p>Atualmente, a empresa 3 Cora\u00e7\u00f5es tem as seguintes vagas em aberto:<\/p>\n\n\n\n<ul class=\"wp-block-list\">\n<li>Auxiliar de expedi\u00e7\u00e3o<\/li>\n\n\n\n<li>Coordenador de assist\u00eancia t\u00e9cnica<\/li>\n\n\n\n<li>Atendente de cafeteria<\/li>\n\n\n\n<li>Aprendiz<\/li>\n\n\n\n<li>Consultor food Solution<\/li>\n\n\n\n<li>Estagi\u00e1rio comercial<\/li>\n\n\n\n<li>Supervisor de promo\u00e7\u00e3o e merchandising<\/li>\n\n\n\n<li>Est\u00e1gio de controladoria e planejamento<\/li>\n\n\n\n<li>Analista de Log\u00edstica<\/li>\n\n\n\n<li>Auxiliar de produ\u00e7\u00e3o<\/li>\n\n\n\n<li>Conferente<\/li>\n\n\n\n<li>Motorista entregador<\/li>\n\n\n\n<li>E muito mais<\/li>\n<\/ul>\n\n\n\n<p>Os benef\u00edcios concedidos pela empresa s\u00e3o plano odontol\u00f3gico, vale alimenta\u00e7\u00e3o, seguro de vida, plano de sa\u00fade, vale transporte, kit de produtos e gympass.<\/p>\n\n\n\n<div class=\"wp-block-buttons is-horizontal is-content-justification-center is-layout-flex wp-container-core-buttons-is-layout-499968f5 wp-block-buttons-is-layout-flex\">\n<div class=\"wp-block-button\"><a class=\"wp-block-button__link has-black-color has-text-color has-background wp-element-button\" href=\"https:\/\/www.vagadeempregorj.com.br\/ar\/enviando-seu-curriculo-rapidamente\/\" style=\"background:linear-gradient(2deg,rgb(255,134,50) 64%,rgb(255,197,71) 100%)\"><strong>VEJA COMO SE CANDIDATAR<\/strong><\/a><\/div>\n<\/div>\n\n\n\n<h2 class=\"wp-block-heading\"><strong>Trabalhe Conosco 3 Cora\u00e7\u00f5es, como se inscrever<\/strong><\/h2>\n\n\n\n<p>Para concorrer \u00e0s oportunidades na 3 Cora\u00e7\u00f5es \u00e9 preciso acessar o site <a href=\"https:\/\/www.cafe3coracoes.com.br\/\">https:\/\/www.cafe3coracoes.com.br\/<\/a> role para baixo at\u00e9 o rodap\u00e9 do site, procure e clique no link <strong>Trabalhe Conosco.<\/strong><\/p>\n\n\n\n<p>Site da 3 Cora\u00e7\u00f5es: <a href=\"https:\/\/www.cafe3coracoes.com.br\/\"><strong>https:\/\/www.cafe3coracoes.com.br\/<\/strong><\/a><\/p>\n\n\n\n<h2 class=\"wp-block-heading\"><strong>Descubra mais sobre a 3 Cora\u00e7\u00f5es<\/strong><\/h2>\n\n\n\n<p>As marcas da empresa s\u00e3o: Rituais Caf\u00e9s Especiais, Caf\u00e9 Brasileiro, .Br, Caf\u00e9 Igua\u00e7u, Caf\u00e9 Gr\u00e3o Fino, Caf\u00e9 Fort, Cruzeiro, Novo Chocolatto, Dona Clara, MC Mercaf\u00e9.<\/p>\n\n\n\n<p>Os lugares onde a empresa est\u00e1 situada s\u00e3o Rio Grande do Norte, S\u00e3o Paulo, Amazonas, Mato Grosso, Cear\u00e1, Rio de Janeiro e Minas Gerais.<\/p>\n\n\n\n<p>Destaca-se que, em Minas Gerais, encontra-se justamente a sua unidade de exporta\u00e7\u00e3o, al\u00e9m de haver diversos centros de distribui\u00e7\u00e3o pelo pa\u00eds afora.<\/p>\n\n\n\n<p>O site dessa empresa tem uma se\u00e7\u00e3o chamada Mundo do Caf\u00e9, que traz informa\u00e7\u00f5es sobre esse gr\u00e3o, tamb\u00e9m de realizar um cadastro para descobrir receitas.<\/p>\n\n\n\n<div class=\"wp-block-buttons is-horizontal is-content-justification-center is-layout-flex wp-container-core-buttons-is-layout-499968f5 wp-block-buttons-is-layout-flex\">\n<div class=\"wp-block-button\"><a class=\"wp-block-button__link has-black-color has-text-color has-background wp-element-button\" href=\"https:\/\/www.vagadeempregorj.com.br\/ar\/vagas-de-emprego-nacionais\/\" style=\"border-radius:29px;background:linear-gradient(2deg,rgb(255,134,50) 60%,rgb(255,197,71) 100%)\"><strong>VEJA NOVAS VAGAS PARA SE CANDIDATAR<\/strong><\/a><\/div>\n<\/div>","protected":false},"excerpt":{"rendered":"<p>Atendente de cafeteria e outras vagas na 3 Cora\u00e7\u00f5es. Benef\u00edcios: plano odont., VA, seguro vida, plano sa\u00fade, VT, kit de prod. e gympass.<\/p>","protected":false},"author":10,"featured_media":27589,"comment_status":"closed","ping_status":"closed","sticky":false,"template":"","format":"standard","meta":{"neve_meta_sidebar":"","neve_meta_container":"","neve_meta_enable_content_width":"","neve_meta_content_width":0,"neve_meta_title_alignment":"","neve_meta_author_avatar":"","neve_post_elements_order":"","neve_meta_disable_header":"","neve_meta_disable_footer":"","neve_meta_disable_title":"","footnotes":""},"categories":[123],"tags":[320,147],"class_list":["post-27586","post","type-post","status-publish","format-standard","has-post-thumbnail","hentry","category-vagas-de-emprego-nacionais","tag-3-coracoes","tag-vaga-de-emprego"],"yoast_head":"<!-- This site is optimized with the Yoast SEO plugin v27.5 - https:\/\/yoast.com\/product\/yoast-seo-wordpress\/ -->\n<title>Atendente de cafeteria, Conferente, Motorista Entregador, Estagi\u00e1rio, Aprendiz e outras vagas na empresa 3 Cora\u00e7\u00f5es, candidate-se envie seu curr\u00edculo -<\/title>\n<meta name=\"description\" content=\"Atendente de cafeteria e outras vagas na 3 Cora\u00e7\u00f5es. Benef\u00edcios: plano odont., VA, seguro vida, plano sa\u00fade, VT, kit de prod. e gympass.\" \/>\n<meta name=\"robots\" content=\"index, follow, max-snippet:-1, max-image-preview:large, max-video-preview:-1\" \/>\n<link rel=\"canonical\" href=\"https:\/\/www.vagadeempregorj.com.br\/ar\/atendente-de-cafeteria\/\" \/>\n<meta property=\"og:locale\" content=\"ar_AR\" \/>\n<meta property=\"og:type\" content=\"article\" \/>\n<meta property=\"og:title\" content=\"Atendente de cafeteria, Conferente, Motorista Entregador, Estagi\u00e1rio, Aprendiz e outras vagas na empresa 3 Cora\u00e7\u00f5es, candidate-se envie seu curr\u00edculo -\" \/>\n<meta property=\"og:description\" content=\"Atendente de cafeteria e outras vagas na 3 Cora\u00e7\u00f5es. Benef\u00edcios: plano odont., VA, seguro vida, plano sa\u00fade, VT, kit de prod. e gympass.\" \/>\n<meta property=\"og:url\" content=\"https:\/\/www.vagadeempregorj.com.br\/ar\/atendente-de-cafeteria\/\" \/>\n<meta property=\"article:publisher\" content=\"https:\/\/www.facebook.com\/empregobrasiloficial\" \/>\n<meta property=\"article:published_time\" content=\"2023-09-21T03:05:00+00:00\" \/>\n<meta property=\"article:modified_time\" content=\"2023-12-15T17:33:46+00:00\" \/>\n<meta property=\"og:image\" content=\"https:\/\/www.vagadeempregorj.com.br\/wp-content\/uploads\/2022\/04\/3-coracoes.jpg\" \/>\n\t<meta property=\"og:image:width\" content=\"1200\" \/>\n\t<meta property=\"og:image:height\" content=\"675\" \/>\n\t<meta property=\"og:image:type\" content=\"image\/jpeg\" \/>\n<meta name=\"author\" content=\"Pedro Santos\" \/>\n<meta name=\"twitter:card\" content=\"summary_large_image\" \/>\n<meta name=\"twitter:label1\" content=\"Written by\" \/>\n\t<meta name=\"twitter:data1\" content=\"Pedro Santos\" \/>\n\t<meta name=\"twitter:label2\" content=\"Est. reading time\" \/>\n\t<meta name=\"twitter:data2\" content=\"3 \u062f\u0642\u0627\u0626\u0642\" \/>\n<script type=\"application\/ld+json\" class=\"yoast-schema-graph\">{\"@context\":\"https:\\\/\\\/schema.org\",\"@graph\":[{\"@type\":\"Article\",\"@id\":\"https:\\\/\\\/www.vagadeempregorj.com.br\\\/atendente-de-cafeteria\\\/#article\",\"isPartOf\":{\"@id\":\"https:\\\/\\\/www.vagadeempregorj.com.br\\\/atendente-de-cafeteria\\\/\"},\"author\":{\"name\":\"Pedro Santos\",\"@id\":\"https:\\\/\\\/www.vagadeempregorj.com.br\\\/#\\\/schema\\\/person\\\/ff7c1ede281066d35b2813eb13f662ef\"},\"headline\":\"Atendente de cafeteria, Conferente, Motorista Entregador, Estagi\u00e1rio, Aprendiz e outras vagas na empresa 3 Cora\u00e7\u00f5es, candidate-se envie seu curr\u00edculo\",\"datePublished\":\"2023-09-21T03:05:00+00:00\",\"dateModified\":\"2023-12-15T17:33:46+00:00\",\"mainEntityOfPage\":{\"@id\":\"https:\\\/\\\/www.vagadeempregorj.com.br\\\/atendente-de-cafeteria\\\/\"},\"wordCount\":382,\"image\":{\"@id\":\"https:\\\/\\\/www.vagadeempregorj.com.br\\\/atendente-de-cafeteria\\\/#primaryimage\"},\"thumbnailUrl\":\"https:\\\/\\\/www.vagadeempregorj.com.br\\\/wp-content\\\/uploads\\\/2022\\\/04\\\/3-coracoes.jpg\",\"keywords\":[\"3 Cora\u00e7\u00f5es\",\"vaga de emprego\"],\"articleSection\":[\"Vagas de Emprego Nacionais\"],\"inLanguage\":\"ar\"},{\"@type\":\"WebPage\",\"@id\":\"https:\\\/\\\/www.vagadeempregorj.com.br\\\/atendente-de-cafeteria\\\/\",\"url\":\"https:\\\/\\\/www.vagadeempregorj.com.br\\\/atendente-de-cafeteria\\\/\",\"name\":\"Atendente de cafeteria, Conferente, Motorista Entregador, Estagi\u00e1rio, Aprendiz e outras vagas na empresa 3 Cora\u00e7\u00f5es, candidate-se envie seu curr\u00edculo -\",\"isPartOf\":{\"@id\":\"https:\\\/\\\/www.vagadeempregorj.com.br\\\/#website\"},\"primaryImageOfPage\":{\"@id\":\"https:\\\/\\\/www.vagadeempregorj.com.br\\\/atendente-de-cafeteria\\\/#primaryimage\"},\"image\":{\"@id\":\"https:\\\/\\\/www.vagadeempregorj.com.br\\\/atendente-de-cafeteria\\\/#primaryimage\"},\"thumbnailUrl\":\"https:\\\/\\\/www.vagadeempregorj.com.br\\\/wp-content\\\/uploads\\\/2022\\\/04\\\/3-coracoes.jpg\",\"datePublished\":\"2023-09-21T03:05:00+00:00\",\"dateModified\":\"2023-12-15T17:33:46+00:00\",\"author\":{\"@id\":\"https:\\\/\\\/www.vagadeempregorj.com.br\\\/#\\\/schema\\\/person\\\/ff7c1ede281066d35b2813eb13f662ef\"},\"description\":\"Atendente de cafeteria e outras vagas na 3 Cora\u00e7\u00f5es. Benef\u00edcios: plano odont., VA, seguro vida, plano sa\u00fade, VT, kit de prod. e gympass.\",\"breadcrumb\":{\"@id\":\"https:\\\/\\\/www.vagadeempregorj.com.br\\\/atendente-de-cafeteria\\\/#breadcrumb\"},\"inLanguage\":\"ar\",\"potentialAction\":[{\"@type\":\"ReadAction\",\"target\":[\"https:\\\/\\\/www.vagadeempregorj.com.br\\\/atendente-de-cafeteria\\\/\"]}]},{\"@type\":\"ImageObject\",\"inLanguage\":\"ar\",\"@id\":\"https:\\\/\\\/www.vagadeempregorj.com.br\\\/atendente-de-cafeteria\\\/#primaryimage\",\"url\":\"https:\\\/\\\/www.vagadeempregorj.com.br\\\/wp-content\\\/uploads\\\/2022\\\/04\\\/3-coracoes.jpg\",\"contentUrl\":\"https:\\\/\\\/www.vagadeempregorj.com.br\\\/wp-content\\\/uploads\\\/2022\\\/04\\\/3-coracoes.jpg\",\"width\":1200,\"height\":675,\"caption\":\"3 coracoes\"},{\"@type\":\"BreadcrumbList\",\"@id\":\"https:\\\/\\\/www.vagadeempregorj.com.br\\\/atendente-de-cafeteria\\\/#breadcrumb\",\"itemListElement\":[{\"@type\":\"ListItem\",\"position\":1,\"name\":\"In\u00edcio\",\"item\":\"https:\\\/\\\/www.vagadeempregorj.com.br\\\/\"},{\"@type\":\"ListItem\",\"position\":2,\"name\":\"Vagas de Emprego Nacionais\",\"item\":\"https:\\\/\\\/www.vagadeempregorj.com.br\\\/vagas-de-emprego-nacionais\\\/\"},{\"@type\":\"ListItem\",\"position\":3,\"name\":\"Atendente de cafeteria, Conferente, Motorista Entregador, Estagi\u00e1rio, Aprendiz e outras vagas na empresa 3 Cora\u00e7\u00f5es, candidate-se envie seu curr\u00edculo\"}]},{\"@type\":\"WebSite\",\"@id\":\"https:\\\/\\\/www.vagadeempregorj.com.br\\\/#website\",\"url\":\"https:\\\/\\\/www.vagadeempregorj.com.br\\\/\",\"name\":\"\",\"description\":\"Conquiste Sonhos: Vagas, Benef\u00edcios e Economia para Transformar Vidas e Alcan\u00e7ar Melhorias Cotidianas\",\"potentialAction\":[{\"@type\":\"SearchAction\",\"target\":{\"@type\":\"EntryPoint\",\"urlTemplate\":\"https:\\\/\\\/www.vagadeempregorj.com.br\\\/?s={search_term_string}\"},\"query-input\":{\"@type\":\"PropertyValueSpecification\",\"valueRequired\":true,\"valueName\":\"search_term_string\"}}],\"inLanguage\":\"ar\"},{\"@type\":\"Person\",\"@id\":\"https:\\\/\\\/www.vagadeempregorj.com.br\\\/#\\\/schema\\\/person\\\/ff7c1ede281066d35b2813eb13f662ef\",\"name\":\"Pedro Santos\",\"image\":{\"@type\":\"ImageObject\",\"inLanguage\":\"ar\",\"@id\":\"https:\\\/\\\/secure.gravatar.com\\\/avatar\\\/0f569c1b80e91280c9dc54d2dec96d0c5562a072cef4b08b7e3807948546027c?s=96&r=g\",\"url\":\"https:\\\/\\\/secure.gravatar.com\\\/avatar\\\/0f569c1b80e91280c9dc54d2dec96d0c5562a072cef4b08b7e3807948546027c?s=96&r=g\",\"contentUrl\":\"https:\\\/\\\/secure.gravatar.com\\\/avatar\\\/0f569c1b80e91280c9dc54d2dec96d0c5562a072cef4b08b7e3807948546027c?s=96&r=g\",\"caption\":\"Pedro Santos\"},\"description\":\"Meu nome \u00e9 Pedro e sou redator. Dedico meu tempo escrevendo vagas de emprego diariamente no portal Vaga de Emprego RJ\",\"url\":\"https:\\\/\\\/www.vagadeempregorj.com.br\\\/ar\\\/author\\\/fabio\\\/\"}]}<\/script>\n<!-- \/ Yoast SEO plugin. -->","yoast_head_json":{"title":"Atendente de cafeteria, Conferente, Motorista Entregador, Estagi\u00e1rio, Aprendiz e outras vagas na empresa 3 Cora\u00e7\u00f5es, candidate-se envie seu curr\u00edculo -","description":"Atendente de cafeteria e outras vagas na 3 Cora\u00e7\u00f5es. Benef\u00edcios: plano odont., VA, seguro vida, plano sa\u00fade, VT, kit de prod. e gympass.","robots":{"index":"index","follow":"follow","max-snippet":"max-snippet:-1","max-image-preview":"max-image-preview:large","max-video-preview":"max-video-preview:-1"},"canonical":"https:\/\/www.vagadeempregorj.com.br\/ar\/atendente-de-cafeteria\/","og_locale":"ar_AR","og_type":"article","og_title":"Atendente de cafeteria, Conferente, Motorista Entregador, Estagi\u00e1rio, Aprendiz e outras vagas na empresa 3 Cora\u00e7\u00f5es, candidate-se envie seu curr\u00edculo -","og_description":"Atendente de cafeteria e outras vagas na 3 Cora\u00e7\u00f5es. Benef\u00edcios: plano odont., VA, seguro vida, plano sa\u00fade, VT, kit de prod. e gympass.","og_url":"https:\/\/www.vagadeempregorj.com.br\/ar\/atendente-de-cafeteria\/","article_publisher":"https:\/\/www.facebook.com\/empregobrasiloficial","article_published_time":"2023-09-21T03:05:00+00:00","article_modified_time":"2023-12-15T17:33:46+00:00","og_image":[{"width":1200,"height":675,"url":"https:\/\/www.vagadeempregorj.com.br\/wp-content\/uploads\/2022\/04\/3-coracoes.jpg","type":"image\/jpeg"}],"author":"Pedro Santos","twitter_card":"summary_large_image","twitter_misc":{"Written by":"Pedro Santos","Est. reading time":"3 \u062f\u0642\u0627\u0626\u0642"},"schema":{"@context":"https:\/\/schema.org","@graph":[{"@type":"Article","@id":"https:\/\/www.vagadeempregorj.com.br\/atendente-de-cafeteria\/#article","isPartOf":{"@id":"https:\/\/www.vagadeempregorj.com.br\/atendente-de-cafeteria\/"},"author":{"name":"Pedro Santos","@id":"https:\/\/www.vagadeempregorj.com.br\/#\/schema\/person\/ff7c1ede281066d35b2813eb13f662ef"},"headline":"Atendente de cafeteria, Conferente, Motorista Entregador, Estagi\u00e1rio, Aprendiz e outras vagas na empresa 3 Cora\u00e7\u00f5es, candidate-se envie seu curr\u00edculo","datePublished":"2023-09-21T03:05:00+00:00","dateModified":"2023-12-15T17:33:46+00:00","mainEntityOfPage":{"@id":"https:\/\/www.vagadeempregorj.com.br\/atendente-de-cafeteria\/"},"wordCount":382,"image":{"@id":"https:\/\/www.vagadeempregorj.com.br\/atendente-de-cafeteria\/#primaryimage"},"thumbnailUrl":"https:\/\/www.vagadeempregorj.com.br\/wp-content\/uploads\/2022\/04\/3-coracoes.jpg","keywords":["3 Cora\u00e7\u00f5es","vaga de emprego"],"articleSection":["Vagas de Emprego Nacionais"],"inLanguage":"ar"},{"@type":"WebPage","@id":"https:\/\/www.vagadeempregorj.com.br\/atendente-de-cafeteria\/","url":"https:\/\/www.vagadeempregorj.com.br\/atendente-de-cafeteria\/","name":"Atendente de cafeteria, Conferente, Motorista Entregador, Estagi\u00e1rio, Aprendiz e outras vagas na empresa 3 Cora\u00e7\u00f5es, candidate-se envie seu curr\u00edculo -","isPartOf":{"@id":"https:\/\/www.vagadeempregorj.com.br\/#website"},"primaryImageOfPage":{"@id":"https:\/\/www.vagadeempregorj.com.br\/atendente-de-cafeteria\/#primaryimage"},"image":{"@id":"https:\/\/www.vagadeempregorj.com.br\/atendente-de-cafeteria\/#primaryimage"},"thumbnailUrl":"https:\/\/www.vagadeempregorj.com.br\/wp-content\/uploads\/2022\/04\/3-coracoes.jpg","datePublished":"2023-09-21T03:05:00+00:00","dateModified":"2023-12-15T17:33:46+00:00","author":{"@id":"https:\/\/www.vagadeempregorj.com.br\/#\/schema\/person\/ff7c1ede281066d35b2813eb13f662ef"},"description":"Atendente de cafeteria e outras vagas na 3 Cora\u00e7\u00f5es. Benef\u00edcios: plano odont., VA, seguro vida, plano sa\u00fade, VT, kit de prod. e gympass.","breadcrumb":{"@id":"https:\/\/www.vagadeempregorj.com.br\/atendente-de-cafeteria\/#breadcrumb"},"inLanguage":"ar","potentialAction":[{"@type":"ReadAction","target":["https:\/\/www.vagadeempregorj.com.br\/atendente-de-cafeteria\/"]}]},{"@type":"ImageObject","inLanguage":"ar","@id":"https:\/\/www.vagadeempregorj.com.br\/atendente-de-cafeteria\/#primaryimage","url":"https:\/\/www.vagadeempregorj.com.br\/wp-content\/uploads\/2022\/04\/3-coracoes.jpg","contentUrl":"https:\/\/www.vagadeempregorj.com.br\/wp-content\/uploads\/2022\/04\/3-coracoes.jpg","width":1200,"height":675,"caption":"3 coracoes"},{"@type":"BreadcrumbList","@id":"https:\/\/www.vagadeempregorj.com.br\/atendente-de-cafeteria\/#breadcrumb","itemListElement":[{"@type":"ListItem","position":1,"name":"In\u00edcio","item":"https:\/\/www.vagadeempregorj.com.br\/"},{"@type":"ListItem","position":2,"name":"Vagas de Emprego Nacionais","item":"https:\/\/www.vagadeempregorj.com.br\/vagas-de-emprego-nacionais\/"},{"@type":"ListItem","position":3,"name":"Atendente de cafeteria, Conferente, Motorista Entregador, Estagi\u00e1rio, Aprendiz e outras vagas na empresa 3 Cora\u00e7\u00f5es, candidate-se envie seu curr\u00edculo"}]},{"@type":"WebSite","@id":"https:\/\/www.vagadeempregorj.com.br\/#website","url":"https:\/\/www.vagadeempregorj.com.br\/","name":"","description":"Conquiste Sonhos: Vagas, Benef\u00edcios e Economia para Transformar Vidas e Alcan\u00e7ar Melhorias Cotidianas","potentialAction":[{"@type":"SearchAction","target":{"@type":"EntryPoint","urlTemplate":"https:\/\/www.vagadeempregorj.com.br\/?s={search_term_string}"},"query-input":{"@type":"PropertyValueSpecification","valueRequired":true,"valueName":"search_term_string"}}],"inLanguage":"ar"},{"@type":"Person","@id":"https:\/\/www.vagadeempregorj.com.br\/#\/schema\/person\/ff7c1ede281066d35b2813eb13f662ef","name":"Pedro Santos","image":{"@type":"ImageObject","inLanguage":"ar","@id":"https:\/\/secure.gravatar.com\/avatar\/0f569c1b80e91280c9dc54d2dec96d0c5562a072cef4b08b7e3807948546027c?s=96&r=g","url":"https:\/\/secure.gravatar.com\/avatar\/0f569c1b80e91280c9dc54d2dec96d0c5562a072cef4b08b7e3807948546027c?s=96&r=g","contentUrl":"https:\/\/secure.gravatar.com\/avatar\/0f569c1b80e91280c9dc54d2dec96d0c5562a072cef4b08b7e3807948546027c?s=96&r=g","caption":"Pedro Santos"},"description":"Meu nome \u00e9 Pedro e sou redator. Dedico meu tempo escrevendo vagas de emprego diariamente no portal Vaga de Emprego RJ","url":"https:\/\/www.vagadeempregorj.com.br\/ar\/author\/fabio\/"}]}},"_links":{"self":[{"href":"https:\/\/www.vagadeempregorj.com.br\/ar\/wp-json\/wp\/v2\/posts\/27586","targetHints":{"allow":["GET"]}}],"collection":[{"href":"https:\/\/www.vagadeempregorj.com.br\/ar\/wp-json\/wp\/v2\/posts"}],"about":[{"href":"https:\/\/www.vagadeempregorj.com.br\/ar\/wp-json\/wp\/v2\/types\/post"}],"author":[{"embeddable":true,"href":"https:\/\/www.vagadeempregorj.com.br\/ar\/wp-json\/wp\/v2\/users\/10"}],"replies":[{"embeddable":true,"href":"https:\/\/www.vagadeempregorj.com.br\/ar\/wp-json\/wp\/v2\/comments?post=27586"}],"version-history":[{"count":0,"href":"https:\/\/www.vagadeempregorj.com.br\/ar\/wp-json\/wp\/v2\/posts\/27586\/revisions"}],"wp:featuredmedia":[{"embeddable":true,"href":"https:\/\/www.vagadeempregorj.com.br\/ar\/wp-json\/wp\/v2\/media\/27589"}],"wp:attachment":[{"href":"https:\/\/www.vagadeempregorj.com.br\/ar\/wp-json\/wp\/v2\/media?parent=27586"}],"wp:term":[{"taxonomy":"category","embeddable":true,"href":"https:\/\/www.vagadeempregorj.com.br\/ar\/wp-json\/wp\/v2\/categories?post=27586"},{"taxonomy":"post_tag","embeddable":true,"href":"https:\/\/www.vagadeempregorj.com.br\/ar\/wp-json\/wp\/v2\/tags?post=27586"}],"curies":[{"name":"wp","href":"https:\/\/api.w.org\/{rel}","templated":true}]}}