{"id":27600,"date":"2023-08-30T00:01:00","date_gmt":"2023-08-30T03:01:00","guid":{"rendered":"https:\/\/www.vagadeempregorj.com.br\/?p=27600"},"modified":"2025-01-30T13:58:49","modified_gmt":"2025-01-30T16:58:49","slug":"serralheiro","status":"publish","type":"post","link":"https:\/\/www.vagadeempregorj.com.br\/ar\/serralheiro\/","title":{"rendered":"Serralheiro, T\u00e9cnico, Analista de Produ\u00e7\u00e3o e outras vagas de emprego na Aeris, veja vagas dispon\u00edveis"},"content":{"rendered":"<p>Atualizado<\/p>\n\n\n<div class=\"wp-block-post-date\"><time datetime=\"2023-08-30T00:01:00-03:00\">30\/08\/2023<\/time><\/div>\n\n\n<p>Serralheiro, T\u00e9cnico, Analista de Produ\u00e7\u00e3o e outras vagas de emprego na Aeris refer\u00eancia no desenvolvimento e cuidado de p\u00e1s para usinas e\u00f3licas.<\/p>\n\n\n\n<p>A Aeris \u00e9 uma empresa que trabalha com a realiza\u00e7\u00e3o de fornecimento de energia e\u00f3lica<br><br>Levando \u00e0 popula\u00e7\u00e3o uma fonte de eletricidade que n\u00e3o faz mal ao meio ambiente e que, por outro lado, \u00e9 inesgot\u00e1vel.<br><br>O trabalho nessa companhia el\u00e9trica garante aos profissionais a chance de sal\u00e1rios competitivos, mas n\u00e3o s\u00e3o esses os \u00fanicos benef\u00edcios.<\/p>\n\n\n\n<p>Por enquanto, \u00e9 poss\u00edvel se candidatar na Aeris:<\/p>\n\n\n\n<ul class=\"wp-block-list\">\n<li>Analista de engenharia de processos<\/li>\n\n\n\n<li>Assistente de PPCP<\/li>\n\n\n\n<li>Coordena\u00e7\u00e3o de produ\u00e7\u00e3o<\/li>\n\n\n\n<li>T\u00e9cnico de qualidade para laborat\u00f3rio<\/li>\n\n\n\n<li>T\u00e9cnico ultrassonista<\/li>\n\n\n\n<li>Analista de qualidade<\/li>\n\n\n\n<li>Analista de produ\u00e7\u00e3o<\/li>\n\n\n\n<li>Serralheiro<\/li>\n\n\n\n<li>T\u00e9cnico em eletromec\u00e2nica<\/li>\n\n\n\n<li>E mais<\/li>\n<\/ul>\n\n\n\n<p>Os trabalhadores dessa empresa recebem conv\u00eanio odontol\u00f3gico, seguro de vida, alimenta\u00e7\u00e3o no restaurante, plano de sa\u00fade, vale alimenta\u00e7\u00e3o, transporte e participa\u00e7\u00e3o nos resultados.<\/p>\n\n\n\n<div class=\"wp-block-buttons is-horizontal is-content-justification-center is-layout-flex wp-container-core-buttons-is-layout-499968f5 wp-block-buttons-is-layout-flex\">\n<div class=\"wp-block-button\"><a class=\"wp-block-button__link has-black-color has-text-color has-background wp-element-button\" href=\"https:\/\/www.vagadeempregorj.com.br\/ar\/enviando-seu-curriculo-rapidamente\/\" style=\"background:linear-gradient(2deg,rgb(255,134,50) 64%,rgb(255,197,71) 100%)\"><strong>VEJA COMO SE CANDIDATAR<\/strong><\/a><\/div>\n<\/div>\n\n\n\n<h2 class=\"wp-block-heading\"><strong>Vagas de emprego Aeris, como se inscrever<\/strong><\/h2>\n\n\n\n<p>A Aeris tem as suas vagas anunciadas no sistema Gupy.<\/p>\n\n\n\n<p>O trabalhador s\u00f3 tem de fazer o seu cadastro de curr\u00edculo e navegar pelas vagas que est\u00e3o abertas pela empresa energ\u00e9tica.<\/p>\n\n\n\n<p>Al\u00e9m disso, os trabalhadores que j\u00e1 mandaram curr\u00edculo em algum momento usando a Gupy t\u00eam s\u00f3 de acessar com o seu login.<\/p>\n\n\n\n<p>A Aeris pode ser localizada tamb\u00e9m na rede social LinkedIn, sendo esse um canal para que os trabalhadores saibam que vagas est\u00e3o dispon\u00edveis: <a href=\"https:\/\/www.linkedin.com\/company\/aeris_energy\/?originalSubdomain=br\">https:\/\/www.linkedin.com\/company\/aeris_energy\/?originalSubdomain=br<\/a>.<\/p>\n\n\n\n<h2 class=\"wp-block-heading\"><strong>Descubra mais sobre a Aeris<\/strong><\/h2>\n\n\n\n<p>A Aeris foi criada em 2010, com a ideia dos seus fundadores de fornecer ao mercado consumidor uma energia que n\u00e3o fosse poluente.<\/p>\n\n\n\n<p>Tr\u00eas anos depois, v\u00e1rias certifica\u00e7\u00f5es de seguran\u00e7a j\u00e1 tinham sido alcan\u00e7adas pela empresa rec\u00e9m-lan\u00e7ada, que come\u00e7ou a realizar exporta\u00e7\u00e3o de solu\u00e7\u00f5es em 2017.<\/p>\n\n\n\n<p>Seus funcion\u00e1rios j\u00e1 foram submetidos a mais de 60.000 horas de treinamento, demonstrando que a empresa de energia e\u00f3lica preza pela capacita\u00e7\u00e3o dos seus contratados.<\/p>\n\n\n\n<p>Um dos seus principais produtos, que \u00e9 a p\u00e1 para usinas e\u00f3licas, j\u00e1 alcan\u00e7ou nada menos que 9.500 unidades.<\/p>\n\n\n\n<p>H\u00e1 alguns servi\u00e7os especializados, tais como manuten\u00e7\u00e3o dessas p\u00e1s, inspe\u00e7\u00e3o do seu funcionamento e ainda reparos para o caso de usinas que estejam com problemas.<\/p>\n\n\n\n<div class=\"wp-block-buttons is-horizontal is-content-justification-center is-layout-flex wp-container-core-buttons-is-layout-499968f5 wp-block-buttons-is-layout-flex\">\n<div class=\"wp-block-button\"><a class=\"wp-block-button__link has-black-color has-text-color has-background wp-element-button\" href=\"https:\/\/www.vagadeempregorj.com.br\/ar\/vagas-de-emprego-nacionais\/\" style=\"border-radius:29px;background:linear-gradient(2deg,rgb(255,134,50) 60%,rgb(255,197,71) 100%)\"><strong>VEJA NOVAS VAGAS PARA SE CANDIDATAR<\/strong><\/a><\/div>\n<\/div>","protected":false},"excerpt":{"rendered":"<p>Serralheiro e outras vagas na Aeris. Benef\u00edcios: conv. odont., seg. vida, alim. restaurante, plano sa\u00fade, VA, VT e participa\u00e7\u00e3o resultados.<\/p>","protected":false},"author":10,"featured_media":27620,"comment_status":"closed","ping_status":"closed","sticky":false,"template":"","format":"standard","meta":{"neve_meta_sidebar":"","neve_meta_container":"","neve_meta_enable_content_width":"","neve_meta_content_width":0,"neve_meta_title_alignment":"","neve_meta_author_avatar":"","neve_post_elements_order":"","neve_meta_disable_header":"","neve_meta_disable_footer":"","neve_meta_disable_title":"","footnotes":""},"categories":[123],"tags":[323,147],"class_list":["post-27600","post","type-post","status-publish","format-standard","has-post-thumbnail","hentry","category-vagas-de-emprego-nacionais","tag-aeris","tag-vaga-de-emprego"],"yoast_head":"<!-- This site is optimized with the Yoast SEO plugin v27.5 - https:\/\/yoast.com\/product\/yoast-seo-wordpress\/ -->\n<title>Serralheiro, T\u00e9cnico, Analista de Produ\u00e7\u00e3o e outras vagas de emprego na Aeris, veja vagas dispon\u00edveis -<\/title>\n<meta name=\"description\" content=\"Serralheiro e outras vagas na Aeris. Benef\u00edcios: conv. odont., seg. vida, alim. restaurante, plano sa\u00fade, VA, VT e participa\u00e7\u00e3o resultados.\" \/>\n<meta name=\"robots\" content=\"index, follow, max-snippet:-1, max-image-preview:large, max-video-preview:-1\" \/>\n<link rel=\"canonical\" href=\"https:\/\/www.vagadeempregorj.com.br\/ar\/serralheiro\/\" \/>\n<meta property=\"og:locale\" content=\"ar_AR\" \/>\n<meta property=\"og:type\" content=\"article\" \/>\n<meta property=\"og:title\" content=\"Serralheiro, T\u00e9cnico, Analista de Produ\u00e7\u00e3o e outras vagas de emprego na Aeris, veja vagas dispon\u00edveis -\" \/>\n<meta property=\"og:description\" content=\"Serralheiro e outras vagas na Aeris. Benef\u00edcios: conv. odont., seg. vida, alim. restaurante, plano sa\u00fade, VA, VT e participa\u00e7\u00e3o resultados.\" \/>\n<meta property=\"og:url\" content=\"https:\/\/www.vagadeempregorj.com.br\/ar\/serralheiro\/\" \/>\n<meta property=\"article:publisher\" content=\"https:\/\/www.facebook.com\/empregobrasiloficial\" \/>\n<meta property=\"article:published_time\" content=\"2023-08-30T03:01:00+00:00\" \/>\n<meta property=\"article:modified_time\" content=\"2025-01-30T16:58:49+00:00\" \/>\n<meta property=\"og:image\" content=\"https:\/\/www.vagadeempregorj.com.br\/wp-content\/uploads\/2022\/04\/aeris.jpg\" \/>\n\t<meta property=\"og:image:width\" content=\"1200\" \/>\n\t<meta property=\"og:image:height\" content=\"675\" \/>\n\t<meta property=\"og:image:type\" content=\"image\/jpeg\" \/>\n<meta name=\"author\" content=\"Pedro Santos\" \/>\n<meta name=\"twitter:card\" content=\"summary_large_image\" \/>\n<meta name=\"twitter:label1\" content=\"Written by\" \/>\n\t<meta name=\"twitter:data1\" content=\"Pedro Santos\" \/>\n\t<meta name=\"twitter:label2\" content=\"Est. reading time\" \/>\n\t<meta name=\"twitter:data2\" content=\"3 \u062f\u0642\u0627\u0626\u0642\" \/>\n<script type=\"application\/ld+json\" class=\"yoast-schema-graph\">{\"@context\":\"https:\\\/\\\/schema.org\",\"@graph\":[{\"@type\":\"Article\",\"@id\":\"https:\\\/\\\/www.vagadeempregorj.com.br\\\/serralheiro\\\/#article\",\"isPartOf\":{\"@id\":\"https:\\\/\\\/www.vagadeempregorj.com.br\\\/serralheiro\\\/\"},\"author\":{\"name\":\"Pedro Santos\",\"@id\":\"https:\\\/\\\/www.vagadeempregorj.com.br\\\/#\\\/schema\\\/person\\\/ff7c1ede281066d35b2813eb13f662ef\"},\"headline\":\"Serralheiro, T\u00e9cnico, Analista de Produ\u00e7\u00e3o e outras vagas de emprego na Aeris, veja vagas dispon\u00edveis\",\"datePublished\":\"2023-08-30T03:01:00+00:00\",\"dateModified\":\"2025-01-30T16:58:49+00:00\",\"mainEntityOfPage\":{\"@id\":\"https:\\\/\\\/www.vagadeempregorj.com.br\\\/serralheiro\\\/\"},\"wordCount\":430,\"image\":{\"@id\":\"https:\\\/\\\/www.vagadeempregorj.com.br\\\/serralheiro\\\/#primaryimage\"},\"thumbnailUrl\":\"https:\\\/\\\/www.vagadeempregorj.com.br\\\/wp-content\\\/uploads\\\/2022\\\/04\\\/aeris.jpg\",\"keywords\":[\"Aeris\",\"vaga de emprego\"],\"articleSection\":[\"Vagas de Emprego Nacionais\"],\"inLanguage\":\"ar\"},{\"@type\":\"WebPage\",\"@id\":\"https:\\\/\\\/www.vagadeempregorj.com.br\\\/serralheiro\\\/\",\"url\":\"https:\\\/\\\/www.vagadeempregorj.com.br\\\/serralheiro\\\/\",\"name\":\"Serralheiro, T\u00e9cnico, Analista de Produ\u00e7\u00e3o e outras vagas de emprego na Aeris, veja vagas dispon\u00edveis -\",\"isPartOf\":{\"@id\":\"https:\\\/\\\/www.vagadeempregorj.com.br\\\/#website\"},\"primaryImageOfPage\":{\"@id\":\"https:\\\/\\\/www.vagadeempregorj.com.br\\\/serralheiro\\\/#primaryimage\"},\"image\":{\"@id\":\"https:\\\/\\\/www.vagadeempregorj.com.br\\\/serralheiro\\\/#primaryimage\"},\"thumbnailUrl\":\"https:\\\/\\\/www.vagadeempregorj.com.br\\\/wp-content\\\/uploads\\\/2022\\\/04\\\/aeris.jpg\",\"datePublished\":\"2023-08-30T03:01:00+00:00\",\"dateModified\":\"2025-01-30T16:58:49+00:00\",\"author\":{\"@id\":\"https:\\\/\\\/www.vagadeempregorj.com.br\\\/#\\\/schema\\\/person\\\/ff7c1ede281066d35b2813eb13f662ef\"},\"description\":\"Serralheiro e outras vagas na Aeris. Benef\u00edcios: conv. odont., seg. vida, alim. restaurante, plano sa\u00fade, VA, VT e participa\u00e7\u00e3o resultados.\",\"breadcrumb\":{\"@id\":\"https:\\\/\\\/www.vagadeempregorj.com.br\\\/serralheiro\\\/#breadcrumb\"},\"inLanguage\":\"ar\",\"potentialAction\":[{\"@type\":\"ReadAction\",\"target\":[\"https:\\\/\\\/www.vagadeempregorj.com.br\\\/serralheiro\\\/\"]}]},{\"@type\":\"ImageObject\",\"inLanguage\":\"ar\",\"@id\":\"https:\\\/\\\/www.vagadeempregorj.com.br\\\/serralheiro\\\/#primaryimage\",\"url\":\"https:\\\/\\\/www.vagadeempregorj.com.br\\\/wp-content\\\/uploads\\\/2022\\\/04\\\/aeris.jpg\",\"contentUrl\":\"https:\\\/\\\/www.vagadeempregorj.com.br\\\/wp-content\\\/uploads\\\/2022\\\/04\\\/aeris.jpg\",\"width\":1200,\"height\":675,\"caption\":\"aeris\"},{\"@type\":\"BreadcrumbList\",\"@id\":\"https:\\\/\\\/www.vagadeempregorj.com.br\\\/serralheiro\\\/#breadcrumb\",\"itemListElement\":[{\"@type\":\"ListItem\",\"position\":1,\"name\":\"In\u00edcio\",\"item\":\"https:\\\/\\\/www.vagadeempregorj.com.br\\\/\"},{\"@type\":\"ListItem\",\"position\":2,\"name\":\"Vagas de Emprego Nacionais\",\"item\":\"https:\\\/\\\/www.vagadeempregorj.com.br\\\/vagas-de-emprego-nacionais\\\/\"},{\"@type\":\"ListItem\",\"position\":3,\"name\":\"Serralheiro, T\u00e9cnico, Analista de Produ\u00e7\u00e3o e outras vagas de emprego na Aeris, veja vagas dispon\u00edveis\"}]},{\"@type\":\"WebSite\",\"@id\":\"https:\\\/\\\/www.vagadeempregorj.com.br\\\/#website\",\"url\":\"https:\\\/\\\/www.vagadeempregorj.com.br\\\/\",\"name\":\"\",\"description\":\"Conquiste Sonhos: Vagas, Benef\u00edcios e Economia para Transformar Vidas e Alcan\u00e7ar Melhorias Cotidianas\",\"potentialAction\":[{\"@type\":\"SearchAction\",\"target\":{\"@type\":\"EntryPoint\",\"urlTemplate\":\"https:\\\/\\\/www.vagadeempregorj.com.br\\\/?s={search_term_string}\"},\"query-input\":{\"@type\":\"PropertyValueSpecification\",\"valueRequired\":true,\"valueName\":\"search_term_string\"}}],\"inLanguage\":\"ar\"},{\"@type\":\"Person\",\"@id\":\"https:\\\/\\\/www.vagadeempregorj.com.br\\\/#\\\/schema\\\/person\\\/ff7c1ede281066d35b2813eb13f662ef\",\"name\":\"Pedro Santos\",\"image\":{\"@type\":\"ImageObject\",\"inLanguage\":\"ar\",\"@id\":\"https:\\\/\\\/secure.gravatar.com\\\/avatar\\\/0f569c1b80e91280c9dc54d2dec96d0c5562a072cef4b08b7e3807948546027c?s=96&r=g\",\"url\":\"https:\\\/\\\/secure.gravatar.com\\\/avatar\\\/0f569c1b80e91280c9dc54d2dec96d0c5562a072cef4b08b7e3807948546027c?s=96&r=g\",\"contentUrl\":\"https:\\\/\\\/secure.gravatar.com\\\/avatar\\\/0f569c1b80e91280c9dc54d2dec96d0c5562a072cef4b08b7e3807948546027c?s=96&r=g\",\"caption\":\"Pedro Santos\"},\"description\":\"Meu nome \u00e9 Pedro e sou redator. Dedico meu tempo escrevendo vagas de emprego diariamente no portal Vaga de Emprego RJ\",\"url\":\"https:\\\/\\\/www.vagadeempregorj.com.br\\\/ar\\\/author\\\/fabio\\\/\"}]}<\/script>\n<!-- \/ Yoast SEO plugin. -->","yoast_head_json":{"title":"Serralheiro, T\u00e9cnico, Analista de Produ\u00e7\u00e3o e outras vagas de emprego na Aeris, veja vagas dispon\u00edveis -","description":"Serralheiro e outras vagas na Aeris. Benef\u00edcios: conv. odont., seg. vida, alim. restaurante, plano sa\u00fade, VA, VT e participa\u00e7\u00e3o resultados.","robots":{"index":"index","follow":"follow","max-snippet":"max-snippet:-1","max-image-preview":"max-image-preview:large","max-video-preview":"max-video-preview:-1"},"canonical":"https:\/\/www.vagadeempregorj.com.br\/ar\/serralheiro\/","og_locale":"ar_AR","og_type":"article","og_title":"Serralheiro, T\u00e9cnico, Analista de Produ\u00e7\u00e3o e outras vagas de emprego na Aeris, veja vagas dispon\u00edveis -","og_description":"Serralheiro e outras vagas na Aeris. Benef\u00edcios: conv. odont., seg. vida, alim. restaurante, plano sa\u00fade, VA, VT e participa\u00e7\u00e3o resultados.","og_url":"https:\/\/www.vagadeempregorj.com.br\/ar\/serralheiro\/","article_publisher":"https:\/\/www.facebook.com\/empregobrasiloficial","article_published_time":"2023-08-30T03:01:00+00:00","article_modified_time":"2025-01-30T16:58:49+00:00","og_image":[{"width":1200,"height":675,"url":"https:\/\/www.vagadeempregorj.com.br\/wp-content\/uploads\/2022\/04\/aeris.jpg","type":"image\/jpeg"}],"author":"Pedro Santos","twitter_card":"summary_large_image","twitter_misc":{"Written by":"Pedro Santos","Est. reading time":"3 \u062f\u0642\u0627\u0626\u0642"},"schema":{"@context":"https:\/\/schema.org","@graph":[{"@type":"Article","@id":"https:\/\/www.vagadeempregorj.com.br\/serralheiro\/#article","isPartOf":{"@id":"https:\/\/www.vagadeempregorj.com.br\/serralheiro\/"},"author":{"name":"Pedro Santos","@id":"https:\/\/www.vagadeempregorj.com.br\/#\/schema\/person\/ff7c1ede281066d35b2813eb13f662ef"},"headline":"Serralheiro, T\u00e9cnico, Analista de Produ\u00e7\u00e3o e outras vagas de emprego na Aeris, veja vagas dispon\u00edveis","datePublished":"2023-08-30T03:01:00+00:00","dateModified":"2025-01-30T16:58:49+00:00","mainEntityOfPage":{"@id":"https:\/\/www.vagadeempregorj.com.br\/serralheiro\/"},"wordCount":430,"image":{"@id":"https:\/\/www.vagadeempregorj.com.br\/serralheiro\/#primaryimage"},"thumbnailUrl":"https:\/\/www.vagadeempregorj.com.br\/wp-content\/uploads\/2022\/04\/aeris.jpg","keywords":["Aeris","vaga de emprego"],"articleSection":["Vagas de Emprego Nacionais"],"inLanguage":"ar"},{"@type":"WebPage","@id":"https:\/\/www.vagadeempregorj.com.br\/serralheiro\/","url":"https:\/\/www.vagadeempregorj.com.br\/serralheiro\/","name":"Serralheiro, T\u00e9cnico, Analista de Produ\u00e7\u00e3o e outras vagas de emprego na Aeris, veja vagas dispon\u00edveis -","isPartOf":{"@id":"https:\/\/www.vagadeempregorj.com.br\/#website"},"primaryImageOfPage":{"@id":"https:\/\/www.vagadeempregorj.com.br\/serralheiro\/#primaryimage"},"image":{"@id":"https:\/\/www.vagadeempregorj.com.br\/serralheiro\/#primaryimage"},"thumbnailUrl":"https:\/\/www.vagadeempregorj.com.br\/wp-content\/uploads\/2022\/04\/aeris.jpg","datePublished":"2023-08-30T03:01:00+00:00","dateModified":"2025-01-30T16:58:49+00:00","author":{"@id":"https:\/\/www.vagadeempregorj.com.br\/#\/schema\/person\/ff7c1ede281066d35b2813eb13f662ef"},"description":"Serralheiro e outras vagas na Aeris. Benef\u00edcios: conv. odont., seg. vida, alim. restaurante, plano sa\u00fade, VA, VT e participa\u00e7\u00e3o resultados.","breadcrumb":{"@id":"https:\/\/www.vagadeempregorj.com.br\/serralheiro\/#breadcrumb"},"inLanguage":"ar","potentialAction":[{"@type":"ReadAction","target":["https:\/\/www.vagadeempregorj.com.br\/serralheiro\/"]}]},{"@type":"ImageObject","inLanguage":"ar","@id":"https:\/\/www.vagadeempregorj.com.br\/serralheiro\/#primaryimage","url":"https:\/\/www.vagadeempregorj.com.br\/wp-content\/uploads\/2022\/04\/aeris.jpg","contentUrl":"https:\/\/www.vagadeempregorj.com.br\/wp-content\/uploads\/2022\/04\/aeris.jpg","width":1200,"height":675,"caption":"aeris"},{"@type":"BreadcrumbList","@id":"https:\/\/www.vagadeempregorj.com.br\/serralheiro\/#breadcrumb","itemListElement":[{"@type":"ListItem","position":1,"name":"In\u00edcio","item":"https:\/\/www.vagadeempregorj.com.br\/"},{"@type":"ListItem","position":2,"name":"Vagas de Emprego Nacionais","item":"https:\/\/www.vagadeempregorj.com.br\/vagas-de-emprego-nacionais\/"},{"@type":"ListItem","position":3,"name":"Serralheiro, T\u00e9cnico, Analista de Produ\u00e7\u00e3o e outras vagas de emprego na Aeris, veja vagas dispon\u00edveis"}]},{"@type":"WebSite","@id":"https:\/\/www.vagadeempregorj.com.br\/#website","url":"https:\/\/www.vagadeempregorj.com.br\/","name":"","description":"Conquiste Sonhos: Vagas, Benef\u00edcios e Economia para Transformar Vidas e Alcan\u00e7ar Melhorias Cotidianas","potentialAction":[{"@type":"SearchAction","target":{"@type":"EntryPoint","urlTemplate":"https:\/\/www.vagadeempregorj.com.br\/?s={search_term_string}"},"query-input":{"@type":"PropertyValueSpecification","valueRequired":true,"valueName":"search_term_string"}}],"inLanguage":"ar"},{"@type":"Person","@id":"https:\/\/www.vagadeempregorj.com.br\/#\/schema\/person\/ff7c1ede281066d35b2813eb13f662ef","name":"Pedro Santos","image":{"@type":"ImageObject","inLanguage":"ar","@id":"https:\/\/secure.gravatar.com\/avatar\/0f569c1b80e91280c9dc54d2dec96d0c5562a072cef4b08b7e3807948546027c?s=96&r=g","url":"https:\/\/secure.gravatar.com\/avatar\/0f569c1b80e91280c9dc54d2dec96d0c5562a072cef4b08b7e3807948546027c?s=96&r=g","contentUrl":"https:\/\/secure.gravatar.com\/avatar\/0f569c1b80e91280c9dc54d2dec96d0c5562a072cef4b08b7e3807948546027c?s=96&r=g","caption":"Pedro Santos"},"description":"Meu nome \u00e9 Pedro e sou redator. Dedico meu tempo escrevendo vagas de emprego diariamente no portal Vaga de Emprego RJ","url":"https:\/\/www.vagadeempregorj.com.br\/ar\/author\/fabio\/"}]}},"_links":{"self":[{"href":"https:\/\/www.vagadeempregorj.com.br\/ar\/wp-json\/wp\/v2\/posts\/27600","targetHints":{"allow":["GET"]}}],"collection":[{"href":"https:\/\/www.vagadeempregorj.com.br\/ar\/wp-json\/wp\/v2\/posts"}],"about":[{"href":"https:\/\/www.vagadeempregorj.com.br\/ar\/wp-json\/wp\/v2\/types\/post"}],"author":[{"embeddable":true,"href":"https:\/\/www.vagadeempregorj.com.br\/ar\/wp-json\/wp\/v2\/users\/10"}],"replies":[{"embeddable":true,"href":"https:\/\/www.vagadeempregorj.com.br\/ar\/wp-json\/wp\/v2\/comments?post=27600"}],"version-history":[{"count":0,"href":"https:\/\/www.vagadeempregorj.com.br\/ar\/wp-json\/wp\/v2\/posts\/27600\/revisions"}],"wp:featuredmedia":[{"embeddable":true,"href":"https:\/\/www.vagadeempregorj.com.br\/ar\/wp-json\/wp\/v2\/media\/27620"}],"wp:attachment":[{"href":"https:\/\/www.vagadeempregorj.com.br\/ar\/wp-json\/wp\/v2\/media?parent=27600"}],"wp:term":[{"taxonomy":"category","embeddable":true,"href":"https:\/\/www.vagadeempregorj.com.br\/ar\/wp-json\/wp\/v2\/categories?post=27600"},{"taxonomy":"post_tag","embeddable":true,"href":"https:\/\/www.vagadeempregorj.com.br\/ar\/wp-json\/wp\/v2\/tags?post=27600"}],"curies":[{"name":"wp","href":"https:\/\/api.w.org\/{rel}","templated":true}]}}