{"id":30396,"date":"2023-08-08T00:10:00","date_gmt":"2023-08-08T03:10:00","guid":{"rendered":"https:\/\/www.vagadeempregorj.com.br\/?p=30396"},"modified":"2023-08-05T20:27:03","modified_gmt":"2023-08-05T23:27:03","slug":"vagas-de-emprego-pg","status":"publish","type":"post","link":"https:\/\/www.vagadeempregorj.com.br\/ar\/vagas-de-emprego-pg\/","title":{"rendered":"Vagas de emprego P&#038;G, envie seu curr\u00edculo"},"content":{"rendered":"<p>Atualizado<\/p>\n\n\n<div class=\"wp-block-post-date\"><time datetime=\"2023-08-08T00:10:00-03:00\">08\/08\/2023<\/time><\/div>\n\n\n<p>Quando os consumidores veem grandes marcas nas prateleiras, podem n\u00e3o saber que elas s\u00e3o de fabrica\u00e7\u00e3o da empresa P&G, como a Pampers, por exemplo.<\/p>\n\n\n\n<p>Chamado de Procter & Gumble, esse \u00e9 um conglomerado que re\u00fane diferentes marcas conhecidas no Brasil e que t\u00eam consumidores at\u00e9 mesmo em outras partes do mundo.  <br><br>Apostando na seguran\u00e7a dos seus produtos, ela tamb\u00e9m \u00e9 rigorosa a respeito da contrata\u00e7\u00e3o de colaboradores e, atualmente, quem quiser desenvolver uma carreira nessa companhia tem as seguintes op\u00e7\u00f5es para se candidatar:<\/p>\n\n\n\n<ul class=\"wp-block-list\">\n<li>Vendedor senior<\/li>\n\n\n\n<li>Analista de m\u00eddias digitais<\/li>\n\n\n\n<li>Analista administrativo<\/li>\n\n\n\n<li>Engenheiro de Tecnologia da Informa\u00e7\u00e3o<\/li>\n\n\n\n<li>Engenheiro de software<\/li>\n\n\n\n<li>Engenheiro de aplica\u00e7\u00e3o para SAP44<\/li>\n\n\n\n<li>Trade Marketing junior<\/li>\n\n\n\n<li>Divulgador junior<\/li>\n\n\n\n<li>Analista de CRM<\/li>\n\n\n\n<li>Salesforce Architect Solutions<\/li>\n\n\n\n<li>Coordenador CRM<\/li>\n\n\n\n<li>E outros<\/li>\n<\/ul>\n\n\n\n<p>Vale salientar que a P&G tamb\u00e9m tem contrata\u00e7\u00f5es para quem \u00e9 rec\u00e9m-formado e para quem est\u00e1 estudando. <\/p>\n\n\n\n<p>Os benef\u00edcios mais comuns nessa empresa s\u00e3o: vale refei\u00e7\u00e3o, desconto em produtos da empresa, plano de sa\u00fade, hor\u00e1rio de trabalho flex\u00edvel, reembolso para aplica\u00e7\u00e3o de vacinas, sal\u00e1rio competitivo, seguro de vida, vale transporte, plano dent\u00e1rio, GymPass e muito mais.<\/p>\n\n\n\n<div class=\"wp-block-buttons is-horizontal is-content-justification-center is-layout-flex wp-container-core-buttons-is-layout-499968f5 wp-block-buttons-is-layout-flex\">\n<div class=\"wp-block-button\"><a class=\"wp-block-button__link has-black-color has-text-color has-background wp-element-button\" href=\"https:\/\/www.vagadeempregorj.com.br\/ar\/enviando-seu-curriculo-rapidamente\/\" style=\"background:linear-gradient(2deg,rgb(255,134,50) 64%,rgb(255,197,71) 100%)\"><strong>VEJA COMO SE CANDIDATAR<\/strong><\/a><\/div>\n<\/div>\n\n\n\n<h2 class=\"wp-block-heading\"><strong>Como se inscrever<\/strong><\/h2>\n\n\n\n<p>Clicando <a href=\"https:\/\/www.pgcareers.com\/#\">AQUI<\/a>, os candidatos podem ver todas as vagas que o grupo Procter & Gumble tem no Brasil, mas \u00e9 importante prestar aten\u00e7\u00e3o aos filtros: caso se queira ver as vagas para rec\u00e9m-formados e estudantes, \u00e9 necess\u00e1rio fazer uma altera\u00e7\u00e3o.<\/p>\n\n\n\n<p>Informa\u00e7\u00f5es a respeito de o que essa empresa faz e quais s\u00e3o as novidades referentes aos seus produtos podem ser acompanhadas em <a href=\"https:\/\/www.linkedin.com\/company\/procter-and-gamble\/\">https:\/\/www.linkedin.com\/company\/procter-and-gamble\/<\/a>.<\/p>\n\n\n\n<h2 class=\"wp-block-heading\"><strong>Descubra mais sobre a P&G<\/strong><\/h2>\n\n\n\n<p>Com incr\u00edveis 181 anos de exist\u00eancia, a P&G aposta na seguran\u00e7a de todos os produtos que comercializa, ficando atentos desde a escolha dos materiais at\u00e9 a embalagem que chegar\u00e1 \u00e0s m\u00e3os dos consumidores.<\/p>\n\n\n\n<p>As marcas comerciais criadas por essa empresa incluem Herbal Essences, Always, Vick, Pampers, Tampax, Aussie, Oral-B, Clear Blue e muito mais. Na realidade, tratam-se de marcas que trabalham com cuidados com o beb\u00ea, cuidados com a fam\u00edlia, higiene e outras categorias.<\/p>\n\n\n\n<p>Algumas bandeiras que a P&G levanta s\u00e3o a de igualdade de g\u00eaneros e mudan\u00e7as para combater o racismo.<\/p>\n\n\n\n<div class=\"wp-block-buttons is-horizontal is-content-justification-center is-layout-flex wp-container-core-buttons-is-layout-499968f5 wp-block-buttons-is-layout-flex\">\n<div class=\"wp-block-button\"><a class=\"wp-block-button__link has-black-color has-text-color has-background wp-element-button\" href=\"https:\/\/www.vagadeempregorj.com.br\/ar\/vagas-de-emprego-nacionais\/\" style=\"border-radius:29px;background:linear-gradient(2deg,rgb(255,134,50) 60%,rgb(255,197,71) 100%)\"><strong>VEJA NOVAS VAGAS PARA SE CANDIDATAR<\/strong><\/a><\/div>\n<\/div>","protected":false},"excerpt":{"rendered":"<p>Benef\u00edcios: vale refei\u00e7\u00e3o, desconto em produtos da empresa, plano de sa\u00fade, hor\u00e1rio de trabalho flex\u00edvel, reembolso para aplica\u00e7\u00e3o de vacinas, sal\u00e1rio competitivo, seguro de vida, vale transporte, plano dent\u00e1rio, GymPass e muito mais.<\/p>","protected":false},"author":1,"featured_media":30402,"comment_status":"closed","ping_status":"closed","sticky":false,"template":"","format":"standard","meta":{"neve_meta_sidebar":"","neve_meta_container":"","neve_meta_enable_content_width":"","neve_meta_content_width":0,"neve_meta_title_alignment":"","neve_meta_author_avatar":"","neve_post_elements_order":"","neve_meta_disable_header":"","neve_meta_disable_footer":"","neve_meta_disable_title":"","footnotes":""},"categories":[123],"tags":[444,147],"class_list":["post-30396","post","type-post","status-publish","format-standard","has-post-thumbnail","hentry","category-vagas-de-emprego-nacionais","tag-pg","tag-vaga-de-emprego"],"yoast_head":"<!-- This site is optimized with the Yoast SEO plugin v27.5 - https:\/\/yoast.com\/product\/yoast-seo-wordpress\/ -->\n<title>Vagas de emprego P&amp;G, envie seu curr\u00edculo -<\/title>\n<meta name=\"description\" content=\"Benef\u00edcios: VR, des. prod empresa, plano sa\u00fade, hor\u00e1rio flex\u00edvel, reembolso vacinas, sal\u00e1rio comp, seguro vida, VT, plano dent, GymPass...\" \/>\n<meta name=\"robots\" content=\"index, follow, max-snippet:-1, max-image-preview:large, max-video-preview:-1\" \/>\n<link rel=\"canonical\" href=\"https:\/\/www.vagadeempregorj.com.br\/ar\/vagas-de-emprego-pg\/\" \/>\n<meta property=\"og:locale\" content=\"ar_AR\" \/>\n<meta property=\"og:type\" content=\"article\" \/>\n<meta property=\"og:title\" content=\"Vagas de emprego P&amp;G, envie seu curr\u00edculo -\" \/>\n<meta property=\"og:description\" content=\"Benef\u00edcios: VR, des. prod empresa, plano sa\u00fade, hor\u00e1rio flex\u00edvel, reembolso vacinas, sal\u00e1rio comp, seguro vida, VT, plano dent, GymPass...\" \/>\n<meta property=\"og:url\" content=\"https:\/\/www.vagadeempregorj.com.br\/ar\/vagas-de-emprego-pg\/\" \/>\n<meta property=\"article:publisher\" content=\"https:\/\/www.facebook.com\/empregobrasiloficial\" \/>\n<meta property=\"article:published_time\" content=\"2023-08-08T03:10:00+00:00\" \/>\n<meta property=\"og:image\" content=\"https:\/\/www.vagadeempregorj.com.br\/wp-content\/uploads\/2022\/05\/peg.jpg\" \/>\n\t<meta property=\"og:image:width\" content=\"1200\" \/>\n\t<meta property=\"og:image:height\" content=\"675\" \/>\n\t<meta property=\"og:image:type\" content=\"image\/jpeg\" \/>\n<meta name=\"author\" content=\"Ana B.\" \/>\n<meta name=\"twitter:card\" content=\"summary_large_image\" \/>\n<meta name=\"twitter:label1\" content=\"Written by\" \/>\n\t<meta name=\"twitter:data1\" content=\"Ana B.\" \/>\n\t<meta name=\"twitter:label2\" content=\"Est. reading time\" \/>\n\t<meta name=\"twitter:data2\" content=\"\u062f\u0642\u064a\u0642\u062a\u0627\u0646\" \/>\n<script type=\"application\/ld+json\" class=\"yoast-schema-graph\">{\"@context\":\"https:\\\/\\\/schema.org\",\"@graph\":[{\"@type\":\"Article\",\"@id\":\"https:\\\/\\\/www.vagadeempregorj.com.br\\\/vagas-de-emprego-pg\\\/#article\",\"isPartOf\":{\"@id\":\"https:\\\/\\\/www.vagadeempregorj.com.br\\\/vagas-de-emprego-pg\\\/\"},\"author\":{\"name\":\"Ana B.\",\"@id\":\"https:\\\/\\\/www.vagadeempregorj.com.br\\\/#\\\/schema\\\/person\\\/c0c38d5d765e86c3b7c8f12fb1ae6477\"},\"headline\":\"Vagas de emprego P&#038;G, envie seu curr\u00edculo\",\"datePublished\":\"2023-08-08T03:10:00+00:00\",\"mainEntityOfPage\":{\"@id\":\"https:\\\/\\\/www.vagadeempregorj.com.br\\\/vagas-de-emprego-pg\\\/\"},\"wordCount\":405,\"image\":{\"@id\":\"https:\\\/\\\/www.vagadeempregorj.com.br\\\/vagas-de-emprego-pg\\\/#primaryimage\"},\"thumbnailUrl\":\"https:\\\/\\\/www.vagadeempregorj.com.br\\\/wp-content\\\/uploads\\\/2022\\\/05\\\/peg.jpg\",\"keywords\":[\"P&amp;G\",\"vaga de emprego\"],\"articleSection\":[\"Vagas de Emprego Nacionais\"],\"inLanguage\":\"ar\"},{\"@type\":\"WebPage\",\"@id\":\"https:\\\/\\\/www.vagadeempregorj.com.br\\\/vagas-de-emprego-pg\\\/\",\"url\":\"https:\\\/\\\/www.vagadeempregorj.com.br\\\/vagas-de-emprego-pg\\\/\",\"name\":\"Vagas de emprego P&G, envie seu curr\u00edculo -\",\"isPartOf\":{\"@id\":\"https:\\\/\\\/www.vagadeempregorj.com.br\\\/#website\"},\"primaryImageOfPage\":{\"@id\":\"https:\\\/\\\/www.vagadeempregorj.com.br\\\/vagas-de-emprego-pg\\\/#primaryimage\"},\"image\":{\"@id\":\"https:\\\/\\\/www.vagadeempregorj.com.br\\\/vagas-de-emprego-pg\\\/#primaryimage\"},\"thumbnailUrl\":\"https:\\\/\\\/www.vagadeempregorj.com.br\\\/wp-content\\\/uploads\\\/2022\\\/05\\\/peg.jpg\",\"datePublished\":\"2023-08-08T03:10:00+00:00\",\"author\":{\"@id\":\"https:\\\/\\\/www.vagadeempregorj.com.br\\\/#\\\/schema\\\/person\\\/c0c38d5d765e86c3b7c8f12fb1ae6477\"},\"description\":\"Benef\u00edcios: VR, des. prod empresa, plano sa\u00fade, hor\u00e1rio flex\u00edvel, reembolso vacinas, sal\u00e1rio comp, seguro vida, VT, plano dent, GymPass...\",\"breadcrumb\":{\"@id\":\"https:\\\/\\\/www.vagadeempregorj.com.br\\\/vagas-de-emprego-pg\\\/#breadcrumb\"},\"inLanguage\":\"ar\",\"potentialAction\":[{\"@type\":\"ReadAction\",\"target\":[\"https:\\\/\\\/www.vagadeempregorj.com.br\\\/vagas-de-emprego-pg\\\/\"]}]},{\"@type\":\"ImageObject\",\"inLanguage\":\"ar\",\"@id\":\"https:\\\/\\\/www.vagadeempregorj.com.br\\\/vagas-de-emprego-pg\\\/#primaryimage\",\"url\":\"https:\\\/\\\/www.vagadeempregorj.com.br\\\/wp-content\\\/uploads\\\/2022\\\/05\\\/peg.jpg\",\"contentUrl\":\"https:\\\/\\\/www.vagadeempregorj.com.br\\\/wp-content\\\/uploads\\\/2022\\\/05\\\/peg.jpg\",\"width\":1200,\"height\":675,\"caption\":\"peg\"},{\"@type\":\"BreadcrumbList\",\"@id\":\"https:\\\/\\\/www.vagadeempregorj.com.br\\\/vagas-de-emprego-pg\\\/#breadcrumb\",\"itemListElement\":[{\"@type\":\"ListItem\",\"position\":1,\"name\":\"In\u00edcio\",\"item\":\"https:\\\/\\\/www.vagadeempregorj.com.br\\\/\"},{\"@type\":\"ListItem\",\"position\":2,\"name\":\"Vagas de Emprego Nacionais\",\"item\":\"https:\\\/\\\/www.vagadeempregorj.com.br\\\/vagas-de-emprego-nacionais\\\/\"},{\"@type\":\"ListItem\",\"position\":3,\"name\":\"Vagas de emprego P&#038;G, envie seu curr\u00edculo\"}]},{\"@type\":\"WebSite\",\"@id\":\"https:\\\/\\\/www.vagadeempregorj.com.br\\\/#website\",\"url\":\"https:\\\/\\\/www.vagadeempregorj.com.br\\\/\",\"name\":\"\",\"description\":\"Conquiste Sonhos: Vagas, Benef\u00edcios e Economia para Transformar Vidas e Alcan\u00e7ar Melhorias Cotidianas\",\"potentialAction\":[{\"@type\":\"SearchAction\",\"target\":{\"@type\":\"EntryPoint\",\"urlTemplate\":\"https:\\\/\\\/www.vagadeempregorj.com.br\\\/?s={search_term_string}\"},\"query-input\":{\"@type\":\"PropertyValueSpecification\",\"valueRequired\":true,\"valueName\":\"search_term_string\"}}],\"inLanguage\":\"ar\"},{\"@type\":\"Person\",\"@id\":\"https:\\\/\\\/www.vagadeempregorj.com.br\\\/#\\\/schema\\\/person\\\/c0c38d5d765e86c3b7c8f12fb1ae6477\",\"name\":\"Ana B.\",\"image\":{\"@type\":\"ImageObject\",\"inLanguage\":\"ar\",\"@id\":\"https:\\\/\\\/secure.gravatar.com\\\/avatar\\\/f5efa58599e07f8dd92f26c7cfbc442fd115582bc681245452e503c2ef2334f3?s=96&r=g\",\"url\":\"https:\\\/\\\/secure.gravatar.com\\\/avatar\\\/f5efa58599e07f8dd92f26c7cfbc442fd115582bc681245452e503c2ef2334f3?s=96&r=g\",\"contentUrl\":\"https:\\\/\\\/secure.gravatar.com\\\/avatar\\\/f5efa58599e07f8dd92f26c7cfbc442fd115582bc681245452e503c2ef2334f3?s=96&r=g\",\"caption\":\"Ana B.\"},\"description\":\"Meu nome \u00e9 Ana e sou apaixonada em escrever. Dedico meu tempo escrevendo not\u00edcias e vagas de emprego diariamente no portal Vaga de Emprego RJ.\",\"url\":\"https:\\\/\\\/www.vagadeempregorj.com.br\\\/ar\\\/author\\\/vgrj\\\/\"}]}<\/script>\n<!-- \/ Yoast SEO plugin. -->","yoast_head_json":{"title":"Vagas de emprego P&G, envie seu curr\u00edculo -","description":"Benef\u00edcios: VR, des. prod empresa, plano sa\u00fade, hor\u00e1rio flex\u00edvel, reembolso vacinas, sal\u00e1rio comp, seguro vida, VT, plano dent, GymPass...","robots":{"index":"index","follow":"follow","max-snippet":"max-snippet:-1","max-image-preview":"max-image-preview:large","max-video-preview":"max-video-preview:-1"},"canonical":"https:\/\/www.vagadeempregorj.com.br\/ar\/vagas-de-emprego-pg\/","og_locale":"ar_AR","og_type":"article","og_title":"Vagas de emprego P&G, envie seu curr\u00edculo -","og_description":"Benef\u00edcios: VR, des. prod empresa, plano sa\u00fade, hor\u00e1rio flex\u00edvel, reembolso vacinas, sal\u00e1rio comp, seguro vida, VT, plano dent, GymPass...","og_url":"https:\/\/www.vagadeempregorj.com.br\/ar\/vagas-de-emprego-pg\/","article_publisher":"https:\/\/www.facebook.com\/empregobrasiloficial","article_published_time":"2023-08-08T03:10:00+00:00","og_image":[{"width":1200,"height":675,"url":"https:\/\/www.vagadeempregorj.com.br\/wp-content\/uploads\/2022\/05\/peg.jpg","type":"image\/jpeg"}],"author":"Ana B.","twitter_card":"summary_large_image","twitter_misc":{"Written by":"Ana B.","Est. reading time":"\u062f\u0642\u064a\u0642\u062a\u0627\u0646"},"schema":{"@context":"https:\/\/schema.org","@graph":[{"@type":"Article","@id":"https:\/\/www.vagadeempregorj.com.br\/vagas-de-emprego-pg\/#article","isPartOf":{"@id":"https:\/\/www.vagadeempregorj.com.br\/vagas-de-emprego-pg\/"},"author":{"name":"Ana B.","@id":"https:\/\/www.vagadeempregorj.com.br\/#\/schema\/person\/c0c38d5d765e86c3b7c8f12fb1ae6477"},"headline":"Vagas de emprego P&#038;G, envie seu curr\u00edculo","datePublished":"2023-08-08T03:10:00+00:00","mainEntityOfPage":{"@id":"https:\/\/www.vagadeempregorj.com.br\/vagas-de-emprego-pg\/"},"wordCount":405,"image":{"@id":"https:\/\/www.vagadeempregorj.com.br\/vagas-de-emprego-pg\/#primaryimage"},"thumbnailUrl":"https:\/\/www.vagadeempregorj.com.br\/wp-content\/uploads\/2022\/05\/peg.jpg","keywords":["P&amp;G","vaga de emprego"],"articleSection":["Vagas de Emprego Nacionais"],"inLanguage":"ar"},{"@type":"WebPage","@id":"https:\/\/www.vagadeempregorj.com.br\/vagas-de-emprego-pg\/","url":"https:\/\/www.vagadeempregorj.com.br\/vagas-de-emprego-pg\/","name":"Vagas de emprego P&G, envie seu curr\u00edculo -","isPartOf":{"@id":"https:\/\/www.vagadeempregorj.com.br\/#website"},"primaryImageOfPage":{"@id":"https:\/\/www.vagadeempregorj.com.br\/vagas-de-emprego-pg\/#primaryimage"},"image":{"@id":"https:\/\/www.vagadeempregorj.com.br\/vagas-de-emprego-pg\/#primaryimage"},"thumbnailUrl":"https:\/\/www.vagadeempregorj.com.br\/wp-content\/uploads\/2022\/05\/peg.jpg","datePublished":"2023-08-08T03:10:00+00:00","author":{"@id":"https:\/\/www.vagadeempregorj.com.br\/#\/schema\/person\/c0c38d5d765e86c3b7c8f12fb1ae6477"},"description":"Benef\u00edcios: VR, des. prod empresa, plano sa\u00fade, hor\u00e1rio flex\u00edvel, reembolso vacinas, sal\u00e1rio comp, seguro vida, VT, plano dent, GymPass...","breadcrumb":{"@id":"https:\/\/www.vagadeempregorj.com.br\/vagas-de-emprego-pg\/#breadcrumb"},"inLanguage":"ar","potentialAction":[{"@type":"ReadAction","target":["https:\/\/www.vagadeempregorj.com.br\/vagas-de-emprego-pg\/"]}]},{"@type":"ImageObject","inLanguage":"ar","@id":"https:\/\/www.vagadeempregorj.com.br\/vagas-de-emprego-pg\/#primaryimage","url":"https:\/\/www.vagadeempregorj.com.br\/wp-content\/uploads\/2022\/05\/peg.jpg","contentUrl":"https:\/\/www.vagadeempregorj.com.br\/wp-content\/uploads\/2022\/05\/peg.jpg","width":1200,"height":675,"caption":"peg"},{"@type":"BreadcrumbList","@id":"https:\/\/www.vagadeempregorj.com.br\/vagas-de-emprego-pg\/#breadcrumb","itemListElement":[{"@type":"ListItem","position":1,"name":"In\u00edcio","item":"https:\/\/www.vagadeempregorj.com.br\/"},{"@type":"ListItem","position":2,"name":"Vagas de Emprego Nacionais","item":"https:\/\/www.vagadeempregorj.com.br\/vagas-de-emprego-nacionais\/"},{"@type":"ListItem","position":3,"name":"Vagas de emprego P&#038;G, envie seu curr\u00edculo"}]},{"@type":"WebSite","@id":"https:\/\/www.vagadeempregorj.com.br\/#website","url":"https:\/\/www.vagadeempregorj.com.br\/","name":"","description":"Conquiste Sonhos: Vagas, Benef\u00edcios e Economia para Transformar Vidas e Alcan\u00e7ar Melhorias Cotidianas","potentialAction":[{"@type":"SearchAction","target":{"@type":"EntryPoint","urlTemplate":"https:\/\/www.vagadeempregorj.com.br\/?s={search_term_string}"},"query-input":{"@type":"PropertyValueSpecification","valueRequired":true,"valueName":"search_term_string"}}],"inLanguage":"ar"},{"@type":"Person","@id":"https:\/\/www.vagadeempregorj.com.br\/#\/schema\/person\/c0c38d5d765e86c3b7c8f12fb1ae6477","name":"Ana B.","image":{"@type":"ImageObject","inLanguage":"ar","@id":"https:\/\/secure.gravatar.com\/avatar\/f5efa58599e07f8dd92f26c7cfbc442fd115582bc681245452e503c2ef2334f3?s=96&r=g","url":"https:\/\/secure.gravatar.com\/avatar\/f5efa58599e07f8dd92f26c7cfbc442fd115582bc681245452e503c2ef2334f3?s=96&r=g","contentUrl":"https:\/\/secure.gravatar.com\/avatar\/f5efa58599e07f8dd92f26c7cfbc442fd115582bc681245452e503c2ef2334f3?s=96&r=g","caption":"Ana B."},"description":"Meu nome \u00e9 Ana e sou apaixonada em escrever. Dedico meu tempo escrevendo not\u00edcias e vagas de emprego diariamente no portal Vaga de Emprego RJ.","url":"https:\/\/www.vagadeempregorj.com.br\/ar\/author\/vgrj\/"}]}},"_links":{"self":[{"href":"https:\/\/www.vagadeempregorj.com.br\/ar\/wp-json\/wp\/v2\/posts\/30396","targetHints":{"allow":["GET"]}}],"collection":[{"href":"https:\/\/www.vagadeempregorj.com.br\/ar\/wp-json\/wp\/v2\/posts"}],"about":[{"href":"https:\/\/www.vagadeempregorj.com.br\/ar\/wp-json\/wp\/v2\/types\/post"}],"author":[{"embeddable":true,"href":"https:\/\/www.vagadeempregorj.com.br\/ar\/wp-json\/wp\/v2\/users\/1"}],"replies":[{"embeddable":true,"href":"https:\/\/www.vagadeempregorj.com.br\/ar\/wp-json\/wp\/v2\/comments?post=30396"}],"version-history":[{"count":0,"href":"https:\/\/www.vagadeempregorj.com.br\/ar\/wp-json\/wp\/v2\/posts\/30396\/revisions"}],"wp:featuredmedia":[{"embeddable":true,"href":"https:\/\/www.vagadeempregorj.com.br\/ar\/wp-json\/wp\/v2\/media\/30402"}],"wp:attachment":[{"href":"https:\/\/www.vagadeempregorj.com.br\/ar\/wp-json\/wp\/v2\/media?parent=30396"}],"wp:term":[{"taxonomy":"category","embeddable":true,"href":"https:\/\/www.vagadeempregorj.com.br\/ar\/wp-json\/wp\/v2\/categories?post=30396"},{"taxonomy":"post_tag","embeddable":true,"href":"https:\/\/www.vagadeempregorj.com.br\/ar\/wp-json\/wp\/v2\/tags?post=30396"}],"curies":[{"name":"wp","href":"https:\/\/api.w.org\/{rel}","templated":true}]}}