{"id":32050,"date":"2023-08-08T00:01:00","date_gmt":"2023-08-08T03:01:00","guid":{"rendered":"https:\/\/www.vagadeempregorj.com.br\/?p=32050"},"modified":"2023-08-05T20:27:29","modified_gmt":"2023-08-05T23:27:29","slug":"vagas-de-emprego-vale","status":"publish","type":"post","link":"https:\/\/www.vagadeempregorj.com.br\/ar\/vagas-de-emprego-vale\/","title":{"rendered":"Cozinheiro(a), Operadora de Equipamentos e Instala\u00e7\u00f5es, Analista, Engenheiros e muito mais na Empresa Vale"},"content":{"rendered":"<p>Atualizado em<\/p>\n\n\n<div class=\"wp-block-post-date\"><time datetime=\"2023-08-08T00:01:00-03:00\">08\/08\/2023<\/time><\/div>\n\n\n<p class=\"has-text-align-center\">Proporciona \u00e0s ind\u00fastrias o acesso a ferroligas e outros compostos<\/p>\n\n\n\n<p>Oferecendo servi\u00e7os em mercados internacionais de v\u00e1rios continentes, a Vale \u00e9 uma empresa brasileira que trabalha em quatro frentes diferentes, incluindo a siderurgia.<br><br>Suas a\u00e7\u00f5es podem ser compradas por todos e, em qualquer corretora, tendem a ser algumas das mais valiosas. Isso n\u00e3o \u00e9 para menos, tendo em mente que a sua infraestrutura \u00e9 ultramoderna, apesar de ser uma empresa que se envolveu em trag\u00e9dias ambientais na \u00faltima d\u00e9cada.<br><br>Para ser funcion\u00e1rio da Vale, \u00e9 poss\u00edvel mandar curr\u00edculo para algumas oportunidades dispon\u00edveis:<\/p>\n\n\n\n<ul class=\"wp-block-list\">\n<li>Analista de emerg\u00eancia industrial<\/li>\n\n\n\n<li>Analista operacional<\/li>\n\n\n\n<li>Supervisor de manuten\u00e7\u00e3o<\/li>\n\n\n\n<li>Coordenador de controle de processos<\/li>\n\n\n\n<li>Engenheiro m\u00e1ster<\/li>\n\n\n\n<li>Supervisor de usina<\/li>\n\n\n\n<li>An\u00e1lise de gest\u00e3o de crise<\/li>\n\n\n\n<li>E muito mais<\/li>\n<\/ul>\n\n\n\n<p>Normalmente, essa multinacional \u00e9 generosa no pacote de benef\u00edcios, mesmo para as pessoas que ainda est\u00e3o estudando. <\/p>\n\n\n\n<p>\u00c9 oferecido: participa\u00e7\u00e3o nos lucros, plano de sa\u00fade, vale alimenta\u00e7\u00e3o, cart\u00e3o-presente, Programa Bem-Estar, previd\u00eancia privada, assist\u00eancia odontol\u00f3gica, aux\u00edlio funeral, vale para o Natal, gympass, desconto para alugar carro, aux\u00edlio creche ou bab\u00e1, vale refei\u00e7\u00e3o, seguro de vida em grupo e mais.<\/p>\n\n\n\n<div class=\"wp-block-buttons is-horizontal is-content-justification-center is-layout-flex wp-container-core-buttons-is-layout-499968f5 wp-block-buttons-is-layout-flex\">\n<div class=\"wp-block-button\"><a class=\"wp-block-button__link has-black-color has-text-color has-background wp-element-button\" href=\"https:\/\/www.vagadeempregorj.com.br\/ar\/enviando-seu-curriculo-rapidamente\/\" style=\"background:linear-gradient(2deg,rgb(255,134,50) 64%,rgb(255,197,71) 100%)\"><strong>VEJA COMO SE CANDIDATAR<\/strong><\/a><\/div>\n<\/div>\n\n\n\n<h2 class=\"wp-block-heading\"><strong>Como se inscrever<\/strong><\/h2>\n\n\n\n<p>As vagas que a Vale tem para o Brasil e para outros lugares podem ser acompanhada em <a href=\"https:\/\/vale.eightfold.ai\/careers?location=BRAZIL&pid=11898913&domain=vale.com\">https:\/\/vale.eightfold.ai\/careers?location=BRAZIL&pid=11898913&domain=vale.com<\/a>. <\/p>\n\n\n\n<p>O candidato clica em cima da vaga e, \u00e0 direita, surgem os seus detalhes. Depois, \u00e9 s\u00f3 selecionar \u201cCandidatar-se agora\u201d para come\u00e7ar o cadastro.<\/p>\n\n\n\n<p>As vagas na empresa, geralmente, s\u00e3o informadas tamb\u00e9m no LinkedIn: <a href=\"https:\/\/www.linkedin.com\/company\/vale\">https:\/\/www.linkedin.com\/company\/vale<\/a>.<\/p>\n\n\n\n<h2 class=\"wp-block-heading\"><strong>Descubra mais sobre a Vale<\/strong><\/h2>\n\n\n\n<p>Trabalhando em 20 pa\u00edses, a Vale tem compromissos importantes, como a excel\u00eancia operacional e a vida em primeiro lugar.<\/p>\n\n\n\n<p>Seus setores de atua\u00e7\u00e3o apresentam uma relev\u00e2ncia inestim\u00e1vel n\u00e3o s\u00f3 para a sociedade brasileira, mas para as pessoas no mundo: Log\u00edstica, Minera\u00e7\u00e3o, Siderurgia e Energia, destacando projetos como portos, ferrovias, extra\u00e7\u00e3o de minerais, produ\u00e7\u00e3o de a\u00e7o e gera\u00e7\u00e3o de energia hidr\u00e1ulica.<\/p>\n\n\n\n<p>Destaca-se que \u00e9 por meio do trabalho da Vale que as ind\u00fastrias conseguem acesso a v\u00e1rios metais importantes, como o cobre e o min\u00e9rio de ferro.<\/p>\n\n\n\n<p>Para que tudo isso seja feito com o m\u00ednimo de consequ\u00eancias, a empresa tem o projeto Protetores da Floresta, dentre outras iniciativas.<\/p>\n\n\n\n<div class=\"wp-block-buttons is-horizontal is-content-justification-center is-layout-flex wp-container-core-buttons-is-layout-499968f5 wp-block-buttons-is-layout-flex\">\n<div class=\"wp-block-button\"><a class=\"wp-block-button__link has-black-color has-text-color has-background wp-element-button\" href=\"https:\/\/www.vagadeempregorj.com.br\/ar\/vagas-de-emprego-nacionais\/\" style=\"border-radius:29px;background:linear-gradient(2deg,rgb(255,134,50) 60%,rgb(255,197,71) 100%)\"><strong>VEJA NOVAS VAGAS PARA SE CANDIDATAR<\/strong><\/a><\/div>\n<\/div>","protected":false},"excerpt":{"rendered":"<p>Vagas de emprego Vale. Esteja pronto para no ato da entrevista, em momento oportuno, negociar o sal\u00e1rio. Importante: entenda sobre a empresa, privilegie as raz\u00f5es para o valor em prol da empresa e n\u00e3o de argumentos pessoais, como: pagamento de financiamento, cart\u00e3o de cr\u00e9dito, faculdade, empr\u00e9stimo ou d\u00edvida. <\/p>","protected":false},"author":1,"featured_media":32051,"comment_status":"closed","ping_status":"closed","sticky":false,"template":"","format":"standard","meta":{"neve_meta_sidebar":"","neve_meta_container":"","neve_meta_enable_content_width":"","neve_meta_content_width":0,"neve_meta_title_alignment":"","neve_meta_author_avatar":"","neve_post_elements_order":"","neve_meta_disable_header":"","neve_meta_disable_footer":"","neve_meta_disable_title":"","footnotes":""},"categories":[123],"tags":[147],"class_list":["post-32050","post","type-post","status-publish","format-standard","has-post-thumbnail","hentry","category-vagas-de-emprego-nacionais","tag-vaga-de-emprego"],"yoast_head":"<!-- This site is optimized with the Yoast SEO plugin v27.5 - https:\/\/yoast.com\/product\/yoast-seo-wordpress\/ -->\n<title>Cozinheiro(a), Operadora de Equipamentos e Instala\u00e7\u00f5es, Analista, Engenheiros e muito mais na Empresa Vale -<\/title>\n<meta name=\"description\" content=\"\u00c9 oferecido: participa\u00e7\u00e3o nos lucros, plano de sa\u00fade, vale alimenta\u00e7\u00e3o, cart\u00e3o-presente, Programa Bem-Estar, previd\u00eancia privada....\" \/>\n<meta name=\"robots\" content=\"index, follow, max-snippet:-1, max-image-preview:large, max-video-preview:-1\" \/>\n<link rel=\"canonical\" href=\"https:\/\/www.vagadeempregorj.com.br\/ar\/vagas-de-emprego-vale\/\" \/>\n<meta property=\"og:locale\" content=\"ar_AR\" \/>\n<meta property=\"og:type\" content=\"article\" \/>\n<meta property=\"og:title\" content=\"Cozinheiro(a), Operadora de Equipamentos e Instala\u00e7\u00f5es, Analista, Engenheiros e muito mais na Empresa Vale -\" \/>\n<meta property=\"og:description\" content=\"\u00c9 oferecido: participa\u00e7\u00e3o nos lucros, plano de sa\u00fade, vale alimenta\u00e7\u00e3o, cart\u00e3o-presente, Programa Bem-Estar, previd\u00eancia privada....\" \/>\n<meta property=\"og:url\" content=\"https:\/\/www.vagadeempregorj.com.br\/ar\/vagas-de-emprego-vale\/\" \/>\n<meta property=\"article:publisher\" content=\"https:\/\/www.facebook.com\/empregobrasiloficial\" \/>\n<meta property=\"article:published_time\" content=\"2023-08-08T03:01:00+00:00\" \/>\n<meta property=\"og:image\" content=\"https:\/\/www.vagadeempregorj.com.br\/wp-content\/uploads\/2022\/06\/manu.jpg\" \/>\n\t<meta property=\"og:image:width\" content=\"1200\" \/>\n\t<meta property=\"og:image:height\" content=\"675\" \/>\n\t<meta property=\"og:image:type\" content=\"image\/jpeg\" \/>\n<meta name=\"author\" content=\"Ana B.\" \/>\n<meta name=\"twitter:card\" content=\"summary_large_image\" \/>\n<meta name=\"twitter:label1\" content=\"Written by\" \/>\n\t<meta name=\"twitter:data1\" content=\"Ana B.\" \/>\n\t<meta name=\"twitter:label2\" content=\"Est. reading time\" \/>\n\t<meta name=\"twitter:data2\" content=\"\u062f\u0642\u064a\u0642\u062a\u0627\u0646\" \/>\n<script type=\"application\/ld+json\" class=\"yoast-schema-graph\">{\"@context\":\"https:\\\/\\\/schema.org\",\"@graph\":[{\"@type\":\"Article\",\"@id\":\"https:\\\/\\\/www.vagadeempregorj.com.br\\\/vagas-de-emprego-vale\\\/#article\",\"isPartOf\":{\"@id\":\"https:\\\/\\\/www.vagadeempregorj.com.br\\\/vagas-de-emprego-vale\\\/\"},\"author\":{\"name\":\"Ana B.\",\"@id\":\"https:\\\/\\\/www.vagadeempregorj.com.br\\\/#\\\/schema\\\/person\\\/c0c38d5d765e86c3b7c8f12fb1ae6477\"},\"headline\":\"Cozinheiro(a), Operadora de Equipamentos e Instala\u00e7\u00f5es, Analista, Engenheiros e muito mais na Empresa Vale\",\"datePublished\":\"2023-08-08T03:01:00+00:00\",\"mainEntityOfPage\":{\"@id\":\"https:\\\/\\\/www.vagadeempregorj.com.br\\\/vagas-de-emprego-vale\\\/\"},\"wordCount\":430,\"image\":{\"@id\":\"https:\\\/\\\/www.vagadeempregorj.com.br\\\/vagas-de-emprego-vale\\\/#primaryimage\"},\"thumbnailUrl\":\"https:\\\/\\\/www.vagadeempregorj.com.br\\\/wp-content\\\/uploads\\\/2022\\\/06\\\/manu.jpg\",\"keywords\":[\"vaga de emprego\"],\"articleSection\":[\"Vagas de Emprego Nacionais\"],\"inLanguage\":\"ar\"},{\"@type\":\"WebPage\",\"@id\":\"https:\\\/\\\/www.vagadeempregorj.com.br\\\/vagas-de-emprego-vale\\\/\",\"url\":\"https:\\\/\\\/www.vagadeempregorj.com.br\\\/vagas-de-emprego-vale\\\/\",\"name\":\"Cozinheiro(a), Operadora de Equipamentos e Instala\u00e7\u00f5es, Analista, Engenheiros e muito mais na Empresa Vale -\",\"isPartOf\":{\"@id\":\"https:\\\/\\\/www.vagadeempregorj.com.br\\\/#website\"},\"primaryImageOfPage\":{\"@id\":\"https:\\\/\\\/www.vagadeempregorj.com.br\\\/vagas-de-emprego-vale\\\/#primaryimage\"},\"image\":{\"@id\":\"https:\\\/\\\/www.vagadeempregorj.com.br\\\/vagas-de-emprego-vale\\\/#primaryimage\"},\"thumbnailUrl\":\"https:\\\/\\\/www.vagadeempregorj.com.br\\\/wp-content\\\/uploads\\\/2022\\\/06\\\/manu.jpg\",\"datePublished\":\"2023-08-08T03:01:00+00:00\",\"author\":{\"@id\":\"https:\\\/\\\/www.vagadeempregorj.com.br\\\/#\\\/schema\\\/person\\\/c0c38d5d765e86c3b7c8f12fb1ae6477\"},\"description\":\"\u00c9 oferecido: participa\u00e7\u00e3o nos lucros, plano de sa\u00fade, vale alimenta\u00e7\u00e3o, cart\u00e3o-presente, Programa Bem-Estar, previd\u00eancia privada....\",\"breadcrumb\":{\"@id\":\"https:\\\/\\\/www.vagadeempregorj.com.br\\\/vagas-de-emprego-vale\\\/#breadcrumb\"},\"inLanguage\":\"ar\",\"potentialAction\":[{\"@type\":\"ReadAction\",\"target\":[\"https:\\\/\\\/www.vagadeempregorj.com.br\\\/vagas-de-emprego-vale\\\/\"]}]},{\"@type\":\"ImageObject\",\"inLanguage\":\"ar\",\"@id\":\"https:\\\/\\\/www.vagadeempregorj.com.br\\\/vagas-de-emprego-vale\\\/#primaryimage\",\"url\":\"https:\\\/\\\/www.vagadeempregorj.com.br\\\/wp-content\\\/uploads\\\/2022\\\/06\\\/manu.jpg\",\"contentUrl\":\"https:\\\/\\\/www.vagadeempregorj.com.br\\\/wp-content\\\/uploads\\\/2022\\\/06\\\/manu.jpg\",\"width\":1200,\"height\":675},{\"@type\":\"BreadcrumbList\",\"@id\":\"https:\\\/\\\/www.vagadeempregorj.com.br\\\/vagas-de-emprego-vale\\\/#breadcrumb\",\"itemListElement\":[{\"@type\":\"ListItem\",\"position\":1,\"name\":\"In\u00edcio\",\"item\":\"https:\\\/\\\/www.vagadeempregorj.com.br\\\/\"},{\"@type\":\"ListItem\",\"position\":2,\"name\":\"Vagas de Emprego Nacionais\",\"item\":\"https:\\\/\\\/www.vagadeempregorj.com.br\\\/vagas-de-emprego-nacionais\\\/\"},{\"@type\":\"ListItem\",\"position\":3,\"name\":\"Cozinheiro(a), Operadora de Equipamentos e Instala\u00e7\u00f5es, Analista, Engenheiros e muito mais na Empresa Vale\"}]},{\"@type\":\"WebSite\",\"@id\":\"https:\\\/\\\/www.vagadeempregorj.com.br\\\/#website\",\"url\":\"https:\\\/\\\/www.vagadeempregorj.com.br\\\/\",\"name\":\"\",\"description\":\"Conquiste Sonhos: Vagas, Benef\u00edcios e Economia para Transformar Vidas e Alcan\u00e7ar Melhorias Cotidianas\",\"potentialAction\":[{\"@type\":\"SearchAction\",\"target\":{\"@type\":\"EntryPoint\",\"urlTemplate\":\"https:\\\/\\\/www.vagadeempregorj.com.br\\\/?s={search_term_string}\"},\"query-input\":{\"@type\":\"PropertyValueSpecification\",\"valueRequired\":true,\"valueName\":\"search_term_string\"}}],\"inLanguage\":\"ar\"},{\"@type\":\"Person\",\"@id\":\"https:\\\/\\\/www.vagadeempregorj.com.br\\\/#\\\/schema\\\/person\\\/c0c38d5d765e86c3b7c8f12fb1ae6477\",\"name\":\"Ana B.\",\"image\":{\"@type\":\"ImageObject\",\"inLanguage\":\"ar\",\"@id\":\"https:\\\/\\\/secure.gravatar.com\\\/avatar\\\/f5efa58599e07f8dd92f26c7cfbc442fd115582bc681245452e503c2ef2334f3?s=96&r=g\",\"url\":\"https:\\\/\\\/secure.gravatar.com\\\/avatar\\\/f5efa58599e07f8dd92f26c7cfbc442fd115582bc681245452e503c2ef2334f3?s=96&r=g\",\"contentUrl\":\"https:\\\/\\\/secure.gravatar.com\\\/avatar\\\/f5efa58599e07f8dd92f26c7cfbc442fd115582bc681245452e503c2ef2334f3?s=96&r=g\",\"caption\":\"Ana B.\"},\"description\":\"Meu nome \u00e9 Ana e sou apaixonada em escrever. Dedico meu tempo escrevendo not\u00edcias e vagas de emprego diariamente no portal Vaga de Emprego RJ.\",\"url\":\"https:\\\/\\\/www.vagadeempregorj.com.br\\\/ar\\\/author\\\/vgrj\\\/\"}]}<\/script>\n<!-- \/ Yoast SEO plugin. -->","yoast_head_json":{"title":"Cozinheiro(a), Operadora de Equipamentos e Instala\u00e7\u00f5es, Analista, Engenheiros e muito mais na Empresa Vale -","description":"\u00c9 oferecido: participa\u00e7\u00e3o nos lucros, plano de sa\u00fade, vale alimenta\u00e7\u00e3o, cart\u00e3o-presente, Programa Bem-Estar, previd\u00eancia privada....","robots":{"index":"index","follow":"follow","max-snippet":"max-snippet:-1","max-image-preview":"max-image-preview:large","max-video-preview":"max-video-preview:-1"},"canonical":"https:\/\/www.vagadeempregorj.com.br\/ar\/vagas-de-emprego-vale\/","og_locale":"ar_AR","og_type":"article","og_title":"Cozinheiro(a), Operadora de Equipamentos e Instala\u00e7\u00f5es, Analista, Engenheiros e muito mais na Empresa Vale -","og_description":"\u00c9 oferecido: participa\u00e7\u00e3o nos lucros, plano de sa\u00fade, vale alimenta\u00e7\u00e3o, cart\u00e3o-presente, Programa Bem-Estar, previd\u00eancia privada....","og_url":"https:\/\/www.vagadeempregorj.com.br\/ar\/vagas-de-emprego-vale\/","article_publisher":"https:\/\/www.facebook.com\/empregobrasiloficial","article_published_time":"2023-08-08T03:01:00+00:00","og_image":[{"width":1200,"height":675,"url":"https:\/\/www.vagadeempregorj.com.br\/wp-content\/uploads\/2022\/06\/manu.jpg","type":"image\/jpeg"}],"author":"Ana B.","twitter_card":"summary_large_image","twitter_misc":{"Written by":"Ana B.","Est. reading time":"\u062f\u0642\u064a\u0642\u062a\u0627\u0646"},"schema":{"@context":"https:\/\/schema.org","@graph":[{"@type":"Article","@id":"https:\/\/www.vagadeempregorj.com.br\/vagas-de-emprego-vale\/#article","isPartOf":{"@id":"https:\/\/www.vagadeempregorj.com.br\/vagas-de-emprego-vale\/"},"author":{"name":"Ana B.","@id":"https:\/\/www.vagadeempregorj.com.br\/#\/schema\/person\/c0c38d5d765e86c3b7c8f12fb1ae6477"},"headline":"Cozinheiro(a), Operadora de Equipamentos e Instala\u00e7\u00f5es, Analista, Engenheiros e muito mais na Empresa Vale","datePublished":"2023-08-08T03:01:00+00:00","mainEntityOfPage":{"@id":"https:\/\/www.vagadeempregorj.com.br\/vagas-de-emprego-vale\/"},"wordCount":430,"image":{"@id":"https:\/\/www.vagadeempregorj.com.br\/vagas-de-emprego-vale\/#primaryimage"},"thumbnailUrl":"https:\/\/www.vagadeempregorj.com.br\/wp-content\/uploads\/2022\/06\/manu.jpg","keywords":["vaga de emprego"],"articleSection":["Vagas de Emprego Nacionais"],"inLanguage":"ar"},{"@type":"WebPage","@id":"https:\/\/www.vagadeempregorj.com.br\/vagas-de-emprego-vale\/","url":"https:\/\/www.vagadeempregorj.com.br\/vagas-de-emprego-vale\/","name":"Cozinheiro(a), Operadora de Equipamentos e Instala\u00e7\u00f5es, Analista, Engenheiros e muito mais na Empresa Vale -","isPartOf":{"@id":"https:\/\/www.vagadeempregorj.com.br\/#website"},"primaryImageOfPage":{"@id":"https:\/\/www.vagadeempregorj.com.br\/vagas-de-emprego-vale\/#primaryimage"},"image":{"@id":"https:\/\/www.vagadeempregorj.com.br\/vagas-de-emprego-vale\/#primaryimage"},"thumbnailUrl":"https:\/\/www.vagadeempregorj.com.br\/wp-content\/uploads\/2022\/06\/manu.jpg","datePublished":"2023-08-08T03:01:00+00:00","author":{"@id":"https:\/\/www.vagadeempregorj.com.br\/#\/schema\/person\/c0c38d5d765e86c3b7c8f12fb1ae6477"},"description":"\u00c9 oferecido: participa\u00e7\u00e3o nos lucros, plano de sa\u00fade, vale alimenta\u00e7\u00e3o, cart\u00e3o-presente, Programa Bem-Estar, previd\u00eancia privada....","breadcrumb":{"@id":"https:\/\/www.vagadeempregorj.com.br\/vagas-de-emprego-vale\/#breadcrumb"},"inLanguage":"ar","potentialAction":[{"@type":"ReadAction","target":["https:\/\/www.vagadeempregorj.com.br\/vagas-de-emprego-vale\/"]}]},{"@type":"ImageObject","inLanguage":"ar","@id":"https:\/\/www.vagadeempregorj.com.br\/vagas-de-emprego-vale\/#primaryimage","url":"https:\/\/www.vagadeempregorj.com.br\/wp-content\/uploads\/2022\/06\/manu.jpg","contentUrl":"https:\/\/www.vagadeempregorj.com.br\/wp-content\/uploads\/2022\/06\/manu.jpg","width":1200,"height":675},{"@type":"BreadcrumbList","@id":"https:\/\/www.vagadeempregorj.com.br\/vagas-de-emprego-vale\/#breadcrumb","itemListElement":[{"@type":"ListItem","position":1,"name":"In\u00edcio","item":"https:\/\/www.vagadeempregorj.com.br\/"},{"@type":"ListItem","position":2,"name":"Vagas de Emprego Nacionais","item":"https:\/\/www.vagadeempregorj.com.br\/vagas-de-emprego-nacionais\/"},{"@type":"ListItem","position":3,"name":"Cozinheiro(a), Operadora de Equipamentos e Instala\u00e7\u00f5es, Analista, Engenheiros e muito mais na Empresa Vale"}]},{"@type":"WebSite","@id":"https:\/\/www.vagadeempregorj.com.br\/#website","url":"https:\/\/www.vagadeempregorj.com.br\/","name":"","description":"Conquiste Sonhos: Vagas, Benef\u00edcios e Economia para Transformar Vidas e Alcan\u00e7ar Melhorias Cotidianas","potentialAction":[{"@type":"SearchAction","target":{"@type":"EntryPoint","urlTemplate":"https:\/\/www.vagadeempregorj.com.br\/?s={search_term_string}"},"query-input":{"@type":"PropertyValueSpecification","valueRequired":true,"valueName":"search_term_string"}}],"inLanguage":"ar"},{"@type":"Person","@id":"https:\/\/www.vagadeempregorj.com.br\/#\/schema\/person\/c0c38d5d765e86c3b7c8f12fb1ae6477","name":"Ana B.","image":{"@type":"ImageObject","inLanguage":"ar","@id":"https:\/\/secure.gravatar.com\/avatar\/f5efa58599e07f8dd92f26c7cfbc442fd115582bc681245452e503c2ef2334f3?s=96&r=g","url":"https:\/\/secure.gravatar.com\/avatar\/f5efa58599e07f8dd92f26c7cfbc442fd115582bc681245452e503c2ef2334f3?s=96&r=g","contentUrl":"https:\/\/secure.gravatar.com\/avatar\/f5efa58599e07f8dd92f26c7cfbc442fd115582bc681245452e503c2ef2334f3?s=96&r=g","caption":"Ana B."},"description":"Meu nome \u00e9 Ana e sou apaixonada em escrever. Dedico meu tempo escrevendo not\u00edcias e vagas de emprego diariamente no portal Vaga de Emprego RJ.","url":"https:\/\/www.vagadeempregorj.com.br\/ar\/author\/vgrj\/"}]}},"_links":{"self":[{"href":"https:\/\/www.vagadeempregorj.com.br\/ar\/wp-json\/wp\/v2\/posts\/32050","targetHints":{"allow":["GET"]}}],"collection":[{"href":"https:\/\/www.vagadeempregorj.com.br\/ar\/wp-json\/wp\/v2\/posts"}],"about":[{"href":"https:\/\/www.vagadeempregorj.com.br\/ar\/wp-json\/wp\/v2\/types\/post"}],"author":[{"embeddable":true,"href":"https:\/\/www.vagadeempregorj.com.br\/ar\/wp-json\/wp\/v2\/users\/1"}],"replies":[{"embeddable":true,"href":"https:\/\/www.vagadeempregorj.com.br\/ar\/wp-json\/wp\/v2\/comments?post=32050"}],"version-history":[{"count":0,"href":"https:\/\/www.vagadeempregorj.com.br\/ar\/wp-json\/wp\/v2\/posts\/32050\/revisions"}],"wp:featuredmedia":[{"embeddable":true,"href":"https:\/\/www.vagadeempregorj.com.br\/ar\/wp-json\/wp\/v2\/media\/32051"}],"wp:attachment":[{"href":"https:\/\/www.vagadeempregorj.com.br\/ar\/wp-json\/wp\/v2\/media?parent=32050"}],"wp:term":[{"taxonomy":"category","embeddable":true,"href":"https:\/\/www.vagadeempregorj.com.br\/ar\/wp-json\/wp\/v2\/categories?post=32050"},{"taxonomy":"post_tag","embeddable":true,"href":"https:\/\/www.vagadeempregorj.com.br\/ar\/wp-json\/wp\/v2\/tags?post=32050"}],"curies":[{"name":"wp","href":"https:\/\/api.w.org\/{rel}","templated":true}]}}