{"id":34923,"date":"2023-09-08T00:02:00","date_gmt":"2023-09-08T03:02:00","guid":{"rendered":"https:\/\/www.vagadeempregorj.com.br\/?p=34923"},"modified":"2023-09-07T10:25:44","modified_gmt":"2023-09-07T13:25:44","slug":"emprego-ca-trabalhe-conosco","status":"publish","type":"post","link":"https:\/\/www.vagadeempregorj.com.br\/ar\/emprego-ca-trabalhe-conosco\/","title":{"rendered":"Estoquista, Fiscal de Loja, Consultor de Vendas Digitais, Analista Cont\u00e1bil e muito mais na Empresa C&#038;A"},"content":{"rendered":"<p>Atualizado em <\/p>\n\n\n<div class=\"wp-block-post-date\"><time datetime=\"2023-09-08T00:02:00-03:00\">08\/09\/2023<\/time><\/div>\n\n\n<p>Sendo uma das grandes empresas de roupas do mundo, a C&A est\u00e1 sempre com as suas lojas cheias de clientes e com o seu aplicativo e site funcionando a todo vapor, especialmente em datas comemorativas.<\/p>\n\n\n\n<p><\/p>\n\n\n\n<p>&nbsp;Trabalhando com produtos licenciados, como os de grandes s\u00e9ries de televis\u00e3o, e com marcas exclusivas, essa loja de departamento vai al\u00e9m e chega ao ramo da maquiagem e dos acess\u00f3rios.&nbsp;<\/p>\n\n\n\n<p>Fazer parte da equipe C&A pode ser a ajuda de que muitos profissionais precisavam para que o seu curr\u00edculo fosse turbinado e \u00e9 poss\u00edvel achar vagas em tr\u00eas \u00e1reas: lojas, escrit\u00f3rios e centros de distribui\u00e7\u00e3o.&nbsp;<\/p>\n\n\n\n<p>Algumas oportunidades dispon\u00edveis est\u00e3o listadas a seguir:<\/p>\n\n\n\n<ul class=\"wp-block-list\">\n<li>Fiscal de loja<\/li>\n\n\n\n<li>Estoquista<\/li>\n\n\n\n<li>Consultor de vendas digitais<\/li>\n\n\n\n<li>L\u00edder de produtos financeiros<\/li>\n\n\n\n<li>Analista de Pricing<\/li>\n\n\n\n<li>Est\u00e1gio em risco e modelagem<\/li>\n\n\n\n<li>Coordenador de opera\u00e7\u00f5es marketplace<\/li>\n\n\n\n<li>Analista cont\u00e1bil<\/li>\n\n\n\n<li>E mais<\/li>\n<\/ul>\n\n\n\n<p>Normalmente, os benef\u00edcios que a C&A garante s\u00e3o uma das raz\u00f5es pelas quais as pessoas mandam os seus curr\u00edculos, incluindo: telemedicina, estacionamento, hor\u00e1rio flex\u00edvel, f\u00e9rias semestrais, apoio jur\u00eddico, plano odontol\u00f3gico e de sa\u00fade, b\u00f4nus anual, folga no anivers\u00e1rio, vale refei\u00e7\u00e3o ou alimenta\u00e7\u00e3o, conv\u00eanio com farm\u00e1cias e descontos em produtos das suas lojas.<\/p>\n\n\n\n<div class=\"wp-block-buttons is-horizontal is-content-justification-center is-layout-flex wp-container-core-buttons-is-layout-499968f5 wp-block-buttons-is-layout-flex\">\n<div class=\"wp-block-button\"><a class=\"wp-block-button__link has-black-color has-text-color has-background wp-element-button\" href=\"https:\/\/www.vagadeempregorj.com.br\/ar\/enviando-seu-curriculo-rapidamente\/\" style=\"background:linear-gradient(2deg,rgb(255,134,50) 64%,rgb(255,197,71) 100%)\"><strong>VEJA COMO SE CANDIDATAR<\/strong><\/a><\/div>\n<\/div>\n\n\n\n<h2 class=\"wp-block-heading\"><strong>Como se inscrever<\/strong><\/h2>\n\n\n\n<p>As \u00e1reas nas quais a C&A tem vagas podem ser acessadas pelo link <a href=\"https:\/\/www.cea.com.br\/trabalhe-conosco\">https:\/\/www.cea.com.br\/trabalhe-conosco<\/a>. Cabe destacar que \u00e9 poss\u00edvel que a loja demande mais de um cadastro no caso de a pessoa desejar mandar curr\u00edculos para a \u00e1rea de centros de distribui\u00e7\u00e3o e escrit\u00f3rios, por exemplo.&nbsp;<\/p>\n\n\n\n<h2 class=\"wp-block-heading\"><strong>Descubra mais sobre a C&A<\/strong><\/h2>\n\n\n\n<p>Surgida em 1841, essa \u00e9 uma das lojas de roupas mais antiga do mundo, tendo uma equipe que garante que as suas cole\u00e7\u00f5es, por outro lado, estejam sempre acompanhando o avan\u00e7o da moda.&nbsp;<\/p>\n\n\n\n<p>Com um marketplace, ela tamb\u00e9m permite que outras marcas fa\u00e7am venda em seu ambiente digital, salientando que ela tem servi\u00e7os financeiros para agilizar as compras dos clientes, incluindo um cart\u00e3o de cr\u00e9dito.&nbsp;<\/p>\n\n\n\n<p>Al\u00e9m das roupas, \u00e9 poss\u00edvel achar nas lojas C&A os rel\u00f3gios e itens especiais da moda plus size, mostrando que essa \u00e9 uma empresa de roupas que atende a todos os perfis.&nbsp;<\/p>\n\n\n\n<div class=\"wp-block-buttons is-horizontal is-content-justification-center is-layout-flex wp-container-core-buttons-is-layout-499968f5 wp-block-buttons-is-layout-flex\">\n<div class=\"wp-block-button\"><a class=\"wp-block-button__link has-black-color has-text-color has-background wp-element-button\" href=\"https:\/\/www.vagadeempregorj.com.br\/ar\/vagas-de-emprego-nacionais\/\" style=\"border-radius:29px;background:linear-gradient(2deg,rgb(255,134,50) 60%,rgb(255,197,71) 100%)\"><strong>VEJA NOVAS VAGAS PARA SE CANDIDATAR<\/strong><\/a><\/div>\n<\/div>","protected":false},"excerpt":{"rendered":"<p>Emprego C&#038;A &#8211; Trabalhe conosco. Esteja pronto para no ato da entrevista, em momento oportuno, negociar o sal\u00e1rio. Importante: entenda sobre a empresa, privilegie as raz\u00f5es para o valor em prol da empresa e n\u00e3o de argumentos pessoais, como: pagamento de financiamento, cart\u00e3o de cr\u00e9dito, faculdade, empr\u00e9stimo ou d\u00edvida. <\/p>","protected":false},"author":10,"featured_media":34927,"comment_status":"closed","ping_status":"closed","sticky":false,"template":"","format":"standard","meta":{"neve_meta_sidebar":"","neve_meta_container":"","neve_meta_enable_content_width":"","neve_meta_content_width":0,"neve_meta_title_alignment":"","neve_meta_author_avatar":"","neve_post_elements_order":"","neve_meta_disable_header":"","neve_meta_disable_footer":"","neve_meta_disable_title":"","footnotes":""},"categories":[123],"tags":[203,147],"class_list":["post-34923","post","type-post","status-publish","format-standard","has-post-thumbnail","hentry","category-vagas-de-emprego-nacionais","tag-ca","tag-vaga-de-emprego"],"yoast_head":"<!-- This site is optimized with the Yoast SEO plugin v27.5 - https:\/\/yoast.com\/product\/yoast-seo-wordpress\/ -->\n<title>Estoquista, Fiscal de Loja, Consultor de Vendas Digitais, Analista Cont\u00e1bil e muito mais na Empresa C&amp;A -<\/title>\n<meta name=\"description\" content=\"Emprego C&amp;A - Trabalhe conosco. Esteja pronto para no ato da entrevista, em momento oportuno, negociar o sal\u00e1rio. Importante: entenda sobre...\" \/>\n<meta name=\"robots\" content=\"index, follow, max-snippet:-1, max-image-preview:large, max-video-preview:-1\" \/>\n<link rel=\"canonical\" href=\"https:\/\/www.vagadeempregorj.com.br\/ar\/emprego-ca-trabalhe-conosco\/\" \/>\n<meta property=\"og:locale\" content=\"ar_AR\" \/>\n<meta property=\"og:type\" content=\"article\" \/>\n<meta property=\"og:title\" content=\"Estoquista, Fiscal de Loja, Consultor de Vendas Digitais, Analista Cont\u00e1bil e muito mais na Empresa C&amp;A -\" \/>\n<meta property=\"og:description\" content=\"Emprego C&amp;A - Trabalhe conosco. Esteja pronto para no ato da entrevista, em momento oportuno, negociar o sal\u00e1rio. Importante: entenda sobre...\" \/>\n<meta property=\"og:url\" content=\"https:\/\/www.vagadeempregorj.com.br\/ar\/emprego-ca-trabalhe-conosco\/\" \/>\n<meta property=\"article:publisher\" content=\"https:\/\/www.facebook.com\/empregobrasiloficial\" \/>\n<meta property=\"article:published_time\" content=\"2023-09-08T03:02:00+00:00\" \/>\n<meta property=\"og:image\" content=\"https:\/\/www.vagadeempregorj.com.br\/wp-content\/uploads\/2022\/09\/Vagas-de-emprego-CA.png\" \/>\n\t<meta property=\"og:image:width\" content=\"1200\" \/>\n\t<meta property=\"og:image:height\" content=\"675\" \/>\n\t<meta property=\"og:image:type\" content=\"image\/png\" \/>\n<meta name=\"author\" content=\"Pedro Santos\" \/>\n<meta name=\"twitter:card\" content=\"summary_large_image\" \/>\n<meta name=\"twitter:label1\" content=\"Written by\" \/>\n\t<meta name=\"twitter:data1\" content=\"Pedro Santos\" \/>\n\t<meta name=\"twitter:label2\" content=\"Est. reading time\" \/>\n\t<meta name=\"twitter:data2\" content=\"\u062f\u0642\u064a\u0642\u0629 \u0648\u0627\u062d\u062f\u0629\" \/>\n<script type=\"application\/ld+json\" class=\"yoast-schema-graph\">{\"@context\":\"https:\\\/\\\/schema.org\",\"@graph\":[{\"@type\":\"Article\",\"@id\":\"https:\\\/\\\/www.vagadeempregorj.com.br\\\/emprego-ca-trabalhe-conosco\\\/#article\",\"isPartOf\":{\"@id\":\"https:\\\/\\\/www.vagadeempregorj.com.br\\\/emprego-ca-trabalhe-conosco\\\/\"},\"author\":{\"name\":\"Pedro Santos\",\"@id\":\"https:\\\/\\\/www.vagadeempregorj.com.br\\\/#\\\/schema\\\/person\\\/ff7c1ede281066d35b2813eb13f662ef\"},\"headline\":\"Estoquista, Fiscal de Loja, Consultor de Vendas Digitais, Analista Cont\u00e1bil e muito mais na Empresa C&#038;A\",\"datePublished\":\"2023-09-08T03:02:00+00:00\",\"mainEntityOfPage\":{\"@id\":\"https:\\\/\\\/www.vagadeempregorj.com.br\\\/emprego-ca-trabalhe-conosco\\\/\"},\"wordCount\":431,\"image\":{\"@id\":\"https:\\\/\\\/www.vagadeempregorj.com.br\\\/emprego-ca-trabalhe-conosco\\\/#primaryimage\"},\"thumbnailUrl\":\"https:\\\/\\\/www.vagadeempregorj.com.br\\\/wp-content\\\/uploads\\\/2022\\\/09\\\/Vagas-de-emprego-CA.png\",\"keywords\":[\"c&amp;a\",\"vaga de emprego\"],\"articleSection\":[\"Vagas de Emprego Nacionais\"],\"inLanguage\":\"ar\"},{\"@type\":\"WebPage\",\"@id\":\"https:\\\/\\\/www.vagadeempregorj.com.br\\\/emprego-ca-trabalhe-conosco\\\/\",\"url\":\"https:\\\/\\\/www.vagadeempregorj.com.br\\\/emprego-ca-trabalhe-conosco\\\/\",\"name\":\"Estoquista, Fiscal de Loja, Consultor de Vendas Digitais, Analista Cont\u00e1bil e muito mais na Empresa C&A -\",\"isPartOf\":{\"@id\":\"https:\\\/\\\/www.vagadeempregorj.com.br\\\/#website\"},\"primaryImageOfPage\":{\"@id\":\"https:\\\/\\\/www.vagadeempregorj.com.br\\\/emprego-ca-trabalhe-conosco\\\/#primaryimage\"},\"image\":{\"@id\":\"https:\\\/\\\/www.vagadeempregorj.com.br\\\/emprego-ca-trabalhe-conosco\\\/#primaryimage\"},\"thumbnailUrl\":\"https:\\\/\\\/www.vagadeempregorj.com.br\\\/wp-content\\\/uploads\\\/2022\\\/09\\\/Vagas-de-emprego-CA.png\",\"datePublished\":\"2023-09-08T03:02:00+00:00\",\"author\":{\"@id\":\"https:\\\/\\\/www.vagadeempregorj.com.br\\\/#\\\/schema\\\/person\\\/ff7c1ede281066d35b2813eb13f662ef\"},\"description\":\"Emprego C&A - Trabalhe conosco. Esteja pronto para no ato da entrevista, em momento oportuno, negociar o sal\u00e1rio. Importante: entenda sobre...\",\"breadcrumb\":{\"@id\":\"https:\\\/\\\/www.vagadeempregorj.com.br\\\/emprego-ca-trabalhe-conosco\\\/#breadcrumb\"},\"inLanguage\":\"ar\",\"potentialAction\":[{\"@type\":\"ReadAction\",\"target\":[\"https:\\\/\\\/www.vagadeempregorj.com.br\\\/emprego-ca-trabalhe-conosco\\\/\"]}]},{\"@type\":\"ImageObject\",\"inLanguage\":\"ar\",\"@id\":\"https:\\\/\\\/www.vagadeempregorj.com.br\\\/emprego-ca-trabalhe-conosco\\\/#primaryimage\",\"url\":\"https:\\\/\\\/www.vagadeempregorj.com.br\\\/wp-content\\\/uploads\\\/2022\\\/09\\\/Vagas-de-emprego-CA.png\",\"contentUrl\":\"https:\\\/\\\/www.vagadeempregorj.com.br\\\/wp-content\\\/uploads\\\/2022\\\/09\\\/Vagas-de-emprego-CA.png\",\"width\":1200,\"height\":675},{\"@type\":\"BreadcrumbList\",\"@id\":\"https:\\\/\\\/www.vagadeempregorj.com.br\\\/emprego-ca-trabalhe-conosco\\\/#breadcrumb\",\"itemListElement\":[{\"@type\":\"ListItem\",\"position\":1,\"name\":\"In\u00edcio\",\"item\":\"https:\\\/\\\/www.vagadeempregorj.com.br\\\/\"},{\"@type\":\"ListItem\",\"position\":2,\"name\":\"Vagas de Emprego Nacionais\",\"item\":\"https:\\\/\\\/www.vagadeempregorj.com.br\\\/vagas-de-emprego-nacionais\\\/\"},{\"@type\":\"ListItem\",\"position\":3,\"name\":\"Estoquista, Fiscal de Loja, Consultor de Vendas Digitais, Analista Cont\u00e1bil e muito mais na Empresa C&#038;A\"}]},{\"@type\":\"WebSite\",\"@id\":\"https:\\\/\\\/www.vagadeempregorj.com.br\\\/#website\",\"url\":\"https:\\\/\\\/www.vagadeempregorj.com.br\\\/\",\"name\":\"\",\"description\":\"Conquiste Sonhos: Vagas, Benef\u00edcios e Economia para Transformar Vidas e Alcan\u00e7ar Melhorias Cotidianas\",\"potentialAction\":[{\"@type\":\"SearchAction\",\"target\":{\"@type\":\"EntryPoint\",\"urlTemplate\":\"https:\\\/\\\/www.vagadeempregorj.com.br\\\/?s={search_term_string}\"},\"query-input\":{\"@type\":\"PropertyValueSpecification\",\"valueRequired\":true,\"valueName\":\"search_term_string\"}}],\"inLanguage\":\"ar\"},{\"@type\":\"Person\",\"@id\":\"https:\\\/\\\/www.vagadeempregorj.com.br\\\/#\\\/schema\\\/person\\\/ff7c1ede281066d35b2813eb13f662ef\",\"name\":\"Pedro Santos\",\"image\":{\"@type\":\"ImageObject\",\"inLanguage\":\"ar\",\"@id\":\"https:\\\/\\\/secure.gravatar.com\\\/avatar\\\/0f569c1b80e91280c9dc54d2dec96d0c5562a072cef4b08b7e3807948546027c?s=96&r=g\",\"url\":\"https:\\\/\\\/secure.gravatar.com\\\/avatar\\\/0f569c1b80e91280c9dc54d2dec96d0c5562a072cef4b08b7e3807948546027c?s=96&r=g\",\"contentUrl\":\"https:\\\/\\\/secure.gravatar.com\\\/avatar\\\/0f569c1b80e91280c9dc54d2dec96d0c5562a072cef4b08b7e3807948546027c?s=96&r=g\",\"caption\":\"Pedro Santos\"},\"description\":\"Meu nome \u00e9 Pedro e sou redator. Dedico meu tempo escrevendo vagas de emprego diariamente no portal Vaga de Emprego RJ\",\"url\":\"https:\\\/\\\/www.vagadeempregorj.com.br\\\/ar\\\/author\\\/fabio\\\/\"}]}<\/script>\n<!-- \/ Yoast SEO plugin. -->","yoast_head_json":{"title":"Estoquista, Fiscal de Loja, Consultor de Vendas Digitais, Analista Cont\u00e1bil e muito mais na Empresa C&A -","description":"Emprego C&A - Trabalhe conosco. Esteja pronto para no ato da entrevista, em momento oportuno, negociar o sal\u00e1rio. Importante: entenda sobre...","robots":{"index":"index","follow":"follow","max-snippet":"max-snippet:-1","max-image-preview":"max-image-preview:large","max-video-preview":"max-video-preview:-1"},"canonical":"https:\/\/www.vagadeempregorj.com.br\/ar\/emprego-ca-trabalhe-conosco\/","og_locale":"ar_AR","og_type":"article","og_title":"Estoquista, Fiscal de Loja, Consultor de Vendas Digitais, Analista Cont\u00e1bil e muito mais na Empresa C&A -","og_description":"Emprego C&A - Trabalhe conosco. Esteja pronto para no ato da entrevista, em momento oportuno, negociar o sal\u00e1rio. Importante: entenda sobre...","og_url":"https:\/\/www.vagadeempregorj.com.br\/ar\/emprego-ca-trabalhe-conosco\/","article_publisher":"https:\/\/www.facebook.com\/empregobrasiloficial","article_published_time":"2023-09-08T03:02:00+00:00","og_image":[{"width":1200,"height":675,"url":"https:\/\/www.vagadeempregorj.com.br\/wp-content\/uploads\/2022\/09\/Vagas-de-emprego-CA.png","type":"image\/png"}],"author":"Pedro Santos","twitter_card":"summary_large_image","twitter_misc":{"Written by":"Pedro Santos","Est. reading time":"\u062f\u0642\u064a\u0642\u0629 \u0648\u0627\u062d\u062f\u0629"},"schema":{"@context":"https:\/\/schema.org","@graph":[{"@type":"Article","@id":"https:\/\/www.vagadeempregorj.com.br\/emprego-ca-trabalhe-conosco\/#article","isPartOf":{"@id":"https:\/\/www.vagadeempregorj.com.br\/emprego-ca-trabalhe-conosco\/"},"author":{"name":"Pedro Santos","@id":"https:\/\/www.vagadeempregorj.com.br\/#\/schema\/person\/ff7c1ede281066d35b2813eb13f662ef"},"headline":"Estoquista, Fiscal de Loja, Consultor de Vendas Digitais, Analista Cont\u00e1bil e muito mais na Empresa C&#038;A","datePublished":"2023-09-08T03:02:00+00:00","mainEntityOfPage":{"@id":"https:\/\/www.vagadeempregorj.com.br\/emprego-ca-trabalhe-conosco\/"},"wordCount":431,"image":{"@id":"https:\/\/www.vagadeempregorj.com.br\/emprego-ca-trabalhe-conosco\/#primaryimage"},"thumbnailUrl":"https:\/\/www.vagadeempregorj.com.br\/wp-content\/uploads\/2022\/09\/Vagas-de-emprego-CA.png","keywords":["c&amp;a","vaga de emprego"],"articleSection":["Vagas de Emprego Nacionais"],"inLanguage":"ar"},{"@type":"WebPage","@id":"https:\/\/www.vagadeempregorj.com.br\/emprego-ca-trabalhe-conosco\/","url":"https:\/\/www.vagadeempregorj.com.br\/emprego-ca-trabalhe-conosco\/","name":"Estoquista, Fiscal de Loja, Consultor de Vendas Digitais, Analista Cont\u00e1bil e muito mais na Empresa C&A -","isPartOf":{"@id":"https:\/\/www.vagadeempregorj.com.br\/#website"},"primaryImageOfPage":{"@id":"https:\/\/www.vagadeempregorj.com.br\/emprego-ca-trabalhe-conosco\/#primaryimage"},"image":{"@id":"https:\/\/www.vagadeempregorj.com.br\/emprego-ca-trabalhe-conosco\/#primaryimage"},"thumbnailUrl":"https:\/\/www.vagadeempregorj.com.br\/wp-content\/uploads\/2022\/09\/Vagas-de-emprego-CA.png","datePublished":"2023-09-08T03:02:00+00:00","author":{"@id":"https:\/\/www.vagadeempregorj.com.br\/#\/schema\/person\/ff7c1ede281066d35b2813eb13f662ef"},"description":"Emprego C&A - Trabalhe conosco. Esteja pronto para no ato da entrevista, em momento oportuno, negociar o sal\u00e1rio. Importante: entenda sobre...","breadcrumb":{"@id":"https:\/\/www.vagadeempregorj.com.br\/emprego-ca-trabalhe-conosco\/#breadcrumb"},"inLanguage":"ar","potentialAction":[{"@type":"ReadAction","target":["https:\/\/www.vagadeempregorj.com.br\/emprego-ca-trabalhe-conosco\/"]}]},{"@type":"ImageObject","inLanguage":"ar","@id":"https:\/\/www.vagadeempregorj.com.br\/emprego-ca-trabalhe-conosco\/#primaryimage","url":"https:\/\/www.vagadeempregorj.com.br\/wp-content\/uploads\/2022\/09\/Vagas-de-emprego-CA.png","contentUrl":"https:\/\/www.vagadeempregorj.com.br\/wp-content\/uploads\/2022\/09\/Vagas-de-emprego-CA.png","width":1200,"height":675},{"@type":"BreadcrumbList","@id":"https:\/\/www.vagadeempregorj.com.br\/emprego-ca-trabalhe-conosco\/#breadcrumb","itemListElement":[{"@type":"ListItem","position":1,"name":"In\u00edcio","item":"https:\/\/www.vagadeempregorj.com.br\/"},{"@type":"ListItem","position":2,"name":"Vagas de Emprego Nacionais","item":"https:\/\/www.vagadeempregorj.com.br\/vagas-de-emprego-nacionais\/"},{"@type":"ListItem","position":3,"name":"Estoquista, Fiscal de Loja, Consultor de Vendas Digitais, Analista Cont\u00e1bil e muito mais na Empresa C&#038;A"}]},{"@type":"WebSite","@id":"https:\/\/www.vagadeempregorj.com.br\/#website","url":"https:\/\/www.vagadeempregorj.com.br\/","name":"","description":"Conquiste Sonhos: Vagas, Benef\u00edcios e Economia para Transformar Vidas e Alcan\u00e7ar Melhorias Cotidianas","potentialAction":[{"@type":"SearchAction","target":{"@type":"EntryPoint","urlTemplate":"https:\/\/www.vagadeempregorj.com.br\/?s={search_term_string}"},"query-input":{"@type":"PropertyValueSpecification","valueRequired":true,"valueName":"search_term_string"}}],"inLanguage":"ar"},{"@type":"Person","@id":"https:\/\/www.vagadeempregorj.com.br\/#\/schema\/person\/ff7c1ede281066d35b2813eb13f662ef","name":"Pedro Santos","image":{"@type":"ImageObject","inLanguage":"ar","@id":"https:\/\/secure.gravatar.com\/avatar\/0f569c1b80e91280c9dc54d2dec96d0c5562a072cef4b08b7e3807948546027c?s=96&r=g","url":"https:\/\/secure.gravatar.com\/avatar\/0f569c1b80e91280c9dc54d2dec96d0c5562a072cef4b08b7e3807948546027c?s=96&r=g","contentUrl":"https:\/\/secure.gravatar.com\/avatar\/0f569c1b80e91280c9dc54d2dec96d0c5562a072cef4b08b7e3807948546027c?s=96&r=g","caption":"Pedro Santos"},"description":"Meu nome \u00e9 Pedro e sou redator. Dedico meu tempo escrevendo vagas de emprego diariamente no portal Vaga de Emprego RJ","url":"https:\/\/www.vagadeempregorj.com.br\/ar\/author\/fabio\/"}]}},"_links":{"self":[{"href":"https:\/\/www.vagadeempregorj.com.br\/ar\/wp-json\/wp\/v2\/posts\/34923","targetHints":{"allow":["GET"]}}],"collection":[{"href":"https:\/\/www.vagadeempregorj.com.br\/ar\/wp-json\/wp\/v2\/posts"}],"about":[{"href":"https:\/\/www.vagadeempregorj.com.br\/ar\/wp-json\/wp\/v2\/types\/post"}],"author":[{"embeddable":true,"href":"https:\/\/www.vagadeempregorj.com.br\/ar\/wp-json\/wp\/v2\/users\/10"}],"replies":[{"embeddable":true,"href":"https:\/\/www.vagadeempregorj.com.br\/ar\/wp-json\/wp\/v2\/comments?post=34923"}],"version-history":[{"count":0,"href":"https:\/\/www.vagadeempregorj.com.br\/ar\/wp-json\/wp\/v2\/posts\/34923\/revisions"}],"wp:featuredmedia":[{"embeddable":true,"href":"https:\/\/www.vagadeempregorj.com.br\/ar\/wp-json\/wp\/v2\/media\/34927"}],"wp:attachment":[{"href":"https:\/\/www.vagadeempregorj.com.br\/ar\/wp-json\/wp\/v2\/media?parent=34923"}],"wp:term":[{"taxonomy":"category","embeddable":true,"href":"https:\/\/www.vagadeempregorj.com.br\/ar\/wp-json\/wp\/v2\/categories?post=34923"},{"taxonomy":"post_tag","embeddable":true,"href":"https:\/\/www.vagadeempregorj.com.br\/ar\/wp-json\/wp\/v2\/tags?post=34923"}],"curies":[{"name":"wp","href":"https:\/\/api.w.org\/{rel}","templated":true}]}}