{"id":35435,"date":"2023-09-19T00:02:00","date_gmt":"2023-09-19T03:02:00","guid":{"rendered":"https:\/\/www.vagadeempregorj.com.br\/?p=35435"},"modified":"2023-09-18T18:19:12","modified_gmt":"2023-09-18T21:19:12","slug":"empregos-rede-dor","status":"publish","type":"post","link":"https:\/\/www.vagadeempregorj.com.br\/ar\/empregos-rede-dor\/","title":{"rendered":"Eletricista, Enfermeiros, Auxiliar Administrativo, Copeiro, Est\u00e1gios e muito mais na Empresa Rede D&#8217;or"},"content":{"rendered":"<p>Atualizado em<\/p>\n\n\n<div class=\"wp-block-post-date\"><time datetime=\"2023-09-19T00:02:00-03:00\">19\/09\/2023<\/time><\/div>\n\n\n<p>Veja quais s\u00e3o os <strong>empregos Rede D\u2019Or<\/strong> dispon\u00edveis. N\u00e3o perca a chance de fazer parte desta empresa cuja miss\u00e3o \u00e9 prestar atendimento m\u00e9dico-hospitalar eficiente com equipes qualificadas e motivadas, respeitando a \u00e9tica e o indiv\u00edduo nos contextos socioambientais. Com base nos mais altos padr\u00f5es t\u00e9cnicos e responsabilidade socioambiental, ela tornou-se refer\u00eancia em gest\u00e3o hospitalar e presta\u00e7\u00e3o de servi\u00e7os m\u00e9dicos. Seus valores s\u00e3o respeito, compet\u00eancia, integridade, reputa\u00e7\u00e3o, humanidade e sustentabilidade.<\/p>\n\n\n\n<figure class=\"wp-block-image size-large\"><img loading=\"lazy\" decoding=\"async\" width=\"1024\" height=\"576\" src=\"https:\/\/www.vagadeempregorj.com.br\/wp-content\/uploads\/2022\/10\/Empregos-Rede-Dor-1024x576.png\" alt=\"Empregos Rede Dor\" class=\"wp-image-35436\" srcset=\"https:\/\/www.vagadeempregorj.com.br\/wp-content\/uploads\/2022\/10\/Empregos-Rede-Dor-1024x576.png 1024w, https:\/\/www.vagadeempregorj.com.br\/wp-content\/uploads\/2022\/10\/Empregos-Rede-Dor-300x169.png 300w, https:\/\/www.vagadeempregorj.com.br\/wp-content\/uploads\/2022\/10\/Empregos-Rede-Dor-768x432.png 768w, https:\/\/www.vagadeempregorj.com.br\/wp-content\/uploads\/2022\/10\/Empregos-Rede-Dor-383x215.png 383w, https:\/\/www.vagadeempregorj.com.br\/wp-content\/uploads\/2022\/10\/Empregos-Rede-Dor-150x84.png 150w, https:\/\/www.vagadeempregorj.com.br\/wp-content\/uploads\/2022\/10\/Empregos-Rede-Dor.png 1280w\" sizes=\"auto, (max-width: 1024px) 100vw, 1024px\" \/><figcaption class=\"wp-element-caption\">Imagem: Rede D'or &#8211; Reprodu\u00e7\u00e3o<\/figcaption><\/figure>\n\n\n\n<h2 class=\"wp-block-heading\">Conhe\u00e7a as oportunidades de Empregos Rede D\u2019Or<\/h2>\n\n\n\n<p>H\u00e1 diversas vagas para t\u00e9c. de Enfermagem em que o candidato precisa ser formado e ter o COREN ativo, tamb\u00e9m \u00e9 necess\u00e1rio ter disponibilidade para realizar o treinamento da empresa. Os benef\u00edcios ofertados s\u00e3o vale transporte, assist\u00eancia m\u00e9dica, conv\u00eanio com empresas parceiras e assist\u00eancias odontol\u00f3gica.<\/p>\n\n\n\n<p>Al\u00e9m disso, tamb\u00e9m h\u00e1 oportunidade para estagi\u00e1rio que esteja cursando Administra\u00e7\u00e3o, que dever\u00e1 solicitar material de escrit\u00f3rio de setor de prontu\u00e1rio, admiss\u00e3o e tesouraria, preencher a planilha de produ\u00e7\u00e3o de atendimento do setor de admiss\u00e3o; atender liga\u00e7\u00e3o externa e interna, entre outras atividades. H\u00e1 tamb\u00e9m vagas para estagi\u00e1rios da \u00e1rea de Enfermagem, que precisam estar cursando Ensino Superior e ter conhecimento intermedi\u00e1rio do Pacote Office. Conhe\u00e7a as outras fun\u00e7\u00f5es a seguir:<\/p>\n\n\n\n<ul class=\"wp-block-list\">\n<li>Aux. Governan\u00e7a;<\/li>\n\n\n\n<li>Espec. em Redes (Cisco) &#8211; TI \u2013 Corporativo;<\/li>\n\n\n\n<li>Analista de Sistemas Pl &#8211; TI Suporte Regional;<\/li>\n\n\n\n<li>Enfermeiro (a);<\/li>\n\n\n\n<li>Eletricista &#8211; Manuten\u00e7\u00e3o Predial;<\/li>\n\n\n\n<li>Analista Contas M\u00e9dicas &#8211; Gest\u00e3o de Repasses M\u00e9dicos;<\/li>\n\n\n\n<li>T\u00e9c. de Enfermagem &#8211; UNI Adulto;<\/li>\n\n\n\n<li>Estagi\u00e1rio \u2013 Recep\u00e7\u00f5es;<\/li>\n\n\n\n<li>Auxiliar Administrativo &#8211; Contas a Receber;<\/li>\n\n\n\n<li>Especialista \u2013 INOVA\u00c7\u00c3O APO QUALIDADE DADOS;<\/li>\n\n\n\n<li>Farmac\u00eautico;<\/li>\n\n\n\n<li>Enfermeiro Auditor;<\/li>\n\n\n\n<li>Analista PMO TI Pl &#8211; Integra\u00e7\u00e3o (TI);<\/li>\n\n\n\n<li>Especialista TI;<\/li>\n\n\n\n<li>Auxiliar de Enfermagem;<\/li>\n\n\n\n<li>Copeiro &#8211; Nutri\u00e7\u00e3o Produ\u00e7\u00e3o;<\/li>\n\n\n\n<li>Estagi\u00e1rio \u2013 Farm\u00e1cia;<\/li>\n\n\n\n<li>Analistas de Glosas &#8211; Auditoria Corporativa;<\/li>\n\n\n\n<li>Especi. TI &#8211; HC TI CAPEX;<\/li>\n\n\n\n<li>Concierge;<\/li>\n\n\n\n<li>Especialista &#8211; SRE (Site Reliability Engineer).<\/li>\n<\/ul>\n\n\n\n<h3 class=\"wp-block-heading\">Como se candidatar<\/h3>\n\n\n\n<p>Para enviar a sua candidatura para uma das vagas ofertadas pela Rede D\u2019or, basta acessar o site em que o processo de recrutamento e sele\u00e7\u00e3o \u00e9 feito que informamos abaixo:<\/p>\n\n\n\n<ul class=\"wp-block-list\">\n<li><a href=\"https:\/\/trabalheconosco.vagas.com.br\/rededor\">Rede D\u2019or no Vagas.com<\/a>.<\/li>\n<\/ul>\n\n\n\n<p>Al\u00e9m disso, n\u00e3o se esque\u00e7a de ler com aten\u00e7\u00e3o todas as atribui\u00e7\u00f5es e exig\u00eancias da fun\u00e7\u00e3o antes de se candidatar para ter a certeza de que \u00e9 o seu perfil que a empresa est\u00e1 buscando.<\/p>\n\n\n\n<p><strong>Veja tamb\u00e9m: <a href=\"https:\/\/www.vagadeempregorj.com.br\/ar\/empregos-bradesco\/\">Empregos Bradesco<\/a><\/strong><\/p>\n\n\n\n<h2 class=\"wp-block-heading\">Sobre a Rede D\u2019OR<\/h2>\n\n\n\n<p>Inaugurada em 1977, esta empresa \u00e9 a maior rede particular de aten\u00e7\u00e3o integrada do pa\u00eds, com atua\u00e7\u00e3o em diversos estados como Alagoas, S\u00e3o Paulo, Bahia, Rio de Janeiro, Cear\u00e1, Paran\u00e1, Mato Grosso do Sul, Distrito Federal, Minas Gerais, Pernambuco, Para\u00edba, Maranh\u00e3o, Par\u00e1 e Sergipe.<\/p>\n\n\n\n<p>O grupo tem 68 hospitais. Ela conta com mais de 10 mil leitos cir\u00fargicos. No total, 69,5 mil colaboradores e quase 90 mil m\u00e9dicos credenciados realizaram aproximadamente 12,9 mil cirurgias rob\u00f3ticas, 5,1 milh\u00f5es de atendimentos de emerg\u00eancia, 523 mil interna\u00e7\u00f5es nos \u00faltimos 12 meses, 440 mil cirurgias e 53,4 mil partos.<\/p>\n\n\n\n<p>A empresa tamb\u00e9m \u00e9 propriet\u00e1ria da Oncologia D'Or e da Onco Star, que s\u00e3o cl\u00ednicas com especialidade em tratamento de c\u00e2ncer em 8 estados do pa\u00eds. As unidades de centro m\u00e9dico e diagn\u00f3stico est\u00e3o localizadas em espa\u00e7os independentes do ambiente hospitalar. Mesmo aqueles fisicamente pr\u00f3ximos ao hospital t\u00eam processos completamente separados.<\/p>","protected":false},"excerpt":{"rendered":"<p>Atualizado em Veja quais s\u00e3o os empregos Rede D\u2019Or dispon\u00edveis. N\u00e3o perca a chance de fazer parte desta empresa cuja miss\u00e3o \u00e9 prestar atendimento m\u00e9dico-hospitalar eficiente com equipes qualificadas e motivadas, respeitando a \u00e9tica e o indiv\u00edduo nos contextos socioambientais. Com base nos mais altos padr\u00f5es t\u00e9cnicos e responsabilidade socioambiental, ela tornou-se refer\u00eancia em gest\u00e3o&hellip;&nbsp;<\/p>","protected":false},"author":16,"featured_media":35436,"comment_status":"open","ping_status":"closed","sticky":false,"template":"","format":"standard","meta":{"neve_meta_sidebar":"","neve_meta_container":"","neve_meta_enable_content_width":"","neve_meta_content_width":0,"neve_meta_title_alignment":"","neve_meta_author_avatar":"","neve_post_elements_order":"","neve_meta_disable_header":"","neve_meta_disable_footer":"","neve_meta_disable_title":"","footnotes":""},"categories":[123],"tags":[608,610,211],"class_list":["post-35435","post","type-post","status-publish","format-standard","has-post-thumbnail","hentry","category-vagas-de-emprego-nacionais","tag-oportunidades","tag-rede-dor-2","tag-vagas-de-emprego"],"yoast_head":"<!-- This site is optimized with the Yoast SEO plugin v27.5 - https:\/\/yoast.com\/product\/yoast-seo-wordpress\/ -->\n<title>Eletricista, Enfermeiros, Auxiliar Administrativo, Copeiro, Est\u00e1gios e muito mais na Empresa Rede D&#039;or<\/title>\n<meta name=\"description\" content=\"Veja em Vagas de Emprego RJ as vagas de emprego com e sem experi\u00eancia no seu Estado e Regi\u00e3o!\" \/>\n<meta name=\"robots\" content=\"index, follow, max-snippet:-1, max-image-preview:large, max-video-preview:-1\" \/>\n<link rel=\"canonical\" href=\"https:\/\/www.vagadeempregorj.com.br\/ar\/empregos-rede-dor\/\" \/>\n<meta property=\"og:locale\" content=\"ar_AR\" \/>\n<meta property=\"og:type\" content=\"article\" \/>\n<meta property=\"og:title\" content=\"Eletricista, Enfermeiros, Auxiliar Administrativo, Copeiro, Est\u00e1gios e muito mais na Empresa Rede D&#039;or\" \/>\n<meta property=\"og:description\" content=\"Veja em Vagas de Emprego RJ as vagas de emprego com e sem experi\u00eancia no seu Estado e Regi\u00e3o!\" \/>\n<meta property=\"og:url\" content=\"https:\/\/www.vagadeempregorj.com.br\/ar\/empregos-rede-dor\/\" \/>\n<meta property=\"article:publisher\" content=\"https:\/\/www.facebook.com\/empregobrasiloficial\" \/>\n<meta property=\"article:published_time\" content=\"2023-09-19T03:02:00+00:00\" \/>\n<meta property=\"og:image\" content=\"https:\/\/www.vagadeempregorj.com.br\/wp-content\/uploads\/2022\/10\/Empregos-Rede-Dor.png\" \/>\n\t<meta property=\"og:image:width\" content=\"1280\" \/>\n\t<meta property=\"og:image:height\" content=\"720\" \/>\n\t<meta property=\"og:image:type\" content=\"image\/png\" \/>\n<meta name=\"author\" content=\"Michele\" \/>\n<meta name=\"twitter:card\" content=\"summary_large_image\" \/>\n<meta name=\"twitter:label1\" content=\"\u0643\u064f\u062a\u0628 \u0628\u0648\u0627\u0633\u0637\u0629\" \/>\n\t<meta name=\"twitter:data1\" content=\"Michele\" \/>\n\t<meta name=\"twitter:label2\" content=\"\u0648\u0642\u062a \u0627\u0644\u0642\u0631\u0627\u0621\u0629 \u0627\u0644\u0645\u064f\u0642\u062f\u0651\u0631\" \/>\n\t<meta name=\"twitter:data2\" content=\"3 \u062f\u0642\u0627\u0626\u0642\" \/>\n<script type=\"application\/ld+json\" class=\"yoast-schema-graph\">{\"@context\":\"https:\\\/\\\/schema.org\",\"@graph\":[{\"@type\":\"Article\",\"@id\":\"https:\\\/\\\/www.vagadeempregorj.com.br\\\/empregos-rede-dor\\\/#article\",\"isPartOf\":{\"@id\":\"https:\\\/\\\/www.vagadeempregorj.com.br\\\/empregos-rede-dor\\\/\"},\"author\":{\"name\":\"Michele\",\"@id\":\"https:\\\/\\\/www.vagadeempregorj.com.br\\\/#\\\/schema\\\/person\\\/3ddb19fa0539706786e502152f3aae95\"},\"headline\":\"Eletricista, Enfermeiros, Auxiliar Administrativo, Copeiro, Est\u00e1gios e muito mais na Empresa Rede D&#8217;or\",\"datePublished\":\"2023-09-19T03:02:00+00:00\",\"mainEntityOfPage\":{\"@id\":\"https:\\\/\\\/www.vagadeempregorj.com.br\\\/empregos-rede-dor\\\/\"},\"wordCount\":611,\"commentCount\":0,\"image\":{\"@id\":\"https:\\\/\\\/www.vagadeempregorj.com.br\\\/empregos-rede-dor\\\/#primaryimage\"},\"thumbnailUrl\":\"https:\\\/\\\/www.vagadeempregorj.com.br\\\/wp-content\\\/uploads\\\/2022\\\/10\\\/Empregos-Rede-Dor.png\",\"keywords\":[\"oportunidades\",\"Rede Dor\",\"vagas de emprego\"],\"articleSection\":[\"Vagas de Emprego Nacionais\"],\"inLanguage\":\"ar\",\"potentialAction\":[{\"@type\":\"CommentAction\",\"name\":\"Comment\",\"target\":[\"https:\\\/\\\/www.vagadeempregorj.com.br\\\/empregos-rede-dor\\\/#respond\"]}]},{\"@type\":\"WebPage\",\"@id\":\"https:\\\/\\\/www.vagadeempregorj.com.br\\\/empregos-rede-dor\\\/\",\"url\":\"https:\\\/\\\/www.vagadeempregorj.com.br\\\/empregos-rede-dor\\\/\",\"name\":\"Eletricista, Enfermeiros, Auxiliar Administrativo, Copeiro, Est\u00e1gios e muito mais na Empresa Rede D'or\",\"isPartOf\":{\"@id\":\"https:\\\/\\\/www.vagadeempregorj.com.br\\\/#website\"},\"primaryImageOfPage\":{\"@id\":\"https:\\\/\\\/www.vagadeempregorj.com.br\\\/empregos-rede-dor\\\/#primaryimage\"},\"image\":{\"@id\":\"https:\\\/\\\/www.vagadeempregorj.com.br\\\/empregos-rede-dor\\\/#primaryimage\"},\"thumbnailUrl\":\"https:\\\/\\\/www.vagadeempregorj.com.br\\\/wp-content\\\/uploads\\\/2022\\\/10\\\/Empregos-Rede-Dor.png\",\"datePublished\":\"2023-09-19T03:02:00+00:00\",\"author\":{\"@id\":\"https:\\\/\\\/www.vagadeempregorj.com.br\\\/#\\\/schema\\\/person\\\/3ddb19fa0539706786e502152f3aae95\"},\"description\":\"Veja em Vagas de Emprego RJ as vagas de emprego com e sem experi\u00eancia no seu Estado e Regi\u00e3o!\",\"breadcrumb\":{\"@id\":\"https:\\\/\\\/www.vagadeempregorj.com.br\\\/empregos-rede-dor\\\/#breadcrumb\"},\"inLanguage\":\"ar\",\"potentialAction\":[{\"@type\":\"ReadAction\",\"target\":[\"https:\\\/\\\/www.vagadeempregorj.com.br\\\/empregos-rede-dor\\\/\"]}]},{\"@type\":\"ImageObject\",\"inLanguage\":\"ar\",\"@id\":\"https:\\\/\\\/www.vagadeempregorj.com.br\\\/empregos-rede-dor\\\/#primaryimage\",\"url\":\"https:\\\/\\\/www.vagadeempregorj.com.br\\\/wp-content\\\/uploads\\\/2022\\\/10\\\/Empregos-Rede-Dor.png\",\"contentUrl\":\"https:\\\/\\\/www.vagadeempregorj.com.br\\\/wp-content\\\/uploads\\\/2022\\\/10\\\/Empregos-Rede-Dor.png\",\"width\":1280,\"height\":720,\"caption\":\"Imagem: Rede D'or - Reprodu\u00e7\u00e3o\"},{\"@type\":\"BreadcrumbList\",\"@id\":\"https:\\\/\\\/www.vagadeempregorj.com.br\\\/empregos-rede-dor\\\/#breadcrumb\",\"itemListElement\":[{\"@type\":\"ListItem\",\"position\":1,\"name\":\"In\u00edcio\",\"item\":\"https:\\\/\\\/www.vagadeempregorj.com.br\\\/\"},{\"@type\":\"ListItem\",\"position\":2,\"name\":\"Vagas de Emprego Nacionais\",\"item\":\"https:\\\/\\\/www.vagadeempregorj.com.br\\\/vagas-de-emprego-nacionais\\\/\"},{\"@type\":\"ListItem\",\"position\":3,\"name\":\"Eletricista, Enfermeiros, Auxiliar Administrativo, Copeiro, Est\u00e1gios e muito mais na Empresa Rede D&#8217;or\"}]},{\"@type\":\"WebSite\",\"@id\":\"https:\\\/\\\/www.vagadeempregorj.com.br\\\/#website\",\"url\":\"https:\\\/\\\/www.vagadeempregorj.com.br\\\/\",\"name\":\"\",\"description\":\"Conquiste Sonhos: Vagas, Benef\u00edcios e Economia para Transformar Vidas e Alcan\u00e7ar Melhorias Cotidianas\",\"potentialAction\":[{\"@type\":\"SearchAction\",\"target\":{\"@type\":\"EntryPoint\",\"urlTemplate\":\"https:\\\/\\\/www.vagadeempregorj.com.br\\\/?s={search_term_string}\"},\"query-input\":{\"@type\":\"PropertyValueSpecification\",\"valueRequired\":true,\"valueName\":\"search_term_string\"}}],\"inLanguage\":\"ar\"},{\"@type\":\"Person\",\"@id\":\"https:\\\/\\\/www.vagadeempregorj.com.br\\\/#\\\/schema\\\/person\\\/3ddb19fa0539706786e502152f3aae95\",\"name\":\"Michele\",\"image\":{\"@type\":\"ImageObject\",\"inLanguage\":\"ar\",\"@id\":\"https:\\\/\\\/secure.gravatar.com\\\/avatar\\\/6b0eb9d22841282815e2cd856a0061c45e1761cd54b22e952d98c4746939aa85?s=96&r=g\",\"url\":\"https:\\\/\\\/secure.gravatar.com\\\/avatar\\\/6b0eb9d22841282815e2cd856a0061c45e1761cd54b22e952d98c4746939aa85?s=96&r=g\",\"contentUrl\":\"https:\\\/\\\/secure.gravatar.com\\\/avatar\\\/6b0eb9d22841282815e2cd856a0061c45e1761cd54b22e952d98c4746939aa85?s=96&r=g\",\"caption\":\"Michele\"},\"description\":\"Formada em Letras - Portugu\u00eas\\\/ Ingl\u00eas, e idealizadora do site Escritora de Sucesso, busca expandir o conhecimento de todos com informa\u00e7\u00f5es relevantes sobre diversos assuntos, enquanto redatora. No Vaga de Emprego RJ, traz oportunidades e dicas sobre o mercado de trabalho.\",\"url\":\"https:\\\/\\\/www.vagadeempregorj.com.br\\\/ar\\\/author\\\/michele\\\/\"}]}<\/script>\n<!-- \/ Yoast SEO plugin. -->","yoast_head_json":{"title":"Eletricista, Enfermeiros, Auxiliar Administrativo, Copeiro, Est\u00e1gios e muito mais na Empresa Rede D'or","description":"Veja em Vagas de Emprego RJ as vagas de emprego com e sem experi\u00eancia no seu Estado e Regi\u00e3o!","robots":{"index":"index","follow":"follow","max-snippet":"max-snippet:-1","max-image-preview":"max-image-preview:large","max-video-preview":"max-video-preview:-1"},"canonical":"https:\/\/www.vagadeempregorj.com.br\/ar\/empregos-rede-dor\/","og_locale":"ar_AR","og_type":"article","og_title":"Eletricista, Enfermeiros, Auxiliar Administrativo, Copeiro, Est\u00e1gios e muito mais na Empresa Rede D'or","og_description":"Veja em Vagas de Emprego RJ as vagas de emprego com e sem experi\u00eancia no seu Estado e Regi\u00e3o!","og_url":"https:\/\/www.vagadeempregorj.com.br\/ar\/empregos-rede-dor\/","article_publisher":"https:\/\/www.facebook.com\/empregobrasiloficial","article_published_time":"2023-09-19T03:02:00+00:00","og_image":[{"width":1280,"height":720,"url":"https:\/\/www.vagadeempregorj.com.br\/wp-content\/uploads\/2022\/10\/Empregos-Rede-Dor.png","type":"image\/png"}],"author":"Michele","twitter_card":"summary_large_image","twitter_misc":{"\u0643\u064f\u062a\u0628 \u0628\u0648\u0627\u0633\u0637\u0629":"Michele","\u0648\u0642\u062a \u0627\u0644\u0642\u0631\u0627\u0621\u0629 \u0627\u0644\u0645\u064f\u0642\u062f\u0651\u0631":"3 \u062f\u0642\u0627\u0626\u0642"},"schema":{"@context":"https:\/\/schema.org","@graph":[{"@type":"Article","@id":"https:\/\/www.vagadeempregorj.com.br\/empregos-rede-dor\/#article","isPartOf":{"@id":"https:\/\/www.vagadeempregorj.com.br\/empregos-rede-dor\/"},"author":{"name":"Michele","@id":"https:\/\/www.vagadeempregorj.com.br\/#\/schema\/person\/3ddb19fa0539706786e502152f3aae95"},"headline":"Eletricista, Enfermeiros, Auxiliar Administrativo, Copeiro, Est\u00e1gios e muito mais na Empresa Rede D&#8217;or","datePublished":"2023-09-19T03:02:00+00:00","mainEntityOfPage":{"@id":"https:\/\/www.vagadeempregorj.com.br\/empregos-rede-dor\/"},"wordCount":611,"commentCount":0,"image":{"@id":"https:\/\/www.vagadeempregorj.com.br\/empregos-rede-dor\/#primaryimage"},"thumbnailUrl":"https:\/\/www.vagadeempregorj.com.br\/wp-content\/uploads\/2022\/10\/Empregos-Rede-Dor.png","keywords":["oportunidades","Rede Dor","vagas de emprego"],"articleSection":["Vagas de Emprego Nacionais"],"inLanguage":"ar","potentialAction":[{"@type":"CommentAction","name":"Comment","target":["https:\/\/www.vagadeempregorj.com.br\/empregos-rede-dor\/#respond"]}]},{"@type":"WebPage","@id":"https:\/\/www.vagadeempregorj.com.br\/empregos-rede-dor\/","url":"https:\/\/www.vagadeempregorj.com.br\/empregos-rede-dor\/","name":"Eletricista, Enfermeiros, Auxiliar Administrativo, Copeiro, Est\u00e1gios e muito mais na Empresa Rede D'or","isPartOf":{"@id":"https:\/\/www.vagadeempregorj.com.br\/#website"},"primaryImageOfPage":{"@id":"https:\/\/www.vagadeempregorj.com.br\/empregos-rede-dor\/#primaryimage"},"image":{"@id":"https:\/\/www.vagadeempregorj.com.br\/empregos-rede-dor\/#primaryimage"},"thumbnailUrl":"https:\/\/www.vagadeempregorj.com.br\/wp-content\/uploads\/2022\/10\/Empregos-Rede-Dor.png","datePublished":"2023-09-19T03:02:00+00:00","author":{"@id":"https:\/\/www.vagadeempregorj.com.br\/#\/schema\/person\/3ddb19fa0539706786e502152f3aae95"},"description":"Veja em Vagas de Emprego RJ as vagas de emprego com e sem experi\u00eancia no seu Estado e Regi\u00e3o!","breadcrumb":{"@id":"https:\/\/www.vagadeempregorj.com.br\/empregos-rede-dor\/#breadcrumb"},"inLanguage":"ar","potentialAction":[{"@type":"ReadAction","target":["https:\/\/www.vagadeempregorj.com.br\/empregos-rede-dor\/"]}]},{"@type":"ImageObject","inLanguage":"ar","@id":"https:\/\/www.vagadeempregorj.com.br\/empregos-rede-dor\/#primaryimage","url":"https:\/\/www.vagadeempregorj.com.br\/wp-content\/uploads\/2022\/10\/Empregos-Rede-Dor.png","contentUrl":"https:\/\/www.vagadeempregorj.com.br\/wp-content\/uploads\/2022\/10\/Empregos-Rede-Dor.png","width":1280,"height":720,"caption":"Imagem: Rede D'or - Reprodu\u00e7\u00e3o"},{"@type":"BreadcrumbList","@id":"https:\/\/www.vagadeempregorj.com.br\/empregos-rede-dor\/#breadcrumb","itemListElement":[{"@type":"ListItem","position":1,"name":"In\u00edcio","item":"https:\/\/www.vagadeempregorj.com.br\/"},{"@type":"ListItem","position":2,"name":"Vagas de Emprego Nacionais","item":"https:\/\/www.vagadeempregorj.com.br\/vagas-de-emprego-nacionais\/"},{"@type":"ListItem","position":3,"name":"Eletricista, Enfermeiros, Auxiliar Administrativo, Copeiro, Est\u00e1gios e muito mais na Empresa Rede D&#8217;or"}]},{"@type":"WebSite","@id":"https:\/\/www.vagadeempregorj.com.br\/#website","url":"https:\/\/www.vagadeempregorj.com.br\/","name":"","description":"\u062a\u062d\u0642\u064a\u0642 \u0627\u0644\u0623\u062d\u0644\u0627\u0645: \u0641\u0631\u0635 \u0639\u0645\u0644\u060c \u0645\u0632\u0627\u064a\u0627\u060c \u0648\u062a\u0648\u0641\u064a\u0631\u0627\u062a \u0644\u062a\u063a\u064a\u064a\u0631 \u0627\u0644\u062d\u064a\u0627\u0629 \u0648\u062a\u062d\u0642\u064a\u0642 \u062a\u062d\u0633\u064a\u0646\u0627\u062a \u064a\u0648\u0645\u064a\u0629","potentialAction":[{"@type":"SearchAction","target":{"@type":"EntryPoint","urlTemplate":"https:\/\/www.vagadeempregorj.com.br\/?s={search_term_string}"},"query-input":{"@type":"PropertyValueSpecification","valueRequired":true,"valueName":"search_term_string"}}],"inLanguage":"ar"},{"@type":"Person","@id":"https:\/\/www.vagadeempregorj.com.br\/#\/schema\/person\/3ddb19fa0539706786e502152f3aae95","name":"Michele","image":{"@type":"ImageObject","inLanguage":"ar","@id":"https:\/\/secure.gravatar.com\/avatar\/6b0eb9d22841282815e2cd856a0061c45e1761cd54b22e952d98c4746939aa85?s=96&r=g","url":"https:\/\/secure.gravatar.com\/avatar\/6b0eb9d22841282815e2cd856a0061c45e1761cd54b22e952d98c4746939aa85?s=96&r=g","contentUrl":"https:\/\/secure.gravatar.com\/avatar\/6b0eb9d22841282815e2cd856a0061c45e1761cd54b22e952d98c4746939aa85?s=96&r=g","caption":"Michele"},"description":"Formada em Letras - Portugu\u00eas\/ Ingl\u00eas, e idealizadora do site Escritora de Sucesso, busca expandir o conhecimento de todos com informa\u00e7\u00f5es relevantes sobre diversos assuntos, enquanto redatora. No Vaga de Emprego RJ, traz oportunidades e dicas sobre o mercado de trabalho.","url":"https:\/\/www.vagadeempregorj.com.br\/ar\/author\/michele\/"}]}},"_links":{"self":[{"href":"https:\/\/www.vagadeempregorj.com.br\/ar\/wp-json\/wp\/v2\/posts\/35435","targetHints":{"allow":["GET"]}}],"collection":[{"href":"https:\/\/www.vagadeempregorj.com.br\/ar\/wp-json\/wp\/v2\/posts"}],"about":[{"href":"https:\/\/www.vagadeempregorj.com.br\/ar\/wp-json\/wp\/v2\/types\/post"}],"author":[{"embeddable":true,"href":"https:\/\/www.vagadeempregorj.com.br\/ar\/wp-json\/wp\/v2\/users\/16"}],"replies":[{"embeddable":true,"href":"https:\/\/www.vagadeempregorj.com.br\/ar\/wp-json\/wp\/v2\/comments?post=35435"}],"version-history":[{"count":0,"href":"https:\/\/www.vagadeempregorj.com.br\/ar\/wp-json\/wp\/v2\/posts\/35435\/revisions"}],"wp:featuredmedia":[{"embeddable":true,"href":"https:\/\/www.vagadeempregorj.com.br\/ar\/wp-json\/wp\/v2\/media\/35436"}],"wp:attachment":[{"href":"https:\/\/www.vagadeempregorj.com.br\/ar\/wp-json\/wp\/v2\/media?parent=35435"}],"wp:term":[{"taxonomy":"category","embeddable":true,"href":"https:\/\/www.vagadeempregorj.com.br\/ar\/wp-json\/wp\/v2\/categories?post=35435"},{"taxonomy":"post_tag","embeddable":true,"href":"https:\/\/www.vagadeempregorj.com.br\/ar\/wp-json\/wp\/v2\/tags?post=35435"}],"curies":[{"name":"wp","href":"https:\/\/api.w.org\/{rel}","templated":true}]}}