{"id":35502,"date":"2023-10-04T00:03:00","date_gmt":"2023-10-04T03:03:00","guid":{"rendered":"https:\/\/www.vagadeempregorj.com.br\/?p=35502"},"modified":"2023-10-03T13:28:35","modified_gmt":"2023-10-03T16:28:35","slug":"empregos-azul","status":"publish","type":"post","link":"https:\/\/www.vagadeempregorj.com.br\/ar\/empregos-azul\/","title":{"rendered":"T\u00e9cnico em Seguran\u00e7a do Trabalho, Jovem Aprendiz, T\u00e9cnico de Manuten\u00e7\u00e3o, Analistas e muito mais na Empresa Azul"},"content":{"rendered":"<p>Atualizado em<\/p>\n\n\n<div class=\"wp-block-post-date\"><time datetime=\"2023-10-04T00:03:00-03:00\">04\/10\/2023<\/time><\/div>\n\n\n<p>Veja quais s\u00e3o os<strong> Empregos Azul <\/strong>dispon\u00edveis. Fa\u00e7a parte desta empresa que possui quase 14.000 tripulantes apaixonados pelo servi\u00e7o, preocupados com os clientes e conectando pessoas, proporcionando experi\u00eancias \u00fanicas. Inaugurada no ano de 2008, \u00e9 a maior companhia a\u00e9rea do pa\u00eds em n\u00famero de voos e cidades atendidas, com mais de 100 destinos internacionais e dom\u00e9sticos. Em 2020, ela foi premiada como a Melhor Companhia A\u00e9rea do Mundo pelo TripAdvisor Travelers' Choice, \u00fanica empresa do Brasil a conquistar essa honra.&nbsp;<\/p>\n\n\n\n<figure class=\"wp-block-image size-full\"><img loading=\"lazy\" decoding=\"async\" width=\"750\" height=\"350\" src=\"https:\/\/www.vagadeempregorj.com.br\/wp-content\/uploads\/2022\/10\/Empregos-Azul-Linhas-Aereas.jpg\" alt=\"Empregos Azul Linhas A\u00e9reas\" class=\"wp-image-35521\" srcset=\"https:\/\/www.vagadeempregorj.com.br\/wp-content\/uploads\/2022\/10\/Empregos-Azul-Linhas-Aereas.jpg 750w, https:\/\/www.vagadeempregorj.com.br\/wp-content\/uploads\/2022\/10\/Empregos-Azul-Linhas-Aereas-300x140.jpg 300w, https:\/\/www.vagadeempregorj.com.br\/wp-content\/uploads\/2022\/10\/Empregos-Azul-Linhas-Aereas-150x70.jpg 150w\" sizes=\"auto, (max-width: 750px) 100vw, 750px\" \/><figcaption class=\"wp-element-caption\">Imagem: Azul Linhas A\u00e9reas &#8211; Reprodu\u00e7\u00e3o<\/figcaption><\/figure>\n\n\n\n<h2 class=\"wp-block-heading\">Conhe\u00e7a todas as oportunidades de Empregos Azul<\/h2>\n\n\n\n<p>A empresa oferece diversos benef\u00edcios. Entre eles est\u00e3o: terapia online, Programa de Concess\u00e3o de Passagens, Gympass, Assist\u00eancia M\u00e9dica, Cegonha Azul, Assist\u00eancia Odontol\u00f3gica, estacionamento, aux\u00edlio Creche, clube de desconto em servi\u00e7os, com\u00e9rcio, sa\u00fade, ensino, idiomas e esportes, empr\u00e9stimo Consignado, seguro de vida, previd\u00eancia privada, entre outros.<\/p>\n\n\n\n<p>As vagas divulgadas s\u00e3o nas cidades de Barueri, Campinas, Recife, Belo Horizonte, Confins e Bras\u00edlia.&nbsp; Algumas s\u00e3o tempor\u00e1rias, mas a maioria \u00e9 efetiva. Al\u00e9m disso, h\u00e1 oportunidades para Jovem Aprendiz. Confira:<\/p>\n\n\n\n<ul class=\"wp-block-list\">\n<li>AGENTE BALANCEAMENTO VOO;<\/li>\n\n\n\n<li>Espec. de Auditoria de TI;<\/li>\n\n\n\n<li>Ana. Comercial de Programas de Aeronaves Sr;<\/li>\n\n\n\n<li>T\u00e9c. Seguran\u00e7a Trabalho Pleno;<\/li>\n\n\n\n<li>Ana. Compras S\u00eanior;<\/li>\n\n\n\n<li>Gerente Administrativo;<\/li>\n\n\n\n<li>Ana. Contratos de Motores Junior;<\/li>\n\n\n\n<li>Jovem Aprendiz Administrativo;<\/li>\n\n\n\n<li>Ana. DE COMPLIANCE TRIBUT\u00c1RIO PLENO;<\/li>\n\n\n\n<li>T\u00e9c. Manuten\u00e7\u00e3o Aeronaves II;<\/li>\n\n\n\n<li>Ana. de Compras T\u00e9cnicas S\u00eanior;<\/li>\n\n\n\n<li>Espec. Customer Insights &#8211; Engenharia de dados;<\/li>\n\n\n\n<li>Ana. de Planej. Financeiro S\u00eanior;<\/li>\n\n\n\n<li>T\u00e9c. Manuten\u00e7\u00e3o de Linha;<\/li>\n\n\n\n<li>Ana. DE PLANEJAMENTO TRIBUT\u00c1RIO S\u00caNIOR;<\/li>\n\n\n\n<li>Coord. de Produtos Azul Viagens;<\/li>\n\n\n\n<li>Ana.de Pricing Pl;<\/li>\n\n\n\n<li>Espec. Cont\u00e1bil;<\/li>\n\n\n\n<li>Ana. de Programa de Aeronaves Junior;<\/li>\n\n\n\n<li>Coord. de TI;<\/li>\n\n\n\n<li>Ana. Garantias de Aeronaves Junior;<\/li>\n\n\n\n<li>Coord. Tesouraria;<\/li>\n\n\n\n<li>Ana. Mercado S\u00eanior;<\/li>\n\n\n\n<li>Piloto;<\/li>\n\n\n\n<li>Ana. Parcerias S\u00eanior;<\/li>\n\n\n\n<li>Op. de Atendimento ao Cliente Vendas;<\/li>\n\n\n\n<li>Ana. People Analytics Sr;<\/li>\n\n\n\n<li>Controlador MCC I;<\/li>\n\n\n\n<li>Ana. Produto Sr;<\/li>\n\n\n\n<li>Agente Aeroporto;<\/li>\n\n\n\n<li>Ana. Risco e Compliance S\u00eanior;<\/li>\n\n\n\n<li>Ass. PCP;<\/li>\n\n\n\n<li>Ana. Tribut\u00e1rio Peno;<\/li>\n\n\n\n<li>Aux. Fiscal;<\/li>\n\n\n\n<li>Ass. Fiscal.<\/li>\n<\/ul>\n\n\n\n<h3 class=\"wp-block-heading\">Como se candidatar<\/h3>\n\n\n\n<p>Para enviar a sua candidatura para qualquer uma das vagas informadas da empresa Azul, basta acessar o site em que o processo de recrutamento e sele\u00e7\u00e3o \u00e9 realizado. Deixamos o link abaixo:<\/p>\n\n\n\n<ul class=\"wp-block-list\">\n<li><a href=\"https:\/\/voeazul.gupy.io\/eyJzb3VyY2UiOiJndXB5X3BvcnRhbCJ9\">Voe Azul Gupy<\/a>.<\/li>\n<\/ul>\n\n\n\n<p>Em seguida, \u00e9 preciso ler com bastante calma todos os requisitos e as atribui\u00e7\u00f5es do cargo para se certificar de que ele \u00e9 compat\u00edvel com o seu perfil profissional antes de fazer a sua inscri\u00e7\u00e3o.<\/p>\n\n\n\n<p><strong>Veja tamb\u00e9m: <a href=\"https:\/\/www.vagadeempregorj.com.br\/ar\/web-stories\/vagas-de-emprego-na-cielo-2\/\">Vagas de emprego na Cielo<\/a><\/strong><\/p>\n\n\n\n<h2 class=\"wp-block-heading\">Sobre a Azul<\/h2>\n\n\n\n<p>Para levar seus clientes ao seu destino, a empresa conta com uma sofisticada rede de profissionais dedicados a proporcionar a melhor experi\u00eancia poss\u00edvel, com total seguran\u00e7a e efici\u00eancia.&nbsp;<\/p>\n\n\n\n<p>Como resultado, as melhores equipes de tripula\u00e7\u00e3o do mundo contam com profissionais t\u00e9cnicos (controladores de voo, pilotos, engenheiros, comiss\u00e1rios de bordo, mec\u00e2nicos de aeronaves, etc.), profissionais dedicados ao atendimento ao cliente e toda uma equipe administrativa que d\u00e1 suporte a essa grande engrenagem.<\/p>\n\n\n\n<p>L\u00e1 \u00e9 valorizado os valores, as compet\u00eancias e a \u00e9tica dos profissionais. Todos o seus procedimentos de sele\u00e7\u00e3o s\u00e3o feitos sem distin\u00e7\u00e3o de religi\u00e3o, ra\u00e7a, classe social, cor, idade, g\u00eanero, defici\u00eancia, orienta\u00e7\u00e3o sexual, nacionalidade ou qualquer outra caracter\u00edstica. Al\u00e9m disso, \u00e9 poss\u00edvel encontrar na empresa oportunidades que se adequem \u00e0 sua forma\u00e7\u00e3o e perfil profissional para voar mais alto em sua carreira!<\/p>","protected":false},"excerpt":{"rendered":"<p>Atualizado em Veja quais s\u00e3o os Empregos Azul dispon\u00edveis. Fa\u00e7a parte desta empresa que possui quase 14.000 tripulantes apaixonados pelo servi\u00e7o, preocupados com os clientes e conectando pessoas, proporcionando experi\u00eancias \u00fanicas. Inaugurada no ano de 2008, \u00e9 a maior companhia a\u00e9rea do pa\u00eds em n\u00famero de voos e cidades atendidas, com mais de 100 destinos&hellip;&nbsp;<\/p>","protected":false},"author":16,"featured_media":35521,"comment_status":"open","ping_status":"closed","sticky":false,"template":"","format":"standard","meta":{"neve_meta_sidebar":"","neve_meta_container":"","neve_meta_enable_content_width":"","neve_meta_content_width":0,"neve_meta_title_alignment":"","neve_meta_author_avatar":"","neve_post_elements_order":"","neve_meta_disable_header":"","neve_meta_disable_footer":"","neve_meta_disable_title":"","footnotes":""},"categories":[123],"tags":[620,608,211],"class_list":["post-35502","post","type-post","status-publish","format-standard","has-post-thumbnail","hentry","category-vagas-de-emprego-nacionais","tag-azul-linhas-aereas-2","tag-oportunidades","tag-vagas-de-emprego"],"yoast_head":"<!-- This site is optimized with the Yoast SEO plugin v27.5 - https:\/\/yoast.com\/product\/yoast-seo-wordpress\/ -->\n<title>T\u00e9cnico em Seguran\u00e7a do Trabalho, Jovem Aprendiz, T\u00e9cnico de Manuten\u00e7\u00e3o, Analistas e muito mais na Empresa Azul<\/title>\n<meta name=\"description\" content=\"Veja em Vagas de Emprego RJ as vagas de emprego com e sem experi\u00eancia no seu Estado e Regi\u00e3o!\" \/>\n<meta name=\"robots\" content=\"index, follow, max-snippet:-1, max-image-preview:large, max-video-preview:-1\" \/>\n<link rel=\"canonical\" href=\"https:\/\/www.vagadeempregorj.com.br\/ar\/empregos-azul\/\" \/>\n<meta property=\"og:locale\" content=\"ar_AR\" \/>\n<meta property=\"og:type\" content=\"article\" \/>\n<meta property=\"og:title\" content=\"T\u00e9cnico em Seguran\u00e7a do Trabalho, Jovem Aprendiz, T\u00e9cnico de Manuten\u00e7\u00e3o, Analistas e muito mais na Empresa Azul\" \/>\n<meta property=\"og:description\" content=\"Veja em Vagas de Emprego RJ as vagas de emprego com e sem experi\u00eancia no seu Estado e Regi\u00e3o!\" \/>\n<meta property=\"og:url\" content=\"https:\/\/www.vagadeempregorj.com.br\/ar\/empregos-azul\/\" \/>\n<meta property=\"article:publisher\" content=\"https:\/\/www.facebook.com\/empregobrasiloficial\" \/>\n<meta property=\"article:published_time\" content=\"2023-10-04T03:03:00+00:00\" \/>\n<meta property=\"og:image\" content=\"https:\/\/www.vagadeempregorj.com.br\/wp-content\/uploads\/2022\/10\/Empregos-Azul-Linhas-Aereas.jpg\" \/>\n\t<meta property=\"og:image:width\" content=\"750\" \/>\n\t<meta property=\"og:image:height\" content=\"350\" \/>\n\t<meta property=\"og:image:type\" content=\"image\/jpeg\" \/>\n<meta name=\"author\" content=\"Michele\" \/>\n<meta name=\"twitter:card\" content=\"summary_large_image\" \/>\n<meta name=\"twitter:label1\" content=\"\u0643\u064f\u062a\u0628 \u0628\u0648\u0627\u0633\u0637\u0629\" \/>\n\t<meta name=\"twitter:data1\" content=\"Michele\" \/>\n\t<meta name=\"twitter:label2\" content=\"\u0648\u0642\u062a \u0627\u0644\u0642\u0631\u0627\u0621\u0629 \u0627\u0644\u0645\u064f\u0642\u062f\u0651\u0631\" \/>\n\t<meta name=\"twitter:data2\" content=\"3 \u062f\u0642\u0627\u0626\u0642\" \/>\n<script type=\"application\/ld+json\" class=\"yoast-schema-graph\">{\"@context\":\"https:\\\/\\\/schema.org\",\"@graph\":[{\"@type\":\"Article\",\"@id\":\"https:\\\/\\\/www.vagadeempregorj.com.br\\\/empregos-azul\\\/#article\",\"isPartOf\":{\"@id\":\"https:\\\/\\\/www.vagadeempregorj.com.br\\\/empregos-azul\\\/\"},\"author\":{\"name\":\"Michele\",\"@id\":\"https:\\\/\\\/www.vagadeempregorj.com.br\\\/#\\\/schema\\\/person\\\/3ddb19fa0539706786e502152f3aae95\"},\"headline\":\"T\u00e9cnico em Seguran\u00e7a do Trabalho, Jovem Aprendiz, T\u00e9cnico de Manuten\u00e7\u00e3o, Analistas e muito mais na Empresa Azul\",\"datePublished\":\"2023-10-04T03:03:00+00:00\",\"mainEntityOfPage\":{\"@id\":\"https:\\\/\\\/www.vagadeempregorj.com.br\\\/empregos-azul\\\/\"},\"wordCount\":607,\"commentCount\":0,\"image\":{\"@id\":\"https:\\\/\\\/www.vagadeempregorj.com.br\\\/empregos-azul\\\/#primaryimage\"},\"thumbnailUrl\":\"https:\\\/\\\/www.vagadeempregorj.com.br\\\/wp-content\\\/uploads\\\/2022\\\/10\\\/Empregos-Azul-Linhas-Aereas.jpg\",\"keywords\":[\"Azul Linhas A\u00e9reas\",\"oportunidades\",\"vagas de emprego\"],\"articleSection\":[\"Vagas de Emprego Nacionais\"],\"inLanguage\":\"ar\",\"potentialAction\":[{\"@type\":\"CommentAction\",\"name\":\"Comment\",\"target\":[\"https:\\\/\\\/www.vagadeempregorj.com.br\\\/empregos-azul\\\/#respond\"]}]},{\"@type\":\"WebPage\",\"@id\":\"https:\\\/\\\/www.vagadeempregorj.com.br\\\/empregos-azul\\\/\",\"url\":\"https:\\\/\\\/www.vagadeempregorj.com.br\\\/empregos-azul\\\/\",\"name\":\"T\u00e9cnico em Seguran\u00e7a do Trabalho, Jovem Aprendiz, T\u00e9cnico de Manuten\u00e7\u00e3o, Analistas e muito mais na Empresa Azul\",\"isPartOf\":{\"@id\":\"https:\\\/\\\/www.vagadeempregorj.com.br\\\/#website\"},\"primaryImageOfPage\":{\"@id\":\"https:\\\/\\\/www.vagadeempregorj.com.br\\\/empregos-azul\\\/#primaryimage\"},\"image\":{\"@id\":\"https:\\\/\\\/www.vagadeempregorj.com.br\\\/empregos-azul\\\/#primaryimage\"},\"thumbnailUrl\":\"https:\\\/\\\/www.vagadeempregorj.com.br\\\/wp-content\\\/uploads\\\/2022\\\/10\\\/Empregos-Azul-Linhas-Aereas.jpg\",\"datePublished\":\"2023-10-04T03:03:00+00:00\",\"author\":{\"@id\":\"https:\\\/\\\/www.vagadeempregorj.com.br\\\/#\\\/schema\\\/person\\\/3ddb19fa0539706786e502152f3aae95\"},\"description\":\"Veja em Vagas de Emprego RJ as vagas de emprego com e sem experi\u00eancia no seu Estado e Regi\u00e3o!\",\"breadcrumb\":{\"@id\":\"https:\\\/\\\/www.vagadeempregorj.com.br\\\/empregos-azul\\\/#breadcrumb\"},\"inLanguage\":\"ar\",\"potentialAction\":[{\"@type\":\"ReadAction\",\"target\":[\"https:\\\/\\\/www.vagadeempregorj.com.br\\\/empregos-azul\\\/\"]}]},{\"@type\":\"ImageObject\",\"inLanguage\":\"ar\",\"@id\":\"https:\\\/\\\/www.vagadeempregorj.com.br\\\/empregos-azul\\\/#primaryimage\",\"url\":\"https:\\\/\\\/www.vagadeempregorj.com.br\\\/wp-content\\\/uploads\\\/2022\\\/10\\\/Empregos-Azul-Linhas-Aereas.jpg\",\"contentUrl\":\"https:\\\/\\\/www.vagadeempregorj.com.br\\\/wp-content\\\/uploads\\\/2022\\\/10\\\/Empregos-Azul-Linhas-Aereas.jpg\",\"width\":750,\"height\":350,\"caption\":\"Imagem: Azul Linhas A\u00e9reas - Reprodu\u00e7\u00e3o\"},{\"@type\":\"BreadcrumbList\",\"@id\":\"https:\\\/\\\/www.vagadeempregorj.com.br\\\/empregos-azul\\\/#breadcrumb\",\"itemListElement\":[{\"@type\":\"ListItem\",\"position\":1,\"name\":\"In\u00edcio\",\"item\":\"https:\\\/\\\/www.vagadeempregorj.com.br\\\/\"},{\"@type\":\"ListItem\",\"position\":2,\"name\":\"Vagas de Emprego Nacionais\",\"item\":\"https:\\\/\\\/www.vagadeempregorj.com.br\\\/vagas-de-emprego-nacionais\\\/\"},{\"@type\":\"ListItem\",\"position\":3,\"name\":\"T\u00e9cnico em Seguran\u00e7a do Trabalho, Jovem Aprendiz, T\u00e9cnico de Manuten\u00e7\u00e3o, Analistas e muito mais na Empresa Azul\"}]},{\"@type\":\"WebSite\",\"@id\":\"https:\\\/\\\/www.vagadeempregorj.com.br\\\/#website\",\"url\":\"https:\\\/\\\/www.vagadeempregorj.com.br\\\/\",\"name\":\"\",\"description\":\"Conquiste Sonhos: Vagas, Benef\u00edcios e Economia para Transformar Vidas e Alcan\u00e7ar Melhorias Cotidianas\",\"potentialAction\":[{\"@type\":\"SearchAction\",\"target\":{\"@type\":\"EntryPoint\",\"urlTemplate\":\"https:\\\/\\\/www.vagadeempregorj.com.br\\\/?s={search_term_string}\"},\"query-input\":{\"@type\":\"PropertyValueSpecification\",\"valueRequired\":true,\"valueName\":\"search_term_string\"}}],\"inLanguage\":\"ar\"},{\"@type\":\"Person\",\"@id\":\"https:\\\/\\\/www.vagadeempregorj.com.br\\\/#\\\/schema\\\/person\\\/3ddb19fa0539706786e502152f3aae95\",\"name\":\"Michele\",\"image\":{\"@type\":\"ImageObject\",\"inLanguage\":\"ar\",\"@id\":\"https:\\\/\\\/secure.gravatar.com\\\/avatar\\\/6b0eb9d22841282815e2cd856a0061c45e1761cd54b22e952d98c4746939aa85?s=96&r=g\",\"url\":\"https:\\\/\\\/secure.gravatar.com\\\/avatar\\\/6b0eb9d22841282815e2cd856a0061c45e1761cd54b22e952d98c4746939aa85?s=96&r=g\",\"contentUrl\":\"https:\\\/\\\/secure.gravatar.com\\\/avatar\\\/6b0eb9d22841282815e2cd856a0061c45e1761cd54b22e952d98c4746939aa85?s=96&r=g\",\"caption\":\"Michele\"},\"description\":\"Formada em Letras - Portugu\u00eas\\\/ Ingl\u00eas, e idealizadora do site Escritora de Sucesso, busca expandir o conhecimento de todos com informa\u00e7\u00f5es relevantes sobre diversos assuntos, enquanto redatora. No Vaga de Emprego RJ, traz oportunidades e dicas sobre o mercado de trabalho.\",\"url\":\"https:\\\/\\\/www.vagadeempregorj.com.br\\\/ar\\\/author\\\/michele\\\/\"}]}<\/script>\n<!-- \/ Yoast SEO plugin. -->","yoast_head_json":{"title":"T\u00e9cnico em Seguran\u00e7a do Trabalho, Jovem Aprendiz, T\u00e9cnico de Manuten\u00e7\u00e3o, Analistas e muito mais na Empresa Azul","description":"Veja em Vagas de Emprego RJ as vagas de emprego com e sem experi\u00eancia no seu Estado e Regi\u00e3o!","robots":{"index":"index","follow":"follow","max-snippet":"max-snippet:-1","max-image-preview":"max-image-preview:large","max-video-preview":"max-video-preview:-1"},"canonical":"https:\/\/www.vagadeempregorj.com.br\/ar\/empregos-azul\/","og_locale":"ar_AR","og_type":"article","og_title":"T\u00e9cnico em Seguran\u00e7a do Trabalho, Jovem Aprendiz, T\u00e9cnico de Manuten\u00e7\u00e3o, Analistas e muito mais na Empresa Azul","og_description":"Veja em Vagas de Emprego RJ as vagas de emprego com e sem experi\u00eancia no seu Estado e Regi\u00e3o!","og_url":"https:\/\/www.vagadeempregorj.com.br\/ar\/empregos-azul\/","article_publisher":"https:\/\/www.facebook.com\/empregobrasiloficial","article_published_time":"2023-10-04T03:03:00+00:00","og_image":[{"width":750,"height":350,"url":"https:\/\/www.vagadeempregorj.com.br\/wp-content\/uploads\/2022\/10\/Empregos-Azul-Linhas-Aereas.jpg","type":"image\/jpeg"}],"author":"Michele","twitter_card":"summary_large_image","twitter_misc":{"\u0643\u064f\u062a\u0628 \u0628\u0648\u0627\u0633\u0637\u0629":"Michele","\u0648\u0642\u062a \u0627\u0644\u0642\u0631\u0627\u0621\u0629 \u0627\u0644\u0645\u064f\u0642\u062f\u0651\u0631":"3 \u062f\u0642\u0627\u0626\u0642"},"schema":{"@context":"https:\/\/schema.org","@graph":[{"@type":"Article","@id":"https:\/\/www.vagadeempregorj.com.br\/empregos-azul\/#article","isPartOf":{"@id":"https:\/\/www.vagadeempregorj.com.br\/empregos-azul\/"},"author":{"name":"Michele","@id":"https:\/\/www.vagadeempregorj.com.br\/#\/schema\/person\/3ddb19fa0539706786e502152f3aae95"},"headline":"T\u00e9cnico em Seguran\u00e7a do Trabalho, Jovem Aprendiz, T\u00e9cnico de Manuten\u00e7\u00e3o, Analistas e muito mais na Empresa Azul","datePublished":"2023-10-04T03:03:00+00:00","mainEntityOfPage":{"@id":"https:\/\/www.vagadeempregorj.com.br\/empregos-azul\/"},"wordCount":607,"commentCount":0,"image":{"@id":"https:\/\/www.vagadeempregorj.com.br\/empregos-azul\/#primaryimage"},"thumbnailUrl":"https:\/\/www.vagadeempregorj.com.br\/wp-content\/uploads\/2022\/10\/Empregos-Azul-Linhas-Aereas.jpg","keywords":["Azul Linhas A\u00e9reas","oportunidades","vagas de emprego"],"articleSection":["Vagas de Emprego Nacionais"],"inLanguage":"ar","potentialAction":[{"@type":"CommentAction","name":"Comment","target":["https:\/\/www.vagadeempregorj.com.br\/empregos-azul\/#respond"]}]},{"@type":"WebPage","@id":"https:\/\/www.vagadeempregorj.com.br\/empregos-azul\/","url":"https:\/\/www.vagadeempregorj.com.br\/empregos-azul\/","name":"T\u00e9cnico em Seguran\u00e7a do Trabalho, Jovem Aprendiz, T\u00e9cnico de Manuten\u00e7\u00e3o, Analistas e muito mais na Empresa Azul","isPartOf":{"@id":"https:\/\/www.vagadeempregorj.com.br\/#website"},"primaryImageOfPage":{"@id":"https:\/\/www.vagadeempregorj.com.br\/empregos-azul\/#primaryimage"},"image":{"@id":"https:\/\/www.vagadeempregorj.com.br\/empregos-azul\/#primaryimage"},"thumbnailUrl":"https:\/\/www.vagadeempregorj.com.br\/wp-content\/uploads\/2022\/10\/Empregos-Azul-Linhas-Aereas.jpg","datePublished":"2023-10-04T03:03:00+00:00","author":{"@id":"https:\/\/www.vagadeempregorj.com.br\/#\/schema\/person\/3ddb19fa0539706786e502152f3aae95"},"description":"Veja em Vagas de Emprego RJ as vagas de emprego com e sem experi\u00eancia no seu Estado e Regi\u00e3o!","breadcrumb":{"@id":"https:\/\/www.vagadeempregorj.com.br\/empregos-azul\/#breadcrumb"},"inLanguage":"ar","potentialAction":[{"@type":"ReadAction","target":["https:\/\/www.vagadeempregorj.com.br\/empregos-azul\/"]}]},{"@type":"ImageObject","inLanguage":"ar","@id":"https:\/\/www.vagadeempregorj.com.br\/empregos-azul\/#primaryimage","url":"https:\/\/www.vagadeempregorj.com.br\/wp-content\/uploads\/2022\/10\/Empregos-Azul-Linhas-Aereas.jpg","contentUrl":"https:\/\/www.vagadeempregorj.com.br\/wp-content\/uploads\/2022\/10\/Empregos-Azul-Linhas-Aereas.jpg","width":750,"height":350,"caption":"Imagem: Azul Linhas A\u00e9reas - Reprodu\u00e7\u00e3o"},{"@type":"BreadcrumbList","@id":"https:\/\/www.vagadeempregorj.com.br\/empregos-azul\/#breadcrumb","itemListElement":[{"@type":"ListItem","position":1,"name":"In\u00edcio","item":"https:\/\/www.vagadeempregorj.com.br\/"},{"@type":"ListItem","position":2,"name":"Vagas de Emprego Nacionais","item":"https:\/\/www.vagadeempregorj.com.br\/vagas-de-emprego-nacionais\/"},{"@type":"ListItem","position":3,"name":"T\u00e9cnico em Seguran\u00e7a do Trabalho, Jovem Aprendiz, T\u00e9cnico de Manuten\u00e7\u00e3o, Analistas e muito mais na Empresa Azul"}]},{"@type":"WebSite","@id":"https:\/\/www.vagadeempregorj.com.br\/#website","url":"https:\/\/www.vagadeempregorj.com.br\/","name":"","description":"\u062a\u062d\u0642\u064a\u0642 \u0627\u0644\u0623\u062d\u0644\u0627\u0645: \u0641\u0631\u0635 \u0639\u0645\u0644\u060c \u0645\u0632\u0627\u064a\u0627\u060c \u0648\u062a\u0648\u0641\u064a\u0631\u0627\u062a \u0644\u062a\u063a\u064a\u064a\u0631 \u0627\u0644\u062d\u064a\u0627\u0629 \u0648\u062a\u062d\u0642\u064a\u0642 \u062a\u062d\u0633\u064a\u0646\u0627\u062a \u064a\u0648\u0645\u064a\u0629","potentialAction":[{"@type":"SearchAction","target":{"@type":"EntryPoint","urlTemplate":"https:\/\/www.vagadeempregorj.com.br\/?s={search_term_string}"},"query-input":{"@type":"PropertyValueSpecification","valueRequired":true,"valueName":"search_term_string"}}],"inLanguage":"ar"},{"@type":"Person","@id":"https:\/\/www.vagadeempregorj.com.br\/#\/schema\/person\/3ddb19fa0539706786e502152f3aae95","name":"Michele","image":{"@type":"ImageObject","inLanguage":"ar","@id":"https:\/\/secure.gravatar.com\/avatar\/6b0eb9d22841282815e2cd856a0061c45e1761cd54b22e952d98c4746939aa85?s=96&r=g","url":"https:\/\/secure.gravatar.com\/avatar\/6b0eb9d22841282815e2cd856a0061c45e1761cd54b22e952d98c4746939aa85?s=96&r=g","contentUrl":"https:\/\/secure.gravatar.com\/avatar\/6b0eb9d22841282815e2cd856a0061c45e1761cd54b22e952d98c4746939aa85?s=96&r=g","caption":"Michele"},"description":"Formada em Letras - Portugu\u00eas\/ Ingl\u00eas, e idealizadora do site Escritora de Sucesso, busca expandir o conhecimento de todos com informa\u00e7\u00f5es relevantes sobre diversos assuntos, enquanto redatora. No Vaga de Emprego RJ, traz oportunidades e dicas sobre o mercado de trabalho.","url":"https:\/\/www.vagadeempregorj.com.br\/ar\/author\/michele\/"}]}},"_links":{"self":[{"href":"https:\/\/www.vagadeempregorj.com.br\/ar\/wp-json\/wp\/v2\/posts\/35502","targetHints":{"allow":["GET"]}}],"collection":[{"href":"https:\/\/www.vagadeempregorj.com.br\/ar\/wp-json\/wp\/v2\/posts"}],"about":[{"href":"https:\/\/www.vagadeempregorj.com.br\/ar\/wp-json\/wp\/v2\/types\/post"}],"author":[{"embeddable":true,"href":"https:\/\/www.vagadeempregorj.com.br\/ar\/wp-json\/wp\/v2\/users\/16"}],"replies":[{"embeddable":true,"href":"https:\/\/www.vagadeempregorj.com.br\/ar\/wp-json\/wp\/v2\/comments?post=35502"}],"version-history":[{"count":0,"href":"https:\/\/www.vagadeempregorj.com.br\/ar\/wp-json\/wp\/v2\/posts\/35502\/revisions"}],"wp:featuredmedia":[{"embeddable":true,"href":"https:\/\/www.vagadeempregorj.com.br\/ar\/wp-json\/wp\/v2\/media\/35521"}],"wp:attachment":[{"href":"https:\/\/www.vagadeempregorj.com.br\/ar\/wp-json\/wp\/v2\/media?parent=35502"}],"wp:term":[{"taxonomy":"category","embeddable":true,"href":"https:\/\/www.vagadeempregorj.com.br\/ar\/wp-json\/wp\/v2\/categories?post=35502"},{"taxonomy":"post_tag","embeddable":true,"href":"https:\/\/www.vagadeempregorj.com.br\/ar\/wp-json\/wp\/v2\/tags?post=35502"}],"curies":[{"name":"wp","href":"https:\/\/api.w.org\/{rel}","templated":true}]}}