{"id":35506,"date":"2023-09-20T00:01:00","date_gmt":"2023-09-20T03:01:00","guid":{"rendered":"https:\/\/www.vagadeempregorj.com.br\/?p=35506"},"modified":"2023-09-19T17:38:47","modified_gmt":"2023-09-19T20:38:47","slug":"empregos-usaflex","status":"publish","type":"post","link":"https:\/\/www.vagadeempregorj.com.br\/ar\/empregos-usaflex\/","title":{"rendered":"T\u00e9cnico em Seguran\u00e7a do Trabalho, Auxiliar Administrativo, Mec\u00e2nico de Montagem, Est\u00e1gio, Analistas e muito mais na Empresa Usaflex"},"content":{"rendered":"<p>Atualizado em<\/p>\n\n\n<div class=\"wp-block-post-date\"><time datetime=\"2023-09-20T00:01:00-03:00\">20\/09\/2023<\/time><\/div>\n\n\n<p>Veja quais s\u00e3o os Empregos Usaflex dispon\u00edveis. Fa\u00e7a parte desta empresa, cujos principais pilares s\u00e3o as pessoas, para as quais investem em projetos voltados \u00e0 melhoria do bem estar, qualidade de vida e desenvolvimento de carreira de seus colaboradores, refletidos em um ambiente de trabalho acolhedor, colaborativo e de bons relacionamentos. Por todas essas a\u00e7\u00f5es, a Usaflex se orgulha de ser a \u00fanica ind\u00fastria cal\u00e7adista hoje certificada como uma das melhores empresas para se trabalhar.<\/p>\n\n\n\n<h2 class=\"wp-block-heading\">Conhe\u00e7a todas as oportunidades de Empregos Usaflex<\/h2>\n\n\n\n<p>Todas as vagas s\u00e3o efetivas e na regi\u00e3o de S\u00e3o Paulo e Rio Grande do Sul. Al\u00e9m disso, h\u00e1 oportunidade para estagi\u00e1rios de diversas \u00e1reas:<\/p>\n\n\n\n<ul class=\"wp-block-list\">\n<li>Ana. de Compras \u2013 Pl;<\/li>\n\n\n\n<li>T\u00e9c. em Seguran\u00e7a do Trabalho;<\/li>\n\n\n\n<li>Ana. de Desenvolvimento de Fornecedores Pl;<\/li>\n\n\n\n<li>Coord. Administrativo Financeiro;<\/li>\n\n\n\n<li>Ana. de Planej. Comercial Digital;<\/li>\n\n\n\n<li>Modelista T\u00e9cnico;<\/li>\n\n\n\n<li>Ana. Digital \u2013 Cria\u00e7\u00e3o;<\/li>\n\n\n\n<li>Costureira de Amostras &#8211; F\u00e1brica Piloto;<\/li>\n\n\n\n<li>Ana. Digital &#8211; foco em CRM;<\/li>\n\n\n\n<li>MEC\u00c2NICO DE MONTAGEM;<\/li>\n\n\n\n<li>Ana. Financeiro &#8211; Opera\u00e7\u00f5es \/ Franquias;<\/li>\n\n\n\n<li>Est\u00e1gio;<\/li>\n\n\n\n<li>Aux. Administrativo &#8211; Gest\u00e3o de Viagens;<\/li>\n\n\n\n<li>Aux. de PPCP.<\/li>\n<\/ul>\n\n\n\n<h3 class=\"wp-block-heading\">Como se candidatar<\/h3>\n\n\n\n<p>Para enviar os eu curr\u00edculo para qualquer uma das vagas mencionadas, \u00e9 necess\u00e1rio acessar o site em que o processo de sele\u00e7\u00e3o e recrutamento \u00e9 realizado. Clique no link abaixo:<\/p>\n\n\n\n<ul class=\"wp-block-list\">\n<li><a href=\"https:\/\/usaflex.gupy.io\/eyJzb3VyY2UiOiJndXB5X3BvcnRhbCJ9\">Usaflex Gupy<\/a>.<\/li>\n<\/ul>\n\n\n\n<p>Em seguida, ser\u00e1 preciso ler atentamente todos os requisitos e atribui\u00e7\u00f5es da fun\u00e7\u00e3o para se certificar de que ela realmente \u00e9 compat\u00edvel com o seu perfil profissional antes de realizar a sua inscri\u00e7\u00e3o.<\/p>\n\n\n\n<p><strong>Veja tamb\u00e9m: <a href=\"https:\/\/www.vagadeempregorj.com.br\/ar\/web-stories\/vagas-de-emprego-na-cielo-2\/\">Vagas de emprego na Cielo<\/a><\/strong><\/p>\n\n\n\n<h2 class=\"wp-block-heading\">Sobre a Usaflex<\/h2>\n\n\n\n<p>Foi uma das primeiras na cria\u00e7\u00e3o de cal\u00e7ados confort\u00e1veis \u200b\u200be estilosos para mulheres, sendo conhecida como uma das marcas mais s\u00f3lidas na busca pela felicidade e qualidade em seus produtos. L\u00edder nesse ramo, ela possui 4 unidades produtivas nas cidades de Paranhana, Igrejinha, Parob\u00e9, Campo Bom e Dois Irm\u00e3os, todas no Rio Grande do Sul e no Vale dos Sinos.<\/p>\n\n\n\n<p>A ind\u00fastria gera ao redor de 3.200 empregos diretos e produz 25.000 pares por dia. Com base em valores s\u00f3lidos, continuar\u00e3o se empenhando para que a sua miss\u00e3o seja cumprida por meio de nossas a\u00e7\u00f5es di\u00e1rias. Sua estrutura de governan\u00e7a e gest\u00e3o sempre foca nas necessidades do mercado e de seus p\u00fablicos, buscando sustentar sua vis\u00e3o corporativa. Para atender as necessidades de diversas regi\u00f5es no pa\u00eds e no exterior, ela possui 33 escrit\u00f3rios de representa\u00e7\u00e3o no mercado interno e 2 escrit\u00f3rios de representa\u00e7\u00e3o no mercado externo.<\/p>\n\n\n\n<p>Tendo uma plataforma pronta para atender seus clientes, a marca investiu bastante nos canais de franquia. Com menos de cinco anos de atua\u00e7\u00e3o, a empresa tornou-se a primeira rede de cal\u00e7ados de conforto do pa\u00eds.<\/p>\n\n\n\n<p>O sucesso do projeto \u00e9 atribu\u00eddo aos m\u00faltiplos esfor\u00e7os previstos no plano estrat\u00e9gico de neg\u00f3cios apresentado pela marca, que completa os 24 anos de atua\u00e7\u00e3o da divis\u00e3o. Nos dias de hoje, o canal possui mais de 200 lojas em 20 estados do pa\u00eds, e seus planos de expans\u00e3o devem chegar a 340 lojas at\u00e9 2022. Os desejos e as necessidades dos consumidores s\u00e3o os fatores que norteiam o desenvolvimento da cole\u00e7\u00e3o, por essa raz\u00e3o a combina\u00e7\u00e3o de estilo e conforto se reflete na marca.<\/p>","protected":false},"excerpt":{"rendered":"<p>Atualizado em Veja quais s\u00e3o os Empregos Usaflex dispon\u00edveis. Fa\u00e7a parte desta empresa, cujos principais pilares s\u00e3o as pessoas, para as quais investem em projetos voltados \u00e0 melhoria do bem estar, qualidade de vida e desenvolvimento de carreira de seus colaboradores, refletidos em um ambiente de trabalho acolhedor, colaborativo e de bons relacionamentos. Por todas&hellip;&nbsp;<\/p>","protected":false},"author":16,"featured_media":35518,"comment_status":"open","ping_status":"closed","sticky":false,"template":"","format":"standard","meta":{"neve_meta_sidebar":"","neve_meta_container":"","neve_meta_enable_content_width":"","neve_meta_content_width":0,"neve_meta_title_alignment":"","neve_meta_author_avatar":"","neve_post_elements_order":"","neve_meta_disable_header":"","neve_meta_disable_footer":"","neve_meta_disable_title":"","footnotes":""},"categories":[123],"tags":[608,618,211],"class_list":["post-35506","post","type-post","status-publish","format-standard","has-post-thumbnail","hentry","category-vagas-de-emprego-nacionais","tag-oportunidades","tag-usaflex","tag-vagas-de-emprego"],"yoast_head":"<!-- This site is optimized with the Yoast SEO plugin v27.5 - https:\/\/yoast.com\/product\/yoast-seo-wordpress\/ -->\n<title>T\u00e9cnico em Seguran\u00e7a do Trabalho, Auxiliar Administrativo, Mec\u00e2nico de Montagem, Est\u00e1gio, Analistas e muito mais na Empresa Usaflex<\/title>\n<meta name=\"description\" content=\"Veja em Vagas de Emprego RJ as vagas de emprego com e sem experi\u00eancia no seu Estado e Regi\u00e3o!\" \/>\n<meta name=\"robots\" content=\"index, follow, max-snippet:-1, max-image-preview:large, max-video-preview:-1\" \/>\n<link rel=\"canonical\" href=\"https:\/\/www.vagadeempregorj.com.br\/ar\/empregos-usaflex\/\" \/>\n<meta property=\"og:locale\" content=\"ar_AR\" \/>\n<meta property=\"og:type\" content=\"article\" \/>\n<meta property=\"og:title\" content=\"T\u00e9cnico em Seguran\u00e7a do Trabalho, Auxiliar Administrativo, Mec\u00e2nico de Montagem, Est\u00e1gio, Analistas e muito mais na Empresa Usaflex\" \/>\n<meta property=\"og:description\" content=\"Veja em Vagas de Emprego RJ as vagas de emprego com e sem experi\u00eancia no seu Estado e Regi\u00e3o!\" \/>\n<meta property=\"og:url\" content=\"https:\/\/www.vagadeempregorj.com.br\/ar\/empregos-usaflex\/\" \/>\n<meta property=\"article:publisher\" content=\"https:\/\/www.facebook.com\/empregobrasiloficial\" \/>\n<meta property=\"article:published_time\" content=\"2023-09-20T03:01:00+00:00\" \/>\n<meta property=\"og:image\" content=\"https:\/\/www.vagadeempregorj.com.br\/wp-content\/uploads\/2022\/10\/Empregos-Usaflex-scaled.jpg\" \/>\n\t<meta property=\"og:image:width\" content=\"2560\" \/>\n\t<meta property=\"og:image:height\" content=\"2560\" \/>\n\t<meta property=\"og:image:type\" content=\"image\/jpeg\" \/>\n<meta name=\"author\" content=\"Michele\" \/>\n<meta name=\"twitter:card\" content=\"summary_large_image\" \/>\n<meta name=\"twitter:label1\" content=\"Written by\" \/>\n\t<meta name=\"twitter:data1\" content=\"Michele\" \/>\n\t<meta name=\"twitter:label2\" content=\"Est. reading time\" \/>\n\t<meta name=\"twitter:data2\" content=\"3 \u062f\u0642\u0627\u0626\u0642\" \/>\n<script type=\"application\/ld+json\" class=\"yoast-schema-graph\">{\"@context\":\"https:\\\/\\\/schema.org\",\"@graph\":[{\"@type\":\"Article\",\"@id\":\"https:\\\/\\\/www.vagadeempregorj.com.br\\\/empregos-usaflex\\\/#article\",\"isPartOf\":{\"@id\":\"https:\\\/\\\/www.vagadeempregorj.com.br\\\/empregos-usaflex\\\/\"},\"author\":{\"name\":\"Michele\",\"@id\":\"https:\\\/\\\/www.vagadeempregorj.com.br\\\/#\\\/schema\\\/person\\\/3ddb19fa0539706786e502152f3aae95\"},\"headline\":\"T\u00e9cnico em Seguran\u00e7a do Trabalho, Auxiliar Administrativo, Mec\u00e2nico de Montagem, Est\u00e1gio, Analistas e muito mais na Empresa Usaflex\",\"datePublished\":\"2023-09-20T03:01:00+00:00\",\"mainEntityOfPage\":{\"@id\":\"https:\\\/\\\/www.vagadeempregorj.com.br\\\/empregos-usaflex\\\/\"},\"wordCount\":585,\"commentCount\":0,\"image\":{\"@id\":\"https:\\\/\\\/www.vagadeempregorj.com.br\\\/empregos-usaflex\\\/#primaryimage\"},\"thumbnailUrl\":\"https:\\\/\\\/www.vagadeempregorj.com.br\\\/wp-content\\\/uploads\\\/2022\\\/10\\\/Empregos-Usaflex-scaled.jpg\",\"keywords\":[\"oportunidades\",\"Usaflex\",\"vagas de emprego\"],\"articleSection\":[\"Vagas de Emprego Nacionais\"],\"inLanguage\":\"ar\",\"potentialAction\":[{\"@type\":\"CommentAction\",\"name\":\"Comment\",\"target\":[\"https:\\\/\\\/www.vagadeempregorj.com.br\\\/empregos-usaflex\\\/#respond\"]}]},{\"@type\":\"WebPage\",\"@id\":\"https:\\\/\\\/www.vagadeempregorj.com.br\\\/empregos-usaflex\\\/\",\"url\":\"https:\\\/\\\/www.vagadeempregorj.com.br\\\/empregos-usaflex\\\/\",\"name\":\"T\u00e9cnico em Seguran\u00e7a do Trabalho, Auxiliar Administrativo, Mec\u00e2nico de Montagem, Est\u00e1gio, Analistas e muito mais na Empresa Usaflex\",\"isPartOf\":{\"@id\":\"https:\\\/\\\/www.vagadeempregorj.com.br\\\/#website\"},\"primaryImageOfPage\":{\"@id\":\"https:\\\/\\\/www.vagadeempregorj.com.br\\\/empregos-usaflex\\\/#primaryimage\"},\"image\":{\"@id\":\"https:\\\/\\\/www.vagadeempregorj.com.br\\\/empregos-usaflex\\\/#primaryimage\"},\"thumbnailUrl\":\"https:\\\/\\\/www.vagadeempregorj.com.br\\\/wp-content\\\/uploads\\\/2022\\\/10\\\/Empregos-Usaflex-scaled.jpg\",\"datePublished\":\"2023-09-20T03:01:00+00:00\",\"author\":{\"@id\":\"https:\\\/\\\/www.vagadeempregorj.com.br\\\/#\\\/schema\\\/person\\\/3ddb19fa0539706786e502152f3aae95\"},\"description\":\"Veja em Vagas de Emprego RJ as vagas de emprego com e sem experi\u00eancia no seu Estado e Regi\u00e3o!\",\"breadcrumb\":{\"@id\":\"https:\\\/\\\/www.vagadeempregorj.com.br\\\/empregos-usaflex\\\/#breadcrumb\"},\"inLanguage\":\"ar\",\"potentialAction\":[{\"@type\":\"ReadAction\",\"target\":[\"https:\\\/\\\/www.vagadeempregorj.com.br\\\/empregos-usaflex\\\/\"]}]},{\"@type\":\"ImageObject\",\"inLanguage\":\"ar\",\"@id\":\"https:\\\/\\\/www.vagadeempregorj.com.br\\\/empregos-usaflex\\\/#primaryimage\",\"url\":\"https:\\\/\\\/www.vagadeempregorj.com.br\\\/wp-content\\\/uploads\\\/2022\\\/10\\\/Empregos-Usaflex-scaled.jpg\",\"contentUrl\":\"https:\\\/\\\/www.vagadeempregorj.com.br\\\/wp-content\\\/uploads\\\/2022\\\/10\\\/Empregos-Usaflex-scaled.jpg\",\"width\":2560,\"height\":2560,\"caption\":\"Imagem: Usaflex - Reprodu\u00e7\u00e3o\"},{\"@type\":\"BreadcrumbList\",\"@id\":\"https:\\\/\\\/www.vagadeempregorj.com.br\\\/empregos-usaflex\\\/#breadcrumb\",\"itemListElement\":[{\"@type\":\"ListItem\",\"position\":1,\"name\":\"In\u00edcio\",\"item\":\"https:\\\/\\\/www.vagadeempregorj.com.br\\\/\"},{\"@type\":\"ListItem\",\"position\":2,\"name\":\"Vagas de Emprego Nacionais\",\"item\":\"https:\\\/\\\/www.vagadeempregorj.com.br\\\/vagas-de-emprego-nacionais\\\/\"},{\"@type\":\"ListItem\",\"position\":3,\"name\":\"T\u00e9cnico em Seguran\u00e7a do Trabalho, Auxiliar Administrativo, Mec\u00e2nico de Montagem, Est\u00e1gio, Analistas e muito mais na Empresa Usaflex\"}]},{\"@type\":\"WebSite\",\"@id\":\"https:\\\/\\\/www.vagadeempregorj.com.br\\\/#website\",\"url\":\"https:\\\/\\\/www.vagadeempregorj.com.br\\\/\",\"name\":\"\",\"description\":\"Conquiste Sonhos: Vagas, Benef\u00edcios e Economia para Transformar Vidas e Alcan\u00e7ar Melhorias Cotidianas\",\"potentialAction\":[{\"@type\":\"SearchAction\",\"target\":{\"@type\":\"EntryPoint\",\"urlTemplate\":\"https:\\\/\\\/www.vagadeempregorj.com.br\\\/?s={search_term_string}\"},\"query-input\":{\"@type\":\"PropertyValueSpecification\",\"valueRequired\":true,\"valueName\":\"search_term_string\"}}],\"inLanguage\":\"ar\"},{\"@type\":\"Person\",\"@id\":\"https:\\\/\\\/www.vagadeempregorj.com.br\\\/#\\\/schema\\\/person\\\/3ddb19fa0539706786e502152f3aae95\",\"name\":\"Michele\",\"image\":{\"@type\":\"ImageObject\",\"inLanguage\":\"ar\",\"@id\":\"https:\\\/\\\/secure.gravatar.com\\\/avatar\\\/6b0eb9d22841282815e2cd856a0061c45e1761cd54b22e952d98c4746939aa85?s=96&r=g\",\"url\":\"https:\\\/\\\/secure.gravatar.com\\\/avatar\\\/6b0eb9d22841282815e2cd856a0061c45e1761cd54b22e952d98c4746939aa85?s=96&r=g\",\"contentUrl\":\"https:\\\/\\\/secure.gravatar.com\\\/avatar\\\/6b0eb9d22841282815e2cd856a0061c45e1761cd54b22e952d98c4746939aa85?s=96&r=g\",\"caption\":\"Michele\"},\"description\":\"Formada em Letras - Portugu\u00eas\\\/ Ingl\u00eas, e idealizadora do site Escritora de Sucesso, busca expandir o conhecimento de todos com informa\u00e7\u00f5es relevantes sobre diversos assuntos, enquanto redatora. No Vaga de Emprego RJ, traz oportunidades e dicas sobre o mercado de trabalho.\",\"url\":\"https:\\\/\\\/www.vagadeempregorj.com.br\\\/ar\\\/author\\\/michele\\\/\"}]}<\/script>\n<!-- \/ Yoast SEO plugin. -->","yoast_head_json":{"title":"T\u00e9cnico em Seguran\u00e7a do Trabalho, Auxiliar Administrativo, Mec\u00e2nico de Montagem, Est\u00e1gio, Analistas e muito mais na Empresa Usaflex","description":"Veja em Vagas de Emprego RJ as vagas de emprego com e sem experi\u00eancia no seu Estado e Regi\u00e3o!","robots":{"index":"index","follow":"follow","max-snippet":"max-snippet:-1","max-image-preview":"max-image-preview:large","max-video-preview":"max-video-preview:-1"},"canonical":"https:\/\/www.vagadeempregorj.com.br\/ar\/empregos-usaflex\/","og_locale":"ar_AR","og_type":"article","og_title":"T\u00e9cnico em Seguran\u00e7a do Trabalho, Auxiliar Administrativo, Mec\u00e2nico de Montagem, Est\u00e1gio, Analistas e muito mais na Empresa Usaflex","og_description":"Veja em Vagas de Emprego RJ as vagas de emprego com e sem experi\u00eancia no seu Estado e Regi\u00e3o!","og_url":"https:\/\/www.vagadeempregorj.com.br\/ar\/empregos-usaflex\/","article_publisher":"https:\/\/www.facebook.com\/empregobrasiloficial","article_published_time":"2023-09-20T03:01:00+00:00","og_image":[{"width":2560,"height":2560,"url":"https:\/\/www.vagadeempregorj.com.br\/wp-content\/uploads\/2022\/10\/Empregos-Usaflex-scaled.jpg","type":"image\/jpeg"}],"author":"Michele","twitter_card":"summary_large_image","twitter_misc":{"Written by":"Michele","Est. reading time":"3 \u062f\u0642\u0627\u0626\u0642"},"schema":{"@context":"https:\/\/schema.org","@graph":[{"@type":"Article","@id":"https:\/\/www.vagadeempregorj.com.br\/empregos-usaflex\/#article","isPartOf":{"@id":"https:\/\/www.vagadeempregorj.com.br\/empregos-usaflex\/"},"author":{"name":"Michele","@id":"https:\/\/www.vagadeempregorj.com.br\/#\/schema\/person\/3ddb19fa0539706786e502152f3aae95"},"headline":"T\u00e9cnico em Seguran\u00e7a do Trabalho, Auxiliar Administrativo, Mec\u00e2nico de Montagem, Est\u00e1gio, Analistas e muito mais na Empresa Usaflex","datePublished":"2023-09-20T03:01:00+00:00","mainEntityOfPage":{"@id":"https:\/\/www.vagadeempregorj.com.br\/empregos-usaflex\/"},"wordCount":585,"commentCount":0,"image":{"@id":"https:\/\/www.vagadeempregorj.com.br\/empregos-usaflex\/#primaryimage"},"thumbnailUrl":"https:\/\/www.vagadeempregorj.com.br\/wp-content\/uploads\/2022\/10\/Empregos-Usaflex-scaled.jpg","keywords":["oportunidades","Usaflex","vagas de emprego"],"articleSection":["Vagas de Emprego Nacionais"],"inLanguage":"ar","potentialAction":[{"@type":"CommentAction","name":"Comment","target":["https:\/\/www.vagadeempregorj.com.br\/empregos-usaflex\/#respond"]}]},{"@type":"WebPage","@id":"https:\/\/www.vagadeempregorj.com.br\/empregos-usaflex\/","url":"https:\/\/www.vagadeempregorj.com.br\/empregos-usaflex\/","name":"T\u00e9cnico em Seguran\u00e7a do Trabalho, Auxiliar Administrativo, Mec\u00e2nico de Montagem, Est\u00e1gio, Analistas e muito mais na Empresa Usaflex","isPartOf":{"@id":"https:\/\/www.vagadeempregorj.com.br\/#website"},"primaryImageOfPage":{"@id":"https:\/\/www.vagadeempregorj.com.br\/empregos-usaflex\/#primaryimage"},"image":{"@id":"https:\/\/www.vagadeempregorj.com.br\/empregos-usaflex\/#primaryimage"},"thumbnailUrl":"https:\/\/www.vagadeempregorj.com.br\/wp-content\/uploads\/2022\/10\/Empregos-Usaflex-scaled.jpg","datePublished":"2023-09-20T03:01:00+00:00","author":{"@id":"https:\/\/www.vagadeempregorj.com.br\/#\/schema\/person\/3ddb19fa0539706786e502152f3aae95"},"description":"Veja em Vagas de Emprego RJ as vagas de emprego com e sem experi\u00eancia no seu Estado e Regi\u00e3o!","breadcrumb":{"@id":"https:\/\/www.vagadeempregorj.com.br\/empregos-usaflex\/#breadcrumb"},"inLanguage":"ar","potentialAction":[{"@type":"ReadAction","target":["https:\/\/www.vagadeempregorj.com.br\/empregos-usaflex\/"]}]},{"@type":"ImageObject","inLanguage":"ar","@id":"https:\/\/www.vagadeempregorj.com.br\/empregos-usaflex\/#primaryimage","url":"https:\/\/www.vagadeempregorj.com.br\/wp-content\/uploads\/2022\/10\/Empregos-Usaflex-scaled.jpg","contentUrl":"https:\/\/www.vagadeempregorj.com.br\/wp-content\/uploads\/2022\/10\/Empregos-Usaflex-scaled.jpg","width":2560,"height":2560,"caption":"Imagem: Usaflex - Reprodu\u00e7\u00e3o"},{"@type":"BreadcrumbList","@id":"https:\/\/www.vagadeempregorj.com.br\/empregos-usaflex\/#breadcrumb","itemListElement":[{"@type":"ListItem","position":1,"name":"In\u00edcio","item":"https:\/\/www.vagadeempregorj.com.br\/"},{"@type":"ListItem","position":2,"name":"Vagas de Emprego Nacionais","item":"https:\/\/www.vagadeempregorj.com.br\/vagas-de-emprego-nacionais\/"},{"@type":"ListItem","position":3,"name":"T\u00e9cnico em Seguran\u00e7a do Trabalho, Auxiliar Administrativo, Mec\u00e2nico de Montagem, Est\u00e1gio, Analistas e muito mais na Empresa Usaflex"}]},{"@type":"WebSite","@id":"https:\/\/www.vagadeempregorj.com.br\/#website","url":"https:\/\/www.vagadeempregorj.com.br\/","name":"","description":"Conquiste Sonhos: Vagas, Benef\u00edcios e Economia para Transformar Vidas e Alcan\u00e7ar Melhorias Cotidianas","potentialAction":[{"@type":"SearchAction","target":{"@type":"EntryPoint","urlTemplate":"https:\/\/www.vagadeempregorj.com.br\/?s={search_term_string}"},"query-input":{"@type":"PropertyValueSpecification","valueRequired":true,"valueName":"search_term_string"}}],"inLanguage":"ar"},{"@type":"Person","@id":"https:\/\/www.vagadeempregorj.com.br\/#\/schema\/person\/3ddb19fa0539706786e502152f3aae95","name":"Michele","image":{"@type":"ImageObject","inLanguage":"ar","@id":"https:\/\/secure.gravatar.com\/avatar\/6b0eb9d22841282815e2cd856a0061c45e1761cd54b22e952d98c4746939aa85?s=96&r=g","url":"https:\/\/secure.gravatar.com\/avatar\/6b0eb9d22841282815e2cd856a0061c45e1761cd54b22e952d98c4746939aa85?s=96&r=g","contentUrl":"https:\/\/secure.gravatar.com\/avatar\/6b0eb9d22841282815e2cd856a0061c45e1761cd54b22e952d98c4746939aa85?s=96&r=g","caption":"Michele"},"description":"Formada em Letras - Portugu\u00eas\/ Ingl\u00eas, e idealizadora do site Escritora de Sucesso, busca expandir o conhecimento de todos com informa\u00e7\u00f5es relevantes sobre diversos assuntos, enquanto redatora. No Vaga de Emprego RJ, traz oportunidades e dicas sobre o mercado de trabalho.","url":"https:\/\/www.vagadeempregorj.com.br\/ar\/author\/michele\/"}]}},"_links":{"self":[{"href":"https:\/\/www.vagadeempregorj.com.br\/ar\/wp-json\/wp\/v2\/posts\/35506","targetHints":{"allow":["GET"]}}],"collection":[{"href":"https:\/\/www.vagadeempregorj.com.br\/ar\/wp-json\/wp\/v2\/posts"}],"about":[{"href":"https:\/\/www.vagadeempregorj.com.br\/ar\/wp-json\/wp\/v2\/types\/post"}],"author":[{"embeddable":true,"href":"https:\/\/www.vagadeempregorj.com.br\/ar\/wp-json\/wp\/v2\/users\/16"}],"replies":[{"embeddable":true,"href":"https:\/\/www.vagadeempregorj.com.br\/ar\/wp-json\/wp\/v2\/comments?post=35506"}],"version-history":[{"count":0,"href":"https:\/\/www.vagadeempregorj.com.br\/ar\/wp-json\/wp\/v2\/posts\/35506\/revisions"}],"wp:featuredmedia":[{"embeddable":true,"href":"https:\/\/www.vagadeempregorj.com.br\/ar\/wp-json\/wp\/v2\/media\/35518"}],"wp:attachment":[{"href":"https:\/\/www.vagadeempregorj.com.br\/ar\/wp-json\/wp\/v2\/media?parent=35506"}],"wp:term":[{"taxonomy":"category","embeddable":true,"href":"https:\/\/www.vagadeempregorj.com.br\/ar\/wp-json\/wp\/v2\/categories?post=35506"},{"taxonomy":"post_tag","embeddable":true,"href":"https:\/\/www.vagadeempregorj.com.br\/ar\/wp-json\/wp\/v2\/tags?post=35506"}],"curies":[{"name":"wp","href":"https:\/\/api.w.org\/{rel}","templated":true}]}}