{"id":35508,"date":"2023-10-04T00:03:00","date_gmt":"2023-10-04T03:03:00","guid":{"rendered":"https:\/\/www.vagadeempregorj.com.br\/?p=35508"},"modified":"2023-10-03T13:28:50","modified_gmt":"2023-10-03T16:28:50","slug":"empregos-grupo-moura","status":"publish","type":"post","link":"https:\/\/www.vagadeempregorj.com.br\/ar\/empregos-grupo-moura\/","title":{"rendered":"Vendedor Externo, Motorista de Caminh\u00e3o, Auxiliar T\u00e9cnico, Consultores, Est\u00e1gios, Analistas e muito mais na Empresa Grupo Moura"},"content":{"rendered":"<p>Atualizado em<\/p>\n\n\n<div class=\"wp-block-post-date\"><time datetime=\"2023-10-04T00:03:00-03:00\">04\/10\/2023<\/time><\/div>\n\n\n<p>Os <strong>Empregos Grupo Moura <\/strong>fazem parte da mudan\u00e7a de vida de diversos brasileiros e suas fam\u00edlias. Isso se d\u00e1 devido \u00e0s chances proporcionadas pela empresa, por meio de suas ofertas de empregos, as quais promovem o ingresso de jovens e adultos no mercado de trabalho, com sal\u00e1rios adequados e um bom ambiente de produ\u00e7\u00e3o. Com mais de 1.000 funcion\u00e1rios em sua equipe, o Grupo Moura facilita conquistas e realiza\u00e7\u00f5es de v\u00e1rios cidad\u00e3os.&nbsp;<\/p>\n\n\n\n<figure class=\"wp-block-image size-large\"><img loading=\"lazy\" decoding=\"async\" width=\"1024\" height=\"538\" src=\"https:\/\/www.vagadeempregorj.com.br\/wp-content\/uploads\/2022\/10\/Empregos-Grupo-Moura-1024x538.jpg\" alt=\"Empregos Grupo Moura\" class=\"wp-image-35517\" srcset=\"https:\/\/www.vagadeempregorj.com.br\/wp-content\/uploads\/2022\/10\/Empregos-Grupo-Moura-1024x538.jpg 1024w, https:\/\/www.vagadeempregorj.com.br\/wp-content\/uploads\/2022\/10\/Empregos-Grupo-Moura-300x158.jpg 300w, https:\/\/www.vagadeempregorj.com.br\/wp-content\/uploads\/2022\/10\/Empregos-Grupo-Moura-768x403.jpg 768w, https:\/\/www.vagadeempregorj.com.br\/wp-content\/uploads\/2022\/10\/Empregos-Grupo-Moura-150x79.jpg 150w, https:\/\/www.vagadeempregorj.com.br\/wp-content\/uploads\/2022\/10\/Empregos-Grupo-Moura.jpg 1200w\" sizes=\"auto, (max-width: 1024px) 100vw, 1024px\" \/><figcaption class=\"wp-element-caption\">Imagem: Grupo Moura &#8211; Reprodu\u00e7\u00e3o<\/figcaption><\/figure>\n\n\n\n<h2 class=\"wp-block-heading\">Confira oportunidades de Empregos Grupo Moura<\/h2>\n\n\n\n<p>O <strong>Grupo Mora <\/strong>tem mais de 60 anos de hist\u00f3ria e muito o que comemorar. Respons\u00e1vel pelas Baterias Moura, a empresa \u00e9 l\u00edder nesse segmento na Am\u00e9rica do Sul, sendo refer\u00eancia no Brasil. Al\u00e9m disso, o Grupo Moura tamb\u00e9m conta com a Moura Constru\u00e7\u00f5es, que auxilia no processo de realiza\u00e7\u00e3o do sonho da casa pr\u00f3pria, t\u00e3o comum entre os brasileiro, e tamb\u00e9m o Instituto Concei\u00e7\u00e3o Moura, que leva o nome de uma das criadoras da marca e estimula o empreendedorismo em Belo Horizonte.<\/p>\n\n\n\n<p>O Grupo Moura tem valores muito importantes, os quais ajudaram a promover todo o sucesso conferido \u00e0 empresa. Entre eles destacam-se a persist\u00eancia, a integridade, o respeito aos clientes, a sustentabilidade, a inova\u00e7\u00e3o, e tamb\u00e9m o conhecimento de pessoas.&nbsp; \u00c9 imprescind\u00edvel que esses preceitos, os quais levaram a empresa a atingir grandes objetivos, sejam seguidos por seus colaboradores.&nbsp;<\/p>\n\n\n\n<p>As pessoas que tenham interesse de concorrer a uma das vagas no quadro de funcion\u00e1rios do grupo se enquadrem nos requisitos determinados, de acordo com a oportunidade. Por exemplo, um Consultor de Precifica\u00e7\u00e3o precisa ter conhecimento avan\u00e7ado em Excel&nbsp; e Power BI, al\u00e9m de experi\u00eancia pr\u00e9via m\u00ednima de 2 anos na \u00e1rea de precifica\u00e7\u00e3o.<\/p>\n\n\n\n<p>A empresa disponibiliza benef\u00edcios para seus contratados, e eles podem variar, sendo oferecidos ou n\u00e3o, de acordo com o cargo de escolha. Pode ser participa\u00e7\u00e3o nos resultados, vale transporte, seguro de vida, assist\u00eancia odontol\u00f3gica e m\u00e9dica, vale alimenta\u00e7\u00e3o, vale refei\u00e7\u00e3o ou refeit\u00f3rio.<\/p>\n\n\n\n<p>Veja vagas que podem ser ofertadas no Grupo Moura:<\/p>\n\n\n\n<ul class=\"wp-block-list\">\n<li>Analista cont\u00e1bil<\/li>\n\n\n\n<li>Analista de com\u00e9rcio exterior<\/li>\n\n\n\n<li>Analista de desenvolvimento organizacional<\/li>\n\n\n\n<li>Assistente t\u00e9cnico<\/li>\n\n\n\n<li>Analista de engenharia de processo<\/li>\n\n\n\n<li>Analista de marketing<\/li>\n\n\n\n<li>Auxiliar t\u00e9cnico<\/li>\n\n\n\n<li>Auxiliar t\u00e9cnico de bateria<\/li>\n\n\n\n<li>Banco de talentos &#8211; motorista de caminh\u00e3o<\/li>\n\n\n\n<li>Consultor de projetos<\/li>\n\n\n\n<li>Consultor de precifica\u00e7\u00e3o<\/li>\n\n\n\n<li>Banco de talentos &#8211; oportunidades para pessoas com defici\u00eancia&nbsp;<\/li>\n\n\n\n<li>Consultor de neg\u00f3cios<\/li>\n\n\n\n<li>Consultor comercial<\/li>\n\n\n\n<li>Desenvolvedor WEB &#8211; Pleno<\/li>\n\n\n\n<li>Estagi\u00e1rio administrativo<\/li>\n\n\n\n<li>Estagi\u00e1rio comercial<\/li>\n\n\n\n<li>Estagi\u00e1rio de mec\u00e2nica<\/li>\n\n\n\n<li>Supervisor cont\u00e1bil<\/li>\n\n\n\n<li>T\u00e9cnico em instala\u00e7\u00e3o&nbsp;<\/li>\n\n\n\n<li>Vendedor externo<\/li>\n\n\n\n<li>Supervisor de sistemas de automa\u00e7\u00e3o<\/li>\n<\/ul>\n\n\n\n<h3 class=\"wp-block-heading\">Como se candidatar<\/h3>\n\n\n\n<p>Os profissionais que est\u00e3o alinhados com todos as exig\u00eancias postas pela empresa para preenchimento do cargo de escolha, podem acessar a p\u00e1gina disponibilizada para cadastro de curr\u00edculos:<\/p>\n\n\n\n<ul class=\"wp-block-list\">\n<li><a href=\"https:\/\/grupomoura.gupy.io\/eyJzb3VyY2UiOiJndXB5X3BvcnRhbCJ9\">Grupo Moura na Gupy<\/a><\/li>\n<\/ul>\n\n\n\n<p><strong>Veja tamb\u00e9m: <a href=\"https:\/\/www.vagadeempregorj.com.br\/ar\/web-stories\/vagas-de-emprego-na-cielo-2\/\">Vagas de emprego na Cielo<\/a><\/strong><\/p>\n\n\n\n<h2 class=\"wp-block-heading\">Saiba mais sobre o Grupo Moura<\/h2>\n\n\n\n<p>O Grupo Moura tem hist\u00f3ria, objetivo e determina\u00e7\u00e3o, elementos indispens\u00e1veis para uma marca de sucesso h\u00e1 tantos anos. Seus funcion\u00e1rios reconhecem toda essa qualidade, pois a empresa foi certificada como um \u00f3timo lugar para se trabalhar, pela Great Place to Work (GPTW), a qual usa o julgamento dos profissionais do grupo para conceder o selo.<\/p>\n\n\n\n<p>A marca possui quatro f\u00e1bricas espalhadas pelo Brasil, as quais exportam seus produtos para todo o pa\u00eds e o Mercosul. Vale lembrar que o carro-chefe da empresa s\u00e3o as Baterias Moura, muito populares em todo o territ\u00f3rio nacional.&nbsp;<\/p>","protected":false},"excerpt":{"rendered":"<p>Atualizado em Os Empregos Grupo Moura fazem parte da mudan\u00e7a de vida de diversos brasileiros e suas fam\u00edlias. Isso se d\u00e1 devido \u00e0s chances proporcionadas pela empresa, por meio de suas ofertas de empregos, as quais promovem o ingresso de jovens e adultos no mercado de trabalho, com sal\u00e1rios adequados e um bom ambiente de&hellip;&nbsp;<\/p>","protected":false},"author":16,"featured_media":35517,"comment_status":"open","ping_status":"closed","sticky":false,"template":"","format":"standard","meta":{"neve_meta_sidebar":"","neve_meta_container":"","neve_meta_enable_content_width":"","neve_meta_content_width":0,"neve_meta_title_alignment":"","neve_meta_author_avatar":"","neve_post_elements_order":"","neve_meta_disable_header":"","neve_meta_disable_footer":"","neve_meta_disable_title":"","footnotes":""},"categories":[123],"tags":[617,608,211],"class_list":["post-35508","post","type-post","status-publish","format-standard","has-post-thumbnail","hentry","category-vagas-de-emprego-nacionais","tag-grupo-moura","tag-oportunidades","tag-vagas-de-emprego"],"yoast_head":"<!-- This site is optimized with the Yoast SEO plugin v27.5 - https:\/\/yoast.com\/product\/yoast-seo-wordpress\/ -->\n<title>Vendedor Externo, Motorista de Caminh\u00e3o, Auxiliar T\u00e9cnico, Consultores, Est\u00e1gios, Analistas e muito mais na Empresa Grupo Moura<\/title>\n<meta name=\"description\" content=\"Veja em Vagas de Emprego RJ as vagas de emprego com e sem experi\u00eancia no seu Estado e Regi\u00e3o!\" \/>\n<meta name=\"robots\" content=\"index, follow, max-snippet:-1, max-image-preview:large, max-video-preview:-1\" \/>\n<link rel=\"canonical\" href=\"https:\/\/www.vagadeempregorj.com.br\/ar\/empregos-grupo-moura\/\" \/>\n<meta property=\"og:locale\" content=\"ar_AR\" \/>\n<meta property=\"og:type\" content=\"article\" \/>\n<meta property=\"og:title\" content=\"Vendedor Externo, Motorista de Caminh\u00e3o, Auxiliar T\u00e9cnico, Consultores, Est\u00e1gios, Analistas e muito mais na Empresa Grupo Moura\" \/>\n<meta property=\"og:description\" content=\"Veja em Vagas de Emprego RJ as vagas de emprego com e sem experi\u00eancia no seu Estado e Regi\u00e3o!\" \/>\n<meta property=\"og:url\" content=\"https:\/\/www.vagadeempregorj.com.br\/ar\/empregos-grupo-moura\/\" \/>\n<meta property=\"article:publisher\" content=\"https:\/\/www.facebook.com\/empregobrasiloficial\" \/>\n<meta property=\"article:published_time\" content=\"2023-10-04T03:03:00+00:00\" \/>\n<meta property=\"og:image\" content=\"https:\/\/www.vagadeempregorj.com.br\/wp-content\/uploads\/2022\/10\/Empregos-Grupo-Moura.jpg\" \/>\n\t<meta property=\"og:image:width\" content=\"1200\" \/>\n\t<meta property=\"og:image:height\" content=\"630\" \/>\n\t<meta property=\"og:image:type\" content=\"image\/jpeg\" \/>\n<meta name=\"author\" content=\"Michele\" \/>\n<meta name=\"twitter:card\" content=\"summary_large_image\" \/>\n<meta name=\"twitter:label1\" content=\"\u0643\u064f\u062a\u0628 \u0628\u0648\u0627\u0633\u0637\u0629\" \/>\n\t<meta name=\"twitter:data1\" content=\"Michele\" \/>\n\t<meta name=\"twitter:label2\" content=\"\u0648\u0642\u062a \u0627\u0644\u0642\u0631\u0627\u0621\u0629 \u0627\u0644\u0645\u064f\u0642\u062f\u0651\u0631\" \/>\n\t<meta name=\"twitter:data2\" content=\"3 \u062f\u0642\u0627\u0626\u0642\" \/>\n<script type=\"application\/ld+json\" class=\"yoast-schema-graph\">{\"@context\":\"https:\\\/\\\/schema.org\",\"@graph\":[{\"@type\":\"Article\",\"@id\":\"https:\\\/\\\/www.vagadeempregorj.com.br\\\/empregos-grupo-moura\\\/#article\",\"isPartOf\":{\"@id\":\"https:\\\/\\\/www.vagadeempregorj.com.br\\\/empregos-grupo-moura\\\/\"},\"author\":{\"name\":\"Michele\",\"@id\":\"https:\\\/\\\/www.vagadeempregorj.com.br\\\/#\\\/schema\\\/person\\\/3ddb19fa0539706786e502152f3aae95\"},\"headline\":\"Vendedor Externo, Motorista de Caminh\u00e3o, Auxiliar T\u00e9cnico, Consultores, Est\u00e1gios, Analistas e muito mais na Empresa Grupo Moura\",\"datePublished\":\"2023-10-04T03:03:00+00:00\",\"mainEntityOfPage\":{\"@id\":\"https:\\\/\\\/www.vagadeempregorj.com.br\\\/empregos-grupo-moura\\\/\"},\"wordCount\":641,\"commentCount\":0,\"image\":{\"@id\":\"https:\\\/\\\/www.vagadeempregorj.com.br\\\/empregos-grupo-moura\\\/#primaryimage\"},\"thumbnailUrl\":\"https:\\\/\\\/www.vagadeempregorj.com.br\\\/wp-content\\\/uploads\\\/2022\\\/10\\\/Empregos-Grupo-Moura.jpg\",\"keywords\":[\"Grupo Moura\",\"oportunidades\",\"vagas de emprego\"],\"articleSection\":[\"Vagas de Emprego Nacionais\"],\"inLanguage\":\"ar\",\"potentialAction\":[{\"@type\":\"CommentAction\",\"name\":\"Comment\",\"target\":[\"https:\\\/\\\/www.vagadeempregorj.com.br\\\/empregos-grupo-moura\\\/#respond\"]}]},{\"@type\":\"WebPage\",\"@id\":\"https:\\\/\\\/www.vagadeempregorj.com.br\\\/empregos-grupo-moura\\\/\",\"url\":\"https:\\\/\\\/www.vagadeempregorj.com.br\\\/empregos-grupo-moura\\\/\",\"name\":\"Vendedor Externo, Motorista de Caminh\u00e3o, Auxiliar T\u00e9cnico, Consultores, Est\u00e1gios, Analistas e muito mais na Empresa Grupo Moura\",\"isPartOf\":{\"@id\":\"https:\\\/\\\/www.vagadeempregorj.com.br\\\/#website\"},\"primaryImageOfPage\":{\"@id\":\"https:\\\/\\\/www.vagadeempregorj.com.br\\\/empregos-grupo-moura\\\/#primaryimage\"},\"image\":{\"@id\":\"https:\\\/\\\/www.vagadeempregorj.com.br\\\/empregos-grupo-moura\\\/#primaryimage\"},\"thumbnailUrl\":\"https:\\\/\\\/www.vagadeempregorj.com.br\\\/wp-content\\\/uploads\\\/2022\\\/10\\\/Empregos-Grupo-Moura.jpg\",\"datePublished\":\"2023-10-04T03:03:00+00:00\",\"author\":{\"@id\":\"https:\\\/\\\/www.vagadeempregorj.com.br\\\/#\\\/schema\\\/person\\\/3ddb19fa0539706786e502152f3aae95\"},\"description\":\"Veja em Vagas de Emprego RJ as vagas de emprego com e sem experi\u00eancia no seu Estado e Regi\u00e3o!\",\"breadcrumb\":{\"@id\":\"https:\\\/\\\/www.vagadeempregorj.com.br\\\/empregos-grupo-moura\\\/#breadcrumb\"},\"inLanguage\":\"ar\",\"potentialAction\":[{\"@type\":\"ReadAction\",\"target\":[\"https:\\\/\\\/www.vagadeempregorj.com.br\\\/empregos-grupo-moura\\\/\"]}]},{\"@type\":\"ImageObject\",\"inLanguage\":\"ar\",\"@id\":\"https:\\\/\\\/www.vagadeempregorj.com.br\\\/empregos-grupo-moura\\\/#primaryimage\",\"url\":\"https:\\\/\\\/www.vagadeempregorj.com.br\\\/wp-content\\\/uploads\\\/2022\\\/10\\\/Empregos-Grupo-Moura.jpg\",\"contentUrl\":\"https:\\\/\\\/www.vagadeempregorj.com.br\\\/wp-content\\\/uploads\\\/2022\\\/10\\\/Empregos-Grupo-Moura.jpg\",\"width\":1200,\"height\":630,\"caption\":\"Imagem: Grupo Moura - Reprodu\u00e7\u00e3o\"},{\"@type\":\"BreadcrumbList\",\"@id\":\"https:\\\/\\\/www.vagadeempregorj.com.br\\\/empregos-grupo-moura\\\/#breadcrumb\",\"itemListElement\":[{\"@type\":\"ListItem\",\"position\":1,\"name\":\"In\u00edcio\",\"item\":\"https:\\\/\\\/www.vagadeempregorj.com.br\\\/\"},{\"@type\":\"ListItem\",\"position\":2,\"name\":\"Vagas de Emprego Nacionais\",\"item\":\"https:\\\/\\\/www.vagadeempregorj.com.br\\\/vagas-de-emprego-nacionais\\\/\"},{\"@type\":\"ListItem\",\"position\":3,\"name\":\"Vendedor Externo, Motorista de Caminh\u00e3o, Auxiliar T\u00e9cnico, Consultores, Est\u00e1gios, Analistas e muito mais na Empresa Grupo Moura\"}]},{\"@type\":\"WebSite\",\"@id\":\"https:\\\/\\\/www.vagadeempregorj.com.br\\\/#website\",\"url\":\"https:\\\/\\\/www.vagadeempregorj.com.br\\\/\",\"name\":\"\",\"description\":\"Conquiste Sonhos: Vagas, Benef\u00edcios e Economia para Transformar Vidas e Alcan\u00e7ar Melhorias Cotidianas\",\"potentialAction\":[{\"@type\":\"SearchAction\",\"target\":{\"@type\":\"EntryPoint\",\"urlTemplate\":\"https:\\\/\\\/www.vagadeempregorj.com.br\\\/?s={search_term_string}\"},\"query-input\":{\"@type\":\"PropertyValueSpecification\",\"valueRequired\":true,\"valueName\":\"search_term_string\"}}],\"inLanguage\":\"ar\"},{\"@type\":\"Person\",\"@id\":\"https:\\\/\\\/www.vagadeempregorj.com.br\\\/#\\\/schema\\\/person\\\/3ddb19fa0539706786e502152f3aae95\",\"name\":\"Michele\",\"image\":{\"@type\":\"ImageObject\",\"inLanguage\":\"ar\",\"@id\":\"https:\\\/\\\/secure.gravatar.com\\\/avatar\\\/6b0eb9d22841282815e2cd856a0061c45e1761cd54b22e952d98c4746939aa85?s=96&r=g\",\"url\":\"https:\\\/\\\/secure.gravatar.com\\\/avatar\\\/6b0eb9d22841282815e2cd856a0061c45e1761cd54b22e952d98c4746939aa85?s=96&r=g\",\"contentUrl\":\"https:\\\/\\\/secure.gravatar.com\\\/avatar\\\/6b0eb9d22841282815e2cd856a0061c45e1761cd54b22e952d98c4746939aa85?s=96&r=g\",\"caption\":\"Michele\"},\"description\":\"Formada em Letras - Portugu\u00eas\\\/ Ingl\u00eas, e idealizadora do site Escritora de Sucesso, busca expandir o conhecimento de todos com informa\u00e7\u00f5es relevantes sobre diversos assuntos, enquanto redatora. No Vaga de Emprego RJ, traz oportunidades e dicas sobre o mercado de trabalho.\",\"url\":\"https:\\\/\\\/www.vagadeempregorj.com.br\\\/ar\\\/author\\\/michele\\\/\"}]}<\/script>\n<!-- \/ Yoast SEO plugin. -->","yoast_head_json":{"title":"Vendedor Externo, Motorista de Caminh\u00e3o, Auxiliar T\u00e9cnico, Consultores, Est\u00e1gios, Analistas e muito mais na Empresa Grupo Moura","description":"Veja em Vagas de Emprego RJ as vagas de emprego com e sem experi\u00eancia no seu Estado e Regi\u00e3o!","robots":{"index":"index","follow":"follow","max-snippet":"max-snippet:-1","max-image-preview":"max-image-preview:large","max-video-preview":"max-video-preview:-1"},"canonical":"https:\/\/www.vagadeempregorj.com.br\/ar\/empregos-grupo-moura\/","og_locale":"ar_AR","og_type":"article","og_title":"Vendedor Externo, Motorista de Caminh\u00e3o, Auxiliar T\u00e9cnico, Consultores, Est\u00e1gios, Analistas e muito mais na Empresa Grupo Moura","og_description":"Veja em Vagas de Emprego RJ as vagas de emprego com e sem experi\u00eancia no seu Estado e Regi\u00e3o!","og_url":"https:\/\/www.vagadeempregorj.com.br\/ar\/empregos-grupo-moura\/","article_publisher":"https:\/\/www.facebook.com\/empregobrasiloficial","article_published_time":"2023-10-04T03:03:00+00:00","og_image":[{"width":1200,"height":630,"url":"https:\/\/www.vagadeempregorj.com.br\/wp-content\/uploads\/2022\/10\/Empregos-Grupo-Moura.jpg","type":"image\/jpeg"}],"author":"Michele","twitter_card":"summary_large_image","twitter_misc":{"\u0643\u064f\u062a\u0628 \u0628\u0648\u0627\u0633\u0637\u0629":"Michele","\u0648\u0642\u062a \u0627\u0644\u0642\u0631\u0627\u0621\u0629 \u0627\u0644\u0645\u064f\u0642\u062f\u0651\u0631":"3 \u062f\u0642\u0627\u0626\u0642"},"schema":{"@context":"https:\/\/schema.org","@graph":[{"@type":"Article","@id":"https:\/\/www.vagadeempregorj.com.br\/empregos-grupo-moura\/#article","isPartOf":{"@id":"https:\/\/www.vagadeempregorj.com.br\/empregos-grupo-moura\/"},"author":{"name":"Michele","@id":"https:\/\/www.vagadeempregorj.com.br\/#\/schema\/person\/3ddb19fa0539706786e502152f3aae95"},"headline":"Vendedor Externo, Motorista de Caminh\u00e3o, Auxiliar T\u00e9cnico, Consultores, Est\u00e1gios, Analistas e muito mais na Empresa Grupo Moura","datePublished":"2023-10-04T03:03:00+00:00","mainEntityOfPage":{"@id":"https:\/\/www.vagadeempregorj.com.br\/empregos-grupo-moura\/"},"wordCount":641,"commentCount":0,"image":{"@id":"https:\/\/www.vagadeempregorj.com.br\/empregos-grupo-moura\/#primaryimage"},"thumbnailUrl":"https:\/\/www.vagadeempregorj.com.br\/wp-content\/uploads\/2022\/10\/Empregos-Grupo-Moura.jpg","keywords":["Grupo Moura","oportunidades","vagas de emprego"],"articleSection":["Vagas de Emprego Nacionais"],"inLanguage":"ar","potentialAction":[{"@type":"CommentAction","name":"Comment","target":["https:\/\/www.vagadeempregorj.com.br\/empregos-grupo-moura\/#respond"]}]},{"@type":"WebPage","@id":"https:\/\/www.vagadeempregorj.com.br\/empregos-grupo-moura\/","url":"https:\/\/www.vagadeempregorj.com.br\/empregos-grupo-moura\/","name":"Vendedor Externo, Motorista de Caminh\u00e3o, Auxiliar T\u00e9cnico, Consultores, Est\u00e1gios, Analistas e muito mais na Empresa Grupo Moura","isPartOf":{"@id":"https:\/\/www.vagadeempregorj.com.br\/#website"},"primaryImageOfPage":{"@id":"https:\/\/www.vagadeempregorj.com.br\/empregos-grupo-moura\/#primaryimage"},"image":{"@id":"https:\/\/www.vagadeempregorj.com.br\/empregos-grupo-moura\/#primaryimage"},"thumbnailUrl":"https:\/\/www.vagadeempregorj.com.br\/wp-content\/uploads\/2022\/10\/Empregos-Grupo-Moura.jpg","datePublished":"2023-10-04T03:03:00+00:00","author":{"@id":"https:\/\/www.vagadeempregorj.com.br\/#\/schema\/person\/3ddb19fa0539706786e502152f3aae95"},"description":"Veja em Vagas de Emprego RJ as vagas de emprego com e sem experi\u00eancia no seu Estado e Regi\u00e3o!","breadcrumb":{"@id":"https:\/\/www.vagadeempregorj.com.br\/empregos-grupo-moura\/#breadcrumb"},"inLanguage":"ar","potentialAction":[{"@type":"ReadAction","target":["https:\/\/www.vagadeempregorj.com.br\/empregos-grupo-moura\/"]}]},{"@type":"ImageObject","inLanguage":"ar","@id":"https:\/\/www.vagadeempregorj.com.br\/empregos-grupo-moura\/#primaryimage","url":"https:\/\/www.vagadeempregorj.com.br\/wp-content\/uploads\/2022\/10\/Empregos-Grupo-Moura.jpg","contentUrl":"https:\/\/www.vagadeempregorj.com.br\/wp-content\/uploads\/2022\/10\/Empregos-Grupo-Moura.jpg","width":1200,"height":630,"caption":"Imagem: Grupo Moura - Reprodu\u00e7\u00e3o"},{"@type":"BreadcrumbList","@id":"https:\/\/www.vagadeempregorj.com.br\/empregos-grupo-moura\/#breadcrumb","itemListElement":[{"@type":"ListItem","position":1,"name":"In\u00edcio","item":"https:\/\/www.vagadeempregorj.com.br\/"},{"@type":"ListItem","position":2,"name":"Vagas de Emprego Nacionais","item":"https:\/\/www.vagadeempregorj.com.br\/vagas-de-emprego-nacionais\/"},{"@type":"ListItem","position":3,"name":"Vendedor Externo, Motorista de Caminh\u00e3o, Auxiliar T\u00e9cnico, Consultores, Est\u00e1gios, Analistas e muito mais na Empresa Grupo Moura"}]},{"@type":"WebSite","@id":"https:\/\/www.vagadeempregorj.com.br\/#website","url":"https:\/\/www.vagadeempregorj.com.br\/","name":"","description":"\u062a\u062d\u0642\u064a\u0642 \u0627\u0644\u0623\u062d\u0644\u0627\u0645: \u0641\u0631\u0635 \u0639\u0645\u0644\u060c \u0645\u0632\u0627\u064a\u0627\u060c \u0648\u062a\u0648\u0641\u064a\u0631\u0627\u062a \u0644\u062a\u063a\u064a\u064a\u0631 \u0627\u0644\u062d\u064a\u0627\u0629 \u0648\u062a\u062d\u0642\u064a\u0642 \u062a\u062d\u0633\u064a\u0646\u0627\u062a \u064a\u0648\u0645\u064a\u0629","potentialAction":[{"@type":"SearchAction","target":{"@type":"EntryPoint","urlTemplate":"https:\/\/www.vagadeempregorj.com.br\/?s={search_term_string}"},"query-input":{"@type":"PropertyValueSpecification","valueRequired":true,"valueName":"search_term_string"}}],"inLanguage":"ar"},{"@type":"Person","@id":"https:\/\/www.vagadeempregorj.com.br\/#\/schema\/person\/3ddb19fa0539706786e502152f3aae95","name":"Michele","image":{"@type":"ImageObject","inLanguage":"ar","@id":"https:\/\/secure.gravatar.com\/avatar\/6b0eb9d22841282815e2cd856a0061c45e1761cd54b22e952d98c4746939aa85?s=96&r=g","url":"https:\/\/secure.gravatar.com\/avatar\/6b0eb9d22841282815e2cd856a0061c45e1761cd54b22e952d98c4746939aa85?s=96&r=g","contentUrl":"https:\/\/secure.gravatar.com\/avatar\/6b0eb9d22841282815e2cd856a0061c45e1761cd54b22e952d98c4746939aa85?s=96&r=g","caption":"Michele"},"description":"Formada em Letras - Portugu\u00eas\/ Ingl\u00eas, e idealizadora do site Escritora de Sucesso, busca expandir o conhecimento de todos com informa\u00e7\u00f5es relevantes sobre diversos assuntos, enquanto redatora. No Vaga de Emprego RJ, traz oportunidades e dicas sobre o mercado de trabalho.","url":"https:\/\/www.vagadeempregorj.com.br\/ar\/author\/michele\/"}]}},"_links":{"self":[{"href":"https:\/\/www.vagadeempregorj.com.br\/ar\/wp-json\/wp\/v2\/posts\/35508","targetHints":{"allow":["GET"]}}],"collection":[{"href":"https:\/\/www.vagadeempregorj.com.br\/ar\/wp-json\/wp\/v2\/posts"}],"about":[{"href":"https:\/\/www.vagadeempregorj.com.br\/ar\/wp-json\/wp\/v2\/types\/post"}],"author":[{"embeddable":true,"href":"https:\/\/www.vagadeempregorj.com.br\/ar\/wp-json\/wp\/v2\/users\/16"}],"replies":[{"embeddable":true,"href":"https:\/\/www.vagadeempregorj.com.br\/ar\/wp-json\/wp\/v2\/comments?post=35508"}],"version-history":[{"count":0,"href":"https:\/\/www.vagadeempregorj.com.br\/ar\/wp-json\/wp\/v2\/posts\/35508\/revisions"}],"wp:featuredmedia":[{"embeddable":true,"href":"https:\/\/www.vagadeempregorj.com.br\/ar\/wp-json\/wp\/v2\/media\/35517"}],"wp:attachment":[{"href":"https:\/\/www.vagadeempregorj.com.br\/ar\/wp-json\/wp\/v2\/media?parent=35508"}],"wp:term":[{"taxonomy":"category","embeddable":true,"href":"https:\/\/www.vagadeempregorj.com.br\/ar\/wp-json\/wp\/v2\/categories?post=35508"},{"taxonomy":"post_tag","embeddable":true,"href":"https:\/\/www.vagadeempregorj.com.br\/ar\/wp-json\/wp\/v2\/tags?post=35508"}],"curies":[{"name":"wp","href":"https:\/\/api.w.org\/{rel}","templated":true}]}}