{"id":35510,"date":"2023-09-20T00:02:00","date_gmt":"2023-09-20T03:02:00","guid":{"rendered":"https:\/\/www.vagadeempregorj.com.br\/?p=35510"},"modified":"2023-09-19T17:38:53","modified_gmt":"2023-09-19T20:38:53","slug":"empregos-estacio","status":"publish","type":"post","link":"https:\/\/www.vagadeempregorj.com.br\/ar\/empregos-estacio\/","title":{"rendered":"Auxiliar Administrativo, Auxiliar de Manuten\u00e7\u00e3o Predial, Aprendiz, Consultores, Analistas e muito mais na Empresa Est\u00e1cio"},"content":{"rendered":"<p>Atualizado em<\/p>\n\n\n<div class=\"wp-block-post-date\"><time datetime=\"2023-09-20T00:02:00-03:00\">20\/09\/2023<\/time><\/div>\n\n\n<p>Os <strong>Empregos Est\u00e1cio <\/strong>representam uma mudan\u00e7a de vida para muitas pessoas. Isso porque eles proporcionam a volta de cidad\u00e3os ao mercado de trabalho, os quais n\u00e3o conseguiam uma chance h\u00e1 algum tempo. Al\u00e9m disso, tamb\u00e9m garantem a primeira oportunidade&nbsp; de jovens, que acabaram de se formar na gradua\u00e7\u00e3o ou curso t\u00e9cnico, na sua \u00e1rea, por exemplo. A Est\u00e1cio tem experi\u00eancia em transformar situa\u00e7\u00f5es, j\u00e1 que h\u00e1 mais de 50 anos promove a realiza\u00e7\u00e3o dos sonhos de diversos brasileiros, por meio da sua qualifica\u00e7\u00e3o profissional.<\/p>\n\n\n\n<figure class=\"wp-block-image size-full\"><img loading=\"lazy\" decoding=\"async\" width=\"678\" height=\"381\" src=\"https:\/\/www.vagadeempregorj.com.br\/wp-content\/uploads\/2022\/10\/Empregos-Estacio.jpg\" alt=\"Empregos Est\u00e1cio\" class=\"wp-image-35516\" srcset=\"https:\/\/www.vagadeempregorj.com.br\/wp-content\/uploads\/2022\/10\/Empregos-Estacio.jpg 678w, https:\/\/www.vagadeempregorj.com.br\/wp-content\/uploads\/2022\/10\/Empregos-Estacio-300x169.jpg 300w, https:\/\/www.vagadeempregorj.com.br\/wp-content\/uploads\/2022\/10\/Empregos-Estacio-383x215.jpg 383w, https:\/\/www.vagadeempregorj.com.br\/wp-content\/uploads\/2022\/10\/Empregos-Estacio-150x84.jpg 150w\" sizes=\"auto, (max-width: 678px) 100vw, 678px\" \/><figcaption class=\"wp-element-caption\">Imagem: Est\u00e1cio &#8211; Reprodu\u00e7\u00e3o<\/figcaption><\/figure>\n\n\n\n<h2 class=\"wp-block-heading\">Confira oportunidades de Empregos Est\u00e1cio<\/h2>\n\n\n\n<p>A <strong>Est\u00e1cio <\/strong>\u00e9 uma empresa de destaque no \u00e2mbito educacional. Com tantos anos de hist\u00f3ria e presente em todo o pa\u00eds, a Est\u00e1cio oferece cursos de gradua\u00e7\u00e3o, p\u00f3s-gradua\u00e7\u00e3o, e tamb\u00e9m cursos livres. Presencialmente ou online, a institui\u00e7\u00e3o j\u00e1 alterou a posi\u00e7\u00e3o social de muitas pessoas por meio dos estudos. Nesse sentido, tamb\u00e9m pode fazer o mesmo atrav\u00e9s de vagas no seu quadro de profissionais.&nbsp;<\/p>\n\n\n\n<p>A Est\u00e1cio deseja colaboradores determinados, com vontade de aprender e conseguir mais resultados e bastante engajados nos objetivos da marca. Al\u00e9m disso, \u00e9 importante salientar que a empresa valoriza a diversidade e a inclus\u00e3o, assuntos sempre expostos a seus funcion\u00e1rios.<\/p>\n\n\n\n<p>As pessoas que tenham vontade de compor o time Est\u00e1cio, devem estar cientes dos atributos exigidos ao cargo que foi escolhido. Assim, um Assistente de Gente e Gest\u00e3o vai precisar ter conhecimento avan\u00e7ado em Excel e Pacote Office, bem como em Legisla\u00e7\u00e3o Trabalhista.<\/p>\n\n\n\n<p>Conhe\u00e7a algumas oportunidades que podem ser disponibilizadas para o quadro de colaboradores da Est\u00e1cio:<\/p>\n\n\n\n<ul class=\"wp-block-list\">\n<li>Auxiliar administrativo (para sala de matr\u00edcula ou secretaria de alunos)<\/li>\n\n\n\n<li>Consultor comercial<\/li>\n\n\n\n<li>Analista de Gente e Gest\u00e3o<\/li>\n\n\n\n<li>Aprendiz &#8211; auxiliar de escrit\u00f3rio<\/li>\n\n\n\n<li>Banco de Talentos &#8211; Exclusivo para Pessoas com Defici\u00eancia (aprendiz)&nbsp;<\/li>\n\n\n\n<li>Advogado orientador &#8211; Pleno<\/li>\n\n\n\n<li>Respons\u00e1vel NAAP<\/li>\n\n\n\n<li>Auxiliar de manuten\u00e7\u00e3o predial<\/li>\n\n\n\n<li>Auxiliar de TI<\/li>\n\n\n\n<li>Coordenador de relacionamento<\/li>\n\n\n\n<li>Inspetor de alunos<\/li>\n\n\n\n<li>L\u00edder de sala de matr\u00edculas<\/li>\n\n\n\n<li>Professor auxiliar &#8211; proped\u00eautica m\u00e9dica<\/li>\n\n\n\n<li>Tradutor e int\u00e9rprete de L\u00edngua Brasileira de Sinais<\/li>\n\n\n\n<li>Professor (tamb\u00e9m para PCD)<\/li>\n\n\n\n<li>Preceptor &#8211; odontologia<\/li>\n\n\n\n<li>Preceptor &#8211; nutri\u00e7\u00e3o&nbsp; em sa\u00fade coletiva<\/li>\n\n\n\n<li>Coordenador de curso (Biomedicina, Direito, Enfermagem, Engenharia civil, jornalismo, nutri\u00e7\u00e3o, publicidade e psicologia)<\/li>\n<\/ul>\n\n\n\n<h3 class=\"wp-block-heading\">Como se candidatar<\/h3>\n\n\n\n<p>As pessoas que manifestaram interesse de participar da equipe da Est\u00e1cio, e possuem todas as qualifica\u00e7\u00f5es necess\u00e1rias para a vaga desejada, devem acessar a p\u00e1gina destinada ao cadastro de fichas com suas informa\u00e7\u00f5es pessoais e profissionais:<\/p>\n\n\n\n<ul class=\"wp-block-list\">\n<li><a href=\"https:\/\/vempraestacio.gupy.io\/eyJzb3VyY2UiOiJndXB5X3BvcnRhbCJ9\">Est\u00e1cio na Gupy<\/a><\/li>\n<\/ul>\n\n\n\n<p>As etapas do processo seletivo s\u00e3o:&nbsp;<\/p>\n\n\n\n<ul class=\"wp-block-list\">\n<li>Cadastro<\/li>\n\n\n\n<li>Triagem de curr\u00edculos<\/li>\n\n\n\n<li>Entrevista com o time de sele\u00e7\u00e3o e atra\u00e7\u00e3o<\/li>\n\n\n\n<li>Entrevista com o gestor<\/li>\n\n\n\n<li>Contrata\u00e7\u00e3o<\/li>\n<\/ul>\n\n\n\n<p><strong>Veja tamb\u00e9m: <a href=\"https:\/\/www.vagadeempregorj.com.br\/ar\/web-stories\/vagas-de-emprego-na-cielo-2\/\">Vagas de emprego na Cielo<\/a><\/strong><\/p>\n\n\n\n<h2 class=\"wp-block-heading\">Saiba mais sobre a Est\u00e1cio<\/h2>\n\n\n\n<p>A Est\u00e1cio \u00e9, por conseguinte, consolidada como um dos maiores grupos educacionais do pa\u00eds, com suas unidades espalhadas por todos os lugares do Brasil, possibilitando ensino de alta qualidade para milhares de alunos.&nbsp;<\/p>\n\n\n\n<p>A empresa investe nos modelos presenciais e tamb\u00e9m a dist\u00e2ncia (EAD), visando ao alcance do maior n\u00famero de pessoas poss\u00edvel. Al\u00e9m disso, a Est\u00e1cio sabe que uma boa base cultural \u00e9 necess\u00e1ria para todo cidad\u00e3o, e assim criou o \u201cEducar para Transformar\u201d, programa que incentiva projetos nas \u00e1reas de esporte, cidadania, cultura, escola, empreendedorismo e inova\u00e7\u00e3o.<\/p>\n\n\n\n<p>&nbsp;A empresa entende como se deve realizar grandes feitos, e para isso busca colaboradores interessados em fazer o mesmo.&nbsp;<\/p>","protected":false},"excerpt":{"rendered":"<p>Atualizado em Os Empregos Est\u00e1cio representam uma mudan\u00e7a de vida para muitas pessoas. Isso porque eles proporcionam a volta de cidad\u00e3os ao mercado de trabalho, os quais n\u00e3o conseguiam uma chance h\u00e1 algum tempo. Al\u00e9m disso, tamb\u00e9m garantem a primeira oportunidade&nbsp; de jovens, que acabaram de se formar na gradua\u00e7\u00e3o ou curso t\u00e9cnico, na sua&hellip;&nbsp;<\/p>","protected":false},"author":16,"featured_media":35516,"comment_status":"open","ping_status":"closed","sticky":false,"template":"","format":"standard","meta":{"neve_meta_sidebar":"","neve_meta_container":"","neve_meta_enable_content_width":"","neve_meta_content_width":0,"neve_meta_title_alignment":"","neve_meta_author_avatar":"","neve_post_elements_order":"","neve_meta_disable_header":"","neve_meta_disable_footer":"","neve_meta_disable_title":"","footnotes":""},"categories":[123],"tags":[616,608,211],"class_list":["post-35510","post","type-post","status-publish","format-standard","has-post-thumbnail","hentry","category-vagas-de-emprego-nacionais","tag-estacio","tag-oportunidades","tag-vagas-de-emprego"],"yoast_head":"<!-- This site is optimized with the Yoast SEO plugin v27.5 - https:\/\/yoast.com\/product\/yoast-seo-wordpress\/ -->\n<title>Auxiliar Administrativo, Auxiliar de Manuten\u00e7\u00e3o Predial, Aprendiz, Consultores, Analistas e muito mais na Empresa Est\u00e1cio<\/title>\n<meta name=\"description\" content=\"Veja em Vagas de Emprego RJ as vagas de emprego com e sem experi\u00eancia no seu Estado e Regi\u00e3o!\" \/>\n<meta name=\"robots\" content=\"index, follow, max-snippet:-1, max-image-preview:large, max-video-preview:-1\" \/>\n<link rel=\"canonical\" href=\"https:\/\/www.vagadeempregorj.com.br\/ar\/empregos-estacio\/\" \/>\n<meta property=\"og:locale\" content=\"ar_AR\" \/>\n<meta property=\"og:type\" content=\"article\" \/>\n<meta property=\"og:title\" content=\"Auxiliar Administrativo, Auxiliar de Manuten\u00e7\u00e3o Predial, Aprendiz, Consultores, Analistas e muito mais na Empresa Est\u00e1cio\" \/>\n<meta property=\"og:description\" content=\"Veja em Vagas de Emprego RJ as vagas de emprego com e sem experi\u00eancia no seu Estado e Regi\u00e3o!\" \/>\n<meta property=\"og:url\" content=\"https:\/\/www.vagadeempregorj.com.br\/ar\/empregos-estacio\/\" \/>\n<meta property=\"article:publisher\" content=\"https:\/\/www.facebook.com\/empregobrasiloficial\" \/>\n<meta property=\"article:published_time\" content=\"2023-09-20T03:02:00+00:00\" \/>\n<meta property=\"og:image\" content=\"https:\/\/www.vagadeempregorj.com.br\/wp-content\/uploads\/2022\/10\/Empregos-Estacio.jpg\" \/>\n\t<meta property=\"og:image:width\" content=\"678\" \/>\n\t<meta property=\"og:image:height\" content=\"381\" \/>\n\t<meta property=\"og:image:type\" content=\"image\/jpeg\" \/>\n<meta name=\"author\" content=\"Michele\" \/>\n<meta name=\"twitter:card\" content=\"summary_large_image\" \/>\n<meta name=\"twitter:label1\" content=\"Written by\" \/>\n\t<meta name=\"twitter:data1\" content=\"Michele\" \/>\n\t<meta name=\"twitter:label2\" content=\"Est. reading time\" \/>\n\t<meta name=\"twitter:data2\" content=\"3 \u062f\u0642\u0627\u0626\u0642\" \/>\n<script type=\"application\/ld+json\" class=\"yoast-schema-graph\">{\"@context\":\"https:\\\/\\\/schema.org\",\"@graph\":[{\"@type\":\"Article\",\"@id\":\"https:\\\/\\\/www.vagadeempregorj.com.br\\\/empregos-estacio\\\/#article\",\"isPartOf\":{\"@id\":\"https:\\\/\\\/www.vagadeempregorj.com.br\\\/empregos-estacio\\\/\"},\"author\":{\"name\":\"Michele\",\"@id\":\"https:\\\/\\\/www.vagadeempregorj.com.br\\\/#\\\/schema\\\/person\\\/3ddb19fa0539706786e502152f3aae95\"},\"headline\":\"Auxiliar Administrativo, Auxiliar de Manuten\u00e7\u00e3o Predial, Aprendiz, Consultores, Analistas e muito mais na Empresa Est\u00e1cio\",\"datePublished\":\"2023-09-20T03:02:00+00:00\",\"mainEntityOfPage\":{\"@id\":\"https:\\\/\\\/www.vagadeempregorj.com.br\\\/empregos-estacio\\\/\"},\"wordCount\":634,\"commentCount\":0,\"image\":{\"@id\":\"https:\\\/\\\/www.vagadeempregorj.com.br\\\/empregos-estacio\\\/#primaryimage\"},\"thumbnailUrl\":\"https:\\\/\\\/www.vagadeempregorj.com.br\\\/wp-content\\\/uploads\\\/2022\\\/10\\\/Empregos-Estacio.jpg\",\"keywords\":[\"Est\u00e1cio\",\"oportunidades\",\"vagas de emprego\"],\"articleSection\":[\"Vagas de Emprego Nacionais\"],\"inLanguage\":\"ar\",\"potentialAction\":[{\"@type\":\"CommentAction\",\"name\":\"Comment\",\"target\":[\"https:\\\/\\\/www.vagadeempregorj.com.br\\\/empregos-estacio\\\/#respond\"]}]},{\"@type\":\"WebPage\",\"@id\":\"https:\\\/\\\/www.vagadeempregorj.com.br\\\/empregos-estacio\\\/\",\"url\":\"https:\\\/\\\/www.vagadeempregorj.com.br\\\/empregos-estacio\\\/\",\"name\":\"Auxiliar Administrativo, Auxiliar de Manuten\u00e7\u00e3o Predial, Aprendiz, Consultores, Analistas e muito mais na Empresa Est\u00e1cio\",\"isPartOf\":{\"@id\":\"https:\\\/\\\/www.vagadeempregorj.com.br\\\/#website\"},\"primaryImageOfPage\":{\"@id\":\"https:\\\/\\\/www.vagadeempregorj.com.br\\\/empregos-estacio\\\/#primaryimage\"},\"image\":{\"@id\":\"https:\\\/\\\/www.vagadeempregorj.com.br\\\/empregos-estacio\\\/#primaryimage\"},\"thumbnailUrl\":\"https:\\\/\\\/www.vagadeempregorj.com.br\\\/wp-content\\\/uploads\\\/2022\\\/10\\\/Empregos-Estacio.jpg\",\"datePublished\":\"2023-09-20T03:02:00+00:00\",\"author\":{\"@id\":\"https:\\\/\\\/www.vagadeempregorj.com.br\\\/#\\\/schema\\\/person\\\/3ddb19fa0539706786e502152f3aae95\"},\"description\":\"Veja em Vagas de Emprego RJ as vagas de emprego com e sem experi\u00eancia no seu Estado e Regi\u00e3o!\",\"breadcrumb\":{\"@id\":\"https:\\\/\\\/www.vagadeempregorj.com.br\\\/empregos-estacio\\\/#breadcrumb\"},\"inLanguage\":\"ar\",\"potentialAction\":[{\"@type\":\"ReadAction\",\"target\":[\"https:\\\/\\\/www.vagadeempregorj.com.br\\\/empregos-estacio\\\/\"]}]},{\"@type\":\"ImageObject\",\"inLanguage\":\"ar\",\"@id\":\"https:\\\/\\\/www.vagadeempregorj.com.br\\\/empregos-estacio\\\/#primaryimage\",\"url\":\"https:\\\/\\\/www.vagadeempregorj.com.br\\\/wp-content\\\/uploads\\\/2022\\\/10\\\/Empregos-Estacio.jpg\",\"contentUrl\":\"https:\\\/\\\/www.vagadeempregorj.com.br\\\/wp-content\\\/uploads\\\/2022\\\/10\\\/Empregos-Estacio.jpg\",\"width\":678,\"height\":381,\"caption\":\"Imagem: Est\u00e1cio - Reprodu\u00e7\u00e3o\"},{\"@type\":\"BreadcrumbList\",\"@id\":\"https:\\\/\\\/www.vagadeempregorj.com.br\\\/empregos-estacio\\\/#breadcrumb\",\"itemListElement\":[{\"@type\":\"ListItem\",\"position\":1,\"name\":\"In\u00edcio\",\"item\":\"https:\\\/\\\/www.vagadeempregorj.com.br\\\/\"},{\"@type\":\"ListItem\",\"position\":2,\"name\":\"Vagas de Emprego Nacionais\",\"item\":\"https:\\\/\\\/www.vagadeempregorj.com.br\\\/vagas-de-emprego-nacionais\\\/\"},{\"@type\":\"ListItem\",\"position\":3,\"name\":\"Auxiliar Administrativo, Auxiliar de Manuten\u00e7\u00e3o Predial, Aprendiz, Consultores, Analistas e muito mais na Empresa Est\u00e1cio\"}]},{\"@type\":\"WebSite\",\"@id\":\"https:\\\/\\\/www.vagadeempregorj.com.br\\\/#website\",\"url\":\"https:\\\/\\\/www.vagadeempregorj.com.br\\\/\",\"name\":\"\",\"description\":\"Conquiste Sonhos: Vagas, Benef\u00edcios e Economia para Transformar Vidas e Alcan\u00e7ar Melhorias Cotidianas\",\"potentialAction\":[{\"@type\":\"SearchAction\",\"target\":{\"@type\":\"EntryPoint\",\"urlTemplate\":\"https:\\\/\\\/www.vagadeempregorj.com.br\\\/?s={search_term_string}\"},\"query-input\":{\"@type\":\"PropertyValueSpecification\",\"valueRequired\":true,\"valueName\":\"search_term_string\"}}],\"inLanguage\":\"ar\"},{\"@type\":\"Person\",\"@id\":\"https:\\\/\\\/www.vagadeempregorj.com.br\\\/#\\\/schema\\\/person\\\/3ddb19fa0539706786e502152f3aae95\",\"name\":\"Michele\",\"image\":{\"@type\":\"ImageObject\",\"inLanguage\":\"ar\",\"@id\":\"https:\\\/\\\/secure.gravatar.com\\\/avatar\\\/6b0eb9d22841282815e2cd856a0061c45e1761cd54b22e952d98c4746939aa85?s=96&r=g\",\"url\":\"https:\\\/\\\/secure.gravatar.com\\\/avatar\\\/6b0eb9d22841282815e2cd856a0061c45e1761cd54b22e952d98c4746939aa85?s=96&r=g\",\"contentUrl\":\"https:\\\/\\\/secure.gravatar.com\\\/avatar\\\/6b0eb9d22841282815e2cd856a0061c45e1761cd54b22e952d98c4746939aa85?s=96&r=g\",\"caption\":\"Michele\"},\"description\":\"Formada em Letras - Portugu\u00eas\\\/ Ingl\u00eas, e idealizadora do site Escritora de Sucesso, busca expandir o conhecimento de todos com informa\u00e7\u00f5es relevantes sobre diversos assuntos, enquanto redatora. No Vaga de Emprego RJ, traz oportunidades e dicas sobre o mercado de trabalho.\",\"url\":\"https:\\\/\\\/www.vagadeempregorj.com.br\\\/ar\\\/author\\\/michele\\\/\"}]}<\/script>\n<!-- \/ Yoast SEO plugin. -->","yoast_head_json":{"title":"Auxiliar Administrativo, Auxiliar de Manuten\u00e7\u00e3o Predial, Aprendiz, Consultores, Analistas e muito mais na Empresa Est\u00e1cio","description":"Veja em Vagas de Emprego RJ as vagas de emprego com e sem experi\u00eancia no seu Estado e Regi\u00e3o!","robots":{"index":"index","follow":"follow","max-snippet":"max-snippet:-1","max-image-preview":"max-image-preview:large","max-video-preview":"max-video-preview:-1"},"canonical":"https:\/\/www.vagadeempregorj.com.br\/ar\/empregos-estacio\/","og_locale":"ar_AR","og_type":"article","og_title":"Auxiliar Administrativo, Auxiliar de Manuten\u00e7\u00e3o Predial, Aprendiz, Consultores, Analistas e muito mais na Empresa Est\u00e1cio","og_description":"Veja em Vagas de Emprego RJ as vagas de emprego com e sem experi\u00eancia no seu Estado e Regi\u00e3o!","og_url":"https:\/\/www.vagadeempregorj.com.br\/ar\/empregos-estacio\/","article_publisher":"https:\/\/www.facebook.com\/empregobrasiloficial","article_published_time":"2023-09-20T03:02:00+00:00","og_image":[{"width":678,"height":381,"url":"https:\/\/www.vagadeempregorj.com.br\/wp-content\/uploads\/2022\/10\/Empregos-Estacio.jpg","type":"image\/jpeg"}],"author":"Michele","twitter_card":"summary_large_image","twitter_misc":{"Written by":"Michele","Est. reading time":"3 \u062f\u0642\u0627\u0626\u0642"},"schema":{"@context":"https:\/\/schema.org","@graph":[{"@type":"Article","@id":"https:\/\/www.vagadeempregorj.com.br\/empregos-estacio\/#article","isPartOf":{"@id":"https:\/\/www.vagadeempregorj.com.br\/empregos-estacio\/"},"author":{"name":"Michele","@id":"https:\/\/www.vagadeempregorj.com.br\/#\/schema\/person\/3ddb19fa0539706786e502152f3aae95"},"headline":"Auxiliar Administrativo, Auxiliar de Manuten\u00e7\u00e3o Predial, Aprendiz, Consultores, Analistas e muito mais na Empresa Est\u00e1cio","datePublished":"2023-09-20T03:02:00+00:00","mainEntityOfPage":{"@id":"https:\/\/www.vagadeempregorj.com.br\/empregos-estacio\/"},"wordCount":634,"commentCount":0,"image":{"@id":"https:\/\/www.vagadeempregorj.com.br\/empregos-estacio\/#primaryimage"},"thumbnailUrl":"https:\/\/www.vagadeempregorj.com.br\/wp-content\/uploads\/2022\/10\/Empregos-Estacio.jpg","keywords":["Est\u00e1cio","oportunidades","vagas de emprego"],"articleSection":["Vagas de Emprego Nacionais"],"inLanguage":"ar","potentialAction":[{"@type":"CommentAction","name":"Comment","target":["https:\/\/www.vagadeempregorj.com.br\/empregos-estacio\/#respond"]}]},{"@type":"WebPage","@id":"https:\/\/www.vagadeempregorj.com.br\/empregos-estacio\/","url":"https:\/\/www.vagadeempregorj.com.br\/empregos-estacio\/","name":"Auxiliar Administrativo, Auxiliar de Manuten\u00e7\u00e3o Predial, Aprendiz, Consultores, Analistas e muito mais na Empresa Est\u00e1cio","isPartOf":{"@id":"https:\/\/www.vagadeempregorj.com.br\/#website"},"primaryImageOfPage":{"@id":"https:\/\/www.vagadeempregorj.com.br\/empregos-estacio\/#primaryimage"},"image":{"@id":"https:\/\/www.vagadeempregorj.com.br\/empregos-estacio\/#primaryimage"},"thumbnailUrl":"https:\/\/www.vagadeempregorj.com.br\/wp-content\/uploads\/2022\/10\/Empregos-Estacio.jpg","datePublished":"2023-09-20T03:02:00+00:00","author":{"@id":"https:\/\/www.vagadeempregorj.com.br\/#\/schema\/person\/3ddb19fa0539706786e502152f3aae95"},"description":"Veja em Vagas de Emprego RJ as vagas de emprego com e sem experi\u00eancia no seu Estado e Regi\u00e3o!","breadcrumb":{"@id":"https:\/\/www.vagadeempregorj.com.br\/empregos-estacio\/#breadcrumb"},"inLanguage":"ar","potentialAction":[{"@type":"ReadAction","target":["https:\/\/www.vagadeempregorj.com.br\/empregos-estacio\/"]}]},{"@type":"ImageObject","inLanguage":"ar","@id":"https:\/\/www.vagadeempregorj.com.br\/empregos-estacio\/#primaryimage","url":"https:\/\/www.vagadeempregorj.com.br\/wp-content\/uploads\/2022\/10\/Empregos-Estacio.jpg","contentUrl":"https:\/\/www.vagadeempregorj.com.br\/wp-content\/uploads\/2022\/10\/Empregos-Estacio.jpg","width":678,"height":381,"caption":"Imagem: Est\u00e1cio - Reprodu\u00e7\u00e3o"},{"@type":"BreadcrumbList","@id":"https:\/\/www.vagadeempregorj.com.br\/empregos-estacio\/#breadcrumb","itemListElement":[{"@type":"ListItem","position":1,"name":"In\u00edcio","item":"https:\/\/www.vagadeempregorj.com.br\/"},{"@type":"ListItem","position":2,"name":"Vagas de Emprego Nacionais","item":"https:\/\/www.vagadeempregorj.com.br\/vagas-de-emprego-nacionais\/"},{"@type":"ListItem","position":3,"name":"Auxiliar Administrativo, Auxiliar de Manuten\u00e7\u00e3o Predial, Aprendiz, Consultores, Analistas e muito mais na Empresa Est\u00e1cio"}]},{"@type":"WebSite","@id":"https:\/\/www.vagadeempregorj.com.br\/#website","url":"https:\/\/www.vagadeempregorj.com.br\/","name":"","description":"Conquiste Sonhos: Vagas, Benef\u00edcios e Economia para Transformar Vidas e Alcan\u00e7ar Melhorias Cotidianas","potentialAction":[{"@type":"SearchAction","target":{"@type":"EntryPoint","urlTemplate":"https:\/\/www.vagadeempregorj.com.br\/?s={search_term_string}"},"query-input":{"@type":"PropertyValueSpecification","valueRequired":true,"valueName":"search_term_string"}}],"inLanguage":"ar"},{"@type":"Person","@id":"https:\/\/www.vagadeempregorj.com.br\/#\/schema\/person\/3ddb19fa0539706786e502152f3aae95","name":"Michele","image":{"@type":"ImageObject","inLanguage":"ar","@id":"https:\/\/secure.gravatar.com\/avatar\/6b0eb9d22841282815e2cd856a0061c45e1761cd54b22e952d98c4746939aa85?s=96&r=g","url":"https:\/\/secure.gravatar.com\/avatar\/6b0eb9d22841282815e2cd856a0061c45e1761cd54b22e952d98c4746939aa85?s=96&r=g","contentUrl":"https:\/\/secure.gravatar.com\/avatar\/6b0eb9d22841282815e2cd856a0061c45e1761cd54b22e952d98c4746939aa85?s=96&r=g","caption":"Michele"},"description":"Formada em Letras - Portugu\u00eas\/ Ingl\u00eas, e idealizadora do site Escritora de Sucesso, busca expandir o conhecimento de todos com informa\u00e7\u00f5es relevantes sobre diversos assuntos, enquanto redatora. No Vaga de Emprego RJ, traz oportunidades e dicas sobre o mercado de trabalho.","url":"https:\/\/www.vagadeempregorj.com.br\/ar\/author\/michele\/"}]}},"_links":{"self":[{"href":"https:\/\/www.vagadeempregorj.com.br\/ar\/wp-json\/wp\/v2\/posts\/35510","targetHints":{"allow":["GET"]}}],"collection":[{"href":"https:\/\/www.vagadeempregorj.com.br\/ar\/wp-json\/wp\/v2\/posts"}],"about":[{"href":"https:\/\/www.vagadeempregorj.com.br\/ar\/wp-json\/wp\/v2\/types\/post"}],"author":[{"embeddable":true,"href":"https:\/\/www.vagadeempregorj.com.br\/ar\/wp-json\/wp\/v2\/users\/16"}],"replies":[{"embeddable":true,"href":"https:\/\/www.vagadeempregorj.com.br\/ar\/wp-json\/wp\/v2\/comments?post=35510"}],"version-history":[{"count":0,"href":"https:\/\/www.vagadeempregorj.com.br\/ar\/wp-json\/wp\/v2\/posts\/35510\/revisions"}],"wp:featuredmedia":[{"embeddable":true,"href":"https:\/\/www.vagadeempregorj.com.br\/ar\/wp-json\/wp\/v2\/media\/35516"}],"wp:attachment":[{"href":"https:\/\/www.vagadeempregorj.com.br\/ar\/wp-json\/wp\/v2\/media?parent=35510"}],"wp:term":[{"taxonomy":"category","embeddable":true,"href":"https:\/\/www.vagadeempregorj.com.br\/ar\/wp-json\/wp\/v2\/categories?post=35510"},{"taxonomy":"post_tag","embeddable":true,"href":"https:\/\/www.vagadeempregorj.com.br\/ar\/wp-json\/wp\/v2\/tags?post=35510"}],"curies":[{"name":"wp","href":"https:\/\/api.w.org\/{rel}","templated":true}]}}