{"id":35606,"date":"2023-10-06T00:01:00","date_gmt":"2023-10-06T03:01:00","guid":{"rendered":"https:\/\/www.vagadeempregorj.com.br\/?p=35606"},"modified":"2023-10-09T09:36:34","modified_gmt":"2023-10-09T12:36:34","slug":"empregos-tecban","status":"publish","type":"post","link":"https:\/\/www.vagadeempregorj.com.br\/ar\/empregos-tecban\/","title":{"rendered":"T\u00e9cnico em Opera\u00e7\u00f5es, Monitor de Opera\u00e7\u00f5es, Assistente T\u00e9cnico, Analistas e muito mais na Empresa TecBan"},"content":{"rendered":"<p>Atualizado em<\/p>\n\n\n<div class=\"wp-block-post-date\"><time datetime=\"2023-10-06T00:01:00-03:00\">06\/10\/2023<\/time><\/div>\n\n\n<p>Os <strong>empregos TecBan <\/strong>podem ser considerados como agentes de mudan\u00e7as sociais. Isso se d\u00e1 porque a TecBan oferece diversas vagas para compor o seu quadro de funcion\u00e1rios, o que contribui para o ingresso de muitas pessoas ao mercado de trabalho. Dessa maneira, h\u00e1 40 anos, a empresa coopera para a realiza\u00e7\u00e3o dos sonhos de profissionais que n\u00e3o conseguiam a esperada chance de remunera\u00e7\u00e3o por suas atividades laborais.<\/p>\n\n\n\n<figure class=\"wp-block-image size-large\"><img loading=\"lazy\" decoding=\"async\" width=\"1024\" height=\"597\" src=\"https:\/\/www.vagadeempregorj.com.br\/wp-content\/uploads\/2022\/10\/empregos-tecban-1024x597.png\" alt=\"empregos tecban\" class=\"wp-image-35613\" srcset=\"https:\/\/www.vagadeempregorj.com.br\/wp-content\/uploads\/2022\/10\/empregos-tecban-1024x597.png 1024w, https:\/\/www.vagadeempregorj.com.br\/wp-content\/uploads\/2022\/10\/empregos-tecban-300x175.png 300w, https:\/\/www.vagadeempregorj.com.br\/wp-content\/uploads\/2022\/10\/empregos-tecban-768x448.png 768w, https:\/\/www.vagadeempregorj.com.br\/wp-content\/uploads\/2022\/10\/empregos-tecban-150x88.png 150w, https:\/\/www.vagadeempregorj.com.br\/wp-content\/uploads\/2022\/10\/empregos-tecban.png 1097w\" sizes=\"auto, (max-width: 1024px) 100vw, 1024px\" \/><figcaption class=\"wp-element-caption\">Imagem: TecBan &#8211; Reprodu\u00e7\u00e3o<\/figcaption><\/figure>\n\n\n\n<h2 class=\"wp-block-heading\">Veja oportunidades de empregos TecBan<\/h2>\n\n\n\n<p>A TecBan \u00e9 uma empresa que vende solu\u00e7\u00f5es. Especialista em convergir o f\u00edsico e o digital, mostra-se como um neg\u00f3cio moderno e muito promissor, visto que essa transi\u00e7\u00e3o para a tecnologia \u00e9 inevit\u00e1vel e muito buscada por diversas companhias.&nbsp;<\/p>\n\n\n\n<p>Com a promessa de contribuir para tornar o ecossistema econ\u00f4mico do pa\u00eds mais eficiente, por meio de seus servi\u00e7os, a TecBan precisa de colaboradores que acreditem nos valores da empresa e sejam empenhados em prol do seu progresso. Assim, sabendo que a empresa preza pela paix\u00e3o pelo o que se faz, pelo comprometimento e pela busca cont\u00ednua pela melhoria do que se \u00e9, \u00e9 importante que seus profissionais considerem o mesmo como essencial.&nbsp;<\/p>\n\n\n\n<p>Ademais, faz-se fundamental que os candidatos possuam todas as certifica\u00e7\u00f5es solicitadas para o cargo de interesse. Logo, um Especialista de TI &#8211; III, deve ter conhecimento no desenho de solu\u00e7\u00f5es e pipeline\/deployment de aplica\u00e7\u00f5es, al\u00e9m de experi\u00eancia em administra\u00e7\u00e3o de ambientes Kubernetes, por exemplo. \u00c9 cab\u00edvel, tamb\u00e9m, conferir as atividades que ser\u00e3o realizadas por quem ocupar a vaga em quest\u00e3o.<\/p>\n\n\n\n<p>Conhe\u00e7a as poss\u00edveis oportunidades dispon\u00edveis:<\/p>\n\n\n\n<ul class=\"wp-block-list\">\n<li>Analista administrativo I<\/li>\n\n\n\n<li>Analista de atendimento I<\/li>\n\n\n\n<li>Assistente t\u00e9cnico de opera\u00e7\u00f5es<\/li>\n\n\n\n<li>Analista de planejamento financeiro II<\/li>\n\n\n\n<li>Analista fiscal<\/li>\n\n\n\n<li>Especialista em desenvolvimento de solu\u00e7\u00f5es I &#8211; Arquiteto de neg\u00f3cios&nbsp;<\/li>\n\n\n\n<li>Especialista em seguran\u00e7a de aplica\u00e7\u00f5es &#8211; III<\/li>\n\n\n\n<li>Monitor de opera\u00e7\u00f5es<\/li>\n\n\n\n<li>Especialista TI- III<\/li>\n\n\n\n<li>Banco de talentos &#8211; administrativo\/ financeiro<\/li>\n\n\n\n<li>Especialista de sistema de transfer\u00eancia de rede<\/li>\n\n\n\n<li>Team leader<\/li>\n\n\n\n<li>T\u00e9cnico em opera\u00e7\u00f5es<\/li>\n\n\n\n<li>Especialista desenvolvedor &#8211; Back end<\/li>\n\n\n\n<li>Banco de talentos &#8211; marketing e comunica\u00e7\u00e3o<\/li>\n\n\n\n<li>Banco de talentos &#8211; engenharia<\/li>\n<\/ul>\n\n\n\n<h3 class=\"wp-block-heading\">Como se candidatar<\/h3>\n\n\n\n<p>Os candidatos que desejam participar do time TecBan precisam estar cientes dos requisitos exigidos para a vaga escolhida. Al\u00e9m disso, tamb\u00e9m \u00e9 necess\u00e1rio acessar o site colocado pela empresa para fins de cadastro de informa\u00e7\u00f5es profissionais. Ainda, \u00e9 necess\u00e1rio frisar que h\u00e1 vagas para Pessoas com Defici\u00eancia (PCD), assim como oportunidades para Jovem Aprendiz e estagi\u00e1rios.&nbsp;<\/p>\n\n\n\n<ul class=\"wp-block-list\">\n<li><a href=\"https:\/\/www.tecban.com.br\/trabalhe-conosco\/\">TecBan &#8211; Trabalhe conosco<\/a><\/li>\n<\/ul>\n\n\n\n<p><strong>Veja tamb\u00e9m: <a href=\"https:\/\/www.vagadeempregorj.com.br\/ar\/empregos-suzano\/\">Assistente administrativo, Coordenador de tecnologia da informa\u00e7\u00e3o entre outros na Suzano<\/a><\/strong><\/p>\n\n\n\n<h2 class=\"wp-block-heading\">Saiba mais sobre a TecBan<\/h2>\n\n\n\n<p>A empresa pode ser caracterizada como vers\u00e1til, inovadora e qualificada. Isso porque a marca foi pioneira, no Brasil, em colocar a sua plataforma de Open Finance em produ\u00e7\u00e3o. Al\u00e9m disso, vale destacar suas \u00e1reas de atua\u00e7\u00e3o, que s\u00e3o a de interruptores Interbancos, compartilhamento de redes, ATMManager e a de Rede Banco24Horas.&nbsp;<\/p>\n\n\n\n<p>Para manter sua reputa\u00e7\u00e3o, a TecBan conta com colaboradores dedicados e vision\u00e1rios. Assim, valoriza aspectos essenciais para um bom desenvolvimento, como:<\/p>\n\n\n\n<ul class=\"wp-block-list\">\n<li>Agir de maneira positiva, sempre buscando solu\u00e7\u00f5es que resolvam problemas da melhor forma, em prol de um bem comum.&nbsp;<\/li>\n\n\n\n<li>Ser \u00e1gil e prestativo<\/li>\n\n\n\n<li>Colaborar para cria\u00e7\u00e3o de rela\u00e7\u00f5es agrad\u00e1veis com a equipe<\/li>\n\n\n\n<li>Atender os clientes com simpatia e aten\u00e7\u00e3o para os seus questionamentos&nbsp;<\/li>\n<\/ul>\n\n\n\n<p>Dessa forma, criam-se la\u00e7os para a forma\u00e7\u00e3o de um grupo unido e visando ao progresso.&nbsp;<\/p>","protected":false},"excerpt":{"rendered":"<p>Atualizado em Os empregos TecBan podem ser considerados como agentes de mudan\u00e7as sociais. Isso se d\u00e1 porque a TecBan oferece diversas vagas para compor o seu quadro de funcion\u00e1rios, o que contribui para o ingresso de muitas pessoas ao mercado de trabalho. Dessa maneira, h\u00e1 40 anos, a empresa coopera para a realiza\u00e7\u00e3o dos sonhos&hellip;&nbsp;<\/p>","protected":false},"author":16,"featured_media":35613,"comment_status":"open","ping_status":"closed","sticky":false,"template":"","format":"standard","meta":{"neve_meta_sidebar":"","neve_meta_container":"","neve_meta_enable_content_width":"","neve_meta_content_width":0,"neve_meta_title_alignment":"","neve_meta_author_avatar":"","neve_post_elements_order":"","neve_meta_disable_header":"","neve_meta_disable_footer":"","neve_meta_disable_title":"","footnotes":""},"categories":[123],"tags":[608,631,211],"class_list":["post-35606","post","type-post","status-publish","format-standard","has-post-thumbnail","hentry","category-vagas-de-emprego-nacionais","tag-oportunidades","tag-tecban","tag-vagas-de-emprego"],"yoast_head":"<!-- This site is optimized with the Yoast SEO plugin v27.5 - https:\/\/yoast.com\/product\/yoast-seo-wordpress\/ -->\n<title>T\u00e9cnico em Opera\u00e7\u00f5es, Monitor de Opera\u00e7\u00f5es, Assistente T\u00e9cnico, Analistas e muito mais na Empresa TecBan<\/title>\n<meta name=\"description\" content=\"Veja em Vagas de Emprego RJ as vagas de emprego com e sem experi\u00eancia no seu Estado e Regi\u00e3o!\" \/>\n<meta name=\"robots\" content=\"index, follow, max-snippet:-1, max-image-preview:large, max-video-preview:-1\" \/>\n<link rel=\"canonical\" href=\"https:\/\/www.vagadeempregorj.com.br\/ar\/empregos-tecban\/\" \/>\n<meta property=\"og:locale\" content=\"ar_AR\" \/>\n<meta property=\"og:type\" content=\"article\" \/>\n<meta property=\"og:title\" content=\"T\u00e9cnico em Opera\u00e7\u00f5es, Monitor de Opera\u00e7\u00f5es, Assistente T\u00e9cnico, Analistas e muito mais na Empresa TecBan\" \/>\n<meta property=\"og:description\" content=\"Veja em Vagas de Emprego RJ as vagas de emprego com e sem experi\u00eancia no seu Estado e Regi\u00e3o!\" \/>\n<meta property=\"og:url\" content=\"https:\/\/www.vagadeempregorj.com.br\/ar\/empregos-tecban\/\" \/>\n<meta property=\"article:publisher\" content=\"https:\/\/www.facebook.com\/empregobrasiloficial\" \/>\n<meta property=\"article:published_time\" content=\"2023-10-06T03:01:00+00:00\" \/>\n<meta property=\"article:modified_time\" content=\"2023-10-09T12:36:34+00:00\" \/>\n<meta property=\"og:image\" content=\"https:\/\/www.vagadeempregorj.com.br\/wp-content\/uploads\/2022\/10\/empregos-tecban.png\" \/>\n\t<meta property=\"og:image:width\" content=\"1097\" \/>\n\t<meta property=\"og:image:height\" content=\"640\" \/>\n\t<meta property=\"og:image:type\" content=\"image\/png\" \/>\n<meta name=\"author\" content=\"Michele\" \/>\n<meta name=\"twitter:card\" content=\"summary_large_image\" \/>\n<meta name=\"twitter:label1\" content=\"\u0643\u064f\u062a\u0628 \u0628\u0648\u0627\u0633\u0637\u0629\" \/>\n\t<meta name=\"twitter:data1\" content=\"Michele\" \/>\n\t<meta name=\"twitter:label2\" content=\"\u0648\u0642\u062a \u0627\u0644\u0642\u0631\u0627\u0621\u0629 \u0627\u0644\u0645\u064f\u0642\u062f\u0651\u0631\" \/>\n\t<meta name=\"twitter:data2\" content=\"3 \u062f\u0642\u0627\u0626\u0642\" \/>\n<script type=\"application\/ld+json\" class=\"yoast-schema-graph\">{\"@context\":\"https:\\\/\\\/schema.org\",\"@graph\":[{\"@type\":\"Article\",\"@id\":\"https:\\\/\\\/www.vagadeempregorj.com.br\\\/empregos-tecban\\\/#article\",\"isPartOf\":{\"@id\":\"https:\\\/\\\/www.vagadeempregorj.com.br\\\/empregos-tecban\\\/\"},\"author\":{\"name\":\"Michele\",\"@id\":\"https:\\\/\\\/www.vagadeempregorj.com.br\\\/#\\\/schema\\\/person\\\/3ddb19fa0539706786e502152f3aae95\"},\"headline\":\"T\u00e9cnico em Opera\u00e7\u00f5es, Monitor de Opera\u00e7\u00f5es, Assistente T\u00e9cnico, Analistas e muito mais na Empresa TecBan\",\"datePublished\":\"2023-10-06T03:01:00+00:00\",\"dateModified\":\"2023-10-09T12:36:34+00:00\",\"mainEntityOfPage\":{\"@id\":\"https:\\\/\\\/www.vagadeempregorj.com.br\\\/empregos-tecban\\\/\"},\"wordCount\":626,\"commentCount\":0,\"image\":{\"@id\":\"https:\\\/\\\/www.vagadeempregorj.com.br\\\/empregos-tecban\\\/#primaryimage\"},\"thumbnailUrl\":\"https:\\\/\\\/www.vagadeempregorj.com.br\\\/wp-content\\\/uploads\\\/2022\\\/10\\\/empregos-tecban.png\",\"keywords\":[\"oportunidades\",\"TecBan\",\"vagas de emprego\"],\"articleSection\":[\"Vagas de Emprego Nacionais\"],\"inLanguage\":\"ar\",\"potentialAction\":[{\"@type\":\"CommentAction\",\"name\":\"Comment\",\"target\":[\"https:\\\/\\\/www.vagadeempregorj.com.br\\\/empregos-tecban\\\/#respond\"]}]},{\"@type\":\"WebPage\",\"@id\":\"https:\\\/\\\/www.vagadeempregorj.com.br\\\/empregos-tecban\\\/\",\"url\":\"https:\\\/\\\/www.vagadeempregorj.com.br\\\/empregos-tecban\\\/\",\"name\":\"T\u00e9cnico em Opera\u00e7\u00f5es, Monitor de Opera\u00e7\u00f5es, Assistente T\u00e9cnico, Analistas e muito mais na Empresa TecBan\",\"isPartOf\":{\"@id\":\"https:\\\/\\\/www.vagadeempregorj.com.br\\\/#website\"},\"primaryImageOfPage\":{\"@id\":\"https:\\\/\\\/www.vagadeempregorj.com.br\\\/empregos-tecban\\\/#primaryimage\"},\"image\":{\"@id\":\"https:\\\/\\\/www.vagadeempregorj.com.br\\\/empregos-tecban\\\/#primaryimage\"},\"thumbnailUrl\":\"https:\\\/\\\/www.vagadeempregorj.com.br\\\/wp-content\\\/uploads\\\/2022\\\/10\\\/empregos-tecban.png\",\"datePublished\":\"2023-10-06T03:01:00+00:00\",\"dateModified\":\"2023-10-09T12:36:34+00:00\",\"author\":{\"@id\":\"https:\\\/\\\/www.vagadeempregorj.com.br\\\/#\\\/schema\\\/person\\\/3ddb19fa0539706786e502152f3aae95\"},\"description\":\"Veja em Vagas de Emprego RJ as vagas de emprego com e sem experi\u00eancia no seu Estado e Regi\u00e3o!\",\"breadcrumb\":{\"@id\":\"https:\\\/\\\/www.vagadeempregorj.com.br\\\/empregos-tecban\\\/#breadcrumb\"},\"inLanguage\":\"ar\",\"potentialAction\":[{\"@type\":\"ReadAction\",\"target\":[\"https:\\\/\\\/www.vagadeempregorj.com.br\\\/empregos-tecban\\\/\"]}]},{\"@type\":\"ImageObject\",\"inLanguage\":\"ar\",\"@id\":\"https:\\\/\\\/www.vagadeempregorj.com.br\\\/empregos-tecban\\\/#primaryimage\",\"url\":\"https:\\\/\\\/www.vagadeempregorj.com.br\\\/wp-content\\\/uploads\\\/2022\\\/10\\\/empregos-tecban.png\",\"contentUrl\":\"https:\\\/\\\/www.vagadeempregorj.com.br\\\/wp-content\\\/uploads\\\/2022\\\/10\\\/empregos-tecban.png\",\"width\":1097,\"height\":640,\"caption\":\"Imagem: TecBan - Reprodu\u00e7\u00e3o\"},{\"@type\":\"BreadcrumbList\",\"@id\":\"https:\\\/\\\/www.vagadeempregorj.com.br\\\/empregos-tecban\\\/#breadcrumb\",\"itemListElement\":[{\"@type\":\"ListItem\",\"position\":1,\"name\":\"In\u00edcio\",\"item\":\"https:\\\/\\\/www.vagadeempregorj.com.br\\\/\"},{\"@type\":\"ListItem\",\"position\":2,\"name\":\"Vagas de Emprego Nacionais\",\"item\":\"https:\\\/\\\/www.vagadeempregorj.com.br\\\/vagas-de-emprego-nacionais\\\/\"},{\"@type\":\"ListItem\",\"position\":3,\"name\":\"T\u00e9cnico em Opera\u00e7\u00f5es, Monitor de Opera\u00e7\u00f5es, Assistente T\u00e9cnico, Analistas e muito mais na Empresa TecBan\"}]},{\"@type\":\"WebSite\",\"@id\":\"https:\\\/\\\/www.vagadeempregorj.com.br\\\/#website\",\"url\":\"https:\\\/\\\/www.vagadeempregorj.com.br\\\/\",\"name\":\"\",\"description\":\"Conquiste Sonhos: Vagas, Benef\u00edcios e Economia para Transformar Vidas e Alcan\u00e7ar Melhorias Cotidianas\",\"potentialAction\":[{\"@type\":\"SearchAction\",\"target\":{\"@type\":\"EntryPoint\",\"urlTemplate\":\"https:\\\/\\\/www.vagadeempregorj.com.br\\\/?s={search_term_string}\"},\"query-input\":{\"@type\":\"PropertyValueSpecification\",\"valueRequired\":true,\"valueName\":\"search_term_string\"}}],\"inLanguage\":\"ar\"},{\"@type\":\"Person\",\"@id\":\"https:\\\/\\\/www.vagadeempregorj.com.br\\\/#\\\/schema\\\/person\\\/3ddb19fa0539706786e502152f3aae95\",\"name\":\"Michele\",\"image\":{\"@type\":\"ImageObject\",\"inLanguage\":\"ar\",\"@id\":\"https:\\\/\\\/secure.gravatar.com\\\/avatar\\\/6b0eb9d22841282815e2cd856a0061c45e1761cd54b22e952d98c4746939aa85?s=96&r=g\",\"url\":\"https:\\\/\\\/secure.gravatar.com\\\/avatar\\\/6b0eb9d22841282815e2cd856a0061c45e1761cd54b22e952d98c4746939aa85?s=96&r=g\",\"contentUrl\":\"https:\\\/\\\/secure.gravatar.com\\\/avatar\\\/6b0eb9d22841282815e2cd856a0061c45e1761cd54b22e952d98c4746939aa85?s=96&r=g\",\"caption\":\"Michele\"},\"description\":\"Formada em Letras - Portugu\u00eas\\\/ Ingl\u00eas, e idealizadora do site Escritora de Sucesso, busca expandir o conhecimento de todos com informa\u00e7\u00f5es relevantes sobre diversos assuntos, enquanto redatora. No Vaga de Emprego RJ, traz oportunidades e dicas sobre o mercado de trabalho.\",\"url\":\"https:\\\/\\\/www.vagadeempregorj.com.br\\\/ar\\\/author\\\/michele\\\/\"}]}<\/script>\n<!-- \/ Yoast SEO plugin. -->","yoast_head_json":{"title":"T\u00e9cnico em Opera\u00e7\u00f5es, Monitor de Opera\u00e7\u00f5es, Assistente T\u00e9cnico, Analistas e muito mais na Empresa TecBan","description":"Veja em Vagas de Emprego RJ as vagas de emprego com e sem experi\u00eancia no seu Estado e Regi\u00e3o!","robots":{"index":"index","follow":"follow","max-snippet":"max-snippet:-1","max-image-preview":"max-image-preview:large","max-video-preview":"max-video-preview:-1"},"canonical":"https:\/\/www.vagadeempregorj.com.br\/ar\/empregos-tecban\/","og_locale":"ar_AR","og_type":"article","og_title":"T\u00e9cnico em Opera\u00e7\u00f5es, Monitor de Opera\u00e7\u00f5es, Assistente T\u00e9cnico, Analistas e muito mais na Empresa TecBan","og_description":"Veja em Vagas de Emprego RJ as vagas de emprego com e sem experi\u00eancia no seu Estado e Regi\u00e3o!","og_url":"https:\/\/www.vagadeempregorj.com.br\/ar\/empregos-tecban\/","article_publisher":"https:\/\/www.facebook.com\/empregobrasiloficial","article_published_time":"2023-10-06T03:01:00+00:00","article_modified_time":"2023-10-09T12:36:34+00:00","og_image":[{"width":1097,"height":640,"url":"https:\/\/www.vagadeempregorj.com.br\/wp-content\/uploads\/2022\/10\/empregos-tecban.png","type":"image\/png"}],"author":"Michele","twitter_card":"summary_large_image","twitter_misc":{"\u0643\u064f\u062a\u0628 \u0628\u0648\u0627\u0633\u0637\u0629":"Michele","\u0648\u0642\u062a \u0627\u0644\u0642\u0631\u0627\u0621\u0629 \u0627\u0644\u0645\u064f\u0642\u062f\u0651\u0631":"3 \u062f\u0642\u0627\u0626\u0642"},"schema":{"@context":"https:\/\/schema.org","@graph":[{"@type":"Article","@id":"https:\/\/www.vagadeempregorj.com.br\/empregos-tecban\/#article","isPartOf":{"@id":"https:\/\/www.vagadeempregorj.com.br\/empregos-tecban\/"},"author":{"name":"Michele","@id":"https:\/\/www.vagadeempregorj.com.br\/#\/schema\/person\/3ddb19fa0539706786e502152f3aae95"},"headline":"T\u00e9cnico em Opera\u00e7\u00f5es, Monitor de Opera\u00e7\u00f5es, Assistente T\u00e9cnico, Analistas e muito mais na Empresa TecBan","datePublished":"2023-10-06T03:01:00+00:00","dateModified":"2023-10-09T12:36:34+00:00","mainEntityOfPage":{"@id":"https:\/\/www.vagadeempregorj.com.br\/empregos-tecban\/"},"wordCount":626,"commentCount":0,"image":{"@id":"https:\/\/www.vagadeempregorj.com.br\/empregos-tecban\/#primaryimage"},"thumbnailUrl":"https:\/\/www.vagadeempregorj.com.br\/wp-content\/uploads\/2022\/10\/empregos-tecban.png","keywords":["oportunidades","TecBan","vagas de emprego"],"articleSection":["Vagas de Emprego Nacionais"],"inLanguage":"ar","potentialAction":[{"@type":"CommentAction","name":"Comment","target":["https:\/\/www.vagadeempregorj.com.br\/empregos-tecban\/#respond"]}]},{"@type":"WebPage","@id":"https:\/\/www.vagadeempregorj.com.br\/empregos-tecban\/","url":"https:\/\/www.vagadeempregorj.com.br\/empregos-tecban\/","name":"T\u00e9cnico em Opera\u00e7\u00f5es, Monitor de Opera\u00e7\u00f5es, Assistente T\u00e9cnico, Analistas e muito mais na Empresa TecBan","isPartOf":{"@id":"https:\/\/www.vagadeempregorj.com.br\/#website"},"primaryImageOfPage":{"@id":"https:\/\/www.vagadeempregorj.com.br\/empregos-tecban\/#primaryimage"},"image":{"@id":"https:\/\/www.vagadeempregorj.com.br\/empregos-tecban\/#primaryimage"},"thumbnailUrl":"https:\/\/www.vagadeempregorj.com.br\/wp-content\/uploads\/2022\/10\/empregos-tecban.png","datePublished":"2023-10-06T03:01:00+00:00","dateModified":"2023-10-09T12:36:34+00:00","author":{"@id":"https:\/\/www.vagadeempregorj.com.br\/#\/schema\/person\/3ddb19fa0539706786e502152f3aae95"},"description":"Veja em Vagas de Emprego RJ as vagas de emprego com e sem experi\u00eancia no seu Estado e Regi\u00e3o!","breadcrumb":{"@id":"https:\/\/www.vagadeempregorj.com.br\/empregos-tecban\/#breadcrumb"},"inLanguage":"ar","potentialAction":[{"@type":"ReadAction","target":["https:\/\/www.vagadeempregorj.com.br\/empregos-tecban\/"]}]},{"@type":"ImageObject","inLanguage":"ar","@id":"https:\/\/www.vagadeempregorj.com.br\/empregos-tecban\/#primaryimage","url":"https:\/\/www.vagadeempregorj.com.br\/wp-content\/uploads\/2022\/10\/empregos-tecban.png","contentUrl":"https:\/\/www.vagadeempregorj.com.br\/wp-content\/uploads\/2022\/10\/empregos-tecban.png","width":1097,"height":640,"caption":"Imagem: TecBan - Reprodu\u00e7\u00e3o"},{"@type":"BreadcrumbList","@id":"https:\/\/www.vagadeempregorj.com.br\/empregos-tecban\/#breadcrumb","itemListElement":[{"@type":"ListItem","position":1,"name":"In\u00edcio","item":"https:\/\/www.vagadeempregorj.com.br\/"},{"@type":"ListItem","position":2,"name":"Vagas de Emprego Nacionais","item":"https:\/\/www.vagadeempregorj.com.br\/vagas-de-emprego-nacionais\/"},{"@type":"ListItem","position":3,"name":"T\u00e9cnico em Opera\u00e7\u00f5es, Monitor de Opera\u00e7\u00f5es, Assistente T\u00e9cnico, Analistas e muito mais na Empresa TecBan"}]},{"@type":"WebSite","@id":"https:\/\/www.vagadeempregorj.com.br\/#website","url":"https:\/\/www.vagadeempregorj.com.br\/","name":"","description":"\u062a\u062d\u0642\u064a\u0642 \u0627\u0644\u0623\u062d\u0644\u0627\u0645: \u0641\u0631\u0635 \u0639\u0645\u0644\u060c \u0645\u0632\u0627\u064a\u0627\u060c \u0648\u062a\u0648\u0641\u064a\u0631\u0627\u062a \u0644\u062a\u063a\u064a\u064a\u0631 \u0627\u0644\u062d\u064a\u0627\u0629 \u0648\u062a\u062d\u0642\u064a\u0642 \u062a\u062d\u0633\u064a\u0646\u0627\u062a \u064a\u0648\u0645\u064a\u0629","potentialAction":[{"@type":"SearchAction","target":{"@type":"EntryPoint","urlTemplate":"https:\/\/www.vagadeempregorj.com.br\/?s={search_term_string}"},"query-input":{"@type":"PropertyValueSpecification","valueRequired":true,"valueName":"search_term_string"}}],"inLanguage":"ar"},{"@type":"Person","@id":"https:\/\/www.vagadeempregorj.com.br\/#\/schema\/person\/3ddb19fa0539706786e502152f3aae95","name":"Michele","image":{"@type":"ImageObject","inLanguage":"ar","@id":"https:\/\/secure.gravatar.com\/avatar\/6b0eb9d22841282815e2cd856a0061c45e1761cd54b22e952d98c4746939aa85?s=96&r=g","url":"https:\/\/secure.gravatar.com\/avatar\/6b0eb9d22841282815e2cd856a0061c45e1761cd54b22e952d98c4746939aa85?s=96&r=g","contentUrl":"https:\/\/secure.gravatar.com\/avatar\/6b0eb9d22841282815e2cd856a0061c45e1761cd54b22e952d98c4746939aa85?s=96&r=g","caption":"Michele"},"description":"Formada em Letras - Portugu\u00eas\/ Ingl\u00eas, e idealizadora do site Escritora de Sucesso, busca expandir o conhecimento de todos com informa\u00e7\u00f5es relevantes sobre diversos assuntos, enquanto redatora. No Vaga de Emprego RJ, traz oportunidades e dicas sobre o mercado de trabalho.","url":"https:\/\/www.vagadeempregorj.com.br\/ar\/author\/michele\/"}]}},"_links":{"self":[{"href":"https:\/\/www.vagadeempregorj.com.br\/ar\/wp-json\/wp\/v2\/posts\/35606","targetHints":{"allow":["GET"]}}],"collection":[{"href":"https:\/\/www.vagadeempregorj.com.br\/ar\/wp-json\/wp\/v2\/posts"}],"about":[{"href":"https:\/\/www.vagadeempregorj.com.br\/ar\/wp-json\/wp\/v2\/types\/post"}],"author":[{"embeddable":true,"href":"https:\/\/www.vagadeempregorj.com.br\/ar\/wp-json\/wp\/v2\/users\/16"}],"replies":[{"embeddable":true,"href":"https:\/\/www.vagadeempregorj.com.br\/ar\/wp-json\/wp\/v2\/comments?post=35606"}],"version-history":[{"count":0,"href":"https:\/\/www.vagadeempregorj.com.br\/ar\/wp-json\/wp\/v2\/posts\/35606\/revisions"}],"wp:featuredmedia":[{"embeddable":true,"href":"https:\/\/www.vagadeempregorj.com.br\/ar\/wp-json\/wp\/v2\/media\/35613"}],"wp:attachment":[{"href":"https:\/\/www.vagadeempregorj.com.br\/ar\/wp-json\/wp\/v2\/media?parent=35606"}],"wp:term":[{"taxonomy":"category","embeddable":true,"href":"https:\/\/www.vagadeempregorj.com.br\/ar\/wp-json\/wp\/v2\/categories?post=35606"},{"taxonomy":"post_tag","embeddable":true,"href":"https:\/\/www.vagadeempregorj.com.br\/ar\/wp-json\/wp\/v2\/tags?post=35606"}],"curies":[{"name":"wp","href":"https:\/\/api.w.org\/{rel}","templated":true}]}}