{"id":35635,"date":"2023-10-09T03:02:00","date_gmt":"2023-10-09T06:02:00","guid":{"rendered":"https:\/\/www.vagadeempregorj.com.br\/?p=35635"},"modified":"2023-10-08T12:25:47","modified_gmt":"2023-10-08T15:25:47","slug":"empregos-whirlpool","status":"publish","type":"post","link":"https:\/\/www.vagadeempregorj.com.br\/ar\/empregos-whirlpool\/","title":{"rendered":"Gerenciamento de Projetos, Gest\u00e3o de Pessoas e mais na Empresa Whirlpool"},"content":{"rendered":"<p>Atualizado em<\/p>\n\n\n<div class=\"wp-block-post-date\"><time datetime=\"2023-10-09T03:02:00-03:00\">09\/10\/2023<\/time><\/div>\n\n\n<p>Os<strong> Empregos Whirlpool<\/strong> s\u00e3o um grande destaque no mercado de trabalho, devido aos seus benef\u00edcios. Nesta empresa o pessoal sempre foi o principal ativo e maior diferencial \u2013 o seu fator X. Quando liberam talentos individuais e coletivos em uma cultura vencedora, os funcion\u00e1rios se sentem capacitados para fazer o melhor.<\/p>\n\n\n\n<figure class=\"wp-block-image size-large\"><img loading=\"lazy\" decoding=\"async\" width=\"1024\" height=\"679\" src=\"https:\/\/www.vagadeempregorj.com.br\/wp-content\/uploads\/2022\/10\/empregos-Whirlpool-1024x679.jpg\" alt=\"empregos Whirlpool\" class=\"wp-image-35640\" srcset=\"https:\/\/www.vagadeempregorj.com.br\/wp-content\/uploads\/2022\/10\/empregos-Whirlpool-1024x679.jpg 1024w, https:\/\/www.vagadeempregorj.com.br\/wp-content\/uploads\/2022\/10\/empregos-Whirlpool-300x199.jpg 300w, https:\/\/www.vagadeempregorj.com.br\/wp-content\/uploads\/2022\/10\/empregos-Whirlpool-768x509.jpg 768w, https:\/\/www.vagadeempregorj.com.br\/wp-content\/uploads\/2022\/10\/empregos-Whirlpool-150x99.jpg 150w, https:\/\/www.vagadeempregorj.com.br\/wp-content\/uploads\/2022\/10\/empregos-Whirlpool.jpg 1280w\" sizes=\"auto, (max-width: 1024px) 100vw, 1024px\" \/><figcaption class=\"wp-element-caption\">Imagem: Whirlpool &#8211; Reprodu\u00e7\u00e3o<\/figcaption><\/figure>\n\n\n\n<h2 class=\"wp-block-heading\">Conhe\u00e7a todas as oportunidades de Empregos Whirlpool<\/h2>\n\n\n\n<p>A empresa oferece diversos benef\u00edcios como, por exemplo, aux\u00edlio creche, hor\u00e1rio flex\u00edvel, ber\u00e7\u00e1rio, fretado, plano de sa\u00fade, restaurante, plano odontol\u00f3gico, vale transporte, descontos, seguro de vida, estacionamento, Gympass, previd\u00eancia privada, entre outros dependendo do cargo. Habilidades e experi\u00eancias preferidas: Gerenciamento de projeto, Gest\u00e3o de Pessoas, Experi\u00eancia com integra\u00e7\u00e3o de diret\u00f3rios corporativos (LDAP ou Active Directory) com sistemas e aplicativos WHR para autentica\u00e7\u00e3o e autoriza\u00e7\u00e3o.<\/p>\n\n\n\n<p>Como gerente de seguran\u00e7a do IAM, voc\u00ea ser\u00e1 respons\u00e1vel por liderar equipes de seguran\u00e7a de v\u00e1rios fornecedores que apoiam a organiza\u00e7\u00e3o do IAM globalmente para projetos e atividades di\u00e1rias de gerenciamento de identidade, provisionamento e desprovisionamento de acesso, recertifica\u00e7\u00e3o de acesso privilegiado, etc., em todas as plataformas de TI da empresa, sistemas e formul\u00e1rios.<\/p>\n\n\n\n<p>Requerimentos m\u00ednimos para o cargo: Licenciatura, preferencialmente em inform\u00e1tica ou sistemas de informa\u00e7\u00e3o. 5+ anos de experi\u00eancia nas \u00e1reas de Sistemas de Informa\u00e7\u00e3o, Seguran\u00e7a da Informa\u00e7\u00e3o ou Gest\u00e3o de Identidade e Acesso. Ter uma boa experi\u00eancia\/compreens\u00e3o de administra\u00e7\u00e3o de ID no ActiveDirectory, Google, LDAP, SAP e Unix. Experi\u00eancia com controles de acesso baseados em fun\u00e7\u00e3o (RBAC) para provisionamento, estabelecendo fun\u00e7\u00f5es baseadas em equipe e atribuindo-lhes direitos. S\u00f3lida compreens\u00e3o das pr\u00e1ticas de governan\u00e7a de seguran\u00e7a e prepara\u00e7\u00e3o de pol\u00edticas\/documentos do IAM. Veja abaixo o cargo ofertado:<\/p>\n\n\n\n<ul class=\"wp-block-list\">\n<li>IAM Security Manager<\/li>\n<\/ul>\n\n\n\n<h3 class=\"wp-block-heading\">Como se candidatar<\/h3>\n\n\n\n<p>Para mandar o seu curr\u00edculo, acesse o site em que \u00e9 realizado o procedimento de sele\u00e7\u00e3o. Para isso, clique no link abaixo:<\/p>\n\n\n\n<ul class=\"wp-block-list\">\n<li><a href=\"https:\/\/jobs.whirlpool.com\/careers?location%20country=BRA&domain=whirlpool.com\">Jobs Whirpool Career.<\/a><\/li>\n<\/ul>\n\n\n\n<p>Em seguida, ser\u00e1 necess\u00e1rio ler as exig\u00eancias e atribui\u00e7\u00f5es da vaga para analisar se ela \u00e9 compat\u00edvel com o seu perfil antes de efetuar a sua inscri\u00e7\u00e3o. Ap\u00f3s isso, crie o seu cadastro na plataforma caso ainda n\u00e3o tenha e aguarde o contato da empresa para marcar a entrevista.<\/p>\n\n\n\n<p><strong>Veja tamb\u00e9m: <a href=\"https:\/\/www.vagadeempregorj.com.br\/ar\/empregos-ache\/\">Empregos Ach\u00e9<\/a><\/strong><\/p>\n\n\n\n<h2 class=\"wp-block-heading\">Sobre a Whirlpool<\/h2>\n\n\n\n<p>Esta empresa acredita que a diferencia\u00e7\u00e3o \u00e9 fundamental para o crescimento de seu neg\u00f3cio. S\u00e3o as diferen\u00e7as, combinadas com as origens e experi\u00eancias \u00fanicas, que proporcionam a diversidade de pensamentos e grandes ideias que culminam no processo de inova\u00e7\u00e3o. L\u00e1 a diversidade \u00e9 um compromisso.<\/p>\n\n\n\n<p>Valorizam todas as pessoas, independentemente de lideran\u00e7a, g\u00eanero, mentalidade, ra\u00e7a, capacidade f\u00edsica, etnia, religi\u00e3o, nacionalidade, orienta\u00e7\u00e3o sexual, idade ou qualquer outra diversidade vis\u00edvel ou invis\u00edvel. Trabalham todos os dias para construir um ambiente diversificado e inclusivo. Garantir que os indiv\u00edduos se sintam confort\u00e1veis \u200b\u200be \u00e0 vontade em seu ambiente de trabalho, sejam quem s\u00e3o e respeitem sua integralidade e singularidade \u00e9 uma responsabilidade que se renova a cada dia.<\/p>\n\n\n\n<p>Quanto maior for a diversidade promovida (tanto dentro como fora da empresa), maiores ser\u00e3o os resultados obtidos em todas as \u00e1reas. Um dos reconhecimentos desse trabalho foi a inclus\u00e3o da companhia no ranking Best Women in Workplace, que lista as 40 melhores empresas para as mulheres trabalharem.<\/p>","protected":false},"excerpt":{"rendered":"<p>Atualizado em Os Empregos Whirlpool s\u00e3o um grande destaque no mercado de trabalho, devido aos seus benef\u00edcios. Nesta empresa o pessoal sempre foi o principal ativo e maior diferencial \u2013 o seu fator X. Quando liberam talentos individuais e coletivos em uma cultura vencedora, os funcion\u00e1rios se sentem capacitados para fazer o melhor. Conhe\u00e7a todas&hellip;&nbsp;<\/p>","protected":false},"author":16,"featured_media":35640,"comment_status":"open","ping_status":"closed","sticky":false,"template":"","format":"standard","meta":{"neve_meta_sidebar":"","neve_meta_container":"","neve_meta_enable_content_width":"","neve_meta_content_width":0,"neve_meta_title_alignment":"","neve_meta_author_avatar":"","neve_post_elements_order":"","neve_meta_disable_header":"","neve_meta_disable_footer":"","neve_meta_disable_title":"","footnotes":""},"categories":[123],"tags":[608,211,633],"class_list":["post-35635","post","type-post","status-publish","format-standard","has-post-thumbnail","hentry","category-vagas-de-emprego-nacionais","tag-oportunidades","tag-vagas-de-emprego","tag-whirlpool"],"yoast_head":"<!-- This site is optimized with the Yoast SEO plugin v27.5 - https:\/\/yoast.com\/product\/yoast-seo-wordpress\/ -->\n<title>Gerenciamento de Projetos, Gest\u00e3o de Pessoas e mais na Empresa Whirlpool<\/title>\n<meta name=\"description\" content=\"Veja em Vagas de Emprego RJ as vagas de emprego com e sem experi\u00eancia no seu Estado e Regi\u00e3o!\" \/>\n<meta name=\"robots\" content=\"index, follow, max-snippet:-1, max-image-preview:large, max-video-preview:-1\" \/>\n<link rel=\"canonical\" href=\"https:\/\/www.vagadeempregorj.com.br\/ar\/empregos-whirlpool\/\" \/>\n<meta property=\"og:locale\" content=\"ar_AR\" \/>\n<meta property=\"og:type\" content=\"article\" \/>\n<meta property=\"og:title\" content=\"Gerenciamento de Projetos, Gest\u00e3o de Pessoas e mais na Empresa Whirlpool\" \/>\n<meta property=\"og:description\" content=\"Veja em Vagas de Emprego RJ as vagas de emprego com e sem experi\u00eancia no seu Estado e Regi\u00e3o!\" \/>\n<meta property=\"og:url\" content=\"https:\/\/www.vagadeempregorj.com.br\/ar\/empregos-whirlpool\/\" \/>\n<meta property=\"article:publisher\" content=\"https:\/\/www.facebook.com\/empregobrasiloficial\" \/>\n<meta property=\"article:published_time\" content=\"2023-10-09T06:02:00+00:00\" \/>\n<meta property=\"og:image\" content=\"https:\/\/www.vagadeempregorj.com.br\/wp-content\/uploads\/2022\/10\/empregos-Whirlpool.jpg\" \/>\n\t<meta property=\"og:image:width\" content=\"1280\" \/>\n\t<meta property=\"og:image:height\" content=\"849\" \/>\n\t<meta property=\"og:image:type\" content=\"image\/jpeg\" \/>\n<meta name=\"author\" content=\"Michele\" \/>\n<meta name=\"twitter:card\" content=\"summary_large_image\" \/>\n<meta name=\"twitter:label1\" content=\"Written by\" \/>\n\t<meta name=\"twitter:data1\" content=\"Michele\" \/>\n\t<meta name=\"twitter:label2\" content=\"Est. reading time\" \/>\n\t<meta name=\"twitter:data2\" content=\"3 \u062f\u0642\u0627\u0626\u0642\" \/>\n<script type=\"application\/ld+json\" class=\"yoast-schema-graph\">{\"@context\":\"https:\\\/\\\/schema.org\",\"@graph\":[{\"@type\":\"Article\",\"@id\":\"https:\\\/\\\/www.vagadeempregorj.com.br\\\/empregos-whirlpool\\\/#article\",\"isPartOf\":{\"@id\":\"https:\\\/\\\/www.vagadeempregorj.com.br\\\/empregos-whirlpool\\\/\"},\"author\":{\"name\":\"Michele\",\"@id\":\"https:\\\/\\\/www.vagadeempregorj.com.br\\\/#\\\/schema\\\/person\\\/3ddb19fa0539706786e502152f3aae95\"},\"headline\":\"Gerenciamento de Projetos, Gest\u00e3o de Pessoas e mais na Empresa Whirlpool\",\"datePublished\":\"2023-10-09T06:02:00+00:00\",\"mainEntityOfPage\":{\"@id\":\"https:\\\/\\\/www.vagadeempregorj.com.br\\\/empregos-whirlpool\\\/\"},\"wordCount\":598,\"commentCount\":0,\"image\":{\"@id\":\"https:\\\/\\\/www.vagadeempregorj.com.br\\\/empregos-whirlpool\\\/#primaryimage\"},\"thumbnailUrl\":\"https:\\\/\\\/www.vagadeempregorj.com.br\\\/wp-content\\\/uploads\\\/2022\\\/10\\\/empregos-Whirlpool.jpg\",\"keywords\":[\"oportunidades\",\"vagas de emprego\",\"Whirlpool\"],\"articleSection\":[\"Vagas de Emprego Nacionais\"],\"inLanguage\":\"ar\",\"potentialAction\":[{\"@type\":\"CommentAction\",\"name\":\"Comment\",\"target\":[\"https:\\\/\\\/www.vagadeempregorj.com.br\\\/empregos-whirlpool\\\/#respond\"]}]},{\"@type\":\"WebPage\",\"@id\":\"https:\\\/\\\/www.vagadeempregorj.com.br\\\/empregos-whirlpool\\\/\",\"url\":\"https:\\\/\\\/www.vagadeempregorj.com.br\\\/empregos-whirlpool\\\/\",\"name\":\"Gerenciamento de Projetos, Gest\u00e3o de Pessoas e mais na Empresa Whirlpool\",\"isPartOf\":{\"@id\":\"https:\\\/\\\/www.vagadeempregorj.com.br\\\/#website\"},\"primaryImageOfPage\":{\"@id\":\"https:\\\/\\\/www.vagadeempregorj.com.br\\\/empregos-whirlpool\\\/#primaryimage\"},\"image\":{\"@id\":\"https:\\\/\\\/www.vagadeempregorj.com.br\\\/empregos-whirlpool\\\/#primaryimage\"},\"thumbnailUrl\":\"https:\\\/\\\/www.vagadeempregorj.com.br\\\/wp-content\\\/uploads\\\/2022\\\/10\\\/empregos-Whirlpool.jpg\",\"datePublished\":\"2023-10-09T06:02:00+00:00\",\"author\":{\"@id\":\"https:\\\/\\\/www.vagadeempregorj.com.br\\\/#\\\/schema\\\/person\\\/3ddb19fa0539706786e502152f3aae95\"},\"description\":\"Veja em Vagas de Emprego RJ as vagas de emprego com e sem experi\u00eancia no seu Estado e Regi\u00e3o!\",\"breadcrumb\":{\"@id\":\"https:\\\/\\\/www.vagadeempregorj.com.br\\\/empregos-whirlpool\\\/#breadcrumb\"},\"inLanguage\":\"ar\",\"potentialAction\":[{\"@type\":\"ReadAction\",\"target\":[\"https:\\\/\\\/www.vagadeempregorj.com.br\\\/empregos-whirlpool\\\/\"]}]},{\"@type\":\"ImageObject\",\"inLanguage\":\"ar\",\"@id\":\"https:\\\/\\\/www.vagadeempregorj.com.br\\\/empregos-whirlpool\\\/#primaryimage\",\"url\":\"https:\\\/\\\/www.vagadeempregorj.com.br\\\/wp-content\\\/uploads\\\/2022\\\/10\\\/empregos-Whirlpool.jpg\",\"contentUrl\":\"https:\\\/\\\/www.vagadeempregorj.com.br\\\/wp-content\\\/uploads\\\/2022\\\/10\\\/empregos-Whirlpool.jpg\",\"width\":1280,\"height\":849,\"caption\":\"Imagem: Whirlpool - Reprodu\u00e7\u00e3o\"},{\"@type\":\"BreadcrumbList\",\"@id\":\"https:\\\/\\\/www.vagadeempregorj.com.br\\\/empregos-whirlpool\\\/#breadcrumb\",\"itemListElement\":[{\"@type\":\"ListItem\",\"position\":1,\"name\":\"In\u00edcio\",\"item\":\"https:\\\/\\\/www.vagadeempregorj.com.br\\\/\"},{\"@type\":\"ListItem\",\"position\":2,\"name\":\"Vagas de Emprego Nacionais\",\"item\":\"https:\\\/\\\/www.vagadeempregorj.com.br\\\/vagas-de-emprego-nacionais\\\/\"},{\"@type\":\"ListItem\",\"position\":3,\"name\":\"Gerenciamento de Projetos, Gest\u00e3o de Pessoas e mais na Empresa Whirlpool\"}]},{\"@type\":\"WebSite\",\"@id\":\"https:\\\/\\\/www.vagadeempregorj.com.br\\\/#website\",\"url\":\"https:\\\/\\\/www.vagadeempregorj.com.br\\\/\",\"name\":\"\",\"description\":\"Conquiste Sonhos: Vagas, Benef\u00edcios e Economia para Transformar Vidas e Alcan\u00e7ar Melhorias Cotidianas\",\"potentialAction\":[{\"@type\":\"SearchAction\",\"target\":{\"@type\":\"EntryPoint\",\"urlTemplate\":\"https:\\\/\\\/www.vagadeempregorj.com.br\\\/?s={search_term_string}\"},\"query-input\":{\"@type\":\"PropertyValueSpecification\",\"valueRequired\":true,\"valueName\":\"search_term_string\"}}],\"inLanguage\":\"ar\"},{\"@type\":\"Person\",\"@id\":\"https:\\\/\\\/www.vagadeempregorj.com.br\\\/#\\\/schema\\\/person\\\/3ddb19fa0539706786e502152f3aae95\",\"name\":\"Michele\",\"image\":{\"@type\":\"ImageObject\",\"inLanguage\":\"ar\",\"@id\":\"https:\\\/\\\/secure.gravatar.com\\\/avatar\\\/6b0eb9d22841282815e2cd856a0061c45e1761cd54b22e952d98c4746939aa85?s=96&r=g\",\"url\":\"https:\\\/\\\/secure.gravatar.com\\\/avatar\\\/6b0eb9d22841282815e2cd856a0061c45e1761cd54b22e952d98c4746939aa85?s=96&r=g\",\"contentUrl\":\"https:\\\/\\\/secure.gravatar.com\\\/avatar\\\/6b0eb9d22841282815e2cd856a0061c45e1761cd54b22e952d98c4746939aa85?s=96&r=g\",\"caption\":\"Michele\"},\"description\":\"Formada em Letras - Portugu\u00eas\\\/ Ingl\u00eas, e idealizadora do site Escritora de Sucesso, busca expandir o conhecimento de todos com informa\u00e7\u00f5es relevantes sobre diversos assuntos, enquanto redatora. No Vaga de Emprego RJ, traz oportunidades e dicas sobre o mercado de trabalho.\",\"url\":\"https:\\\/\\\/www.vagadeempregorj.com.br\\\/ar\\\/author\\\/michele\\\/\"}]}<\/script>\n<!-- \/ Yoast SEO plugin. -->","yoast_head_json":{"title":"Gerenciamento de Projetos, Gest\u00e3o de Pessoas e mais na Empresa Whirlpool","description":"Veja em Vagas de Emprego RJ as vagas de emprego com e sem experi\u00eancia no seu Estado e Regi\u00e3o!","robots":{"index":"index","follow":"follow","max-snippet":"max-snippet:-1","max-image-preview":"max-image-preview:large","max-video-preview":"max-video-preview:-1"},"canonical":"https:\/\/www.vagadeempregorj.com.br\/ar\/empregos-whirlpool\/","og_locale":"ar_AR","og_type":"article","og_title":"Gerenciamento de Projetos, Gest\u00e3o de Pessoas e mais na Empresa Whirlpool","og_description":"Veja em Vagas de Emprego RJ as vagas de emprego com e sem experi\u00eancia no seu Estado e Regi\u00e3o!","og_url":"https:\/\/www.vagadeempregorj.com.br\/ar\/empregos-whirlpool\/","article_publisher":"https:\/\/www.facebook.com\/empregobrasiloficial","article_published_time":"2023-10-09T06:02:00+00:00","og_image":[{"width":1280,"height":849,"url":"https:\/\/www.vagadeempregorj.com.br\/wp-content\/uploads\/2022\/10\/empregos-Whirlpool.jpg","type":"image\/jpeg"}],"author":"Michele","twitter_card":"summary_large_image","twitter_misc":{"Written by":"Michele","Est. reading time":"3 \u062f\u0642\u0627\u0626\u0642"},"schema":{"@context":"https:\/\/schema.org","@graph":[{"@type":"Article","@id":"https:\/\/www.vagadeempregorj.com.br\/empregos-whirlpool\/#article","isPartOf":{"@id":"https:\/\/www.vagadeempregorj.com.br\/empregos-whirlpool\/"},"author":{"name":"Michele","@id":"https:\/\/www.vagadeempregorj.com.br\/#\/schema\/person\/3ddb19fa0539706786e502152f3aae95"},"headline":"Gerenciamento de Projetos, Gest\u00e3o de Pessoas e mais na Empresa Whirlpool","datePublished":"2023-10-09T06:02:00+00:00","mainEntityOfPage":{"@id":"https:\/\/www.vagadeempregorj.com.br\/empregos-whirlpool\/"},"wordCount":598,"commentCount":0,"image":{"@id":"https:\/\/www.vagadeempregorj.com.br\/empregos-whirlpool\/#primaryimage"},"thumbnailUrl":"https:\/\/www.vagadeempregorj.com.br\/wp-content\/uploads\/2022\/10\/empregos-Whirlpool.jpg","keywords":["oportunidades","vagas de emprego","Whirlpool"],"articleSection":["Vagas de Emprego Nacionais"],"inLanguage":"ar","potentialAction":[{"@type":"CommentAction","name":"Comment","target":["https:\/\/www.vagadeempregorj.com.br\/empregos-whirlpool\/#respond"]}]},{"@type":"WebPage","@id":"https:\/\/www.vagadeempregorj.com.br\/empregos-whirlpool\/","url":"https:\/\/www.vagadeempregorj.com.br\/empregos-whirlpool\/","name":"Gerenciamento de Projetos, Gest\u00e3o de Pessoas e mais na Empresa Whirlpool","isPartOf":{"@id":"https:\/\/www.vagadeempregorj.com.br\/#website"},"primaryImageOfPage":{"@id":"https:\/\/www.vagadeempregorj.com.br\/empregos-whirlpool\/#primaryimage"},"image":{"@id":"https:\/\/www.vagadeempregorj.com.br\/empregos-whirlpool\/#primaryimage"},"thumbnailUrl":"https:\/\/www.vagadeempregorj.com.br\/wp-content\/uploads\/2022\/10\/empregos-Whirlpool.jpg","datePublished":"2023-10-09T06:02:00+00:00","author":{"@id":"https:\/\/www.vagadeempregorj.com.br\/#\/schema\/person\/3ddb19fa0539706786e502152f3aae95"},"description":"Veja em Vagas de Emprego RJ as vagas de emprego com e sem experi\u00eancia no seu Estado e Regi\u00e3o!","breadcrumb":{"@id":"https:\/\/www.vagadeempregorj.com.br\/empregos-whirlpool\/#breadcrumb"},"inLanguage":"ar","potentialAction":[{"@type":"ReadAction","target":["https:\/\/www.vagadeempregorj.com.br\/empregos-whirlpool\/"]}]},{"@type":"ImageObject","inLanguage":"ar","@id":"https:\/\/www.vagadeempregorj.com.br\/empregos-whirlpool\/#primaryimage","url":"https:\/\/www.vagadeempregorj.com.br\/wp-content\/uploads\/2022\/10\/empregos-Whirlpool.jpg","contentUrl":"https:\/\/www.vagadeempregorj.com.br\/wp-content\/uploads\/2022\/10\/empregos-Whirlpool.jpg","width":1280,"height":849,"caption":"Imagem: Whirlpool - Reprodu\u00e7\u00e3o"},{"@type":"BreadcrumbList","@id":"https:\/\/www.vagadeempregorj.com.br\/empregos-whirlpool\/#breadcrumb","itemListElement":[{"@type":"ListItem","position":1,"name":"In\u00edcio","item":"https:\/\/www.vagadeempregorj.com.br\/"},{"@type":"ListItem","position":2,"name":"Vagas de Emprego Nacionais","item":"https:\/\/www.vagadeempregorj.com.br\/vagas-de-emprego-nacionais\/"},{"@type":"ListItem","position":3,"name":"Gerenciamento de Projetos, Gest\u00e3o de Pessoas e mais na Empresa Whirlpool"}]},{"@type":"WebSite","@id":"https:\/\/www.vagadeempregorj.com.br\/#website","url":"https:\/\/www.vagadeempregorj.com.br\/","name":"","description":"Conquiste Sonhos: Vagas, Benef\u00edcios e Economia para Transformar Vidas e Alcan\u00e7ar Melhorias Cotidianas","potentialAction":[{"@type":"SearchAction","target":{"@type":"EntryPoint","urlTemplate":"https:\/\/www.vagadeempregorj.com.br\/?s={search_term_string}"},"query-input":{"@type":"PropertyValueSpecification","valueRequired":true,"valueName":"search_term_string"}}],"inLanguage":"ar"},{"@type":"Person","@id":"https:\/\/www.vagadeempregorj.com.br\/#\/schema\/person\/3ddb19fa0539706786e502152f3aae95","name":"Michele","image":{"@type":"ImageObject","inLanguage":"ar","@id":"https:\/\/secure.gravatar.com\/avatar\/6b0eb9d22841282815e2cd856a0061c45e1761cd54b22e952d98c4746939aa85?s=96&r=g","url":"https:\/\/secure.gravatar.com\/avatar\/6b0eb9d22841282815e2cd856a0061c45e1761cd54b22e952d98c4746939aa85?s=96&r=g","contentUrl":"https:\/\/secure.gravatar.com\/avatar\/6b0eb9d22841282815e2cd856a0061c45e1761cd54b22e952d98c4746939aa85?s=96&r=g","caption":"Michele"},"description":"Formada em Letras - Portugu\u00eas\/ Ingl\u00eas, e idealizadora do site Escritora de Sucesso, busca expandir o conhecimento de todos com informa\u00e7\u00f5es relevantes sobre diversos assuntos, enquanto redatora. No Vaga de Emprego RJ, traz oportunidades e dicas sobre o mercado de trabalho.","url":"https:\/\/www.vagadeempregorj.com.br\/ar\/author\/michele\/"}]}},"_links":{"self":[{"href":"https:\/\/www.vagadeempregorj.com.br\/ar\/wp-json\/wp\/v2\/posts\/35635","targetHints":{"allow":["GET"]}}],"collection":[{"href":"https:\/\/www.vagadeempregorj.com.br\/ar\/wp-json\/wp\/v2\/posts"}],"about":[{"href":"https:\/\/www.vagadeempregorj.com.br\/ar\/wp-json\/wp\/v2\/types\/post"}],"author":[{"embeddable":true,"href":"https:\/\/www.vagadeempregorj.com.br\/ar\/wp-json\/wp\/v2\/users\/16"}],"replies":[{"embeddable":true,"href":"https:\/\/www.vagadeempregorj.com.br\/ar\/wp-json\/wp\/v2\/comments?post=35635"}],"version-history":[{"count":0,"href":"https:\/\/www.vagadeempregorj.com.br\/ar\/wp-json\/wp\/v2\/posts\/35635\/revisions"}],"wp:featuredmedia":[{"embeddable":true,"href":"https:\/\/www.vagadeempregorj.com.br\/ar\/wp-json\/wp\/v2\/media\/35640"}],"wp:attachment":[{"href":"https:\/\/www.vagadeempregorj.com.br\/ar\/wp-json\/wp\/v2\/media?parent=35635"}],"wp:term":[{"taxonomy":"category","embeddable":true,"href":"https:\/\/www.vagadeempregorj.com.br\/ar\/wp-json\/wp\/v2\/categories?post=35635"},{"taxonomy":"post_tag","embeddable":true,"href":"https:\/\/www.vagadeempregorj.com.br\/ar\/wp-json\/wp\/v2\/tags?post=35635"}],"curies":[{"name":"wp","href":"https:\/\/api.w.org\/{rel}","templated":true}]}}