{"id":35663,"date":"2023-10-10T00:01:00","date_gmt":"2023-10-10T03:01:00","guid":{"rendered":"https:\/\/www.vagadeempregorj.com.br\/?p=35663"},"modified":"2023-10-09T16:11:09","modified_gmt":"2023-10-09T19:11:09","slug":"empregos-braskem","status":"publish","type":"post","link":"https:\/\/www.vagadeempregorj.com.br\/ar\/empregos-braskem\/","title":{"rendered":"Jovem Aprendiz, Est\u00e1gios, Operador de Produ\u00e7\u00e3o e mais na Empresa Braskem"},"content":{"rendered":"<p>Atualizado em<\/p>\n\n\n<div class=\"wp-block-post-date\"><time datetime=\"2023-10-10T00:01:00-03:00\">10\/10\/2023<\/time><\/div>\n\n\n<p>Os<strong> Empregos Braskem<\/strong> s\u00e3o um grande destaque no mercado de trabalho, devido aos seus benef\u00edcios. Na empresa os funcion\u00e1rios s\u00e3o livres para serem eles mesmos. L\u00e1 todos s\u00e3o valorizados por serem quem s\u00e3o. Valorizam a diversidade e criam um ambiente cada vez mais inclusivo. Acreditam que a inova\u00e7\u00e3o ganha vida quando diferentes perspectivas s\u00e3o compartilhadas. Por meio de seu programa de Diversidade e Inclus\u00e3o, trabalham para aumentar a inclus\u00e3o e garantir oportunidades iguais para todos.<\/p>\n\n\n\n<figure class=\"wp-block-image size-full\"><img loading=\"lazy\" decoding=\"async\" width=\"750\" height=\"500\" src=\"https:\/\/www.vagadeempregorj.com.br\/wp-content\/uploads\/2022\/10\/empregos-braskem.jpeg\" alt=\"empregos braskem\" class=\"wp-image-35667\" srcset=\"https:\/\/www.vagadeempregorj.com.br\/wp-content\/uploads\/2022\/10\/empregos-braskem.jpeg 750w, https:\/\/www.vagadeempregorj.com.br\/wp-content\/uploads\/2022\/10\/empregos-braskem-300x200.jpeg 300w, https:\/\/www.vagadeempregorj.com.br\/wp-content\/uploads\/2022\/10\/empregos-braskem-150x100.jpeg 150w\" sizes=\"auto, (max-width: 750px) 100vw, 750px\" \/><figcaption class=\"wp-element-caption\">Imagem: Braskem &#8211; Reprodu\u00e7\u00e3o<\/figcaption><\/figure>\n\n\n\n<h2 class=\"wp-block-heading\">Conhe\u00e7a todas as vagas de Empregos Braskem<\/h2>\n\n\n\n<p>A empresa possui diversos programas de est\u00e1gios, tanto universit\u00e1rios como t\u00e9cnicos. No entanto, eles possuem uma data espec\u00edfica para abrir as inscri\u00e7\u00f5es. Por essa raz\u00e3o, \u00e9 importante observar o site para saber quando ir\u00e1 abrir novamente.<\/p>\n\n\n\n<p>Existe tamb\u00e9m o Programa de treinamento de operadores da Braskem prepara pessoas que desejam construir carreira em opera\u00e7\u00f5es industriais. Ao final do curso, voc\u00ea estar\u00e1 pronto para trabalhar em um dos polos industriais da Braskem. O programa \u00e9 projetado em duas fases para fornecer conhecimentos te\u00f3ricos s\u00f3lidos alinhados com o aprendizado pr\u00e1tico. <\/p>\n\n\n\n<p>A premissa aqui \u00e9 aprender a faz\u00ea-lo para faz\u00ea-lo conscientemente, assumindo cada vez mais desafios a cada nova etapa. O programa tem dura\u00e7\u00e3o de at\u00e9 1 ano. Para participar \u00e9 preciso estar cursando tecnologia petroqu\u00edmica. O processo seletivo acontece durante todo o ano em S\u00e3o Paulo, Alagoas, Rio Grande do Sul, Bahia e Rio de Janeiro.<\/p>\n\n\n\n<p>Atualmente, est\u00e3o abertos os cadastros para o Programa Jovem Aprendiz. Os candidatos que est\u00e3o aptos a se inscrever s\u00e3o os que possuem idade de 18 a 24 anos e que j\u00e1 tenham terminado o Ensino M\u00e9dio ou que ainda estejam cursando. Estes programas s\u00e3o projetados para fornecer conhecimentos te\u00f3ricos e pr\u00e1ticos no dia a dia das empresas, preparar os jovens para o mercado de trabalho, ajud\u00e1-los a se desenvolver, desafiar, crescer e o mais importante: tra\u00e7ar seu pr\u00f3prio caminho desde cedo. O programa dura at\u00e9 2 anos, mas tamb\u00e9m h\u00e1 a possibilidade de ser efetivado pela empresa.<\/p>\n\n\n\n<ul class=\"wp-block-list\">\n<li>Jovem Aprendiz;<\/li>\n\n\n\n<li>Est\u00e1gio universit\u00e1rio;<\/li>\n\n\n\n<li>Forma\u00e7\u00e3o de operadores;<\/li>\n\n\n\n<li>Est\u00e1gio t\u00e9cnico.<\/li>\n<\/ul>\n\n\n\n<h3 class=\"wp-block-heading\">Como se candidatar<\/h3>\n\n\n\n<p>Para mandar o seu curr\u00edculo, acesse os sites em que s\u00e3o realizados os procedimentos de sele\u00e7\u00e3o. Para isso, clique nos links abaixo:<\/p>\n\n\n\n<ul class=\"wp-block-list\">\n<li><a href=\"https:\/\/www.braskem.com.br\/carreira\">Braskem Carreira.<\/a><\/li>\n<\/ul>\n\n\n\n<p>Em seguida, ser\u00e1 necess\u00e1rio ler as exig\u00eancias e atribui\u00e7\u00f5es da vaga para analisar se ela \u00e9 compat\u00edvel com o seu perfil antes de efetuar a sua inscri\u00e7\u00e3o.&nbsp; Em seguida, ser\u00e1 preciso se cadastrar na p\u00e1gina caso ainda n\u00e3o tenha, colocando as suas informa\u00e7\u00f5es pessoais e aguarde o contato da empresa para marcar a entrevista.<\/p>\n\n\n\n<p><strong>Veja tamb\u00e9m: <a href=\"https:\/\/www.vagadeempregorj.com.br\/ar\/empregos-nubank\/\">Empregos Nubank<\/a><\/strong><\/p>\n\n\n\n<h2 class=\"wp-block-heading\">Sobre a Braskem<\/h2>\n\n\n\n<p>Na Braskem, h\u00e1 espa\u00e7o para todos. Eles incentivam as pessoas a fazer a diferen\u00e7a, a se desenvolver e aprender todos os dias. S\u00e3o inquietos e querem ir mais longe, por isso incentivam os seus membros e procuram pessoas que os desafiem. Acreditam que atitudes inovadoras mudam a sociedade e o planeta.<\/p>\n\n\n\n<p>A inova\u00e7\u00e3o est\u00e1 em tudo o que eles fazem, nos nossos produtos, em seus processos e na forma como trabalham. Querem que todos se sintam bem. O seu objetivo \u00e9 proporcionar \u00e0s pessoas experi\u00eancias inesquec\u00edveis e um ambiente de trabalho din\u00e2mico, inspirador e flex\u00edvel. S\u00e3o inspirados por experi\u00eancias diferentes todos os dias.<\/p>\n\n\n\n<p>Valorizam a autonomia, a colabora\u00e7\u00e3o, a liberdade e a diversidade. L\u00e1 as pessoas s\u00e3o incentivadas a trilhar seu pr\u00f3prio caminho, com in\u00fameras oportunidades de desenvolvimento e carreira.<\/p>","protected":false},"excerpt":{"rendered":"<p>Atualizado em Os Empregos Braskem s\u00e3o um grande destaque no mercado de trabalho, devido aos seus benef\u00edcios. Na empresa os funcion\u00e1rios s\u00e3o livres para serem eles mesmos. L\u00e1 todos s\u00e3o valorizados por serem quem s\u00e3o. Valorizam a diversidade e criam um ambiente cada vez mais inclusivo. Acreditam que a inova\u00e7\u00e3o ganha vida quando diferentes perspectivas&hellip;&nbsp;<\/p>","protected":false},"author":16,"featured_media":35667,"comment_status":"open","ping_status":"closed","sticky":false,"template":"","format":"standard","meta":{"neve_meta_sidebar":"","neve_meta_container":"","neve_meta_enable_content_width":"","neve_meta_content_width":0,"neve_meta_title_alignment":"","neve_meta_author_avatar":"","neve_post_elements_order":"","neve_meta_disable_header":"","neve_meta_disable_footer":"","neve_meta_disable_title":"","footnotes":""},"categories":[123],"tags":[165,608,211],"class_list":["post-35663","post","type-post","status-publish","format-standard","has-post-thumbnail","hentry","category-vagas-de-emprego-nacionais","tag-braskem","tag-oportunidades","tag-vagas-de-emprego"],"yoast_head":"<!-- This site is optimized with the Yoast SEO plugin v27.5 - https:\/\/yoast.com\/product\/yoast-seo-wordpress\/ -->\n<title>Jovem Aprendiz, Est\u00e1gios, Operador de Produ\u00e7\u00e3o e mais na Empresa Braskem<\/title>\n<meta name=\"description\" content=\"Veja em Vagas de Emprego RJ as vagas de emprego com e sem experi\u00eancia no seu Estado e Regi\u00e3o!\" \/>\n<meta name=\"robots\" content=\"index, follow, max-snippet:-1, max-image-preview:large, max-video-preview:-1\" \/>\n<link rel=\"canonical\" href=\"https:\/\/www.vagadeempregorj.com.br\/ar\/empregos-braskem\/\" \/>\n<meta property=\"og:locale\" content=\"ar_AR\" \/>\n<meta property=\"og:type\" content=\"article\" \/>\n<meta property=\"og:title\" content=\"Jovem Aprendiz, Est\u00e1gios, Operador de Produ\u00e7\u00e3o e mais na Empresa Braskem\" \/>\n<meta property=\"og:description\" content=\"Veja em Vagas de Emprego RJ as vagas de emprego com e sem experi\u00eancia no seu Estado e Regi\u00e3o!\" \/>\n<meta property=\"og:url\" content=\"https:\/\/www.vagadeempregorj.com.br\/ar\/empregos-braskem\/\" \/>\n<meta property=\"article:publisher\" content=\"https:\/\/www.facebook.com\/empregobrasiloficial\" \/>\n<meta property=\"article:published_time\" content=\"2023-10-10T03:01:00+00:00\" \/>\n<meta property=\"og:image\" content=\"https:\/\/www.vagadeempregorj.com.br\/wp-content\/uploads\/2022\/10\/empregos-braskem.jpeg\" \/>\n\t<meta property=\"og:image:width\" content=\"750\" \/>\n\t<meta property=\"og:image:height\" content=\"500\" \/>\n\t<meta property=\"og:image:type\" content=\"image\/jpeg\" \/>\n<meta name=\"author\" content=\"Michele\" \/>\n<meta name=\"twitter:card\" content=\"summary_large_image\" \/>\n<meta name=\"twitter:label1\" content=\"Written by\" \/>\n\t<meta name=\"twitter:data1\" content=\"Michele\" \/>\n\t<meta name=\"twitter:label2\" content=\"Est. reading time\" \/>\n\t<meta name=\"twitter:data2\" content=\"3 \u062f\u0642\u0627\u0626\u0642\" \/>\n<script type=\"application\/ld+json\" class=\"yoast-schema-graph\">{\"@context\":\"https:\\\/\\\/schema.org\",\"@graph\":[{\"@type\":\"Article\",\"@id\":\"https:\\\/\\\/www.vagadeempregorj.com.br\\\/empregos-braskem\\\/#article\",\"isPartOf\":{\"@id\":\"https:\\\/\\\/www.vagadeempregorj.com.br\\\/empregos-braskem\\\/\"},\"author\":{\"name\":\"Michele\",\"@id\":\"https:\\\/\\\/www.vagadeempregorj.com.br\\\/#\\\/schema\\\/person\\\/3ddb19fa0539706786e502152f3aae95\"},\"headline\":\"Jovem Aprendiz, Est\u00e1gios, Operador de Produ\u00e7\u00e3o e mais na Empresa Braskem\",\"datePublished\":\"2023-10-10T03:01:00+00:00\",\"mainEntityOfPage\":{\"@id\":\"https:\\\/\\\/www.vagadeempregorj.com.br\\\/empregos-braskem\\\/\"},\"wordCount\":630,\"commentCount\":0,\"image\":{\"@id\":\"https:\\\/\\\/www.vagadeempregorj.com.br\\\/empregos-braskem\\\/#primaryimage\"},\"thumbnailUrl\":\"https:\\\/\\\/www.vagadeempregorj.com.br\\\/wp-content\\\/uploads\\\/2022\\\/10\\\/empregos-braskem.jpeg\",\"keywords\":[\"braskem\",\"oportunidades\",\"vagas de emprego\"],\"articleSection\":[\"Vagas de Emprego Nacionais\"],\"inLanguage\":\"ar\",\"potentialAction\":[{\"@type\":\"CommentAction\",\"name\":\"Comment\",\"target\":[\"https:\\\/\\\/www.vagadeempregorj.com.br\\\/empregos-braskem\\\/#respond\"]}]},{\"@type\":\"WebPage\",\"@id\":\"https:\\\/\\\/www.vagadeempregorj.com.br\\\/empregos-braskem\\\/\",\"url\":\"https:\\\/\\\/www.vagadeempregorj.com.br\\\/empregos-braskem\\\/\",\"name\":\"Jovem Aprendiz, Est\u00e1gios, Operador de Produ\u00e7\u00e3o e mais na Empresa Braskem\",\"isPartOf\":{\"@id\":\"https:\\\/\\\/www.vagadeempregorj.com.br\\\/#website\"},\"primaryImageOfPage\":{\"@id\":\"https:\\\/\\\/www.vagadeempregorj.com.br\\\/empregos-braskem\\\/#primaryimage\"},\"image\":{\"@id\":\"https:\\\/\\\/www.vagadeempregorj.com.br\\\/empregos-braskem\\\/#primaryimage\"},\"thumbnailUrl\":\"https:\\\/\\\/www.vagadeempregorj.com.br\\\/wp-content\\\/uploads\\\/2022\\\/10\\\/empregos-braskem.jpeg\",\"datePublished\":\"2023-10-10T03:01:00+00:00\",\"author\":{\"@id\":\"https:\\\/\\\/www.vagadeempregorj.com.br\\\/#\\\/schema\\\/person\\\/3ddb19fa0539706786e502152f3aae95\"},\"description\":\"Veja em Vagas de Emprego RJ as vagas de emprego com e sem experi\u00eancia no seu Estado e Regi\u00e3o!\",\"breadcrumb\":{\"@id\":\"https:\\\/\\\/www.vagadeempregorj.com.br\\\/empregos-braskem\\\/#breadcrumb\"},\"inLanguage\":\"ar\",\"potentialAction\":[{\"@type\":\"ReadAction\",\"target\":[\"https:\\\/\\\/www.vagadeempregorj.com.br\\\/empregos-braskem\\\/\"]}]},{\"@type\":\"ImageObject\",\"inLanguage\":\"ar\",\"@id\":\"https:\\\/\\\/www.vagadeempregorj.com.br\\\/empregos-braskem\\\/#primaryimage\",\"url\":\"https:\\\/\\\/www.vagadeempregorj.com.br\\\/wp-content\\\/uploads\\\/2022\\\/10\\\/empregos-braskem.jpeg\",\"contentUrl\":\"https:\\\/\\\/www.vagadeempregorj.com.br\\\/wp-content\\\/uploads\\\/2022\\\/10\\\/empregos-braskem.jpeg\",\"width\":750,\"height\":500,\"caption\":\"Imagem: Braskem - Reprodu\u00e7\u00e3o\"},{\"@type\":\"BreadcrumbList\",\"@id\":\"https:\\\/\\\/www.vagadeempregorj.com.br\\\/empregos-braskem\\\/#breadcrumb\",\"itemListElement\":[{\"@type\":\"ListItem\",\"position\":1,\"name\":\"In\u00edcio\",\"item\":\"https:\\\/\\\/www.vagadeempregorj.com.br\\\/\"},{\"@type\":\"ListItem\",\"position\":2,\"name\":\"Vagas de Emprego Nacionais\",\"item\":\"https:\\\/\\\/www.vagadeempregorj.com.br\\\/vagas-de-emprego-nacionais\\\/\"},{\"@type\":\"ListItem\",\"position\":3,\"name\":\"Jovem Aprendiz, Est\u00e1gios, Operador de Produ\u00e7\u00e3o e mais na Empresa Braskem\"}]},{\"@type\":\"WebSite\",\"@id\":\"https:\\\/\\\/www.vagadeempregorj.com.br\\\/#website\",\"url\":\"https:\\\/\\\/www.vagadeempregorj.com.br\\\/\",\"name\":\"\",\"description\":\"Conquiste Sonhos: Vagas, Benef\u00edcios e Economia para Transformar Vidas e Alcan\u00e7ar Melhorias Cotidianas\",\"potentialAction\":[{\"@type\":\"SearchAction\",\"target\":{\"@type\":\"EntryPoint\",\"urlTemplate\":\"https:\\\/\\\/www.vagadeempregorj.com.br\\\/?s={search_term_string}\"},\"query-input\":{\"@type\":\"PropertyValueSpecification\",\"valueRequired\":true,\"valueName\":\"search_term_string\"}}],\"inLanguage\":\"ar\"},{\"@type\":\"Person\",\"@id\":\"https:\\\/\\\/www.vagadeempregorj.com.br\\\/#\\\/schema\\\/person\\\/3ddb19fa0539706786e502152f3aae95\",\"name\":\"Michele\",\"image\":{\"@type\":\"ImageObject\",\"inLanguage\":\"ar\",\"@id\":\"https:\\\/\\\/secure.gravatar.com\\\/avatar\\\/6b0eb9d22841282815e2cd856a0061c45e1761cd54b22e952d98c4746939aa85?s=96&r=g\",\"url\":\"https:\\\/\\\/secure.gravatar.com\\\/avatar\\\/6b0eb9d22841282815e2cd856a0061c45e1761cd54b22e952d98c4746939aa85?s=96&r=g\",\"contentUrl\":\"https:\\\/\\\/secure.gravatar.com\\\/avatar\\\/6b0eb9d22841282815e2cd856a0061c45e1761cd54b22e952d98c4746939aa85?s=96&r=g\",\"caption\":\"Michele\"},\"description\":\"Formada em Letras - Portugu\u00eas\\\/ Ingl\u00eas, e idealizadora do site Escritora de Sucesso, busca expandir o conhecimento de todos com informa\u00e7\u00f5es relevantes sobre diversos assuntos, enquanto redatora. No Vaga de Emprego RJ, traz oportunidades e dicas sobre o mercado de trabalho.\",\"url\":\"https:\\\/\\\/www.vagadeempregorj.com.br\\\/ar\\\/author\\\/michele\\\/\"}]}<\/script>\n<!-- \/ Yoast SEO plugin. -->","yoast_head_json":{"title":"Jovem Aprendiz, Est\u00e1gios, Operador de Produ\u00e7\u00e3o e mais na Empresa Braskem","description":"Veja em Vagas de Emprego RJ as vagas de emprego com e sem experi\u00eancia no seu Estado e Regi\u00e3o!","robots":{"index":"index","follow":"follow","max-snippet":"max-snippet:-1","max-image-preview":"max-image-preview:large","max-video-preview":"max-video-preview:-1"},"canonical":"https:\/\/www.vagadeempregorj.com.br\/ar\/empregos-braskem\/","og_locale":"ar_AR","og_type":"article","og_title":"Jovem Aprendiz, Est\u00e1gios, Operador de Produ\u00e7\u00e3o e mais na Empresa Braskem","og_description":"Veja em Vagas de Emprego RJ as vagas de emprego com e sem experi\u00eancia no seu Estado e Regi\u00e3o!","og_url":"https:\/\/www.vagadeempregorj.com.br\/ar\/empregos-braskem\/","article_publisher":"https:\/\/www.facebook.com\/empregobrasiloficial","article_published_time":"2023-10-10T03:01:00+00:00","og_image":[{"width":750,"height":500,"url":"https:\/\/www.vagadeempregorj.com.br\/wp-content\/uploads\/2022\/10\/empregos-braskem.jpeg","type":"image\/jpeg"}],"author":"Michele","twitter_card":"summary_large_image","twitter_misc":{"Written by":"Michele","Est. reading time":"3 \u062f\u0642\u0627\u0626\u0642"},"schema":{"@context":"https:\/\/schema.org","@graph":[{"@type":"Article","@id":"https:\/\/www.vagadeempregorj.com.br\/empregos-braskem\/#article","isPartOf":{"@id":"https:\/\/www.vagadeempregorj.com.br\/empregos-braskem\/"},"author":{"name":"Michele","@id":"https:\/\/www.vagadeempregorj.com.br\/#\/schema\/person\/3ddb19fa0539706786e502152f3aae95"},"headline":"Jovem Aprendiz, Est\u00e1gios, Operador de Produ\u00e7\u00e3o e mais na Empresa Braskem","datePublished":"2023-10-10T03:01:00+00:00","mainEntityOfPage":{"@id":"https:\/\/www.vagadeempregorj.com.br\/empregos-braskem\/"},"wordCount":630,"commentCount":0,"image":{"@id":"https:\/\/www.vagadeempregorj.com.br\/empregos-braskem\/#primaryimage"},"thumbnailUrl":"https:\/\/www.vagadeempregorj.com.br\/wp-content\/uploads\/2022\/10\/empregos-braskem.jpeg","keywords":["braskem","oportunidades","vagas de emprego"],"articleSection":["Vagas de Emprego Nacionais"],"inLanguage":"ar","potentialAction":[{"@type":"CommentAction","name":"Comment","target":["https:\/\/www.vagadeempregorj.com.br\/empregos-braskem\/#respond"]}]},{"@type":"WebPage","@id":"https:\/\/www.vagadeempregorj.com.br\/empregos-braskem\/","url":"https:\/\/www.vagadeempregorj.com.br\/empregos-braskem\/","name":"Jovem Aprendiz, Est\u00e1gios, Operador de Produ\u00e7\u00e3o e mais na Empresa Braskem","isPartOf":{"@id":"https:\/\/www.vagadeempregorj.com.br\/#website"},"primaryImageOfPage":{"@id":"https:\/\/www.vagadeempregorj.com.br\/empregos-braskem\/#primaryimage"},"image":{"@id":"https:\/\/www.vagadeempregorj.com.br\/empregos-braskem\/#primaryimage"},"thumbnailUrl":"https:\/\/www.vagadeempregorj.com.br\/wp-content\/uploads\/2022\/10\/empregos-braskem.jpeg","datePublished":"2023-10-10T03:01:00+00:00","author":{"@id":"https:\/\/www.vagadeempregorj.com.br\/#\/schema\/person\/3ddb19fa0539706786e502152f3aae95"},"description":"Veja em Vagas de Emprego RJ as vagas de emprego com e sem experi\u00eancia no seu Estado e Regi\u00e3o!","breadcrumb":{"@id":"https:\/\/www.vagadeempregorj.com.br\/empregos-braskem\/#breadcrumb"},"inLanguage":"ar","potentialAction":[{"@type":"ReadAction","target":["https:\/\/www.vagadeempregorj.com.br\/empregos-braskem\/"]}]},{"@type":"ImageObject","inLanguage":"ar","@id":"https:\/\/www.vagadeempregorj.com.br\/empregos-braskem\/#primaryimage","url":"https:\/\/www.vagadeempregorj.com.br\/wp-content\/uploads\/2022\/10\/empregos-braskem.jpeg","contentUrl":"https:\/\/www.vagadeempregorj.com.br\/wp-content\/uploads\/2022\/10\/empregos-braskem.jpeg","width":750,"height":500,"caption":"Imagem: Braskem - Reprodu\u00e7\u00e3o"},{"@type":"BreadcrumbList","@id":"https:\/\/www.vagadeempregorj.com.br\/empregos-braskem\/#breadcrumb","itemListElement":[{"@type":"ListItem","position":1,"name":"In\u00edcio","item":"https:\/\/www.vagadeempregorj.com.br\/"},{"@type":"ListItem","position":2,"name":"Vagas de Emprego Nacionais","item":"https:\/\/www.vagadeempregorj.com.br\/vagas-de-emprego-nacionais\/"},{"@type":"ListItem","position":3,"name":"Jovem Aprendiz, Est\u00e1gios, Operador de Produ\u00e7\u00e3o e mais na Empresa Braskem"}]},{"@type":"WebSite","@id":"https:\/\/www.vagadeempregorj.com.br\/#website","url":"https:\/\/www.vagadeempregorj.com.br\/","name":"","description":"Conquiste Sonhos: Vagas, Benef\u00edcios e Economia para Transformar Vidas e Alcan\u00e7ar Melhorias Cotidianas","potentialAction":[{"@type":"SearchAction","target":{"@type":"EntryPoint","urlTemplate":"https:\/\/www.vagadeempregorj.com.br\/?s={search_term_string}"},"query-input":{"@type":"PropertyValueSpecification","valueRequired":true,"valueName":"search_term_string"}}],"inLanguage":"ar"},{"@type":"Person","@id":"https:\/\/www.vagadeempregorj.com.br\/#\/schema\/person\/3ddb19fa0539706786e502152f3aae95","name":"Michele","image":{"@type":"ImageObject","inLanguage":"ar","@id":"https:\/\/secure.gravatar.com\/avatar\/6b0eb9d22841282815e2cd856a0061c45e1761cd54b22e952d98c4746939aa85?s=96&r=g","url":"https:\/\/secure.gravatar.com\/avatar\/6b0eb9d22841282815e2cd856a0061c45e1761cd54b22e952d98c4746939aa85?s=96&r=g","contentUrl":"https:\/\/secure.gravatar.com\/avatar\/6b0eb9d22841282815e2cd856a0061c45e1761cd54b22e952d98c4746939aa85?s=96&r=g","caption":"Michele"},"description":"Formada em Letras - Portugu\u00eas\/ Ingl\u00eas, e idealizadora do site Escritora de Sucesso, busca expandir o conhecimento de todos com informa\u00e7\u00f5es relevantes sobre diversos assuntos, enquanto redatora. No Vaga de Emprego RJ, traz oportunidades e dicas sobre o mercado de trabalho.","url":"https:\/\/www.vagadeempregorj.com.br\/ar\/author\/michele\/"}]}},"_links":{"self":[{"href":"https:\/\/www.vagadeempregorj.com.br\/ar\/wp-json\/wp\/v2\/posts\/35663","targetHints":{"allow":["GET"]}}],"collection":[{"href":"https:\/\/www.vagadeempregorj.com.br\/ar\/wp-json\/wp\/v2\/posts"}],"about":[{"href":"https:\/\/www.vagadeempregorj.com.br\/ar\/wp-json\/wp\/v2\/types\/post"}],"author":[{"embeddable":true,"href":"https:\/\/www.vagadeempregorj.com.br\/ar\/wp-json\/wp\/v2\/users\/16"}],"replies":[{"embeddable":true,"href":"https:\/\/www.vagadeempregorj.com.br\/ar\/wp-json\/wp\/v2\/comments?post=35663"}],"version-history":[{"count":0,"href":"https:\/\/www.vagadeempregorj.com.br\/ar\/wp-json\/wp\/v2\/posts\/35663\/revisions"}],"wp:featuredmedia":[{"embeddable":true,"href":"https:\/\/www.vagadeempregorj.com.br\/ar\/wp-json\/wp\/v2\/media\/35667"}],"wp:attachment":[{"href":"https:\/\/www.vagadeempregorj.com.br\/ar\/wp-json\/wp\/v2\/media?parent=35663"}],"wp:term":[{"taxonomy":"category","embeddable":true,"href":"https:\/\/www.vagadeempregorj.com.br\/ar\/wp-json\/wp\/v2\/categories?post=35663"},{"taxonomy":"post_tag","embeddable":true,"href":"https:\/\/www.vagadeempregorj.com.br\/ar\/wp-json\/wp\/v2\/tags?post=35663"}],"curies":[{"name":"wp","href":"https:\/\/api.w.org\/{rel}","templated":true}]}}