{"id":35709,"date":"2023-10-12T00:52:00","date_gmt":"2023-10-12T03:52:00","guid":{"rendered":"https:\/\/www.vagadeempregorj.com.br\/?p=35709"},"modified":"2026-02-25T20:04:19","modified_gmt":"2026-02-25T23:04:19","slug":"empregos-grupo-mantiqueira","status":"publish","type":"post","link":"https:\/\/www.vagadeempregorj.com.br\/ar\/empregos-grupo-mantiqueira\/","title":{"rendered":"Analista de Suprimentos, Auxiliar de Manuten\u00e7\u00e3o, Atendente de Loja, Lavador de Ve\u00edculos e muito mais no Grupo Mantiqueira"},"content":{"rendered":"<p>Atualizado em<\/p>\n\n\n<div class=\"wp-block-post-date\"><time datetime=\"2023-10-12T00:52:00-03:00\">12\/10\/2023<\/time><\/div>\n\n\n<p>Os Empregos Grupo Mantiqueira s\u00e3o um grande destaque no mercado de trabalho, em raz\u00e3o de seus benef\u00edcios. A empresa \u00e9 um momento divisor de \u00e1guas para a avicultura brasileira. A companhia come\u00e7ou a produzir ovos a partir de 30.000 galinhas em granja alugada, sempre com foco na qualidade do produto, em busca de inova\u00e7\u00e3o e desenvolvimento. Um grande salto no setor de ovos brasileiro \u00e9 trazer para o Brasil as inova\u00e7\u00f5es j\u00e1 dispon\u00edveis em pa\u00edses europeus, tornando-se a primeira granja automatizada do pa\u00eds.<\/p>\n\n\n\n<figure class=\"wp-block-image size-full is-resized\"><img loading=\"lazy\" decoding=\"async\" width=\"400\" height=\"400\" src=\"https:\/\/www.vagadeempregorj.com.br\/wp-content\/uploads\/2022\/10\/empregos-Grupo-Mantiqueira.jpg\" alt=\"empregos Grupo Mantiqueira\" class=\"wp-image-35714\" style=\"width:487px;height:487px\" srcset=\"https:\/\/www.vagadeempregorj.com.br\/wp-content\/uploads\/2022\/10\/empregos-Grupo-Mantiqueira.jpg 400w, https:\/\/www.vagadeempregorj.com.br\/wp-content\/uploads\/2022\/10\/empregos-Grupo-Mantiqueira-300x300.jpg 300w, https:\/\/www.vagadeempregorj.com.br\/wp-content\/uploads\/2022\/10\/empregos-Grupo-Mantiqueira-150x150.jpg 150w, https:\/\/www.vagadeempregorj.com.br\/wp-content\/uploads\/2022\/10\/empregos-Grupo-Mantiqueira-96x96.jpg 96w\" sizes=\"auto, (max-width: 400px) 100vw, 400px\" \/><figcaption class=\"wp-element-caption\">Imagem: Grupo Mantiqueira &#8211; Reprodu\u00e7\u00e3o<\/figcaption><\/figure>\n\n\n\n<h2 class=\"wp-block-heading\">Conhe\u00e7a todas as vagas de Empregos Grupo Mantiqueira<\/h2>\n\n\n\n<p>H\u00e1 diversas oportunidades de trabalho para v\u00e1rias regi\u00f5es do pa\u00eds, sendo todas elas efetivas. Contudo, a maior parte delas requer experi\u00eancia comprovada na \u00e1rea.<\/p>\n\n\n\n<p>A miss\u00e3o da empresa \u00e9 fornecer alimentos saud\u00e1veis \u200b\u200bde modo sustent\u00e1vel, respeitando o meio-ambiente e a comunidade, e criando valor para acionistas, clientes, colaboradores e parceiros. Confira abaixo todos os cargos dispon\u00edveis e verifique em seguida como se inscrever:<\/p>\n\n\n\n<ul class=\"wp-block-list\">\n<li>ANA. DE SUPRIMENTOS;<\/li>\n\n\n\n<li>Motorista \u00be;<\/li>\n\n\n\n<li>Ass. de expedi\u00e7\u00e3o;<\/li>\n\n\n\n<li>Motorista e vendedor de tuk-tuk;<\/li>\n\n\n\n<li>Aux. Comercial;<\/li>\n\n\n\n<li>Op. Higieniza\u00e7\u00e3o pr\u00e9-Operacional;<\/li>\n\n\n\n<li>AUX. DE PRODU\u00c7\u00c3O;<\/li>\n\n\n\n<li>Motorista Carreteiro;<\/li>\n\n\n\n<li>Aux. Geral (carga e descarga);<\/li>\n\n\n\n<li>OPERADOR DE PRODU\u00c7\u00c3O;<\/li>\n\n\n\n<li>Aux. Operacional de F\u00e1brica de Ra\u00e7\u00e3o;<\/li>\n\n\n\n<li>Atendente de Loja;<\/li>\n\n\n\n<li>Eletromec\u00e2nico Junior.<\/li>\n<\/ul>\n\n\n\n<h3 class=\"wp-block-heading\">Como se candidatar<\/h3>\n\n\n\n<p>Para enviar o seu curr\u00edculo, acesse o site em que o processo de sele\u00e7\u00e3o \u00e9 realizado. Para isso, entre no site oficial Grupo Mantiqueira e envie o curr\u00edculo. <\/p>\n\n\n\n<ul class=\"wp-block-list\"><\/ul>\n\n\n\n<p>Em seguida, vai ser necess\u00e1rio ler com cuidado todas as atribui\u00e7\u00f5es e exig\u00eancias da vaga escolhida para se certificar de que ela \u00e9 compat\u00edvel com o seu perfil profissional antes de realizar a sua inscri\u00e7\u00e3o.<\/p>\n\n\n\n<p>Em caso afirmativo, vai ser preciso criar um cadastro na p\u00e1gina caso ainda n\u00e3o tenha. Para isso, coloque todas as suas informa\u00e7\u00f5es pessoais e aguarde o contato da empresa caso o seu curr\u00edculo seja selecionado.<\/p>\n\n\n\n<p><strong>Veja tamb\u00e9m: <a href=\"https:\/\/www.vagadeempregorj.com.br\/ar\/empregos-nestle\/\">Empregos Nestl\u00e9<\/a><\/strong><\/p>\n\n\n\n<h2 class=\"wp-block-heading\">Sobre o Grupo Mantiqueira<\/h2>\n\n\n\n<p>A empresa come\u00e7ou o seu trabalho na cidade mineira Itanhandu no fim de 1980, quando havia apenas 30 mil frangos. A produ\u00e7\u00e3o de ovos da Mantiqueira come\u00e7a em granjas alugadas e sempre teve o compromisso de inova\u00e7\u00e3o e desenvolvimento, enfocando a qualidade do produto. H\u00e1 mais de trinta anos, \u00e9 l\u00edder na ind\u00fastria av\u00edcola sul-americana, com uma produ\u00e7\u00e3o anual total de cerca de 3 bilh\u00f5es. Com forte DNA de pioneirismo, foi pioneira na inova\u00e7\u00e3o da produ\u00e7\u00e3o autom\u00e1tica em longa escala de ovos livres de gaiolas no mercado do Brasil.<\/p>\n\n\n\n<p>Depois que a produ\u00e7\u00e3o come\u00e7ou a crescer, a companhia tamb\u00e9m come\u00e7ou a expandir suas opera\u00e7\u00f5es em outras \u00e1reas, como fertilizantes da Solobom, pecu\u00e1ria, produ\u00e7\u00e3o de solo, agricultura e armazenagem. A companhia est\u00e1 investindo tamb\u00e9m em novas f\u00e1bricas nos estados de S\u00e3o Paulo, Lorena e Cabr\u00e1lia Paulista, para produzir os seis produtos livres de gaiolas com certifica\u00e7\u00e3o de bem estar animal, e uma nova f\u00e1brica de processamento de ovos em Uberl\u00e2ndia. Temos opera\u00e7\u00f5es comerciais em todo o pa\u00eds!<\/p>\n\n\n\n<p>Hoje em dia, a empresa possui mais de 2.000 funcion\u00e1rios e foi certificado pelo GPTW como uma boa companhia para trabalhar em 2021. No mesmo ano, se posicionou em nono lugar no pr\u00eamio no estado mineiro.<\/p>","protected":false},"excerpt":{"rendered":"<p>Atualizado em Os Empregos Grupo Mantiqueira s\u00e3o um grande destaque no mercado de trabalho, em raz\u00e3o de seus benef\u00edcios. A empresa \u00e9 um momento divisor de \u00e1guas para a avicultura brasileira. A companhia come\u00e7ou a produzir ovos a partir de 30.000 galinhas em granja alugada, sempre com foco na qualidade do produto, em busca de&hellip;&nbsp;<\/p>","protected":false},"author":16,"featured_media":35714,"comment_status":"open","ping_status":"closed","sticky":false,"template":"","format":"standard","meta":{"neve_meta_sidebar":"","neve_meta_container":"","neve_meta_enable_content_width":"","neve_meta_content_width":0,"neve_meta_title_alignment":"","neve_meta_author_avatar":"","neve_post_elements_order":"","neve_meta_disable_header":"","neve_meta_disable_footer":"","neve_meta_disable_title":"","footnotes":""},"categories":[123],"tags":[642,608,211],"class_list":["post-35709","post","type-post","status-publish","format-standard","has-post-thumbnail","hentry","category-vagas-de-emprego-nacionais","tag-grupo-mantiqueira","tag-oportunidades","tag-vagas-de-emprego"],"yoast_head":"<!-- This site is optimized with the Yoast SEO plugin v27.5 - https:\/\/yoast.com\/product\/yoast-seo-wordpress\/ -->\n<title>Analista de Suprimentos, Auxiliar de Manuten\u00e7\u00e3o, Atendente de Loja, Lavador de Ve\u00edculos e muito mais no Grupo Mantiqueira -<\/title>\n<meta name=\"description\" content=\"Veja em Vagas de Emprego RJ as vagas de emprego com e sem experi\u00eancia no seu Estado e Regi\u00e3o!\" \/>\n<meta name=\"robots\" content=\"index, follow, max-snippet:-1, max-image-preview:large, max-video-preview:-1\" \/>\n<link rel=\"canonical\" href=\"https:\/\/www.vagadeempregorj.com.br\/ar\/empregos-grupo-mantiqueira\/\" \/>\n<meta property=\"og:locale\" content=\"ar_AR\" \/>\n<meta property=\"og:type\" content=\"article\" \/>\n<meta property=\"og:title\" content=\"Analista de Suprimentos, Auxiliar de Manuten\u00e7\u00e3o, Atendente de Loja, Lavador de Ve\u00edculos e muito mais no Grupo Mantiqueira -\" \/>\n<meta property=\"og:description\" content=\"Veja em Vagas de Emprego RJ as vagas de emprego com e sem experi\u00eancia no seu Estado e Regi\u00e3o!\" \/>\n<meta property=\"og:url\" content=\"https:\/\/www.vagadeempregorj.com.br\/ar\/empregos-grupo-mantiqueira\/\" \/>\n<meta property=\"article:publisher\" content=\"https:\/\/www.facebook.com\/empregobrasiloficial\" \/>\n<meta property=\"article:published_time\" content=\"2023-10-12T03:52:00+00:00\" \/>\n<meta property=\"article:modified_time\" content=\"2026-02-25T23:04:19+00:00\" \/>\n<meta property=\"og:image\" content=\"https:\/\/www.vagadeempregorj.com.br\/wp-content\/uploads\/2022\/10\/empregos-Grupo-Mantiqueira.jpg\" \/>\n\t<meta property=\"og:image:width\" content=\"400\" \/>\n\t<meta property=\"og:image:height\" content=\"400\" \/>\n\t<meta property=\"og:image:type\" content=\"image\/jpeg\" \/>\n<meta name=\"author\" content=\"Michele\" \/>\n<meta name=\"twitter:card\" content=\"summary_large_image\" \/>\n<meta name=\"twitter:label1\" content=\"Written by\" \/>\n\t<meta name=\"twitter:data1\" content=\"Michele\" \/>\n\t<meta name=\"twitter:label2\" content=\"Est. reading time\" \/>\n\t<meta name=\"twitter:data2\" content=\"3 \u062f\u0642\u0627\u0626\u0642\" \/>\n<script type=\"application\/ld+json\" class=\"yoast-schema-graph\">{\"@context\":\"https:\\\/\\\/schema.org\",\"@graph\":[{\"@type\":\"Article\",\"@id\":\"https:\\\/\\\/www.vagadeempregorj.com.br\\\/empregos-grupo-mantiqueira\\\/#article\",\"isPartOf\":{\"@id\":\"https:\\\/\\\/www.vagadeempregorj.com.br\\\/empregos-grupo-mantiqueira\\\/\"},\"author\":{\"name\":\"Michele\",\"@id\":\"https:\\\/\\\/www.vagadeempregorj.com.br\\\/#\\\/schema\\\/person\\\/3ddb19fa0539706786e502152f3aae95\"},\"headline\":\"Analista de Suprimentos, Auxiliar de Manuten\u00e7\u00e3o, Atendente de Loja, Lavador de Ve\u00edculos e muito mais no Grupo Mantiqueira\",\"datePublished\":\"2023-10-12T03:52:00+00:00\",\"dateModified\":\"2026-02-25T23:04:19+00:00\",\"mainEntityOfPage\":{\"@id\":\"https:\\\/\\\/www.vagadeempregorj.com.br\\\/empregos-grupo-mantiqueira\\\/\"},\"wordCount\":591,\"commentCount\":0,\"image\":{\"@id\":\"https:\\\/\\\/www.vagadeempregorj.com.br\\\/empregos-grupo-mantiqueira\\\/#primaryimage\"},\"thumbnailUrl\":\"https:\\\/\\\/www.vagadeempregorj.com.br\\\/wp-content\\\/uploads\\\/2022\\\/10\\\/empregos-Grupo-Mantiqueira.jpg\",\"keywords\":[\"Grupo Mantiqueira\",\"oportunidades\",\"vagas de emprego\"],\"articleSection\":[\"Vagas de Emprego Nacionais\"],\"inLanguage\":\"ar\",\"potentialAction\":[{\"@type\":\"CommentAction\",\"name\":\"Comment\",\"target\":[\"https:\\\/\\\/www.vagadeempregorj.com.br\\\/empregos-grupo-mantiqueira\\\/#respond\"]}]},{\"@type\":\"WebPage\",\"@id\":\"https:\\\/\\\/www.vagadeempregorj.com.br\\\/empregos-grupo-mantiqueira\\\/\",\"url\":\"https:\\\/\\\/www.vagadeempregorj.com.br\\\/empregos-grupo-mantiqueira\\\/\",\"name\":\"Analista de Suprimentos, Auxiliar de Manuten\u00e7\u00e3o, Atendente de Loja, Lavador de Ve\u00edculos e muito mais no Grupo Mantiqueira -\",\"isPartOf\":{\"@id\":\"https:\\\/\\\/www.vagadeempregorj.com.br\\\/#website\"},\"primaryImageOfPage\":{\"@id\":\"https:\\\/\\\/www.vagadeempregorj.com.br\\\/empregos-grupo-mantiqueira\\\/#primaryimage\"},\"image\":{\"@id\":\"https:\\\/\\\/www.vagadeempregorj.com.br\\\/empregos-grupo-mantiqueira\\\/#primaryimage\"},\"thumbnailUrl\":\"https:\\\/\\\/www.vagadeempregorj.com.br\\\/wp-content\\\/uploads\\\/2022\\\/10\\\/empregos-Grupo-Mantiqueira.jpg\",\"datePublished\":\"2023-10-12T03:52:00+00:00\",\"dateModified\":\"2026-02-25T23:04:19+00:00\",\"author\":{\"@id\":\"https:\\\/\\\/www.vagadeempregorj.com.br\\\/#\\\/schema\\\/person\\\/3ddb19fa0539706786e502152f3aae95\"},\"description\":\"Veja em Vagas de Emprego RJ as vagas de emprego com e sem experi\u00eancia no seu Estado e Regi\u00e3o!\",\"breadcrumb\":{\"@id\":\"https:\\\/\\\/www.vagadeempregorj.com.br\\\/empregos-grupo-mantiqueira\\\/#breadcrumb\"},\"inLanguage\":\"ar\",\"potentialAction\":[{\"@type\":\"ReadAction\",\"target\":[\"https:\\\/\\\/www.vagadeempregorj.com.br\\\/empregos-grupo-mantiqueira\\\/\"]}]},{\"@type\":\"ImageObject\",\"inLanguage\":\"ar\",\"@id\":\"https:\\\/\\\/www.vagadeempregorj.com.br\\\/empregos-grupo-mantiqueira\\\/#primaryimage\",\"url\":\"https:\\\/\\\/www.vagadeempregorj.com.br\\\/wp-content\\\/uploads\\\/2022\\\/10\\\/empregos-Grupo-Mantiqueira.jpg\",\"contentUrl\":\"https:\\\/\\\/www.vagadeempregorj.com.br\\\/wp-content\\\/uploads\\\/2022\\\/10\\\/empregos-Grupo-Mantiqueira.jpg\",\"width\":400,\"height\":400,\"caption\":\"Imagem: Grupo Mantiqueira - Reprodu\u00e7\u00e3o\"},{\"@type\":\"BreadcrumbList\",\"@id\":\"https:\\\/\\\/www.vagadeempregorj.com.br\\\/empregos-grupo-mantiqueira\\\/#breadcrumb\",\"itemListElement\":[{\"@type\":\"ListItem\",\"position\":1,\"name\":\"In\u00edcio\",\"item\":\"https:\\\/\\\/www.vagadeempregorj.com.br\\\/\"},{\"@type\":\"ListItem\",\"position\":2,\"name\":\"Vagas de Emprego Nacionais\",\"item\":\"https:\\\/\\\/www.vagadeempregorj.com.br\\\/vagas-de-emprego-nacionais\\\/\"},{\"@type\":\"ListItem\",\"position\":3,\"name\":\"Analista de Suprimentos, Auxiliar de Manuten\u00e7\u00e3o, Atendente de Loja, Lavador de Ve\u00edculos e muito mais no Grupo Mantiqueira\"}]},{\"@type\":\"WebSite\",\"@id\":\"https:\\\/\\\/www.vagadeempregorj.com.br\\\/#website\",\"url\":\"https:\\\/\\\/www.vagadeempregorj.com.br\\\/\",\"name\":\"\",\"description\":\"Conquiste Sonhos: Vagas, Benef\u00edcios e Economia para Transformar Vidas e Alcan\u00e7ar Melhorias Cotidianas\",\"potentialAction\":[{\"@type\":\"SearchAction\",\"target\":{\"@type\":\"EntryPoint\",\"urlTemplate\":\"https:\\\/\\\/www.vagadeempregorj.com.br\\\/?s={search_term_string}\"},\"query-input\":{\"@type\":\"PropertyValueSpecification\",\"valueRequired\":true,\"valueName\":\"search_term_string\"}}],\"inLanguage\":\"ar\"},{\"@type\":\"Person\",\"@id\":\"https:\\\/\\\/www.vagadeempregorj.com.br\\\/#\\\/schema\\\/person\\\/3ddb19fa0539706786e502152f3aae95\",\"name\":\"Michele\",\"image\":{\"@type\":\"ImageObject\",\"inLanguage\":\"ar\",\"@id\":\"https:\\\/\\\/secure.gravatar.com\\\/avatar\\\/6b0eb9d22841282815e2cd856a0061c45e1761cd54b22e952d98c4746939aa85?s=96&r=g\",\"url\":\"https:\\\/\\\/secure.gravatar.com\\\/avatar\\\/6b0eb9d22841282815e2cd856a0061c45e1761cd54b22e952d98c4746939aa85?s=96&r=g\",\"contentUrl\":\"https:\\\/\\\/secure.gravatar.com\\\/avatar\\\/6b0eb9d22841282815e2cd856a0061c45e1761cd54b22e952d98c4746939aa85?s=96&r=g\",\"caption\":\"Michele\"},\"description\":\"Formada em Letras - Portugu\u00eas\\\/ Ingl\u00eas, e idealizadora do site Escritora de Sucesso, busca expandir o conhecimento de todos com informa\u00e7\u00f5es relevantes sobre diversos assuntos, enquanto redatora. No Vaga de Emprego RJ, traz oportunidades e dicas sobre o mercado de trabalho.\",\"url\":\"https:\\\/\\\/www.vagadeempregorj.com.br\\\/ar\\\/author\\\/michele\\\/\"}]}<\/script>\n<!-- \/ Yoast SEO plugin. -->","yoast_head_json":{"title":"Analista de Suprimentos, Auxiliar de Manuten\u00e7\u00e3o, Atendente de Loja, Lavador de Ve\u00edculos e muito mais no Grupo Mantiqueira -","description":"Veja em Vagas de Emprego RJ as vagas de emprego com e sem experi\u00eancia no seu Estado e Regi\u00e3o!","robots":{"index":"index","follow":"follow","max-snippet":"max-snippet:-1","max-image-preview":"max-image-preview:large","max-video-preview":"max-video-preview:-1"},"canonical":"https:\/\/www.vagadeempregorj.com.br\/ar\/empregos-grupo-mantiqueira\/","og_locale":"ar_AR","og_type":"article","og_title":"Analista de Suprimentos, Auxiliar de Manuten\u00e7\u00e3o, Atendente de Loja, Lavador de Ve\u00edculos e muito mais no Grupo Mantiqueira -","og_description":"Veja em Vagas de Emprego RJ as vagas de emprego com e sem experi\u00eancia no seu Estado e Regi\u00e3o!","og_url":"https:\/\/www.vagadeempregorj.com.br\/ar\/empregos-grupo-mantiqueira\/","article_publisher":"https:\/\/www.facebook.com\/empregobrasiloficial","article_published_time":"2023-10-12T03:52:00+00:00","article_modified_time":"2026-02-25T23:04:19+00:00","og_image":[{"width":400,"height":400,"url":"https:\/\/www.vagadeempregorj.com.br\/wp-content\/uploads\/2022\/10\/empregos-Grupo-Mantiqueira.jpg","type":"image\/jpeg"}],"author":"Michele","twitter_card":"summary_large_image","twitter_misc":{"Written by":"Michele","Est. reading time":"3 \u062f\u0642\u0627\u0626\u0642"},"schema":{"@context":"https:\/\/schema.org","@graph":[{"@type":"Article","@id":"https:\/\/www.vagadeempregorj.com.br\/empregos-grupo-mantiqueira\/#article","isPartOf":{"@id":"https:\/\/www.vagadeempregorj.com.br\/empregos-grupo-mantiqueira\/"},"author":{"name":"Michele","@id":"https:\/\/www.vagadeempregorj.com.br\/#\/schema\/person\/3ddb19fa0539706786e502152f3aae95"},"headline":"Analista de Suprimentos, Auxiliar de Manuten\u00e7\u00e3o, Atendente de Loja, Lavador de Ve\u00edculos e muito mais no Grupo Mantiqueira","datePublished":"2023-10-12T03:52:00+00:00","dateModified":"2026-02-25T23:04:19+00:00","mainEntityOfPage":{"@id":"https:\/\/www.vagadeempregorj.com.br\/empregos-grupo-mantiqueira\/"},"wordCount":591,"commentCount":0,"image":{"@id":"https:\/\/www.vagadeempregorj.com.br\/empregos-grupo-mantiqueira\/#primaryimage"},"thumbnailUrl":"https:\/\/www.vagadeempregorj.com.br\/wp-content\/uploads\/2022\/10\/empregos-Grupo-Mantiqueira.jpg","keywords":["Grupo Mantiqueira","oportunidades","vagas de emprego"],"articleSection":["Vagas de Emprego Nacionais"],"inLanguage":"ar","potentialAction":[{"@type":"CommentAction","name":"Comment","target":["https:\/\/www.vagadeempregorj.com.br\/empregos-grupo-mantiqueira\/#respond"]}]},{"@type":"WebPage","@id":"https:\/\/www.vagadeempregorj.com.br\/empregos-grupo-mantiqueira\/","url":"https:\/\/www.vagadeempregorj.com.br\/empregos-grupo-mantiqueira\/","name":"Analista de Suprimentos, Auxiliar de Manuten\u00e7\u00e3o, Atendente de Loja, Lavador de Ve\u00edculos e muito mais no Grupo Mantiqueira -","isPartOf":{"@id":"https:\/\/www.vagadeempregorj.com.br\/#website"},"primaryImageOfPage":{"@id":"https:\/\/www.vagadeempregorj.com.br\/empregos-grupo-mantiqueira\/#primaryimage"},"image":{"@id":"https:\/\/www.vagadeempregorj.com.br\/empregos-grupo-mantiqueira\/#primaryimage"},"thumbnailUrl":"https:\/\/www.vagadeempregorj.com.br\/wp-content\/uploads\/2022\/10\/empregos-Grupo-Mantiqueira.jpg","datePublished":"2023-10-12T03:52:00+00:00","dateModified":"2026-02-25T23:04:19+00:00","author":{"@id":"https:\/\/www.vagadeempregorj.com.br\/#\/schema\/person\/3ddb19fa0539706786e502152f3aae95"},"description":"Veja em Vagas de Emprego RJ as vagas de emprego com e sem experi\u00eancia no seu Estado e Regi\u00e3o!","breadcrumb":{"@id":"https:\/\/www.vagadeempregorj.com.br\/empregos-grupo-mantiqueira\/#breadcrumb"},"inLanguage":"ar","potentialAction":[{"@type":"ReadAction","target":["https:\/\/www.vagadeempregorj.com.br\/empregos-grupo-mantiqueira\/"]}]},{"@type":"ImageObject","inLanguage":"ar","@id":"https:\/\/www.vagadeempregorj.com.br\/empregos-grupo-mantiqueira\/#primaryimage","url":"https:\/\/www.vagadeempregorj.com.br\/wp-content\/uploads\/2022\/10\/empregos-Grupo-Mantiqueira.jpg","contentUrl":"https:\/\/www.vagadeempregorj.com.br\/wp-content\/uploads\/2022\/10\/empregos-Grupo-Mantiqueira.jpg","width":400,"height":400,"caption":"Imagem: Grupo Mantiqueira - Reprodu\u00e7\u00e3o"},{"@type":"BreadcrumbList","@id":"https:\/\/www.vagadeempregorj.com.br\/empregos-grupo-mantiqueira\/#breadcrumb","itemListElement":[{"@type":"ListItem","position":1,"name":"In\u00edcio","item":"https:\/\/www.vagadeempregorj.com.br\/"},{"@type":"ListItem","position":2,"name":"Vagas de Emprego Nacionais","item":"https:\/\/www.vagadeempregorj.com.br\/vagas-de-emprego-nacionais\/"},{"@type":"ListItem","position":3,"name":"Analista de Suprimentos, Auxiliar de Manuten\u00e7\u00e3o, Atendente de Loja, Lavador de Ve\u00edculos e muito mais no Grupo Mantiqueira"}]},{"@type":"WebSite","@id":"https:\/\/www.vagadeempregorj.com.br\/#website","url":"https:\/\/www.vagadeempregorj.com.br\/","name":"","description":"Conquiste Sonhos: Vagas, Benef\u00edcios e Economia para Transformar Vidas e Alcan\u00e7ar Melhorias Cotidianas","potentialAction":[{"@type":"SearchAction","target":{"@type":"EntryPoint","urlTemplate":"https:\/\/www.vagadeempregorj.com.br\/?s={search_term_string}"},"query-input":{"@type":"PropertyValueSpecification","valueRequired":true,"valueName":"search_term_string"}}],"inLanguage":"ar"},{"@type":"Person","@id":"https:\/\/www.vagadeempregorj.com.br\/#\/schema\/person\/3ddb19fa0539706786e502152f3aae95","name":"Michele","image":{"@type":"ImageObject","inLanguage":"ar","@id":"https:\/\/secure.gravatar.com\/avatar\/6b0eb9d22841282815e2cd856a0061c45e1761cd54b22e952d98c4746939aa85?s=96&r=g","url":"https:\/\/secure.gravatar.com\/avatar\/6b0eb9d22841282815e2cd856a0061c45e1761cd54b22e952d98c4746939aa85?s=96&r=g","contentUrl":"https:\/\/secure.gravatar.com\/avatar\/6b0eb9d22841282815e2cd856a0061c45e1761cd54b22e952d98c4746939aa85?s=96&r=g","caption":"Michele"},"description":"Formada em Letras - Portugu\u00eas\/ Ingl\u00eas, e idealizadora do site Escritora de Sucesso, busca expandir o conhecimento de todos com informa\u00e7\u00f5es relevantes sobre diversos assuntos, enquanto redatora. No Vaga de Emprego RJ, traz oportunidades e dicas sobre o mercado de trabalho.","url":"https:\/\/www.vagadeempregorj.com.br\/ar\/author\/michele\/"}]}},"_links":{"self":[{"href":"https:\/\/www.vagadeempregorj.com.br\/ar\/wp-json\/wp\/v2\/posts\/35709","targetHints":{"allow":["GET"]}}],"collection":[{"href":"https:\/\/www.vagadeempregorj.com.br\/ar\/wp-json\/wp\/v2\/posts"}],"about":[{"href":"https:\/\/www.vagadeempregorj.com.br\/ar\/wp-json\/wp\/v2\/types\/post"}],"author":[{"embeddable":true,"href":"https:\/\/www.vagadeempregorj.com.br\/ar\/wp-json\/wp\/v2\/users\/16"}],"replies":[{"embeddable":true,"href":"https:\/\/www.vagadeempregorj.com.br\/ar\/wp-json\/wp\/v2\/comments?post=35709"}],"version-history":[{"count":1,"href":"https:\/\/www.vagadeempregorj.com.br\/ar\/wp-json\/wp\/v2\/posts\/35709\/revisions"}],"predecessor-version":[{"id":44228,"href":"https:\/\/www.vagadeempregorj.com.br\/ar\/wp-json\/wp\/v2\/posts\/35709\/revisions\/44228"}],"wp:featuredmedia":[{"embeddable":true,"href":"https:\/\/www.vagadeempregorj.com.br\/ar\/wp-json\/wp\/v2\/media\/35714"}],"wp:attachment":[{"href":"https:\/\/www.vagadeempregorj.com.br\/ar\/wp-json\/wp\/v2\/media?parent=35709"}],"wp:term":[{"taxonomy":"category","embeddable":true,"href":"https:\/\/www.vagadeempregorj.com.br\/ar\/wp-json\/wp\/v2\/categories?post=35709"},{"taxonomy":"post_tag","embeddable":true,"href":"https:\/\/www.vagadeempregorj.com.br\/ar\/wp-json\/wp\/v2\/tags?post=35709"}],"curies":[{"name":"wp","href":"https:\/\/api.w.org\/{rel}","templated":true}]}}