{"id":3571,"date":"2020-07-23T00:14:00","date_gmt":"2020-07-23T03:14:00","guid":{"rendered":"https:\/\/www.vagadeempregorj.com.br\/1-vaga-padrao-cloned-at-2020-07-23-200847\/"},"modified":"2025-06-15T14:31:42","modified_gmt":"2025-06-15T17:31:42","slug":"grupo-de-emprego-no-whatsapp-telegram-e-facebook","status":"publish","type":"post","link":"https:\/\/www.vagadeempregorj.com.br\/ar\/grupo-de-emprego-no-whatsapp-telegram-e-facebook\/","title":{"rendered":"Grupo de Emprego no WhatsApp, Telegram e Facebook"},"content":{"rendered":"<p>Nossa miss\u00e3o \u00e9 facilitar o acesso entre empresas contratantes e candidatos atrav\u00e9s de Grupo de Emprego no WhatsApp, Telegram e Facebook. Assim, diminuir a taxa de desemprego no Brasil.<\/p>\n\n\n\n<p>Logo abaixo voc\u00ea encontrar\u00e1 o link do grupo de emprego. Infelizmente as vagas s\u00e3o limitadas.<br><br>Ao acessar o grupo de emprego, voc\u00ea receber\u00e1 vagas de emprego diariamente. <br><br>Todas as vagas s\u00e3o liberadas no grupo na exata sequencia que nossa equipe recebe as vagas que est\u00e3o dispon\u00edveis no momento.<\/p>\n\n\n\n<div class=\"wp-block-buttons is-horizontal is-content-justification-center is-layout-flex wp-container-core-buttons-is-layout-499968f5 wp-block-buttons-is-layout-flex\">\n<div class=\"wp-block-button is-style-outline is-style-outline--2\"><a class=\"wp-block-button__link has-black-color has-text-color has-background wp-element-button\" href=\"https:\/\/www.vagadeempregorj.com.br\/ar\/registrar\/\" style=\"background:linear-gradient(182deg,rgb(153,239,113) 0%,rgb(36,181,7) 100%)\"><strong>CADASTRAR EMAIL<\/strong><\/a><\/div>\n<\/div>\n\n\n\n<p>Ao participar do grupo no WhatsApp, voc\u00ea recebe as listas de vagas dispon\u00edveis diariamente em um grupo silencioso, onde apenas os administradores podem enviar mensagens.<\/p>\n\n\n\n<p>Acesse e permane\u00e7a apenas em um \u00fanico grupo para que todos tenham a chance de receber as vagas e enviar o curr\u00edculo.<\/p>\n\n\n\n<p>Para nossa equipe te ajudar com as melhores vagas precisamos efetuar seu cadastro. <strong>Digite seu melhor email e escolha o seu Estado.<\/strong><\/p>\n\n\n\n<h3 class=\"wp-block-heading has-medium-font-size\" id=\"atencao-as-regras-dos-grupos-do-whatsapp\">Aten\u00e7\u00e3o as regras dos Grupos do WhatsApp<\/h3>\n\n\n\n<p>Os grupos no WhatsApp foram criados para divulga\u00e7\u00e3o de vagas de emprego, est\u00e1gio, freelancer para o Brasil!<\/p>\n\n\n\n<p>Apenas administradores podem publicar nos grupos, evitando assim conversas paralelas. <\/p>\n\n\n\n<p><strong>Recrutadores: <\/strong>Deseja enviar sua vaga para n\u00f3s? Mande mensagem para algum admin no grupo que iremos falar com voc\u00ea!<\/p>\n\n\n\n<p>Contudo, as vagas postadas s\u00e3o retiradas de sites, grupos na internet ou enviadas por empresas de RH. N\u00e3o somos respons\u00e1veis e n\u00e3o temos informa\u00e7\u00f5es extras sobre nenhuma vaga divulgada!<\/p>\n\n\n\n<p>Os Grupos de Vagas de Emprego no WhatsApp e Telegram disponibilizam as vagas de emprego de forma mais r\u00e1pida e objetiva a quem tanto precisa de uma oportunidade. <\/p>\n\n\n\n<h2 class=\"wp-block-heading has-text-align-center has-medium-font-size\" id=\"faca-parte-dos-grupos-do-telegram-whatsapp-e-siga-nos-no-instagram-clicando-nas-imagens-abaixo\">Confira as vagas dispon\u00edveis!<\/h2>\n\n\n\n<div class=\"wp-block-buttons is-horizontal is-content-justification-center is-layout-flex wp-container-core-buttons-is-layout-499968f5 wp-block-buttons-is-layout-flex\">\n<div class=\"wp-block-button\"><a class=\"wp-block-button__link has-black-color has-text-color has-background wp-element-button\" href=\"https:\/\/www.vagadeempregorj.com.br\/ar\/vagas-de-emprego-nacionais\/\" style=\"background:linear-gradient(2deg,rgb(255,134,50) 64%,rgb(255,197,71) 100%)\"><strong>OUTROS ESTADOS<\/strong><\/a><\/div>\n<\/div>\n\n\n\n<h2 class=\"wp-block-heading has-text-align-center has-medium-font-size\" id=\"faca-parte-dos-grupos-do-telegram-whatsapp-e-siga-nos-no-instagram-clicando-nas-imagens-abaixo\">Siga-nos no INSTAGRAM, CLICANDO no bot\u00e3o ABAIXO!<\/h2>\n\n\n\n<div class=\"wp-block-buttons is-horizontal is-content-justification-center is-layout-flex wp-container-core-buttons-is-layout-499968f5 wp-block-buttons-is-layout-flex\">\n<div class=\"wp-block-button has-custom-width wp-block-button__width-75\"><a class=\"wp-block-button__link has-white-color has-blush-bordeaux-gradient-background has-text-color has-background wp-element-button\" href=\"https:\/\/www.vagadeempregorj.com.br\/ar\/instagram\/\"><strong>INSTAGRAM<\/strong><\/a><\/div>\n<\/div>\n\n\n\n<p class=\"has-text-align-center\">O grupo do TELEGRAM tem &#8220;VAGA LIMITADA&#8221;. Caso voc\u00ea TENTE entrar e n\u00e3o consiga, aguarde a libera\u00e7\u00e3o de uma nova vaga. Boa Sorte!<\/p>\n\n\n\n<div class=\"wp-block-columns is-layout-flex wp-container-core-columns-is-layout-9d6595d7 wp-block-columns-is-layout-flex\">\n<div class=\"wp-block-column is-layout-flow wp-block-column-is-layout-flow\"><div class=\"wp-block-image is-style-rounded\">\n<figure class=\"aligncenter size-large\" id=\"GRUPO-DE-EMPREGO-TELEGRAM-SAO-PAULO\"><a href=\"https:\/\/www.vagadeempregorj.com.br\/ar\/sp-telegram\/\"><img loading=\"lazy\" decoding=\"async\" width=\"1024\" height=\"576\" src=\"https:\/\/www.vagadeempregorj.com.br\/wp-content\/uploads\/2020\/07\/GRUPO-DE-EMPREGO-TELEGRAM-SAO-PAULO-1024x576.jpg\" alt=\"GRUPO DE EMPREGO TELEGRAM SAO PAULO\" class=\"wp-image-24456\" title=\"GRUPO DE EMPREGO TELEGRAM SAO PAULO\" srcset=\"https:\/\/www.vagadeempregorj.com.br\/wp-content\/uploads\/2020\/07\/GRUPO-DE-EMPREGO-TELEGRAM-SAO-PAULO-1024x576.jpg 1024w, https:\/\/www.vagadeempregorj.com.br\/wp-content\/uploads\/2020\/07\/GRUPO-DE-EMPREGO-TELEGRAM-SAO-PAULO-300x169.jpg 300w, https:\/\/www.vagadeempregorj.com.br\/wp-content\/uploads\/2020\/07\/GRUPO-DE-EMPREGO-TELEGRAM-SAO-PAULO-768x432.jpg 768w, https:\/\/www.vagadeempregorj.com.br\/wp-content\/uploads\/2020\/07\/GRUPO-DE-EMPREGO-TELEGRAM-SAO-PAULO-383x215.jpg 383w, https:\/\/www.vagadeempregorj.com.br\/wp-content\/uploads\/2020\/07\/GRUPO-DE-EMPREGO-TELEGRAM-SAO-PAULO.jpg 1200w\" sizes=\"auto, (max-width: 1024px) 100vw, 1024px\" \/><\/a><figcaption class=\"wp-element-caption\"><strong>Grupo no Telegram S\u00c3O PAULO<\/strong><\/figcaption><\/figure>\n<\/div><\/div>\n\n\n\n<div class=\"wp-block-column is-layout-flow wp-block-column-is-layout-flow\"><div class=\"wp-block-image is-style-rounded\">\n<figure class=\"aligncenter size-large\" id=\"GRUPO-DE-EMPREGO-TELEGRAM-RIO-DE-JANEIRO\"><a href=\"https:\/\/www.vagadeempregorj.com.br\/ar\/rj-telegram\/\"><img loading=\"lazy\" decoding=\"async\" width=\"1024\" height=\"576\" src=\"https:\/\/www.vagadeempregorj.com.br\/wp-content\/uploads\/2020\/07\/GRUPO-DE-EMPREGO-TELEGRAM-RIO-DE-JANEIRO-1024x576.jpg\" alt=\"GRUPO DE EMPREGO TELEGRAM RIO DE JANEIRO\" class=\"wp-image-24458\" title=\"GRUPO DE EMPREGO TELEGRAM RIO DE JANEIRO\" srcset=\"https:\/\/www.vagadeempregorj.com.br\/wp-content\/uploads\/2020\/07\/GRUPO-DE-EMPREGO-TELEGRAM-RIO-DE-JANEIRO-1024x576.jpg 1024w, https:\/\/www.vagadeempregorj.com.br\/wp-content\/uploads\/2020\/07\/GRUPO-DE-EMPREGO-TELEGRAM-RIO-DE-JANEIRO-300x169.jpg 300w, https:\/\/www.vagadeempregorj.com.br\/wp-content\/uploads\/2020\/07\/GRUPO-DE-EMPREGO-TELEGRAM-RIO-DE-JANEIRO-768x432.jpg 768w, https:\/\/www.vagadeempregorj.com.br\/wp-content\/uploads\/2020\/07\/GRUPO-DE-EMPREGO-TELEGRAM-RIO-DE-JANEIRO-383x215.jpg 383w, https:\/\/www.vagadeempregorj.com.br\/wp-content\/uploads\/2020\/07\/GRUPO-DE-EMPREGO-TELEGRAM-RIO-DE-JANEIRO.jpg 1200w\" sizes=\"auto, (max-width: 1024px) 100vw, 1024px\" \/><\/a><figcaption class=\"wp-element-caption\"><strong>Grupo no Telegram RIO DE JANEIRO<\/strong><\/figcaption><\/figure>\n<\/div><\/div>\n\n\n\n<div class=\"wp-block-column is-layout-flow wp-block-column-is-layout-flow\"><div class=\"wp-block-image is-style-rounded\">\n<figure class=\"aligncenter size-large\" id=\"GRUPO-DE-EMPREGO-TELEGRAM-DISTRITO-FEDERAL\"><a href=\"https:\/\/www.vagadeempregorj.com.br\/ar\/df-telegram\/\"><img loading=\"lazy\" decoding=\"async\" width=\"1024\" height=\"576\" src=\"https:\/\/www.vagadeempregorj.com.br\/wp-content\/uploads\/2020\/07\/GRUPO-DE-EMPREGO-TELEGRAM-DISTRITO-FEDERAL-1024x576.jpg\" alt=\"GRUPO DE EMPREGO TELEGRAM DISTRITO FEDERAL\" class=\"wp-image-24459\" title=\"GRUPO DE EMPREGO TELEGRAM DISTRITO FEDERAL\" srcset=\"https:\/\/www.vagadeempregorj.com.br\/wp-content\/uploads\/2020\/07\/GRUPO-DE-EMPREGO-TELEGRAM-DISTRITO-FEDERAL-1024x576.jpg 1024w, https:\/\/www.vagadeempregorj.com.br\/wp-content\/uploads\/2020\/07\/GRUPO-DE-EMPREGO-TELEGRAM-DISTRITO-FEDERAL-300x169.jpg 300w, https:\/\/www.vagadeempregorj.com.br\/wp-content\/uploads\/2020\/07\/GRUPO-DE-EMPREGO-TELEGRAM-DISTRITO-FEDERAL-768x432.jpg 768w, https:\/\/www.vagadeempregorj.com.br\/wp-content\/uploads\/2020\/07\/GRUPO-DE-EMPREGO-TELEGRAM-DISTRITO-FEDERAL-383x215.jpg 383w, https:\/\/www.vagadeempregorj.com.br\/wp-content\/uploads\/2020\/07\/GRUPO-DE-EMPREGO-TELEGRAM-DISTRITO-FEDERAL.jpg 1200w\" sizes=\"auto, (max-width: 1024px) 100vw, 1024px\" \/><\/a><figcaption class=\"wp-element-caption\"><strong>Grupo no Telegram DISTRITO FEDERAL<\/strong><\/figcaption><\/figure>\n<\/div><\/div>\n<\/div>\n\n\n\n<h3 class=\"wp-block-heading has-medium-font-size\" id=\"atencao-as-regras-dos-grupos-do-telegram\">Veja as regras dos Grupos do Telegram<\/h3>\n\n\n\n<p>Primordialmente, o grupo do Telegram foi criado para divulga\u00e7\u00e3o de vagas de emprego, est\u00e1gio, freelancer para o Brasil!<\/p>\n\n\n\n<p>Entretanto, se voc\u00ea \u00e9 recrutador ou deseja divulgar alguma oportunidade, basta enviar a vaga no grupo.<\/p>\n\n\n\n<p>As vagas postadas s\u00e3o retiradas de sites e grupos na internet n\u00e3o somos respons\u00e1veis e n\u00e3o temos informa\u00e7\u00f5es extras sobre nenhuma vaga divulgada!<\/p>\n\n\n\n<p>\u00c9 proibido chamar membros do grupo no privado! Qualquer um fizer postagem indevidas, n\u00e3o relacionadas a emprego ser\u00e3o expulsos do grupo.<\/p>\n\n\n\n<p><strong>IMPORTANTE: <\/strong><\/p>\n\n\n\n<p>Acima de tudo, n\u00e3o cobramos taxa alguma nem das empresas nem dos candidatos. <\/p>\n\n\n\n<p>Como resultado, nosso servi\u00e7o \u00e9 totalmente gratuito e com o intuito de facilitar o elo de liga\u00e7\u00e3o entre empregadores e empregados.<\/p>\n\n\n\n<p>Desse modo, em caso de cobran\u00e7a denuncie imediatamente. <\/p>\n\n\n\n<p>Da mesma forma, jamais pague qualquer tipo de taxa ou cobran\u00e7a em troca de promessa de emprego! <\/p>\n\n\n\n<p>Nunca aceite pagar nenhum tipo de taxa em troca de promessas de emprego!<\/p>\n\n\n\n<h2 class=\"wp-block-heading has-text-align-center has-medium-font-size\" id=\"faca-parte-do-nosso-grupo-no-facebook-onde-voce-pode-interagir-com-os-demais-membros-basta-clicar-na-imagem-abaixo\">Acesse o Grupo no FACEBOOK. Basta CLICAR na imagem ABAIXO!<\/h2>\n\n\n\n<div class=\"wp-block-columns is-layout-flex wp-container-core-columns-is-layout-9d6595d7 wp-block-columns-is-layout-flex\">\n<div class=\"wp-block-column is-layout-flow wp-block-column-is-layout-flow\"><div class=\"wp-block-image is-style-rounded\">\n<figure class=\"aligncenter size-large\" id=\"GRUPO-DE-EMPREGO-FACEBOOK-S\u00c3O-PAULO\"><a href=\"https:\/\/www.vagadeempregorj.com.br\/ar\/sp-facebook\/\"><img loading=\"lazy\" decoding=\"async\" width=\"1024\" height=\"576\" src=\"https:\/\/www.vagadeempregorj.com.br\/wp-content\/uploads\/2020\/07\/GRUPO-DE-EMPREGO-FACEBOOK-SAO-PAULO-1024x576.jpg\" alt=\"GRUPO DE EMPREGO FACEBOOK S\u00c3O PAULO\" class=\"wp-image-24463\" title=\"GRUPO DE EMPREGO FACEBOOK S\u00c3O PAULO\" srcset=\"https:\/\/www.vagadeempregorj.com.br\/wp-content\/uploads\/2020\/07\/GRUPO-DE-EMPREGO-FACEBOOK-SAO-PAULO-1024x576.jpg 1024w, https:\/\/www.vagadeempregorj.com.br\/wp-content\/uploads\/2020\/07\/GRUPO-DE-EMPREGO-FACEBOOK-SAO-PAULO-300x169.jpg 300w, https:\/\/www.vagadeempregorj.com.br\/wp-content\/uploads\/2020\/07\/GRUPO-DE-EMPREGO-FACEBOOK-SAO-PAULO-768x432.jpg 768w, https:\/\/www.vagadeempregorj.com.br\/wp-content\/uploads\/2020\/07\/GRUPO-DE-EMPREGO-FACEBOOK-SAO-PAULO-383x215.jpg 383w, https:\/\/www.vagadeempregorj.com.br\/wp-content\/uploads\/2020\/07\/GRUPO-DE-EMPREGO-FACEBOOK-SAO-PAULO.jpg 1200w\" sizes=\"auto, (max-width: 1024px) 100vw, 1024px\" \/><\/a><figcaption class=\"wp-element-caption\"><strong>Grupo no Facebook S\u00c3O PAULO<\/strong><\/figcaption><\/figure>\n<\/div><\/div>\n\n\n\n<div class=\"wp-block-column is-layout-flow wp-block-column-is-layout-flow\"><div class=\"wp-block-image is-style-rounded\">\n<figure class=\"aligncenter size-large\" id=\"GRUPO-DE-EMPREGO-FACEBOOK-RIO-DE-JANEIRO\"><a href=\"https:\/\/www.vagadeempregorj.com.br\/ar\/rj-facebook\/\"><img loading=\"lazy\" decoding=\"async\" width=\"1024\" height=\"576\" src=\"https:\/\/www.vagadeempregorj.com.br\/wp-content\/uploads\/2020\/07\/GRUPO-DE-EMPREGO-FACEBOOK-RIO-DE-JANEIRO-1024x576.jpg\" alt=\"GRUPO DE EMPREGO FACEBOOK RIO DE JANEIRO\" class=\"wp-image-24465\" title=\"GRUPO DE EMPREGO FACEBOOK RIO DE JANEIRO\" srcset=\"https:\/\/www.vagadeempregorj.com.br\/wp-content\/uploads\/2020\/07\/GRUPO-DE-EMPREGO-FACEBOOK-RIO-DE-JANEIRO-1024x576.jpg 1024w, https:\/\/www.vagadeempregorj.com.br\/wp-content\/uploads\/2020\/07\/GRUPO-DE-EMPREGO-FACEBOOK-RIO-DE-JANEIRO-300x169.jpg 300w, https:\/\/www.vagadeempregorj.com.br\/wp-content\/uploads\/2020\/07\/GRUPO-DE-EMPREGO-FACEBOOK-RIO-DE-JANEIRO-768x432.jpg 768w, https:\/\/www.vagadeempregorj.com.br\/wp-content\/uploads\/2020\/07\/GRUPO-DE-EMPREGO-FACEBOOK-RIO-DE-JANEIRO-383x215.jpg 383w, https:\/\/www.vagadeempregorj.com.br\/wp-content\/uploads\/2020\/07\/GRUPO-DE-EMPREGO-FACEBOOK-RIO-DE-JANEIRO.jpg 1200w\" sizes=\"auto, (max-width: 1024px) 100vw, 1024px\" \/><\/a><figcaption class=\"wp-element-caption\"><strong>Grupo no Facebook RIO DE JANEIRO<\/strong><\/figcaption><\/figure>\n<\/div><\/div>\n<\/div>\n\n\n\n<p>No grupo do Facebook \u00e9 poss\u00edvel interagir com outros membros, comentar os posts das empresas que est\u00e3o postando vagas diariamente, bem como postar qual vaga de emprego est\u00e1 procurando e assim receber propostas.<\/p>\n\n\n\n<h3 class=\"wp-block-heading has-medium-font-size\" id=\"porque-e-importante-participar-dos-grupos-de-emprego-no-telegram-e-whatsapp\">Porque \u00e9 importante participar dos Grupo de Emprego no WhatsApp, Telegram e Facebook?<\/h3>\n\n\n\n<p>Boa parte dos nossos visitantes ficam informados das vagas por meio do Facebook, em nossos grupos ou Fanpages. <\/p>\n\n\n\n<p>Por\u00e9m o Facebook acaba n\u00e3o notificando aos usu\u00e1rios todas as vagas postadas, e dessa forma voc\u00ea acaba perdendo excelentes oportunidades por n\u00e3o ser notificado. Por isso \u00e9 importante acessar o Grupo no Facebook, WhatsApp e Telegram. <\/p>\n\n\n\n<hr class=\"wp-block-separator has-css-opacity is-style-wide\"\/>\n\n\n<ul class=\"wp-block-latest-posts__list wp-block-latest-posts\"><li><a class=\"wp-block-latest-posts__post-title\" href=\"https:\/\/www.vagadeempregorj.com.br\/ar\/trabalhar-nas-lojas-americanas-como-funcionam-as-vagas-de-emprego-no-brasil\/\">Trabalhar nas Lojas Americanas: Como Funcionam as Vagas de Emprego no Brasil<\/a><\/li>\n<li><a class=\"wp-block-latest-posts__post-title\" href=\"https:\/\/www.vagadeempregorj.com.br\/ar\/inteligencia-artificial-o-que-e-e-como-ela-ja-faz-parte-da-nossa-vida\/\">Intelig\u00eancia Artificial: O Que \u00e9 e Como Ela J\u00e1 Faz Parte da Nossa Vida<\/a><\/li>\n<li><a class=\"wp-block-latest-posts__post-title\" href=\"https:\/\/www.vagadeempregorj.com.br\/ar\/emprego-desemprego-e-mercado-de-trabalho-no-brasil-dinamicas-desafios-e-tendencias\/\">Emprego, Desemprego e Mercado de Trabalho no Brasil: Din\u00e2micas, Desafios e Tend\u00eancias<\/a><\/li>\n<li><a class=\"wp-block-latest-posts__post-title\" href=\"https:\/\/www.vagadeempregorj.com.br\/ar\/beneficios-sociais-para-pessoas-com-deficiencia-inclusao-direitos-e-autonomia\/\">Benef\u00edcios Sociais para Pessoas com Defici\u00eancia: Inclus\u00e3o, Direitos e Autonomia<\/a><\/li>\n<li><a class=\"wp-block-latest-posts__post-title\" href=\"https:\/\/www.vagadeempregorj.com.br\/ar\/trabalhar-na-coca-cola-como-funcionam-as-vagas-de-emprego-no-brasil\/\">Trabalhar na Coca-Cola: Como Funcionam as Vagas de Emprego no Brasil<\/a><\/li>\n<\/ul>\n\n\n<hr class=\"wp-block-separator has-css-opacity is-style-wide\"\/>\n\n\n\n<div class=\"wp-block-buttons is-horizontal is-content-justification-center is-layout-flex wp-container-core-buttons-is-layout-499968f5 wp-block-buttons-is-layout-flex\">\n<div class=\"wp-block-button\"><a class=\"wp-block-button__link has-black-color has-text-color has-background wp-element-button\" href=\"https:\/\/www.vagadeempregorj.com.br\/ar\/\" style=\"border-radius:29px;background:linear-gradient(2deg,rgb(255,134,50) 60%,rgb(255,197,71) 100%)\"><strong>VEJA NOVAS VAGAS PARA SE CANDIDATAR<\/strong><\/a><\/div>\n<\/div>\n\n\n\n<p class=\"has-text-align-center\">J\u00c1 SOMOS MAIS DE 500 MIL MEMBROS NO FACEBOOK AJUDANDO-SE DIARIAMENTE NA BUSCA DE UMA NOVA OPORTUNIDADE DE TRABALHO!<\/p>","protected":false},"excerpt":{"rendered":"<p>Grupo de Emprego Brasil no WhatsApp, Telegram e Facebook no seu Estado e Regi\u00e3o! Acesse e envie seu curr\u00edculo! Sua vida muda hoje!<\/p>","protected":false},"author":1,"featured_media":24422,"comment_status":"closed","ping_status":"closed","sticky":false,"template":"","format":"standard","meta":{"neve_meta_sidebar":"","neve_meta_container":"","neve_meta_enable_content_width":"","neve_meta_content_width":0,"neve_meta_title_alignment":"","neve_meta_author_avatar":"","neve_post_elements_order":"","neve_meta_disable_header":"","neve_meta_disable_footer":"","neve_meta_disable_title":"","footnotes":""},"categories":[123],"tags":[144,143,146,147,145],"class_list":["post-3571","post","type-post","status-publish","format-standard","has-post-thumbnail","hentry","category-vagas-de-emprego-nacionais","tag-grupo-emprego-telegram","tag-grupo-emprego-whatsapp","tag-telegram","tag-vaga-de-emprego","tag-whatsapp"],"yoast_head":"<!-- This site is optimized with the Yoast SEO plugin v27.5 - https:\/\/yoast.com\/product\/yoast-seo-wordpress\/ -->\n<title>Grupo de Emprego no WhatsApp, Telegram e Facebook -<\/title>\n<meta name=\"description\" content=\"Grupo de Emprego Brasil no WhatsApp, Telegram e Facebook no seu Estado e Regi\u00e3o! Acesse e envie seu curr\u00edculo! Sua vida muda hoje!\" \/>\n<meta name=\"robots\" content=\"index, follow, max-snippet:-1, max-image-preview:large, max-video-preview:-1\" \/>\n<link rel=\"canonical\" href=\"https:\/\/www.vagadeempregorj.com.br\/ar\/grupo-de-emprego-no-whatsapp-telegram-e-facebook\/\" \/>\n<meta property=\"og:locale\" content=\"ar_AR\" \/>\n<meta property=\"og:type\" content=\"article\" \/>\n<meta property=\"og:title\" content=\"Grupo de Emprego no WhatsApp, Telegram e Facebook -\" \/>\n<meta property=\"og:description\" content=\"Grupo de Emprego Brasil no WhatsApp, Telegram e Facebook no seu Estado e Regi\u00e3o! Acesse e envie seu curr\u00edculo! Sua vida muda hoje!\" \/>\n<meta property=\"og:url\" content=\"https:\/\/www.vagadeempregorj.com.br\/ar\/grupo-de-emprego-no-whatsapp-telegram-e-facebook\/\" \/>\n<meta property=\"article:publisher\" content=\"https:\/\/www.facebook.com\/empregobrasiloficial\" \/>\n<meta property=\"article:published_time\" content=\"2020-07-23T03:14:00+00:00\" \/>\n<meta property=\"article:modified_time\" content=\"2025-06-15T17:31:42+00:00\" \/>\n<meta property=\"og:image\" content=\"https:\/\/www.vagadeempregorj.com.br\/wp-content\/uploads\/2022\/02\/GRUPOS-WHATSAPP.jpg\" \/>\n\t<meta property=\"og:image:width\" content=\"1200\" \/>\n\t<meta property=\"og:image:height\" content=\"675\" \/>\n\t<meta property=\"og:image:type\" content=\"image\/jpeg\" \/>\n<meta name=\"author\" content=\"Ana B.\" \/>\n<meta name=\"twitter:card\" content=\"summary_large_image\" \/>\n<meta name=\"twitter:label1\" content=\"Written by\" \/>\n\t<meta name=\"twitter:data1\" content=\"Ana B.\" \/>\n\t<meta name=\"twitter:label2\" content=\"Est. reading time\" \/>\n\t<meta name=\"twitter:data2\" content=\"5 \u062f\u0642\u0627\u0626\u0642\" \/>\n<script type=\"application\/ld+json\" class=\"yoast-schema-graph\">{\"@context\":\"https:\\\/\\\/schema.org\",\"@graph\":[{\"@type\":\"Article\",\"@id\":\"https:\\\/\\\/www.vagadeempregorj.com.br\\\/grupo-de-emprego-no-whatsapp-telegram-e-facebook\\\/#article\",\"isPartOf\":{\"@id\":\"https:\\\/\\\/www.vagadeempregorj.com.br\\\/grupo-de-emprego-no-whatsapp-telegram-e-facebook\\\/\"},\"author\":{\"name\":\"Ana B.\",\"@id\":\"https:\\\/\\\/www.vagadeempregorj.com.br\\\/#\\\/schema\\\/person\\\/c0c38d5d765e86c3b7c8f12fb1ae6477\"},\"headline\":\"Grupo de Emprego no WhatsApp, Telegram e Facebook\",\"datePublished\":\"2020-07-23T03:14:00+00:00\",\"dateModified\":\"2025-06-15T17:31:42+00:00\",\"mainEntityOfPage\":{\"@id\":\"https:\\\/\\\/www.vagadeempregorj.com.br\\\/grupo-de-emprego-no-whatsapp-telegram-e-facebook\\\/\"},\"wordCount\":660,\"image\":{\"@id\":\"https:\\\/\\\/www.vagadeempregorj.com.br\\\/grupo-de-emprego-no-whatsapp-telegram-e-facebook\\\/#primaryimage\"},\"thumbnailUrl\":\"https:\\\/\\\/www.vagadeempregorj.com.br\\\/wp-content\\\/uploads\\\/2022\\\/02\\\/GRUPOS-WHATSAPP.jpg\",\"keywords\":[\"grupo emprego telegram\",\"grupo emprego whatsapp\",\"telegram\",\"vaga de emprego\",\"whatsapp\"],\"articleSection\":[\"Vagas de Emprego Nacionais\"],\"inLanguage\":\"ar\"},{\"@type\":\"WebPage\",\"@id\":\"https:\\\/\\\/www.vagadeempregorj.com.br\\\/grupo-de-emprego-no-whatsapp-telegram-e-facebook\\\/\",\"url\":\"https:\\\/\\\/www.vagadeempregorj.com.br\\\/grupo-de-emprego-no-whatsapp-telegram-e-facebook\\\/\",\"name\":\"Grupo de Emprego no WhatsApp, Telegram e Facebook -\",\"isPartOf\":{\"@id\":\"https:\\\/\\\/www.vagadeempregorj.com.br\\\/#website\"},\"primaryImageOfPage\":{\"@id\":\"https:\\\/\\\/www.vagadeempregorj.com.br\\\/grupo-de-emprego-no-whatsapp-telegram-e-facebook\\\/#primaryimage\"},\"image\":{\"@id\":\"https:\\\/\\\/www.vagadeempregorj.com.br\\\/grupo-de-emprego-no-whatsapp-telegram-e-facebook\\\/#primaryimage\"},\"thumbnailUrl\":\"https:\\\/\\\/www.vagadeempregorj.com.br\\\/wp-content\\\/uploads\\\/2022\\\/02\\\/GRUPOS-WHATSAPP.jpg\",\"datePublished\":\"2020-07-23T03:14:00+00:00\",\"dateModified\":\"2025-06-15T17:31:42+00:00\",\"author\":{\"@id\":\"https:\\\/\\\/www.vagadeempregorj.com.br\\\/#\\\/schema\\\/person\\\/c0c38d5d765e86c3b7c8f12fb1ae6477\"},\"description\":\"Grupo de Emprego Brasil no WhatsApp, Telegram e Facebook no seu Estado e Regi\u00e3o! Acesse e envie seu curr\u00edculo! Sua vida muda hoje!\",\"breadcrumb\":{\"@id\":\"https:\\\/\\\/www.vagadeempregorj.com.br\\\/grupo-de-emprego-no-whatsapp-telegram-e-facebook\\\/#breadcrumb\"},\"inLanguage\":\"ar\",\"potentialAction\":[{\"@type\":\"ReadAction\",\"target\":[\"https:\\\/\\\/www.vagadeempregorj.com.br\\\/grupo-de-emprego-no-whatsapp-telegram-e-facebook\\\/\"]}]},{\"@type\":\"ImageObject\",\"inLanguage\":\"ar\",\"@id\":\"https:\\\/\\\/www.vagadeempregorj.com.br\\\/grupo-de-emprego-no-whatsapp-telegram-e-facebook\\\/#primaryimage\",\"url\":\"https:\\\/\\\/www.vagadeempregorj.com.br\\\/wp-content\\\/uploads\\\/2022\\\/02\\\/GRUPOS-WHATSAPP.jpg\",\"contentUrl\":\"https:\\\/\\\/www.vagadeempregorj.com.br\\\/wp-content\\\/uploads\\\/2022\\\/02\\\/GRUPOS-WHATSAPP.jpg\",\"width\":1200,\"height\":675,\"caption\":\"GRUPOS WHATSAPP\"},{\"@type\":\"BreadcrumbList\",\"@id\":\"https:\\\/\\\/www.vagadeempregorj.com.br\\\/grupo-de-emprego-no-whatsapp-telegram-e-facebook\\\/#breadcrumb\",\"itemListElement\":[{\"@type\":\"ListItem\",\"position\":1,\"name\":\"In\u00edcio\",\"item\":\"https:\\\/\\\/www.vagadeempregorj.com.br\\\/\"},{\"@type\":\"ListItem\",\"position\":2,\"name\":\"Grupo de Emprego no WhatsApp, Telegram e Facebook\"}]},{\"@type\":\"WebSite\",\"@id\":\"https:\\\/\\\/www.vagadeempregorj.com.br\\\/#website\",\"url\":\"https:\\\/\\\/www.vagadeempregorj.com.br\\\/\",\"name\":\"\",\"description\":\"Conquiste Sonhos: Vagas, Benef\u00edcios e Economia para Transformar Vidas e Alcan\u00e7ar Melhorias Cotidianas\",\"potentialAction\":[{\"@type\":\"SearchAction\",\"target\":{\"@type\":\"EntryPoint\",\"urlTemplate\":\"https:\\\/\\\/www.vagadeempregorj.com.br\\\/?s={search_term_string}\"},\"query-input\":{\"@type\":\"PropertyValueSpecification\",\"valueRequired\":true,\"valueName\":\"search_term_string\"}}],\"inLanguage\":\"ar\"},{\"@type\":\"Person\",\"@id\":\"https:\\\/\\\/www.vagadeempregorj.com.br\\\/#\\\/schema\\\/person\\\/c0c38d5d765e86c3b7c8f12fb1ae6477\",\"name\":\"Ana B.\",\"image\":{\"@type\":\"ImageObject\",\"inLanguage\":\"ar\",\"@id\":\"https:\\\/\\\/secure.gravatar.com\\\/avatar\\\/f5efa58599e07f8dd92f26c7cfbc442fd115582bc681245452e503c2ef2334f3?s=96&r=g\",\"url\":\"https:\\\/\\\/secure.gravatar.com\\\/avatar\\\/f5efa58599e07f8dd92f26c7cfbc442fd115582bc681245452e503c2ef2334f3?s=96&r=g\",\"contentUrl\":\"https:\\\/\\\/secure.gravatar.com\\\/avatar\\\/f5efa58599e07f8dd92f26c7cfbc442fd115582bc681245452e503c2ef2334f3?s=96&r=g\",\"caption\":\"Ana B.\"},\"description\":\"Meu nome \u00e9 Ana e sou apaixonada em escrever. Dedico meu tempo escrevendo not\u00edcias e vagas de emprego diariamente no portal Vaga de Emprego RJ.\",\"url\":\"https:\\\/\\\/www.vagadeempregorj.com.br\\\/ar\\\/author\\\/vgrj\\\/\"}]}<\/script>\n<!-- \/ Yoast SEO plugin. -->","yoast_head_json":{"title":"Grupo de Emprego no WhatsApp, Telegram e Facebook -","description":"Grupo de Emprego Brasil no WhatsApp, Telegram e Facebook no seu Estado e Regi\u00e3o! Acesse e envie seu curr\u00edculo! Sua vida muda hoje!","robots":{"index":"index","follow":"follow","max-snippet":"max-snippet:-1","max-image-preview":"max-image-preview:large","max-video-preview":"max-video-preview:-1"},"canonical":"https:\/\/www.vagadeempregorj.com.br\/ar\/grupo-de-emprego-no-whatsapp-telegram-e-facebook\/","og_locale":"ar_AR","og_type":"article","og_title":"Grupo de Emprego no WhatsApp, Telegram e Facebook -","og_description":"Grupo de Emprego Brasil no WhatsApp, Telegram e Facebook no seu Estado e Regi\u00e3o! Acesse e envie seu curr\u00edculo! Sua vida muda hoje!","og_url":"https:\/\/www.vagadeempregorj.com.br\/ar\/grupo-de-emprego-no-whatsapp-telegram-e-facebook\/","article_publisher":"https:\/\/www.facebook.com\/empregobrasiloficial","article_published_time":"2020-07-23T03:14:00+00:00","article_modified_time":"2025-06-15T17:31:42+00:00","og_image":[{"width":1200,"height":675,"url":"https:\/\/www.vagadeempregorj.com.br\/wp-content\/uploads\/2022\/02\/GRUPOS-WHATSAPP.jpg","type":"image\/jpeg"}],"author":"Ana B.","twitter_card":"summary_large_image","twitter_misc":{"Written by":"Ana B.","Est. reading time":"5 \u062f\u0642\u0627\u0626\u0642"},"schema":{"@context":"https:\/\/schema.org","@graph":[{"@type":"Article","@id":"https:\/\/www.vagadeempregorj.com.br\/grupo-de-emprego-no-whatsapp-telegram-e-facebook\/#article","isPartOf":{"@id":"https:\/\/www.vagadeempregorj.com.br\/grupo-de-emprego-no-whatsapp-telegram-e-facebook\/"},"author":{"name":"Ana B.","@id":"https:\/\/www.vagadeempregorj.com.br\/#\/schema\/person\/c0c38d5d765e86c3b7c8f12fb1ae6477"},"headline":"Grupo de Emprego no WhatsApp, Telegram e Facebook","datePublished":"2020-07-23T03:14:00+00:00","dateModified":"2025-06-15T17:31:42+00:00","mainEntityOfPage":{"@id":"https:\/\/www.vagadeempregorj.com.br\/grupo-de-emprego-no-whatsapp-telegram-e-facebook\/"},"wordCount":660,"image":{"@id":"https:\/\/www.vagadeempregorj.com.br\/grupo-de-emprego-no-whatsapp-telegram-e-facebook\/#primaryimage"},"thumbnailUrl":"https:\/\/www.vagadeempregorj.com.br\/wp-content\/uploads\/2022\/02\/GRUPOS-WHATSAPP.jpg","keywords":["grupo emprego telegram","grupo emprego whatsapp","telegram","vaga de emprego","whatsapp"],"articleSection":["Vagas de Emprego Nacionais"],"inLanguage":"ar"},{"@type":"WebPage","@id":"https:\/\/www.vagadeempregorj.com.br\/grupo-de-emprego-no-whatsapp-telegram-e-facebook\/","url":"https:\/\/www.vagadeempregorj.com.br\/grupo-de-emprego-no-whatsapp-telegram-e-facebook\/","name":"Grupo de Emprego no WhatsApp, Telegram e Facebook -","isPartOf":{"@id":"https:\/\/www.vagadeempregorj.com.br\/#website"},"primaryImageOfPage":{"@id":"https:\/\/www.vagadeempregorj.com.br\/grupo-de-emprego-no-whatsapp-telegram-e-facebook\/#primaryimage"},"image":{"@id":"https:\/\/www.vagadeempregorj.com.br\/grupo-de-emprego-no-whatsapp-telegram-e-facebook\/#primaryimage"},"thumbnailUrl":"https:\/\/www.vagadeempregorj.com.br\/wp-content\/uploads\/2022\/02\/GRUPOS-WHATSAPP.jpg","datePublished":"2020-07-23T03:14:00+00:00","dateModified":"2025-06-15T17:31:42+00:00","author":{"@id":"https:\/\/www.vagadeempregorj.com.br\/#\/schema\/person\/c0c38d5d765e86c3b7c8f12fb1ae6477"},"description":"Grupo de Emprego Brasil no WhatsApp, Telegram e Facebook no seu Estado e Regi\u00e3o! Acesse e envie seu curr\u00edculo! Sua vida muda hoje!","breadcrumb":{"@id":"https:\/\/www.vagadeempregorj.com.br\/grupo-de-emprego-no-whatsapp-telegram-e-facebook\/#breadcrumb"},"inLanguage":"ar","potentialAction":[{"@type":"ReadAction","target":["https:\/\/www.vagadeempregorj.com.br\/grupo-de-emprego-no-whatsapp-telegram-e-facebook\/"]}]},{"@type":"ImageObject","inLanguage":"ar","@id":"https:\/\/www.vagadeempregorj.com.br\/grupo-de-emprego-no-whatsapp-telegram-e-facebook\/#primaryimage","url":"https:\/\/www.vagadeempregorj.com.br\/wp-content\/uploads\/2022\/02\/GRUPOS-WHATSAPP.jpg","contentUrl":"https:\/\/www.vagadeempregorj.com.br\/wp-content\/uploads\/2022\/02\/GRUPOS-WHATSAPP.jpg","width":1200,"height":675,"caption":"GRUPOS WHATSAPP"},{"@type":"BreadcrumbList","@id":"https:\/\/www.vagadeempregorj.com.br\/grupo-de-emprego-no-whatsapp-telegram-e-facebook\/#breadcrumb","itemListElement":[{"@type":"ListItem","position":1,"name":"In\u00edcio","item":"https:\/\/www.vagadeempregorj.com.br\/"},{"@type":"ListItem","position":2,"name":"Grupo de Emprego no WhatsApp, Telegram e Facebook"}]},{"@type":"WebSite","@id":"https:\/\/www.vagadeempregorj.com.br\/#website","url":"https:\/\/www.vagadeempregorj.com.br\/","name":"","description":"Conquiste Sonhos: Vagas, Benef\u00edcios e Economia para Transformar Vidas e Alcan\u00e7ar Melhorias Cotidianas","potentialAction":[{"@type":"SearchAction","target":{"@type":"EntryPoint","urlTemplate":"https:\/\/www.vagadeempregorj.com.br\/?s={search_term_string}"},"query-input":{"@type":"PropertyValueSpecification","valueRequired":true,"valueName":"search_term_string"}}],"inLanguage":"ar"},{"@type":"Person","@id":"https:\/\/www.vagadeempregorj.com.br\/#\/schema\/person\/c0c38d5d765e86c3b7c8f12fb1ae6477","name":"Ana B.","image":{"@type":"ImageObject","inLanguage":"ar","@id":"https:\/\/secure.gravatar.com\/avatar\/f5efa58599e07f8dd92f26c7cfbc442fd115582bc681245452e503c2ef2334f3?s=96&r=g","url":"https:\/\/secure.gravatar.com\/avatar\/f5efa58599e07f8dd92f26c7cfbc442fd115582bc681245452e503c2ef2334f3?s=96&r=g","contentUrl":"https:\/\/secure.gravatar.com\/avatar\/f5efa58599e07f8dd92f26c7cfbc442fd115582bc681245452e503c2ef2334f3?s=96&r=g","caption":"Ana B."},"description":"Meu nome \u00e9 Ana e sou apaixonada em escrever. Dedico meu tempo escrevendo not\u00edcias e vagas de emprego diariamente no portal Vaga de Emprego RJ.","url":"https:\/\/www.vagadeempregorj.com.br\/ar\/author\/vgrj\/"}]}},"_links":{"self":[{"href":"https:\/\/www.vagadeempregorj.com.br\/ar\/wp-json\/wp\/v2\/posts\/3571","targetHints":{"allow":["GET"]}}],"collection":[{"href":"https:\/\/www.vagadeempregorj.com.br\/ar\/wp-json\/wp\/v2\/posts"}],"about":[{"href":"https:\/\/www.vagadeempregorj.com.br\/ar\/wp-json\/wp\/v2\/types\/post"}],"author":[{"embeddable":true,"href":"https:\/\/www.vagadeempregorj.com.br\/ar\/wp-json\/wp\/v2\/users\/1"}],"replies":[{"embeddable":true,"href":"https:\/\/www.vagadeempregorj.com.br\/ar\/wp-json\/wp\/v2\/comments?post=3571"}],"version-history":[{"count":1,"href":"https:\/\/www.vagadeempregorj.com.br\/ar\/wp-json\/wp\/v2\/posts\/3571\/revisions"}],"predecessor-version":[{"id":43578,"href":"https:\/\/www.vagadeempregorj.com.br\/ar\/wp-json\/wp\/v2\/posts\/3571\/revisions\/43578"}],"wp:featuredmedia":[{"embeddable":true,"href":"https:\/\/www.vagadeempregorj.com.br\/ar\/wp-json\/wp\/v2\/media\/24422"}],"wp:attachment":[{"href":"https:\/\/www.vagadeempregorj.com.br\/ar\/wp-json\/wp\/v2\/media?parent=3571"}],"wp:term":[{"taxonomy":"category","embeddable":true,"href":"https:\/\/www.vagadeempregorj.com.br\/ar\/wp-json\/wp\/v2\/categories?post=3571"},{"taxonomy":"post_tag","embeddable":true,"href":"https:\/\/www.vagadeempregorj.com.br\/ar\/wp-json\/wp\/v2\/tags?post=3571"}],"curies":[{"name":"wp","href":"https:\/\/api.w.org\/{rel}","templated":true}]}}