{"id":35772,"date":"2023-10-17T00:01:00","date_gmt":"2023-10-17T03:01:00","guid":{"rendered":"https:\/\/www.vagadeempregorj.com.br\/?p=35772"},"modified":"2023-10-16T10:41:02","modified_gmt":"2023-10-16T13:41:02","slug":"empregos-pernambucanas","status":"publish","type":"post","link":"https:\/\/www.vagadeempregorj.com.br\/ar\/empregos-pernambucanas\/","title":{"rendered":"Est\u00e1gio T\u00e9cnico em Seguran\u00e7a do Trabalho, Assessor(a) de Cozinha, Analistas de Compras de Vestu\u00e1rio, Analista de Data Science S\u00eanior, e mais na Empresa Pernambucanas"},"content":{"rendered":"<p>Atualizado em<\/p>\n\n\n<div class=\"wp-block-post-date\"><time datetime=\"2023-10-17T00:01:00-03:00\">17\/10\/2023<\/time><\/div>\n\n\n<p>Os<strong> Empregos Pernambucanas <\/strong>s\u00e3o um grande destaque no mercado de trabalho. A empresa \u00e9 refer\u00eancia no varejo nacional, a marca \u00e9 o pioneirismo, que tem contribu\u00eddo para o progresso de muitas cidades do pa\u00eds. Conta com uma equipe de estilistas que identificam as principais tend\u00eancias de moda do mundo e oferece uma ampla gama de produtos nas \u00e1reas tecnologia da informa\u00e7\u00e3o, de moda, telefonia, beleza, eletrodom\u00e9sticos e lar.&nbsp;<\/p>\n\n\n\n<p>Est\u00e1 presente em mais de 300 cidades, 12 estados e no Distrito Federal, com mais de 460 lojas e aproximadamente 15.000 funcion\u00e1rios. Al\u00e9m do varejo, a empresa conta atualmente com cinco lojas f\u00edsicas. Sempre se reinventando e atendendo as necessidades de seus clientes, a loja oferece uma plataforma digital inovadora de relacionamento para varejo e produtos financeiros, incluindo Wi-fi nas lojas, aplicativos, emiss\u00e3o instant\u00e2nea de cart\u00e3o com chip, compras online e concess\u00e3o de cr\u00e9dito.<\/p>\n\n\n\n<figure class=\"wp-block-image size-full\"><img loading=\"lazy\" decoding=\"async\" width=\"704\" height=\"528\" src=\"https:\/\/www.vagadeempregorj.com.br\/wp-content\/uploads\/2022\/10\/empregos-pernambucanas.png\" alt=\"empregos pernambucanas\" class=\"wp-image-35804\" srcset=\"https:\/\/www.vagadeempregorj.com.br\/wp-content\/uploads\/2022\/10\/empregos-pernambucanas.png 704w, https:\/\/www.vagadeempregorj.com.br\/wp-content\/uploads\/2022\/10\/empregos-pernambucanas-300x225.png 300w, https:\/\/www.vagadeempregorj.com.br\/wp-content\/uploads\/2022\/10\/empregos-pernambucanas-150x113.png 150w\" sizes=\"auto, (max-width: 704px) 100vw, 704px\" \/><figcaption class=\"wp-element-caption\">Imagem: Pernambucanas &#8211; Reprodu\u00e7\u00e3o<\/figcaption><\/figure>\n\n\n\n<h2 class=\"wp-block-heading\">Conhe\u00e7a todas as vagas de Empregos Pernambucanas<\/h2>\n\n\n\n<p>A maioria das vagas requer experi\u00eancia anterior na fun\u00e7\u00e3o, mas tamb\u00e9m h\u00e1 possibilidade de emprego para em curso Seguran\u00e7a do Trabalho e tem conhecimento do Pacote Office. Verifique abaixo todos os cargos:<\/p>\n\n\n\n<ul class=\"wp-block-list\">\n<li>Ana. de Compras Vestu\u00e1rio;<\/li>\n\n\n\n<li>Estagi\u00e1rio T\u00e9cnico em Seguran\u00e7a do Trabalho;<\/li>\n\n\n\n<li>Ana. de Data Science Sr;<\/li>\n\n\n\n<li>Ana. de Planejamento e Abastecimento Pl.<\/li>\n<\/ul>\n\n\n\n<h3 class=\"wp-block-heading\">Como se candidatar<\/h3>\n\n\n\n<p>Para se inscrever em um dos cargos mencionados, acesse a p\u00e1gina em que o recrutamento \u00e9 feito. Clique no link abaixo:<\/p>\n\n\n\n<ul class=\"wp-block-list\">\n<li><a href=\"https:\/\/trabalheconosco.vagas.com.br\/pernambucanas\">Pernambucanas<\/a>.<\/li>\n<\/ul>\n\n\n\n<p>Em seguida, leia todos os requisitos da vaga para se certificar que ela \u00e9 correspondente com o seu perfil.&nbsp;<\/p>\n\n\n\n<p><strong>Veja tamb\u00e9m: <a href=\"https:\/\/www.vagadeempregorj.com.br\/ar\/empregos-agibank\/\">Empregos Agibank<\/a><\/strong><\/p>\n\n\n\n<h2 class=\"wp-block-heading\">Sobre a Pernambucanas<\/h2>\n\n\n\n<p>H\u00e1 114 anos, os valores da empresa perpassam a sua hist\u00f3ria e um de seus objetivos \u00e9 crescer com a fam\u00edlia brasileira. Esta evolu\u00e7\u00e3o come\u00e7a aqui porque eles s\u00e3o uma empresa de pessoas. Ela est\u00e1 se tornando parte de um varejista centen\u00e1rio, 100% nacional, crescendo com uma fam\u00edlia brasileira. Isso significa pertencer a uma empresa com capacidade ilimitada de transforma\u00e7\u00e3o, uma refer\u00eancia ao pioneirismo do setor.<\/p>\n\n\n\n<p>Preza pela intimidade e atendimento personalizado, priorizando uma rela\u00e7\u00e3o de respeito e confian\u00e7a com os clientes e sua equipe. Isso significa fazer parte de um time de aproximadamente 16 mil colaboradores que compartilham a cren\u00e7a de que a diversidade \u00e9 o fio condutor de todas as conex\u00f5es. <\/p>\n\n\n\n<p>\u00c9 um compromisso com a inova\u00e7\u00e3o para fazer acontecer e contribuir com a simplicidade que permeia cada entrega para transformar o dia a dia de seus clientes. Este \u00e9 o seu prop\u00f3sito e a raz\u00e3o de tudo o que fazem. Para isso, se veem sempre como uma fam\u00edlia e traduzem esse sentimento para o seu dia a dia, atuando com muito profissionalismo e dedica\u00e7\u00e3o. Agem com respeito e tratam tudo e todos como querem ser tratados. Inspiram confian\u00e7a confiando uns nos outros.&nbsp;<\/p>\n\n\n\n<p>Valorizam muito a diversidade dentro de nossa empresa, onde todos podem ser eles mesmos e falar o que pensam. Respiram inova\u00e7\u00e3o para atender os seus clientes digitalmente e agem de maneira simples para simplificar suas vidas e garantir que tenham cada vez mais tempo para as coisas que realmente importam. A marca conta mais de 480 lojas no pa\u00eds, espalhadas por 15 estados e Distrito Federal.<\/p>","protected":false},"excerpt":{"rendered":"<p>Atualizado em Os Empregos Pernambucanas s\u00e3o um grande destaque no mercado de trabalho. A empresa \u00e9 refer\u00eancia no varejo nacional, a marca \u00e9 o pioneirismo, que tem contribu\u00eddo para o progresso de muitas cidades do pa\u00eds. Conta com uma equipe de estilistas que identificam as principais tend\u00eancias de moda do mundo e oferece uma ampla&hellip;&nbsp;<\/p>","protected":false},"author":16,"featured_media":35804,"comment_status":"open","ping_status":"closed","sticky":false,"template":"","format":"standard","meta":{"neve_meta_sidebar":"","neve_meta_container":"","neve_meta_enable_content_width":"","neve_meta_content_width":0,"neve_meta_title_alignment":"","neve_meta_author_avatar":"","neve_post_elements_order":"","neve_meta_disable_header":"","neve_meta_disable_footer":"","neve_meta_disable_title":"","footnotes":""},"categories":[123],"tags":[],"class_list":["post-35772","post","type-post","status-publish","format-standard","has-post-thumbnail","hentry","category-vagas-de-emprego-nacionais"],"yoast_head":"<!-- This site is optimized with the Yoast SEO plugin v27.5 - https:\/\/yoast.com\/product\/yoast-seo-wordpress\/ -->\n<title>Est\u00e1gio T\u00e9cnico em Seguran\u00e7a do Trabalho, Assessor(a) de Cozinha, Analistas de Compras de Vestu\u00e1rio, Analista de Data Science S\u00eanior, e mais na Empresa Pernambucanas -<\/title>\n<meta name=\"description\" content=\"Veja em Vagas de Emprego RJ as vagas de emprego com e sem experi\u00eancia no seu Estado e Regi\u00e3o!\" \/>\n<meta name=\"robots\" content=\"index, follow, max-snippet:-1, max-image-preview:large, max-video-preview:-1\" \/>\n<link rel=\"canonical\" href=\"https:\/\/www.vagadeempregorj.com.br\/ar\/empregos-pernambucanas\/\" \/>\n<meta property=\"og:locale\" content=\"ar_AR\" \/>\n<meta property=\"og:type\" content=\"article\" \/>\n<meta property=\"og:title\" content=\"Est\u00e1gio T\u00e9cnico em Seguran\u00e7a do Trabalho, Assessor(a) de Cozinha, Analistas de Compras de Vestu\u00e1rio, Analista de Data Science S\u00eanior, e mais na Empresa Pernambucanas -\" \/>\n<meta property=\"og:description\" content=\"Veja em Vagas de Emprego RJ as vagas de emprego com e sem experi\u00eancia no seu Estado e Regi\u00e3o!\" \/>\n<meta property=\"og:url\" content=\"https:\/\/www.vagadeempregorj.com.br\/ar\/empregos-pernambucanas\/\" \/>\n<meta property=\"article:publisher\" content=\"https:\/\/www.facebook.com\/empregobrasiloficial\" \/>\n<meta property=\"article:published_time\" content=\"2023-10-17T03:01:00+00:00\" \/>\n<meta property=\"og:image\" content=\"https:\/\/www.vagadeempregorj.com.br\/wp-content\/uploads\/2022\/10\/empregos-pernambucanas.png\" \/>\n\t<meta property=\"og:image:width\" content=\"704\" \/>\n\t<meta property=\"og:image:height\" content=\"528\" \/>\n\t<meta property=\"og:image:type\" content=\"image\/png\" \/>\n<meta name=\"author\" content=\"Michele\" \/>\n<meta name=\"twitter:card\" content=\"summary_large_image\" \/>\n<meta name=\"twitter:label1\" content=\"\u0643\u064f\u062a\u0628 \u0628\u0648\u0627\u0633\u0637\u0629\" \/>\n\t<meta name=\"twitter:data1\" content=\"Michele\" \/>\n\t<meta name=\"twitter:label2\" content=\"\u0648\u0642\u062a \u0627\u0644\u0642\u0631\u0627\u0621\u0629 \u0627\u0644\u0645\u064f\u0642\u062f\u0651\u0631\" \/>\n\t<meta name=\"twitter:data2\" content=\"3 \u062f\u0642\u0627\u0626\u0642\" \/>\n<script type=\"application\/ld+json\" class=\"yoast-schema-graph\">{\"@context\":\"https:\\\/\\\/schema.org\",\"@graph\":[{\"@type\":\"Article\",\"@id\":\"https:\\\/\\\/www.vagadeempregorj.com.br\\\/empregos-pernambucanas\\\/#article\",\"isPartOf\":{\"@id\":\"https:\\\/\\\/www.vagadeempregorj.com.br\\\/empregos-pernambucanas\\\/\"},\"author\":{\"name\":\"Michele\",\"@id\":\"https:\\\/\\\/www.vagadeempregorj.com.br\\\/#\\\/schema\\\/person\\\/3ddb19fa0539706786e502152f3aae95\"},\"headline\":\"Est\u00e1gio T\u00e9cnico em Seguran\u00e7a do Trabalho, Assessor(a) de Cozinha, Analistas de Compras de Vestu\u00e1rio, Analista de Data Science S\u00eanior, e mais na Empresa Pernambucanas\",\"datePublished\":\"2023-10-17T03:01:00+00:00\",\"mainEntityOfPage\":{\"@id\":\"https:\\\/\\\/www.vagadeempregorj.com.br\\\/empregos-pernambucanas\\\/\"},\"wordCount\":584,\"commentCount\":0,\"image\":{\"@id\":\"https:\\\/\\\/www.vagadeempregorj.com.br\\\/empregos-pernambucanas\\\/#primaryimage\"},\"thumbnailUrl\":\"https:\\\/\\\/www.vagadeempregorj.com.br\\\/wp-content\\\/uploads\\\/2022\\\/10\\\/empregos-pernambucanas.png\",\"articleSection\":[\"Vagas de Emprego Nacionais\"],\"inLanguage\":\"ar\",\"potentialAction\":[{\"@type\":\"CommentAction\",\"name\":\"Comment\",\"target\":[\"https:\\\/\\\/www.vagadeempregorj.com.br\\\/empregos-pernambucanas\\\/#respond\"]}]},{\"@type\":\"WebPage\",\"@id\":\"https:\\\/\\\/www.vagadeempregorj.com.br\\\/empregos-pernambucanas\\\/\",\"url\":\"https:\\\/\\\/www.vagadeempregorj.com.br\\\/empregos-pernambucanas\\\/\",\"name\":\"Est\u00e1gio T\u00e9cnico em Seguran\u00e7a do Trabalho, Assessor(a) de Cozinha, Analistas de Compras de Vestu\u00e1rio, Analista de Data Science S\u00eanior, e mais na Empresa Pernambucanas -\",\"isPartOf\":{\"@id\":\"https:\\\/\\\/www.vagadeempregorj.com.br\\\/#website\"},\"primaryImageOfPage\":{\"@id\":\"https:\\\/\\\/www.vagadeempregorj.com.br\\\/empregos-pernambucanas\\\/#primaryimage\"},\"image\":{\"@id\":\"https:\\\/\\\/www.vagadeempregorj.com.br\\\/empregos-pernambucanas\\\/#primaryimage\"},\"thumbnailUrl\":\"https:\\\/\\\/www.vagadeempregorj.com.br\\\/wp-content\\\/uploads\\\/2022\\\/10\\\/empregos-pernambucanas.png\",\"datePublished\":\"2023-10-17T03:01:00+00:00\",\"author\":{\"@id\":\"https:\\\/\\\/www.vagadeempregorj.com.br\\\/#\\\/schema\\\/person\\\/3ddb19fa0539706786e502152f3aae95\"},\"description\":\"Veja em Vagas de Emprego RJ as vagas de emprego com e sem experi\u00eancia no seu Estado e Regi\u00e3o!\",\"breadcrumb\":{\"@id\":\"https:\\\/\\\/www.vagadeempregorj.com.br\\\/empregos-pernambucanas\\\/#breadcrumb\"},\"inLanguage\":\"ar\",\"potentialAction\":[{\"@type\":\"ReadAction\",\"target\":[\"https:\\\/\\\/www.vagadeempregorj.com.br\\\/empregos-pernambucanas\\\/\"]}]},{\"@type\":\"ImageObject\",\"inLanguage\":\"ar\",\"@id\":\"https:\\\/\\\/www.vagadeempregorj.com.br\\\/empregos-pernambucanas\\\/#primaryimage\",\"url\":\"https:\\\/\\\/www.vagadeempregorj.com.br\\\/wp-content\\\/uploads\\\/2022\\\/10\\\/empregos-pernambucanas.png\",\"contentUrl\":\"https:\\\/\\\/www.vagadeempregorj.com.br\\\/wp-content\\\/uploads\\\/2022\\\/10\\\/empregos-pernambucanas.png\",\"width\":704,\"height\":528,\"caption\":\"Imagem: Pernambucanas - Reprodu\u00e7\u00e3o\"},{\"@type\":\"BreadcrumbList\",\"@id\":\"https:\\\/\\\/www.vagadeempregorj.com.br\\\/empregos-pernambucanas\\\/#breadcrumb\",\"itemListElement\":[{\"@type\":\"ListItem\",\"position\":1,\"name\":\"In\u00edcio\",\"item\":\"https:\\\/\\\/www.vagadeempregorj.com.br\\\/\"},{\"@type\":\"ListItem\",\"position\":2,\"name\":\"Vagas de Emprego Nacionais\",\"item\":\"https:\\\/\\\/www.vagadeempregorj.com.br\\\/vagas-de-emprego-nacionais\\\/\"},{\"@type\":\"ListItem\",\"position\":3,\"name\":\"Est\u00e1gio T\u00e9cnico em Seguran\u00e7a do Trabalho, Assessor(a) de Cozinha, Analistas de Compras de Vestu\u00e1rio, Analista de Data Science S\u00eanior, e mais na Empresa Pernambucanas\"}]},{\"@type\":\"WebSite\",\"@id\":\"https:\\\/\\\/www.vagadeempregorj.com.br\\\/#website\",\"url\":\"https:\\\/\\\/www.vagadeempregorj.com.br\\\/\",\"name\":\"\",\"description\":\"Conquiste Sonhos: Vagas, Benef\u00edcios e Economia para Transformar Vidas e Alcan\u00e7ar Melhorias Cotidianas\",\"potentialAction\":[{\"@type\":\"SearchAction\",\"target\":{\"@type\":\"EntryPoint\",\"urlTemplate\":\"https:\\\/\\\/www.vagadeempregorj.com.br\\\/?s={search_term_string}\"},\"query-input\":{\"@type\":\"PropertyValueSpecification\",\"valueRequired\":true,\"valueName\":\"search_term_string\"}}],\"inLanguage\":\"ar\"},{\"@type\":\"Person\",\"@id\":\"https:\\\/\\\/www.vagadeempregorj.com.br\\\/#\\\/schema\\\/person\\\/3ddb19fa0539706786e502152f3aae95\",\"name\":\"Michele\",\"image\":{\"@type\":\"ImageObject\",\"inLanguage\":\"ar\",\"@id\":\"https:\\\/\\\/secure.gravatar.com\\\/avatar\\\/6b0eb9d22841282815e2cd856a0061c45e1761cd54b22e952d98c4746939aa85?s=96&r=g\",\"url\":\"https:\\\/\\\/secure.gravatar.com\\\/avatar\\\/6b0eb9d22841282815e2cd856a0061c45e1761cd54b22e952d98c4746939aa85?s=96&r=g\",\"contentUrl\":\"https:\\\/\\\/secure.gravatar.com\\\/avatar\\\/6b0eb9d22841282815e2cd856a0061c45e1761cd54b22e952d98c4746939aa85?s=96&r=g\",\"caption\":\"Michele\"},\"description\":\"Formada em Letras - Portugu\u00eas\\\/ Ingl\u00eas, e idealizadora do site Escritora de Sucesso, busca expandir o conhecimento de todos com informa\u00e7\u00f5es relevantes sobre diversos assuntos, enquanto redatora. No Vaga de Emprego RJ, traz oportunidades e dicas sobre o mercado de trabalho.\",\"url\":\"https:\\\/\\\/www.vagadeempregorj.com.br\\\/ar\\\/author\\\/michele\\\/\"}]}<\/script>\n<!-- \/ Yoast SEO plugin. -->","yoast_head_json":{"title":"Est\u00e1gio T\u00e9cnico em Seguran\u00e7a do Trabalho, Assessor(a) de Cozinha, Analistas de Compras de Vestu\u00e1rio, Analista de Data Science S\u00eanior, e mais na Empresa Pernambucanas -","description":"Veja em Vagas de Emprego RJ as vagas de emprego com e sem experi\u00eancia no seu Estado e Regi\u00e3o!","robots":{"index":"index","follow":"follow","max-snippet":"max-snippet:-1","max-image-preview":"max-image-preview:large","max-video-preview":"max-video-preview:-1"},"canonical":"https:\/\/www.vagadeempregorj.com.br\/ar\/empregos-pernambucanas\/","og_locale":"ar_AR","og_type":"article","og_title":"Est\u00e1gio T\u00e9cnico em Seguran\u00e7a do Trabalho, Assessor(a) de Cozinha, Analistas de Compras de Vestu\u00e1rio, Analista de Data Science S\u00eanior, e mais na Empresa Pernambucanas -","og_description":"Veja em Vagas de Emprego RJ as vagas de emprego com e sem experi\u00eancia no seu Estado e Regi\u00e3o!","og_url":"https:\/\/www.vagadeempregorj.com.br\/ar\/empregos-pernambucanas\/","article_publisher":"https:\/\/www.facebook.com\/empregobrasiloficial","article_published_time":"2023-10-17T03:01:00+00:00","og_image":[{"width":704,"height":528,"url":"https:\/\/www.vagadeempregorj.com.br\/wp-content\/uploads\/2022\/10\/empregos-pernambucanas.png","type":"image\/png"}],"author":"Michele","twitter_card":"summary_large_image","twitter_misc":{"\u0643\u064f\u062a\u0628 \u0628\u0648\u0627\u0633\u0637\u0629":"Michele","\u0648\u0642\u062a \u0627\u0644\u0642\u0631\u0627\u0621\u0629 \u0627\u0644\u0645\u064f\u0642\u062f\u0651\u0631":"3 \u062f\u0642\u0627\u0626\u0642"},"schema":{"@context":"https:\/\/schema.org","@graph":[{"@type":"Article","@id":"https:\/\/www.vagadeempregorj.com.br\/empregos-pernambucanas\/#article","isPartOf":{"@id":"https:\/\/www.vagadeempregorj.com.br\/empregos-pernambucanas\/"},"author":{"name":"Michele","@id":"https:\/\/www.vagadeempregorj.com.br\/#\/schema\/person\/3ddb19fa0539706786e502152f3aae95"},"headline":"Est\u00e1gio T\u00e9cnico em Seguran\u00e7a do Trabalho, Assessor(a) de Cozinha, Analistas de Compras de Vestu\u00e1rio, Analista de Data Science S\u00eanior, e mais na Empresa Pernambucanas","datePublished":"2023-10-17T03:01:00+00:00","mainEntityOfPage":{"@id":"https:\/\/www.vagadeempregorj.com.br\/empregos-pernambucanas\/"},"wordCount":584,"commentCount":0,"image":{"@id":"https:\/\/www.vagadeempregorj.com.br\/empregos-pernambucanas\/#primaryimage"},"thumbnailUrl":"https:\/\/www.vagadeempregorj.com.br\/wp-content\/uploads\/2022\/10\/empregos-pernambucanas.png","articleSection":["Vagas de Emprego Nacionais"],"inLanguage":"ar","potentialAction":[{"@type":"CommentAction","name":"Comment","target":["https:\/\/www.vagadeempregorj.com.br\/empregos-pernambucanas\/#respond"]}]},{"@type":"WebPage","@id":"https:\/\/www.vagadeempregorj.com.br\/empregos-pernambucanas\/","url":"https:\/\/www.vagadeempregorj.com.br\/empregos-pernambucanas\/","name":"Est\u00e1gio T\u00e9cnico em Seguran\u00e7a do Trabalho, Assessor(a) de Cozinha, Analistas de Compras de Vestu\u00e1rio, Analista de Data Science S\u00eanior, e mais na Empresa Pernambucanas -","isPartOf":{"@id":"https:\/\/www.vagadeempregorj.com.br\/#website"},"primaryImageOfPage":{"@id":"https:\/\/www.vagadeempregorj.com.br\/empregos-pernambucanas\/#primaryimage"},"image":{"@id":"https:\/\/www.vagadeempregorj.com.br\/empregos-pernambucanas\/#primaryimage"},"thumbnailUrl":"https:\/\/www.vagadeempregorj.com.br\/wp-content\/uploads\/2022\/10\/empregos-pernambucanas.png","datePublished":"2023-10-17T03:01:00+00:00","author":{"@id":"https:\/\/www.vagadeempregorj.com.br\/#\/schema\/person\/3ddb19fa0539706786e502152f3aae95"},"description":"Veja em Vagas de Emprego RJ as vagas de emprego com e sem experi\u00eancia no seu Estado e Regi\u00e3o!","breadcrumb":{"@id":"https:\/\/www.vagadeempregorj.com.br\/empregos-pernambucanas\/#breadcrumb"},"inLanguage":"ar","potentialAction":[{"@type":"ReadAction","target":["https:\/\/www.vagadeempregorj.com.br\/empregos-pernambucanas\/"]}]},{"@type":"ImageObject","inLanguage":"ar","@id":"https:\/\/www.vagadeempregorj.com.br\/empregos-pernambucanas\/#primaryimage","url":"https:\/\/www.vagadeempregorj.com.br\/wp-content\/uploads\/2022\/10\/empregos-pernambucanas.png","contentUrl":"https:\/\/www.vagadeempregorj.com.br\/wp-content\/uploads\/2022\/10\/empregos-pernambucanas.png","width":704,"height":528,"caption":"Imagem: Pernambucanas - Reprodu\u00e7\u00e3o"},{"@type":"BreadcrumbList","@id":"https:\/\/www.vagadeempregorj.com.br\/empregos-pernambucanas\/#breadcrumb","itemListElement":[{"@type":"ListItem","position":1,"name":"In\u00edcio","item":"https:\/\/www.vagadeempregorj.com.br\/"},{"@type":"ListItem","position":2,"name":"Vagas de Emprego Nacionais","item":"https:\/\/www.vagadeempregorj.com.br\/vagas-de-emprego-nacionais\/"},{"@type":"ListItem","position":3,"name":"Est\u00e1gio T\u00e9cnico em Seguran\u00e7a do Trabalho, Assessor(a) de Cozinha, Analistas de Compras de Vestu\u00e1rio, Analista de Data Science S\u00eanior, e mais na Empresa Pernambucanas"}]},{"@type":"WebSite","@id":"https:\/\/www.vagadeempregorj.com.br\/#website","url":"https:\/\/www.vagadeempregorj.com.br\/","name":"","description":"\u062a\u062d\u0642\u064a\u0642 \u0627\u0644\u0623\u062d\u0644\u0627\u0645: \u0641\u0631\u0635 \u0639\u0645\u0644\u060c \u0645\u0632\u0627\u064a\u0627\u060c \u0648\u062a\u0648\u0641\u064a\u0631\u0627\u062a \u0644\u062a\u063a\u064a\u064a\u0631 \u0627\u0644\u062d\u064a\u0627\u0629 \u0648\u062a\u062d\u0642\u064a\u0642 \u062a\u062d\u0633\u064a\u0646\u0627\u062a \u064a\u0648\u0645\u064a\u0629","potentialAction":[{"@type":"SearchAction","target":{"@type":"EntryPoint","urlTemplate":"https:\/\/www.vagadeempregorj.com.br\/?s={search_term_string}"},"query-input":{"@type":"PropertyValueSpecification","valueRequired":true,"valueName":"search_term_string"}}],"inLanguage":"ar"},{"@type":"Person","@id":"https:\/\/www.vagadeempregorj.com.br\/#\/schema\/person\/3ddb19fa0539706786e502152f3aae95","name":"Michele","image":{"@type":"ImageObject","inLanguage":"ar","@id":"https:\/\/secure.gravatar.com\/avatar\/6b0eb9d22841282815e2cd856a0061c45e1761cd54b22e952d98c4746939aa85?s=96&r=g","url":"https:\/\/secure.gravatar.com\/avatar\/6b0eb9d22841282815e2cd856a0061c45e1761cd54b22e952d98c4746939aa85?s=96&r=g","contentUrl":"https:\/\/secure.gravatar.com\/avatar\/6b0eb9d22841282815e2cd856a0061c45e1761cd54b22e952d98c4746939aa85?s=96&r=g","caption":"Michele"},"description":"Formada em Letras - Portugu\u00eas\/ Ingl\u00eas, e idealizadora do site Escritora de Sucesso, busca expandir o conhecimento de todos com informa\u00e7\u00f5es relevantes sobre diversos assuntos, enquanto redatora. No Vaga de Emprego RJ, traz oportunidades e dicas sobre o mercado de trabalho.","url":"https:\/\/www.vagadeempregorj.com.br\/ar\/author\/michele\/"}]}},"_links":{"self":[{"href":"https:\/\/www.vagadeempregorj.com.br\/ar\/wp-json\/wp\/v2\/posts\/35772","targetHints":{"allow":["GET"]}}],"collection":[{"href":"https:\/\/www.vagadeempregorj.com.br\/ar\/wp-json\/wp\/v2\/posts"}],"about":[{"href":"https:\/\/www.vagadeempregorj.com.br\/ar\/wp-json\/wp\/v2\/types\/post"}],"author":[{"embeddable":true,"href":"https:\/\/www.vagadeempregorj.com.br\/ar\/wp-json\/wp\/v2\/users\/16"}],"replies":[{"embeddable":true,"href":"https:\/\/www.vagadeempregorj.com.br\/ar\/wp-json\/wp\/v2\/comments?post=35772"}],"version-history":[{"count":0,"href":"https:\/\/www.vagadeempregorj.com.br\/ar\/wp-json\/wp\/v2\/posts\/35772\/revisions"}],"wp:featuredmedia":[{"embeddable":true,"href":"https:\/\/www.vagadeempregorj.com.br\/ar\/wp-json\/wp\/v2\/media\/35804"}],"wp:attachment":[{"href":"https:\/\/www.vagadeempregorj.com.br\/ar\/wp-json\/wp\/v2\/media?parent=35772"}],"wp:term":[{"taxonomy":"category","embeddable":true,"href":"https:\/\/www.vagadeempregorj.com.br\/ar\/wp-json\/wp\/v2\/categories?post=35772"},{"taxonomy":"post_tag","embeddable":true,"href":"https:\/\/www.vagadeempregorj.com.br\/ar\/wp-json\/wp\/v2\/tags?post=35772"}],"curies":[{"name":"wp","href":"https:\/\/api.w.org\/{rel}","templated":true}]}}