{"id":36054,"date":"2023-11-14T00:01:00","date_gmt":"2023-11-14T03:01:00","guid":{"rendered":"https:\/\/www.vagadeempregorj.com.br\/?p=36054"},"modified":"2026-02-02T17:49:27","modified_gmt":"2026-02-02T20:49:27","slug":"empregos-elo7","status":"publish","type":"post","link":"https:\/\/www.vagadeempregorj.com.br\/ar\/empregos-elo7\/","title":{"rendered":"Gerentes, Analistas e muito mais na Empresa Elo7"},"content":{"rendered":"<p>Atualizado<\/p>\n\n\n<div class=\"wp-block-post-date\"><time datetime=\"2023-11-14T00:01:00-03:00\">14\/11\/2023<\/time><\/div>\n\n\n<p>Os <strong>Empregos Elo7<\/strong> t\u00eam destaque no mercado de trabalho em raz\u00e3o dos benef\u00edcios oferecidos pela empresa, que \u00e9 o maior site de produtos protegidos por direitos autorais do Brasil. Formam a maior comunidade de vendedores criativos e buscamos facilitar o com\u00e9rcio de produtos originais. Mais do que um site, a companhia nasceu em 2008 com a miss\u00e3o de transformar a vida das pessoas por meio de um ambiente de compra e venda humanizado, que conecta e inspira, dando sentido a cada transa\u00e7\u00e3o. Possuem o compromisso de desenvolver a melhor tecnologia e fornecer solu\u00e7\u00f5es simples e pr\u00e1ticas para que os vendedores gerenciem suas vendas e proporcionem aos compradores uma \u00f3tima experi\u00eancia de compra.<\/p>\n\n\n\n<figure class=\"wp-block-image size-large\"><img loading=\"lazy\" decoding=\"async\" width=\"1024\" height=\"538\" src=\"https:\/\/www.vagadeempregorj.com.br\/wp-content\/uploads\/2022\/11\/empregos-elo7-1024x538.png\" alt=\"empregos elo7\" class=\"wp-image-36062\" srcset=\"https:\/\/www.vagadeempregorj.com.br\/wp-content\/uploads\/2022\/11\/empregos-elo7-1024x538.png 1024w, https:\/\/www.vagadeempregorj.com.br\/wp-content\/uploads\/2022\/11\/empregos-elo7-300x158.png 300w, https:\/\/www.vagadeempregorj.com.br\/wp-content\/uploads\/2022\/11\/empregos-elo7-768x403.png 768w, https:\/\/www.vagadeempregorj.com.br\/wp-content\/uploads\/2022\/11\/empregos-elo7-150x79.png 150w, https:\/\/www.vagadeempregorj.com.br\/wp-content\/uploads\/2022\/11\/empregos-elo7.png 1200w\" sizes=\"auto, (max-width: 1024px) 100vw, 1024px\" \/><figcaption class=\"wp-element-caption\">Imagem: Elo7 &#8211; Reprodu\u00e7\u00e3o<\/figcaption><\/figure>\n\n\n\n<h2 class=\"wp-block-heading\">Conhe\u00e7a as oportunidades de Empregos Elo7<\/h2>\n\n\n\n<p>A maior parte das vagas \u00e9 para a regi\u00e3o de S\u00e3o Paulo, mas a maioria delas o modelo de trabalho \u00e9 remoto e \u00e9 preciso ter forma\u00e7\u00e3o e experi\u00eancia na fun\u00e7\u00e3o.&nbsp;<\/p>\n\n\n\n<p>A empresa oferta diversos benef\u00edcios como participa\u00e7\u00e3o nos lucros, Home Office, dia de folga no anivers\u00e1rio, vale alimenta\u00e7\u00e3o, aux\u00edlio creche, vale refei\u00e7\u00e3o, Zenklub, aux\u00edlio home office, gympass, plano odontol\u00f3gico, seguro de vida, plano de sa\u00fade, entre outros. Veja abaixo quais s\u00e3o os cargos ofertados e descubra em seguida como fazer a sua inscri\u00e7\u00e3o:<\/p>\n\n\n\n<ul class=\"wp-block-list\">\n<li>Gerente de Preven\u00e7\u00e3o a Fraudes;<\/li>\n\n\n\n<li>Ana. de BI Pl;<\/li>\n\n\n\n<li>Coord. de BI \/ Analytics;<\/li>\n\n\n\n<li>Ana. de CRM Pl &#8211; Salesforce Marketing Cloud;<\/li>\n\n\n\n<li>Gerente de Strategic Finance & Analytics (SFA).<\/li>\n<\/ul>\n\n\n\n<h3 class=\"wp-block-heading\">Como se candidatar<\/h3>\n\n\n\n<p>Se deseja enviar o seu curr\u00edculo para uma das oportunidades mencionadas, acesse o site em que a sele\u00e7\u00e3o \u00e9 feita. Para isso, basta acessar o link oficial da Elo7.<\/p>\n\n\n\n<p>&nbsp;Depois disso, encontre o seu cargo de interesse e leia com aten\u00e7\u00e3o todos os requisitos pedidos para se certificar de que ele \u00e9 adequado ao seu perfil profissional, pois a maioria deles pede experi\u00eancia na fun\u00e7\u00e3o, entre outras exig\u00eancias. Caso seja compat\u00edvel, cadastre-se na p\u00e1gina se ainda n\u00e3o tiver um, caso j\u00e1 possua um realize o seu login.<\/p>\n\n\n\n<p>Se por acaso n\u00e3o houver nenhuma oportunidade especificada, preencha o formul\u00e1rio e coloque todos os seus dados pessoais para que a empresa possa entrar em contato.<\/p>\n\n\n\n<p>No dia da entrevista \u00e9 essencial se preparar. Em geral, \u00e9 pedido que o candidato realize um question\u00e1rio de portugu\u00eas e matem\u00e1tica e tamb\u00e9m alguma din\u00e2mica em grupo. O entrevistador tamb\u00e9m pode perguntar quais s\u00e3o seus defeitos e qualidades, a raz\u00e3o do candidato desejar fazer parte da empresa, qual sua pretens\u00e3o salarial, entre outras perguntas.<\/p>\n\n\n\n<h2 class=\"wp-block-heading\">Sobre a Elo7<\/h2>\n\n\n\n<p>Fundada em 2008, a empresa \u00e9 o maior marketplace de produtos criativos da Am\u00e9rica Latina. Desde 2021, a plataforma tamb\u00e9m faz parte da fam\u00edlia Etsy, o maior marketplace do mundo para produtos criativos!<\/p>\n\n\n\n<p>A miss\u00e3o deles \u00e9 transformar a vida das pessoas por meio de um ambiente humano de compra e venda que conecta e inspira, dando sentido a cada transa\u00e7\u00e3o. Como parte da equipe, voc\u00ea trabalhar\u00e1 em um ambiente descontra\u00eddo, colaborativo e din\u00e2mico com uma equipe apaixonada por \u00f3timos produtos, design e tecnologia.<\/p>\n\n\n\n<p>Eles possuem o compromisso de desenvolver a melhor tecnologia para fornecer solu\u00e7\u00f5es de gest\u00e3o de vendas simples e pr\u00e1ticas para os vendedores e uma \u00f3tima experi\u00eancia de compra para os compradores.<\/p>","protected":false},"excerpt":{"rendered":"<p>Atualizado Os Empregos Elo7 t\u00eam destaque no mercado de trabalho em raz\u00e3o dos benef\u00edcios oferecidos pela empresa, que \u00e9 o maior site de produtos protegidos por direitos autorais do Brasil. Formam a maior comunidade de vendedores criativos e buscamos facilitar o com\u00e9rcio de produtos originais. Mais do que um site, a companhia nasceu em 2008&hellip;&nbsp;<\/p>","protected":false},"author":16,"featured_media":36062,"comment_status":"open","ping_status":"closed","sticky":false,"template":"","format":"standard","meta":{"neve_meta_sidebar":"","neve_meta_container":"","neve_meta_enable_content_width":"","neve_meta_content_width":0,"neve_meta_title_alignment":"","neve_meta_author_avatar":"","neve_post_elements_order":"","neve_meta_disable_header":"","neve_meta_disable_footer":"","neve_meta_disable_title":"","footnotes":""},"categories":[123],"tags":[],"class_list":["post-36054","post","type-post","status-publish","format-standard","has-post-thumbnail","hentry","category-vagas-de-emprego-nacionais"],"yoast_head":"<!-- This site is optimized with the Yoast SEO plugin v27.5 - https:\/\/yoast.com\/product\/yoast-seo-wordpress\/ -->\n<title>Gerentes, Analistas e muito mais na Empresa Elo7 -<\/title>\n<meta name=\"description\" content=\"Veja em Vagas de Emprego RJ as vagas de emprego com e sem experi\u00eancia no seu Estado e Regi\u00e3o!\" \/>\n<meta name=\"robots\" content=\"index, follow, max-snippet:-1, max-image-preview:large, max-video-preview:-1\" \/>\n<link rel=\"canonical\" href=\"https:\/\/www.vagadeempregorj.com.br\/ar\/empregos-elo7\/\" \/>\n<meta property=\"og:locale\" content=\"ar_AR\" \/>\n<meta property=\"og:type\" content=\"article\" \/>\n<meta property=\"og:title\" content=\"Gerentes, Analistas e muito mais na Empresa Elo7 -\" \/>\n<meta property=\"og:description\" content=\"Veja em Vagas de Emprego RJ as vagas de emprego com e sem experi\u00eancia no seu Estado e Regi\u00e3o!\" \/>\n<meta property=\"og:url\" content=\"https:\/\/www.vagadeempregorj.com.br\/ar\/empregos-elo7\/\" \/>\n<meta property=\"article:publisher\" content=\"https:\/\/www.facebook.com\/empregobrasiloficial\" \/>\n<meta property=\"article:published_time\" content=\"2023-11-14T03:01:00+00:00\" \/>\n<meta property=\"article:modified_time\" content=\"2026-02-02T20:49:27+00:00\" \/>\n<meta property=\"og:image\" content=\"https:\/\/www.vagadeempregorj.com.br\/wp-content\/uploads\/2022\/11\/empregos-elo7.png\" \/>\n\t<meta property=\"og:image:width\" content=\"1200\" \/>\n\t<meta property=\"og:image:height\" content=\"630\" \/>\n\t<meta property=\"og:image:type\" content=\"image\/png\" \/>\n<meta name=\"author\" content=\"Michele\" \/>\n<meta name=\"twitter:card\" content=\"summary_large_image\" \/>\n<meta name=\"twitter:label1\" content=\"Written by\" \/>\n\t<meta name=\"twitter:data1\" content=\"Michele\" \/>\n\t<meta name=\"twitter:label2\" content=\"Est. reading time\" \/>\n\t<meta name=\"twitter:data2\" content=\"3 \u062f\u0642\u0627\u0626\u0642\" \/>\n<script type=\"application\/ld+json\" class=\"yoast-schema-graph\">{\"@context\":\"https:\\\/\\\/schema.org\",\"@graph\":[{\"@type\":\"Article\",\"@id\":\"https:\\\/\\\/www.vagadeempregorj.com.br\\\/empregos-elo7\\\/#article\",\"isPartOf\":{\"@id\":\"https:\\\/\\\/www.vagadeempregorj.com.br\\\/empregos-elo7\\\/\"},\"author\":{\"name\":\"Michele\",\"@id\":\"https:\\\/\\\/www.vagadeempregorj.com.br\\\/#\\\/schema\\\/person\\\/3ddb19fa0539706786e502152f3aae95\"},\"headline\":\"Gerentes, Analistas e muito mais na Empresa Elo7\",\"datePublished\":\"2023-11-14T03:01:00+00:00\",\"dateModified\":\"2026-02-02T20:49:27+00:00\",\"mainEntityOfPage\":{\"@id\":\"https:\\\/\\\/www.vagadeempregorj.com.br\\\/empregos-elo7\\\/\"},\"wordCount\":580,\"commentCount\":0,\"image\":{\"@id\":\"https:\\\/\\\/www.vagadeempregorj.com.br\\\/empregos-elo7\\\/#primaryimage\"},\"thumbnailUrl\":\"https:\\\/\\\/www.vagadeempregorj.com.br\\\/wp-content\\\/uploads\\\/2022\\\/11\\\/empregos-elo7.png\",\"articleSection\":[\"Vagas de Emprego Nacionais\"],\"inLanguage\":\"ar\",\"potentialAction\":[{\"@type\":\"CommentAction\",\"name\":\"Comment\",\"target\":[\"https:\\\/\\\/www.vagadeempregorj.com.br\\\/empregos-elo7\\\/#respond\"]}]},{\"@type\":\"WebPage\",\"@id\":\"https:\\\/\\\/www.vagadeempregorj.com.br\\\/empregos-elo7\\\/\",\"url\":\"https:\\\/\\\/www.vagadeempregorj.com.br\\\/empregos-elo7\\\/\",\"name\":\"Gerentes, Analistas e muito mais na Empresa Elo7 -\",\"isPartOf\":{\"@id\":\"https:\\\/\\\/www.vagadeempregorj.com.br\\\/#website\"},\"primaryImageOfPage\":{\"@id\":\"https:\\\/\\\/www.vagadeempregorj.com.br\\\/empregos-elo7\\\/#primaryimage\"},\"image\":{\"@id\":\"https:\\\/\\\/www.vagadeempregorj.com.br\\\/empregos-elo7\\\/#primaryimage\"},\"thumbnailUrl\":\"https:\\\/\\\/www.vagadeempregorj.com.br\\\/wp-content\\\/uploads\\\/2022\\\/11\\\/empregos-elo7.png\",\"datePublished\":\"2023-11-14T03:01:00+00:00\",\"dateModified\":\"2026-02-02T20:49:27+00:00\",\"author\":{\"@id\":\"https:\\\/\\\/www.vagadeempregorj.com.br\\\/#\\\/schema\\\/person\\\/3ddb19fa0539706786e502152f3aae95\"},\"description\":\"Veja em Vagas de Emprego RJ as vagas de emprego com e sem experi\u00eancia no seu Estado e Regi\u00e3o!\",\"breadcrumb\":{\"@id\":\"https:\\\/\\\/www.vagadeempregorj.com.br\\\/empregos-elo7\\\/#breadcrumb\"},\"inLanguage\":\"ar\",\"potentialAction\":[{\"@type\":\"ReadAction\",\"target\":[\"https:\\\/\\\/www.vagadeempregorj.com.br\\\/empregos-elo7\\\/\"]}]},{\"@type\":\"ImageObject\",\"inLanguage\":\"ar\",\"@id\":\"https:\\\/\\\/www.vagadeempregorj.com.br\\\/empregos-elo7\\\/#primaryimage\",\"url\":\"https:\\\/\\\/www.vagadeempregorj.com.br\\\/wp-content\\\/uploads\\\/2022\\\/11\\\/empregos-elo7.png\",\"contentUrl\":\"https:\\\/\\\/www.vagadeempregorj.com.br\\\/wp-content\\\/uploads\\\/2022\\\/11\\\/empregos-elo7.png\",\"width\":1200,\"height\":630,\"caption\":\"Imagem: Elo7 - Reprodu\u00e7\u00e3o\"},{\"@type\":\"BreadcrumbList\",\"@id\":\"https:\\\/\\\/www.vagadeempregorj.com.br\\\/empregos-elo7\\\/#breadcrumb\",\"itemListElement\":[{\"@type\":\"ListItem\",\"position\":1,\"name\":\"In\u00edcio\",\"item\":\"https:\\\/\\\/www.vagadeempregorj.com.br\\\/\"},{\"@type\":\"ListItem\",\"position\":2,\"name\":\"Vagas de Emprego Nacionais\",\"item\":\"https:\\\/\\\/www.vagadeempregorj.com.br\\\/vagas-de-emprego-nacionais\\\/\"},{\"@type\":\"ListItem\",\"position\":3,\"name\":\"Gerentes, Analistas e muito mais na Empresa Elo7\"}]},{\"@type\":\"WebSite\",\"@id\":\"https:\\\/\\\/www.vagadeempregorj.com.br\\\/#website\",\"url\":\"https:\\\/\\\/www.vagadeempregorj.com.br\\\/\",\"name\":\"\",\"description\":\"Conquiste Sonhos: Vagas, Benef\u00edcios e Economia para Transformar Vidas e Alcan\u00e7ar Melhorias Cotidianas\",\"potentialAction\":[{\"@type\":\"SearchAction\",\"target\":{\"@type\":\"EntryPoint\",\"urlTemplate\":\"https:\\\/\\\/www.vagadeempregorj.com.br\\\/?s={search_term_string}\"},\"query-input\":{\"@type\":\"PropertyValueSpecification\",\"valueRequired\":true,\"valueName\":\"search_term_string\"}}],\"inLanguage\":\"ar\"},{\"@type\":\"Person\",\"@id\":\"https:\\\/\\\/www.vagadeempregorj.com.br\\\/#\\\/schema\\\/person\\\/3ddb19fa0539706786e502152f3aae95\",\"name\":\"Michele\",\"image\":{\"@type\":\"ImageObject\",\"inLanguage\":\"ar\",\"@id\":\"https:\\\/\\\/secure.gravatar.com\\\/avatar\\\/6b0eb9d22841282815e2cd856a0061c45e1761cd54b22e952d98c4746939aa85?s=96&r=g\",\"url\":\"https:\\\/\\\/secure.gravatar.com\\\/avatar\\\/6b0eb9d22841282815e2cd856a0061c45e1761cd54b22e952d98c4746939aa85?s=96&r=g\",\"contentUrl\":\"https:\\\/\\\/secure.gravatar.com\\\/avatar\\\/6b0eb9d22841282815e2cd856a0061c45e1761cd54b22e952d98c4746939aa85?s=96&r=g\",\"caption\":\"Michele\"},\"description\":\"Formada em Letras - Portugu\u00eas\\\/ Ingl\u00eas, e idealizadora do site Escritora de Sucesso, busca expandir o conhecimento de todos com informa\u00e7\u00f5es relevantes sobre diversos assuntos, enquanto redatora. No Vaga de Emprego RJ, traz oportunidades e dicas sobre o mercado de trabalho.\",\"url\":\"https:\\\/\\\/www.vagadeempregorj.com.br\\\/ar\\\/author\\\/michele\\\/\"}]}<\/script>\n<!-- \/ Yoast SEO plugin. -->","yoast_head_json":{"title":"Gerentes, Analistas e muito mais na Empresa Elo7 -","description":"Veja em Vagas de Emprego RJ as vagas de emprego com e sem experi\u00eancia no seu Estado e Regi\u00e3o!","robots":{"index":"index","follow":"follow","max-snippet":"max-snippet:-1","max-image-preview":"max-image-preview:large","max-video-preview":"max-video-preview:-1"},"canonical":"https:\/\/www.vagadeempregorj.com.br\/ar\/empregos-elo7\/","og_locale":"ar_AR","og_type":"article","og_title":"Gerentes, Analistas e muito mais na Empresa Elo7 -","og_description":"Veja em Vagas de Emprego RJ as vagas de emprego com e sem experi\u00eancia no seu Estado e Regi\u00e3o!","og_url":"https:\/\/www.vagadeempregorj.com.br\/ar\/empregos-elo7\/","article_publisher":"https:\/\/www.facebook.com\/empregobrasiloficial","article_published_time":"2023-11-14T03:01:00+00:00","article_modified_time":"2026-02-02T20:49:27+00:00","og_image":[{"width":1200,"height":630,"url":"https:\/\/www.vagadeempregorj.com.br\/wp-content\/uploads\/2022\/11\/empregos-elo7.png","type":"image\/png"}],"author":"Michele","twitter_card":"summary_large_image","twitter_misc":{"Written by":"Michele","Est. reading time":"3 \u062f\u0642\u0627\u0626\u0642"},"schema":{"@context":"https:\/\/schema.org","@graph":[{"@type":"Article","@id":"https:\/\/www.vagadeempregorj.com.br\/empregos-elo7\/#article","isPartOf":{"@id":"https:\/\/www.vagadeempregorj.com.br\/empregos-elo7\/"},"author":{"name":"Michele","@id":"https:\/\/www.vagadeempregorj.com.br\/#\/schema\/person\/3ddb19fa0539706786e502152f3aae95"},"headline":"Gerentes, Analistas e muito mais na Empresa Elo7","datePublished":"2023-11-14T03:01:00+00:00","dateModified":"2026-02-02T20:49:27+00:00","mainEntityOfPage":{"@id":"https:\/\/www.vagadeempregorj.com.br\/empregos-elo7\/"},"wordCount":580,"commentCount":0,"image":{"@id":"https:\/\/www.vagadeempregorj.com.br\/empregos-elo7\/#primaryimage"},"thumbnailUrl":"https:\/\/www.vagadeempregorj.com.br\/wp-content\/uploads\/2022\/11\/empregos-elo7.png","articleSection":["Vagas de Emprego Nacionais"],"inLanguage":"ar","potentialAction":[{"@type":"CommentAction","name":"Comment","target":["https:\/\/www.vagadeempregorj.com.br\/empregos-elo7\/#respond"]}]},{"@type":"WebPage","@id":"https:\/\/www.vagadeempregorj.com.br\/empregos-elo7\/","url":"https:\/\/www.vagadeempregorj.com.br\/empregos-elo7\/","name":"Gerentes, Analistas e muito mais na Empresa Elo7 -","isPartOf":{"@id":"https:\/\/www.vagadeempregorj.com.br\/#website"},"primaryImageOfPage":{"@id":"https:\/\/www.vagadeempregorj.com.br\/empregos-elo7\/#primaryimage"},"image":{"@id":"https:\/\/www.vagadeempregorj.com.br\/empregos-elo7\/#primaryimage"},"thumbnailUrl":"https:\/\/www.vagadeempregorj.com.br\/wp-content\/uploads\/2022\/11\/empregos-elo7.png","datePublished":"2023-11-14T03:01:00+00:00","dateModified":"2026-02-02T20:49:27+00:00","author":{"@id":"https:\/\/www.vagadeempregorj.com.br\/#\/schema\/person\/3ddb19fa0539706786e502152f3aae95"},"description":"Veja em Vagas de Emprego RJ as vagas de emprego com e sem experi\u00eancia no seu Estado e Regi\u00e3o!","breadcrumb":{"@id":"https:\/\/www.vagadeempregorj.com.br\/empregos-elo7\/#breadcrumb"},"inLanguage":"ar","potentialAction":[{"@type":"ReadAction","target":["https:\/\/www.vagadeempregorj.com.br\/empregos-elo7\/"]}]},{"@type":"ImageObject","inLanguage":"ar","@id":"https:\/\/www.vagadeempregorj.com.br\/empregos-elo7\/#primaryimage","url":"https:\/\/www.vagadeempregorj.com.br\/wp-content\/uploads\/2022\/11\/empregos-elo7.png","contentUrl":"https:\/\/www.vagadeempregorj.com.br\/wp-content\/uploads\/2022\/11\/empregos-elo7.png","width":1200,"height":630,"caption":"Imagem: Elo7 - Reprodu\u00e7\u00e3o"},{"@type":"BreadcrumbList","@id":"https:\/\/www.vagadeempregorj.com.br\/empregos-elo7\/#breadcrumb","itemListElement":[{"@type":"ListItem","position":1,"name":"In\u00edcio","item":"https:\/\/www.vagadeempregorj.com.br\/"},{"@type":"ListItem","position":2,"name":"Vagas de Emprego Nacionais","item":"https:\/\/www.vagadeempregorj.com.br\/vagas-de-emprego-nacionais\/"},{"@type":"ListItem","position":3,"name":"Gerentes, Analistas e muito mais na Empresa Elo7"}]},{"@type":"WebSite","@id":"https:\/\/www.vagadeempregorj.com.br\/#website","url":"https:\/\/www.vagadeempregorj.com.br\/","name":"","description":"Conquiste Sonhos: Vagas, Benef\u00edcios e Economia para Transformar Vidas e Alcan\u00e7ar Melhorias Cotidianas","potentialAction":[{"@type":"SearchAction","target":{"@type":"EntryPoint","urlTemplate":"https:\/\/www.vagadeempregorj.com.br\/?s={search_term_string}"},"query-input":{"@type":"PropertyValueSpecification","valueRequired":true,"valueName":"search_term_string"}}],"inLanguage":"ar"},{"@type":"Person","@id":"https:\/\/www.vagadeempregorj.com.br\/#\/schema\/person\/3ddb19fa0539706786e502152f3aae95","name":"Michele","image":{"@type":"ImageObject","inLanguage":"ar","@id":"https:\/\/secure.gravatar.com\/avatar\/6b0eb9d22841282815e2cd856a0061c45e1761cd54b22e952d98c4746939aa85?s=96&r=g","url":"https:\/\/secure.gravatar.com\/avatar\/6b0eb9d22841282815e2cd856a0061c45e1761cd54b22e952d98c4746939aa85?s=96&r=g","contentUrl":"https:\/\/secure.gravatar.com\/avatar\/6b0eb9d22841282815e2cd856a0061c45e1761cd54b22e952d98c4746939aa85?s=96&r=g","caption":"Michele"},"description":"Formada em Letras - Portugu\u00eas\/ Ingl\u00eas, e idealizadora do site Escritora de Sucesso, busca expandir o conhecimento de todos com informa\u00e7\u00f5es relevantes sobre diversos assuntos, enquanto redatora. No Vaga de Emprego RJ, traz oportunidades e dicas sobre o mercado de trabalho.","url":"https:\/\/www.vagadeempregorj.com.br\/ar\/author\/michele\/"}]}},"_links":{"self":[{"href":"https:\/\/www.vagadeempregorj.com.br\/ar\/wp-json\/wp\/v2\/posts\/36054","targetHints":{"allow":["GET"]}}],"collection":[{"href":"https:\/\/www.vagadeempregorj.com.br\/ar\/wp-json\/wp\/v2\/posts"}],"about":[{"href":"https:\/\/www.vagadeempregorj.com.br\/ar\/wp-json\/wp\/v2\/types\/post"}],"author":[{"embeddable":true,"href":"https:\/\/www.vagadeempregorj.com.br\/ar\/wp-json\/wp\/v2\/users\/16"}],"replies":[{"embeddable":true,"href":"https:\/\/www.vagadeempregorj.com.br\/ar\/wp-json\/wp\/v2\/comments?post=36054"}],"version-history":[{"count":1,"href":"https:\/\/www.vagadeempregorj.com.br\/ar\/wp-json\/wp\/v2\/posts\/36054\/revisions"}],"predecessor-version":[{"id":44211,"href":"https:\/\/www.vagadeempregorj.com.br\/ar\/wp-json\/wp\/v2\/posts\/36054\/revisions\/44211"}],"wp:featuredmedia":[{"embeddable":true,"href":"https:\/\/www.vagadeempregorj.com.br\/ar\/wp-json\/wp\/v2\/media\/36062"}],"wp:attachment":[{"href":"https:\/\/www.vagadeempregorj.com.br\/ar\/wp-json\/wp\/v2\/media?parent=36054"}],"wp:term":[{"taxonomy":"category","embeddable":true,"href":"https:\/\/www.vagadeempregorj.com.br\/ar\/wp-json\/wp\/v2\/categories?post=36054"},{"taxonomy":"post_tag","embeddable":true,"href":"https:\/\/www.vagadeempregorj.com.br\/ar\/wp-json\/wp\/v2\/tags?post=36054"}],"curies":[{"name":"wp","href":"https:\/\/api.w.org\/{rel}","templated":true}]}}