{"id":36058,"date":"2023-09-26T00:03:00","date_gmt":"2023-09-26T03:03:00","guid":{"rendered":"https:\/\/www.vagadeempregorj.com.br\/?p=36058"},"modified":"2024-08-12T18:00:24","modified_gmt":"2024-08-12T21:00:24","slug":"empregos-amcom","status":"publish","type":"post","link":"https:\/\/www.vagadeempregorj.com.br\/ar\/empregos-amcom\/","title":{"rendered":"Analistas, Executivo de Vendas, Consultores, Desenvolvedores, Gerente e muito mais na Empresa AMCom"},"content":{"rendered":"<p><strong>Atualizado em 12\/08\/2024<\/strong><\/p>\n\n\n\n<p>Os <strong>Empregos AMCom <\/strong>t\u00eam destaque no mercado de trabalho devido aos benef\u00edcios ofertados pela empresa, que enfrenta enormes desafios e precisam de pessoas que amem o aprendizado cont\u00ednuo, que sonhem grande e que estejam ansiosas para ajud\u00e1-los a transformar e crescer. Est\u00e3o expandindo nossos horizontes, e \u00e9 por isso que procuram pessoas que amam tecnologia.<\/p>\n\n\n\n<figure class=\"wp-block-image size-full\"><img loading=\"lazy\" decoding=\"async\" width=\"658\" height=\"658\" src=\"https:\/\/www.vagadeempregorj.com.br\/wp-content\/uploads\/2022\/11\/empregos-AMCom.jpg\" alt=\"empregos AMCom\" class=\"wp-image-36060\" srcset=\"https:\/\/www.vagadeempregorj.com.br\/wp-content\/uploads\/2022\/11\/empregos-AMCom.jpg 658w, https:\/\/www.vagadeempregorj.com.br\/wp-content\/uploads\/2022\/11\/empregos-AMCom-300x300.jpg 300w, https:\/\/www.vagadeempregorj.com.br\/wp-content\/uploads\/2022\/11\/empregos-AMCom-150x150.jpg 150w, https:\/\/www.vagadeempregorj.com.br\/wp-content\/uploads\/2022\/11\/empregos-AMCom-96x96.jpg 96w\" sizes=\"auto, (max-width: 658px) 100vw, 658px\" \/><figcaption class=\"wp-element-caption\">Imagem: AMCom &#8211; Reprodu\u00e7\u00e3o<\/figcaption><\/figure>\n\n\n\n<h2 class=\"wp-block-heading\">Conhe\u00e7a as oportunidades de Empregos AMCom<\/h2>\n\n\n\n<p>A empresa oferta v\u00e1rios benef\u00edcios aos seus funcion\u00e1rios como biciclet\u00e1rio, vale alimenta\u00e7\u00e3o, estacionamento, aula de ingl\u00eas gr\u00e1tis, Nap Room, treinamento, V\u00eddeo Game, dia de folga no anivers\u00e1rio, sinuca, hor\u00e1rio flex\u00edvel, cadeira de massagem, conv\u00eanios e caf\u00e9. Veja as vagas ofertadas abaixo:<\/p>\n\n\n\n<ul class=\"wp-block-list\">\n<li>Agile Coach;<\/li>\n\n\n\n<li>Gerente de Solu\u00e7\u00f5es & Inova\u00e7\u00e3o;<\/li>\n\n\n\n<li>Agilista Sr;<\/li>\n\n\n\n<li>Integrador de Sistemas Sr;<\/li>\n\n\n\n<li>Ana. Desenvolvedor SOA Suite Pl;<\/li>\n\n\n\n<li>Scrum Master Sr;<\/li>\n\n\n\n<li>Ana. de Sistemas Sr;<\/li>\n\n\n\n<li>Desenvolv. React Native Sr;<\/li>\n\n\n\n<li>Ana. de Testes Automatizados Pl;<\/li>\n\n\n\n<li>Executivo de Vendas;<\/li>\n\n\n\n<li>Consultor de Solu\u00e7\u00f5es e Pr\u00e9-vendas;<\/li>\n\n\n\n<li>Gerente de Projetos \u00c1geis;<\/li>\n\n\n\n<li>Consultor Funcional Oracle EBS;<\/li>\n\n\n\n<li>Desenvolv. Python Pl com Ingl\u00eas fluente;<\/li>\n\n\n\n<li>Consultor SAP SD Integra\u00e7\u00f5es CRM;<\/li>\n\n\n\n<li>Desenvolv. Angular Sr;<\/li>\n\n\n\n<li>Tech Lead;<\/li>\n\n\n\n<li>Desenvolv. Java Pl e Sr;<\/li>\n\n\n\n<li>UX\/UI Designer Pl com Ingl\u00eas Fluente;<\/li>\n\n\n\n<li>Desenvolv. Node.js Sr;<\/li>\n\n\n\n<li>Tech Recruiter com Ingl\u00eas Fluente;<\/li>\n\n\n\n<li>Desenvolv. Progress Sr.<\/li>\n<\/ul>\n\n\n\n<h3 class=\"wp-block-heading\">Como se candidatar<\/h3>\n\n\n\n<p>Se deseja enviar o seu curr\u00edculo para uma das oportunidades mencionadas, acesse o site em que a sele\u00e7\u00e3o \u00e9 feita. Para isso, basta acessar o link abaixo:<\/p>\n\n\n\n<ul class=\"wp-block-list\">\n<li>Copie e cole o endere\u00e7o <strong>https:\/\/amcom.com.br\/carreiras\/<\/strong> em seu navegador;<\/li>\n\n\n\n<li>Siga as instru\u00e7\u00f5es da p\u00e1gina para encontrar as vagas abertas.<\/li>\n<\/ul>\n\n\n\n<p>Depois disso, encontre o seu cargo de interesse e leia com aten\u00e7\u00e3o todos os requisitos pedidos para se certificar de que ele \u00e9 adequado ao seu perfil profissional, pois a maioria deles pede experi\u00eancia na fun\u00e7\u00e3o, entre outras exig\u00eancias. Caso seja compat\u00edvel, cadastre-se na p\u00e1gina se ainda n\u00e3o tiver um, caso j\u00e1 possua um realize o seu login.<\/p>\n\n\n\n<p>Se por acaso n\u00e3o houver nenhuma oportunidade especificada, preencha o formul\u00e1rio e coloque todos os seus dados pessoais para que a empresa possa entrar em contato.<\/p>\n\n\n\n<p>No dia da entrevista \u00e9 essencial se preparar. Em geral, \u00e9 pedido que o candidato realize um question\u00e1rio de portugu\u00eas e matem\u00e1tica e tamb\u00e9m alguma din\u00e2mica em grupo. O entrevistador tamb\u00e9m pode perguntar quais s\u00e3o seus defeitos e qualidades, a raz\u00e3o do candidato desejar fazer parte da empresa, qual sua pretens\u00e3o salarial, entre outras perguntas.<\/p>\n\n\n\n<h2 class=\"wp-block-heading\">Sobre a AMCom<\/h2>\n\n\n\n<p>A empresa vem transformando vidas e conectando pessoas com tecnologia h\u00e1 mais de 20 anos. Por isso, buscam solucionar os desafios enfrentados pelos consumidores que procuram pela transforma\u00e7\u00e3o digital atrav\u00e9s da articula\u00e7\u00e3o entre inova\u00e7\u00e3o e talento. Como a evolu\u00e7\u00e3o n\u00e3o para por a\u00ed, est\u00e3o crescendo em m\u00e9dia 40% ao ano e, s\u00f3 em 2021, alcan\u00e7am 95 pontos de satisfa\u00e7\u00e3o do nosso selo GPTW e 84 pontos da Pesquisa de Satisfa\u00e7\u00e3o (NPS) de seus clientes!&nbsp;<\/p>\n\n\n\n<p>Em seu portf\u00f3lio de clientes possuem grandes empresas como: Hering, Ambev, Ultragaz, Bunge, Phillips e Engie. Est\u00e3o sempre inovando e buscando oferecer \u00e0s grandes empresas as melhores solu\u00e7\u00f5es com competitividade e agilidade, resultando em escalabilidade t\u00e9cnica e estrat\u00e9gica.&nbsp;<\/p>\n\n\n\n<p>Por isso, todas as suas a\u00e7\u00f5es e comunica\u00e7\u00f5es internas est\u00e3o focadas em um \u00fanico foco: Valorizar seus funcion\u00e1rios! A sua equipe inspira inova\u00e7\u00e3o, produtividade e criatividade, composta por pessoas apaixonadas e que servem a tecnologia.<\/p>","protected":false},"excerpt":{"rendered":"<p>Atualizado em 12\/08\/2024 Os Empregos AMCom t\u00eam destaque no mercado de trabalho devido aos benef\u00edcios ofertados pela empresa, que enfrenta enormes desafios e precisam de pessoas que amem o aprendizado cont\u00ednuo, que sonhem grande e que estejam ansiosas para ajud\u00e1-los a transformar e crescer. Est\u00e3o expandindo nossos horizontes, e \u00e9 por isso que procuram pessoas&hellip;&nbsp;<\/p>","protected":false},"author":16,"featured_media":36060,"comment_status":"open","ping_status":"closed","sticky":false,"template":"","format":"standard","meta":{"neve_meta_sidebar":"","neve_meta_container":"","neve_meta_enable_content_width":"","neve_meta_content_width":0,"neve_meta_title_alignment":"","neve_meta_author_avatar":"","neve_post_elements_order":"","neve_meta_disable_header":"","neve_meta_disable_footer":"","neve_meta_disable_title":"","footnotes":""},"categories":[123],"tags":[669,211],"class_list":["post-36058","post","type-post","status-publish","format-standard","has-post-thumbnail","hentry","category-vagas-de-emprego-nacionais","tag-amcom","tag-vagas-de-emprego"],"yoast_head":"<!-- This site is optimized with the Yoast SEO plugin v27.5 - https:\/\/yoast.com\/product\/yoast-seo-wordpress\/ -->\n<title>Analistas, Executivo de Vendas, Consultores, Desenvolvedores, Gerente e muito mais na Empresa AMCom -<\/title>\n<meta name=\"description\" content=\"Veja em Vagas de Emprego RJ as vagas de emprego com e sem experi\u00eancia no seu Estado e Regi\u00e3o!\" \/>\n<meta name=\"robots\" content=\"index, follow, max-snippet:-1, max-image-preview:large, max-video-preview:-1\" \/>\n<link rel=\"canonical\" href=\"https:\/\/www.vagadeempregorj.com.br\/ar\/empregos-amcom\/\" \/>\n<meta property=\"og:locale\" content=\"ar_AR\" \/>\n<meta property=\"og:type\" content=\"article\" \/>\n<meta property=\"og:title\" content=\"Analistas, Executivo de Vendas, Consultores, Desenvolvedores, Gerente e muito mais na Empresa AMCom -\" \/>\n<meta property=\"og:description\" content=\"Veja em Vagas de Emprego RJ as vagas de emprego com e sem experi\u00eancia no seu Estado e Regi\u00e3o!\" \/>\n<meta property=\"og:url\" content=\"https:\/\/www.vagadeempregorj.com.br\/ar\/empregos-amcom\/\" \/>\n<meta property=\"article:publisher\" content=\"https:\/\/www.facebook.com\/empregobrasiloficial\" \/>\n<meta property=\"article:published_time\" content=\"2023-09-26T03:03:00+00:00\" \/>\n<meta property=\"article:modified_time\" content=\"2024-08-12T21:00:24+00:00\" \/>\n<meta property=\"og:image\" content=\"https:\/\/www.vagadeempregorj.com.br\/wp-content\/uploads\/2022\/11\/empregos-AMCom.jpg\" \/>\n\t<meta property=\"og:image:width\" content=\"658\" \/>\n\t<meta property=\"og:image:height\" content=\"658\" \/>\n\t<meta property=\"og:image:type\" content=\"image\/jpeg\" \/>\n<meta name=\"author\" content=\"Michele\" \/>\n<meta name=\"twitter:card\" content=\"summary_large_image\" \/>\n<meta name=\"twitter:label1\" content=\"Written by\" \/>\n\t<meta name=\"twitter:data1\" content=\"Michele\" \/>\n\t<meta name=\"twitter:label2\" content=\"Est. reading time\" \/>\n\t<meta name=\"twitter:data2\" content=\"3 \u062f\u0642\u0627\u0626\u0642\" \/>\n<script type=\"application\/ld+json\" class=\"yoast-schema-graph\">{\"@context\":\"https:\\\/\\\/schema.org\",\"@graph\":[{\"@type\":\"Article\",\"@id\":\"https:\\\/\\\/www.vagadeempregorj.com.br\\\/empregos-amcom\\\/#article\",\"isPartOf\":{\"@id\":\"https:\\\/\\\/www.vagadeempregorj.com.br\\\/empregos-amcom\\\/\"},\"author\":{\"name\":\"Michele\",\"@id\":\"https:\\\/\\\/www.vagadeempregorj.com.br\\\/#\\\/schema\\\/person\\\/3ddb19fa0539706786e502152f3aae95\"},\"headline\":\"Analistas, Executivo de Vendas, Consultores, Desenvolvedores, Gerente e muito mais na Empresa AMCom\",\"datePublished\":\"2023-09-26T03:03:00+00:00\",\"dateModified\":\"2024-08-12T21:00:24+00:00\",\"mainEntityOfPage\":{\"@id\":\"https:\\\/\\\/www.vagadeempregorj.com.br\\\/empregos-amcom\\\/\"},\"wordCount\":616,\"commentCount\":0,\"image\":{\"@id\":\"https:\\\/\\\/www.vagadeempregorj.com.br\\\/empregos-amcom\\\/#primaryimage\"},\"thumbnailUrl\":\"https:\\\/\\\/www.vagadeempregorj.com.br\\\/wp-content\\\/uploads\\\/2022\\\/11\\\/empregos-AMCom.jpg\",\"keywords\":[\"AMCom\",\"vagas de emprego\"],\"articleSection\":[\"Vagas de Emprego Nacionais\"],\"inLanguage\":\"ar\",\"potentialAction\":[{\"@type\":\"CommentAction\",\"name\":\"Comment\",\"target\":[\"https:\\\/\\\/www.vagadeempregorj.com.br\\\/empregos-amcom\\\/#respond\"]}]},{\"@type\":\"WebPage\",\"@id\":\"https:\\\/\\\/www.vagadeempregorj.com.br\\\/empregos-amcom\\\/\",\"url\":\"https:\\\/\\\/www.vagadeempregorj.com.br\\\/empregos-amcom\\\/\",\"name\":\"Analistas, Executivo de Vendas, Consultores, Desenvolvedores, Gerente e muito mais na Empresa AMCom -\",\"isPartOf\":{\"@id\":\"https:\\\/\\\/www.vagadeempregorj.com.br\\\/#website\"},\"primaryImageOfPage\":{\"@id\":\"https:\\\/\\\/www.vagadeempregorj.com.br\\\/empregos-amcom\\\/#primaryimage\"},\"image\":{\"@id\":\"https:\\\/\\\/www.vagadeempregorj.com.br\\\/empregos-amcom\\\/#primaryimage\"},\"thumbnailUrl\":\"https:\\\/\\\/www.vagadeempregorj.com.br\\\/wp-content\\\/uploads\\\/2022\\\/11\\\/empregos-AMCom.jpg\",\"datePublished\":\"2023-09-26T03:03:00+00:00\",\"dateModified\":\"2024-08-12T21:00:24+00:00\",\"author\":{\"@id\":\"https:\\\/\\\/www.vagadeempregorj.com.br\\\/#\\\/schema\\\/person\\\/3ddb19fa0539706786e502152f3aae95\"},\"description\":\"Veja em Vagas de Emprego RJ as vagas de emprego com e sem experi\u00eancia no seu Estado e Regi\u00e3o!\",\"breadcrumb\":{\"@id\":\"https:\\\/\\\/www.vagadeempregorj.com.br\\\/empregos-amcom\\\/#breadcrumb\"},\"inLanguage\":\"ar\",\"potentialAction\":[{\"@type\":\"ReadAction\",\"target\":[\"https:\\\/\\\/www.vagadeempregorj.com.br\\\/empregos-amcom\\\/\"]}]},{\"@type\":\"ImageObject\",\"inLanguage\":\"ar\",\"@id\":\"https:\\\/\\\/www.vagadeempregorj.com.br\\\/empregos-amcom\\\/#primaryimage\",\"url\":\"https:\\\/\\\/www.vagadeempregorj.com.br\\\/wp-content\\\/uploads\\\/2022\\\/11\\\/empregos-AMCom.jpg\",\"contentUrl\":\"https:\\\/\\\/www.vagadeempregorj.com.br\\\/wp-content\\\/uploads\\\/2022\\\/11\\\/empregos-AMCom.jpg\",\"width\":658,\"height\":658,\"caption\":\"Imagem: AMCom - Reprodu\u00e7\u00e3o\"},{\"@type\":\"BreadcrumbList\",\"@id\":\"https:\\\/\\\/www.vagadeempregorj.com.br\\\/empregos-amcom\\\/#breadcrumb\",\"itemListElement\":[{\"@type\":\"ListItem\",\"position\":1,\"name\":\"In\u00edcio\",\"item\":\"https:\\\/\\\/www.vagadeempregorj.com.br\\\/\"},{\"@type\":\"ListItem\",\"position\":2,\"name\":\"Vagas de Emprego Nacionais\",\"item\":\"https:\\\/\\\/www.vagadeempregorj.com.br\\\/vagas-de-emprego-nacionais\\\/\"},{\"@type\":\"ListItem\",\"position\":3,\"name\":\"Analistas, Executivo de Vendas, Consultores, Desenvolvedores, Gerente e muito mais na Empresa AMCom\"}]},{\"@type\":\"WebSite\",\"@id\":\"https:\\\/\\\/www.vagadeempregorj.com.br\\\/#website\",\"url\":\"https:\\\/\\\/www.vagadeempregorj.com.br\\\/\",\"name\":\"\",\"description\":\"Conquiste Sonhos: Vagas, Benef\u00edcios e Economia para Transformar Vidas e Alcan\u00e7ar Melhorias Cotidianas\",\"potentialAction\":[{\"@type\":\"SearchAction\",\"target\":{\"@type\":\"EntryPoint\",\"urlTemplate\":\"https:\\\/\\\/www.vagadeempregorj.com.br\\\/?s={search_term_string}\"},\"query-input\":{\"@type\":\"PropertyValueSpecification\",\"valueRequired\":true,\"valueName\":\"search_term_string\"}}],\"inLanguage\":\"ar\"},{\"@type\":\"Person\",\"@id\":\"https:\\\/\\\/www.vagadeempregorj.com.br\\\/#\\\/schema\\\/person\\\/3ddb19fa0539706786e502152f3aae95\",\"name\":\"Michele\",\"image\":{\"@type\":\"ImageObject\",\"inLanguage\":\"ar\",\"@id\":\"https:\\\/\\\/secure.gravatar.com\\\/avatar\\\/6b0eb9d22841282815e2cd856a0061c45e1761cd54b22e952d98c4746939aa85?s=96&r=g\",\"url\":\"https:\\\/\\\/secure.gravatar.com\\\/avatar\\\/6b0eb9d22841282815e2cd856a0061c45e1761cd54b22e952d98c4746939aa85?s=96&r=g\",\"contentUrl\":\"https:\\\/\\\/secure.gravatar.com\\\/avatar\\\/6b0eb9d22841282815e2cd856a0061c45e1761cd54b22e952d98c4746939aa85?s=96&r=g\",\"caption\":\"Michele\"},\"description\":\"Formada em Letras - Portugu\u00eas\\\/ Ingl\u00eas, e idealizadora do site Escritora de Sucesso, busca expandir o conhecimento de todos com informa\u00e7\u00f5es relevantes sobre diversos assuntos, enquanto redatora. No Vaga de Emprego RJ, traz oportunidades e dicas sobre o mercado de trabalho.\",\"url\":\"https:\\\/\\\/www.vagadeempregorj.com.br\\\/ar\\\/author\\\/michele\\\/\"}]}<\/script>\n<!-- \/ Yoast SEO plugin. -->","yoast_head_json":{"title":"Analistas, Executivo de Vendas, Consultores, Desenvolvedores, Gerente e muito mais na Empresa AMCom -","description":"Veja em Vagas de Emprego RJ as vagas de emprego com e sem experi\u00eancia no seu Estado e Regi\u00e3o!","robots":{"index":"index","follow":"follow","max-snippet":"max-snippet:-1","max-image-preview":"max-image-preview:large","max-video-preview":"max-video-preview:-1"},"canonical":"https:\/\/www.vagadeempregorj.com.br\/ar\/empregos-amcom\/","og_locale":"ar_AR","og_type":"article","og_title":"Analistas, Executivo de Vendas, Consultores, Desenvolvedores, Gerente e muito mais na Empresa AMCom -","og_description":"Veja em Vagas de Emprego RJ as vagas de emprego com e sem experi\u00eancia no seu Estado e Regi\u00e3o!","og_url":"https:\/\/www.vagadeempregorj.com.br\/ar\/empregos-amcom\/","article_publisher":"https:\/\/www.facebook.com\/empregobrasiloficial","article_published_time":"2023-09-26T03:03:00+00:00","article_modified_time":"2024-08-12T21:00:24+00:00","og_image":[{"width":658,"height":658,"url":"https:\/\/www.vagadeempregorj.com.br\/wp-content\/uploads\/2022\/11\/empregos-AMCom.jpg","type":"image\/jpeg"}],"author":"Michele","twitter_card":"summary_large_image","twitter_misc":{"Written by":"Michele","Est. reading time":"3 \u062f\u0642\u0627\u0626\u0642"},"schema":{"@context":"https:\/\/schema.org","@graph":[{"@type":"Article","@id":"https:\/\/www.vagadeempregorj.com.br\/empregos-amcom\/#article","isPartOf":{"@id":"https:\/\/www.vagadeempregorj.com.br\/empregos-amcom\/"},"author":{"name":"Michele","@id":"https:\/\/www.vagadeempregorj.com.br\/#\/schema\/person\/3ddb19fa0539706786e502152f3aae95"},"headline":"Analistas, Executivo de Vendas, Consultores, Desenvolvedores, Gerente e muito mais na Empresa AMCom","datePublished":"2023-09-26T03:03:00+00:00","dateModified":"2024-08-12T21:00:24+00:00","mainEntityOfPage":{"@id":"https:\/\/www.vagadeempregorj.com.br\/empregos-amcom\/"},"wordCount":616,"commentCount":0,"image":{"@id":"https:\/\/www.vagadeempregorj.com.br\/empregos-amcom\/#primaryimage"},"thumbnailUrl":"https:\/\/www.vagadeempregorj.com.br\/wp-content\/uploads\/2022\/11\/empregos-AMCom.jpg","keywords":["AMCom","vagas de emprego"],"articleSection":["Vagas de Emprego Nacionais"],"inLanguage":"ar","potentialAction":[{"@type":"CommentAction","name":"Comment","target":["https:\/\/www.vagadeempregorj.com.br\/empregos-amcom\/#respond"]}]},{"@type":"WebPage","@id":"https:\/\/www.vagadeempregorj.com.br\/empregos-amcom\/","url":"https:\/\/www.vagadeempregorj.com.br\/empregos-amcom\/","name":"Analistas, Executivo de Vendas, Consultores, Desenvolvedores, Gerente e muito mais na Empresa AMCom -","isPartOf":{"@id":"https:\/\/www.vagadeempregorj.com.br\/#website"},"primaryImageOfPage":{"@id":"https:\/\/www.vagadeempregorj.com.br\/empregos-amcom\/#primaryimage"},"image":{"@id":"https:\/\/www.vagadeempregorj.com.br\/empregos-amcom\/#primaryimage"},"thumbnailUrl":"https:\/\/www.vagadeempregorj.com.br\/wp-content\/uploads\/2022\/11\/empregos-AMCom.jpg","datePublished":"2023-09-26T03:03:00+00:00","dateModified":"2024-08-12T21:00:24+00:00","author":{"@id":"https:\/\/www.vagadeempregorj.com.br\/#\/schema\/person\/3ddb19fa0539706786e502152f3aae95"},"description":"Veja em Vagas de Emprego RJ as vagas de emprego com e sem experi\u00eancia no seu Estado e Regi\u00e3o!","breadcrumb":{"@id":"https:\/\/www.vagadeempregorj.com.br\/empregos-amcom\/#breadcrumb"},"inLanguage":"ar","potentialAction":[{"@type":"ReadAction","target":["https:\/\/www.vagadeempregorj.com.br\/empregos-amcom\/"]}]},{"@type":"ImageObject","inLanguage":"ar","@id":"https:\/\/www.vagadeempregorj.com.br\/empregos-amcom\/#primaryimage","url":"https:\/\/www.vagadeempregorj.com.br\/wp-content\/uploads\/2022\/11\/empregos-AMCom.jpg","contentUrl":"https:\/\/www.vagadeempregorj.com.br\/wp-content\/uploads\/2022\/11\/empregos-AMCom.jpg","width":658,"height":658,"caption":"Imagem: AMCom - Reprodu\u00e7\u00e3o"},{"@type":"BreadcrumbList","@id":"https:\/\/www.vagadeempregorj.com.br\/empregos-amcom\/#breadcrumb","itemListElement":[{"@type":"ListItem","position":1,"name":"In\u00edcio","item":"https:\/\/www.vagadeempregorj.com.br\/"},{"@type":"ListItem","position":2,"name":"Vagas de Emprego Nacionais","item":"https:\/\/www.vagadeempregorj.com.br\/vagas-de-emprego-nacionais\/"},{"@type":"ListItem","position":3,"name":"Analistas, Executivo de Vendas, Consultores, Desenvolvedores, Gerente e muito mais na Empresa AMCom"}]},{"@type":"WebSite","@id":"https:\/\/www.vagadeempregorj.com.br\/#website","url":"https:\/\/www.vagadeempregorj.com.br\/","name":"","description":"Conquiste Sonhos: Vagas, Benef\u00edcios e Economia para Transformar Vidas e Alcan\u00e7ar Melhorias Cotidianas","potentialAction":[{"@type":"SearchAction","target":{"@type":"EntryPoint","urlTemplate":"https:\/\/www.vagadeempregorj.com.br\/?s={search_term_string}"},"query-input":{"@type":"PropertyValueSpecification","valueRequired":true,"valueName":"search_term_string"}}],"inLanguage":"ar"},{"@type":"Person","@id":"https:\/\/www.vagadeempregorj.com.br\/#\/schema\/person\/3ddb19fa0539706786e502152f3aae95","name":"Michele","image":{"@type":"ImageObject","inLanguage":"ar","@id":"https:\/\/secure.gravatar.com\/avatar\/6b0eb9d22841282815e2cd856a0061c45e1761cd54b22e952d98c4746939aa85?s=96&r=g","url":"https:\/\/secure.gravatar.com\/avatar\/6b0eb9d22841282815e2cd856a0061c45e1761cd54b22e952d98c4746939aa85?s=96&r=g","contentUrl":"https:\/\/secure.gravatar.com\/avatar\/6b0eb9d22841282815e2cd856a0061c45e1761cd54b22e952d98c4746939aa85?s=96&r=g","caption":"Michele"},"description":"Formada em Letras - Portugu\u00eas\/ Ingl\u00eas, e idealizadora do site Escritora de Sucesso, busca expandir o conhecimento de todos com informa\u00e7\u00f5es relevantes sobre diversos assuntos, enquanto redatora. No Vaga de Emprego RJ, traz oportunidades e dicas sobre o mercado de trabalho.","url":"https:\/\/www.vagadeempregorj.com.br\/ar\/author\/michele\/"}]}},"_links":{"self":[{"href":"https:\/\/www.vagadeempregorj.com.br\/ar\/wp-json\/wp\/v2\/posts\/36058","targetHints":{"allow":["GET"]}}],"collection":[{"href":"https:\/\/www.vagadeempregorj.com.br\/ar\/wp-json\/wp\/v2\/posts"}],"about":[{"href":"https:\/\/www.vagadeempregorj.com.br\/ar\/wp-json\/wp\/v2\/types\/post"}],"author":[{"embeddable":true,"href":"https:\/\/www.vagadeempregorj.com.br\/ar\/wp-json\/wp\/v2\/users\/16"}],"replies":[{"embeddable":true,"href":"https:\/\/www.vagadeempregorj.com.br\/ar\/wp-json\/wp\/v2\/comments?post=36058"}],"version-history":[{"count":0,"href":"https:\/\/www.vagadeempregorj.com.br\/ar\/wp-json\/wp\/v2\/posts\/36058\/revisions"}],"wp:featuredmedia":[{"embeddable":true,"href":"https:\/\/www.vagadeempregorj.com.br\/ar\/wp-json\/wp\/v2\/media\/36060"}],"wp:attachment":[{"href":"https:\/\/www.vagadeempregorj.com.br\/ar\/wp-json\/wp\/v2\/media?parent=36058"}],"wp:term":[{"taxonomy":"category","embeddable":true,"href":"https:\/\/www.vagadeempregorj.com.br\/ar\/wp-json\/wp\/v2\/categories?post=36058"},{"taxonomy":"post_tag","embeddable":true,"href":"https:\/\/www.vagadeempregorj.com.br\/ar\/wp-json\/wp\/v2\/tags?post=36058"}],"curies":[{"name":"wp","href":"https:\/\/api.w.org\/{rel}","templated":true}]}}