{"id":36158,"date":"2023-09-28T03:03:00","date_gmt":"2023-09-28T06:03:00","guid":{"rendered":"https:\/\/www.vagadeempregorj.com.br\/?p=36158"},"modified":"2025-07-20T13:53:38","modified_gmt":"2025-07-20T16:53:38","slug":"empregos-bandeirantes","status":"publish","type":"post","link":"https:\/\/www.vagadeempregorj.com.br\/ar\/empregos-bandeirantes\/","title":{"rendered":"Auxiliar Administrativo, T\u00e9cnico de som e luz, Assistente de Produ\u00e7\u00e3o, Est\u00e1gios e muito mais na Empresa Bandeirantes"},"content":{"rendered":"<p>Atualizado em<\/p>\n\n\n<div class=\"wp-block-post-date\"><time datetime=\"2023-09-28T03:03:00-03:00\">28\/09\/2023<\/time><\/div>\n\n\n<p>Os<strong> Empregos Bandeirantes <\/strong>oferecem aos seus colaboradores um ambiente descontra\u00eddo com v\u00e1rias vantagens em todas as \u00e1reas de atua\u00e7\u00e3o, al\u00e9m de sal\u00e1rios fixos compat\u00edveis com a m\u00e9dia de mercado. A companhia \u00e9 pioneira na emissora de TV, e busca profissionais atentos, que gostem do trabalho em equipe e se dediquem cada vez mais dentro da \u00e1rea escolhida para atua\u00e7\u00e3o. Continue lendo e obtenha mais detalhes.&nbsp;<\/p>\n\n\n\n<figure class=\"wp-block-image size-full\"><img loading=\"lazy\" decoding=\"async\" width=\"293\" height=\"172\" src=\"https:\/\/www.vagadeempregorj.com.br\/wp-content\/uploads\/2022\/11\/empregos-bandeirantes.jpg\" alt=\"empregos bandeirantes\" class=\"wp-image-36164\" srcset=\"https:\/\/www.vagadeempregorj.com.br\/wp-content\/uploads\/2022\/11\/empregos-bandeirantes.jpg 293w, https:\/\/www.vagadeempregorj.com.br\/wp-content\/uploads\/2022\/11\/empregos-bandeirantes-150x88.jpg 150w\" sizes=\"auto, (max-width: 293px) 100vw, 293px\" \/><figcaption class=\"wp-element-caption\">Imagem: Bandeirantes &#8211; Reprodu\u00e7\u00e3o<\/figcaption><\/figure>\n\n\n\n<h2 class=\"wp-block-heading\">Confira as oportunidades de empregos Bandeirantes&nbsp;<\/h2>\n\n\n\n<p>A Bandeirantes busca fortalecer uma cultura de coopera\u00e7\u00e3o, abertura e incentivo \u00e0 criatividade. A empresa valoriza seus profissionais, o trabalho em equipe e a uni\u00e3o. S\u00e3o eles que contribuem para o ambiente de trabalho todos os dias, al\u00e9m da imagina\u00e7\u00e3o.&nbsp;<\/p>\n\n\n\n<p>Como a empresa est\u00e1 em constante mudan\u00e7a, ser Band significa aceitar desafios, respeitar e valorizar a hist\u00f3ria de cada pessoa, al\u00e9m de criar constantemente um ambiente de alto desempenho. Confira algumas vagas dispon\u00edveis para candidatura:<\/p>\n\n\n\n<ul class=\"wp-block-list\">\n<li>Videomaker;<\/li>\n\n\n\n<li>T\u00e9cnico de Som e Luz;<\/li>\n\n\n\n<li>T\u00e9cnico de Ar Condicionado;<\/li>\n\n\n\n<li>Representante Comercial;<\/li>\n\n\n\n<li>Projetos de Ti \u2014 Analista de Sistema S\u00eanior;<\/li>\n\n\n\n<li>Programador Comercial;<\/li>\n\n\n\n<li>Operador de Controle de Mestre;<\/li>\n\n\n\n<li>Executivo de Vendas \u2014 R\u00e1dios;<\/li>\n\n\n\n<li>Executivo de Contas;<\/li>\n\n\n\n<li>Estagi\u00e1rio R\u00e1dio e TV;<\/li>\n\n\n\n<li>Estagi\u00e1rio Jornalismo;<\/li>\n\n\n\n<li>Contador;<\/li>\n\n\n\n<li>Banco de Talentos \u2014 Exclusivo para Portadores de Defici\u00eancia;<\/li>\n\n\n\n<li>Banco de Talentos;<\/li>\n\n\n\n<li>Auxiliar Administrativo \u2014 Comunica\u00e7\u00e3o Interna \u2014 Exclusivo para Portadores de Defici\u00eancia;<\/li>\n\n\n\n<li>Assistente de Produ\u00e7\u00e3o;<\/li>\n\n\n\n<li>Analista de Recursos Humanos S\u00eanior \u2014 Recrutamento e Sele\u00e7\u00e3o;<\/li>\n\n\n\n<li>Analista de Planejamento Comercial;<\/li>\n\n\n\n<li>Administrador de Banco de Dados Pleno.&nbsp;<\/li>\n<\/ul>\n\n\n\n<p>Al\u00e9m de sal\u00e1rios acima da m\u00e9dia de mercado, a empresa oferece vantagens como conv\u00eanio m\u00e9dico, aux\u00edlio creche, seguro de vida, vale alimenta\u00e7\u00e3o, conv\u00eanio farm\u00e1cia, plano odontol\u00f3gico e v\u00e1rios outros.&nbsp;<\/p>\n\n\n\n<h3 class=\"wp-block-heading\">Como se candidatar&nbsp;<\/h3>\n\n\n\n<p>Suas unidades est\u00e3o localizadas em v\u00e1rios estados do Brasil, o candidato interessado deve se inscrever na oportunidade mais pr\u00f3xima de sua resid\u00eancia para aumentar as chances de contrata\u00e7\u00e3o. Para ter acesso a todas as oportunidades e informa\u00e7\u00f5es adicionais, basta acessar o site abaixo de carreiras bandeirantes. <\/p>\n\n\n\n<p>Os espa\u00e7os vagos permanecem dispon\u00edveis por um per\u00edodo de tempo indeterminado, com atualiza\u00e7\u00f5es cont\u00ednuas. Se o candidato n\u00e3o encontrar uma posi\u00e7\u00e3o que se adapte ao seu perfil profissional, ele pode realizar mais pesquisas para encontrar uma posi\u00e7\u00e3o que se adapte \u00e0s suas habilidades.<\/p>\n\n\n\n<p><strong>Veja tamb\u00e9m: <a href=\"https:\/\/www.vagadeempregorj.com.br\/ar\/web-stories\/vagas-de-emprego-no-bobs\/\">Vagas de emprego no Bobs<\/a><\/strong><\/p>\n\n\n\n<h2 class=\"wp-block-heading\">Sobre a empresa Bandeirantes&nbsp;<\/h2>\n\n\n\n<p>Uma das redes de comunica\u00e7\u00e3o mais abrangentes do pa\u00eds e do mundo \u00e9 a Bandeirantes. Desde 1985, seu compromisso tem sido fornecer informa\u00e7\u00f5es, entretenimento e esportes a milh\u00f5es de pessoas.<\/p>\n\n\n\n<p>A empresa est\u00e1 presente na mais ampla gama de m\u00eddias, incluindo TV livre, r\u00e1dio, TV sob demanda, jornais, fora de casa e na internet, usando suas pr\u00f3prias marcas e parceiras. Atualmente, \u00e9 a segunda maior emissora privada do Brasil.<\/p>\n\n\n\n<p>A Bandeirantes possui presen\u00e7a em todas as regi\u00f5es do pa\u00eds com TV aberta! Mais de 62 milh\u00f5es de casas e 3.562 munic\u00edpios foram alcan\u00e7ados. Um total de 45 emissoras est\u00e3o conectadas, com 19 delas privadas. H\u00e1 mais de 27 milh\u00f5es de assinantes da TV sob demanda em todo o pa\u00eds.&nbsp;<\/p>","protected":false},"excerpt":{"rendered":"<p>Atualizado em Os Empregos Bandeirantes oferecem aos seus colaboradores um ambiente descontra\u00eddo com v\u00e1rias vantagens em todas as \u00e1reas de atua\u00e7\u00e3o, al\u00e9m de sal\u00e1rios fixos compat\u00edveis com a m\u00e9dia de mercado. A companhia \u00e9 pioneira na emissora de TV, e busca profissionais atentos, que gostem do trabalho em equipe e se dediquem cada vez mais&hellip;&nbsp;<\/p>","protected":false},"author":16,"featured_media":36164,"comment_status":"open","ping_status":"closed","sticky":false,"template":"","format":"standard","meta":{"neve_meta_sidebar":"","neve_meta_container":"","neve_meta_enable_content_width":"","neve_meta_content_width":0,"neve_meta_title_alignment":"","neve_meta_author_avatar":"","neve_post_elements_order":"","neve_meta_disable_header":"","neve_meta_disable_footer":"","neve_meta_disable_title":"","footnotes":""},"categories":[123],"tags":[682,608,211],"class_list":["post-36158","post","type-post","status-publish","format-standard","has-post-thumbnail","hentry","category-vagas-de-emprego-nacionais","tag-bandeirantes","tag-oportunidades","tag-vagas-de-emprego"],"yoast_head":"<!-- This site is optimized with the Yoast SEO plugin v27.5 - https:\/\/yoast.com\/product\/yoast-seo-wordpress\/ -->\n<title>Auxiliar Administrativo, T\u00e9cnico de som e luz, Assistente de Produ\u00e7\u00e3o, Est\u00e1gios e muito mais na Empresa Bandeirantes -<\/title>\n<meta name=\"description\" content=\"Veja em Vagas de Emprego RJ as vagas de emprego com e sem experi\u00eancia no seu Estado e Regi\u00e3o!\" \/>\n<meta name=\"robots\" content=\"index, follow, max-snippet:-1, max-image-preview:large, max-video-preview:-1\" \/>\n<link rel=\"canonical\" href=\"https:\/\/www.vagadeempregorj.com.br\/ar\/empregos-bandeirantes\/\" \/>\n<meta property=\"og:locale\" content=\"ar_AR\" \/>\n<meta property=\"og:type\" content=\"article\" \/>\n<meta property=\"og:title\" content=\"Auxiliar Administrativo, T\u00e9cnico de som e luz, Assistente de Produ\u00e7\u00e3o, Est\u00e1gios e muito mais na Empresa Bandeirantes -\" \/>\n<meta property=\"og:description\" content=\"Veja em Vagas de Emprego RJ as vagas de emprego com e sem experi\u00eancia no seu Estado e Regi\u00e3o!\" \/>\n<meta property=\"og:url\" content=\"https:\/\/www.vagadeempregorj.com.br\/ar\/empregos-bandeirantes\/\" \/>\n<meta property=\"article:publisher\" content=\"https:\/\/www.facebook.com\/empregobrasiloficial\" \/>\n<meta property=\"article:published_time\" content=\"2023-09-28T06:03:00+00:00\" \/>\n<meta property=\"article:modified_time\" content=\"2025-07-20T16:53:38+00:00\" \/>\n<meta property=\"og:image\" content=\"https:\/\/www.vagadeempregorj.com.br\/wp-content\/uploads\/2022\/11\/empregos-bandeirantes.jpg\" \/>\n\t<meta property=\"og:image:width\" content=\"293\" \/>\n\t<meta property=\"og:image:height\" content=\"172\" \/>\n\t<meta property=\"og:image:type\" content=\"image\/jpeg\" \/>\n<meta name=\"author\" content=\"Michele\" \/>\n<meta name=\"twitter:card\" content=\"summary_large_image\" \/>\n<meta name=\"twitter:label1\" content=\"\u0643\u064f\u062a\u0628 \u0628\u0648\u0627\u0633\u0637\u0629\" \/>\n\t<meta name=\"twitter:data1\" content=\"Michele\" \/>\n\t<meta name=\"twitter:label2\" content=\"\u0648\u0642\u062a \u0627\u0644\u0642\u0631\u0627\u0621\u0629 \u0627\u0644\u0645\u064f\u0642\u062f\u0651\u0631\" \/>\n\t<meta name=\"twitter:data2\" content=\"3 \u062f\u0642\u0627\u0626\u0642\" \/>\n<script type=\"application\/ld+json\" class=\"yoast-schema-graph\">{\"@context\":\"https:\\\/\\\/schema.org\",\"@graph\":[{\"@type\":\"Article\",\"@id\":\"https:\\\/\\\/www.vagadeempregorj.com.br\\\/empregos-bandeirantes\\\/#article\",\"isPartOf\":{\"@id\":\"https:\\\/\\\/www.vagadeempregorj.com.br\\\/empregos-bandeirantes\\\/\"},\"author\":{\"name\":\"Michele\",\"@id\":\"https:\\\/\\\/www.vagadeempregorj.com.br\\\/#\\\/schema\\\/person\\\/3ddb19fa0539706786e502152f3aae95\"},\"headline\":\"Auxiliar Administrativo, T\u00e9cnico de som e luz, Assistente de Produ\u00e7\u00e3o, Est\u00e1gios e muito mais na Empresa Bandeirantes\",\"datePublished\":\"2023-09-28T06:03:00+00:00\",\"dateModified\":\"2025-07-20T16:53:38+00:00\",\"mainEntityOfPage\":{\"@id\":\"https:\\\/\\\/www.vagadeempregorj.com.br\\\/empregos-bandeirantes\\\/\"},\"wordCount\":575,\"commentCount\":0,\"image\":{\"@id\":\"https:\\\/\\\/www.vagadeempregorj.com.br\\\/empregos-bandeirantes\\\/#primaryimage\"},\"thumbnailUrl\":\"https:\\\/\\\/www.vagadeempregorj.com.br\\\/wp-content\\\/uploads\\\/2022\\\/11\\\/empregos-bandeirantes.jpg\",\"keywords\":[\"Bandeirantes\",\"oportunidades\",\"vagas de emprego\"],\"articleSection\":[\"Vagas de Emprego Nacionais\"],\"inLanguage\":\"ar\",\"potentialAction\":[{\"@type\":\"CommentAction\",\"name\":\"Comment\",\"target\":[\"https:\\\/\\\/www.vagadeempregorj.com.br\\\/empregos-bandeirantes\\\/#respond\"]}]},{\"@type\":\"WebPage\",\"@id\":\"https:\\\/\\\/www.vagadeempregorj.com.br\\\/empregos-bandeirantes\\\/\",\"url\":\"https:\\\/\\\/www.vagadeempregorj.com.br\\\/empregos-bandeirantes\\\/\",\"name\":\"Auxiliar Administrativo, T\u00e9cnico de som e luz, Assistente de Produ\u00e7\u00e3o, Est\u00e1gios e muito mais na Empresa Bandeirantes -\",\"isPartOf\":{\"@id\":\"https:\\\/\\\/www.vagadeempregorj.com.br\\\/#website\"},\"primaryImageOfPage\":{\"@id\":\"https:\\\/\\\/www.vagadeempregorj.com.br\\\/empregos-bandeirantes\\\/#primaryimage\"},\"image\":{\"@id\":\"https:\\\/\\\/www.vagadeempregorj.com.br\\\/empregos-bandeirantes\\\/#primaryimage\"},\"thumbnailUrl\":\"https:\\\/\\\/www.vagadeempregorj.com.br\\\/wp-content\\\/uploads\\\/2022\\\/11\\\/empregos-bandeirantes.jpg\",\"datePublished\":\"2023-09-28T06:03:00+00:00\",\"dateModified\":\"2025-07-20T16:53:38+00:00\",\"author\":{\"@id\":\"https:\\\/\\\/www.vagadeempregorj.com.br\\\/#\\\/schema\\\/person\\\/3ddb19fa0539706786e502152f3aae95\"},\"description\":\"Veja em Vagas de Emprego RJ as vagas de emprego com e sem experi\u00eancia no seu Estado e Regi\u00e3o!\",\"breadcrumb\":{\"@id\":\"https:\\\/\\\/www.vagadeempregorj.com.br\\\/empregos-bandeirantes\\\/#breadcrumb\"},\"inLanguage\":\"ar\",\"potentialAction\":[{\"@type\":\"ReadAction\",\"target\":[\"https:\\\/\\\/www.vagadeempregorj.com.br\\\/empregos-bandeirantes\\\/\"]}]},{\"@type\":\"ImageObject\",\"inLanguage\":\"ar\",\"@id\":\"https:\\\/\\\/www.vagadeempregorj.com.br\\\/empregos-bandeirantes\\\/#primaryimage\",\"url\":\"https:\\\/\\\/www.vagadeempregorj.com.br\\\/wp-content\\\/uploads\\\/2022\\\/11\\\/empregos-bandeirantes.jpg\",\"contentUrl\":\"https:\\\/\\\/www.vagadeempregorj.com.br\\\/wp-content\\\/uploads\\\/2022\\\/11\\\/empregos-bandeirantes.jpg\",\"width\":293,\"height\":172,\"caption\":\"Imagem: Bandeirantes - Reprodu\u00e7\u00e3o\"},{\"@type\":\"BreadcrumbList\",\"@id\":\"https:\\\/\\\/www.vagadeempregorj.com.br\\\/empregos-bandeirantes\\\/#breadcrumb\",\"itemListElement\":[{\"@type\":\"ListItem\",\"position\":1,\"name\":\"In\u00edcio\",\"item\":\"https:\\\/\\\/www.vagadeempregorj.com.br\\\/\"},{\"@type\":\"ListItem\",\"position\":2,\"name\":\"Vagas de Emprego Nacionais\",\"item\":\"https:\\\/\\\/www.vagadeempregorj.com.br\\\/vagas-de-emprego-nacionais\\\/\"},{\"@type\":\"ListItem\",\"position\":3,\"name\":\"Auxiliar Administrativo, T\u00e9cnico de som e luz, Assistente de Produ\u00e7\u00e3o, Est\u00e1gios e muito mais na Empresa Bandeirantes\"}]},{\"@type\":\"WebSite\",\"@id\":\"https:\\\/\\\/www.vagadeempregorj.com.br\\\/#website\",\"url\":\"https:\\\/\\\/www.vagadeempregorj.com.br\\\/\",\"name\":\"\",\"description\":\"Conquiste Sonhos: Vagas, Benef\u00edcios e Economia para Transformar Vidas e Alcan\u00e7ar Melhorias Cotidianas\",\"potentialAction\":[{\"@type\":\"SearchAction\",\"target\":{\"@type\":\"EntryPoint\",\"urlTemplate\":\"https:\\\/\\\/www.vagadeempregorj.com.br\\\/?s={search_term_string}\"},\"query-input\":{\"@type\":\"PropertyValueSpecification\",\"valueRequired\":true,\"valueName\":\"search_term_string\"}}],\"inLanguage\":\"ar\"},{\"@type\":\"Person\",\"@id\":\"https:\\\/\\\/www.vagadeempregorj.com.br\\\/#\\\/schema\\\/person\\\/3ddb19fa0539706786e502152f3aae95\",\"name\":\"Michele\",\"image\":{\"@type\":\"ImageObject\",\"inLanguage\":\"ar\",\"@id\":\"https:\\\/\\\/secure.gravatar.com\\\/avatar\\\/6b0eb9d22841282815e2cd856a0061c45e1761cd54b22e952d98c4746939aa85?s=96&r=g\",\"url\":\"https:\\\/\\\/secure.gravatar.com\\\/avatar\\\/6b0eb9d22841282815e2cd856a0061c45e1761cd54b22e952d98c4746939aa85?s=96&r=g\",\"contentUrl\":\"https:\\\/\\\/secure.gravatar.com\\\/avatar\\\/6b0eb9d22841282815e2cd856a0061c45e1761cd54b22e952d98c4746939aa85?s=96&r=g\",\"caption\":\"Michele\"},\"description\":\"Formada em Letras - Portugu\u00eas\\\/ Ingl\u00eas, e idealizadora do site Escritora de Sucesso, busca expandir o conhecimento de todos com informa\u00e7\u00f5es relevantes sobre diversos assuntos, enquanto redatora. No Vaga de Emprego RJ, traz oportunidades e dicas sobre o mercado de trabalho.\",\"url\":\"https:\\\/\\\/www.vagadeempregorj.com.br\\\/ar\\\/author\\\/michele\\\/\"}]}<\/script>\n<!-- \/ Yoast SEO plugin. -->","yoast_head_json":{"title":"Auxiliar Administrativo, T\u00e9cnico de som e luz, Assistente de Produ\u00e7\u00e3o, Est\u00e1gios e muito mais na Empresa Bandeirantes -","description":"Veja em Vagas de Emprego RJ as vagas de emprego com e sem experi\u00eancia no seu Estado e Regi\u00e3o!","robots":{"index":"index","follow":"follow","max-snippet":"max-snippet:-1","max-image-preview":"max-image-preview:large","max-video-preview":"max-video-preview:-1"},"canonical":"https:\/\/www.vagadeempregorj.com.br\/ar\/empregos-bandeirantes\/","og_locale":"ar_AR","og_type":"article","og_title":"Auxiliar Administrativo, T\u00e9cnico de som e luz, Assistente de Produ\u00e7\u00e3o, Est\u00e1gios e muito mais na Empresa Bandeirantes -","og_description":"Veja em Vagas de Emprego RJ as vagas de emprego com e sem experi\u00eancia no seu Estado e Regi\u00e3o!","og_url":"https:\/\/www.vagadeempregorj.com.br\/ar\/empregos-bandeirantes\/","article_publisher":"https:\/\/www.facebook.com\/empregobrasiloficial","article_published_time":"2023-09-28T06:03:00+00:00","article_modified_time":"2025-07-20T16:53:38+00:00","og_image":[{"width":293,"height":172,"url":"https:\/\/www.vagadeempregorj.com.br\/wp-content\/uploads\/2022\/11\/empregos-bandeirantes.jpg","type":"image\/jpeg"}],"author":"Michele","twitter_card":"summary_large_image","twitter_misc":{"\u0643\u064f\u062a\u0628 \u0628\u0648\u0627\u0633\u0637\u0629":"Michele","\u0648\u0642\u062a \u0627\u0644\u0642\u0631\u0627\u0621\u0629 \u0627\u0644\u0645\u064f\u0642\u062f\u0651\u0631":"3 \u062f\u0642\u0627\u0626\u0642"},"schema":{"@context":"https:\/\/schema.org","@graph":[{"@type":"Article","@id":"https:\/\/www.vagadeempregorj.com.br\/empregos-bandeirantes\/#article","isPartOf":{"@id":"https:\/\/www.vagadeempregorj.com.br\/empregos-bandeirantes\/"},"author":{"name":"Michele","@id":"https:\/\/www.vagadeempregorj.com.br\/#\/schema\/person\/3ddb19fa0539706786e502152f3aae95"},"headline":"Auxiliar Administrativo, T\u00e9cnico de som e luz, Assistente de Produ\u00e7\u00e3o, Est\u00e1gios e muito mais na Empresa Bandeirantes","datePublished":"2023-09-28T06:03:00+00:00","dateModified":"2025-07-20T16:53:38+00:00","mainEntityOfPage":{"@id":"https:\/\/www.vagadeempregorj.com.br\/empregos-bandeirantes\/"},"wordCount":575,"commentCount":0,"image":{"@id":"https:\/\/www.vagadeempregorj.com.br\/empregos-bandeirantes\/#primaryimage"},"thumbnailUrl":"https:\/\/www.vagadeempregorj.com.br\/wp-content\/uploads\/2022\/11\/empregos-bandeirantes.jpg","keywords":["Bandeirantes","oportunidades","vagas de emprego"],"articleSection":["Vagas de Emprego Nacionais"],"inLanguage":"ar","potentialAction":[{"@type":"CommentAction","name":"Comment","target":["https:\/\/www.vagadeempregorj.com.br\/empregos-bandeirantes\/#respond"]}]},{"@type":"WebPage","@id":"https:\/\/www.vagadeempregorj.com.br\/empregos-bandeirantes\/","url":"https:\/\/www.vagadeempregorj.com.br\/empregos-bandeirantes\/","name":"Auxiliar Administrativo, T\u00e9cnico de som e luz, Assistente de Produ\u00e7\u00e3o, Est\u00e1gios e muito mais na Empresa Bandeirantes -","isPartOf":{"@id":"https:\/\/www.vagadeempregorj.com.br\/#website"},"primaryImageOfPage":{"@id":"https:\/\/www.vagadeempregorj.com.br\/empregos-bandeirantes\/#primaryimage"},"image":{"@id":"https:\/\/www.vagadeempregorj.com.br\/empregos-bandeirantes\/#primaryimage"},"thumbnailUrl":"https:\/\/www.vagadeempregorj.com.br\/wp-content\/uploads\/2022\/11\/empregos-bandeirantes.jpg","datePublished":"2023-09-28T06:03:00+00:00","dateModified":"2025-07-20T16:53:38+00:00","author":{"@id":"https:\/\/www.vagadeempregorj.com.br\/#\/schema\/person\/3ddb19fa0539706786e502152f3aae95"},"description":"Veja em Vagas de Emprego RJ as vagas de emprego com e sem experi\u00eancia no seu Estado e Regi\u00e3o!","breadcrumb":{"@id":"https:\/\/www.vagadeempregorj.com.br\/empregos-bandeirantes\/#breadcrumb"},"inLanguage":"ar","potentialAction":[{"@type":"ReadAction","target":["https:\/\/www.vagadeempregorj.com.br\/empregos-bandeirantes\/"]}]},{"@type":"ImageObject","inLanguage":"ar","@id":"https:\/\/www.vagadeempregorj.com.br\/empregos-bandeirantes\/#primaryimage","url":"https:\/\/www.vagadeempregorj.com.br\/wp-content\/uploads\/2022\/11\/empregos-bandeirantes.jpg","contentUrl":"https:\/\/www.vagadeempregorj.com.br\/wp-content\/uploads\/2022\/11\/empregos-bandeirantes.jpg","width":293,"height":172,"caption":"Imagem: Bandeirantes - Reprodu\u00e7\u00e3o"},{"@type":"BreadcrumbList","@id":"https:\/\/www.vagadeempregorj.com.br\/empregos-bandeirantes\/#breadcrumb","itemListElement":[{"@type":"ListItem","position":1,"name":"In\u00edcio","item":"https:\/\/www.vagadeempregorj.com.br\/"},{"@type":"ListItem","position":2,"name":"Vagas de Emprego Nacionais","item":"https:\/\/www.vagadeempregorj.com.br\/vagas-de-emprego-nacionais\/"},{"@type":"ListItem","position":3,"name":"Auxiliar Administrativo, T\u00e9cnico de som e luz, Assistente de Produ\u00e7\u00e3o, Est\u00e1gios e muito mais na Empresa Bandeirantes"}]},{"@type":"WebSite","@id":"https:\/\/www.vagadeempregorj.com.br\/#website","url":"https:\/\/www.vagadeempregorj.com.br\/","name":"","description":"\u062a\u062d\u0642\u064a\u0642 \u0627\u0644\u0623\u062d\u0644\u0627\u0645: \u0641\u0631\u0635 \u0639\u0645\u0644\u060c \u0645\u0632\u0627\u064a\u0627\u060c \u0648\u062a\u0648\u0641\u064a\u0631\u0627\u062a \u0644\u062a\u063a\u064a\u064a\u0631 \u0627\u0644\u062d\u064a\u0627\u0629 \u0648\u062a\u062d\u0642\u064a\u0642 \u062a\u062d\u0633\u064a\u0646\u0627\u062a \u064a\u0648\u0645\u064a\u0629","potentialAction":[{"@type":"SearchAction","target":{"@type":"EntryPoint","urlTemplate":"https:\/\/www.vagadeempregorj.com.br\/?s={search_term_string}"},"query-input":{"@type":"PropertyValueSpecification","valueRequired":true,"valueName":"search_term_string"}}],"inLanguage":"ar"},{"@type":"Person","@id":"https:\/\/www.vagadeempregorj.com.br\/#\/schema\/person\/3ddb19fa0539706786e502152f3aae95","name":"Michele","image":{"@type":"ImageObject","inLanguage":"ar","@id":"https:\/\/secure.gravatar.com\/avatar\/6b0eb9d22841282815e2cd856a0061c45e1761cd54b22e952d98c4746939aa85?s=96&r=g","url":"https:\/\/secure.gravatar.com\/avatar\/6b0eb9d22841282815e2cd856a0061c45e1761cd54b22e952d98c4746939aa85?s=96&r=g","contentUrl":"https:\/\/secure.gravatar.com\/avatar\/6b0eb9d22841282815e2cd856a0061c45e1761cd54b22e952d98c4746939aa85?s=96&r=g","caption":"Michele"},"description":"Formada em Letras - Portugu\u00eas\/ Ingl\u00eas, e idealizadora do site Escritora de Sucesso, busca expandir o conhecimento de todos com informa\u00e7\u00f5es relevantes sobre diversos assuntos, enquanto redatora. No Vaga de Emprego RJ, traz oportunidades e dicas sobre o mercado de trabalho.","url":"https:\/\/www.vagadeempregorj.com.br\/ar\/author\/michele\/"}]}},"_links":{"self":[{"href":"https:\/\/www.vagadeempregorj.com.br\/ar\/wp-json\/wp\/v2\/posts\/36158","targetHints":{"allow":["GET"]}}],"collection":[{"href":"https:\/\/www.vagadeempregorj.com.br\/ar\/wp-json\/wp\/v2\/posts"}],"about":[{"href":"https:\/\/www.vagadeempregorj.com.br\/ar\/wp-json\/wp\/v2\/types\/post"}],"author":[{"embeddable":true,"href":"https:\/\/www.vagadeempregorj.com.br\/ar\/wp-json\/wp\/v2\/users\/16"}],"replies":[{"embeddable":true,"href":"https:\/\/www.vagadeempregorj.com.br\/ar\/wp-json\/wp\/v2\/comments?post=36158"}],"version-history":[{"count":1,"href":"https:\/\/www.vagadeempregorj.com.br\/ar\/wp-json\/wp\/v2\/posts\/36158\/revisions"}],"predecessor-version":[{"id":43705,"href":"https:\/\/www.vagadeempregorj.com.br\/ar\/wp-json\/wp\/v2\/posts\/36158\/revisions\/43705"}],"wp:featuredmedia":[{"embeddable":true,"href":"https:\/\/www.vagadeempregorj.com.br\/ar\/wp-json\/wp\/v2\/media\/36164"}],"wp:attachment":[{"href":"https:\/\/www.vagadeempregorj.com.br\/ar\/wp-json\/wp\/v2\/media?parent=36158"}],"wp:term":[{"taxonomy":"category","embeddable":true,"href":"https:\/\/www.vagadeempregorj.com.br\/ar\/wp-json\/wp\/v2\/categories?post=36158"},{"taxonomy":"post_tag","embeddable":true,"href":"https:\/\/www.vagadeempregorj.com.br\/ar\/wp-json\/wp\/v2\/tags?post=36158"}],"curies":[{"name":"wp","href":"https:\/\/api.w.org\/{rel}","templated":true}]}}