{"id":36224,"date":"2023-10-02T01:01:00","date_gmt":"2023-10-02T04:01:00","guid":{"rendered":"https:\/\/www.vagadeempregorj.com.br\/?p=36224"},"modified":"2023-10-01T11:37:04","modified_gmt":"2023-10-01T14:37:04","slug":"empregos-vera-cruz-hospital","status":"publish","type":"post","link":"https:\/\/www.vagadeempregorj.com.br\/ar\/empregos-vera-cruz-hospital\/","title":{"rendered":"Atendente de Cl\u00ednica M\u00e9dica, Analistas, Assistente Administrativo, T\u00e9cnico de Enfermagem, Auxiliar Administrativo, Pintor, Gesseiro e muito mais na Empresa Vera Cruz Hospital"},"content":{"rendered":"<p>Atualizado em<\/p>\n\n\n<div class=\"wp-block-post-date\"><time datetime=\"2023-10-02T01:01:00-03:00\">02\/10\/2023<\/time><\/div>\n\n\n<p>Os <strong>Empregos Vera Cruz Hospital<\/strong> t\u00eam um destaque enorme no mercado de trabalho devido aos benef\u00edcios ofertados pela empresa, que faz parte de uma holding de gest\u00e3o de servi\u00e7os de sa\u00fade sediada na ACO nos Estados Unidos, organiza\u00e7\u00e3o respons\u00e1vel pelo cuidado e compartilhamento de riscos com as operadoras, e prop\u00f5e um modelo inovador de gest\u00e3o integral. Ela foi criada em 2017 para facilitar o equil\u00edbrio de interesses entre pacientes, m\u00e9dicos, fontes de pagamento, parceiros e acionistas. <\/p>\n\n\n\n<p>Para isso, conta com um sistema de sa\u00fade completo, incluindo hospitais de alta complexidade, laborat\u00f3rios de exames, planos de sa\u00fade e centros m\u00e9dicos. Como estrat\u00e9gia operacional, atuar como regi\u00f5es de gest\u00e3o da sa\u00fade da popula\u00e7\u00e3o em Curitiba, S\u00e3o Jos\u00e9 do Rio Preto, Florian\u00f3polis, Campinas, Sorocaba e Ribeir\u00e3o Preto, atuando nas cidades centrais, fortalecendo todo o sistema de sa\u00fade do pa\u00eds. Eles acreditam que a solidariedade \u00e9 a melhor forma de cuidar. L\u00e1 os funcion\u00e1rios encontram desafios, coopera\u00e7\u00e3o e aprendizado em diferentes \u00e1reas de atua\u00e7\u00e3o.<\/p>\n\n\n\n<figure class=\"wp-block-image size-full\"><img loading=\"lazy\" decoding=\"async\" width=\"490\" height=\"290\" src=\"https:\/\/www.vagadeempregorj.com.br\/wp-content\/uploads\/2022\/11\/Empregos-Hospital-Vera-Cruz.jpg\" alt=\"Empregos Hospital Vera Cruz\" class=\"wp-image-36228\" srcset=\"https:\/\/www.vagadeempregorj.com.br\/wp-content\/uploads\/2022\/11\/Empregos-Hospital-Vera-Cruz.jpg 490w, https:\/\/www.vagadeempregorj.com.br\/wp-content\/uploads\/2022\/11\/Empregos-Hospital-Vera-Cruz-300x178.jpg 300w, https:\/\/www.vagadeempregorj.com.br\/wp-content\/uploads\/2022\/11\/Empregos-Hospital-Vera-Cruz-150x89.jpg 150w\" sizes=\"auto, (max-width: 490px) 100vw, 490px\" \/><figcaption class=\"wp-element-caption\">Imagem: Hospital Vera Cruz -Reprodu\u00e7\u00e3o<\/figcaption><\/figure>\n\n\n\n<h2 class=\"wp-block-heading\">Veja quais s\u00e3o as vagas de Empregos Vera Cruz Hospital<\/h2>\n\n\n\n<p>Se est\u00e1 em busca de seu primeiro emprego, h\u00e1 oportunidades para Jovem Aprendiz que esteja fazendo o Ensino M\u00e9dio e tenha disponibilidade para trabalhar no per\u00edodo da manh\u00e3. Ainda h\u00e1 possibilidade para estagi\u00e1rios de Engenharia Civil que tenham no\u00e7\u00e3o de projetos de Hidr\u00e1ulica, obras e el\u00e9trica, al\u00e9m de conhecimento intermedi\u00e1rio em AUTOCAD. Verifique abaixo todas as fun\u00e7\u00f5es divulgadas e veja em seguida como se inscrever:<\/p>\n\n\n\n<ul class=\"wp-block-list\">\n<li>Ana. Administrativo Pleno;<\/li>\n\n\n\n<li>Tec. de enfermagem;<\/li>\n\n\n\n<li>Ana. do SAMM;<\/li>\n\n\n\n<li>Nutricionista;<\/li>\n\n\n\n<li>Ass. de Faturamento;<\/li>\n\n\n\n<li>Tec. de Enfermagem Imagem;<\/li>\n\n\n\n<li>Atendente de Cl\u00ednica M\u00e9dica;<\/li>\n\n\n\n<li>Operador de Teleatendimento;<\/li>\n\n\n\n<li>Aux. Administrativo;<\/li>\n\n\n\n<li>Pedreiro;<\/li>\n\n\n\n<li>Aux. de consult\u00f3rio;<\/li>\n\n\n\n<li>Recepcionista;<\/li>\n\n\n\n<li>Aux. de Manuten\u00e7\u00e3o;<\/li>\n\n\n\n<li>Pintor;<\/li>\n\n\n\n<li>Comprador Pleno de OPME;<\/li>\n\n\n\n<li>Tec. de Tomografia Computadorizada;<\/li>\n\n\n\n<li>Concierge;<\/li>\n\n\n\n<li>Jovem Aprendiz \u2013 Administrativo;<\/li>\n\n\n\n<li>Coordenador de Recep\u00e7\u00e3o;<\/li>\n\n\n\n<li>Marceneiro;<\/li>\n\n\n\n<li>Coordenador Opera\u00e7\u00f5es;<\/li>\n\n\n\n<li>Tec. de Seguran\u00e7a do Trabalho;<\/li>\n\n\n\n<li>Copeira Hospitalar;<\/li>\n\n\n\n<li>Meio oficial;<\/li>\n\n\n\n<li>Enfermeiro Cl\u00ednico Assistencial;<\/li>\n\n\n\n<li>Mensageiro;<\/li>\n\n\n\n<li>Estagi\u00e1rio de Engenharia Civil;<\/li>\n\n\n\n<li>Tec. Engenharia Cl\u00ednica;<\/li>\n\n\n\n<li>Estagi\u00e1rio Estoque;<\/li>\n\n\n\n<li>Gesseiro.<\/li>\n<\/ul>\n\n\n\n<h3 class=\"wp-block-heading\">Como se candidatar<\/h3>\n\n\n\n<p>As pessoas que querem fazer o envio de seu curr\u00edculo para um dos cargos divulgados, basta acessar o link abaixo para efetuar o processo de recrutamento:<\/p>\n\n\n\n<ul class=\"wp-block-list\">\n<li><a href=\"https:\/\/veracruzhospital.gupy.io\/\">Vera Cruz Hospital.<\/a><\/li>\n<\/ul>\n\n\n\n<p>Em seguida, ser\u00e1 preciso achar a vaga que te interessa e fazer a leitura de todos os requisitos que s\u00e3o pedidos para se certificar de que ela \u00e9 compat\u00edvel com o seu perfil. Se for, realize o seu login na p\u00e1gina ou cadastre-se no site.<\/p>\n\n\n\n<p>Por \u00faltimo, espero que a empresa entre em contato. Lembre-se de se preparar muito para o momento da entrevista. Para isso, saiba que \u00e9 prov\u00e1vel que o candidato precise realizar uma prova de conhecimentos gerais, participar de din\u00e2micas em grupo, al\u00e9m de responder perguntas pessoais como dizer suas qualidades e defeitos e o porqu\u00ea de querer fazer parte da companhia.<\/p>\n\n\n\n<p><strong>Veja tamb\u00e9m: <a href=\"https:\/\/www.vagadeempregorj.com.br\/ar\/empregos-renault\/\">Comprador, Est\u00e1gios, Operador de Fabrica\u00e7\u00e3o PCD, T\u00e9cnico em Seguran\u00e7a do Trabalho, Analistas e muito mais na Empresa Renault<\/a><\/strong><\/p>\n\n\n\n<h2 class=\"wp-block-heading\">Sobre o Vera Cruz Hospital<\/h2>\n\n\n\n<p>Ele \u00e9 reconhecido nacional e internacionalmente pela qualidade de atendimento, compet\u00eancia t\u00e9cnica, equipe renomada e atendimento que sempre coloca a vida em primeiro lugar. A sua miss\u00e3o \u00e9 reunir os melhores profissionais para criar um ambiente de sa\u00fade e bem-estar para os pacientes e seus familiares.<\/p>","protected":false},"excerpt":{"rendered":"<p>Atualizado em Os Empregos Vera Cruz Hospital t\u00eam um destaque enorme no mercado de trabalho devido aos benef\u00edcios ofertados pela empresa, que faz parte de uma holding de gest\u00e3o de servi\u00e7os de sa\u00fade sediada na ACO nos Estados Unidos, organiza\u00e7\u00e3o respons\u00e1vel pelo cuidado e compartilhamento de riscos com as operadoras, e prop\u00f5e um modelo inovador&hellip;&nbsp;<\/p>","protected":false},"author":16,"featured_media":36228,"comment_status":"open","ping_status":"closed","sticky":false,"template":"","format":"standard","meta":{"neve_meta_sidebar":"","neve_meta_container":"","neve_meta_enable_content_width":"","neve_meta_content_width":0,"neve_meta_title_alignment":"","neve_meta_author_avatar":"","neve_post_elements_order":"","neve_meta_disable_header":"","neve_meta_disable_footer":"","neve_meta_disable_title":"","footnotes":""},"categories":[123],"tags":[686,608,147],"class_list":["post-36224","post","type-post","status-publish","format-standard","has-post-thumbnail","hentry","category-vagas-de-emprego-nacionais","tag-hospital-vera-cruz","tag-oportunidades","tag-vaga-de-emprego"],"yoast_head":"<!-- This site is optimized with the Yoast SEO plugin v27.5 - https:\/\/yoast.com\/product\/yoast-seo-wordpress\/ -->\n<title>Atendente de Cl\u00ednica M\u00e9dica, Analistas, Assistente Administrativo, T\u00e9cnico de Enfermagem, Auxiliar Administrativo, Pintor, Gesseiro e muito mais na Empresa Vera Cruz Hospital -<\/title>\n<meta name=\"description\" content=\"Veja em Vagas de Emprego RJ as vagas de emprego com e sem experi\u00eancia no seu Estado e Regi\u00e3o!\" \/>\n<meta name=\"robots\" content=\"index, follow, max-snippet:-1, max-image-preview:large, max-video-preview:-1\" \/>\n<link rel=\"canonical\" href=\"https:\/\/www.vagadeempregorj.com.br\/ar\/empregos-vera-cruz-hospital\/\" \/>\n<meta property=\"og:locale\" content=\"ar_AR\" \/>\n<meta property=\"og:type\" content=\"article\" \/>\n<meta property=\"og:title\" content=\"Atendente de Cl\u00ednica M\u00e9dica, Analistas, Assistente Administrativo, T\u00e9cnico de Enfermagem, Auxiliar Administrativo, Pintor, Gesseiro e muito mais na Empresa Vera Cruz Hospital -\" \/>\n<meta property=\"og:description\" content=\"Veja em Vagas de Emprego RJ as vagas de emprego com e sem experi\u00eancia no seu Estado e Regi\u00e3o!\" \/>\n<meta property=\"og:url\" content=\"https:\/\/www.vagadeempregorj.com.br\/ar\/empregos-vera-cruz-hospital\/\" \/>\n<meta property=\"article:publisher\" content=\"https:\/\/www.facebook.com\/empregobrasiloficial\" \/>\n<meta property=\"article:published_time\" content=\"2023-10-02T04:01:00+00:00\" \/>\n<meta property=\"og:image\" content=\"https:\/\/www.vagadeempregorj.com.br\/wp-content\/uploads\/2022\/11\/Empregos-Hospital-Vera-Cruz.jpg\" \/>\n\t<meta property=\"og:image:width\" content=\"490\" \/>\n\t<meta property=\"og:image:height\" content=\"290\" \/>\n\t<meta property=\"og:image:type\" content=\"image\/jpeg\" \/>\n<meta name=\"author\" content=\"Michele\" \/>\n<meta name=\"twitter:card\" content=\"summary_large_image\" \/>\n<meta name=\"twitter:label1\" content=\"Written by\" \/>\n\t<meta name=\"twitter:data1\" content=\"Michele\" \/>\n\t<meta name=\"twitter:label2\" content=\"Est. reading time\" \/>\n\t<meta name=\"twitter:data2\" content=\"3 \u062f\u0642\u0627\u0626\u0642\" \/>\n<script type=\"application\/ld+json\" class=\"yoast-schema-graph\">{\"@context\":\"https:\\\/\\\/schema.org\",\"@graph\":[{\"@type\":\"Article\",\"@id\":\"https:\\\/\\\/www.vagadeempregorj.com.br\\\/empregos-vera-cruz-hospital\\\/#article\",\"isPartOf\":{\"@id\":\"https:\\\/\\\/www.vagadeempregorj.com.br\\\/empregos-vera-cruz-hospital\\\/\"},\"author\":{\"name\":\"Michele\",\"@id\":\"https:\\\/\\\/www.vagadeempregorj.com.br\\\/#\\\/schema\\\/person\\\/3ddb19fa0539706786e502152f3aae95\"},\"headline\":\"Atendente de Cl\u00ednica M\u00e9dica, Analistas, Assistente Administrativo, T\u00e9cnico de Enfermagem, Auxiliar Administrativo, Pintor, Gesseiro e muito mais na Empresa Vera Cruz Hospital\",\"datePublished\":\"2023-10-02T04:01:00+00:00\",\"mainEntityOfPage\":{\"@id\":\"https:\\\/\\\/www.vagadeempregorj.com.br\\\/empregos-vera-cruz-hospital\\\/\"},\"wordCount\":611,\"commentCount\":0,\"image\":{\"@id\":\"https:\\\/\\\/www.vagadeempregorj.com.br\\\/empregos-vera-cruz-hospital\\\/#primaryimage\"},\"thumbnailUrl\":\"https:\\\/\\\/www.vagadeempregorj.com.br\\\/wp-content\\\/uploads\\\/2022\\\/11\\\/Empregos-Hospital-Vera-Cruz.jpg\",\"keywords\":[\"Hospital Vera Cruz\",\"oportunidades\",\"vaga de emprego\"],\"articleSection\":[\"Vagas de Emprego Nacionais\"],\"inLanguage\":\"ar\",\"potentialAction\":[{\"@type\":\"CommentAction\",\"name\":\"Comment\",\"target\":[\"https:\\\/\\\/www.vagadeempregorj.com.br\\\/empregos-vera-cruz-hospital\\\/#respond\"]}]},{\"@type\":\"WebPage\",\"@id\":\"https:\\\/\\\/www.vagadeempregorj.com.br\\\/empregos-vera-cruz-hospital\\\/\",\"url\":\"https:\\\/\\\/www.vagadeempregorj.com.br\\\/empregos-vera-cruz-hospital\\\/\",\"name\":\"Atendente de Cl\u00ednica M\u00e9dica, Analistas, Assistente Administrativo, T\u00e9cnico de Enfermagem, Auxiliar Administrativo, Pintor, Gesseiro e muito mais na Empresa Vera Cruz Hospital -\",\"isPartOf\":{\"@id\":\"https:\\\/\\\/www.vagadeempregorj.com.br\\\/#website\"},\"primaryImageOfPage\":{\"@id\":\"https:\\\/\\\/www.vagadeempregorj.com.br\\\/empregos-vera-cruz-hospital\\\/#primaryimage\"},\"image\":{\"@id\":\"https:\\\/\\\/www.vagadeempregorj.com.br\\\/empregos-vera-cruz-hospital\\\/#primaryimage\"},\"thumbnailUrl\":\"https:\\\/\\\/www.vagadeempregorj.com.br\\\/wp-content\\\/uploads\\\/2022\\\/11\\\/Empregos-Hospital-Vera-Cruz.jpg\",\"datePublished\":\"2023-10-02T04:01:00+00:00\",\"author\":{\"@id\":\"https:\\\/\\\/www.vagadeempregorj.com.br\\\/#\\\/schema\\\/person\\\/3ddb19fa0539706786e502152f3aae95\"},\"description\":\"Veja em Vagas de Emprego RJ as vagas de emprego com e sem experi\u00eancia no seu Estado e Regi\u00e3o!\",\"breadcrumb\":{\"@id\":\"https:\\\/\\\/www.vagadeempregorj.com.br\\\/empregos-vera-cruz-hospital\\\/#breadcrumb\"},\"inLanguage\":\"ar\",\"potentialAction\":[{\"@type\":\"ReadAction\",\"target\":[\"https:\\\/\\\/www.vagadeempregorj.com.br\\\/empregos-vera-cruz-hospital\\\/\"]}]},{\"@type\":\"ImageObject\",\"inLanguage\":\"ar\",\"@id\":\"https:\\\/\\\/www.vagadeempregorj.com.br\\\/empregos-vera-cruz-hospital\\\/#primaryimage\",\"url\":\"https:\\\/\\\/www.vagadeempregorj.com.br\\\/wp-content\\\/uploads\\\/2022\\\/11\\\/Empregos-Hospital-Vera-Cruz.jpg\",\"contentUrl\":\"https:\\\/\\\/www.vagadeempregorj.com.br\\\/wp-content\\\/uploads\\\/2022\\\/11\\\/Empregos-Hospital-Vera-Cruz.jpg\",\"width\":490,\"height\":290,\"caption\":\"Imagem: Hospital Vera Cruz -Reprodu\u00e7\u00e3o\"},{\"@type\":\"BreadcrumbList\",\"@id\":\"https:\\\/\\\/www.vagadeempregorj.com.br\\\/empregos-vera-cruz-hospital\\\/#breadcrumb\",\"itemListElement\":[{\"@type\":\"ListItem\",\"position\":1,\"name\":\"In\u00edcio\",\"item\":\"https:\\\/\\\/www.vagadeempregorj.com.br\\\/\"},{\"@type\":\"ListItem\",\"position\":2,\"name\":\"Vagas de Emprego Nacionais\",\"item\":\"https:\\\/\\\/www.vagadeempregorj.com.br\\\/vagas-de-emprego-nacionais\\\/\"},{\"@type\":\"ListItem\",\"position\":3,\"name\":\"Atendente de Cl\u00ednica M\u00e9dica, Analistas, Assistente Administrativo, T\u00e9cnico de Enfermagem, Auxiliar Administrativo, Pintor, Gesseiro e muito mais na Empresa Vera Cruz Hospital\"}]},{\"@type\":\"WebSite\",\"@id\":\"https:\\\/\\\/www.vagadeempregorj.com.br\\\/#website\",\"url\":\"https:\\\/\\\/www.vagadeempregorj.com.br\\\/\",\"name\":\"\",\"description\":\"Conquiste Sonhos: Vagas, Benef\u00edcios e Economia para Transformar Vidas e Alcan\u00e7ar Melhorias Cotidianas\",\"potentialAction\":[{\"@type\":\"SearchAction\",\"target\":{\"@type\":\"EntryPoint\",\"urlTemplate\":\"https:\\\/\\\/www.vagadeempregorj.com.br\\\/?s={search_term_string}\"},\"query-input\":{\"@type\":\"PropertyValueSpecification\",\"valueRequired\":true,\"valueName\":\"search_term_string\"}}],\"inLanguage\":\"ar\"},{\"@type\":\"Person\",\"@id\":\"https:\\\/\\\/www.vagadeempregorj.com.br\\\/#\\\/schema\\\/person\\\/3ddb19fa0539706786e502152f3aae95\",\"name\":\"Michele\",\"image\":{\"@type\":\"ImageObject\",\"inLanguage\":\"ar\",\"@id\":\"https:\\\/\\\/secure.gravatar.com\\\/avatar\\\/6b0eb9d22841282815e2cd856a0061c45e1761cd54b22e952d98c4746939aa85?s=96&r=g\",\"url\":\"https:\\\/\\\/secure.gravatar.com\\\/avatar\\\/6b0eb9d22841282815e2cd856a0061c45e1761cd54b22e952d98c4746939aa85?s=96&r=g\",\"contentUrl\":\"https:\\\/\\\/secure.gravatar.com\\\/avatar\\\/6b0eb9d22841282815e2cd856a0061c45e1761cd54b22e952d98c4746939aa85?s=96&r=g\",\"caption\":\"Michele\"},\"description\":\"Formada em Letras - Portugu\u00eas\\\/ Ingl\u00eas, e idealizadora do site Escritora de Sucesso, busca expandir o conhecimento de todos com informa\u00e7\u00f5es relevantes sobre diversos assuntos, enquanto redatora. No Vaga de Emprego RJ, traz oportunidades e dicas sobre o mercado de trabalho.\",\"url\":\"https:\\\/\\\/www.vagadeempregorj.com.br\\\/ar\\\/author\\\/michele\\\/\"}]}<\/script>\n<!-- \/ Yoast SEO plugin. -->","yoast_head_json":{"title":"Atendente de Cl\u00ednica M\u00e9dica, Analistas, Assistente Administrativo, T\u00e9cnico de Enfermagem, Auxiliar Administrativo, Pintor, Gesseiro e muito mais na Empresa Vera Cruz Hospital -","description":"Veja em Vagas de Emprego RJ as vagas de emprego com e sem experi\u00eancia no seu Estado e Regi\u00e3o!","robots":{"index":"index","follow":"follow","max-snippet":"max-snippet:-1","max-image-preview":"max-image-preview:large","max-video-preview":"max-video-preview:-1"},"canonical":"https:\/\/www.vagadeempregorj.com.br\/ar\/empregos-vera-cruz-hospital\/","og_locale":"ar_AR","og_type":"article","og_title":"Atendente de Cl\u00ednica M\u00e9dica, Analistas, Assistente Administrativo, T\u00e9cnico de Enfermagem, Auxiliar Administrativo, Pintor, Gesseiro e muito mais na Empresa Vera Cruz Hospital -","og_description":"Veja em Vagas de Emprego RJ as vagas de emprego com e sem experi\u00eancia no seu Estado e Regi\u00e3o!","og_url":"https:\/\/www.vagadeempregorj.com.br\/ar\/empregos-vera-cruz-hospital\/","article_publisher":"https:\/\/www.facebook.com\/empregobrasiloficial","article_published_time":"2023-10-02T04:01:00+00:00","og_image":[{"width":490,"height":290,"url":"https:\/\/www.vagadeempregorj.com.br\/wp-content\/uploads\/2022\/11\/Empregos-Hospital-Vera-Cruz.jpg","type":"image\/jpeg"}],"author":"Michele","twitter_card":"summary_large_image","twitter_misc":{"Written by":"Michele","Est. reading time":"3 \u062f\u0642\u0627\u0626\u0642"},"schema":{"@context":"https:\/\/schema.org","@graph":[{"@type":"Article","@id":"https:\/\/www.vagadeempregorj.com.br\/empregos-vera-cruz-hospital\/#article","isPartOf":{"@id":"https:\/\/www.vagadeempregorj.com.br\/empregos-vera-cruz-hospital\/"},"author":{"name":"Michele","@id":"https:\/\/www.vagadeempregorj.com.br\/#\/schema\/person\/3ddb19fa0539706786e502152f3aae95"},"headline":"Atendente de Cl\u00ednica M\u00e9dica, Analistas, Assistente Administrativo, T\u00e9cnico de Enfermagem, Auxiliar Administrativo, Pintor, Gesseiro e muito mais na Empresa Vera Cruz Hospital","datePublished":"2023-10-02T04:01:00+00:00","mainEntityOfPage":{"@id":"https:\/\/www.vagadeempregorj.com.br\/empregos-vera-cruz-hospital\/"},"wordCount":611,"commentCount":0,"image":{"@id":"https:\/\/www.vagadeempregorj.com.br\/empregos-vera-cruz-hospital\/#primaryimage"},"thumbnailUrl":"https:\/\/www.vagadeempregorj.com.br\/wp-content\/uploads\/2022\/11\/Empregos-Hospital-Vera-Cruz.jpg","keywords":["Hospital Vera Cruz","oportunidades","vaga de emprego"],"articleSection":["Vagas de Emprego Nacionais"],"inLanguage":"ar","potentialAction":[{"@type":"CommentAction","name":"Comment","target":["https:\/\/www.vagadeempregorj.com.br\/empregos-vera-cruz-hospital\/#respond"]}]},{"@type":"WebPage","@id":"https:\/\/www.vagadeempregorj.com.br\/empregos-vera-cruz-hospital\/","url":"https:\/\/www.vagadeempregorj.com.br\/empregos-vera-cruz-hospital\/","name":"Atendente de Cl\u00ednica M\u00e9dica, Analistas, Assistente Administrativo, T\u00e9cnico de Enfermagem, Auxiliar Administrativo, Pintor, Gesseiro e muito mais na Empresa Vera Cruz Hospital -","isPartOf":{"@id":"https:\/\/www.vagadeempregorj.com.br\/#website"},"primaryImageOfPage":{"@id":"https:\/\/www.vagadeempregorj.com.br\/empregos-vera-cruz-hospital\/#primaryimage"},"image":{"@id":"https:\/\/www.vagadeempregorj.com.br\/empregos-vera-cruz-hospital\/#primaryimage"},"thumbnailUrl":"https:\/\/www.vagadeempregorj.com.br\/wp-content\/uploads\/2022\/11\/Empregos-Hospital-Vera-Cruz.jpg","datePublished":"2023-10-02T04:01:00+00:00","author":{"@id":"https:\/\/www.vagadeempregorj.com.br\/#\/schema\/person\/3ddb19fa0539706786e502152f3aae95"},"description":"Veja em Vagas de Emprego RJ as vagas de emprego com e sem experi\u00eancia no seu Estado e Regi\u00e3o!","breadcrumb":{"@id":"https:\/\/www.vagadeempregorj.com.br\/empregos-vera-cruz-hospital\/#breadcrumb"},"inLanguage":"ar","potentialAction":[{"@type":"ReadAction","target":["https:\/\/www.vagadeempregorj.com.br\/empregos-vera-cruz-hospital\/"]}]},{"@type":"ImageObject","inLanguage":"ar","@id":"https:\/\/www.vagadeempregorj.com.br\/empregos-vera-cruz-hospital\/#primaryimage","url":"https:\/\/www.vagadeempregorj.com.br\/wp-content\/uploads\/2022\/11\/Empregos-Hospital-Vera-Cruz.jpg","contentUrl":"https:\/\/www.vagadeempregorj.com.br\/wp-content\/uploads\/2022\/11\/Empregos-Hospital-Vera-Cruz.jpg","width":490,"height":290,"caption":"Imagem: Hospital Vera Cruz -Reprodu\u00e7\u00e3o"},{"@type":"BreadcrumbList","@id":"https:\/\/www.vagadeempregorj.com.br\/empregos-vera-cruz-hospital\/#breadcrumb","itemListElement":[{"@type":"ListItem","position":1,"name":"In\u00edcio","item":"https:\/\/www.vagadeempregorj.com.br\/"},{"@type":"ListItem","position":2,"name":"Vagas de Emprego Nacionais","item":"https:\/\/www.vagadeempregorj.com.br\/vagas-de-emprego-nacionais\/"},{"@type":"ListItem","position":3,"name":"Atendente de Cl\u00ednica M\u00e9dica, Analistas, Assistente Administrativo, T\u00e9cnico de Enfermagem, Auxiliar Administrativo, Pintor, Gesseiro e muito mais na Empresa Vera Cruz Hospital"}]},{"@type":"WebSite","@id":"https:\/\/www.vagadeempregorj.com.br\/#website","url":"https:\/\/www.vagadeempregorj.com.br\/","name":"","description":"Conquiste Sonhos: Vagas, Benef\u00edcios e Economia para Transformar Vidas e Alcan\u00e7ar Melhorias Cotidianas","potentialAction":[{"@type":"SearchAction","target":{"@type":"EntryPoint","urlTemplate":"https:\/\/www.vagadeempregorj.com.br\/?s={search_term_string}"},"query-input":{"@type":"PropertyValueSpecification","valueRequired":true,"valueName":"search_term_string"}}],"inLanguage":"ar"},{"@type":"Person","@id":"https:\/\/www.vagadeempregorj.com.br\/#\/schema\/person\/3ddb19fa0539706786e502152f3aae95","name":"Michele","image":{"@type":"ImageObject","inLanguage":"ar","@id":"https:\/\/secure.gravatar.com\/avatar\/6b0eb9d22841282815e2cd856a0061c45e1761cd54b22e952d98c4746939aa85?s=96&r=g","url":"https:\/\/secure.gravatar.com\/avatar\/6b0eb9d22841282815e2cd856a0061c45e1761cd54b22e952d98c4746939aa85?s=96&r=g","contentUrl":"https:\/\/secure.gravatar.com\/avatar\/6b0eb9d22841282815e2cd856a0061c45e1761cd54b22e952d98c4746939aa85?s=96&r=g","caption":"Michele"},"description":"Formada em Letras - Portugu\u00eas\/ Ingl\u00eas, e idealizadora do site Escritora de Sucesso, busca expandir o conhecimento de todos com informa\u00e7\u00f5es relevantes sobre diversos assuntos, enquanto redatora. No Vaga de Emprego RJ, traz oportunidades e dicas sobre o mercado de trabalho.","url":"https:\/\/www.vagadeempregorj.com.br\/ar\/author\/michele\/"}]}},"_links":{"self":[{"href":"https:\/\/www.vagadeempregorj.com.br\/ar\/wp-json\/wp\/v2\/posts\/36224","targetHints":{"allow":["GET"]}}],"collection":[{"href":"https:\/\/www.vagadeempregorj.com.br\/ar\/wp-json\/wp\/v2\/posts"}],"about":[{"href":"https:\/\/www.vagadeempregorj.com.br\/ar\/wp-json\/wp\/v2\/types\/post"}],"author":[{"embeddable":true,"href":"https:\/\/www.vagadeempregorj.com.br\/ar\/wp-json\/wp\/v2\/users\/16"}],"replies":[{"embeddable":true,"href":"https:\/\/www.vagadeempregorj.com.br\/ar\/wp-json\/wp\/v2\/comments?post=36224"}],"version-history":[{"count":0,"href":"https:\/\/www.vagadeempregorj.com.br\/ar\/wp-json\/wp\/v2\/posts\/36224\/revisions"}],"wp:featuredmedia":[{"embeddable":true,"href":"https:\/\/www.vagadeempregorj.com.br\/ar\/wp-json\/wp\/v2\/media\/36228"}],"wp:attachment":[{"href":"https:\/\/www.vagadeempregorj.com.br\/ar\/wp-json\/wp\/v2\/media?parent=36224"}],"wp:term":[{"taxonomy":"category","embeddable":true,"href":"https:\/\/www.vagadeempregorj.com.br\/ar\/wp-json\/wp\/v2\/categories?post=36224"},{"taxonomy":"post_tag","embeddable":true,"href":"https:\/\/www.vagadeempregorj.com.br\/ar\/wp-json\/wp\/v2\/tags?post=36224"}],"curies":[{"name":"wp","href":"https:\/\/api.w.org\/{rel}","templated":true}]}}