{"id":36265,"date":"2023-10-03T02:03:00","date_gmt":"2023-10-03T05:03:00","guid":{"rendered":"https:\/\/www.vagadeempregorj.com.br\/?p=36265"},"modified":"2023-10-02T13:05:23","modified_gmt":"2023-10-02T16:05:23","slug":"empregos-lojas-quero-quero","status":"publish","type":"post","link":"https:\/\/www.vagadeempregorj.com.br\/ar\/empregos-lojas-quero-quero\/","title":{"rendered":"Montador de M\u00f3veis, Analistas, Auxiliar Administrativo, Motorista, Caixa, Servente e muito mais na Empresa Lojas Quero-Quero"},"content":{"rendered":"<p>Atualizado em<\/p>\n\n\n<div class=\"wp-block-post-date\"><time datetime=\"2023-10-03T02:03:00-03:00\">03\/10\/2023<\/time><\/div>\n\n\n<p>Os<strong> Empregos Lojas Quero-Quero <\/strong>destacam-se no mercado de trabalho pelos benef\u00edcios ofertados pela companhia, que atualmente conta com mais de 470 unidades de vendas em 5 estados do Brasil. Al\u00e9m disso, contam com 3 centros de distribui\u00e7\u00e3o, tudo gra\u00e7as aos mais de 8.000 colaboradores que fazem parte dessa hist\u00f3ria e sonham com a empresa.<\/p>\n\n\n\n<figure class=\"wp-block-image size-full\"><img loading=\"lazy\" decoding=\"async\" width=\"389\" height=\"129\" src=\"https:\/\/www.vagadeempregorj.com.br\/wp-content\/uploads\/2022\/11\/empregos-lojas-quero-quero.jpg\" alt=\"empregos lojas quero-quero\" class=\"wp-image-36272\" srcset=\"https:\/\/www.vagadeempregorj.com.br\/wp-content\/uploads\/2022\/11\/empregos-lojas-quero-quero.jpg 389w, https:\/\/www.vagadeempregorj.com.br\/wp-content\/uploads\/2022\/11\/empregos-lojas-quero-quero-300x99.jpg 300w, https:\/\/www.vagadeempregorj.com.br\/wp-content\/uploads\/2022\/11\/empregos-lojas-quero-quero-150x50.jpg 150w\" sizes=\"auto, (max-width: 389px) 100vw, 389px\" \/><figcaption class=\"wp-element-caption\">Imagem: Lojas Quero-Quero &#8211; Reprodu\u00e7\u00e3o<\/figcaption><\/figure>\n\n\n\n<h2 class=\"wp-block-heading\">Veja todos os Empregos Lojas Quero-Quero dispon\u00edveis<\/h2>\n\n\n\n<p>Conhe\u00e7a abaixo todas as vagas ofertadas, h\u00e1 possibilidades para quem n\u00e3o possui experiencia:<\/p>\n\n\n\n<ul class=\"wp-block-list\">\n<li>ANL. DE CR\u00c9DITO;<\/li>\n\n\n\n<li>SUPERV. DE VENDAS;<\/li>\n\n\n\n<li>ASS. ADMINISTRATIVO;<\/li>\n\n\n\n<li>MONTADOR M\u00d3VEIS;<\/li>\n\n\n\n<li>AUX. ADMINISTRATIVO;<\/li>\n\n\n\n<li>SUPERV. DE VAREJO;<\/li>\n\n\n\n<li>AUX. DE ESTOQUES;<\/li>\n\n\n\n<li>MOTORISTA;<\/li>\n\n\n\n<li>AUX. OPERACIONAL;<\/li>\n\n\n\n<li>OP. DE EMPILHADEIRA;<\/li>\n\n\n\n<li>CAIXA;<\/li>\n\n\n\n<li>SERVENTE;<\/li>\n\n\n\n<li>CONFERENTE;<\/li>\n\n\n\n<li>MENOR APRENDIZ;<\/li>\n\n\n\n<li>CONSULTOR DE VENDAS;<\/li>\n\n\n\n<li>ESTOQUISTA;<\/li>\n\n\n\n<li>CONSULTOR ESPECIALISTA EM TINTAS;<\/li>\n\n\n\n<li>COORDENADOR ADMINISTRATIVO.<\/li>\n<\/ul>\n\n\n\n<h3 class=\"wp-block-heading\">Como se candidatar<\/h3>\n\n\n\n<p>O processo para concorrer \u00e0s vagas mencionadas \u00e9 bem f\u00e1cil. O primeiro passo \u00e9 acessar o link abaixo para realizar o procedimento do recrutamento:<\/p>\n\n\n\n<ul class=\"wp-block-list\">\n<li><a href=\"https:\/\/www.queroquero.com.br\/trabalhe-conosco\">Quero-quero Lojas<\/a>.<\/li>\n<\/ul>\n\n\n\n<p>Em seguida, ache o cargo desejado e fa\u00e7a leitura dos crit\u00e9rios exigidos para se certificar de que ele \u00e9 adequado ao seu perfil. Caso seja, fa\u00e7a o seu cadastro ou entre com o seu login se j\u00e1 tiver.&nbsp;<\/p>\n\n\n\n<p>Por ultimo, basta aguardar o contato da empresa e lembre-se de se preparar bastante para a entrevista. Para este momento, saiba de antem\u00e3o que existe a possibilidade de que o entrevistador fa\u00e7a perguntas como: qual o motivo de querer trabalhar ne empresa, o que voc\u00ea pode aportar, quais s\u00e3o suas qualidades e defeitos, entre outras. Al\u00e9m disso, tamb\u00e9m \u00e9 prov\u00e1vel que seja necess\u00e1rio realizar uma prova com quest\u00f5es de l\u00edngua portuguesa e matem\u00e1tica, al\u00e9m de participar de din\u00e2micas em grupo.<\/p>\n\n\n\n<p><strong>Veja tamb\u00e9m: <a href=\"https:\/\/www.vagadeempregorj.com.br\/ar\/empregos-grupo-bamaq\/\">Vendedor de Pe\u00e7as, Vendedor de M\u00e1quinas, Vendedor de Caminh\u00f5es, Mec\u00e2nico e muito mais na Empresa Grupo Bamaq<\/a><\/strong><\/p>\n\n\n\n<h2 class=\"wp-block-heading\">Sobre as Lojas Quero-Quero<\/h2>\n\n\n\n<p>Abriram a sua primeira loja em 1967 no Rio Grande do Sul. Com coragem e muito trabalho, cresceram e levam cada vez mais qualidades para as fam\u00edlias deste estado. O seu objetivo desde o in\u00edcio foi estar ao lado das pessoas, seja no campo ou na cidade. Na d\u00e9cada de 1980 reuniram o seu portf\u00f3lio de materiais de constru\u00e7\u00e3o, eletrodom\u00e9sticos e m\u00f3veis e se tornaram conhecidos por oferecer solu\u00e7\u00f5es completas aos seus consumidores. Na d\u00e9cada de 1990, deram outro salto ousado: adicionamos um neg\u00f3cio de servi\u00e7os financeiros. O modelo funcionou e nos anos 2000 foi ampliado e finalmente consolidado.<\/p>\n\n\n\n<p>Em 2008, a empresa foi adquirida pelo fundo de private equity Advent International. Com essa mudan\u00e7a, o centro administrativo foi transferido para a regi\u00e3o metropolitana de Porto Alegre. Sempre querendo ir mais longe, em 2010 chegaram aos estados sulistas, ampliando a sua presen\u00e7a em todo o Sul. Ainda nessa d\u00e9cada, lan\u00e7aram o Programa Palavra, tornando-se o \u00fanico varejista do pa\u00eds a garantir produtos gratuitamente em caso de atraso na entrega.<\/p>\n\n\n\n<p>O ano de 2020 foi marcado pelos IPOs da bolsa brasileira, uma das maiores conquistas nos mais de 50 anos de hist\u00f3ria da entidade. Em agosto de 2021, inauguraram o seu novo escrit\u00f3rio no Centro-Oeste e a sua primeira loja em S\u00e3o Paulo. Devido aos seus esfor\u00e7os incans\u00e1veis \u200b\u200bdesde o in\u00edcio do ano letivo, deram in\u00edcio a mais um marco hist\u00f3rico nesta grande pista. Uniram o varejo f\u00edsico e o virtual para oferecer infinitas oportunidades aos seus clientes. Um sonho realizado: Infinita Store &#8211; a realiza\u00e7\u00e3o de quem constr\u00f3i a sua loja a cada dia, com seriedade e paix\u00e3o por um atendimento de qualidade.<\/p>","protected":false},"excerpt":{"rendered":"<p>Atualizado em Os Empregos Lojas Quero-Quero destacam-se no mercado de trabalho pelos benef\u00edcios ofertados pela companhia, que atualmente conta com mais de 470 unidades de vendas em 5 estados do Brasil. Al\u00e9m disso, contam com 3 centros de distribui\u00e7\u00e3o, tudo gra\u00e7as aos mais de 8.000 colaboradores que fazem parte dessa hist\u00f3ria e sonham com a&hellip;&nbsp;<\/p>","protected":false},"author":16,"featured_media":36272,"comment_status":"open","ping_status":"closed","sticky":false,"template":"","format":"standard","meta":{"neve_meta_sidebar":"","neve_meta_container":"","neve_meta_enable_content_width":"","neve_meta_content_width":0,"neve_meta_title_alignment":"","neve_meta_author_avatar":"","neve_post_elements_order":"","neve_meta_disable_header":"","neve_meta_disable_footer":"","neve_meta_disable_title":"","footnotes":""},"categories":[123],"tags":[693,608,147],"class_list":["post-36265","post","type-post","status-publish","format-standard","has-post-thumbnail","hentry","category-vagas-de-emprego-nacionais","tag-lojas-quero-quero","tag-oportunidades","tag-vaga-de-emprego"],"yoast_head":"<!-- This site is optimized with the Yoast SEO plugin v27.5 - https:\/\/yoast.com\/product\/yoast-seo-wordpress\/ -->\n<title>Montador de M\u00f3veis, Analistas, Auxiliar Administrativo, Motorista, Caixa, Servente e muito mais na Empresa Lojas Quero-Quero -<\/title>\n<meta name=\"description\" content=\"Veja em Vagas de Emprego RJ as vagas de emprego com e sem experi\u00eancia no seu Estado e Regi\u00e3o!\" \/>\n<meta name=\"robots\" content=\"index, follow, max-snippet:-1, max-image-preview:large, max-video-preview:-1\" \/>\n<link rel=\"canonical\" href=\"https:\/\/www.vagadeempregorj.com.br\/ar\/empregos-lojas-quero-quero\/\" \/>\n<meta property=\"og:locale\" content=\"ar_AR\" \/>\n<meta property=\"og:type\" content=\"article\" \/>\n<meta property=\"og:title\" content=\"Montador de M\u00f3veis, Analistas, Auxiliar Administrativo, Motorista, Caixa, Servente e muito mais na Empresa Lojas Quero-Quero -\" \/>\n<meta property=\"og:description\" content=\"Veja em Vagas de Emprego RJ as vagas de emprego com e sem experi\u00eancia no seu Estado e Regi\u00e3o!\" \/>\n<meta property=\"og:url\" content=\"https:\/\/www.vagadeempregorj.com.br\/ar\/empregos-lojas-quero-quero\/\" \/>\n<meta property=\"article:publisher\" content=\"https:\/\/www.facebook.com\/empregobrasiloficial\" \/>\n<meta property=\"article:published_time\" content=\"2023-10-03T05:03:00+00:00\" \/>\n<meta property=\"og:image\" content=\"https:\/\/www.vagadeempregorj.com.br\/wp-content\/uploads\/2022\/11\/empregos-lojas-quero-quero.jpg\" \/>\n\t<meta property=\"og:image:width\" content=\"389\" \/>\n\t<meta property=\"og:image:height\" content=\"129\" \/>\n\t<meta property=\"og:image:type\" content=\"image\/jpeg\" \/>\n<meta name=\"author\" content=\"Michele\" \/>\n<meta name=\"twitter:card\" content=\"summary_large_image\" \/>\n<meta name=\"twitter:label1\" content=\"Written by\" \/>\n\t<meta name=\"twitter:data1\" content=\"Michele\" \/>\n\t<meta name=\"twitter:label2\" content=\"Est. reading time\" \/>\n\t<meta name=\"twitter:data2\" content=\"3 \u062f\u0642\u0627\u0626\u0642\" \/>\n<script type=\"application\/ld+json\" class=\"yoast-schema-graph\">{\"@context\":\"https:\\\/\\\/schema.org\",\"@graph\":[{\"@type\":\"Article\",\"@id\":\"https:\\\/\\\/www.vagadeempregorj.com.br\\\/empregos-lojas-quero-quero\\\/#article\",\"isPartOf\":{\"@id\":\"https:\\\/\\\/www.vagadeempregorj.com.br\\\/empregos-lojas-quero-quero\\\/\"},\"author\":{\"name\":\"Michele\",\"@id\":\"https:\\\/\\\/www.vagadeempregorj.com.br\\\/#\\\/schema\\\/person\\\/3ddb19fa0539706786e502152f3aae95\"},\"headline\":\"Montador de M\u00f3veis, Analistas, Auxiliar Administrativo, Motorista, Caixa, Servente e muito mais na Empresa Lojas Quero-Quero\",\"datePublished\":\"2023-10-03T05:03:00+00:00\",\"mainEntityOfPage\":{\"@id\":\"https:\\\/\\\/www.vagadeempregorj.com.br\\\/empregos-lojas-quero-quero\\\/\"},\"wordCount\":625,\"commentCount\":0,\"image\":{\"@id\":\"https:\\\/\\\/www.vagadeempregorj.com.br\\\/empregos-lojas-quero-quero\\\/#primaryimage\"},\"thumbnailUrl\":\"https:\\\/\\\/www.vagadeempregorj.com.br\\\/wp-content\\\/uploads\\\/2022\\\/11\\\/empregos-lojas-quero-quero.jpg\",\"keywords\":[\"Lojas Quero-Quero\",\"oportunidades\",\"vaga de emprego\"],\"articleSection\":[\"Vagas de Emprego Nacionais\"],\"inLanguage\":\"ar\",\"potentialAction\":[{\"@type\":\"CommentAction\",\"name\":\"Comment\",\"target\":[\"https:\\\/\\\/www.vagadeempregorj.com.br\\\/empregos-lojas-quero-quero\\\/#respond\"]}]},{\"@type\":\"WebPage\",\"@id\":\"https:\\\/\\\/www.vagadeempregorj.com.br\\\/empregos-lojas-quero-quero\\\/\",\"url\":\"https:\\\/\\\/www.vagadeempregorj.com.br\\\/empregos-lojas-quero-quero\\\/\",\"name\":\"Montador de M\u00f3veis, Analistas, Auxiliar Administrativo, Motorista, Caixa, Servente e muito mais na Empresa Lojas Quero-Quero -\",\"isPartOf\":{\"@id\":\"https:\\\/\\\/www.vagadeempregorj.com.br\\\/#website\"},\"primaryImageOfPage\":{\"@id\":\"https:\\\/\\\/www.vagadeempregorj.com.br\\\/empregos-lojas-quero-quero\\\/#primaryimage\"},\"image\":{\"@id\":\"https:\\\/\\\/www.vagadeempregorj.com.br\\\/empregos-lojas-quero-quero\\\/#primaryimage\"},\"thumbnailUrl\":\"https:\\\/\\\/www.vagadeempregorj.com.br\\\/wp-content\\\/uploads\\\/2022\\\/11\\\/empregos-lojas-quero-quero.jpg\",\"datePublished\":\"2023-10-03T05:03:00+00:00\",\"author\":{\"@id\":\"https:\\\/\\\/www.vagadeempregorj.com.br\\\/#\\\/schema\\\/person\\\/3ddb19fa0539706786e502152f3aae95\"},\"description\":\"Veja em Vagas de Emprego RJ as vagas de emprego com e sem experi\u00eancia no seu Estado e Regi\u00e3o!\",\"breadcrumb\":{\"@id\":\"https:\\\/\\\/www.vagadeempregorj.com.br\\\/empregos-lojas-quero-quero\\\/#breadcrumb\"},\"inLanguage\":\"ar\",\"potentialAction\":[{\"@type\":\"ReadAction\",\"target\":[\"https:\\\/\\\/www.vagadeempregorj.com.br\\\/empregos-lojas-quero-quero\\\/\"]}]},{\"@type\":\"ImageObject\",\"inLanguage\":\"ar\",\"@id\":\"https:\\\/\\\/www.vagadeempregorj.com.br\\\/empregos-lojas-quero-quero\\\/#primaryimage\",\"url\":\"https:\\\/\\\/www.vagadeempregorj.com.br\\\/wp-content\\\/uploads\\\/2022\\\/11\\\/empregos-lojas-quero-quero.jpg\",\"contentUrl\":\"https:\\\/\\\/www.vagadeempregorj.com.br\\\/wp-content\\\/uploads\\\/2022\\\/11\\\/empregos-lojas-quero-quero.jpg\",\"width\":389,\"height\":129,\"caption\":\"Imagem: Lojas Quero-Quero - Reprodu\u00e7\u00e3o\"},{\"@type\":\"BreadcrumbList\",\"@id\":\"https:\\\/\\\/www.vagadeempregorj.com.br\\\/empregos-lojas-quero-quero\\\/#breadcrumb\",\"itemListElement\":[{\"@type\":\"ListItem\",\"position\":1,\"name\":\"In\u00edcio\",\"item\":\"https:\\\/\\\/www.vagadeempregorj.com.br\\\/\"},{\"@type\":\"ListItem\",\"position\":2,\"name\":\"Vagas de Emprego Nacionais\",\"item\":\"https:\\\/\\\/www.vagadeempregorj.com.br\\\/vagas-de-emprego-nacionais\\\/\"},{\"@type\":\"ListItem\",\"position\":3,\"name\":\"Montador de M\u00f3veis, Analistas, Auxiliar Administrativo, Motorista, Caixa, Servente e muito mais na Empresa Lojas Quero-Quero\"}]},{\"@type\":\"WebSite\",\"@id\":\"https:\\\/\\\/www.vagadeempregorj.com.br\\\/#website\",\"url\":\"https:\\\/\\\/www.vagadeempregorj.com.br\\\/\",\"name\":\"\",\"description\":\"Conquiste Sonhos: Vagas, Benef\u00edcios e Economia para Transformar Vidas e Alcan\u00e7ar Melhorias Cotidianas\",\"potentialAction\":[{\"@type\":\"SearchAction\",\"target\":{\"@type\":\"EntryPoint\",\"urlTemplate\":\"https:\\\/\\\/www.vagadeempregorj.com.br\\\/?s={search_term_string}\"},\"query-input\":{\"@type\":\"PropertyValueSpecification\",\"valueRequired\":true,\"valueName\":\"search_term_string\"}}],\"inLanguage\":\"ar\"},{\"@type\":\"Person\",\"@id\":\"https:\\\/\\\/www.vagadeempregorj.com.br\\\/#\\\/schema\\\/person\\\/3ddb19fa0539706786e502152f3aae95\",\"name\":\"Michele\",\"image\":{\"@type\":\"ImageObject\",\"inLanguage\":\"ar\",\"@id\":\"https:\\\/\\\/secure.gravatar.com\\\/avatar\\\/6b0eb9d22841282815e2cd856a0061c45e1761cd54b22e952d98c4746939aa85?s=96&r=g\",\"url\":\"https:\\\/\\\/secure.gravatar.com\\\/avatar\\\/6b0eb9d22841282815e2cd856a0061c45e1761cd54b22e952d98c4746939aa85?s=96&r=g\",\"contentUrl\":\"https:\\\/\\\/secure.gravatar.com\\\/avatar\\\/6b0eb9d22841282815e2cd856a0061c45e1761cd54b22e952d98c4746939aa85?s=96&r=g\",\"caption\":\"Michele\"},\"description\":\"Formada em Letras - Portugu\u00eas\\\/ Ingl\u00eas, e idealizadora do site Escritora de Sucesso, busca expandir o conhecimento de todos com informa\u00e7\u00f5es relevantes sobre diversos assuntos, enquanto redatora. No Vaga de Emprego RJ, traz oportunidades e dicas sobre o mercado de trabalho.\",\"url\":\"https:\\\/\\\/www.vagadeempregorj.com.br\\\/ar\\\/author\\\/michele\\\/\"}]}<\/script>\n<!-- \/ Yoast SEO plugin. -->","yoast_head_json":{"title":"Montador de M\u00f3veis, Analistas, Auxiliar Administrativo, Motorista, Caixa, Servente e muito mais na Empresa Lojas Quero-Quero -","description":"Veja em Vagas de Emprego RJ as vagas de emprego com e sem experi\u00eancia no seu Estado e Regi\u00e3o!","robots":{"index":"index","follow":"follow","max-snippet":"max-snippet:-1","max-image-preview":"max-image-preview:large","max-video-preview":"max-video-preview:-1"},"canonical":"https:\/\/www.vagadeempregorj.com.br\/ar\/empregos-lojas-quero-quero\/","og_locale":"ar_AR","og_type":"article","og_title":"Montador de M\u00f3veis, Analistas, Auxiliar Administrativo, Motorista, Caixa, Servente e muito mais na Empresa Lojas Quero-Quero -","og_description":"Veja em Vagas de Emprego RJ as vagas de emprego com e sem experi\u00eancia no seu Estado e Regi\u00e3o!","og_url":"https:\/\/www.vagadeempregorj.com.br\/ar\/empregos-lojas-quero-quero\/","article_publisher":"https:\/\/www.facebook.com\/empregobrasiloficial","article_published_time":"2023-10-03T05:03:00+00:00","og_image":[{"width":389,"height":129,"url":"https:\/\/www.vagadeempregorj.com.br\/wp-content\/uploads\/2022\/11\/empregos-lojas-quero-quero.jpg","type":"image\/jpeg"}],"author":"Michele","twitter_card":"summary_large_image","twitter_misc":{"Written by":"Michele","Est. reading time":"3 \u062f\u0642\u0627\u0626\u0642"},"schema":{"@context":"https:\/\/schema.org","@graph":[{"@type":"Article","@id":"https:\/\/www.vagadeempregorj.com.br\/empregos-lojas-quero-quero\/#article","isPartOf":{"@id":"https:\/\/www.vagadeempregorj.com.br\/empregos-lojas-quero-quero\/"},"author":{"name":"Michele","@id":"https:\/\/www.vagadeempregorj.com.br\/#\/schema\/person\/3ddb19fa0539706786e502152f3aae95"},"headline":"Montador de M\u00f3veis, Analistas, Auxiliar Administrativo, Motorista, Caixa, Servente e muito mais na Empresa Lojas Quero-Quero","datePublished":"2023-10-03T05:03:00+00:00","mainEntityOfPage":{"@id":"https:\/\/www.vagadeempregorj.com.br\/empregos-lojas-quero-quero\/"},"wordCount":625,"commentCount":0,"image":{"@id":"https:\/\/www.vagadeempregorj.com.br\/empregos-lojas-quero-quero\/#primaryimage"},"thumbnailUrl":"https:\/\/www.vagadeempregorj.com.br\/wp-content\/uploads\/2022\/11\/empregos-lojas-quero-quero.jpg","keywords":["Lojas Quero-Quero","oportunidades","vaga de emprego"],"articleSection":["Vagas de Emprego Nacionais"],"inLanguage":"ar","potentialAction":[{"@type":"CommentAction","name":"Comment","target":["https:\/\/www.vagadeempregorj.com.br\/empregos-lojas-quero-quero\/#respond"]}]},{"@type":"WebPage","@id":"https:\/\/www.vagadeempregorj.com.br\/empregos-lojas-quero-quero\/","url":"https:\/\/www.vagadeempregorj.com.br\/empregos-lojas-quero-quero\/","name":"Montador de M\u00f3veis, Analistas, Auxiliar Administrativo, Motorista, Caixa, Servente e muito mais na Empresa Lojas Quero-Quero -","isPartOf":{"@id":"https:\/\/www.vagadeempregorj.com.br\/#website"},"primaryImageOfPage":{"@id":"https:\/\/www.vagadeempregorj.com.br\/empregos-lojas-quero-quero\/#primaryimage"},"image":{"@id":"https:\/\/www.vagadeempregorj.com.br\/empregos-lojas-quero-quero\/#primaryimage"},"thumbnailUrl":"https:\/\/www.vagadeempregorj.com.br\/wp-content\/uploads\/2022\/11\/empregos-lojas-quero-quero.jpg","datePublished":"2023-10-03T05:03:00+00:00","author":{"@id":"https:\/\/www.vagadeempregorj.com.br\/#\/schema\/person\/3ddb19fa0539706786e502152f3aae95"},"description":"Veja em Vagas de Emprego RJ as vagas de emprego com e sem experi\u00eancia no seu Estado e Regi\u00e3o!","breadcrumb":{"@id":"https:\/\/www.vagadeempregorj.com.br\/empregos-lojas-quero-quero\/#breadcrumb"},"inLanguage":"ar","potentialAction":[{"@type":"ReadAction","target":["https:\/\/www.vagadeempregorj.com.br\/empregos-lojas-quero-quero\/"]}]},{"@type":"ImageObject","inLanguage":"ar","@id":"https:\/\/www.vagadeempregorj.com.br\/empregos-lojas-quero-quero\/#primaryimage","url":"https:\/\/www.vagadeempregorj.com.br\/wp-content\/uploads\/2022\/11\/empregos-lojas-quero-quero.jpg","contentUrl":"https:\/\/www.vagadeempregorj.com.br\/wp-content\/uploads\/2022\/11\/empregos-lojas-quero-quero.jpg","width":389,"height":129,"caption":"Imagem: Lojas Quero-Quero - Reprodu\u00e7\u00e3o"},{"@type":"BreadcrumbList","@id":"https:\/\/www.vagadeempregorj.com.br\/empregos-lojas-quero-quero\/#breadcrumb","itemListElement":[{"@type":"ListItem","position":1,"name":"In\u00edcio","item":"https:\/\/www.vagadeempregorj.com.br\/"},{"@type":"ListItem","position":2,"name":"Vagas de Emprego Nacionais","item":"https:\/\/www.vagadeempregorj.com.br\/vagas-de-emprego-nacionais\/"},{"@type":"ListItem","position":3,"name":"Montador de M\u00f3veis, Analistas, Auxiliar Administrativo, Motorista, Caixa, Servente e muito mais na Empresa Lojas Quero-Quero"}]},{"@type":"WebSite","@id":"https:\/\/www.vagadeempregorj.com.br\/#website","url":"https:\/\/www.vagadeempregorj.com.br\/","name":"","description":"Conquiste Sonhos: Vagas, Benef\u00edcios e Economia para Transformar Vidas e Alcan\u00e7ar Melhorias Cotidianas","potentialAction":[{"@type":"SearchAction","target":{"@type":"EntryPoint","urlTemplate":"https:\/\/www.vagadeempregorj.com.br\/?s={search_term_string}"},"query-input":{"@type":"PropertyValueSpecification","valueRequired":true,"valueName":"search_term_string"}}],"inLanguage":"ar"},{"@type":"Person","@id":"https:\/\/www.vagadeempregorj.com.br\/#\/schema\/person\/3ddb19fa0539706786e502152f3aae95","name":"Michele","image":{"@type":"ImageObject","inLanguage":"ar","@id":"https:\/\/secure.gravatar.com\/avatar\/6b0eb9d22841282815e2cd856a0061c45e1761cd54b22e952d98c4746939aa85?s=96&r=g","url":"https:\/\/secure.gravatar.com\/avatar\/6b0eb9d22841282815e2cd856a0061c45e1761cd54b22e952d98c4746939aa85?s=96&r=g","contentUrl":"https:\/\/secure.gravatar.com\/avatar\/6b0eb9d22841282815e2cd856a0061c45e1761cd54b22e952d98c4746939aa85?s=96&r=g","caption":"Michele"},"description":"Formada em Letras - Portugu\u00eas\/ Ingl\u00eas, e idealizadora do site Escritora de Sucesso, busca expandir o conhecimento de todos com informa\u00e7\u00f5es relevantes sobre diversos assuntos, enquanto redatora. No Vaga de Emprego RJ, traz oportunidades e dicas sobre o mercado de trabalho.","url":"https:\/\/www.vagadeempregorj.com.br\/ar\/author\/michele\/"}]}},"_links":{"self":[{"href":"https:\/\/www.vagadeempregorj.com.br\/ar\/wp-json\/wp\/v2\/posts\/36265","targetHints":{"allow":["GET"]}}],"collection":[{"href":"https:\/\/www.vagadeempregorj.com.br\/ar\/wp-json\/wp\/v2\/posts"}],"about":[{"href":"https:\/\/www.vagadeempregorj.com.br\/ar\/wp-json\/wp\/v2\/types\/post"}],"author":[{"embeddable":true,"href":"https:\/\/www.vagadeempregorj.com.br\/ar\/wp-json\/wp\/v2\/users\/16"}],"replies":[{"embeddable":true,"href":"https:\/\/www.vagadeempregorj.com.br\/ar\/wp-json\/wp\/v2\/comments?post=36265"}],"version-history":[{"count":0,"href":"https:\/\/www.vagadeempregorj.com.br\/ar\/wp-json\/wp\/v2\/posts\/36265\/revisions"}],"wp:featuredmedia":[{"embeddable":true,"href":"https:\/\/www.vagadeempregorj.com.br\/ar\/wp-json\/wp\/v2\/media\/36272"}],"wp:attachment":[{"href":"https:\/\/www.vagadeempregorj.com.br\/ar\/wp-json\/wp\/v2\/media?parent=36265"}],"wp:term":[{"taxonomy":"category","embeddable":true,"href":"https:\/\/www.vagadeempregorj.com.br\/ar\/wp-json\/wp\/v2\/categories?post=36265"},{"taxonomy":"post_tag","embeddable":true,"href":"https:\/\/www.vagadeempregorj.com.br\/ar\/wp-json\/wp\/v2\/tags?post=36265"}],"curies":[{"name":"wp","href":"https:\/\/api.w.org\/{rel}","templated":true}]}}