{"id":36688,"date":"2023-11-03T00:01:00","date_gmt":"2023-11-03T03:01:00","guid":{"rendered":"https:\/\/www.vagadeempregorj.com.br\/?p=36688"},"modified":"2023-11-02T12:02:48","modified_gmt":"2023-11-02T15:02:48","slug":"empregos-ferramentas-gerais","status":"publish","type":"post","link":"https:\/\/www.vagadeempregorj.com.br\/ar\/empregos-ferramentas-gerais\/","title":{"rendered":"Vendedor Interno, Fiscal de Loja, Auxiliar de Log\u00edstica PCD, Auxiliar de Manuten\u00e7\u00e3o, Caixa Operador, Jovem Aprendiz e muito mais na Empresa Ferramentas Gerais"},"content":{"rendered":"<p>Atualizado em<\/p>\n\n\n<div class=\"wp-block-post-date\"><time datetime=\"2023-11-03T00:01:00-03:00\">03\/11\/2023<\/time><\/div>\n\n\n<p>Os <strong>Empregos Ferramentas Gerais<\/strong> contam com muitos benef\u00edcios. Com mais de sessenta anos de tradi\u00e7\u00e3o e experi\u00eancia, a empresa oferece produtos das principais marcas do mercado, presentes h\u00e1 muitos anos no trabalho e n\u00facleo de of\u00edcios e profissionais em diversos ramos de atividade. Possuem uma opera\u00e7\u00e3o log\u00edstica de ponta com m\u00e1xima pontualidade, rapidez e efici\u00eancia na entrega em todo o Brasil. <\/p>\n\n\n\n<p>Prestam tamb\u00e9m o melhor servi\u00e7o \u00e0 ind\u00fastria, aos profissionais e ao p\u00fablico das diversas \u00e1reas de neg\u00f3cio, com lojas, promotores de vendas internos e externos em todo o pa\u00eds. Por isso, a empresa \u00e9 l\u00edder nacional em seu segmento e \u00e9 refer\u00eancia por sua estrutura moderna e profissional e pela mais ampla gama de insumos, ferramentas e equipamentos para trabalhos profissionais e industriais.&nbsp;<\/p>\n\n\n\n<figure class=\"wp-block-image size-large\"><img loading=\"lazy\" decoding=\"async\" width=\"1024\" height=\"579\" src=\"https:\/\/www.vagadeempregorj.com.br\/wp-content\/uploads\/2022\/12\/empregos-Ferramentas-Gerais-1024x579.jpg\" alt=\"empregos Ferramentas Gerais\" class=\"wp-image-36691\" srcset=\"https:\/\/www.vagadeempregorj.com.br\/wp-content\/uploads\/2022\/12\/empregos-Ferramentas-Gerais-1024x579.jpg 1024w, https:\/\/www.vagadeempregorj.com.br\/wp-content\/uploads\/2022\/12\/empregos-Ferramentas-Gerais-300x170.jpg 300w, https:\/\/www.vagadeempregorj.com.br\/wp-content\/uploads\/2022\/12\/empregos-Ferramentas-Gerais-768x434.jpg 768w, https:\/\/www.vagadeempregorj.com.br\/wp-content\/uploads\/2022\/12\/empregos-Ferramentas-Gerais-1536x868.jpg 1536w, https:\/\/www.vagadeempregorj.com.br\/wp-content\/uploads\/2022\/12\/empregos-Ferramentas-Gerais-150x85.jpg 150w, https:\/\/www.vagadeempregorj.com.br\/wp-content\/uploads\/2022\/12\/empregos-Ferramentas-Gerais.jpg 1592w\" sizes=\"auto, (max-width: 1024px) 100vw, 1024px\" \/><figcaption class=\"wp-element-caption\">Imagem: Ferramentas Gerais &#8211; Reprodu\u00e7\u00e3o<\/figcaption><\/figure>\n\n\n\n<h2 class=\"wp-block-heading\">Conhe\u00e7a os Empregos Ferramentas Gerais<\/h2>\n\n\n\n<p>H\u00e1 vagas para Jovem Aprendiz quem tenham entre 18 a 21 anos com Ensino M\u00e9dio completo ou cursando, \u00e9 preciso ter carteira de trabalho e no caso dos homens a de reservista. As vagas s\u00e3o abertas para pessoas com defici\u00eancia e nem todas exigem experi\u00eancia comprovada na \u00e1rea.<\/p>\n\n\n\n<p>\u00c9 oferecido seguro de vida, refeit\u00f3rio no local, plano odontol\u00f3gico, estacionamento ou vale transporte, plano de sa\u00fade, cesta de natal, vale alimenta\u00e7\u00e3o, entre outros dependendo do cargo. Veja a seguir todos os cargos ofertados e saiba em seguida como realizar a sua inscri\u00e7\u00e3o:<\/p>\n\n\n\n<ul class=\"wp-block-list\">\n<li>Anl. Cont\u00e1bil;<\/li>\n\n\n\n<li>Vendedor Interno;<\/li>\n\n\n\n<li>Anl. de RH;<\/li>\n\n\n\n<li>Fiscal de Loja;<\/li>\n\n\n\n<li>Aux. de Log\u00edstica \u2013 PCD;<\/li>\n\n\n\n<li>Promotor de Vendas Externas;<\/li>\n\n\n\n<li>Aux. de Manuten\u00e7\u00e3o;<\/li>\n\n\n\n<li>Jovem Aprendiz;<\/li>\n\n\n\n<li>Caixa Operador;<\/li>\n\n\n\n<li>Espec. de Produto.<\/li>\n<\/ul>\n\n\n\n<h3 class=\"wp-block-heading\">Como se candidatar<\/h3>\n\n\n\n<p>Para enviar a sua candidatura para uma das oportunidades divulgadas acima \u00e9 preciso participar do processo de recrutamento que \u00e9 feito atrav\u00e9s do link abaixo:<\/p>\n\n\n\n<ul class=\"wp-block-list\">\n<li><a href=\"https:\/\/ferramentasgerais.gupy.io\/\">Vagas Ferramentas Gerais.<\/a><\/li>\n<\/ul>\n\n\n\n<p>Em seguida, fa\u00e7a o seu cadastro na plataforma para n\u00e3o perder nenhuma outra oportunidade que aparecer.<\/p>\n\n\n\n<p><strong>Veja tamb\u00e9m: <a href=\"https:\/\/www.vagadeempregorj.com.br\/ar\/empregos-gentil-negocios\/\">Vendedora, Operadora de Caixa, Auxiliar de Estoque, Jovem Aprendiz, Est\u00e1gios, Analistas e muito mais na Empresa Gentil Neg\u00f3cios<\/a><\/strong><\/p>\n\n\n\n<h2 class=\"wp-block-heading\">Sobre a Ferramentas Gerais<\/h2>\n\n\n\n<p>Se voc\u00ea se identifica com uma companhia que possui reconhecimento nacional pelo que faz e se orgulha de sua alta qualidade e excel\u00eancia no trabalho, ent\u00e3o voc\u00ea est\u00e1 na FG! Eles procuram profissionais que, como eles, acreditam que grandes neg\u00f3cios se constroem com atendimento personalizado, efici\u00eancia e agilidade dos processos e, o mais importante, transpar\u00eancia e confian\u00e7a. Eles proporcionam oportunidades de criar e mudar, usando as ferramentas corretas para fazer crescer a sua gente e os seus resultados!<\/p>\n\n\n\n<p>A empresa tamb\u00e9m possui uma equipe de inspe\u00e7\u00e3o t\u00e9cnica capacitada para realizar treinamentos e demonstra\u00e7\u00f5es de linhas de produ\u00e7\u00e3o e manuten\u00e7\u00e3o, homologa\u00e7\u00f5es de produtos para facilitar o trabalho e um servi\u00e7o de entrega t\u00e9cnica que supervisiona os extensionistas t\u00e9cnicos para montagem adequada e orienta o uso dos equipamentos comercializados.<\/p>\n\n\n\n<p>No in\u00edcio de 2018, a companhia passou a fazer parte do Grupo OVD, um dos maiores e mais tradicionais atacadistas distribuidores do Brasil especializado na comercializa\u00e7\u00e3o de ferragens, ferramentas, m\u00e1quinas e equipamentos para uso profissional e industrial, unindo for\u00e7as com a empresa para agregue ao seu neg\u00f3cio Forte expertise em ferramentas e equipamentos. Por isso, proporcionam n\u00e3o s\u00f3 o melhor atendimento, portf\u00f3lio de produtos e certeza de oportunidades, mas tamb\u00e9m parcerias fortes e duradouras, que prezam pela satisfa\u00e7\u00e3o de seus parceiros e clientes.&nbsp;<\/p>","protected":false},"excerpt":{"rendered":"<p>Atualizado em Os Empregos Ferramentas Gerais contam com muitos benef\u00edcios. Com mais de sessenta anos de tradi\u00e7\u00e3o e experi\u00eancia, a empresa oferece produtos das principais marcas do mercado, presentes h\u00e1 muitos anos no trabalho e n\u00facleo de of\u00edcios e profissionais em diversos ramos de atividade. Possuem uma opera\u00e7\u00e3o log\u00edstica de ponta com m\u00e1xima pontualidade, rapidez&hellip;&nbsp;<\/p>","protected":false},"author":16,"featured_media":36691,"comment_status":"closed","ping_status":"closed","sticky":false,"template":"","format":"standard","meta":{"neve_meta_sidebar":"","neve_meta_container":"","neve_meta_enable_content_width":"","neve_meta_content_width":0,"neve_meta_title_alignment":"","neve_meta_author_avatar":"","neve_post_elements_order":"","neve_meta_disable_header":"","neve_meta_disable_footer":"","neve_meta_disable_title":"","footnotes":""},"categories":[123],"tags":[750,608,211],"class_list":["post-36688","post","type-post","status-publish","format-standard","has-post-thumbnail","hentry","category-vagas-de-emprego-nacionais","tag-ferramentas-gerais","tag-oportunidades","tag-vagas-de-emprego"],"yoast_head":"<!-- This site is optimized with the Yoast SEO plugin v27.5 - https:\/\/yoast.com\/product\/yoast-seo-wordpress\/ -->\n<title>Vendedor Interno, Fiscal de Loja, Auxiliar de Log\u00edstica PCD, Auxiliar de Manuten\u00e7\u00e3o, Caixa Operador, Jovem Aprendiz e muito mais na Empresa Ferramentas Gerais -<\/title>\n<meta name=\"description\" content=\"Veja em Vagas de Emprego RJ as vagas de emprego com e sem experi\u00eancia no seu Estado e Regi\u00e3o!\" \/>\n<meta name=\"robots\" content=\"index, follow, max-snippet:-1, max-image-preview:large, max-video-preview:-1\" \/>\n<link rel=\"canonical\" href=\"https:\/\/www.vagadeempregorj.com.br\/ar\/empregos-ferramentas-gerais\/\" \/>\n<meta property=\"og:locale\" content=\"ar_AR\" \/>\n<meta property=\"og:type\" content=\"article\" \/>\n<meta property=\"og:title\" content=\"Vendedor Interno, Fiscal de Loja, Auxiliar de Log\u00edstica PCD, Auxiliar de Manuten\u00e7\u00e3o, Caixa Operador, Jovem Aprendiz e muito mais na Empresa Ferramentas Gerais -\" \/>\n<meta property=\"og:description\" content=\"Veja em Vagas de Emprego RJ as vagas de emprego com e sem experi\u00eancia no seu Estado e Regi\u00e3o!\" \/>\n<meta property=\"og:url\" content=\"https:\/\/www.vagadeempregorj.com.br\/ar\/empregos-ferramentas-gerais\/\" \/>\n<meta property=\"article:publisher\" content=\"https:\/\/www.facebook.com\/empregobrasiloficial\" \/>\n<meta property=\"article:published_time\" content=\"2023-11-03T03:01:00+00:00\" \/>\n<meta property=\"og:image\" content=\"https:\/\/www.vagadeempregorj.com.br\/wp-content\/uploads\/2022\/12\/empregos-Ferramentas-Gerais.jpg\" \/>\n\t<meta property=\"og:image:width\" content=\"1592\" \/>\n\t<meta property=\"og:image:height\" content=\"900\" \/>\n\t<meta property=\"og:image:type\" content=\"image\/jpeg\" \/>\n<meta name=\"author\" content=\"Michele\" \/>\n<meta name=\"twitter:card\" content=\"summary_large_image\" \/>\n<meta name=\"twitter:label1\" content=\"\u0643\u064f\u062a\u0628 \u0628\u0648\u0627\u0633\u0637\u0629\" \/>\n\t<meta name=\"twitter:data1\" content=\"Michele\" \/>\n\t<meta name=\"twitter:label2\" content=\"\u0648\u0642\u062a \u0627\u0644\u0642\u0631\u0627\u0621\u0629 \u0627\u0644\u0645\u064f\u0642\u062f\u0651\u0631\" \/>\n\t<meta name=\"twitter:data2\" content=\"3 \u062f\u0642\u0627\u0626\u0642\" \/>\n<script type=\"application\/ld+json\" class=\"yoast-schema-graph\">{\"@context\":\"https:\\\/\\\/schema.org\",\"@graph\":[{\"@type\":\"Article\",\"@id\":\"https:\\\/\\\/www.vagadeempregorj.com.br\\\/empregos-ferramentas-gerais\\\/#article\",\"isPartOf\":{\"@id\":\"https:\\\/\\\/www.vagadeempregorj.com.br\\\/empregos-ferramentas-gerais\\\/\"},\"author\":{\"name\":\"Michele\",\"@id\":\"https:\\\/\\\/www.vagadeempregorj.com.br\\\/#\\\/schema\\\/person\\\/3ddb19fa0539706786e502152f3aae95\"},\"headline\":\"Vendedor Interno, Fiscal de Loja, Auxiliar de Log\u00edstica PCD, Auxiliar de Manuten\u00e7\u00e3o, Caixa Operador, Jovem Aprendiz e muito mais na Empresa Ferramentas Gerais\",\"datePublished\":\"2023-11-03T03:01:00+00:00\",\"mainEntityOfPage\":{\"@id\":\"https:\\\/\\\/www.vagadeempregorj.com.br\\\/empregos-ferramentas-gerais\\\/\"},\"wordCount\":615,\"image\":{\"@id\":\"https:\\\/\\\/www.vagadeempregorj.com.br\\\/empregos-ferramentas-gerais\\\/#primaryimage\"},\"thumbnailUrl\":\"https:\\\/\\\/www.vagadeempregorj.com.br\\\/wp-content\\\/uploads\\\/2022\\\/12\\\/empregos-Ferramentas-Gerais.jpg\",\"keywords\":[\"Ferramentas Gerais\",\"oportunidades\",\"vagas de emprego\"],\"articleSection\":[\"Vagas de Emprego Nacionais\"],\"inLanguage\":\"ar\"},{\"@type\":\"WebPage\",\"@id\":\"https:\\\/\\\/www.vagadeempregorj.com.br\\\/empregos-ferramentas-gerais\\\/\",\"url\":\"https:\\\/\\\/www.vagadeempregorj.com.br\\\/empregos-ferramentas-gerais\\\/\",\"name\":\"Vendedor Interno, Fiscal de Loja, Auxiliar de Log\u00edstica PCD, Auxiliar de Manuten\u00e7\u00e3o, Caixa Operador, Jovem Aprendiz e muito mais na Empresa Ferramentas Gerais -\",\"isPartOf\":{\"@id\":\"https:\\\/\\\/www.vagadeempregorj.com.br\\\/#website\"},\"primaryImageOfPage\":{\"@id\":\"https:\\\/\\\/www.vagadeempregorj.com.br\\\/empregos-ferramentas-gerais\\\/#primaryimage\"},\"image\":{\"@id\":\"https:\\\/\\\/www.vagadeempregorj.com.br\\\/empregos-ferramentas-gerais\\\/#primaryimage\"},\"thumbnailUrl\":\"https:\\\/\\\/www.vagadeempregorj.com.br\\\/wp-content\\\/uploads\\\/2022\\\/12\\\/empregos-Ferramentas-Gerais.jpg\",\"datePublished\":\"2023-11-03T03:01:00+00:00\",\"author\":{\"@id\":\"https:\\\/\\\/www.vagadeempregorj.com.br\\\/#\\\/schema\\\/person\\\/3ddb19fa0539706786e502152f3aae95\"},\"description\":\"Veja em Vagas de Emprego RJ as vagas de emprego com e sem experi\u00eancia no seu Estado e Regi\u00e3o!\",\"breadcrumb\":{\"@id\":\"https:\\\/\\\/www.vagadeempregorj.com.br\\\/empregos-ferramentas-gerais\\\/#breadcrumb\"},\"inLanguage\":\"ar\",\"potentialAction\":[{\"@type\":\"ReadAction\",\"target\":[\"https:\\\/\\\/www.vagadeempregorj.com.br\\\/empregos-ferramentas-gerais\\\/\"]}]},{\"@type\":\"ImageObject\",\"inLanguage\":\"ar\",\"@id\":\"https:\\\/\\\/www.vagadeempregorj.com.br\\\/empregos-ferramentas-gerais\\\/#primaryimage\",\"url\":\"https:\\\/\\\/www.vagadeempregorj.com.br\\\/wp-content\\\/uploads\\\/2022\\\/12\\\/empregos-Ferramentas-Gerais.jpg\",\"contentUrl\":\"https:\\\/\\\/www.vagadeempregorj.com.br\\\/wp-content\\\/uploads\\\/2022\\\/12\\\/empregos-Ferramentas-Gerais.jpg\",\"width\":1592,\"height\":900,\"caption\":\"Imagem: Ferramentas Gerais - Reprodu\u00e7\u00e3o\"},{\"@type\":\"BreadcrumbList\",\"@id\":\"https:\\\/\\\/www.vagadeempregorj.com.br\\\/empregos-ferramentas-gerais\\\/#breadcrumb\",\"itemListElement\":[{\"@type\":\"ListItem\",\"position\":1,\"name\":\"In\u00edcio\",\"item\":\"https:\\\/\\\/www.vagadeempregorj.com.br\\\/\"},{\"@type\":\"ListItem\",\"position\":2,\"name\":\"Vagas de Emprego Nacionais\",\"item\":\"https:\\\/\\\/www.vagadeempregorj.com.br\\\/vagas-de-emprego-nacionais\\\/\"},{\"@type\":\"ListItem\",\"position\":3,\"name\":\"Vendedor Interno, Fiscal de Loja, Auxiliar de Log\u00edstica PCD, Auxiliar de Manuten\u00e7\u00e3o, Caixa Operador, Jovem Aprendiz e muito mais na Empresa Ferramentas Gerais\"}]},{\"@type\":\"WebSite\",\"@id\":\"https:\\\/\\\/www.vagadeempregorj.com.br\\\/#website\",\"url\":\"https:\\\/\\\/www.vagadeempregorj.com.br\\\/\",\"name\":\"\",\"description\":\"Conquiste Sonhos: Vagas, Benef\u00edcios e Economia para Transformar Vidas e Alcan\u00e7ar Melhorias Cotidianas\",\"potentialAction\":[{\"@type\":\"SearchAction\",\"target\":{\"@type\":\"EntryPoint\",\"urlTemplate\":\"https:\\\/\\\/www.vagadeempregorj.com.br\\\/?s={search_term_string}\"},\"query-input\":{\"@type\":\"PropertyValueSpecification\",\"valueRequired\":true,\"valueName\":\"search_term_string\"}}],\"inLanguage\":\"ar\"},{\"@type\":\"Person\",\"@id\":\"https:\\\/\\\/www.vagadeempregorj.com.br\\\/#\\\/schema\\\/person\\\/3ddb19fa0539706786e502152f3aae95\",\"name\":\"Michele\",\"image\":{\"@type\":\"ImageObject\",\"inLanguage\":\"ar\",\"@id\":\"https:\\\/\\\/secure.gravatar.com\\\/avatar\\\/6b0eb9d22841282815e2cd856a0061c45e1761cd54b22e952d98c4746939aa85?s=96&r=g\",\"url\":\"https:\\\/\\\/secure.gravatar.com\\\/avatar\\\/6b0eb9d22841282815e2cd856a0061c45e1761cd54b22e952d98c4746939aa85?s=96&r=g\",\"contentUrl\":\"https:\\\/\\\/secure.gravatar.com\\\/avatar\\\/6b0eb9d22841282815e2cd856a0061c45e1761cd54b22e952d98c4746939aa85?s=96&r=g\",\"caption\":\"Michele\"},\"description\":\"Formada em Letras - Portugu\u00eas\\\/ Ingl\u00eas, e idealizadora do site Escritora de Sucesso, busca expandir o conhecimento de todos com informa\u00e7\u00f5es relevantes sobre diversos assuntos, enquanto redatora. No Vaga de Emprego RJ, traz oportunidades e dicas sobre o mercado de trabalho.\",\"url\":\"https:\\\/\\\/www.vagadeempregorj.com.br\\\/ar\\\/author\\\/michele\\\/\"}]}<\/script>\n<!-- \/ Yoast SEO plugin. -->","yoast_head_json":{"title":"Vendedor Interno, Fiscal de Loja, Auxiliar de Log\u00edstica PCD, Auxiliar de Manuten\u00e7\u00e3o, Caixa Operador, Jovem Aprendiz e muito mais na Empresa Ferramentas Gerais -","description":"Veja em Vagas de Emprego RJ as vagas de emprego com e sem experi\u00eancia no seu Estado e Regi\u00e3o!","robots":{"index":"index","follow":"follow","max-snippet":"max-snippet:-1","max-image-preview":"max-image-preview:large","max-video-preview":"max-video-preview:-1"},"canonical":"https:\/\/www.vagadeempregorj.com.br\/ar\/empregos-ferramentas-gerais\/","og_locale":"ar_AR","og_type":"article","og_title":"Vendedor Interno, Fiscal de Loja, Auxiliar de Log\u00edstica PCD, Auxiliar de Manuten\u00e7\u00e3o, Caixa Operador, Jovem Aprendiz e muito mais na Empresa Ferramentas Gerais -","og_description":"Veja em Vagas de Emprego RJ as vagas de emprego com e sem experi\u00eancia no seu Estado e Regi\u00e3o!","og_url":"https:\/\/www.vagadeempregorj.com.br\/ar\/empregos-ferramentas-gerais\/","article_publisher":"https:\/\/www.facebook.com\/empregobrasiloficial","article_published_time":"2023-11-03T03:01:00+00:00","og_image":[{"width":1592,"height":900,"url":"https:\/\/www.vagadeempregorj.com.br\/wp-content\/uploads\/2022\/12\/empregos-Ferramentas-Gerais.jpg","type":"image\/jpeg"}],"author":"Michele","twitter_card":"summary_large_image","twitter_misc":{"\u0643\u064f\u062a\u0628 \u0628\u0648\u0627\u0633\u0637\u0629":"Michele","\u0648\u0642\u062a \u0627\u0644\u0642\u0631\u0627\u0621\u0629 \u0627\u0644\u0645\u064f\u0642\u062f\u0651\u0631":"3 \u062f\u0642\u0627\u0626\u0642"},"schema":{"@context":"https:\/\/schema.org","@graph":[{"@type":"Article","@id":"https:\/\/www.vagadeempregorj.com.br\/empregos-ferramentas-gerais\/#article","isPartOf":{"@id":"https:\/\/www.vagadeempregorj.com.br\/empregos-ferramentas-gerais\/"},"author":{"name":"Michele","@id":"https:\/\/www.vagadeempregorj.com.br\/#\/schema\/person\/3ddb19fa0539706786e502152f3aae95"},"headline":"Vendedor Interno, Fiscal de Loja, Auxiliar de Log\u00edstica PCD, Auxiliar de Manuten\u00e7\u00e3o, Caixa Operador, Jovem Aprendiz e muito mais na Empresa Ferramentas Gerais","datePublished":"2023-11-03T03:01:00+00:00","mainEntityOfPage":{"@id":"https:\/\/www.vagadeempregorj.com.br\/empregos-ferramentas-gerais\/"},"wordCount":615,"image":{"@id":"https:\/\/www.vagadeempregorj.com.br\/empregos-ferramentas-gerais\/#primaryimage"},"thumbnailUrl":"https:\/\/www.vagadeempregorj.com.br\/wp-content\/uploads\/2022\/12\/empregos-Ferramentas-Gerais.jpg","keywords":["Ferramentas Gerais","oportunidades","vagas de emprego"],"articleSection":["Vagas de Emprego Nacionais"],"inLanguage":"ar"},{"@type":"WebPage","@id":"https:\/\/www.vagadeempregorj.com.br\/empregos-ferramentas-gerais\/","url":"https:\/\/www.vagadeempregorj.com.br\/empregos-ferramentas-gerais\/","name":"Vendedor Interno, Fiscal de Loja, Auxiliar de Log\u00edstica PCD, Auxiliar de Manuten\u00e7\u00e3o, Caixa Operador, Jovem Aprendiz e muito mais na Empresa Ferramentas Gerais -","isPartOf":{"@id":"https:\/\/www.vagadeempregorj.com.br\/#website"},"primaryImageOfPage":{"@id":"https:\/\/www.vagadeempregorj.com.br\/empregos-ferramentas-gerais\/#primaryimage"},"image":{"@id":"https:\/\/www.vagadeempregorj.com.br\/empregos-ferramentas-gerais\/#primaryimage"},"thumbnailUrl":"https:\/\/www.vagadeempregorj.com.br\/wp-content\/uploads\/2022\/12\/empregos-Ferramentas-Gerais.jpg","datePublished":"2023-11-03T03:01:00+00:00","author":{"@id":"https:\/\/www.vagadeempregorj.com.br\/#\/schema\/person\/3ddb19fa0539706786e502152f3aae95"},"description":"Veja em Vagas de Emprego RJ as vagas de emprego com e sem experi\u00eancia no seu Estado e Regi\u00e3o!","breadcrumb":{"@id":"https:\/\/www.vagadeempregorj.com.br\/empregos-ferramentas-gerais\/#breadcrumb"},"inLanguage":"ar","potentialAction":[{"@type":"ReadAction","target":["https:\/\/www.vagadeempregorj.com.br\/empregos-ferramentas-gerais\/"]}]},{"@type":"ImageObject","inLanguage":"ar","@id":"https:\/\/www.vagadeempregorj.com.br\/empregos-ferramentas-gerais\/#primaryimage","url":"https:\/\/www.vagadeempregorj.com.br\/wp-content\/uploads\/2022\/12\/empregos-Ferramentas-Gerais.jpg","contentUrl":"https:\/\/www.vagadeempregorj.com.br\/wp-content\/uploads\/2022\/12\/empregos-Ferramentas-Gerais.jpg","width":1592,"height":900,"caption":"Imagem: Ferramentas Gerais - Reprodu\u00e7\u00e3o"},{"@type":"BreadcrumbList","@id":"https:\/\/www.vagadeempregorj.com.br\/empregos-ferramentas-gerais\/#breadcrumb","itemListElement":[{"@type":"ListItem","position":1,"name":"In\u00edcio","item":"https:\/\/www.vagadeempregorj.com.br\/"},{"@type":"ListItem","position":2,"name":"Vagas de Emprego Nacionais","item":"https:\/\/www.vagadeempregorj.com.br\/vagas-de-emprego-nacionais\/"},{"@type":"ListItem","position":3,"name":"Vendedor Interno, Fiscal de Loja, Auxiliar de Log\u00edstica PCD, Auxiliar de Manuten\u00e7\u00e3o, Caixa Operador, Jovem Aprendiz e muito mais na Empresa Ferramentas Gerais"}]},{"@type":"WebSite","@id":"https:\/\/www.vagadeempregorj.com.br\/#website","url":"https:\/\/www.vagadeempregorj.com.br\/","name":"","description":"\u062a\u062d\u0642\u064a\u0642 \u0627\u0644\u0623\u062d\u0644\u0627\u0645: \u0641\u0631\u0635 \u0639\u0645\u0644\u060c \u0645\u0632\u0627\u064a\u0627\u060c \u0648\u062a\u0648\u0641\u064a\u0631\u0627\u062a \u0644\u062a\u063a\u064a\u064a\u0631 \u0627\u0644\u062d\u064a\u0627\u0629 \u0648\u062a\u062d\u0642\u064a\u0642 \u062a\u062d\u0633\u064a\u0646\u0627\u062a \u064a\u0648\u0645\u064a\u0629","potentialAction":[{"@type":"SearchAction","target":{"@type":"EntryPoint","urlTemplate":"https:\/\/www.vagadeempregorj.com.br\/?s={search_term_string}"},"query-input":{"@type":"PropertyValueSpecification","valueRequired":true,"valueName":"search_term_string"}}],"inLanguage":"ar"},{"@type":"Person","@id":"https:\/\/www.vagadeempregorj.com.br\/#\/schema\/person\/3ddb19fa0539706786e502152f3aae95","name":"Michele","image":{"@type":"ImageObject","inLanguage":"ar","@id":"https:\/\/secure.gravatar.com\/avatar\/6b0eb9d22841282815e2cd856a0061c45e1761cd54b22e952d98c4746939aa85?s=96&r=g","url":"https:\/\/secure.gravatar.com\/avatar\/6b0eb9d22841282815e2cd856a0061c45e1761cd54b22e952d98c4746939aa85?s=96&r=g","contentUrl":"https:\/\/secure.gravatar.com\/avatar\/6b0eb9d22841282815e2cd856a0061c45e1761cd54b22e952d98c4746939aa85?s=96&r=g","caption":"Michele"},"description":"Formada em Letras - Portugu\u00eas\/ Ingl\u00eas, e idealizadora do site Escritora de Sucesso, busca expandir o conhecimento de todos com informa\u00e7\u00f5es relevantes sobre diversos assuntos, enquanto redatora. No Vaga de Emprego RJ, traz oportunidades e dicas sobre o mercado de trabalho.","url":"https:\/\/www.vagadeempregorj.com.br\/ar\/author\/michele\/"}]}},"_links":{"self":[{"href":"https:\/\/www.vagadeempregorj.com.br\/ar\/wp-json\/wp\/v2\/posts\/36688","targetHints":{"allow":["GET"]}}],"collection":[{"href":"https:\/\/www.vagadeempregorj.com.br\/ar\/wp-json\/wp\/v2\/posts"}],"about":[{"href":"https:\/\/www.vagadeempregorj.com.br\/ar\/wp-json\/wp\/v2\/types\/post"}],"author":[{"embeddable":true,"href":"https:\/\/www.vagadeempregorj.com.br\/ar\/wp-json\/wp\/v2\/users\/16"}],"replies":[{"embeddable":true,"href":"https:\/\/www.vagadeempregorj.com.br\/ar\/wp-json\/wp\/v2\/comments?post=36688"}],"version-history":[{"count":0,"href":"https:\/\/www.vagadeempregorj.com.br\/ar\/wp-json\/wp\/v2\/posts\/36688\/revisions"}],"wp:featuredmedia":[{"embeddable":true,"href":"https:\/\/www.vagadeempregorj.com.br\/ar\/wp-json\/wp\/v2\/media\/36691"}],"wp:attachment":[{"href":"https:\/\/www.vagadeempregorj.com.br\/ar\/wp-json\/wp\/v2\/media?parent=36688"}],"wp:term":[{"taxonomy":"category","embeddable":true,"href":"https:\/\/www.vagadeempregorj.com.br\/ar\/wp-json\/wp\/v2\/categories?post=36688"},{"taxonomy":"post_tag","embeddable":true,"href":"https:\/\/www.vagadeempregorj.com.br\/ar\/wp-json\/wp\/v2\/tags?post=36688"}],"curies":[{"name":"wp","href":"https:\/\/api.w.org\/{rel}","templated":true}]}}