{"id":36914,"date":"2023-11-08T00:03:00","date_gmt":"2023-11-08T03:03:00","guid":{"rendered":"https:\/\/www.vagadeempregorj.com.br\/?p=36914"},"modified":"2023-12-15T15:15:53","modified_gmt":"2023-12-15T18:15:53","slug":"empregos-comfrio","status":"publish","type":"post","link":"https:\/\/www.vagadeempregorj.com.br\/ar\/empregos-comfrio\/","title":{"rendered":"Motoristas, Analistas, Auxiliar de Opera\u00e7\u00f5es, Conferente, Assistente Administrativo, Estoquista, Jovem Aprendiz e muito mais na Empresa Comfrio"},"content":{"rendered":"<p>Atualizado em<\/p>\n\n\n<div class=\"wp-block-post-date\"><time datetime=\"2023-11-08T00:03:00-03:00\">08\/11\/2023<\/time><\/div>\n\n\n<p>Os<strong> Empregos Comfrio<\/strong> contam com muitos benef\u00edcios, visto que \u00e9 a maior empresa de intelig\u00eancia do Brasil para solu\u00e7\u00f5es log\u00edsticas de frio para cadeia de alimentos e agroneg\u00f3cios. Desenvolvem solu\u00e7\u00f5es log\u00edsticas inteligentes, desde a distribui\u00e7\u00e3o de sementes no agroneg\u00f3cio at\u00e9 restaurantes food service, prometem que o seu servi\u00e7o de qualidade trar\u00e1 resultados positivos para os seus clientes.<\/p>\n\n\n\n<figure class=\"wp-block-image size-full\"><img loading=\"lazy\" decoding=\"async\" width=\"300\" height=\"300\" src=\"https:\/\/www.vagadeempregorj.com.br\/wp-content\/uploads\/2022\/12\/empregos-Comfrio.png\" alt=\"empregos Comfrio\" class=\"wp-image-36936\" srcset=\"https:\/\/www.vagadeempregorj.com.br\/wp-content\/uploads\/2022\/12\/empregos-Comfrio.png 300w, https:\/\/www.vagadeempregorj.com.br\/wp-content\/uploads\/2022\/12\/empregos-Comfrio-150x150.png 150w, https:\/\/www.vagadeempregorj.com.br\/wp-content\/uploads\/2022\/12\/empregos-Comfrio-96x96.png 96w\" sizes=\"auto, (max-width: 300px) 100vw, 300px\" \/><figcaption class=\"wp-element-caption\">Imagem: Comfrio &#8211; Reprodu\u00e7\u00e3o<\/figcaption><\/figure>\n\n\n\n<h2 class=\"wp-block-heading\">Conhe\u00e7a todas as vagas de Empregos Comfrio divulgadas<\/h2>\n\n\n\n<p>H\u00e1 oportunidades para Jovem Aprendiz que tenham o Ensino Fundamental incompleto. Algumas vagas n\u00e3o exigem experi\u00eancia, apenas Ensino M\u00e9dio completo e no\u00e7\u00f5es de inform\u00e1tica b\u00e1sica. Elas est\u00e3o distribu\u00eddas em v\u00e1rias regi\u00f5es do pa\u00eds.<\/p>\n\n\n\n<p>\u00c9 oferecido diversos benef\u00edcios como, por exemplo, Universidade Corporativa, refei\u00e7\u00e3o, empr\u00e9stimo consignado, vale alimenta\u00e7\u00e3o, seguro de vida, assist\u00eancia m\u00e9dica, convenio farm\u00e1cia e assist\u00eancia odontol\u00f3gica. Veja a seguir todas as fun\u00e7\u00f5es anunciadas e descubra como fazer a sua inscri\u00e7\u00e3o em seguida:<\/p>\n\n\n\n<ul class=\"wp-block-list\">\n<li>L\u00edder de Opera\u00e7\u00f5es;<\/li>\n\n\n\n<li>Anl. de Neg\u00f3cios Protheus S\u00eanior;<\/li>\n\n\n\n<li>Tec. Seguran\u00e7a Trabalho Pleno;<\/li>\n\n\n\n<li>Anl. Estoque Junior;<\/li>\n\n\n\n<li>Motorista Toco;<\/li>\n\n\n\n<li>Anl. PCL Junior;<\/li>\n\n\n\n<li>Superv. Opera\u00e7\u00f5es;<\/li>\n\n\n\n<li>Anl. Transporte Pleno;<\/li>\n\n\n\n<li>Motorista Truck;<\/li>\n\n\n\n<li>Ass. Administrativo;<\/li>\n\n\n\n<li>Op. Empilhadeira;<\/li>\n\n\n\n<li>Ass. Estoque;<\/li>\n\n\n\n<li>Op. de Refrigera\u00e7\u00e3o I Manuten\u00e7\u00e3o equipamentos para armaz\u00e9m frigorificado;<\/li>\n\n\n\n<li>Ass. de Planejamento Controle Log\u00edstico;<\/li>\n\n\n\n<li>Conferente;<\/li>\n\n\n\n<li>Ass. Qualidade;<\/li>\n\n\n\n<li>Motorista Carreteiro;<\/li>\n\n\n\n<li>Ass. Transporte;<\/li>\n\n\n\n<li>Estoquista;<\/li>\n\n\n\n<li>Aux. Administrativo;<\/li>\n\n\n\n<li>Mec\u00e2nico Refrigera\u00e7\u00e3o;<\/li>\n\n\n\n<li>Aux. Opera\u00e7\u00f5es;<\/li>\n\n\n\n<li>Jovem aprendiz.<\/li>\n<\/ul>\n\n\n\n<h3 class=\"wp-block-heading\">Como se candidatar<\/h3>\n\n\n\n<p>Para concorrer \u00e0s oportunidades na Comfrio \u00e9 preciso acessar o site <a href=\"https:\/\/www.comfrio.com.br\/\" target=\"_blank\" rel=\"noreferrer noopener\"><strong>https:\/\/www.comfrio.com.br\/<\/strong><\/a> role para baixo at\u00e9 o rodap\u00e9 do site, procure e clique no link <strong>Trabalhe Conosco.<\/strong><\/p>\n\n\n\n<p>Site da Comfrio: <a href=\"https:\/\/www.comfrio.com.br\/\" target=\"_blank\" rel=\"noreferrer noopener\"><strong>https:\/\/www.comfrio.com.br\/<\/strong><\/a><\/p>\n\n\n\n<p>Encontre o cargo desejado e fa\u00e7a o seu cadastro no site se ainda n\u00e3o tiver um. Por fim, aguarde o contato da empresa.<\/p>\n\n\n\n<p><strong>Veja tamb\u00e9m: <a href=\"https:\/\/www.vagadeempregorj.com.br\/ar\/empregos-combio-energia\/\">Mec\u00e2nico de Manuten\u00e7\u00e3o, Motorista de Carreta, Mec\u00e2nico de M\u00e1quinas Florestais, Eletricistas, Analistas e muito mais na Empresa ComBio Energia<\/a><\/strong><\/p>\n\n\n\n<h2 class=\"wp-block-heading\">Sobre a Comfrio<\/h2>\n\n\n\n<p>Trabalhar nesta empresa faz parte de um ambiente focado na melhoria cont\u00ednua, buscando sempre ser o melhor, comprometido em oferecer as solu\u00e7\u00f5es mais diferenciadas aos nossos clientes, est\u00e3o comprometidos em entregar resultados eficientes e sustent\u00e1veis, e fazem isso com cultura Colaborativa Juntos, n\u00e3o importa o cargo, ramo ou neg\u00f3cio.<\/p>\n\n\n\n<p>Se gosta de aprender e reaprender todos os dias num ambiente que respeita a sua identidade, integridade e responsabilidade, promove o seu desenvolvimento, reconhece as suas compet\u00eancias e proporciona grandes desafios, ent\u00e3o este \u00e9 o seu lugar, eles procuram talentos para formar o melhor mercado nacional equipe profissional de log\u00edstica conosco! Entregam comida sem preconceito no Brasil, para n\u00f3s respeito \u00e9 a regra, \u00e9 o prop\u00f3sito, faz parte de quem s\u00e3o e querem ser, sabem que podem ser melhores a cada dia, com quem pensa e n\u00e3o acredita nisso a diferen\u00e7a \u00e9 o que os torna iguais.<\/p>\n\n\n\n<p>O seu trabalho centra-se na excel\u00eancia e na compet\u00eancia, palavra que, juntamente com a palavra \u201cfrio\u201d \u2013 a nossa \u00e1rea de atua\u00e7\u00e3o \u2013 d\u00e1 origem ao seu nome. Nos \u00faltimos anos, o seu volume de atendimento, clientela e volume de neg\u00f3cios cresceram. Al\u00e9m de se tornarem a maior operadora do mercado de log\u00edstica da cadeia do frio no Brasil, possuem filiais em v\u00e1rias regi\u00f5es do pa\u00eds com 1.500 profissionais. Desde 2011, fazem parte do portf\u00f3lio da Aqua Capital, fundo de private equity com foco nas ind\u00fastrias de agroneg\u00f3cio e alimentos. Em 2014, com a adi\u00e7\u00e3o da Agro Merchants \u00e0 sua lista de parceiros, adquiriram um conhecimento mais profundo das melhores pr\u00e1ticas da cadeia de frio global.&nbsp;<\/p>","protected":false},"excerpt":{"rendered":"<p>Atualizado em Os Empregos Comfrio contam com muitos benef\u00edcios, visto que \u00e9 a maior empresa de intelig\u00eancia do Brasil para solu\u00e7\u00f5es log\u00edsticas de frio para cadeia de alimentos e agroneg\u00f3cios. Desenvolvem solu\u00e7\u00f5es log\u00edsticas inteligentes, desde a distribui\u00e7\u00e3o de sementes no agroneg\u00f3cio at\u00e9 restaurantes food service, prometem que o seu servi\u00e7o de qualidade trar\u00e1 resultados positivos&hellip;&nbsp;<\/p>","protected":false},"author":16,"featured_media":36936,"comment_status":"closed","ping_status":"closed","sticky":false,"template":"","format":"standard","meta":{"neve_meta_sidebar":"","neve_meta_container":"","neve_meta_enable_content_width":"","neve_meta_content_width":0,"neve_meta_title_alignment":"","neve_meta_author_avatar":"","neve_post_elements_order":"","neve_meta_disable_header":"","neve_meta_disable_footer":"","neve_meta_disable_title":"","footnotes":""},"categories":[123],"tags":[764,608,211],"class_list":["post-36914","post","type-post","status-publish","format-standard","has-post-thumbnail","hentry","category-vagas-de-emprego-nacionais","tag-comfrio","tag-oportunidades","tag-vagas-de-emprego"],"yoast_head":"<!-- This site is optimized with the Yoast SEO plugin v27.5 - https:\/\/yoast.com\/product\/yoast-seo-wordpress\/ -->\n<title>Motoristas, Analistas, Auxiliar de Opera\u00e7\u00f5es, Conferente, Assistente Administrativo, Estoquista, Jovem Aprendiz e muito mais na Empresa Comfrio -<\/title>\n<meta name=\"description\" content=\"Veja em Vagas de Emprego RJ as vagas de emprego com e sem experi\u00eancia no seu Estado e Regi\u00e3o!\" \/>\n<meta name=\"robots\" content=\"index, follow, max-snippet:-1, max-image-preview:large, max-video-preview:-1\" \/>\n<link rel=\"canonical\" href=\"https:\/\/www.vagadeempregorj.com.br\/ar\/empregos-comfrio\/\" \/>\n<meta property=\"og:locale\" content=\"ar_AR\" \/>\n<meta property=\"og:type\" content=\"article\" \/>\n<meta property=\"og:title\" content=\"Motoristas, Analistas, Auxiliar de Opera\u00e7\u00f5es, Conferente, Assistente Administrativo, Estoquista, Jovem Aprendiz e muito mais na Empresa Comfrio -\" \/>\n<meta property=\"og:description\" content=\"Veja em Vagas de Emprego RJ as vagas de emprego com e sem experi\u00eancia no seu Estado e Regi\u00e3o!\" \/>\n<meta property=\"og:url\" content=\"https:\/\/www.vagadeempregorj.com.br\/ar\/empregos-comfrio\/\" \/>\n<meta property=\"article:publisher\" content=\"https:\/\/www.facebook.com\/empregobrasiloficial\" \/>\n<meta property=\"article:published_time\" content=\"2023-11-08T03:03:00+00:00\" \/>\n<meta property=\"article:modified_time\" content=\"2023-12-15T18:15:53+00:00\" \/>\n<meta property=\"og:image\" content=\"https:\/\/www.vagadeempregorj.com.br\/wp-content\/uploads\/2022\/12\/empregos-Comfrio.png\" \/>\n\t<meta property=\"og:image:width\" content=\"300\" \/>\n\t<meta property=\"og:image:height\" content=\"300\" \/>\n\t<meta property=\"og:image:type\" content=\"image\/png\" \/>\n<meta name=\"author\" content=\"Michele\" \/>\n<meta name=\"twitter:card\" content=\"summary_large_image\" \/>\n<meta name=\"twitter:label1\" content=\"Written by\" \/>\n\t<meta name=\"twitter:data1\" content=\"Michele\" \/>\n\t<meta name=\"twitter:label2\" content=\"Est. reading time\" \/>\n\t<meta name=\"twitter:data2\" content=\"3 \u062f\u0642\u0627\u0626\u0642\" \/>\n<script type=\"application\/ld+json\" class=\"yoast-schema-graph\">{\"@context\":\"https:\\\/\\\/schema.org\",\"@graph\":[{\"@type\":\"Article\",\"@id\":\"https:\\\/\\\/www.vagadeempregorj.com.br\\\/empregos-comfrio\\\/#article\",\"isPartOf\":{\"@id\":\"https:\\\/\\\/www.vagadeempregorj.com.br\\\/empregos-comfrio\\\/\"},\"author\":{\"name\":\"Michele\",\"@id\":\"https:\\\/\\\/www.vagadeempregorj.com.br\\\/#\\\/schema\\\/person\\\/3ddb19fa0539706786e502152f3aae95\"},\"headline\":\"Motoristas, Analistas, Auxiliar de Opera\u00e7\u00f5es, Conferente, Assistente Administrativo, Estoquista, Jovem Aprendiz e muito mais na Empresa Comfrio\",\"datePublished\":\"2023-11-08T03:03:00+00:00\",\"dateModified\":\"2023-12-15T18:15:53+00:00\",\"mainEntityOfPage\":{\"@id\":\"https:\\\/\\\/www.vagadeempregorj.com.br\\\/empregos-comfrio\\\/\"},\"wordCount\":646,\"image\":{\"@id\":\"https:\\\/\\\/www.vagadeempregorj.com.br\\\/empregos-comfrio\\\/#primaryimage\"},\"thumbnailUrl\":\"https:\\\/\\\/www.vagadeempregorj.com.br\\\/wp-content\\\/uploads\\\/2022\\\/12\\\/empregos-Comfrio.png\",\"keywords\":[\"Comfrio\",\"oportunidades\",\"vagas de emprego\"],\"articleSection\":[\"Vagas de Emprego Nacionais\"],\"inLanguage\":\"ar\"},{\"@type\":\"WebPage\",\"@id\":\"https:\\\/\\\/www.vagadeempregorj.com.br\\\/empregos-comfrio\\\/\",\"url\":\"https:\\\/\\\/www.vagadeempregorj.com.br\\\/empregos-comfrio\\\/\",\"name\":\"Motoristas, Analistas, Auxiliar de Opera\u00e7\u00f5es, Conferente, Assistente Administrativo, Estoquista, Jovem Aprendiz e muito mais na Empresa Comfrio -\",\"isPartOf\":{\"@id\":\"https:\\\/\\\/www.vagadeempregorj.com.br\\\/#website\"},\"primaryImageOfPage\":{\"@id\":\"https:\\\/\\\/www.vagadeempregorj.com.br\\\/empregos-comfrio\\\/#primaryimage\"},\"image\":{\"@id\":\"https:\\\/\\\/www.vagadeempregorj.com.br\\\/empregos-comfrio\\\/#primaryimage\"},\"thumbnailUrl\":\"https:\\\/\\\/www.vagadeempregorj.com.br\\\/wp-content\\\/uploads\\\/2022\\\/12\\\/empregos-Comfrio.png\",\"datePublished\":\"2023-11-08T03:03:00+00:00\",\"dateModified\":\"2023-12-15T18:15:53+00:00\",\"author\":{\"@id\":\"https:\\\/\\\/www.vagadeempregorj.com.br\\\/#\\\/schema\\\/person\\\/3ddb19fa0539706786e502152f3aae95\"},\"description\":\"Veja em Vagas de Emprego RJ as vagas de emprego com e sem experi\u00eancia no seu Estado e Regi\u00e3o!\",\"breadcrumb\":{\"@id\":\"https:\\\/\\\/www.vagadeempregorj.com.br\\\/empregos-comfrio\\\/#breadcrumb\"},\"inLanguage\":\"ar\",\"potentialAction\":[{\"@type\":\"ReadAction\",\"target\":[\"https:\\\/\\\/www.vagadeempregorj.com.br\\\/empregos-comfrio\\\/\"]}]},{\"@type\":\"ImageObject\",\"inLanguage\":\"ar\",\"@id\":\"https:\\\/\\\/www.vagadeempregorj.com.br\\\/empregos-comfrio\\\/#primaryimage\",\"url\":\"https:\\\/\\\/www.vagadeempregorj.com.br\\\/wp-content\\\/uploads\\\/2022\\\/12\\\/empregos-Comfrio.png\",\"contentUrl\":\"https:\\\/\\\/www.vagadeempregorj.com.br\\\/wp-content\\\/uploads\\\/2022\\\/12\\\/empregos-Comfrio.png\",\"width\":300,\"height\":300,\"caption\":\"Imagem: Comfrio - Reprodu\u00e7\u00e3o\"},{\"@type\":\"BreadcrumbList\",\"@id\":\"https:\\\/\\\/www.vagadeempregorj.com.br\\\/empregos-comfrio\\\/#breadcrumb\",\"itemListElement\":[{\"@type\":\"ListItem\",\"position\":1,\"name\":\"In\u00edcio\",\"item\":\"https:\\\/\\\/www.vagadeempregorj.com.br\\\/\"},{\"@type\":\"ListItem\",\"position\":2,\"name\":\"Vagas de Emprego Nacionais\",\"item\":\"https:\\\/\\\/www.vagadeempregorj.com.br\\\/vagas-de-emprego-nacionais\\\/\"},{\"@type\":\"ListItem\",\"position\":3,\"name\":\"Motoristas, Analistas, Auxiliar de Opera\u00e7\u00f5es, Conferente, Assistente Administrativo, Estoquista, Jovem Aprendiz e muito mais na Empresa Comfrio\"}]},{\"@type\":\"WebSite\",\"@id\":\"https:\\\/\\\/www.vagadeempregorj.com.br\\\/#website\",\"url\":\"https:\\\/\\\/www.vagadeempregorj.com.br\\\/\",\"name\":\"\",\"description\":\"Conquiste Sonhos: Vagas, Benef\u00edcios e Economia para Transformar Vidas e Alcan\u00e7ar Melhorias Cotidianas\",\"potentialAction\":[{\"@type\":\"SearchAction\",\"target\":{\"@type\":\"EntryPoint\",\"urlTemplate\":\"https:\\\/\\\/www.vagadeempregorj.com.br\\\/?s={search_term_string}\"},\"query-input\":{\"@type\":\"PropertyValueSpecification\",\"valueRequired\":true,\"valueName\":\"search_term_string\"}}],\"inLanguage\":\"ar\"},{\"@type\":\"Person\",\"@id\":\"https:\\\/\\\/www.vagadeempregorj.com.br\\\/#\\\/schema\\\/person\\\/3ddb19fa0539706786e502152f3aae95\",\"name\":\"Michele\",\"image\":{\"@type\":\"ImageObject\",\"inLanguage\":\"ar\",\"@id\":\"https:\\\/\\\/secure.gravatar.com\\\/avatar\\\/6b0eb9d22841282815e2cd856a0061c45e1761cd54b22e952d98c4746939aa85?s=96&r=g\",\"url\":\"https:\\\/\\\/secure.gravatar.com\\\/avatar\\\/6b0eb9d22841282815e2cd856a0061c45e1761cd54b22e952d98c4746939aa85?s=96&r=g\",\"contentUrl\":\"https:\\\/\\\/secure.gravatar.com\\\/avatar\\\/6b0eb9d22841282815e2cd856a0061c45e1761cd54b22e952d98c4746939aa85?s=96&r=g\",\"caption\":\"Michele\"},\"description\":\"Formada em Letras - Portugu\u00eas\\\/ Ingl\u00eas, e idealizadora do site Escritora de Sucesso, busca expandir o conhecimento de todos com informa\u00e7\u00f5es relevantes sobre diversos assuntos, enquanto redatora. No Vaga de Emprego RJ, traz oportunidades e dicas sobre o mercado de trabalho.\",\"url\":\"https:\\\/\\\/www.vagadeempregorj.com.br\\\/ar\\\/author\\\/michele\\\/\"}]}<\/script>\n<!-- \/ Yoast SEO plugin. -->","yoast_head_json":{"title":"Motoristas, Analistas, Auxiliar de Opera\u00e7\u00f5es, Conferente, Assistente Administrativo, Estoquista, Jovem Aprendiz e muito mais na Empresa Comfrio -","description":"Veja em Vagas de Emprego RJ as vagas de emprego com e sem experi\u00eancia no seu Estado e Regi\u00e3o!","robots":{"index":"index","follow":"follow","max-snippet":"max-snippet:-1","max-image-preview":"max-image-preview:large","max-video-preview":"max-video-preview:-1"},"canonical":"https:\/\/www.vagadeempregorj.com.br\/ar\/empregos-comfrio\/","og_locale":"ar_AR","og_type":"article","og_title":"Motoristas, Analistas, Auxiliar de Opera\u00e7\u00f5es, Conferente, Assistente Administrativo, Estoquista, Jovem Aprendiz e muito mais na Empresa Comfrio -","og_description":"Veja em Vagas de Emprego RJ as vagas de emprego com e sem experi\u00eancia no seu Estado e Regi\u00e3o!","og_url":"https:\/\/www.vagadeempregorj.com.br\/ar\/empregos-comfrio\/","article_publisher":"https:\/\/www.facebook.com\/empregobrasiloficial","article_published_time":"2023-11-08T03:03:00+00:00","article_modified_time":"2023-12-15T18:15:53+00:00","og_image":[{"width":300,"height":300,"url":"https:\/\/www.vagadeempregorj.com.br\/wp-content\/uploads\/2022\/12\/empregos-Comfrio.png","type":"image\/png"}],"author":"Michele","twitter_card":"summary_large_image","twitter_misc":{"Written by":"Michele","Est. reading time":"3 \u062f\u0642\u0627\u0626\u0642"},"schema":{"@context":"https:\/\/schema.org","@graph":[{"@type":"Article","@id":"https:\/\/www.vagadeempregorj.com.br\/empregos-comfrio\/#article","isPartOf":{"@id":"https:\/\/www.vagadeempregorj.com.br\/empregos-comfrio\/"},"author":{"name":"Michele","@id":"https:\/\/www.vagadeempregorj.com.br\/#\/schema\/person\/3ddb19fa0539706786e502152f3aae95"},"headline":"Motoristas, Analistas, Auxiliar de Opera\u00e7\u00f5es, Conferente, Assistente Administrativo, Estoquista, Jovem Aprendiz e muito mais na Empresa Comfrio","datePublished":"2023-11-08T03:03:00+00:00","dateModified":"2023-12-15T18:15:53+00:00","mainEntityOfPage":{"@id":"https:\/\/www.vagadeempregorj.com.br\/empregos-comfrio\/"},"wordCount":646,"image":{"@id":"https:\/\/www.vagadeempregorj.com.br\/empregos-comfrio\/#primaryimage"},"thumbnailUrl":"https:\/\/www.vagadeempregorj.com.br\/wp-content\/uploads\/2022\/12\/empregos-Comfrio.png","keywords":["Comfrio","oportunidades","vagas de emprego"],"articleSection":["Vagas de Emprego Nacionais"],"inLanguage":"ar"},{"@type":"WebPage","@id":"https:\/\/www.vagadeempregorj.com.br\/empregos-comfrio\/","url":"https:\/\/www.vagadeempregorj.com.br\/empregos-comfrio\/","name":"Motoristas, Analistas, Auxiliar de Opera\u00e7\u00f5es, Conferente, Assistente Administrativo, Estoquista, Jovem Aprendiz e muito mais na Empresa Comfrio -","isPartOf":{"@id":"https:\/\/www.vagadeempregorj.com.br\/#website"},"primaryImageOfPage":{"@id":"https:\/\/www.vagadeempregorj.com.br\/empregos-comfrio\/#primaryimage"},"image":{"@id":"https:\/\/www.vagadeempregorj.com.br\/empregos-comfrio\/#primaryimage"},"thumbnailUrl":"https:\/\/www.vagadeempregorj.com.br\/wp-content\/uploads\/2022\/12\/empregos-Comfrio.png","datePublished":"2023-11-08T03:03:00+00:00","dateModified":"2023-12-15T18:15:53+00:00","author":{"@id":"https:\/\/www.vagadeempregorj.com.br\/#\/schema\/person\/3ddb19fa0539706786e502152f3aae95"},"description":"Veja em Vagas de Emprego RJ as vagas de emprego com e sem experi\u00eancia no seu Estado e Regi\u00e3o!","breadcrumb":{"@id":"https:\/\/www.vagadeempregorj.com.br\/empregos-comfrio\/#breadcrumb"},"inLanguage":"ar","potentialAction":[{"@type":"ReadAction","target":["https:\/\/www.vagadeempregorj.com.br\/empregos-comfrio\/"]}]},{"@type":"ImageObject","inLanguage":"ar","@id":"https:\/\/www.vagadeempregorj.com.br\/empregos-comfrio\/#primaryimage","url":"https:\/\/www.vagadeempregorj.com.br\/wp-content\/uploads\/2022\/12\/empregos-Comfrio.png","contentUrl":"https:\/\/www.vagadeempregorj.com.br\/wp-content\/uploads\/2022\/12\/empregos-Comfrio.png","width":300,"height":300,"caption":"Imagem: Comfrio - Reprodu\u00e7\u00e3o"},{"@type":"BreadcrumbList","@id":"https:\/\/www.vagadeempregorj.com.br\/empregos-comfrio\/#breadcrumb","itemListElement":[{"@type":"ListItem","position":1,"name":"In\u00edcio","item":"https:\/\/www.vagadeempregorj.com.br\/"},{"@type":"ListItem","position":2,"name":"Vagas de Emprego Nacionais","item":"https:\/\/www.vagadeempregorj.com.br\/vagas-de-emprego-nacionais\/"},{"@type":"ListItem","position":3,"name":"Motoristas, Analistas, Auxiliar de Opera\u00e7\u00f5es, Conferente, Assistente Administrativo, Estoquista, Jovem Aprendiz e muito mais na Empresa Comfrio"}]},{"@type":"WebSite","@id":"https:\/\/www.vagadeempregorj.com.br\/#website","url":"https:\/\/www.vagadeempregorj.com.br\/","name":"","description":"Conquiste Sonhos: Vagas, Benef\u00edcios e Economia para Transformar Vidas e Alcan\u00e7ar Melhorias Cotidianas","potentialAction":[{"@type":"SearchAction","target":{"@type":"EntryPoint","urlTemplate":"https:\/\/www.vagadeempregorj.com.br\/?s={search_term_string}"},"query-input":{"@type":"PropertyValueSpecification","valueRequired":true,"valueName":"search_term_string"}}],"inLanguage":"ar"},{"@type":"Person","@id":"https:\/\/www.vagadeempregorj.com.br\/#\/schema\/person\/3ddb19fa0539706786e502152f3aae95","name":"Michele","image":{"@type":"ImageObject","inLanguage":"ar","@id":"https:\/\/secure.gravatar.com\/avatar\/6b0eb9d22841282815e2cd856a0061c45e1761cd54b22e952d98c4746939aa85?s=96&r=g","url":"https:\/\/secure.gravatar.com\/avatar\/6b0eb9d22841282815e2cd856a0061c45e1761cd54b22e952d98c4746939aa85?s=96&r=g","contentUrl":"https:\/\/secure.gravatar.com\/avatar\/6b0eb9d22841282815e2cd856a0061c45e1761cd54b22e952d98c4746939aa85?s=96&r=g","caption":"Michele"},"description":"Formada em Letras - Portugu\u00eas\/ Ingl\u00eas, e idealizadora do site Escritora de Sucesso, busca expandir o conhecimento de todos com informa\u00e7\u00f5es relevantes sobre diversos assuntos, enquanto redatora. No Vaga de Emprego RJ, traz oportunidades e dicas sobre o mercado de trabalho.","url":"https:\/\/www.vagadeempregorj.com.br\/ar\/author\/michele\/"}]}},"_links":{"self":[{"href":"https:\/\/www.vagadeempregorj.com.br\/ar\/wp-json\/wp\/v2\/posts\/36914","targetHints":{"allow":["GET"]}}],"collection":[{"href":"https:\/\/www.vagadeempregorj.com.br\/ar\/wp-json\/wp\/v2\/posts"}],"about":[{"href":"https:\/\/www.vagadeempregorj.com.br\/ar\/wp-json\/wp\/v2\/types\/post"}],"author":[{"embeddable":true,"href":"https:\/\/www.vagadeempregorj.com.br\/ar\/wp-json\/wp\/v2\/users\/16"}],"replies":[{"embeddable":true,"href":"https:\/\/www.vagadeempregorj.com.br\/ar\/wp-json\/wp\/v2\/comments?post=36914"}],"version-history":[{"count":0,"href":"https:\/\/www.vagadeempregorj.com.br\/ar\/wp-json\/wp\/v2\/posts\/36914\/revisions"}],"wp:featuredmedia":[{"embeddable":true,"href":"https:\/\/www.vagadeempregorj.com.br\/ar\/wp-json\/wp\/v2\/media\/36936"}],"wp:attachment":[{"href":"https:\/\/www.vagadeempregorj.com.br\/ar\/wp-json\/wp\/v2\/media?parent=36914"}],"wp:term":[{"taxonomy":"category","embeddable":true,"href":"https:\/\/www.vagadeempregorj.com.br\/ar\/wp-json\/wp\/v2\/categories?post=36914"},{"taxonomy":"post_tag","embeddable":true,"href":"https:\/\/www.vagadeempregorj.com.br\/ar\/wp-json\/wp\/v2\/tags?post=36914"}],"curies":[{"name":"wp","href":"https:\/\/api.w.org\/{rel}","templated":true}]}}