{"id":36920,"date":"2023-11-08T00:03:00","date_gmt":"2023-11-08T03:03:00","guid":{"rendered":"https:\/\/www.vagadeempregorj.com.br\/?p=36920"},"modified":"2023-11-07T10:43:33","modified_gmt":"2023-11-07T13:43:33","slug":"empregos-light","status":"publish","type":"post","link":"https:\/\/www.vagadeempregorj.com.br\/ar\/empregos-light\/","title":{"rendered":"Eletricista de Rede, Advogado, Jovem Aprendiz, Est\u00e1gios, Analistas e muito mais na Empresa Light"},"content":{"rendered":"<p>Atualizado em<\/p>\n\n\n<div class=\"wp-block-post-date\"><time datetime=\"2023-11-08T00:03:00-03:00\">08\/11\/2023<\/time><\/div>\n\n\n<p>Os <strong>Empregos Light<\/strong> contam com muitas vantagens, visto que o objetivo da empresa \u00e9 mudar a sociedade atrav\u00e9s de suas energias, para que o desenvolvimento e o bem-estar aconte\u00e7am onde quer que v\u00e3o todos os dias. Fazer parte da vida de milh\u00f5es de brasileiros h\u00e1 mais de um s\u00e9culo s\u00f3 fortalece a sua contribui\u00e7\u00e3o para o desenvolvimento econ\u00f4mico e social do pa\u00eds. L\u00e1 os desafios n\u00e3o faltam e querem que os seus mais de 4 milh\u00f5es de consumidores tenham sempre a melhor experi\u00eancia de atendimento de alta qualidade. Possuem uma equipe diversificada de colaboradores campe\u00f5es que trabalhar\u00e3o juntos para dar vida aos seus objetivos. Pessoas que sonham alto, quebram barreiras e fazem hist\u00f3ria, uma vez que cuidar da energia que muda tantas vidas faz parte do seu DNA!<\/p>\n\n\n\n<figure class=\"wp-block-image size-large\"><img loading=\"lazy\" decoding=\"async\" width=\"1024\" height=\"682\" src=\"https:\/\/www.vagadeempregorj.com.br\/wp-content\/uploads\/2022\/12\/empregos-Light-1024x682.png\" alt=\"empregos Light\" class=\"wp-image-36932\" srcset=\"https:\/\/www.vagadeempregorj.com.br\/wp-content\/uploads\/2022\/12\/empregos-Light-1024x682.png 1024w, https:\/\/www.vagadeempregorj.com.br\/wp-content\/uploads\/2022\/12\/empregos-Light-300x200.png 300w, https:\/\/www.vagadeempregorj.com.br\/wp-content\/uploads\/2022\/12\/empregos-Light-768x511.png 768w, https:\/\/www.vagadeempregorj.com.br\/wp-content\/uploads\/2022\/12\/empregos-Light-150x100.png 150w, https:\/\/www.vagadeempregorj.com.br\/wp-content\/uploads\/2022\/12\/empregos-Light.png 1086w\" sizes=\"auto, (max-width: 1024px) 100vw, 1024px\" \/><figcaption class=\"wp-element-caption\">Imagem: Light &#8211; Reprodu\u00e7\u00e3o<\/figcaption><\/figure>\n\n\n\n<h2 class=\"wp-block-heading\">Conhe\u00e7a todas as oportunidades de Empregos Light<\/h2>\n\n\n\n<p>H\u00e1 vagas para estagi\u00e1rios que estejam cursando Economia, Engenharia de Produ\u00e7\u00e3o ou Administra\u00e7\u00e3o com no\u00e7\u00f5es b\u00e1sicas do Pacote Office. \u00c9 oferecido cursos online com certificados, plano de sa\u00fade, programa de treinamento e desenvolvimento, aux\u00edlio transporte, convenio com empresas parceiras, seguro de vida, vale alimenta\u00e7\u00e3o, previd\u00eancia privada, vale refei\u00e7\u00e3o, participa\u00e7\u00e3o nos resultados, assist\u00eancia odontol\u00f3gica e m\u00e9dica e refeit\u00f3rio, entre outros dependendo do cargo.<\/p>\n\n\n\n<p>As oportunidades s\u00e3o destinadas a residentes dos estados de S\u00e3o Paulo e Rio de Janeiro. Todas elas s\u00e3o abertas a pessoas com defici\u00eancia. Veja a seguir todas as fun\u00e7\u00f5es dispon\u00edveis e em seguida descubra como fazer a sua inscri\u00e7\u00e3o:<\/p>\n\n\n\n<ul class=\"wp-block-list\">\n<li>Ag. Administrativo Sr;<\/li>\n\n\n\n<li>Executivo de Neg\u00f3cios Pl;<\/li>\n\n\n\n<li>Agente de Relacionamento Comercial;<\/li>\n\n\n\n<li>Despachante de Distribui\u00e7\u00e3o;<\/li>\n\n\n\n<li>Anl. Comercial Sr;<\/li>\n\n\n\n<li>Est\u00e1gio em Gest\u00e3o da Qualidade;<\/li>\n\n\n\n<li>Anl. de Neg\u00f3cios Sr;<\/li>\n\n\n\n<li>Coord. de Sistemas T\u00e9cnicos;<\/li>\n\n\n\n<li>Anl. de Patrim\u00f4nio Sr;<\/li>\n\n\n\n<li>Eletricista de Rede A\u00e9rea;<\/li>\n\n\n\n<li>Anl. de Projetos Pl;<\/li>\n\n\n\n<li>Espec. Comercial;<\/li>\n\n\n\n<li>Anl. de Riscos e Controles Internos Pl;<\/li>\n\n\n\n<li>Ass. de Compras Pl;<\/li>\n\n\n\n<li>Anl. de Seguran\u00e7a da Informa\u00e7\u00e3o Sr;<\/li>\n\n\n\n<li>Auditor S\u00eanior (TI);<\/li>\n\n\n\n<li>Anl. de Sistemas Sr;<\/li>\n\n\n\n<li>Anl. Tecnologia Sr.<\/li>\n<\/ul>\n\n\n\n<h3 class=\"wp-block-heading\">Como se candidatar<\/h3>\n\n\n\n<p>Para concorrer a essas oportunidades \u00e9 preciso participar do processo de recrutamento realizado atrav\u00e9s do link abaixo:<\/p>\n\n\n\n<ul class=\"wp-block-list\">\n<li><a href=\"https:\/\/talentoslight.gupy.io\/\">Vagas Light<\/a>.<\/li>\n<\/ul>\n\n\n\n<p>Depois de acess\u00e1-lo, encontre o cargo desejado e fa\u00e7a o seu cadastro na plataforma caso ainda n\u00e3o tenha.<\/p>\n\n\n\n<p><strong>Veja tamb\u00e9m: <a href=\"https:\/\/www.vagadeempregorj.com.br\/ar\/empregos-combio-energia\/\">Mec\u00e2nico de Manuten\u00e7\u00e3o, Motorista de Carreta, Mec\u00e2nico de M\u00e1quinas Florestais, Eletricistas, Analistas e muito mais na Empresa ComBio Energia<\/a><\/strong><\/p>\n\n\n\n<h2 class=\"wp-block-heading\">Sobre a Light<\/h2>\n\n\n\n<p>A distribui\u00e7\u00e3o est\u00e1vel e segura de energia el\u00e9trica para a cidade do Rio de Janeiro foi inaugurada em 30 de julho de 1907. Para chegar \u00e0 ent\u00e3o capital federal do Brasil, o Grupo Light fundou a empresa no Canad\u00e1 em 1904, que foi autorizada pelo governo brasileiro a operar na cidade em 30 de maio de 1905. Desde ent\u00e3o, o Grupo tem investido na constru\u00e7\u00e3o de usinas hidrel\u00e9tricas, contribuindo diretamente para o processo de industrializa\u00e7\u00e3o do Brasil.<\/p>\n\n\n\n<p>&nbsp;Paralelamente, a empresa assumiu a gest\u00e3o de diversos servi\u00e7os p\u00fablicos, bem como a produ\u00e7\u00e3o e distribui\u00e7\u00e3o de energia el\u00e9trica, como abastecimento de g\u00e1s natural, transporte p\u00fablico, telefonia e ilumina\u00e7\u00e3o p\u00fablica. Suas apresenta\u00e7\u00f5es foram cruciais para a moderniza\u00e7\u00e3o da cidade, que vivia um boom da Belle \u00c9poque no in\u00edcio do s\u00e9culo XX.<\/p>\n\n\n\n<p>Hoje, a companhia continua investindo na gera\u00e7\u00e3o de conhecimento, tecnologia e capital social para os cariocas, contribuindo permanentemente para o desenvolvimento urbano, econ\u00f4mico e social do estado.&nbsp;<\/p>","protected":false},"excerpt":{"rendered":"<p>Atualizado em Os Empregos Light contam com muitas vantagens, visto que o objetivo da empresa \u00e9 mudar a sociedade atrav\u00e9s de suas energias, para que o desenvolvimento e o bem-estar aconte\u00e7am onde quer que v\u00e3o todos os dias. Fazer parte da vida de milh\u00f5es de brasileiros h\u00e1 mais de um s\u00e9culo s\u00f3 fortalece a sua&hellip;&nbsp;<\/p>","protected":false},"author":16,"featured_media":36932,"comment_status":"closed","ping_status":"closed","sticky":false,"template":"","format":"standard","meta":{"neve_meta_sidebar":"","neve_meta_container":"","neve_meta_enable_content_width":"","neve_meta_content_width":0,"neve_meta_title_alignment":"","neve_meta_author_avatar":"","neve_post_elements_order":"","neve_meta_disable_header":"","neve_meta_disable_footer":"","neve_meta_disable_title":"","footnotes":""},"categories":[123],"tags":[761,608,211],"class_list":["post-36920","post","type-post","status-publish","format-standard","has-post-thumbnail","hentry","category-vagas-de-emprego-nacionais","tag-light","tag-oportunidades","tag-vagas-de-emprego"],"yoast_head":"<!-- This site is optimized with the Yoast SEO plugin v27.5 - https:\/\/yoast.com\/product\/yoast-seo-wordpress\/ -->\n<title>Eletricista de Rede, Advogado, Jovem Aprendiz, Est\u00e1gios, Analistas e muito mais na Empresa Light -<\/title>\n<meta name=\"description\" content=\"Veja em Vagas de Emprego RJ as vagas de emprego com e sem experi\u00eancia no seu Estado e Regi\u00e3o!\" \/>\n<meta name=\"robots\" content=\"index, follow, max-snippet:-1, max-image-preview:large, max-video-preview:-1\" \/>\n<link rel=\"canonical\" href=\"https:\/\/www.vagadeempregorj.com.br\/ar\/empregos-light\/\" \/>\n<meta property=\"og:locale\" content=\"ar_AR\" \/>\n<meta property=\"og:type\" content=\"article\" \/>\n<meta property=\"og:title\" content=\"Eletricista de Rede, Advogado, Jovem Aprendiz, Est\u00e1gios, Analistas e muito mais na Empresa Light -\" \/>\n<meta property=\"og:description\" content=\"Veja em Vagas de Emprego RJ as vagas de emprego com e sem experi\u00eancia no seu Estado e Regi\u00e3o!\" \/>\n<meta property=\"og:url\" content=\"https:\/\/www.vagadeempregorj.com.br\/ar\/empregos-light\/\" \/>\n<meta property=\"article:publisher\" content=\"https:\/\/www.facebook.com\/empregobrasiloficial\" \/>\n<meta property=\"article:published_time\" content=\"2023-11-08T03:03:00+00:00\" \/>\n<meta property=\"og:image\" content=\"https:\/\/www.vagadeempregorj.com.br\/wp-content\/uploads\/2022\/12\/empregos-Light.png\" \/>\n\t<meta property=\"og:image:width\" content=\"1086\" \/>\n\t<meta property=\"og:image:height\" content=\"723\" \/>\n\t<meta property=\"og:image:type\" content=\"image\/png\" \/>\n<meta name=\"author\" content=\"Michele\" \/>\n<meta name=\"twitter:card\" content=\"summary_large_image\" \/>\n<meta name=\"twitter:label1\" content=\"Written by\" \/>\n\t<meta name=\"twitter:data1\" content=\"Michele\" \/>\n\t<meta name=\"twitter:label2\" content=\"Est. reading time\" \/>\n\t<meta name=\"twitter:data2\" content=\"3 \u062f\u0642\u0627\u0626\u0642\" \/>\n<script type=\"application\/ld+json\" class=\"yoast-schema-graph\">{\"@context\":\"https:\\\/\\\/schema.org\",\"@graph\":[{\"@type\":\"Article\",\"@id\":\"https:\\\/\\\/www.vagadeempregorj.com.br\\\/empregos-light\\\/#article\",\"isPartOf\":{\"@id\":\"https:\\\/\\\/www.vagadeempregorj.com.br\\\/empregos-light\\\/\"},\"author\":{\"name\":\"Michele\",\"@id\":\"https:\\\/\\\/www.vagadeempregorj.com.br\\\/#\\\/schema\\\/person\\\/3ddb19fa0539706786e502152f3aae95\"},\"headline\":\"Eletricista de Rede, Advogado, Jovem Aprendiz, Est\u00e1gios, Analistas e muito mais na Empresa Light\",\"datePublished\":\"2023-11-08T03:03:00+00:00\",\"mainEntityOfPage\":{\"@id\":\"https:\\\/\\\/www.vagadeempregorj.com.br\\\/empregos-light\\\/\"},\"wordCount\":621,\"image\":{\"@id\":\"https:\\\/\\\/www.vagadeempregorj.com.br\\\/empregos-light\\\/#primaryimage\"},\"thumbnailUrl\":\"https:\\\/\\\/www.vagadeempregorj.com.br\\\/wp-content\\\/uploads\\\/2022\\\/12\\\/empregos-Light.png\",\"keywords\":[\"Light\",\"oportunidades\",\"vagas de emprego\"],\"articleSection\":[\"Vagas de Emprego Nacionais\"],\"inLanguage\":\"ar\"},{\"@type\":\"WebPage\",\"@id\":\"https:\\\/\\\/www.vagadeempregorj.com.br\\\/empregos-light\\\/\",\"url\":\"https:\\\/\\\/www.vagadeempregorj.com.br\\\/empregos-light\\\/\",\"name\":\"Eletricista de Rede, Advogado, Jovem Aprendiz, Est\u00e1gios, Analistas e muito mais na Empresa Light -\",\"isPartOf\":{\"@id\":\"https:\\\/\\\/www.vagadeempregorj.com.br\\\/#website\"},\"primaryImageOfPage\":{\"@id\":\"https:\\\/\\\/www.vagadeempregorj.com.br\\\/empregos-light\\\/#primaryimage\"},\"image\":{\"@id\":\"https:\\\/\\\/www.vagadeempregorj.com.br\\\/empregos-light\\\/#primaryimage\"},\"thumbnailUrl\":\"https:\\\/\\\/www.vagadeempregorj.com.br\\\/wp-content\\\/uploads\\\/2022\\\/12\\\/empregos-Light.png\",\"datePublished\":\"2023-11-08T03:03:00+00:00\",\"author\":{\"@id\":\"https:\\\/\\\/www.vagadeempregorj.com.br\\\/#\\\/schema\\\/person\\\/3ddb19fa0539706786e502152f3aae95\"},\"description\":\"Veja em Vagas de Emprego RJ as vagas de emprego com e sem experi\u00eancia no seu Estado e Regi\u00e3o!\",\"breadcrumb\":{\"@id\":\"https:\\\/\\\/www.vagadeempregorj.com.br\\\/empregos-light\\\/#breadcrumb\"},\"inLanguage\":\"ar\",\"potentialAction\":[{\"@type\":\"ReadAction\",\"target\":[\"https:\\\/\\\/www.vagadeempregorj.com.br\\\/empregos-light\\\/\"]}]},{\"@type\":\"ImageObject\",\"inLanguage\":\"ar\",\"@id\":\"https:\\\/\\\/www.vagadeempregorj.com.br\\\/empregos-light\\\/#primaryimage\",\"url\":\"https:\\\/\\\/www.vagadeempregorj.com.br\\\/wp-content\\\/uploads\\\/2022\\\/12\\\/empregos-Light.png\",\"contentUrl\":\"https:\\\/\\\/www.vagadeempregorj.com.br\\\/wp-content\\\/uploads\\\/2022\\\/12\\\/empregos-Light.png\",\"width\":1086,\"height\":723,\"caption\":\"Imagem: Light - Reprodu\u00e7\u00e3o\"},{\"@type\":\"BreadcrumbList\",\"@id\":\"https:\\\/\\\/www.vagadeempregorj.com.br\\\/empregos-light\\\/#breadcrumb\",\"itemListElement\":[{\"@type\":\"ListItem\",\"position\":1,\"name\":\"In\u00edcio\",\"item\":\"https:\\\/\\\/www.vagadeempregorj.com.br\\\/\"},{\"@type\":\"ListItem\",\"position\":2,\"name\":\"Vagas de Emprego Nacionais\",\"item\":\"https:\\\/\\\/www.vagadeempregorj.com.br\\\/vagas-de-emprego-nacionais\\\/\"},{\"@type\":\"ListItem\",\"position\":3,\"name\":\"Eletricista de Rede, Advogado, Jovem Aprendiz, Est\u00e1gios, Analistas e muito mais na Empresa Light\"}]},{\"@type\":\"WebSite\",\"@id\":\"https:\\\/\\\/www.vagadeempregorj.com.br\\\/#website\",\"url\":\"https:\\\/\\\/www.vagadeempregorj.com.br\\\/\",\"name\":\"\",\"description\":\"Conquiste Sonhos: Vagas, Benef\u00edcios e Economia para Transformar Vidas e Alcan\u00e7ar Melhorias Cotidianas\",\"potentialAction\":[{\"@type\":\"SearchAction\",\"target\":{\"@type\":\"EntryPoint\",\"urlTemplate\":\"https:\\\/\\\/www.vagadeempregorj.com.br\\\/?s={search_term_string}\"},\"query-input\":{\"@type\":\"PropertyValueSpecification\",\"valueRequired\":true,\"valueName\":\"search_term_string\"}}],\"inLanguage\":\"ar\"},{\"@type\":\"Person\",\"@id\":\"https:\\\/\\\/www.vagadeempregorj.com.br\\\/#\\\/schema\\\/person\\\/3ddb19fa0539706786e502152f3aae95\",\"name\":\"Michele\",\"image\":{\"@type\":\"ImageObject\",\"inLanguage\":\"ar\",\"@id\":\"https:\\\/\\\/secure.gravatar.com\\\/avatar\\\/6b0eb9d22841282815e2cd856a0061c45e1761cd54b22e952d98c4746939aa85?s=96&r=g\",\"url\":\"https:\\\/\\\/secure.gravatar.com\\\/avatar\\\/6b0eb9d22841282815e2cd856a0061c45e1761cd54b22e952d98c4746939aa85?s=96&r=g\",\"contentUrl\":\"https:\\\/\\\/secure.gravatar.com\\\/avatar\\\/6b0eb9d22841282815e2cd856a0061c45e1761cd54b22e952d98c4746939aa85?s=96&r=g\",\"caption\":\"Michele\"},\"description\":\"Formada em Letras - Portugu\u00eas\\\/ Ingl\u00eas, e idealizadora do site Escritora de Sucesso, busca expandir o conhecimento de todos com informa\u00e7\u00f5es relevantes sobre diversos assuntos, enquanto redatora. No Vaga de Emprego RJ, traz oportunidades e dicas sobre o mercado de trabalho.\",\"url\":\"https:\\\/\\\/www.vagadeempregorj.com.br\\\/ar\\\/author\\\/michele\\\/\"}]}<\/script>\n<!-- \/ Yoast SEO plugin. -->","yoast_head_json":{"title":"Eletricista de Rede, Advogado, Jovem Aprendiz, Est\u00e1gios, Analistas e muito mais na Empresa Light -","description":"Veja em Vagas de Emprego RJ as vagas de emprego com e sem experi\u00eancia no seu Estado e Regi\u00e3o!","robots":{"index":"index","follow":"follow","max-snippet":"max-snippet:-1","max-image-preview":"max-image-preview:large","max-video-preview":"max-video-preview:-1"},"canonical":"https:\/\/www.vagadeempregorj.com.br\/ar\/empregos-light\/","og_locale":"ar_AR","og_type":"article","og_title":"Eletricista de Rede, Advogado, Jovem Aprendiz, Est\u00e1gios, Analistas e muito mais na Empresa Light -","og_description":"Veja em Vagas de Emprego RJ as vagas de emprego com e sem experi\u00eancia no seu Estado e Regi\u00e3o!","og_url":"https:\/\/www.vagadeempregorj.com.br\/ar\/empregos-light\/","article_publisher":"https:\/\/www.facebook.com\/empregobrasiloficial","article_published_time":"2023-11-08T03:03:00+00:00","og_image":[{"width":1086,"height":723,"url":"https:\/\/www.vagadeempregorj.com.br\/wp-content\/uploads\/2022\/12\/empregos-Light.png","type":"image\/png"}],"author":"Michele","twitter_card":"summary_large_image","twitter_misc":{"Written by":"Michele","Est. reading time":"3 \u062f\u0642\u0627\u0626\u0642"},"schema":{"@context":"https:\/\/schema.org","@graph":[{"@type":"Article","@id":"https:\/\/www.vagadeempregorj.com.br\/empregos-light\/#article","isPartOf":{"@id":"https:\/\/www.vagadeempregorj.com.br\/empregos-light\/"},"author":{"name":"Michele","@id":"https:\/\/www.vagadeempregorj.com.br\/#\/schema\/person\/3ddb19fa0539706786e502152f3aae95"},"headline":"Eletricista de Rede, Advogado, Jovem Aprendiz, Est\u00e1gios, Analistas e muito mais na Empresa Light","datePublished":"2023-11-08T03:03:00+00:00","mainEntityOfPage":{"@id":"https:\/\/www.vagadeempregorj.com.br\/empregos-light\/"},"wordCount":621,"image":{"@id":"https:\/\/www.vagadeempregorj.com.br\/empregos-light\/#primaryimage"},"thumbnailUrl":"https:\/\/www.vagadeempregorj.com.br\/wp-content\/uploads\/2022\/12\/empregos-Light.png","keywords":["Light","oportunidades","vagas de emprego"],"articleSection":["Vagas de Emprego Nacionais"],"inLanguage":"ar"},{"@type":"WebPage","@id":"https:\/\/www.vagadeempregorj.com.br\/empregos-light\/","url":"https:\/\/www.vagadeempregorj.com.br\/empregos-light\/","name":"Eletricista de Rede, Advogado, Jovem Aprendiz, Est\u00e1gios, Analistas e muito mais na Empresa Light -","isPartOf":{"@id":"https:\/\/www.vagadeempregorj.com.br\/#website"},"primaryImageOfPage":{"@id":"https:\/\/www.vagadeempregorj.com.br\/empregos-light\/#primaryimage"},"image":{"@id":"https:\/\/www.vagadeempregorj.com.br\/empregos-light\/#primaryimage"},"thumbnailUrl":"https:\/\/www.vagadeempregorj.com.br\/wp-content\/uploads\/2022\/12\/empregos-Light.png","datePublished":"2023-11-08T03:03:00+00:00","author":{"@id":"https:\/\/www.vagadeempregorj.com.br\/#\/schema\/person\/3ddb19fa0539706786e502152f3aae95"},"description":"Veja em Vagas de Emprego RJ as vagas de emprego com e sem experi\u00eancia no seu Estado e Regi\u00e3o!","breadcrumb":{"@id":"https:\/\/www.vagadeempregorj.com.br\/empregos-light\/#breadcrumb"},"inLanguage":"ar","potentialAction":[{"@type":"ReadAction","target":["https:\/\/www.vagadeempregorj.com.br\/empregos-light\/"]}]},{"@type":"ImageObject","inLanguage":"ar","@id":"https:\/\/www.vagadeempregorj.com.br\/empregos-light\/#primaryimage","url":"https:\/\/www.vagadeempregorj.com.br\/wp-content\/uploads\/2022\/12\/empregos-Light.png","contentUrl":"https:\/\/www.vagadeempregorj.com.br\/wp-content\/uploads\/2022\/12\/empregos-Light.png","width":1086,"height":723,"caption":"Imagem: Light - Reprodu\u00e7\u00e3o"},{"@type":"BreadcrumbList","@id":"https:\/\/www.vagadeempregorj.com.br\/empregos-light\/#breadcrumb","itemListElement":[{"@type":"ListItem","position":1,"name":"In\u00edcio","item":"https:\/\/www.vagadeempregorj.com.br\/"},{"@type":"ListItem","position":2,"name":"Vagas de Emprego Nacionais","item":"https:\/\/www.vagadeempregorj.com.br\/vagas-de-emprego-nacionais\/"},{"@type":"ListItem","position":3,"name":"Eletricista de Rede, Advogado, Jovem Aprendiz, Est\u00e1gios, Analistas e muito mais na Empresa Light"}]},{"@type":"WebSite","@id":"https:\/\/www.vagadeempregorj.com.br\/#website","url":"https:\/\/www.vagadeempregorj.com.br\/","name":"","description":"Conquiste Sonhos: Vagas, Benef\u00edcios e Economia para Transformar Vidas e Alcan\u00e7ar Melhorias Cotidianas","potentialAction":[{"@type":"SearchAction","target":{"@type":"EntryPoint","urlTemplate":"https:\/\/www.vagadeempregorj.com.br\/?s={search_term_string}"},"query-input":{"@type":"PropertyValueSpecification","valueRequired":true,"valueName":"search_term_string"}}],"inLanguage":"ar"},{"@type":"Person","@id":"https:\/\/www.vagadeempregorj.com.br\/#\/schema\/person\/3ddb19fa0539706786e502152f3aae95","name":"Michele","image":{"@type":"ImageObject","inLanguage":"ar","@id":"https:\/\/secure.gravatar.com\/avatar\/6b0eb9d22841282815e2cd856a0061c45e1761cd54b22e952d98c4746939aa85?s=96&r=g","url":"https:\/\/secure.gravatar.com\/avatar\/6b0eb9d22841282815e2cd856a0061c45e1761cd54b22e952d98c4746939aa85?s=96&r=g","contentUrl":"https:\/\/secure.gravatar.com\/avatar\/6b0eb9d22841282815e2cd856a0061c45e1761cd54b22e952d98c4746939aa85?s=96&r=g","caption":"Michele"},"description":"Formada em Letras - Portugu\u00eas\/ Ingl\u00eas, e idealizadora do site Escritora de Sucesso, busca expandir o conhecimento de todos com informa\u00e7\u00f5es relevantes sobre diversos assuntos, enquanto redatora. No Vaga de Emprego RJ, traz oportunidades e dicas sobre o mercado de trabalho.","url":"https:\/\/www.vagadeempregorj.com.br\/ar\/author\/michele\/"}]}},"_links":{"self":[{"href":"https:\/\/www.vagadeempregorj.com.br\/ar\/wp-json\/wp\/v2\/posts\/36920","targetHints":{"allow":["GET"]}}],"collection":[{"href":"https:\/\/www.vagadeempregorj.com.br\/ar\/wp-json\/wp\/v2\/posts"}],"about":[{"href":"https:\/\/www.vagadeempregorj.com.br\/ar\/wp-json\/wp\/v2\/types\/post"}],"author":[{"embeddable":true,"href":"https:\/\/www.vagadeempregorj.com.br\/ar\/wp-json\/wp\/v2\/users\/16"}],"replies":[{"embeddable":true,"href":"https:\/\/www.vagadeempregorj.com.br\/ar\/wp-json\/wp\/v2\/comments?post=36920"}],"version-history":[{"count":0,"href":"https:\/\/www.vagadeempregorj.com.br\/ar\/wp-json\/wp\/v2\/posts\/36920\/revisions"}],"wp:featuredmedia":[{"embeddable":true,"href":"https:\/\/www.vagadeempregorj.com.br\/ar\/wp-json\/wp\/v2\/media\/36932"}],"wp:attachment":[{"href":"https:\/\/www.vagadeempregorj.com.br\/ar\/wp-json\/wp\/v2\/media?parent=36920"}],"wp:term":[{"taxonomy":"category","embeddable":true,"href":"https:\/\/www.vagadeempregorj.com.br\/ar\/wp-json\/wp\/v2\/categories?post=36920"},{"taxonomy":"post_tag","embeddable":true,"href":"https:\/\/www.vagadeempregorj.com.br\/ar\/wp-json\/wp\/v2\/tags?post=36920"}],"curies":[{"name":"wp","href":"https:\/\/api.w.org\/{rel}","templated":true}]}}