{"id":36952,"date":"2023-11-08T00:02:00","date_gmt":"2023-11-08T03:02:00","guid":{"rendered":"https:\/\/www.vagadeempregorj.com.br\/?p=36952"},"modified":"2023-11-07T10:43:25","modified_gmt":"2023-11-07T13:43:25","slug":"empregos-azul-linhas-aereas","status":"publish","type":"post","link":"https:\/\/www.vagadeempregorj.com.br\/ar\/empregos-azul-linhas-aereas\/","title":{"rendered":"Operador de Atendimento, Auxiliar de Cargas, T\u00e9cnico de Manuten\u00e7\u00e3o de Aeronaves, Analista Tribut\u00e1rio e Agente de Aeroporto"},"content":{"rendered":"<p>Atualizado em<\/p>\n\n\n<div class=\"wp-block-post-date\"><time datetime=\"2023-11-08T00:02:00-03:00\">08\/11\/2023<\/time><\/div>\n\n\n<p>Os <strong>Empregos Azul Linhas A\u00e9reas<\/strong> contam com muitos benef\u00edcios, uma vez que os quase 14.000 tripulantes da empresa s\u00e3o apaixonados por servi\u00e7o, preocupando-se com os clientes e conectando pessoas ao oferecer experi\u00eancias \u00fanicas. Fundada em dezembro de 2008, \u00e9 a companhia a\u00e9rea com maior n\u00famero de voos e cidades atendidas no Brasil, com mais de 150 destinos dom\u00e9sticos e internacionais. Em 2020, a empresa foi eleita a Melhor Companhia A\u00e9rea do Mundo, sendo a \u00fanica do Brasil a receber esta homenagem.&nbsp;<\/p>\n\n\n\n<figure class=\"wp-block-image size-full\"><img loading=\"lazy\" decoding=\"async\" width=\"750\" height=\"350\" src=\"https:\/\/www.vagadeempregorj.com.br\/wp-content\/uploads\/2022\/12\/Empregos-Azul-Linhas-Aereas.jpg\" alt=\"Empregos Azul Linhas A\u00e9reas\" class=\"wp-image-36957\" srcset=\"https:\/\/www.vagadeempregorj.com.br\/wp-content\/uploads\/2022\/12\/Empregos-Azul-Linhas-Aereas.jpg 750w, https:\/\/www.vagadeempregorj.com.br\/wp-content\/uploads\/2022\/12\/Empregos-Azul-Linhas-Aereas-300x140.jpg 300w, https:\/\/www.vagadeempregorj.com.br\/wp-content\/uploads\/2022\/12\/Empregos-Azul-Linhas-Aereas-150x70.jpg 150w\" sizes=\"auto, (max-width: 750px) 100vw, 750px\" \/><figcaption class=\"wp-element-caption\">Imagem: Azul Linhas A\u00e9reas &#8211; Reprodu\u00e7\u00e3o<\/figcaption><\/figure>\n\n\n\n<h2 class=\"wp-block-heading\">Conhe\u00e7a todas as oportunidades de Empregos Azul Linhas A\u00e9reas&nbsp;<\/h2>\n\n\n\n<p>As vagas est\u00e3o dispon\u00edveis para os residentes dos estados de Minas Gerais, Rio de Janeiro, Pernambuco e S\u00e3o Paulo. Todas elas est\u00e3o abertas para pessoas com defici\u00eancia e a maior parte delas \u00e9 efetiva.<\/p>\n\n\n\n<p>\u00c9 ofertado diversos benef\u00edcios como incentivo \u00e0 educa\u00e7\u00e3o, Programa de Concess\u00e3o de Passagens, treinamento na Universidade, Assist\u00eancia M\u00e9dica, plano de desenvolvimento individual, Assist\u00eancia Odontol\u00f3gica, terapia online, Aux\u00edlio Creche, acompanhamento nutricional, Empr\u00e9stimo Consignado, Programa Antitabagismo, descontos em estabelecimentos credenciados , Total Pass, Ifood Benef\u00edcios, Gympass, Previd\u00eancia Privada, Cegonha Azul, Seguro de Vida, atendimento financeiro, psicossocial e jur\u00eddico e estacionamento. Veja todas as fun\u00e7\u00f5es ofertadas a seguir:<\/p>\n\n\n\n<ul class=\"wp-block-list\">\n<li>Anl. Alian\u00e7as e Distribui\u00e7\u00e3o S\u00eanior;<\/li>\n\n\n\n<li>Op. Atendimento Escala;<\/li>\n\n\n\n<li>Anl. Compras S\u00eanior;<\/li>\n\n\n\n<li>Controlador MCC;<\/li>\n\n\n\n<li>Anl. Contratos de Motores Junior;<\/li>\n\n\n\n<li>Op. de Atendimento ao Cliente Vendas;<\/li>\n\n\n\n<li>Anl. de Compras T\u00e9cnicas S\u00eanior;<\/li>\n\n\n\n<li>Espec. T\u00e9cnico PCP;<\/li>\n\n\n\n<li>Anl. de Mercado de Dados S\u00eanior;<\/li>\n\n\n\n<li>Coord. Governan\u00e7a em TI;<\/li>\n\n\n\n<li>Anl. de Planejamento Financeiro Pl;<\/li>\n\n\n\n<li>Espec. Suprimento T\u00e9cnico AOG;<\/li>\n\n\n\n<li>Anl. Diversidade e Inclus\u00e3o S\u00eanior;<\/li>\n\n\n\n<li>Coord. Treinamento T\u00e9cnico;<\/li>\n\n\n\n<li>Anl. Garantias de Aeronaves Junior;<\/li>\n\n\n\n<li>Eng. Manuten\u00e7\u00e3o Aeronaves S\u00eanior;<\/li>\n\n\n\n<li>ANL. PRODUTOS PL;<\/li>\n\n\n\n<li>Espec. em TI;<\/li>\n\n\n\n<li>ANL. PUBLICA\u00c7\u00d5ES TECNICAS JUNIOR;<\/li>\n\n\n\n<li>Espec. Manuten\u00e7\u00e3o QRT;<\/li>\n\n\n\n<li>ANL. SOLU\u00c7\u00d5ES NEG\u00d3CIOS PLENO;<\/li>\n\n\n\n<li>Tec. Manuten\u00e7\u00e3o Linha;<\/li>\n\n\n\n<li>Anl. Tribut\u00e1rio Pl;<\/li>\n\n\n\n<li>Auditor Interno Sr (PCD);<\/li>\n\n\n\n<li>Ass. de Catering;<\/li>\n\n\n\n<li>Tec. Manuten\u00e7\u00e3o Aeronaves Trainee;<\/li>\n\n\n\n<li>Ass. PCP;<\/li>\n\n\n\n<li>Agente Aeroporto;<\/li>\n\n\n\n<li>Anl. de Programa de Aeronaves Jr;<\/li>\n\n\n\n<li>ANL. DE RECEITA AUXILIAR SR;<\/li>\n\n\n\n<li>ANL. PLANEJAMENTO MALHA SR;<\/li>\n\n\n\n<li>ANL. REVENUE MANAGEMENT SR (PCD).<\/li>\n<\/ul>\n\n\n\n<h3 class=\"wp-block-heading\">Como se candidatar<\/h3>\n\n\n\n<p>Para concorrer a essas vagas anunciadas o primeiro passo \u00e9 acessar o site em que o processo de recrutamento \u00e9 feito. Para isso, clique no link abaixo:<\/p>\n\n\n\n<ul class=\"wp-block-list\">\n<li><a href=\"https:\/\/voeazul.gupy.io\/\">Vagas Azul.<\/a><\/li>\n<\/ul>\n\n\n\n<p>Em seguida, encontre o cargo desejado e fa\u00e7a a sua inscri\u00e7\u00e3o criando um cadastro na p\u00e1gina se o seu perfil for correspondente com os requisitos. Por fim, aguarde o contato da empresa para marcar a entrevista.<\/p>\n\n\n\n<p><strong>Veja tamb\u00e9m: <a href=\"https:\/\/www.vagadeempregorj.com.br\/ar\/empregos-grupo-tangipar\/\">Almoxarife, Motorista de Caminh\u00e3o, Operador de Produ\u00e7\u00e3o, Recepcionista, Jovem Aprendiz e muito mais na Empresa Grupo Tangipar<\/a><\/strong><\/p>\n\n\n\n<h2 class=\"wp-block-heading\">Sobre a Azul Linhas A\u00e9reas<\/h2>\n\n\n\n<p>\u00c9 uma companhia orientada para as pessoas que serve as pessoas. Para levar os seus clientes aonde eles querem, contam com uma sofisticada rede de profissionais engajados e comprometidos em entregar a melhor experi\u00eancia poss\u00edvel, garantindo total seguran\u00e7a e efici\u00eancia.<\/p>\n\n\n\n<p>Por isso, as melhores tripula\u00e7\u00f5es de voo do mundo contam com pessoal t\u00e9cnico especializado (pilotos, comiss\u00e1rios de bordo, mec\u00e2nicos de aeronaves, engenheiros, controladores de voo, etc.), profissionais dedicados ao atendimento ao cliente e toda uma equipe de gest\u00e3o para dar suporte a essa grande engrenagem.<\/p>\n\n\n\n<p>Eles valorizam a compet\u00eancia, a \u00e9tica e os valores dos profissionais. Todos os seus processos seletivos s\u00e3o conduzidos sem distin\u00e7\u00e3o de religi\u00e3o, ra\u00e7a, classe social, cor, idade, g\u00eanero, defici\u00eancia, nacionalidade ou qualquer outra caracter\u00edstica.&nbsp;<\/p>","protected":false},"excerpt":{"rendered":"<p>Atualizado em Os Empregos Azul Linhas A\u00e9reas contam com muitos benef\u00edcios, uma vez que os quase 14.000 tripulantes da empresa s\u00e3o apaixonados por servi\u00e7o, preocupando-se com os clientes e conectando pessoas ao oferecer experi\u00eancias \u00fanicas. Fundada em dezembro de 2008, \u00e9 a companhia a\u00e9rea com maior n\u00famero de voos e cidades atendidas no Brasil, com&hellip;&nbsp;<\/p>","protected":false},"author":16,"featured_media":36957,"comment_status":"closed","ping_status":"closed","sticky":false,"template":"","format":"standard","meta":{"neve_meta_sidebar":"","neve_meta_container":"","neve_meta_enable_content_width":"","neve_meta_content_width":0,"neve_meta_title_alignment":"","neve_meta_author_avatar":"","neve_post_elements_order":"","neve_meta_disable_header":"","neve_meta_disable_footer":"","neve_meta_disable_title":"","footnotes":""},"categories":[123],"tags":[620,608,211],"class_list":["post-36952","post","type-post","status-publish","format-standard","has-post-thumbnail","hentry","category-vagas-de-emprego-nacionais","tag-azul-linhas-aereas-2","tag-oportunidades","tag-vagas-de-emprego"],"yoast_head":"<!-- This site is optimized with the Yoast SEO plugin v27.5 - https:\/\/yoast.com\/product\/yoast-seo-wordpress\/ -->\n<title>Operador de Atendimento, Auxiliar de Cargas, T\u00e9cnico de Manuten\u00e7\u00e3o de Aeronaves, Analista Tribut\u00e1rio e Agente de Aeroporto -<\/title>\n<meta name=\"description\" content=\"Veja em Vagas de Emprego RJ as vagas de emprego com e sem experi\u00eancia no seu Estado e Regi\u00e3o!\" \/>\n<meta name=\"robots\" content=\"index, follow, max-snippet:-1, max-image-preview:large, max-video-preview:-1\" \/>\n<link rel=\"canonical\" href=\"https:\/\/www.vagadeempregorj.com.br\/ar\/empregos-azul-linhas-aereas\/\" \/>\n<meta property=\"og:locale\" content=\"ar_AR\" \/>\n<meta property=\"og:type\" content=\"article\" \/>\n<meta property=\"og:title\" content=\"Operador de Atendimento, Auxiliar de Cargas, T\u00e9cnico de Manuten\u00e7\u00e3o de Aeronaves, Analista Tribut\u00e1rio e Agente de Aeroporto -\" \/>\n<meta property=\"og:description\" content=\"Veja em Vagas de Emprego RJ as vagas de emprego com e sem experi\u00eancia no seu Estado e Regi\u00e3o!\" \/>\n<meta property=\"og:url\" content=\"https:\/\/www.vagadeempregorj.com.br\/ar\/empregos-azul-linhas-aereas\/\" \/>\n<meta property=\"article:publisher\" content=\"https:\/\/www.facebook.com\/empregobrasiloficial\" \/>\n<meta property=\"article:published_time\" content=\"2023-11-08T03:02:00+00:00\" \/>\n<meta property=\"og:image\" content=\"https:\/\/www.vagadeempregorj.com.br\/wp-content\/uploads\/2022\/12\/Empregos-Azul-Linhas-Aereas.jpg\" \/>\n\t<meta property=\"og:image:width\" content=\"750\" \/>\n\t<meta property=\"og:image:height\" content=\"350\" \/>\n\t<meta property=\"og:image:type\" content=\"image\/jpeg\" \/>\n<meta name=\"author\" content=\"Michele\" \/>\n<meta name=\"twitter:card\" content=\"summary_large_image\" \/>\n<meta name=\"twitter:label1\" content=\"Written by\" \/>\n\t<meta name=\"twitter:data1\" content=\"Michele\" \/>\n\t<meta name=\"twitter:label2\" content=\"Est. reading time\" \/>\n\t<meta name=\"twitter:data2\" content=\"3 \u062f\u0642\u0627\u0626\u0642\" \/>\n<script type=\"application\/ld+json\" class=\"yoast-schema-graph\">{\"@context\":\"https:\\\/\\\/schema.org\",\"@graph\":[{\"@type\":\"Article\",\"@id\":\"https:\\\/\\\/www.vagadeempregorj.com.br\\\/empregos-azul-linhas-aereas\\\/#article\",\"isPartOf\":{\"@id\":\"https:\\\/\\\/www.vagadeempregorj.com.br\\\/empregos-azul-linhas-aereas\\\/\"},\"author\":{\"name\":\"Michele\",\"@id\":\"https:\\\/\\\/www.vagadeempregorj.com.br\\\/#\\\/schema\\\/person\\\/3ddb19fa0539706786e502152f3aae95\"},\"headline\":\"Operador de Atendimento, Auxiliar de Cargas, T\u00e9cnico de Manuten\u00e7\u00e3o de Aeronaves, Analista Tribut\u00e1rio e Agente de Aeroporto\",\"datePublished\":\"2023-11-08T03:02:00+00:00\",\"mainEntityOfPage\":{\"@id\":\"https:\\\/\\\/www.vagadeempregorj.com.br\\\/empregos-azul-linhas-aereas\\\/\"},\"wordCount\":622,\"image\":{\"@id\":\"https:\\\/\\\/www.vagadeempregorj.com.br\\\/empregos-azul-linhas-aereas\\\/#primaryimage\"},\"thumbnailUrl\":\"https:\\\/\\\/www.vagadeempregorj.com.br\\\/wp-content\\\/uploads\\\/2022\\\/12\\\/Empregos-Azul-Linhas-Aereas.jpg\",\"keywords\":[\"Azul Linhas A\u00e9reas\",\"oportunidades\",\"vagas de emprego\"],\"articleSection\":[\"Vagas de Emprego Nacionais\"],\"inLanguage\":\"ar\"},{\"@type\":\"WebPage\",\"@id\":\"https:\\\/\\\/www.vagadeempregorj.com.br\\\/empregos-azul-linhas-aereas\\\/\",\"url\":\"https:\\\/\\\/www.vagadeempregorj.com.br\\\/empregos-azul-linhas-aereas\\\/\",\"name\":\"Operador de Atendimento, Auxiliar de Cargas, T\u00e9cnico de Manuten\u00e7\u00e3o de Aeronaves, Analista Tribut\u00e1rio e Agente de Aeroporto -\",\"isPartOf\":{\"@id\":\"https:\\\/\\\/www.vagadeempregorj.com.br\\\/#website\"},\"primaryImageOfPage\":{\"@id\":\"https:\\\/\\\/www.vagadeempregorj.com.br\\\/empregos-azul-linhas-aereas\\\/#primaryimage\"},\"image\":{\"@id\":\"https:\\\/\\\/www.vagadeempregorj.com.br\\\/empregos-azul-linhas-aereas\\\/#primaryimage\"},\"thumbnailUrl\":\"https:\\\/\\\/www.vagadeempregorj.com.br\\\/wp-content\\\/uploads\\\/2022\\\/12\\\/Empregos-Azul-Linhas-Aereas.jpg\",\"datePublished\":\"2023-11-08T03:02:00+00:00\",\"author\":{\"@id\":\"https:\\\/\\\/www.vagadeempregorj.com.br\\\/#\\\/schema\\\/person\\\/3ddb19fa0539706786e502152f3aae95\"},\"description\":\"Veja em Vagas de Emprego RJ as vagas de emprego com e sem experi\u00eancia no seu Estado e Regi\u00e3o!\",\"breadcrumb\":{\"@id\":\"https:\\\/\\\/www.vagadeempregorj.com.br\\\/empregos-azul-linhas-aereas\\\/#breadcrumb\"},\"inLanguage\":\"ar\",\"potentialAction\":[{\"@type\":\"ReadAction\",\"target\":[\"https:\\\/\\\/www.vagadeempregorj.com.br\\\/empregos-azul-linhas-aereas\\\/\"]}]},{\"@type\":\"ImageObject\",\"inLanguage\":\"ar\",\"@id\":\"https:\\\/\\\/www.vagadeempregorj.com.br\\\/empregos-azul-linhas-aereas\\\/#primaryimage\",\"url\":\"https:\\\/\\\/www.vagadeempregorj.com.br\\\/wp-content\\\/uploads\\\/2022\\\/12\\\/Empregos-Azul-Linhas-Aereas.jpg\",\"contentUrl\":\"https:\\\/\\\/www.vagadeempregorj.com.br\\\/wp-content\\\/uploads\\\/2022\\\/12\\\/Empregos-Azul-Linhas-Aereas.jpg\",\"width\":750,\"height\":350,\"caption\":\"Imagem: Azul Linhas A\u00e9reas - Reprodu\u00e7\u00e3o\"},{\"@type\":\"BreadcrumbList\",\"@id\":\"https:\\\/\\\/www.vagadeempregorj.com.br\\\/empregos-azul-linhas-aereas\\\/#breadcrumb\",\"itemListElement\":[{\"@type\":\"ListItem\",\"position\":1,\"name\":\"In\u00edcio\",\"item\":\"https:\\\/\\\/www.vagadeempregorj.com.br\\\/\"},{\"@type\":\"ListItem\",\"position\":2,\"name\":\"Vagas de Emprego Nacionais\",\"item\":\"https:\\\/\\\/www.vagadeempregorj.com.br\\\/vagas-de-emprego-nacionais\\\/\"},{\"@type\":\"ListItem\",\"position\":3,\"name\":\"Operador de Atendimento, Auxiliar de Cargas, T\u00e9cnico de Manuten\u00e7\u00e3o de Aeronaves, Analista Tribut\u00e1rio e Agente de Aeroporto\"}]},{\"@type\":\"WebSite\",\"@id\":\"https:\\\/\\\/www.vagadeempregorj.com.br\\\/#website\",\"url\":\"https:\\\/\\\/www.vagadeempregorj.com.br\\\/\",\"name\":\"\",\"description\":\"Conquiste Sonhos: Vagas, Benef\u00edcios e Economia para Transformar Vidas e Alcan\u00e7ar Melhorias Cotidianas\",\"potentialAction\":[{\"@type\":\"SearchAction\",\"target\":{\"@type\":\"EntryPoint\",\"urlTemplate\":\"https:\\\/\\\/www.vagadeempregorj.com.br\\\/?s={search_term_string}\"},\"query-input\":{\"@type\":\"PropertyValueSpecification\",\"valueRequired\":true,\"valueName\":\"search_term_string\"}}],\"inLanguage\":\"ar\"},{\"@type\":\"Person\",\"@id\":\"https:\\\/\\\/www.vagadeempregorj.com.br\\\/#\\\/schema\\\/person\\\/3ddb19fa0539706786e502152f3aae95\",\"name\":\"Michele\",\"image\":{\"@type\":\"ImageObject\",\"inLanguage\":\"ar\",\"@id\":\"https:\\\/\\\/secure.gravatar.com\\\/avatar\\\/6b0eb9d22841282815e2cd856a0061c45e1761cd54b22e952d98c4746939aa85?s=96&r=g\",\"url\":\"https:\\\/\\\/secure.gravatar.com\\\/avatar\\\/6b0eb9d22841282815e2cd856a0061c45e1761cd54b22e952d98c4746939aa85?s=96&r=g\",\"contentUrl\":\"https:\\\/\\\/secure.gravatar.com\\\/avatar\\\/6b0eb9d22841282815e2cd856a0061c45e1761cd54b22e952d98c4746939aa85?s=96&r=g\",\"caption\":\"Michele\"},\"description\":\"Formada em Letras - Portugu\u00eas\\\/ Ingl\u00eas, e idealizadora do site Escritora de Sucesso, busca expandir o conhecimento de todos com informa\u00e7\u00f5es relevantes sobre diversos assuntos, enquanto redatora. No Vaga de Emprego RJ, traz oportunidades e dicas sobre o mercado de trabalho.\",\"url\":\"https:\\\/\\\/www.vagadeempregorj.com.br\\\/ar\\\/author\\\/michele\\\/\"}]}<\/script>\n<!-- \/ Yoast SEO plugin. -->","yoast_head_json":{"title":"Operador de Atendimento, Auxiliar de Cargas, T\u00e9cnico de Manuten\u00e7\u00e3o de Aeronaves, Analista Tribut\u00e1rio e Agente de Aeroporto -","description":"Veja em Vagas de Emprego RJ as vagas de emprego com e sem experi\u00eancia no seu Estado e Regi\u00e3o!","robots":{"index":"index","follow":"follow","max-snippet":"max-snippet:-1","max-image-preview":"max-image-preview:large","max-video-preview":"max-video-preview:-1"},"canonical":"https:\/\/www.vagadeempregorj.com.br\/ar\/empregos-azul-linhas-aereas\/","og_locale":"ar_AR","og_type":"article","og_title":"Operador de Atendimento, Auxiliar de Cargas, T\u00e9cnico de Manuten\u00e7\u00e3o de Aeronaves, Analista Tribut\u00e1rio e Agente de Aeroporto -","og_description":"Veja em Vagas de Emprego RJ as vagas de emprego com e sem experi\u00eancia no seu Estado e Regi\u00e3o!","og_url":"https:\/\/www.vagadeempregorj.com.br\/ar\/empregos-azul-linhas-aereas\/","article_publisher":"https:\/\/www.facebook.com\/empregobrasiloficial","article_published_time":"2023-11-08T03:02:00+00:00","og_image":[{"width":750,"height":350,"url":"https:\/\/www.vagadeempregorj.com.br\/wp-content\/uploads\/2022\/12\/Empregos-Azul-Linhas-Aereas.jpg","type":"image\/jpeg"}],"author":"Michele","twitter_card":"summary_large_image","twitter_misc":{"Written by":"Michele","Est. reading time":"3 \u062f\u0642\u0627\u0626\u0642"},"schema":{"@context":"https:\/\/schema.org","@graph":[{"@type":"Article","@id":"https:\/\/www.vagadeempregorj.com.br\/empregos-azul-linhas-aereas\/#article","isPartOf":{"@id":"https:\/\/www.vagadeempregorj.com.br\/empregos-azul-linhas-aereas\/"},"author":{"name":"Michele","@id":"https:\/\/www.vagadeempregorj.com.br\/#\/schema\/person\/3ddb19fa0539706786e502152f3aae95"},"headline":"Operador de Atendimento, Auxiliar de Cargas, T\u00e9cnico de Manuten\u00e7\u00e3o de Aeronaves, Analista Tribut\u00e1rio e Agente de Aeroporto","datePublished":"2023-11-08T03:02:00+00:00","mainEntityOfPage":{"@id":"https:\/\/www.vagadeempregorj.com.br\/empregos-azul-linhas-aereas\/"},"wordCount":622,"image":{"@id":"https:\/\/www.vagadeempregorj.com.br\/empregos-azul-linhas-aereas\/#primaryimage"},"thumbnailUrl":"https:\/\/www.vagadeempregorj.com.br\/wp-content\/uploads\/2022\/12\/Empregos-Azul-Linhas-Aereas.jpg","keywords":["Azul Linhas A\u00e9reas","oportunidades","vagas de emprego"],"articleSection":["Vagas de Emprego Nacionais"],"inLanguage":"ar"},{"@type":"WebPage","@id":"https:\/\/www.vagadeempregorj.com.br\/empregos-azul-linhas-aereas\/","url":"https:\/\/www.vagadeempregorj.com.br\/empregos-azul-linhas-aereas\/","name":"Operador de Atendimento, Auxiliar de Cargas, T\u00e9cnico de Manuten\u00e7\u00e3o de Aeronaves, Analista Tribut\u00e1rio e Agente de Aeroporto -","isPartOf":{"@id":"https:\/\/www.vagadeempregorj.com.br\/#website"},"primaryImageOfPage":{"@id":"https:\/\/www.vagadeempregorj.com.br\/empregos-azul-linhas-aereas\/#primaryimage"},"image":{"@id":"https:\/\/www.vagadeempregorj.com.br\/empregos-azul-linhas-aereas\/#primaryimage"},"thumbnailUrl":"https:\/\/www.vagadeempregorj.com.br\/wp-content\/uploads\/2022\/12\/Empregos-Azul-Linhas-Aereas.jpg","datePublished":"2023-11-08T03:02:00+00:00","author":{"@id":"https:\/\/www.vagadeempregorj.com.br\/#\/schema\/person\/3ddb19fa0539706786e502152f3aae95"},"description":"Veja em Vagas de Emprego RJ as vagas de emprego com e sem experi\u00eancia no seu Estado e Regi\u00e3o!","breadcrumb":{"@id":"https:\/\/www.vagadeempregorj.com.br\/empregos-azul-linhas-aereas\/#breadcrumb"},"inLanguage":"ar","potentialAction":[{"@type":"ReadAction","target":["https:\/\/www.vagadeempregorj.com.br\/empregos-azul-linhas-aereas\/"]}]},{"@type":"ImageObject","inLanguage":"ar","@id":"https:\/\/www.vagadeempregorj.com.br\/empregos-azul-linhas-aereas\/#primaryimage","url":"https:\/\/www.vagadeempregorj.com.br\/wp-content\/uploads\/2022\/12\/Empregos-Azul-Linhas-Aereas.jpg","contentUrl":"https:\/\/www.vagadeempregorj.com.br\/wp-content\/uploads\/2022\/12\/Empregos-Azul-Linhas-Aereas.jpg","width":750,"height":350,"caption":"Imagem: Azul Linhas A\u00e9reas - Reprodu\u00e7\u00e3o"},{"@type":"BreadcrumbList","@id":"https:\/\/www.vagadeempregorj.com.br\/empregos-azul-linhas-aereas\/#breadcrumb","itemListElement":[{"@type":"ListItem","position":1,"name":"In\u00edcio","item":"https:\/\/www.vagadeempregorj.com.br\/"},{"@type":"ListItem","position":2,"name":"Vagas de Emprego Nacionais","item":"https:\/\/www.vagadeempregorj.com.br\/vagas-de-emprego-nacionais\/"},{"@type":"ListItem","position":3,"name":"Operador de Atendimento, Auxiliar de Cargas, T\u00e9cnico de Manuten\u00e7\u00e3o de Aeronaves, Analista Tribut\u00e1rio e Agente de Aeroporto"}]},{"@type":"WebSite","@id":"https:\/\/www.vagadeempregorj.com.br\/#website","url":"https:\/\/www.vagadeempregorj.com.br\/","name":"","description":"Conquiste Sonhos: Vagas, Benef\u00edcios e Economia para Transformar Vidas e Alcan\u00e7ar Melhorias Cotidianas","potentialAction":[{"@type":"SearchAction","target":{"@type":"EntryPoint","urlTemplate":"https:\/\/www.vagadeempregorj.com.br\/?s={search_term_string}"},"query-input":{"@type":"PropertyValueSpecification","valueRequired":true,"valueName":"search_term_string"}}],"inLanguage":"ar"},{"@type":"Person","@id":"https:\/\/www.vagadeempregorj.com.br\/#\/schema\/person\/3ddb19fa0539706786e502152f3aae95","name":"Michele","image":{"@type":"ImageObject","inLanguage":"ar","@id":"https:\/\/secure.gravatar.com\/avatar\/6b0eb9d22841282815e2cd856a0061c45e1761cd54b22e952d98c4746939aa85?s=96&r=g","url":"https:\/\/secure.gravatar.com\/avatar\/6b0eb9d22841282815e2cd856a0061c45e1761cd54b22e952d98c4746939aa85?s=96&r=g","contentUrl":"https:\/\/secure.gravatar.com\/avatar\/6b0eb9d22841282815e2cd856a0061c45e1761cd54b22e952d98c4746939aa85?s=96&r=g","caption":"Michele"},"description":"Formada em Letras - Portugu\u00eas\/ Ingl\u00eas, e idealizadora do site Escritora de Sucesso, busca expandir o conhecimento de todos com informa\u00e7\u00f5es relevantes sobre diversos assuntos, enquanto redatora. No Vaga de Emprego RJ, traz oportunidades e dicas sobre o mercado de trabalho.","url":"https:\/\/www.vagadeempregorj.com.br\/ar\/author\/michele\/"}]}},"_links":{"self":[{"href":"https:\/\/www.vagadeempregorj.com.br\/ar\/wp-json\/wp\/v2\/posts\/36952","targetHints":{"allow":["GET"]}}],"collection":[{"href":"https:\/\/www.vagadeempregorj.com.br\/ar\/wp-json\/wp\/v2\/posts"}],"about":[{"href":"https:\/\/www.vagadeempregorj.com.br\/ar\/wp-json\/wp\/v2\/types\/post"}],"author":[{"embeddable":true,"href":"https:\/\/www.vagadeempregorj.com.br\/ar\/wp-json\/wp\/v2\/users\/16"}],"replies":[{"embeddable":true,"href":"https:\/\/www.vagadeempregorj.com.br\/ar\/wp-json\/wp\/v2\/comments?post=36952"}],"version-history":[{"count":0,"href":"https:\/\/www.vagadeempregorj.com.br\/ar\/wp-json\/wp\/v2\/posts\/36952\/revisions"}],"wp:featuredmedia":[{"embeddable":true,"href":"https:\/\/www.vagadeempregorj.com.br\/ar\/wp-json\/wp\/v2\/media\/36957"}],"wp:attachment":[{"href":"https:\/\/www.vagadeempregorj.com.br\/ar\/wp-json\/wp\/v2\/media?parent=36952"}],"wp:term":[{"taxonomy":"category","embeddable":true,"href":"https:\/\/www.vagadeempregorj.com.br\/ar\/wp-json\/wp\/v2\/categories?post=36952"},{"taxonomy":"post_tag","embeddable":true,"href":"https:\/\/www.vagadeempregorj.com.br\/ar\/wp-json\/wp\/v2\/tags?post=36952"}],"curies":[{"name":"wp","href":"https:\/\/api.w.org\/{rel}","templated":true}]}}