{"id":37022,"date":"2023-11-09T00:01:00","date_gmt":"2023-11-09T03:01:00","guid":{"rendered":"https:\/\/www.vagadeempregorj.com.br\/?p=37022"},"modified":"2024-11-16T15:09:25","modified_gmt":"2024-11-16T18:09:25","slug":"empregos-ita","status":"publish","type":"post","link":"https:\/\/www.vagadeempregorj.com.br\/ar\/empregos-ita\/","title":{"rendered":"Vendedores Externos, Ajudante de Expedi\u00e7\u00e3o, Gerente de Log\u00edstica, Promotores de Vendas, Auxiliares Administrativos e mais na Empresa ITA"},"content":{"rendered":"<p>Atualizado em<\/p>\n\n\n<div class=\"wp-block-post-date\"><time datetime=\"2023-11-09T00:01:00-03:00\">09\/11\/2023<\/time><\/div>\n\n\n<p>Os <strong>Empregos ITA<\/strong> est\u00e3o sempre \u00e0 procura de novos talentos que compartilham seus valores e consideram sua identidade. Suas atividades di\u00e1rias s\u00e3o compartilhadas, entregando o melhor de si em um ambiente din\u00e2mico. Em troca, eles t\u00eam a chance de se desenvolver profissionalmente e pessoalmente enquanto ganham um papel na conquista dos cora\u00e7\u00f5es dos consumidores.<\/p>\n\n\n\n<figure class=\"wp-block-image size-full\"><img loading=\"lazy\" decoding=\"async\" width=\"399\" height=\"455\" src=\"https:\/\/www.vagadeempregorj.com.br\/wp-content\/uploads\/2022\/12\/Ita-Alimentos.jpg\" alt=\"Ita Alimentos\" class=\"wp-image-37024\" srcset=\"https:\/\/www.vagadeempregorj.com.br\/wp-content\/uploads\/2022\/12\/Ita-Alimentos.jpg 399w, https:\/\/www.vagadeempregorj.com.br\/wp-content\/uploads\/2022\/12\/Ita-Alimentos-263x300.jpg 263w, https:\/\/www.vagadeempregorj.com.br\/wp-content\/uploads\/2022\/12\/Ita-Alimentos-150x171.jpg 150w\" sizes=\"auto, (max-width: 399px) 100vw, 399px\" \/><figcaption class=\"wp-element-caption\">Imagem: Ita Alimentos &#8211; Reprodu\u00e7\u00e3o<\/figcaption><\/figure>\n\n\n\n<h2 class=\"wp-block-heading\">Veja as oportunidades de empregos ITA<\/h2>\n\n\n\n<p>Existem in\u00fameras oportunidades de emprego na empresa ITA. Al\u00e9m dos contratos CLT e sal\u00e1rios fixos, a empresa tamb\u00e9m fornece uma s\u00e9rie de benef\u00edcios que s\u00e3o discutidos durante todo o processo de contrata\u00e7\u00e3o. Os trabalhos exigem habilidades no campo escolhido em n\u00edveis que variam de fundamental ao superior completo. Confira algumas posi\u00e7\u00f5es que podem ser preenchidas agora:<\/p>\n\n\n\n<ul class=\"wp-block-list\">\n<li>Vendedores Externos;<\/li>\n\n\n\n<li>Banco de Talento;<\/li>\n\n\n\n<li>Promotores de Vendas;<\/li>\n\n\n\n<li>Gerente de Log\u00edstica;<\/li>\n\n\n\n<li>Controller;<\/li>\n\n\n\n<li>Auxiliares Administrativos \u2014 Recupera\u00e7\u00e3o de Cr\u00e9dito;<\/li>\n\n\n\n<li>Auxiliares Administrativos \u2014 Faturamento;<\/li>\n\n\n\n<li>Auxiliares Administrativos \u2014 exclusivo para portadores de defici\u00eancia;<\/li>\n\n\n\n<li>Ajudante de Expedi\u00e7\u00e3o.&nbsp;<\/li>\n<\/ul>\n\n\n\n<p>As posi\u00e7\u00f5es abertas podem sofrer mudan\u00e7as frequentes quando a empresa contrata novos funcion\u00e1rios, j\u00e1 que novas oportunidades s\u00e3o anunciadas atrav\u00e9s da plataforma Gupy, que \u00e9 atualizada semanalmente pela companhia. As pessoas que est\u00e3o interessadas em trabalhar para a empresa e se identificam com sua cultura, mas n\u00e3o conseguem encontrar uma posi\u00e7\u00e3o que se adapte \u00e0s suas habilidades, podem deixar seus curr\u00edculos no banco de talentos.<\/p>\n\n\n\n<h3 class=\"wp-block-heading\">Como se candidatar&nbsp;<\/h3>\n\n\n\n<p>Para preencher seu formul\u00e1rio de inscri\u00e7\u00e3o, a parte interessada deve selecionar a posi\u00e7\u00e3o que melhor se adapta \u00e0s suas habilidades profissionais. As oportunidades est\u00e3o dispon\u00edveis atrav\u00e9s do site abaixo por um per\u00edodo de tempo indefinido:<\/p>\n\n\n\n<ul class=\"wp-block-list\">\n<li>Copie e cole o endere\u00e7o em seu navegador: <strong>https:\/\/itaalimentos.vagas.solides.com.br\/<\/strong>.<\/li>\n<\/ul>\n\n\n\n<p>Os candidatos podem conferir todas as vagas, informa\u00e7\u00f5es relacionadas ao cargo escolhido e sobre a empresa, al\u00e9m de crit\u00e9rios exigidos para que o processo seletivo seja conclu\u00eddo com \u00eaxito atrav\u00e9s do link \u201cCarreiras ITA\u201d.<\/p>\n\n\n\n<p><strong>Veja tamb\u00e9m: <a href=\"https:\/\/www.vagadeempregorj.com.br\/ar\/empregos-light\/\">Eletricista de Rede, Est\u00e1gios, Analistas e muito mais na Empresa Light<\/a><\/strong><\/p>\n\n\n\n<h2 class=\"wp-block-heading\">Sobre a empresa ITA&nbsp;<\/h2>\n\n\n\n<p>Uma companhia jovem, familiar, moderna e estabelecida que investe em controle de qualidade, recursos humanos, infraestrutura, responsabilidade ambiental e responsabilidade social, a ITA foi fundada em Itabirito\/MG em 1990.<\/p>\n\n\n\n<p>O objetivo da fus\u00e3o entre a MGE Distribuidora e a Latic\u00ednios ITA era fortalecer as opera\u00e7\u00f5es comerciais. A nova empresa passou a ser conhecida como ITA Alimentos. Este sindicato anunciou o in\u00edcio de um per\u00edodo de expans\u00e3o e fortalecimento da marca ITA como uma empresa \u00fanica criada pela ind\u00fastria e pelo seu distribuidor.<\/p>\n\n\n\n<p>A ITA agora possui as duas certifica\u00e7\u00f5es de qualidade mais rigorosas dispon\u00edveis no mercado, a BPF e a APPCC demonstrando o compromisso da marca com a qualidade e a integridade de seus produtos. A empresa est\u00e1 atualmente listada entre um grupo seleto de ind\u00fastrias aliment\u00edcias que s\u00e3o autorizados para exporta\u00e7\u00e3o em mercados estrangeiros.<\/p>\n\n\n\n<p>Os produtores t\u00eam apoio t\u00e9cnico de veterin\u00e1rios, agricultores e engenheiros agr\u00edcolas, garantindo a qualidade do leite e auxiliando na expans\u00e3o e sustentabilidade dos neg\u00f3cios.<\/p>","protected":false},"excerpt":{"rendered":"<p>Atualizado em Os Empregos ITA est\u00e3o sempre \u00e0 procura de novos talentos que compartilham seus valores e consideram sua identidade. Suas atividades di\u00e1rias s\u00e3o compartilhadas, entregando o melhor de si em um ambiente din\u00e2mico. Em troca, eles t\u00eam a chance de se desenvolver profissionalmente e pessoalmente enquanto ganham um papel na conquista dos cora\u00e7\u00f5es dos&hellip;&nbsp;<\/p>","protected":false},"author":16,"featured_media":37024,"comment_status":"closed","ping_status":"closed","sticky":false,"template":"","format":"standard","meta":{"neve_meta_sidebar":"","neve_meta_container":"","neve_meta_enable_content_width":"","neve_meta_content_width":0,"neve_meta_title_alignment":"","neve_meta_author_avatar":"","neve_post_elements_order":"","neve_meta_disable_header":"","neve_meta_disable_footer":"","neve_meta_disable_title":"","footnotes":""},"categories":[123],"tags":[771,608,211],"class_list":["post-37022","post","type-post","status-publish","format-standard","has-post-thumbnail","hentry","category-vagas-de-emprego-nacionais","tag-ita-alimentos","tag-oportunidades","tag-vagas-de-emprego"],"yoast_head":"<!-- This site is optimized with the Yoast SEO plugin v27.5 - https:\/\/yoast.com\/product\/yoast-seo-wordpress\/ -->\n<title>Vendedores Externos, Ajudante de Expedi\u00e7\u00e3o, Gerente de Log\u00edstica, Promotores de Vendas, Auxiliares Administrativos e mais na Empresa ITA -<\/title>\n<meta name=\"description\" content=\"Veja em Vagas de Emprego RJ as vagas de emprego com e sem experi\u00eancia no seu Estado e Regi\u00e3o!\" \/>\n<meta name=\"robots\" content=\"index, follow, max-snippet:-1, max-image-preview:large, max-video-preview:-1\" \/>\n<link rel=\"canonical\" href=\"https:\/\/www.vagadeempregorj.com.br\/ar\/empregos-ita\/\" \/>\n<meta property=\"og:locale\" content=\"ar_AR\" \/>\n<meta property=\"og:type\" content=\"article\" \/>\n<meta property=\"og:title\" content=\"Vendedores Externos, Ajudante de Expedi\u00e7\u00e3o, Gerente de Log\u00edstica, Promotores de Vendas, Auxiliares Administrativos e mais na Empresa ITA -\" \/>\n<meta property=\"og:description\" content=\"Veja em Vagas de Emprego RJ as vagas de emprego com e sem experi\u00eancia no seu Estado e Regi\u00e3o!\" \/>\n<meta property=\"og:url\" content=\"https:\/\/www.vagadeempregorj.com.br\/ar\/empregos-ita\/\" \/>\n<meta property=\"article:publisher\" content=\"https:\/\/www.facebook.com\/empregobrasiloficial\" \/>\n<meta property=\"article:published_time\" content=\"2023-11-09T03:01:00+00:00\" \/>\n<meta property=\"article:modified_time\" content=\"2024-11-16T18:09:25+00:00\" \/>\n<meta property=\"og:image\" content=\"https:\/\/www.vagadeempregorj.com.br\/wp-content\/uploads\/2022\/12\/Ita-Alimentos.jpg\" \/>\n\t<meta property=\"og:image:width\" content=\"399\" \/>\n\t<meta property=\"og:image:height\" content=\"455\" \/>\n\t<meta property=\"og:image:type\" content=\"image\/jpeg\" \/>\n<meta name=\"author\" content=\"Michele\" \/>\n<meta name=\"twitter:card\" content=\"summary_large_image\" \/>\n<meta name=\"twitter:label1\" content=\"Written by\" \/>\n\t<meta name=\"twitter:data1\" content=\"Michele\" \/>\n\t<meta name=\"twitter:label2\" content=\"Est. reading time\" \/>\n\t<meta name=\"twitter:data2\" content=\"3 \u062f\u0642\u0627\u0626\u0642\" \/>\n<script type=\"application\/ld+json\" class=\"yoast-schema-graph\">{\"@context\":\"https:\\\/\\\/schema.org\",\"@graph\":[{\"@type\":\"Article\",\"@id\":\"https:\\\/\\\/www.vagadeempregorj.com.br\\\/empregos-ita\\\/#article\",\"isPartOf\":{\"@id\":\"https:\\\/\\\/www.vagadeempregorj.com.br\\\/empregos-ita\\\/\"},\"author\":{\"name\":\"Michele\",\"@id\":\"https:\\\/\\\/www.vagadeempregorj.com.br\\\/#\\\/schema\\\/person\\\/3ddb19fa0539706786e502152f3aae95\"},\"headline\":\"Vendedores Externos, Ajudante de Expedi\u00e7\u00e3o, Gerente de Log\u00edstica, Promotores de Vendas, Auxiliares Administrativos e mais na Empresa ITA\",\"datePublished\":\"2023-11-09T03:01:00+00:00\",\"dateModified\":\"2024-11-16T18:09:25+00:00\",\"mainEntityOfPage\":{\"@id\":\"https:\\\/\\\/www.vagadeempregorj.com.br\\\/empregos-ita\\\/\"},\"wordCount\":566,\"image\":{\"@id\":\"https:\\\/\\\/www.vagadeempregorj.com.br\\\/empregos-ita\\\/#primaryimage\"},\"thumbnailUrl\":\"https:\\\/\\\/www.vagadeempregorj.com.br\\\/wp-content\\\/uploads\\\/2022\\\/12\\\/Ita-Alimentos.jpg\",\"keywords\":[\"ITA Alimentos\",\"oportunidades\",\"vagas de emprego\"],\"articleSection\":[\"Vagas de Emprego Nacionais\"],\"inLanguage\":\"ar\"},{\"@type\":\"WebPage\",\"@id\":\"https:\\\/\\\/www.vagadeempregorj.com.br\\\/empregos-ita\\\/\",\"url\":\"https:\\\/\\\/www.vagadeempregorj.com.br\\\/empregos-ita\\\/\",\"name\":\"Vendedores Externos, Ajudante de Expedi\u00e7\u00e3o, Gerente de Log\u00edstica, Promotores de Vendas, Auxiliares Administrativos e mais na Empresa ITA -\",\"isPartOf\":{\"@id\":\"https:\\\/\\\/www.vagadeempregorj.com.br\\\/#website\"},\"primaryImageOfPage\":{\"@id\":\"https:\\\/\\\/www.vagadeempregorj.com.br\\\/empregos-ita\\\/#primaryimage\"},\"image\":{\"@id\":\"https:\\\/\\\/www.vagadeempregorj.com.br\\\/empregos-ita\\\/#primaryimage\"},\"thumbnailUrl\":\"https:\\\/\\\/www.vagadeempregorj.com.br\\\/wp-content\\\/uploads\\\/2022\\\/12\\\/Ita-Alimentos.jpg\",\"datePublished\":\"2023-11-09T03:01:00+00:00\",\"dateModified\":\"2024-11-16T18:09:25+00:00\",\"author\":{\"@id\":\"https:\\\/\\\/www.vagadeempregorj.com.br\\\/#\\\/schema\\\/person\\\/3ddb19fa0539706786e502152f3aae95\"},\"description\":\"Veja em Vagas de Emprego RJ as vagas de emprego com e sem experi\u00eancia no seu Estado e Regi\u00e3o!\",\"breadcrumb\":{\"@id\":\"https:\\\/\\\/www.vagadeempregorj.com.br\\\/empregos-ita\\\/#breadcrumb\"},\"inLanguage\":\"ar\",\"potentialAction\":[{\"@type\":\"ReadAction\",\"target\":[\"https:\\\/\\\/www.vagadeempregorj.com.br\\\/empregos-ita\\\/\"]}]},{\"@type\":\"ImageObject\",\"inLanguage\":\"ar\",\"@id\":\"https:\\\/\\\/www.vagadeempregorj.com.br\\\/empregos-ita\\\/#primaryimage\",\"url\":\"https:\\\/\\\/www.vagadeempregorj.com.br\\\/wp-content\\\/uploads\\\/2022\\\/12\\\/Ita-Alimentos.jpg\",\"contentUrl\":\"https:\\\/\\\/www.vagadeempregorj.com.br\\\/wp-content\\\/uploads\\\/2022\\\/12\\\/Ita-Alimentos.jpg\",\"width\":399,\"height\":455,\"caption\":\"Imagem: Ita Alimentos - Reprodu\u00e7\u00e3o\"},{\"@type\":\"BreadcrumbList\",\"@id\":\"https:\\\/\\\/www.vagadeempregorj.com.br\\\/empregos-ita\\\/#breadcrumb\",\"itemListElement\":[{\"@type\":\"ListItem\",\"position\":1,\"name\":\"In\u00edcio\",\"item\":\"https:\\\/\\\/www.vagadeempregorj.com.br\\\/\"},{\"@type\":\"ListItem\",\"position\":2,\"name\":\"Vagas de Emprego Nacionais\",\"item\":\"https:\\\/\\\/www.vagadeempregorj.com.br\\\/vagas-de-emprego-nacionais\\\/\"},{\"@type\":\"ListItem\",\"position\":3,\"name\":\"Vendedores Externos, Ajudante de Expedi\u00e7\u00e3o, Gerente de Log\u00edstica, Promotores de Vendas, Auxiliares Administrativos e mais na Empresa ITA\"}]},{\"@type\":\"WebSite\",\"@id\":\"https:\\\/\\\/www.vagadeempregorj.com.br\\\/#website\",\"url\":\"https:\\\/\\\/www.vagadeempregorj.com.br\\\/\",\"name\":\"\",\"description\":\"Conquiste Sonhos: Vagas, Benef\u00edcios e Economia para Transformar Vidas e Alcan\u00e7ar Melhorias Cotidianas\",\"potentialAction\":[{\"@type\":\"SearchAction\",\"target\":{\"@type\":\"EntryPoint\",\"urlTemplate\":\"https:\\\/\\\/www.vagadeempregorj.com.br\\\/?s={search_term_string}\"},\"query-input\":{\"@type\":\"PropertyValueSpecification\",\"valueRequired\":true,\"valueName\":\"search_term_string\"}}],\"inLanguage\":\"ar\"},{\"@type\":\"Person\",\"@id\":\"https:\\\/\\\/www.vagadeempregorj.com.br\\\/#\\\/schema\\\/person\\\/3ddb19fa0539706786e502152f3aae95\",\"name\":\"Michele\",\"image\":{\"@type\":\"ImageObject\",\"inLanguage\":\"ar\",\"@id\":\"https:\\\/\\\/secure.gravatar.com\\\/avatar\\\/6b0eb9d22841282815e2cd856a0061c45e1761cd54b22e952d98c4746939aa85?s=96&r=g\",\"url\":\"https:\\\/\\\/secure.gravatar.com\\\/avatar\\\/6b0eb9d22841282815e2cd856a0061c45e1761cd54b22e952d98c4746939aa85?s=96&r=g\",\"contentUrl\":\"https:\\\/\\\/secure.gravatar.com\\\/avatar\\\/6b0eb9d22841282815e2cd856a0061c45e1761cd54b22e952d98c4746939aa85?s=96&r=g\",\"caption\":\"Michele\"},\"description\":\"Formada em Letras - Portugu\u00eas\\\/ Ingl\u00eas, e idealizadora do site Escritora de Sucesso, busca expandir o conhecimento de todos com informa\u00e7\u00f5es relevantes sobre diversos assuntos, enquanto redatora. No Vaga de Emprego RJ, traz oportunidades e dicas sobre o mercado de trabalho.\",\"url\":\"https:\\\/\\\/www.vagadeempregorj.com.br\\\/ar\\\/author\\\/michele\\\/\"}]}<\/script>\n<!-- \/ Yoast SEO plugin. -->","yoast_head_json":{"title":"Vendedores Externos, Ajudante de Expedi\u00e7\u00e3o, Gerente de Log\u00edstica, Promotores de Vendas, Auxiliares Administrativos e mais na Empresa ITA -","description":"Veja em Vagas de Emprego RJ as vagas de emprego com e sem experi\u00eancia no seu Estado e Regi\u00e3o!","robots":{"index":"index","follow":"follow","max-snippet":"max-snippet:-1","max-image-preview":"max-image-preview:large","max-video-preview":"max-video-preview:-1"},"canonical":"https:\/\/www.vagadeempregorj.com.br\/ar\/empregos-ita\/","og_locale":"ar_AR","og_type":"article","og_title":"Vendedores Externos, Ajudante de Expedi\u00e7\u00e3o, Gerente de Log\u00edstica, Promotores de Vendas, Auxiliares Administrativos e mais na Empresa ITA -","og_description":"Veja em Vagas de Emprego RJ as vagas de emprego com e sem experi\u00eancia no seu Estado e Regi\u00e3o!","og_url":"https:\/\/www.vagadeempregorj.com.br\/ar\/empregos-ita\/","article_publisher":"https:\/\/www.facebook.com\/empregobrasiloficial","article_published_time":"2023-11-09T03:01:00+00:00","article_modified_time":"2024-11-16T18:09:25+00:00","og_image":[{"width":399,"height":455,"url":"https:\/\/www.vagadeempregorj.com.br\/wp-content\/uploads\/2022\/12\/Ita-Alimentos.jpg","type":"image\/jpeg"}],"author":"Michele","twitter_card":"summary_large_image","twitter_misc":{"Written by":"Michele","Est. reading time":"3 \u062f\u0642\u0627\u0626\u0642"},"schema":{"@context":"https:\/\/schema.org","@graph":[{"@type":"Article","@id":"https:\/\/www.vagadeempregorj.com.br\/empregos-ita\/#article","isPartOf":{"@id":"https:\/\/www.vagadeempregorj.com.br\/empregos-ita\/"},"author":{"name":"Michele","@id":"https:\/\/www.vagadeempregorj.com.br\/#\/schema\/person\/3ddb19fa0539706786e502152f3aae95"},"headline":"Vendedores Externos, Ajudante de Expedi\u00e7\u00e3o, Gerente de Log\u00edstica, Promotores de Vendas, Auxiliares Administrativos e mais na Empresa ITA","datePublished":"2023-11-09T03:01:00+00:00","dateModified":"2024-11-16T18:09:25+00:00","mainEntityOfPage":{"@id":"https:\/\/www.vagadeempregorj.com.br\/empregos-ita\/"},"wordCount":566,"image":{"@id":"https:\/\/www.vagadeempregorj.com.br\/empregos-ita\/#primaryimage"},"thumbnailUrl":"https:\/\/www.vagadeempregorj.com.br\/wp-content\/uploads\/2022\/12\/Ita-Alimentos.jpg","keywords":["ITA Alimentos","oportunidades","vagas de emprego"],"articleSection":["Vagas de Emprego Nacionais"],"inLanguage":"ar"},{"@type":"WebPage","@id":"https:\/\/www.vagadeempregorj.com.br\/empregos-ita\/","url":"https:\/\/www.vagadeempregorj.com.br\/empregos-ita\/","name":"Vendedores Externos, Ajudante de Expedi\u00e7\u00e3o, Gerente de Log\u00edstica, Promotores de Vendas, Auxiliares Administrativos e mais na Empresa ITA -","isPartOf":{"@id":"https:\/\/www.vagadeempregorj.com.br\/#website"},"primaryImageOfPage":{"@id":"https:\/\/www.vagadeempregorj.com.br\/empregos-ita\/#primaryimage"},"image":{"@id":"https:\/\/www.vagadeempregorj.com.br\/empregos-ita\/#primaryimage"},"thumbnailUrl":"https:\/\/www.vagadeempregorj.com.br\/wp-content\/uploads\/2022\/12\/Ita-Alimentos.jpg","datePublished":"2023-11-09T03:01:00+00:00","dateModified":"2024-11-16T18:09:25+00:00","author":{"@id":"https:\/\/www.vagadeempregorj.com.br\/#\/schema\/person\/3ddb19fa0539706786e502152f3aae95"},"description":"Veja em Vagas de Emprego RJ as vagas de emprego com e sem experi\u00eancia no seu Estado e Regi\u00e3o!","breadcrumb":{"@id":"https:\/\/www.vagadeempregorj.com.br\/empregos-ita\/#breadcrumb"},"inLanguage":"ar","potentialAction":[{"@type":"ReadAction","target":["https:\/\/www.vagadeempregorj.com.br\/empregos-ita\/"]}]},{"@type":"ImageObject","inLanguage":"ar","@id":"https:\/\/www.vagadeempregorj.com.br\/empregos-ita\/#primaryimage","url":"https:\/\/www.vagadeempregorj.com.br\/wp-content\/uploads\/2022\/12\/Ita-Alimentos.jpg","contentUrl":"https:\/\/www.vagadeempregorj.com.br\/wp-content\/uploads\/2022\/12\/Ita-Alimentos.jpg","width":399,"height":455,"caption":"Imagem: Ita Alimentos - Reprodu\u00e7\u00e3o"},{"@type":"BreadcrumbList","@id":"https:\/\/www.vagadeempregorj.com.br\/empregos-ita\/#breadcrumb","itemListElement":[{"@type":"ListItem","position":1,"name":"In\u00edcio","item":"https:\/\/www.vagadeempregorj.com.br\/"},{"@type":"ListItem","position":2,"name":"Vagas de Emprego Nacionais","item":"https:\/\/www.vagadeempregorj.com.br\/vagas-de-emprego-nacionais\/"},{"@type":"ListItem","position":3,"name":"Vendedores Externos, Ajudante de Expedi\u00e7\u00e3o, Gerente de Log\u00edstica, Promotores de Vendas, Auxiliares Administrativos e mais na Empresa ITA"}]},{"@type":"WebSite","@id":"https:\/\/www.vagadeempregorj.com.br\/#website","url":"https:\/\/www.vagadeempregorj.com.br\/","name":"","description":"Conquiste Sonhos: Vagas, Benef\u00edcios e Economia para Transformar Vidas e Alcan\u00e7ar Melhorias Cotidianas","potentialAction":[{"@type":"SearchAction","target":{"@type":"EntryPoint","urlTemplate":"https:\/\/www.vagadeempregorj.com.br\/?s={search_term_string}"},"query-input":{"@type":"PropertyValueSpecification","valueRequired":true,"valueName":"search_term_string"}}],"inLanguage":"ar"},{"@type":"Person","@id":"https:\/\/www.vagadeempregorj.com.br\/#\/schema\/person\/3ddb19fa0539706786e502152f3aae95","name":"Michele","image":{"@type":"ImageObject","inLanguage":"ar","@id":"https:\/\/secure.gravatar.com\/avatar\/6b0eb9d22841282815e2cd856a0061c45e1761cd54b22e952d98c4746939aa85?s=96&r=g","url":"https:\/\/secure.gravatar.com\/avatar\/6b0eb9d22841282815e2cd856a0061c45e1761cd54b22e952d98c4746939aa85?s=96&r=g","contentUrl":"https:\/\/secure.gravatar.com\/avatar\/6b0eb9d22841282815e2cd856a0061c45e1761cd54b22e952d98c4746939aa85?s=96&r=g","caption":"Michele"},"description":"Formada em Letras - Portugu\u00eas\/ Ingl\u00eas, e idealizadora do site Escritora de Sucesso, busca expandir o conhecimento de todos com informa\u00e7\u00f5es relevantes sobre diversos assuntos, enquanto redatora. No Vaga de Emprego RJ, traz oportunidades e dicas sobre o mercado de trabalho.","url":"https:\/\/www.vagadeempregorj.com.br\/ar\/author\/michele\/"}]}},"_links":{"self":[{"href":"https:\/\/www.vagadeempregorj.com.br\/ar\/wp-json\/wp\/v2\/posts\/37022","targetHints":{"allow":["GET"]}}],"collection":[{"href":"https:\/\/www.vagadeempregorj.com.br\/ar\/wp-json\/wp\/v2\/posts"}],"about":[{"href":"https:\/\/www.vagadeempregorj.com.br\/ar\/wp-json\/wp\/v2\/types\/post"}],"author":[{"embeddable":true,"href":"https:\/\/www.vagadeempregorj.com.br\/ar\/wp-json\/wp\/v2\/users\/16"}],"replies":[{"embeddable":true,"href":"https:\/\/www.vagadeempregorj.com.br\/ar\/wp-json\/wp\/v2\/comments?post=37022"}],"version-history":[{"count":0,"href":"https:\/\/www.vagadeempregorj.com.br\/ar\/wp-json\/wp\/v2\/posts\/37022\/revisions"}],"wp:featuredmedia":[{"embeddable":true,"href":"https:\/\/www.vagadeempregorj.com.br\/ar\/wp-json\/wp\/v2\/media\/37024"}],"wp:attachment":[{"href":"https:\/\/www.vagadeempregorj.com.br\/ar\/wp-json\/wp\/v2\/media?parent=37022"}],"wp:term":[{"taxonomy":"category","embeddable":true,"href":"https:\/\/www.vagadeempregorj.com.br\/ar\/wp-json\/wp\/v2\/categories?post=37022"},{"taxonomy":"post_tag","embeddable":true,"href":"https:\/\/www.vagadeempregorj.com.br\/ar\/wp-json\/wp\/v2\/tags?post=37022"}],"curies":[{"name":"wp","href":"https:\/\/api.w.org\/{rel}","templated":true}]}}