{"id":37064,"date":"2023-11-09T00:01:00","date_gmt":"2023-11-09T03:01:00","guid":{"rendered":"https:\/\/www.vagadeempregorj.com.br\/?p=37064"},"modified":"2023-11-07T10:44:40","modified_gmt":"2023-11-07T13:44:40","slug":"empregos-idomed","status":"publish","type":"post","link":"https:\/\/www.vagadeempregorj.com.br\/ar\/empregos-idomed\/","title":{"rendered":"Assistente Administrativo, Professores Auxiliares, Preceptor Enfermagem, Professores PCD e muito mais na Empresa IDOMED"},"content":{"rendered":"<p>Atualizado em<\/p>\n\n\n<div class=\"wp-block-post-date\"><time datetime=\"2023-11-09T00:01:00-03:00\">09\/11\/2023<\/time><\/div>\n\n\n<p>Os <strong>empregos IDOMED<\/strong> est\u00e3o presentes em nove estados brasileiros, e s\u00e3o uma das maiores refer\u00eancias no ensino da medicina no pa\u00eds. A empresa busca profissionais que se encaixem em sua cultura, e preza pela inova\u00e7\u00e3o e um ambiente colaborativo em todas as \u00e1reas dispon\u00edveis para atua\u00e7\u00e3o. Continue acompanhando para ter acesso a mais informa\u00e7\u00f5es.&nbsp;<\/p>\n\n\n\n<figure class=\"wp-block-image size-large\"><img loading=\"lazy\" decoding=\"async\" width=\"1024\" height=\"313\" src=\"https:\/\/www.vagadeempregorj.com.br\/wp-content\/uploads\/2022\/12\/empregos-IDOMED-1024x313.png\" alt=\"empregos IDOMED\" class=\"wp-image-37078\" srcset=\"https:\/\/www.vagadeempregorj.com.br\/wp-content\/uploads\/2022\/12\/empregos-IDOMED-1024x313.png 1024w, https:\/\/www.vagadeempregorj.com.br\/wp-content\/uploads\/2022\/12\/empregos-IDOMED-300x92.png 300w, https:\/\/www.vagadeempregorj.com.br\/wp-content\/uploads\/2022\/12\/empregos-IDOMED-768x235.png 768w, https:\/\/www.vagadeempregorj.com.br\/wp-content\/uploads\/2022\/12\/empregos-IDOMED-1536x470.png 1536w, https:\/\/www.vagadeempregorj.com.br\/wp-content\/uploads\/2022\/12\/empregos-IDOMED-2048x627.png 2048w, https:\/\/www.vagadeempregorj.com.br\/wp-content\/uploads\/2022\/12\/empregos-IDOMED-150x46.png 150w\" sizes=\"auto, (max-width: 1024px) 100vw, 1024px\" \/><figcaption class=\"wp-element-caption\">Imagem: IDOMED &#8211; Reprodu\u00e7\u00e3o<\/figcaption><\/figure>\n\n\n\n<h2 class=\"wp-block-heading\">Veja as oportunidades de empregos IDOMED&nbsp;<\/h2>\n\n\n\n<p>As oportunidades de empregos IDOMED oferecem aos seus colaboradores um programa de estudos para a melhoria cont\u00ednua de suas experi\u00eancias, al\u00e9m de diversas outras vantagens. Para fazer parte desse time, atender aos requisitos m\u00ednimos \u00e9 uma das principais exig\u00eancias. Confira algumas oportunidades dispon\u00edveis para candidatura:<\/p>\n\n\n\n<ul class=\"wp-block-list\">\n<li>Professores \u2014 Cl\u00ednica Cir\u00fargica;<\/li>\n\n\n\n<li>Professores Auxiliares \u2014 Traumatologia;<\/li>\n\n\n\n<li>Professores Auxiliares \u2014 Sistemas Org\u00e2nicos;<\/li>\n\n\n\n<li>Professores Auxiliares \u2014 Sa\u00fade da Fam\u00edlia;<\/li>\n\n\n\n<li>Professores Auxiliares \u2014 Sa\u00fade da Crian\u00e7a;<\/li>\n\n\n\n<li>Professores \u2014 Banco de Talentos \u2014 exclusivo para portadores de defici\u00eancia;<\/li>\n\n\n\n<li>Preceptor \u2014 Enfermagem;<\/li>\n\n\n\n<li>Assistente Administrativo \u2014 exclusivo para portadores de defici\u00eancia;<\/li>\n\n\n\n<li>Assistente Administrativo \u2014 Banco de Talentos \u2014 exclusivo para portadores de defici\u00eancia.&nbsp;<\/li>\n<\/ul>\n\n\n\n<p>As vagas podem ser alteradas \u00e0 medida que forem sendo preenchidas. Para que as chances de contrata\u00e7\u00e3o aumentem, atender aos requisitos m\u00ednimos e morar em regi\u00f5es onde a empresa possui vagas abertas \u00e9 fundamental.&nbsp;<\/p>\n\n\n\n<h3 class=\"wp-block-heading\">Como se candidatar&nbsp;<\/h3>\n\n\n\n<p>As partes interessadas devem revisar cuidadosamente todas as informa\u00e7\u00f5es dispon\u00edveis sobre requisitos e regi\u00f5es abertas para opera\u00e7\u00e3o, a fim de se tornarem parte da empresa IDOMED. O acesso a essas informa\u00e7\u00f5es est\u00e1 dispon\u00edvel atrav\u00e9s do link abaixo.<\/p>\n\n\n\n<ul class=\"wp-block-list\">\n<li><a href=\"https:\/\/idomed.gupy.io\">Oportunidades IDOMED<\/a>.&nbsp;<\/li>\n<\/ul>\n\n\n\n<p>Para permitir mais consultas, o link permanecer\u00e1 ativo por um per\u00edodo de tempo n\u00e3o especificado. Qualquer pessoa interessada em trabalhar para a IDOMED pode acessar a URL das posi\u00e7\u00f5es abertas a qualquer momento que julgar necess\u00e1rio, porque as vagas s\u00e3o constantemente atualizadas e podem ser acessadas atrav\u00e9s do mesmo link colocado acima.&nbsp;<\/p>\n\n\n\n<p><strong>Veja tamb\u00e9m: <a href=\"https:\/\/www.vagadeempregorj.com.br\/ar\/empregos-casa-km\/\">Vendedores Externos, Compradores de Fretes, Gerente de Marketing, Assistente Financeiro, e mais na Empresa Casa KM<\/a><\/strong><\/p>\n\n\n\n<h2 class=\"wp-block-heading\">Sobre a empresa IDOMED<\/h2>\n\n\n\n<p>O IDOMED \u00e9 um padr\u00e3o novo e superior para educa\u00e7\u00e3o m\u00e9dica com mais de vinte anos de hist\u00f3ria. \u00c9 formado por uma uni\u00e3o das institui\u00e7\u00f5es de medicina, FAPAN, FAMEAC e UniFacid.<\/p>\n\n\n\n<p>O objetivo \u00e9 fornecer aos alunos ainda mais tecnologia, contato pessoal, professores especializados, laborat\u00f3rios bem equipados e parcerias aprimoradas com redes de sa\u00fade brasileiras. Al\u00e9m disso, visa fornecer instru\u00e7\u00f5es de alta qualidade com suporte em todas as etapas da prepara\u00e7\u00e3o para uma carreira na medicina.<\/p>\n\n\n\n<p>Os vestibulares unificados do IDOMED s\u00e3o uma de suas caracter\u00edsticas distintivas. Neste cen\u00e1rio, o candidato paga uma taxa de inscri\u00e7\u00e3o e, se aceito, pode selecionar qualquer uma das unidades dispon\u00edveis enquanto compete por mais de mil vagas em um \u00fanico teste.<\/p>\n\n\n\n<p>O corpo docente realiza cursos anuais com reuni\u00f5es semanais no \u00e2mbito da iniciativa de aprendizagem baseada em projetos. Essas atualiza\u00e7\u00f5es s\u00e3o necess\u00e1rias porque, apesar do fato de que muitos professores s\u00e3o bem conhecidos em suas \u00e1reas de especializa\u00e7\u00e3o, aqueles que desejam ensinar devem desenvolver as habilidades adequadas para lecionar.&nbsp;<\/p>","protected":false},"excerpt":{"rendered":"<p>Atualizado em Os empregos IDOMED est\u00e3o presentes em nove estados brasileiros, e s\u00e3o uma das maiores refer\u00eancias no ensino da medicina no pa\u00eds. A empresa busca profissionais que se encaixem em sua cultura, e preza pela inova\u00e7\u00e3o e um ambiente colaborativo em todas as \u00e1reas dispon\u00edveis para atua\u00e7\u00e3o. Continue acompanhando para ter acesso a mais&hellip;&nbsp;<\/p>","protected":false},"author":16,"featured_media":37078,"comment_status":"closed","ping_status":"closed","sticky":false,"template":"","format":"standard","meta":{"neve_meta_sidebar":"","neve_meta_container":"","neve_meta_enable_content_width":"","neve_meta_content_width":0,"neve_meta_title_alignment":"","neve_meta_author_avatar":"","neve_post_elements_order":"","neve_meta_disable_header":"","neve_meta_disable_footer":"","neve_meta_disable_title":"","footnotes":""},"categories":[123],"tags":[773,608,211],"class_list":["post-37064","post","type-post","status-publish","format-standard","has-post-thumbnail","hentry","category-vagas-de-emprego-nacionais","tag-idomed","tag-oportunidades","tag-vagas-de-emprego"],"yoast_head":"<!-- This site is optimized with the Yoast SEO plugin v27.5 - https:\/\/yoast.com\/product\/yoast-seo-wordpress\/ -->\n<title>Assistente Administrativo, Professores Auxiliares, Preceptor Enfermagem, Professores PCD e muito mais na Empresa IDOMED -<\/title>\n<meta name=\"description\" content=\"Veja em Vagas de Emprego RJ as vagas de emprego com e sem experi\u00eancia no seu Estado e Regi\u00e3o!\" \/>\n<meta name=\"robots\" content=\"index, follow, max-snippet:-1, max-image-preview:large, max-video-preview:-1\" \/>\n<link rel=\"canonical\" href=\"https:\/\/www.vagadeempregorj.com.br\/ar\/empregos-idomed\/\" \/>\n<meta property=\"og:locale\" content=\"ar_AR\" \/>\n<meta property=\"og:type\" content=\"article\" \/>\n<meta property=\"og:title\" content=\"Assistente Administrativo, Professores Auxiliares, Preceptor Enfermagem, Professores PCD e muito mais na Empresa IDOMED -\" \/>\n<meta property=\"og:description\" content=\"Veja em Vagas de Emprego RJ as vagas de emprego com e sem experi\u00eancia no seu Estado e Regi\u00e3o!\" \/>\n<meta property=\"og:url\" content=\"https:\/\/www.vagadeempregorj.com.br\/ar\/empregos-idomed\/\" \/>\n<meta property=\"article:publisher\" content=\"https:\/\/www.facebook.com\/empregobrasiloficial\" \/>\n<meta property=\"article:published_time\" content=\"2023-11-09T03:01:00+00:00\" \/>\n<meta property=\"og:image\" content=\"https:\/\/www.vagadeempregorj.com.br\/wp-content\/uploads\/2022\/12\/empregos-IDOMED.png\" \/>\n\t<meta property=\"og:image:width\" content=\"2362\" \/>\n\t<meta property=\"og:image:height\" content=\"723\" \/>\n\t<meta property=\"og:image:type\" content=\"image\/png\" \/>\n<meta name=\"author\" content=\"Michele\" \/>\n<meta name=\"twitter:card\" content=\"summary_large_image\" \/>\n<meta name=\"twitter:label1\" content=\"Written by\" \/>\n\t<meta name=\"twitter:data1\" content=\"Michele\" \/>\n\t<meta name=\"twitter:label2\" content=\"Est. reading time\" \/>\n\t<meta name=\"twitter:data2\" content=\"3 \u062f\u0642\u0627\u0626\u0642\" \/>\n<script type=\"application\/ld+json\" class=\"yoast-schema-graph\">{\"@context\":\"https:\\\/\\\/schema.org\",\"@graph\":[{\"@type\":\"Article\",\"@id\":\"https:\\\/\\\/www.vagadeempregorj.com.br\\\/empregos-idomed\\\/#article\",\"isPartOf\":{\"@id\":\"https:\\\/\\\/www.vagadeempregorj.com.br\\\/empregos-idomed\\\/\"},\"author\":{\"name\":\"Michele\",\"@id\":\"https:\\\/\\\/www.vagadeempregorj.com.br\\\/#\\\/schema\\\/person\\\/3ddb19fa0539706786e502152f3aae95\"},\"headline\":\"Assistente Administrativo, Professores Auxiliares, Preceptor Enfermagem, Professores PCD e muito mais na Empresa IDOMED\",\"datePublished\":\"2023-11-09T03:01:00+00:00\",\"mainEntityOfPage\":{\"@id\":\"https:\\\/\\\/www.vagadeempregorj.com.br\\\/empregos-idomed\\\/\"},\"wordCount\":555,\"image\":{\"@id\":\"https:\\\/\\\/www.vagadeempregorj.com.br\\\/empregos-idomed\\\/#primaryimage\"},\"thumbnailUrl\":\"https:\\\/\\\/www.vagadeempregorj.com.br\\\/wp-content\\\/uploads\\\/2022\\\/12\\\/empregos-IDOMED.png\",\"keywords\":[\"IDOMED\",\"oportunidades\",\"vagas de emprego\"],\"articleSection\":[\"Vagas de Emprego Nacionais\"],\"inLanguage\":\"ar\"},{\"@type\":\"WebPage\",\"@id\":\"https:\\\/\\\/www.vagadeempregorj.com.br\\\/empregos-idomed\\\/\",\"url\":\"https:\\\/\\\/www.vagadeempregorj.com.br\\\/empregos-idomed\\\/\",\"name\":\"Assistente Administrativo, Professores Auxiliares, Preceptor Enfermagem, Professores PCD e muito mais na Empresa IDOMED -\",\"isPartOf\":{\"@id\":\"https:\\\/\\\/www.vagadeempregorj.com.br\\\/#website\"},\"primaryImageOfPage\":{\"@id\":\"https:\\\/\\\/www.vagadeempregorj.com.br\\\/empregos-idomed\\\/#primaryimage\"},\"image\":{\"@id\":\"https:\\\/\\\/www.vagadeempregorj.com.br\\\/empregos-idomed\\\/#primaryimage\"},\"thumbnailUrl\":\"https:\\\/\\\/www.vagadeempregorj.com.br\\\/wp-content\\\/uploads\\\/2022\\\/12\\\/empregos-IDOMED.png\",\"datePublished\":\"2023-11-09T03:01:00+00:00\",\"author\":{\"@id\":\"https:\\\/\\\/www.vagadeempregorj.com.br\\\/#\\\/schema\\\/person\\\/3ddb19fa0539706786e502152f3aae95\"},\"description\":\"Veja em Vagas de Emprego RJ as vagas de emprego com e sem experi\u00eancia no seu Estado e Regi\u00e3o!\",\"breadcrumb\":{\"@id\":\"https:\\\/\\\/www.vagadeempregorj.com.br\\\/empregos-idomed\\\/#breadcrumb\"},\"inLanguage\":\"ar\",\"potentialAction\":[{\"@type\":\"ReadAction\",\"target\":[\"https:\\\/\\\/www.vagadeempregorj.com.br\\\/empregos-idomed\\\/\"]}]},{\"@type\":\"ImageObject\",\"inLanguage\":\"ar\",\"@id\":\"https:\\\/\\\/www.vagadeempregorj.com.br\\\/empregos-idomed\\\/#primaryimage\",\"url\":\"https:\\\/\\\/www.vagadeempregorj.com.br\\\/wp-content\\\/uploads\\\/2022\\\/12\\\/empregos-IDOMED.png\",\"contentUrl\":\"https:\\\/\\\/www.vagadeempregorj.com.br\\\/wp-content\\\/uploads\\\/2022\\\/12\\\/empregos-IDOMED.png\",\"width\":2362,\"height\":723,\"caption\":\"Imagem: IDOMED - Reprodu\u00e7\u00e3o\"},{\"@type\":\"BreadcrumbList\",\"@id\":\"https:\\\/\\\/www.vagadeempregorj.com.br\\\/empregos-idomed\\\/#breadcrumb\",\"itemListElement\":[{\"@type\":\"ListItem\",\"position\":1,\"name\":\"In\u00edcio\",\"item\":\"https:\\\/\\\/www.vagadeempregorj.com.br\\\/\"},{\"@type\":\"ListItem\",\"position\":2,\"name\":\"Vagas de Emprego Nacionais\",\"item\":\"https:\\\/\\\/www.vagadeempregorj.com.br\\\/vagas-de-emprego-nacionais\\\/\"},{\"@type\":\"ListItem\",\"position\":3,\"name\":\"Assistente Administrativo, Professores Auxiliares, Preceptor Enfermagem, Professores PCD e muito mais na Empresa IDOMED\"}]},{\"@type\":\"WebSite\",\"@id\":\"https:\\\/\\\/www.vagadeempregorj.com.br\\\/#website\",\"url\":\"https:\\\/\\\/www.vagadeempregorj.com.br\\\/\",\"name\":\"\",\"description\":\"Conquiste Sonhos: Vagas, Benef\u00edcios e Economia para Transformar Vidas e Alcan\u00e7ar Melhorias Cotidianas\",\"potentialAction\":[{\"@type\":\"SearchAction\",\"target\":{\"@type\":\"EntryPoint\",\"urlTemplate\":\"https:\\\/\\\/www.vagadeempregorj.com.br\\\/?s={search_term_string}\"},\"query-input\":{\"@type\":\"PropertyValueSpecification\",\"valueRequired\":true,\"valueName\":\"search_term_string\"}}],\"inLanguage\":\"ar\"},{\"@type\":\"Person\",\"@id\":\"https:\\\/\\\/www.vagadeempregorj.com.br\\\/#\\\/schema\\\/person\\\/3ddb19fa0539706786e502152f3aae95\",\"name\":\"Michele\",\"image\":{\"@type\":\"ImageObject\",\"inLanguage\":\"ar\",\"@id\":\"https:\\\/\\\/secure.gravatar.com\\\/avatar\\\/6b0eb9d22841282815e2cd856a0061c45e1761cd54b22e952d98c4746939aa85?s=96&r=g\",\"url\":\"https:\\\/\\\/secure.gravatar.com\\\/avatar\\\/6b0eb9d22841282815e2cd856a0061c45e1761cd54b22e952d98c4746939aa85?s=96&r=g\",\"contentUrl\":\"https:\\\/\\\/secure.gravatar.com\\\/avatar\\\/6b0eb9d22841282815e2cd856a0061c45e1761cd54b22e952d98c4746939aa85?s=96&r=g\",\"caption\":\"Michele\"},\"description\":\"Formada em Letras - Portugu\u00eas\\\/ Ingl\u00eas, e idealizadora do site Escritora de Sucesso, busca expandir o conhecimento de todos com informa\u00e7\u00f5es relevantes sobre diversos assuntos, enquanto redatora. No Vaga de Emprego RJ, traz oportunidades e dicas sobre o mercado de trabalho.\",\"url\":\"https:\\\/\\\/www.vagadeempregorj.com.br\\\/ar\\\/author\\\/michele\\\/\"}]}<\/script>\n<!-- \/ Yoast SEO plugin. -->","yoast_head_json":{"title":"Assistente Administrativo, Professores Auxiliares, Preceptor Enfermagem, Professores PCD e muito mais na Empresa IDOMED -","description":"Veja em Vagas de Emprego RJ as vagas de emprego com e sem experi\u00eancia no seu Estado e Regi\u00e3o!","robots":{"index":"index","follow":"follow","max-snippet":"max-snippet:-1","max-image-preview":"max-image-preview:large","max-video-preview":"max-video-preview:-1"},"canonical":"https:\/\/www.vagadeempregorj.com.br\/ar\/empregos-idomed\/","og_locale":"ar_AR","og_type":"article","og_title":"Assistente Administrativo, Professores Auxiliares, Preceptor Enfermagem, Professores PCD e muito mais na Empresa IDOMED -","og_description":"Veja em Vagas de Emprego RJ as vagas de emprego com e sem experi\u00eancia no seu Estado e Regi\u00e3o!","og_url":"https:\/\/www.vagadeempregorj.com.br\/ar\/empregos-idomed\/","article_publisher":"https:\/\/www.facebook.com\/empregobrasiloficial","article_published_time":"2023-11-09T03:01:00+00:00","og_image":[{"width":2362,"height":723,"url":"https:\/\/www.vagadeempregorj.com.br\/wp-content\/uploads\/2022\/12\/empregos-IDOMED.png","type":"image\/png"}],"author":"Michele","twitter_card":"summary_large_image","twitter_misc":{"Written by":"Michele","Est. reading time":"3 \u062f\u0642\u0627\u0626\u0642"},"schema":{"@context":"https:\/\/schema.org","@graph":[{"@type":"Article","@id":"https:\/\/www.vagadeempregorj.com.br\/empregos-idomed\/#article","isPartOf":{"@id":"https:\/\/www.vagadeempregorj.com.br\/empregos-idomed\/"},"author":{"name":"Michele","@id":"https:\/\/www.vagadeempregorj.com.br\/#\/schema\/person\/3ddb19fa0539706786e502152f3aae95"},"headline":"Assistente Administrativo, Professores Auxiliares, Preceptor Enfermagem, Professores PCD e muito mais na Empresa IDOMED","datePublished":"2023-11-09T03:01:00+00:00","mainEntityOfPage":{"@id":"https:\/\/www.vagadeempregorj.com.br\/empregos-idomed\/"},"wordCount":555,"image":{"@id":"https:\/\/www.vagadeempregorj.com.br\/empregos-idomed\/#primaryimage"},"thumbnailUrl":"https:\/\/www.vagadeempregorj.com.br\/wp-content\/uploads\/2022\/12\/empregos-IDOMED.png","keywords":["IDOMED","oportunidades","vagas de emprego"],"articleSection":["Vagas de Emprego Nacionais"],"inLanguage":"ar"},{"@type":"WebPage","@id":"https:\/\/www.vagadeempregorj.com.br\/empregos-idomed\/","url":"https:\/\/www.vagadeempregorj.com.br\/empregos-idomed\/","name":"Assistente Administrativo, Professores Auxiliares, Preceptor Enfermagem, Professores PCD e muito mais na Empresa IDOMED -","isPartOf":{"@id":"https:\/\/www.vagadeempregorj.com.br\/#website"},"primaryImageOfPage":{"@id":"https:\/\/www.vagadeempregorj.com.br\/empregos-idomed\/#primaryimage"},"image":{"@id":"https:\/\/www.vagadeempregorj.com.br\/empregos-idomed\/#primaryimage"},"thumbnailUrl":"https:\/\/www.vagadeempregorj.com.br\/wp-content\/uploads\/2022\/12\/empregos-IDOMED.png","datePublished":"2023-11-09T03:01:00+00:00","author":{"@id":"https:\/\/www.vagadeempregorj.com.br\/#\/schema\/person\/3ddb19fa0539706786e502152f3aae95"},"description":"Veja em Vagas de Emprego RJ as vagas de emprego com e sem experi\u00eancia no seu Estado e Regi\u00e3o!","breadcrumb":{"@id":"https:\/\/www.vagadeempregorj.com.br\/empregos-idomed\/#breadcrumb"},"inLanguage":"ar","potentialAction":[{"@type":"ReadAction","target":["https:\/\/www.vagadeempregorj.com.br\/empregos-idomed\/"]}]},{"@type":"ImageObject","inLanguage":"ar","@id":"https:\/\/www.vagadeempregorj.com.br\/empregos-idomed\/#primaryimage","url":"https:\/\/www.vagadeempregorj.com.br\/wp-content\/uploads\/2022\/12\/empregos-IDOMED.png","contentUrl":"https:\/\/www.vagadeempregorj.com.br\/wp-content\/uploads\/2022\/12\/empregos-IDOMED.png","width":2362,"height":723,"caption":"Imagem: IDOMED - Reprodu\u00e7\u00e3o"},{"@type":"BreadcrumbList","@id":"https:\/\/www.vagadeempregorj.com.br\/empregos-idomed\/#breadcrumb","itemListElement":[{"@type":"ListItem","position":1,"name":"In\u00edcio","item":"https:\/\/www.vagadeempregorj.com.br\/"},{"@type":"ListItem","position":2,"name":"Vagas de Emprego Nacionais","item":"https:\/\/www.vagadeempregorj.com.br\/vagas-de-emprego-nacionais\/"},{"@type":"ListItem","position":3,"name":"Assistente Administrativo, Professores Auxiliares, Preceptor Enfermagem, Professores PCD e muito mais na Empresa IDOMED"}]},{"@type":"WebSite","@id":"https:\/\/www.vagadeempregorj.com.br\/#website","url":"https:\/\/www.vagadeempregorj.com.br\/","name":"","description":"Conquiste Sonhos: Vagas, Benef\u00edcios e Economia para Transformar Vidas e Alcan\u00e7ar Melhorias Cotidianas","potentialAction":[{"@type":"SearchAction","target":{"@type":"EntryPoint","urlTemplate":"https:\/\/www.vagadeempregorj.com.br\/?s={search_term_string}"},"query-input":{"@type":"PropertyValueSpecification","valueRequired":true,"valueName":"search_term_string"}}],"inLanguage":"ar"},{"@type":"Person","@id":"https:\/\/www.vagadeempregorj.com.br\/#\/schema\/person\/3ddb19fa0539706786e502152f3aae95","name":"Michele","image":{"@type":"ImageObject","inLanguage":"ar","@id":"https:\/\/secure.gravatar.com\/avatar\/6b0eb9d22841282815e2cd856a0061c45e1761cd54b22e952d98c4746939aa85?s=96&r=g","url":"https:\/\/secure.gravatar.com\/avatar\/6b0eb9d22841282815e2cd856a0061c45e1761cd54b22e952d98c4746939aa85?s=96&r=g","contentUrl":"https:\/\/secure.gravatar.com\/avatar\/6b0eb9d22841282815e2cd856a0061c45e1761cd54b22e952d98c4746939aa85?s=96&r=g","caption":"Michele"},"description":"Formada em Letras - Portugu\u00eas\/ Ingl\u00eas, e idealizadora do site Escritora de Sucesso, busca expandir o conhecimento de todos com informa\u00e7\u00f5es relevantes sobre diversos assuntos, enquanto redatora. No Vaga de Emprego RJ, traz oportunidades e dicas sobre o mercado de trabalho.","url":"https:\/\/www.vagadeempregorj.com.br\/ar\/author\/michele\/"}]}},"_links":{"self":[{"href":"https:\/\/www.vagadeempregorj.com.br\/ar\/wp-json\/wp\/v2\/posts\/37064","targetHints":{"allow":["GET"]}}],"collection":[{"href":"https:\/\/www.vagadeempregorj.com.br\/ar\/wp-json\/wp\/v2\/posts"}],"about":[{"href":"https:\/\/www.vagadeempregorj.com.br\/ar\/wp-json\/wp\/v2\/types\/post"}],"author":[{"embeddable":true,"href":"https:\/\/www.vagadeempregorj.com.br\/ar\/wp-json\/wp\/v2\/users\/16"}],"replies":[{"embeddable":true,"href":"https:\/\/www.vagadeempregorj.com.br\/ar\/wp-json\/wp\/v2\/comments?post=37064"}],"version-history":[{"count":0,"href":"https:\/\/www.vagadeempregorj.com.br\/ar\/wp-json\/wp\/v2\/posts\/37064\/revisions"}],"wp:featuredmedia":[{"embeddable":true,"href":"https:\/\/www.vagadeempregorj.com.br\/ar\/wp-json\/wp\/v2\/media\/37078"}],"wp:attachment":[{"href":"https:\/\/www.vagadeempregorj.com.br\/ar\/wp-json\/wp\/v2\/media?parent=37064"}],"wp:term":[{"taxonomy":"category","embeddable":true,"href":"https:\/\/www.vagadeempregorj.com.br\/ar\/wp-json\/wp\/v2\/categories?post=37064"},{"taxonomy":"post_tag","embeddable":true,"href":"https:\/\/www.vagadeempregorj.com.br\/ar\/wp-json\/wp\/v2\/tags?post=37064"}],"curies":[{"name":"wp","href":"https:\/\/api.w.org\/{rel}","templated":true}]}}