{"id":37106,"date":"2023-11-10T00:01:00","date_gmt":"2023-11-10T03:01:00","guid":{"rendered":"https:\/\/www.vagadeempregorj.com.br\/?p=37106"},"modified":"2023-11-09T11:55:31","modified_gmt":"2023-11-09T14:55:31","slug":"empregos-automob","status":"publish","type":"post","link":"https:\/\/www.vagadeempregorj.com.br\/ar\/empregos-automob\/","title":{"rendered":"Assistente Administrativo, Vendedores de Autos, Mec\u00e2nico Automotivo, Gerente Comercial, Auxiliares Administrativos, Estagi\u00e1rios, Analistas e muito mais na Empresa Automob"},"content":{"rendered":"<p>Atualizado em<\/p>\n\n\n<div class=\"wp-block-post-date\"><time datetime=\"2023-11-10T00:01:00-03:00\">10\/11\/2023<\/time><\/div>\n\n\n<p>Os <strong>empregos Automob<\/strong> s\u00e3o focados em construir um ambiente colaborativo, onde seus colaboradores consigam realizar seu desenvolvimento pessoal e profissional, tornando seus dias melhores. A companhia tamb\u00e9m preza pela inclus\u00e3o e diversidade em todas as \u00e1reas dispon\u00edveis para atua\u00e7\u00e3o, portanto, todas as fun\u00e7\u00f5es s\u00e3o eleg\u00edveis para profissionais independente de defici\u00eancia, religi\u00e3o, ra\u00e7a, orienta\u00e7\u00e3o sexual ou g\u00eanero. Continue lendo e tenha acesso a mais informa\u00e7\u00f5es.<\/p>\n\n\n\n<figure class=\"wp-block-image size-large\"><img loading=\"lazy\" decoding=\"async\" width=\"1024\" height=\"1024\" src=\"https:\/\/www.vagadeempregorj.com.br\/wp-content\/uploads\/2023\/01\/image-1-1024x1024.png\" alt=\"\" class=\"wp-image-37114\" srcset=\"https:\/\/www.vagadeempregorj.com.br\/wp-content\/uploads\/2023\/01\/image-1-1024x1024.png 1024w, https:\/\/www.vagadeempregorj.com.br\/wp-content\/uploads\/2023\/01\/image-1-300x300.png 300w, https:\/\/www.vagadeempregorj.com.br\/wp-content\/uploads\/2023\/01\/image-1-150x150.png 150w, https:\/\/www.vagadeempregorj.com.br\/wp-content\/uploads\/2023\/01\/image-1-768x768.png 768w, https:\/\/www.vagadeempregorj.com.br\/wp-content\/uploads\/2023\/01\/image-1-1536x1536.png 1536w, https:\/\/www.vagadeempregorj.com.br\/wp-content\/uploads\/2023\/01\/image-1-96x96.png 96w, https:\/\/www.vagadeempregorj.com.br\/wp-content\/uploads\/2023\/01\/image-1.png 1908w\" sizes=\"auto, (max-width: 1024px) 100vw, 1024px\" \/><figcaption class=\"wp-element-caption\">Imagem: Automob &#8211; Reprodu\u00e7\u00e3o<\/figcaption><\/figure>\n\n\n\n<h2 class=\"wp-block-heading\">Veja as oportunidades de empregos Automob<\/h2>\n\n\n\n<p>A empresa oferece oportunidades de trabalho remoto al\u00e9m de estar presente em in\u00fameras cidades brasileiras como Mogi das Cruzes, Suzano, Araraquara, S\u00e3o Jos\u00e9 dos Campos, S\u00e3o Paulo, Taubat\u00e9 e muitas outras. A empresa busca colaboradores que valorizem a transpar\u00eancia, gostem de trabalhar com o p\u00fablico e se relacionem bem com os colegas de trabalho. Aqui est\u00e3o algumas possibilidades a serem consideradas:<\/p>\n\n\n\n<ul class=\"wp-block-list\">\n<li>Vendedores de Autos;<\/li>\n\n\n\n<li>Supervisores de P\u00f3s Vendas;<\/li>\n\n\n\n<li>Preparadores de Ve\u00edculos Seminovos;<\/li>\n\n\n\n<li>Operadores de Atendimento;<\/li>\n\n\n\n<li>Mec\u00e2nico Automotivo;<\/li>\n\n\n\n<li>Mec\u00e2nico;<\/li>\n\n\n\n<li>Gerente Comercial;<\/li>\n\n\n\n<li>Estagi\u00e1rio em Administra\u00e7\u00e3o;<\/li>\n\n\n\n<li>Coordenador Fiscal;<\/li>\n\n\n\n<li>Coordenador de Controles Internos, Conformidade e Riscos;<\/li>\n\n\n\n<li>Auxiliares Administrativos;<\/li>\n\n\n\n<li>Analistas Pleno de Controles Internos;<\/li>\n\n\n\n<li>Analistas de Controles Internos Pleno;<\/li>\n\n\n\n<li>Advogado Contencioso Junior;<\/li>\n\n\n\n<li>Advogado Contencioso &#8211; Direito do Consumidor.<\/li>\n<\/ul>\n\n\n\n<p>Oportunidades de cargos efetivos, tempor\u00e1rios, para menor aprendiz e estagi\u00e1rios est\u00e3o dispon\u00edveis. H\u00e1 tamb\u00e9m uma se\u00e7\u00e3o dedicada a um banco de talentos onde os profissionais sem vagas em aberto podem enviar seus curr\u00edculos para futuras vagas. Al\u00e9m disso, a empresa oferece vagas espec\u00edficas para pessoas com defici\u00eancia, garantindo um ambiente de trabalho diversificado e acolhedor em todas as \u00e1reas de atua\u00e7\u00e3o.<\/p>\n\n\n\n<h3 class=\"wp-block-heading\">Como se inscrever<\/h3>\n\n\n\n<p>Para garantir sua participa\u00e7\u00e3o no processo seletivo da empresa Automob, os candidatos devem estar bem informados sobre os requisitos para o cargo escolhido, bem como se cadastrar nas vagas abertas nas unidades pr\u00f3ximas de sua resid\u00eancia. Se voc\u00ea fizer isso, suas chances de ser contratado aumentar\u00e3o significativamente. Voc\u00ea pode obter todas as informa\u00e7\u00f5es necess\u00e1rias para preencher o formul\u00e1rio de registro preliminar e saber mais sobre a empresa clicando no link abaixo.&nbsp;<\/p>\n\n\n\n<ul class=\"wp-block-list\">\n<li><a href=\"https:\/\/automob.gupy.io\/\">Carreiras Automob<\/a>.&nbsp;<\/li>\n<\/ul>\n\n\n\n<p>Como o link ficar\u00e1 indispon\u00edvel por tempo indeterminado, ele estar\u00e1 acess\u00edvel sempre que o candidato sentir necessidade de realizar pesquisas adicionais.<\/p>\n\n\n\n<p><strong>Veja tamb\u00e9m: <a href=\"https:\/\/www.vagadeempregorj.com.br\/ar\/empregos-pradolux\/\">Auxiliar de Log\u00edstica, Auxiliar de Serralheria, Operador de Produ\u00e7\u00e3o, Eletricista de Manuten\u00e7\u00e3o Industrial, Estagi\u00e1rios e muito mais na Empregos Pradolux<\/a><\/strong><\/p>\n\n\n\n<h2 class=\"wp-block-heading\">Sobre a empresa Automob<\/h2>\n\n\n\n<p>A Automob \u00e9 uma importante empresa nos mercados de autom\u00f3veis e motocicletas do pa\u00eds, com o maior portf\u00f3lio de marcas do setor. Com o objetivo de oferecer solu\u00e7\u00f5es integradas de mobilidade para quem busca mobilidade, a empresa mant\u00e9m presen\u00e7a estrat\u00e9gica em 19 cidades do pa\u00eds, oferecendo servi\u00e7os que v\u00e3o desde a venda de ve\u00edculos at\u00e9 o seguro p\u00f3s-venda por meio de sua coligada Madre Seguros.<\/p>\n\n\n\n<p>A empresa tamb\u00e9m promove e respeita a diversidade em todas as suas formas, sendo todos os seus processos seletivos inclusivos, afirmativos e n\u00e3o discriminat\u00f3rios, independentemente do setor em que atua. Essa forma de trabalhar foi o que tornou a empresa uma das melhores dentro do segmento em que atua.<\/p>","protected":false},"excerpt":{"rendered":"<p>Atualizado em Os empregos Automob s\u00e3o focados em construir um ambiente colaborativo, onde seus colaboradores consigam realizar seu desenvolvimento pessoal e profissional, tornando seus dias melhores. A companhia tamb\u00e9m preza pela inclus\u00e3o e diversidade em todas as \u00e1reas dispon\u00edveis para atua\u00e7\u00e3o, portanto, todas as fun\u00e7\u00f5es s\u00e3o eleg\u00edveis para profissionais independente de defici\u00eancia, religi\u00e3o, ra\u00e7a, orienta\u00e7\u00e3o&hellip;&nbsp;<\/p>","protected":false},"author":16,"featured_media":37114,"comment_status":"closed","ping_status":"closed","sticky":false,"template":"","format":"standard","meta":{"neve_meta_sidebar":"","neve_meta_container":"","neve_meta_enable_content_width":"","neve_meta_content_width":0,"neve_meta_title_alignment":"","neve_meta_author_avatar":"","neve_post_elements_order":"","neve_meta_disable_header":"","neve_meta_disable_footer":"","neve_meta_disable_title":"","footnotes":""},"categories":[123],"tags":[778,608,211],"class_list":["post-37106","post","type-post","status-publish","format-standard","has-post-thumbnail","hentry","category-vagas-de-emprego-nacionais","tag-automob","tag-oportunidades","tag-vagas-de-emprego"],"yoast_head":"<!-- This site is optimized with the Yoast SEO plugin v27.5 - https:\/\/yoast.com\/product\/yoast-seo-wordpress\/ -->\n<title>Assistente Administrativo, Vendedores de Autos, Mec\u00e2nico Automotivo, Gerente Comercial, Auxiliares Administrativos, Estagi\u00e1rios, Analistas e muito mais na Empresa Automob -<\/title>\n<meta name=\"description\" content=\"Veja em Vagas de Emprego RJ as vagas de emprego com e sem experi\u00eancia no seu Estado e Regi\u00e3o!\" \/>\n<meta name=\"robots\" content=\"index, follow, max-snippet:-1, max-image-preview:large, max-video-preview:-1\" \/>\n<link rel=\"canonical\" href=\"https:\/\/www.vagadeempregorj.com.br\/ar\/empregos-automob\/\" \/>\n<meta property=\"og:locale\" content=\"ar_AR\" \/>\n<meta property=\"og:type\" content=\"article\" \/>\n<meta property=\"og:title\" content=\"Assistente Administrativo, Vendedores de Autos, Mec\u00e2nico Automotivo, Gerente Comercial, Auxiliares Administrativos, Estagi\u00e1rios, Analistas e muito mais na Empresa Automob -\" \/>\n<meta property=\"og:description\" content=\"Veja em Vagas de Emprego RJ as vagas de emprego com e sem experi\u00eancia no seu Estado e Regi\u00e3o!\" \/>\n<meta property=\"og:url\" content=\"https:\/\/www.vagadeempregorj.com.br\/ar\/empregos-automob\/\" \/>\n<meta property=\"article:publisher\" content=\"https:\/\/www.facebook.com\/empregobrasiloficial\" \/>\n<meta property=\"article:published_time\" content=\"2023-11-10T03:01:00+00:00\" \/>\n<meta property=\"og:image\" content=\"https:\/\/www.vagadeempregorj.com.br\/wp-content\/uploads\/2023\/01\/image-1.png\" \/>\n\t<meta property=\"og:image:width\" content=\"1908\" \/>\n\t<meta property=\"og:image:height\" content=\"1908\" \/>\n\t<meta property=\"og:image:type\" content=\"image\/png\" \/>\n<meta name=\"author\" content=\"Michele\" \/>\n<meta name=\"twitter:card\" content=\"summary_large_image\" \/>\n<meta name=\"twitter:label1\" content=\"Written by\" \/>\n\t<meta name=\"twitter:data1\" content=\"Michele\" \/>\n\t<meta name=\"twitter:label2\" content=\"Est. reading time\" \/>\n\t<meta name=\"twitter:data2\" content=\"3 \u062f\u0642\u0627\u0626\u0642\" \/>\n<script type=\"application\/ld+json\" class=\"yoast-schema-graph\">{\"@context\":\"https:\\\/\\\/schema.org\",\"@graph\":[{\"@type\":\"Article\",\"@id\":\"https:\\\/\\\/www.vagadeempregorj.com.br\\\/empregos-automob\\\/#article\",\"isPartOf\":{\"@id\":\"https:\\\/\\\/www.vagadeempregorj.com.br\\\/empregos-automob\\\/\"},\"author\":{\"name\":\"Michele\",\"@id\":\"https:\\\/\\\/www.vagadeempregorj.com.br\\\/#\\\/schema\\\/person\\\/3ddb19fa0539706786e502152f3aae95\"},\"headline\":\"Assistente Administrativo, Vendedores de Autos, Mec\u00e2nico Automotivo, Gerente Comercial, Auxiliares Administrativos, Estagi\u00e1rios, Analistas e muito mais na Empresa Automob\",\"datePublished\":\"2023-11-10T03:01:00+00:00\",\"mainEntityOfPage\":{\"@id\":\"https:\\\/\\\/www.vagadeempregorj.com.br\\\/empregos-automob\\\/\"},\"wordCount\":576,\"image\":{\"@id\":\"https:\\\/\\\/www.vagadeempregorj.com.br\\\/empregos-automob\\\/#primaryimage\"},\"thumbnailUrl\":\"https:\\\/\\\/www.vagadeempregorj.com.br\\\/wp-content\\\/uploads\\\/2023\\\/01\\\/image-1.png\",\"keywords\":[\"Automob\",\"oportunidades\",\"vagas de emprego\"],\"articleSection\":[\"Vagas de Emprego Nacionais\"],\"inLanguage\":\"ar\"},{\"@type\":\"WebPage\",\"@id\":\"https:\\\/\\\/www.vagadeempregorj.com.br\\\/empregos-automob\\\/\",\"url\":\"https:\\\/\\\/www.vagadeempregorj.com.br\\\/empregos-automob\\\/\",\"name\":\"Assistente Administrativo, Vendedores de Autos, Mec\u00e2nico Automotivo, Gerente Comercial, Auxiliares Administrativos, Estagi\u00e1rios, Analistas e muito mais na Empresa Automob -\",\"isPartOf\":{\"@id\":\"https:\\\/\\\/www.vagadeempregorj.com.br\\\/#website\"},\"primaryImageOfPage\":{\"@id\":\"https:\\\/\\\/www.vagadeempregorj.com.br\\\/empregos-automob\\\/#primaryimage\"},\"image\":{\"@id\":\"https:\\\/\\\/www.vagadeempregorj.com.br\\\/empregos-automob\\\/#primaryimage\"},\"thumbnailUrl\":\"https:\\\/\\\/www.vagadeempregorj.com.br\\\/wp-content\\\/uploads\\\/2023\\\/01\\\/image-1.png\",\"datePublished\":\"2023-11-10T03:01:00+00:00\",\"author\":{\"@id\":\"https:\\\/\\\/www.vagadeempregorj.com.br\\\/#\\\/schema\\\/person\\\/3ddb19fa0539706786e502152f3aae95\"},\"description\":\"Veja em Vagas de Emprego RJ as vagas de emprego com e sem experi\u00eancia no seu Estado e Regi\u00e3o!\",\"breadcrumb\":{\"@id\":\"https:\\\/\\\/www.vagadeempregorj.com.br\\\/empregos-automob\\\/#breadcrumb\"},\"inLanguage\":\"ar\",\"potentialAction\":[{\"@type\":\"ReadAction\",\"target\":[\"https:\\\/\\\/www.vagadeempregorj.com.br\\\/empregos-automob\\\/\"]}]},{\"@type\":\"ImageObject\",\"inLanguage\":\"ar\",\"@id\":\"https:\\\/\\\/www.vagadeempregorj.com.br\\\/empregos-automob\\\/#primaryimage\",\"url\":\"https:\\\/\\\/www.vagadeempregorj.com.br\\\/wp-content\\\/uploads\\\/2023\\\/01\\\/image-1.png\",\"contentUrl\":\"https:\\\/\\\/www.vagadeempregorj.com.br\\\/wp-content\\\/uploads\\\/2023\\\/01\\\/image-1.png\",\"width\":1908,\"height\":1908,\"caption\":\"empregos Automob\"},{\"@type\":\"BreadcrumbList\",\"@id\":\"https:\\\/\\\/www.vagadeempregorj.com.br\\\/empregos-automob\\\/#breadcrumb\",\"itemListElement\":[{\"@type\":\"ListItem\",\"position\":1,\"name\":\"In\u00edcio\",\"item\":\"https:\\\/\\\/www.vagadeempregorj.com.br\\\/\"},{\"@type\":\"ListItem\",\"position\":2,\"name\":\"Vagas de Emprego Nacionais\",\"item\":\"https:\\\/\\\/www.vagadeempregorj.com.br\\\/vagas-de-emprego-nacionais\\\/\"},{\"@type\":\"ListItem\",\"position\":3,\"name\":\"Assistente Administrativo, Vendedores de Autos, Mec\u00e2nico Automotivo, Gerente Comercial, Auxiliares Administrativos, Estagi\u00e1rios, Analistas e muito mais na Empresa Automob\"}]},{\"@type\":\"WebSite\",\"@id\":\"https:\\\/\\\/www.vagadeempregorj.com.br\\\/#website\",\"url\":\"https:\\\/\\\/www.vagadeempregorj.com.br\\\/\",\"name\":\"\",\"description\":\"Conquiste Sonhos: Vagas, Benef\u00edcios e Economia para Transformar Vidas e Alcan\u00e7ar Melhorias Cotidianas\",\"potentialAction\":[{\"@type\":\"SearchAction\",\"target\":{\"@type\":\"EntryPoint\",\"urlTemplate\":\"https:\\\/\\\/www.vagadeempregorj.com.br\\\/?s={search_term_string}\"},\"query-input\":{\"@type\":\"PropertyValueSpecification\",\"valueRequired\":true,\"valueName\":\"search_term_string\"}}],\"inLanguage\":\"ar\"},{\"@type\":\"Person\",\"@id\":\"https:\\\/\\\/www.vagadeempregorj.com.br\\\/#\\\/schema\\\/person\\\/3ddb19fa0539706786e502152f3aae95\",\"name\":\"Michele\",\"image\":{\"@type\":\"ImageObject\",\"inLanguage\":\"ar\",\"@id\":\"https:\\\/\\\/secure.gravatar.com\\\/avatar\\\/6b0eb9d22841282815e2cd856a0061c45e1761cd54b22e952d98c4746939aa85?s=96&r=g\",\"url\":\"https:\\\/\\\/secure.gravatar.com\\\/avatar\\\/6b0eb9d22841282815e2cd856a0061c45e1761cd54b22e952d98c4746939aa85?s=96&r=g\",\"contentUrl\":\"https:\\\/\\\/secure.gravatar.com\\\/avatar\\\/6b0eb9d22841282815e2cd856a0061c45e1761cd54b22e952d98c4746939aa85?s=96&r=g\",\"caption\":\"Michele\"},\"description\":\"Formada em Letras - Portugu\u00eas\\\/ Ingl\u00eas, e idealizadora do site Escritora de Sucesso, busca expandir o conhecimento de todos com informa\u00e7\u00f5es relevantes sobre diversos assuntos, enquanto redatora. No Vaga de Emprego RJ, traz oportunidades e dicas sobre o mercado de trabalho.\",\"url\":\"https:\\\/\\\/www.vagadeempregorj.com.br\\\/ar\\\/author\\\/michele\\\/\"}]}<\/script>\n<!-- \/ Yoast SEO plugin. -->","yoast_head_json":{"title":"Assistente Administrativo, Vendedores de Autos, Mec\u00e2nico Automotivo, Gerente Comercial, Auxiliares Administrativos, Estagi\u00e1rios, Analistas e muito mais na Empresa Automob -","description":"Veja em Vagas de Emprego RJ as vagas de emprego com e sem experi\u00eancia no seu Estado e Regi\u00e3o!","robots":{"index":"index","follow":"follow","max-snippet":"max-snippet:-1","max-image-preview":"max-image-preview:large","max-video-preview":"max-video-preview:-1"},"canonical":"https:\/\/www.vagadeempregorj.com.br\/ar\/empregos-automob\/","og_locale":"ar_AR","og_type":"article","og_title":"Assistente Administrativo, Vendedores de Autos, Mec\u00e2nico Automotivo, Gerente Comercial, Auxiliares Administrativos, Estagi\u00e1rios, Analistas e muito mais na Empresa Automob -","og_description":"Veja em Vagas de Emprego RJ as vagas de emprego com e sem experi\u00eancia no seu Estado e Regi\u00e3o!","og_url":"https:\/\/www.vagadeempregorj.com.br\/ar\/empregos-automob\/","article_publisher":"https:\/\/www.facebook.com\/empregobrasiloficial","article_published_time":"2023-11-10T03:01:00+00:00","og_image":[{"width":1908,"height":1908,"url":"https:\/\/www.vagadeempregorj.com.br\/wp-content\/uploads\/2023\/01\/image-1.png","type":"image\/png"}],"author":"Michele","twitter_card":"summary_large_image","twitter_misc":{"Written by":"Michele","Est. reading time":"3 \u062f\u0642\u0627\u0626\u0642"},"schema":{"@context":"https:\/\/schema.org","@graph":[{"@type":"Article","@id":"https:\/\/www.vagadeempregorj.com.br\/empregos-automob\/#article","isPartOf":{"@id":"https:\/\/www.vagadeempregorj.com.br\/empregos-automob\/"},"author":{"name":"Michele","@id":"https:\/\/www.vagadeempregorj.com.br\/#\/schema\/person\/3ddb19fa0539706786e502152f3aae95"},"headline":"Assistente Administrativo, Vendedores de Autos, Mec\u00e2nico Automotivo, Gerente Comercial, Auxiliares Administrativos, Estagi\u00e1rios, Analistas e muito mais na Empresa Automob","datePublished":"2023-11-10T03:01:00+00:00","mainEntityOfPage":{"@id":"https:\/\/www.vagadeempregorj.com.br\/empregos-automob\/"},"wordCount":576,"image":{"@id":"https:\/\/www.vagadeempregorj.com.br\/empregos-automob\/#primaryimage"},"thumbnailUrl":"https:\/\/www.vagadeempregorj.com.br\/wp-content\/uploads\/2023\/01\/image-1.png","keywords":["Automob","oportunidades","vagas de emprego"],"articleSection":["Vagas de Emprego Nacionais"],"inLanguage":"ar"},{"@type":"WebPage","@id":"https:\/\/www.vagadeempregorj.com.br\/empregos-automob\/","url":"https:\/\/www.vagadeempregorj.com.br\/empregos-automob\/","name":"Assistente Administrativo, Vendedores de Autos, Mec\u00e2nico Automotivo, Gerente Comercial, Auxiliares Administrativos, Estagi\u00e1rios, Analistas e muito mais na Empresa Automob -","isPartOf":{"@id":"https:\/\/www.vagadeempregorj.com.br\/#website"},"primaryImageOfPage":{"@id":"https:\/\/www.vagadeempregorj.com.br\/empregos-automob\/#primaryimage"},"image":{"@id":"https:\/\/www.vagadeempregorj.com.br\/empregos-automob\/#primaryimage"},"thumbnailUrl":"https:\/\/www.vagadeempregorj.com.br\/wp-content\/uploads\/2023\/01\/image-1.png","datePublished":"2023-11-10T03:01:00+00:00","author":{"@id":"https:\/\/www.vagadeempregorj.com.br\/#\/schema\/person\/3ddb19fa0539706786e502152f3aae95"},"description":"Veja em Vagas de Emprego RJ as vagas de emprego com e sem experi\u00eancia no seu Estado e Regi\u00e3o!","breadcrumb":{"@id":"https:\/\/www.vagadeempregorj.com.br\/empregos-automob\/#breadcrumb"},"inLanguage":"ar","potentialAction":[{"@type":"ReadAction","target":["https:\/\/www.vagadeempregorj.com.br\/empregos-automob\/"]}]},{"@type":"ImageObject","inLanguage":"ar","@id":"https:\/\/www.vagadeempregorj.com.br\/empregos-automob\/#primaryimage","url":"https:\/\/www.vagadeempregorj.com.br\/wp-content\/uploads\/2023\/01\/image-1.png","contentUrl":"https:\/\/www.vagadeempregorj.com.br\/wp-content\/uploads\/2023\/01\/image-1.png","width":1908,"height":1908,"caption":"empregos Automob"},{"@type":"BreadcrumbList","@id":"https:\/\/www.vagadeempregorj.com.br\/empregos-automob\/#breadcrumb","itemListElement":[{"@type":"ListItem","position":1,"name":"In\u00edcio","item":"https:\/\/www.vagadeempregorj.com.br\/"},{"@type":"ListItem","position":2,"name":"Vagas de Emprego Nacionais","item":"https:\/\/www.vagadeempregorj.com.br\/vagas-de-emprego-nacionais\/"},{"@type":"ListItem","position":3,"name":"Assistente Administrativo, Vendedores de Autos, Mec\u00e2nico Automotivo, Gerente Comercial, Auxiliares Administrativos, Estagi\u00e1rios, Analistas e muito mais na Empresa Automob"}]},{"@type":"WebSite","@id":"https:\/\/www.vagadeempregorj.com.br\/#website","url":"https:\/\/www.vagadeempregorj.com.br\/","name":"","description":"Conquiste Sonhos: Vagas, Benef\u00edcios e Economia para Transformar Vidas e Alcan\u00e7ar Melhorias Cotidianas","potentialAction":[{"@type":"SearchAction","target":{"@type":"EntryPoint","urlTemplate":"https:\/\/www.vagadeempregorj.com.br\/?s={search_term_string}"},"query-input":{"@type":"PropertyValueSpecification","valueRequired":true,"valueName":"search_term_string"}}],"inLanguage":"ar"},{"@type":"Person","@id":"https:\/\/www.vagadeempregorj.com.br\/#\/schema\/person\/3ddb19fa0539706786e502152f3aae95","name":"Michele","image":{"@type":"ImageObject","inLanguage":"ar","@id":"https:\/\/secure.gravatar.com\/avatar\/6b0eb9d22841282815e2cd856a0061c45e1761cd54b22e952d98c4746939aa85?s=96&r=g","url":"https:\/\/secure.gravatar.com\/avatar\/6b0eb9d22841282815e2cd856a0061c45e1761cd54b22e952d98c4746939aa85?s=96&r=g","contentUrl":"https:\/\/secure.gravatar.com\/avatar\/6b0eb9d22841282815e2cd856a0061c45e1761cd54b22e952d98c4746939aa85?s=96&r=g","caption":"Michele"},"description":"Formada em Letras - Portugu\u00eas\/ Ingl\u00eas, e idealizadora do site Escritora de Sucesso, busca expandir o conhecimento de todos com informa\u00e7\u00f5es relevantes sobre diversos assuntos, enquanto redatora. No Vaga de Emprego RJ, traz oportunidades e dicas sobre o mercado de trabalho.","url":"https:\/\/www.vagadeempregorj.com.br\/ar\/author\/michele\/"}]}},"_links":{"self":[{"href":"https:\/\/www.vagadeempregorj.com.br\/ar\/wp-json\/wp\/v2\/posts\/37106","targetHints":{"allow":["GET"]}}],"collection":[{"href":"https:\/\/www.vagadeempregorj.com.br\/ar\/wp-json\/wp\/v2\/posts"}],"about":[{"href":"https:\/\/www.vagadeempregorj.com.br\/ar\/wp-json\/wp\/v2\/types\/post"}],"author":[{"embeddable":true,"href":"https:\/\/www.vagadeempregorj.com.br\/ar\/wp-json\/wp\/v2\/users\/16"}],"replies":[{"embeddable":true,"href":"https:\/\/www.vagadeempregorj.com.br\/ar\/wp-json\/wp\/v2\/comments?post=37106"}],"version-history":[{"count":0,"href":"https:\/\/www.vagadeempregorj.com.br\/ar\/wp-json\/wp\/v2\/posts\/37106\/revisions"}],"wp:featuredmedia":[{"embeddable":true,"href":"https:\/\/www.vagadeempregorj.com.br\/ar\/wp-json\/wp\/v2\/media\/37114"}],"wp:attachment":[{"href":"https:\/\/www.vagadeempregorj.com.br\/ar\/wp-json\/wp\/v2\/media?parent=37106"}],"wp:term":[{"taxonomy":"category","embeddable":true,"href":"https:\/\/www.vagadeempregorj.com.br\/ar\/wp-json\/wp\/v2\/categories?post=37106"},{"taxonomy":"post_tag","embeddable":true,"href":"https:\/\/www.vagadeempregorj.com.br\/ar\/wp-json\/wp\/v2\/tags?post=37106"}],"curies":[{"name":"wp","href":"https:\/\/api.w.org\/{rel}","templated":true}]}}