{"id":37208,"date":"2023-09-04T00:01:00","date_gmt":"2023-09-04T03:01:00","guid":{"rendered":"https:\/\/www.vagadeempregorj.com.br\/?p=37208"},"modified":"2023-09-03T11:22:26","modified_gmt":"2023-09-03T14:22:26","slug":"empregos-louis-dreyfus","status":"publish","type":"post","link":"https:\/\/www.vagadeempregorj.com.br\/ar\/empregos-louis-dreyfus\/","title":{"rendered":"Assistente de Log\u00edstica, Operador de Armaz\u00e9m, Est\u00e1gio de Manuten\u00e7\u00e3o, Analista de Custos e muito mais na Empresa Louis Dreyfus"},"content":{"rendered":"<p>Atualizado<\/p>\n\n\n<div class=\"wp-block-post-date\"><time datetime=\"2023-09-04T00:01:00-03:00\">04\/09\/2023<\/time><\/div>\n\n\n<p>Os <strong>empregos Louis Dreyfus<\/strong> est\u00e3o presentes no Brasil desde o ano de 1942, e s\u00e3o reconhecidos como uma das maiores processadoras e comercializadoras de produtos agr\u00edcolas em todo o mundo. A companhia oferece constantemente novas oportunidades de emprego, e suas vagas s\u00e3o eleg\u00edveis para profissionais independente de g\u00eanero, sexualidade, etnia, ra\u00e7a, defici\u00eancia ou religi\u00e3o, tendo como um dos seus principais valores a diversidade. Para mais informa\u00e7\u00f5es, continue acompanhando.<\/p>\n\n\n\n<figure class=\"wp-block-image size-full\"><img loading=\"lazy\" decoding=\"async\" width=\"640\" height=\"480\" src=\"https:\/\/www.vagadeempregorj.com.br\/wp-content\/uploads\/2023\/01\/image-6.png\" alt=\"\" class=\"wp-image-37213\" srcset=\"https:\/\/www.vagadeempregorj.com.br\/wp-content\/uploads\/2023\/01\/image-6.png 640w, https:\/\/www.vagadeempregorj.com.br\/wp-content\/uploads\/2023\/01\/image-6-300x225.png 300w, https:\/\/www.vagadeempregorj.com.br\/wp-content\/uploads\/2023\/01\/image-6-150x113.png 150w\" sizes=\"auto, (max-width: 640px) 100vw, 640px\" \/><figcaption class=\"wp-element-caption\">Imagem: LDC &#8211; Reprodu\u00e7\u00e3o<\/figcaption><\/figure>\n\n\n\n<h2 class=\"wp-block-heading\">Confira as oportunidades de empregos Louis Dreyfus<\/h2>\n\n\n\n<p>A empresa Louis Dreyfus \u00e9 uma das principais ind\u00fastrias brasileiras, e opera em v\u00e1rias cidades, como: Itumbiara, Ponta Grossa, Sorriso, Apucarana, Goi\u00e1s, Jata\u00ed, Varginha, Santos, Mat\u00e3o, Paranagu\u00e1, Rio Verde, Nova Mutum, Bahia, Mato Grosso, Campo Verde, Primavera do Leste e diversas outras.<\/p>\n\n\n\n<p>Para fazer parte desse grande time, \u00e9 fundamental atender aos requisitos m\u00ednimos do cargo escolhido, al\u00e9m de morar em regi\u00f5es onde a empresa est\u00e1 contratando, a fim de aumentar as chances de contrata\u00e7\u00e3o.<\/p>\n\n\n\n<p>Veja algumas oportunidades dispon\u00edveis para inscri\u00e7\u00e3o:<\/p>\n\n\n\n<ul class=\"wp-block-list\">\n<li>Estagi\u00e1rios;<\/li>\n\n\n\n<li>Analista de Custos;<\/li>\n\n\n\n<li>Especialista T\u00e9cnico Comercial;<\/li>\n\n\n\n<li>Analista Administrativo de Estoque;<\/li>\n\n\n\n<li>Assistente de Log\u00edstica;<\/li>\n\n\n\n<li>Operador de Armaz\u00e9m;<\/li>\n\n\n\n<li>Analista de Log\u00edstica;<\/li>\n\n\n\n<li>Especialista em Seguran\u00e7a, Meio Ambiente e Sa\u00fade;<\/li>\n\n\n\n<li>Coordenador de Log\u00edstica;<\/li>\n\n\n\n<li>Supervisor Turno Produ\u00e7\u00e3o;<\/li>\n\n\n\n<li>Analista de Sustentabilidade Pleno;<\/li>\n\n\n\n<li>Mec\u00e2nico Especializado de Armaz\u00e9m;<\/li>\n\n\n\n<li>Estagi\u00e1rio em Manuten\u00e7\u00e3o;<\/li>\n\n\n\n<li>Jovem Aprendiz;<\/li>\n\n\n\n<li>Supervisor de Turno Produ\u00e7\u00e3o;<\/li>\n\n\n\n<li>Especialista T\u00e9cnico Comercial.<\/li>\n<\/ul>\n\n\n\n<p>Os candidatos que n\u00e3o encontrarem uma vaga compat\u00edvel com suas qualifica\u00e7\u00f5es podem deixar seus curr\u00edculos no banco de oportunidades. A empresa entrar\u00e1 em contato com o profissional interessado assim que surgir uma lacuna nas informa\u00e7\u00f5es compartilhadas.<\/p>\n\n\n\n<h3 class=\"wp-block-heading\">Como se inscrever<\/h3>\n\n\n\n<p>O link abaixo permanecer\u00e1 ativo por tempo indeterminado e permitir\u00e1 aos candidatos que se identificarem com a miss\u00e3o e cultura da empresa a visualiza\u00e7\u00e3o de todas as vagas abertas, informa\u00e7\u00f5es da empresa e detalhes da candidatura. O candidato deve se inscrever imediatamente ap\u00f3s descobrir uma vaga que corresponda \u00e0s suas qualifica\u00e7\u00f5es, pois as vagas abertas podem mudar semanalmente, dependendo de quantas inscri\u00e7\u00f5es forem recebidas.<\/p>\n\n\n\n<ul class=\"wp-block-list\">\n<li><a href=\"https:\/\/www.vagas.com.br\/empregos\/louis-dreyfus?page=2\">Oportunidades Louis Dreyfus<\/a>.<\/li>\n<\/ul>\n\n\n\n<p>Al\u00e9m de oferecer sal\u00e1rio fixos de acordo com a m\u00e9dia de mercado, todos os novos contratados recebem diversos benef\u00edcios, como: assist\u00eancia m\u00e9dica, assist\u00eancia odontol\u00f3gica, aux\u00edlio academia, aux\u00edlio farm\u00e1cia, aux\u00edlio fretado, caf\u00e9 da manh\u00e3, gin\u00e1stica laboral, home office, participa\u00e7\u00e3o nos lucros ou resultados, seguro de vida e vale-refei\u00e7\u00e3o.<\/p>\n\n\n\n<p><strong>Veja tamb\u00e9m: <a href=\"https:\/\/www.vagadeempregorj.com.br\/ar\/vagas-de-emprego-uniao-quimica\/\">Assistente Administrativo de Vendas, Operador de Corte e Vinco, Especialista Cont\u00e1bil, Coordenador de Costumer Service e muito mais na Empresa Uni\u00e3o Qu\u00edmica<\/a><\/strong><\/p>\n\n\n\n<h2 class=\"wp-block-heading\">Sobre a empresa Louis Dreyfus<\/h2>\n\n\n\n<p>A Louis Dreyfus \u00e9 uma processadora e distribuidora internacional de produtos agr\u00edcolas. No mercado em que atua, seu objetivo \u00e9 criar valor justo e sustent\u00e1vel em benef\u00edcio das gera\u00e7\u00f5es atuais e futuras.&nbsp;<\/p>\n\n\n\n<p>No Brasil, a LDC est\u00e1 presente em toda a cadeia de valor agr\u00edcola, realizando opera\u00e7\u00f5es fixas e comercializando uma ampla gama de mercadorias. \u00c0 medida que investem em novos projetos e produtos para atender \u00e0s necessidades de seus clientes, sua presen\u00e7a no pa\u00eds continua se expandindo, o que a faz ser uma refer\u00eancia agr\u00edcola reconhecida mundialmente.<\/p>","protected":false},"excerpt":{"rendered":"<p>Atualizado Os empregos Louis Dreyfus est\u00e3o presentes no Brasil desde o ano de 1942, e s\u00e3o reconhecidos como uma das maiores processadoras e comercializadoras de produtos agr\u00edcolas em todo o mundo. A companhia oferece constantemente novas oportunidades de emprego, e suas vagas s\u00e3o eleg\u00edveis para profissionais independente de g\u00eanero, sexualidade, etnia, ra\u00e7a, defici\u00eancia ou religi\u00e3o,&hellip;&nbsp;<\/p>","protected":false},"author":16,"featured_media":37213,"comment_status":"closed","ping_status":"closed","sticky":false,"template":"","format":"standard","meta":{"neve_meta_sidebar":"","neve_meta_container":"","neve_meta_enable_content_width":"","neve_meta_content_width":0,"neve_meta_title_alignment":"","neve_meta_author_avatar":"","neve_post_elements_order":"","neve_meta_disable_header":"","neve_meta_disable_footer":"","neve_meta_disable_title":"","footnotes":""},"categories":[123],"tags":[780,608,211],"class_list":["post-37208","post","type-post","status-publish","format-standard","has-post-thumbnail","hentry","category-vagas-de-emprego-nacionais","tag-louis-dreyfus","tag-oportunidades","tag-vagas-de-emprego"],"yoast_head":"<!-- This site is optimized with the Yoast SEO plugin v27.5 - https:\/\/yoast.com\/product\/yoast-seo-wordpress\/ -->\n<title>Assistente de Log\u00edstica, Operador de Armaz\u00e9m, Est\u00e1gio de Manuten\u00e7\u00e3o, Analista de Custos e muito mais na Empresa Louis Dreyfus -<\/title>\n<meta name=\"description\" content=\"Veja em Vagas de Emprego RJ as vagas de emprego com e sem experi\u00eancia no seu Estado e Regi\u00e3o!\" \/>\n<meta name=\"robots\" content=\"index, follow, max-snippet:-1, max-image-preview:large, max-video-preview:-1\" \/>\n<link rel=\"canonical\" href=\"https:\/\/www.vagadeempregorj.com.br\/ar\/empregos-louis-dreyfus\/\" \/>\n<meta property=\"og:locale\" content=\"ar_AR\" \/>\n<meta property=\"og:type\" content=\"article\" \/>\n<meta property=\"og:title\" content=\"Assistente de Log\u00edstica, Operador de Armaz\u00e9m, Est\u00e1gio de Manuten\u00e7\u00e3o, Analista de Custos e muito mais na Empresa Louis Dreyfus -\" \/>\n<meta property=\"og:description\" content=\"Veja em Vagas de Emprego RJ as vagas de emprego com e sem experi\u00eancia no seu Estado e Regi\u00e3o!\" \/>\n<meta property=\"og:url\" content=\"https:\/\/www.vagadeempregorj.com.br\/ar\/empregos-louis-dreyfus\/\" \/>\n<meta property=\"article:publisher\" content=\"https:\/\/www.facebook.com\/empregobrasiloficial\" \/>\n<meta property=\"article:published_time\" content=\"2023-09-04T03:01:00+00:00\" \/>\n<meta property=\"og:image\" content=\"https:\/\/www.vagadeempregorj.com.br\/wp-content\/uploads\/2023\/01\/image-6.png\" \/>\n\t<meta property=\"og:image:width\" content=\"640\" \/>\n\t<meta property=\"og:image:height\" content=\"480\" \/>\n\t<meta property=\"og:image:type\" content=\"image\/png\" \/>\n<meta name=\"author\" content=\"Michele\" \/>\n<meta name=\"twitter:card\" content=\"summary_large_image\" \/>\n<meta name=\"twitter:label1\" content=\"Written by\" \/>\n\t<meta name=\"twitter:data1\" content=\"Michele\" \/>\n\t<meta name=\"twitter:label2\" content=\"Est. reading time\" \/>\n\t<meta name=\"twitter:data2\" content=\"3 \u062f\u0642\u0627\u0626\u0642\" \/>\n<script type=\"application\/ld+json\" class=\"yoast-schema-graph\">{\"@context\":\"https:\\\/\\\/schema.org\",\"@graph\":[{\"@type\":\"Article\",\"@id\":\"https:\\\/\\\/www.vagadeempregorj.com.br\\\/empregos-louis-dreyfus\\\/#article\",\"isPartOf\":{\"@id\":\"https:\\\/\\\/www.vagadeempregorj.com.br\\\/empregos-louis-dreyfus\\\/\"},\"author\":{\"name\":\"Michele\",\"@id\":\"https:\\\/\\\/www.vagadeempregorj.com.br\\\/#\\\/schema\\\/person\\\/3ddb19fa0539706786e502152f3aae95\"},\"headline\":\"Assistente de Log\u00edstica, Operador de Armaz\u00e9m, Est\u00e1gio de Manuten\u00e7\u00e3o, Analista de Custos e muito mais na Empresa Louis Dreyfus\",\"datePublished\":\"2023-09-04T03:01:00+00:00\",\"mainEntityOfPage\":{\"@id\":\"https:\\\/\\\/www.vagadeempregorj.com.br\\\/empregos-louis-dreyfus\\\/\"},\"wordCount\":578,\"image\":{\"@id\":\"https:\\\/\\\/www.vagadeempregorj.com.br\\\/empregos-louis-dreyfus\\\/#primaryimage\"},\"thumbnailUrl\":\"https:\\\/\\\/www.vagadeempregorj.com.br\\\/wp-content\\\/uploads\\\/2023\\\/01\\\/image-6.png\",\"keywords\":[\"Louis Dreyfus\",\"oportunidades\",\"vagas de emprego\"],\"articleSection\":[\"Vagas de Emprego Nacionais\"],\"inLanguage\":\"ar\"},{\"@type\":\"WebPage\",\"@id\":\"https:\\\/\\\/www.vagadeempregorj.com.br\\\/empregos-louis-dreyfus\\\/\",\"url\":\"https:\\\/\\\/www.vagadeempregorj.com.br\\\/empregos-louis-dreyfus\\\/\",\"name\":\"Assistente de Log\u00edstica, Operador de Armaz\u00e9m, Est\u00e1gio de Manuten\u00e7\u00e3o, Analista de Custos e muito mais na Empresa Louis Dreyfus -\",\"isPartOf\":{\"@id\":\"https:\\\/\\\/www.vagadeempregorj.com.br\\\/#website\"},\"primaryImageOfPage\":{\"@id\":\"https:\\\/\\\/www.vagadeempregorj.com.br\\\/empregos-louis-dreyfus\\\/#primaryimage\"},\"image\":{\"@id\":\"https:\\\/\\\/www.vagadeempregorj.com.br\\\/empregos-louis-dreyfus\\\/#primaryimage\"},\"thumbnailUrl\":\"https:\\\/\\\/www.vagadeempregorj.com.br\\\/wp-content\\\/uploads\\\/2023\\\/01\\\/image-6.png\",\"datePublished\":\"2023-09-04T03:01:00+00:00\",\"author\":{\"@id\":\"https:\\\/\\\/www.vagadeempregorj.com.br\\\/#\\\/schema\\\/person\\\/3ddb19fa0539706786e502152f3aae95\"},\"description\":\"Veja em Vagas de Emprego RJ as vagas de emprego com e sem experi\u00eancia no seu Estado e Regi\u00e3o!\",\"breadcrumb\":{\"@id\":\"https:\\\/\\\/www.vagadeempregorj.com.br\\\/empregos-louis-dreyfus\\\/#breadcrumb\"},\"inLanguage\":\"ar\",\"potentialAction\":[{\"@type\":\"ReadAction\",\"target\":[\"https:\\\/\\\/www.vagadeempregorj.com.br\\\/empregos-louis-dreyfus\\\/\"]}]},{\"@type\":\"ImageObject\",\"inLanguage\":\"ar\",\"@id\":\"https:\\\/\\\/www.vagadeempregorj.com.br\\\/empregos-louis-dreyfus\\\/#primaryimage\",\"url\":\"https:\\\/\\\/www.vagadeempregorj.com.br\\\/wp-content\\\/uploads\\\/2023\\\/01\\\/image-6.png\",\"contentUrl\":\"https:\\\/\\\/www.vagadeempregorj.com.br\\\/wp-content\\\/uploads\\\/2023\\\/01\\\/image-6.png\",\"width\":640,\"height\":480,\"caption\":\"LDC\"},{\"@type\":\"BreadcrumbList\",\"@id\":\"https:\\\/\\\/www.vagadeempregorj.com.br\\\/empregos-louis-dreyfus\\\/#breadcrumb\",\"itemListElement\":[{\"@type\":\"ListItem\",\"position\":1,\"name\":\"In\u00edcio\",\"item\":\"https:\\\/\\\/www.vagadeempregorj.com.br\\\/\"},{\"@type\":\"ListItem\",\"position\":2,\"name\":\"Vagas de Emprego Nacionais\",\"item\":\"https:\\\/\\\/www.vagadeempregorj.com.br\\\/vagas-de-emprego-nacionais\\\/\"},{\"@type\":\"ListItem\",\"position\":3,\"name\":\"Assistente de Log\u00edstica, Operador de Armaz\u00e9m, Est\u00e1gio de Manuten\u00e7\u00e3o, Analista de Custos e muito mais na Empresa Louis Dreyfus\"}]},{\"@type\":\"WebSite\",\"@id\":\"https:\\\/\\\/www.vagadeempregorj.com.br\\\/#website\",\"url\":\"https:\\\/\\\/www.vagadeempregorj.com.br\\\/\",\"name\":\"\",\"description\":\"Conquiste Sonhos: Vagas, Benef\u00edcios e Economia para Transformar Vidas e Alcan\u00e7ar Melhorias Cotidianas\",\"potentialAction\":[{\"@type\":\"SearchAction\",\"target\":{\"@type\":\"EntryPoint\",\"urlTemplate\":\"https:\\\/\\\/www.vagadeempregorj.com.br\\\/?s={search_term_string}\"},\"query-input\":{\"@type\":\"PropertyValueSpecification\",\"valueRequired\":true,\"valueName\":\"search_term_string\"}}],\"inLanguage\":\"ar\"},{\"@type\":\"Person\",\"@id\":\"https:\\\/\\\/www.vagadeempregorj.com.br\\\/#\\\/schema\\\/person\\\/3ddb19fa0539706786e502152f3aae95\",\"name\":\"Michele\",\"image\":{\"@type\":\"ImageObject\",\"inLanguage\":\"ar\",\"@id\":\"https:\\\/\\\/secure.gravatar.com\\\/avatar\\\/6b0eb9d22841282815e2cd856a0061c45e1761cd54b22e952d98c4746939aa85?s=96&r=g\",\"url\":\"https:\\\/\\\/secure.gravatar.com\\\/avatar\\\/6b0eb9d22841282815e2cd856a0061c45e1761cd54b22e952d98c4746939aa85?s=96&r=g\",\"contentUrl\":\"https:\\\/\\\/secure.gravatar.com\\\/avatar\\\/6b0eb9d22841282815e2cd856a0061c45e1761cd54b22e952d98c4746939aa85?s=96&r=g\",\"caption\":\"Michele\"},\"description\":\"Formada em Letras - Portugu\u00eas\\\/ Ingl\u00eas, e idealizadora do site Escritora de Sucesso, busca expandir o conhecimento de todos com informa\u00e7\u00f5es relevantes sobre diversos assuntos, enquanto redatora. No Vaga de Emprego RJ, traz oportunidades e dicas sobre o mercado de trabalho.\",\"url\":\"https:\\\/\\\/www.vagadeempregorj.com.br\\\/ar\\\/author\\\/michele\\\/\"}]}<\/script>\n<!-- \/ Yoast SEO plugin. -->","yoast_head_json":{"title":"Assistente de Log\u00edstica, Operador de Armaz\u00e9m, Est\u00e1gio de Manuten\u00e7\u00e3o, Analista de Custos e muito mais na Empresa Louis Dreyfus -","description":"Veja em Vagas de Emprego RJ as vagas de emprego com e sem experi\u00eancia no seu Estado e Regi\u00e3o!","robots":{"index":"index","follow":"follow","max-snippet":"max-snippet:-1","max-image-preview":"max-image-preview:large","max-video-preview":"max-video-preview:-1"},"canonical":"https:\/\/www.vagadeempregorj.com.br\/ar\/empregos-louis-dreyfus\/","og_locale":"ar_AR","og_type":"article","og_title":"Assistente de Log\u00edstica, Operador de Armaz\u00e9m, Est\u00e1gio de Manuten\u00e7\u00e3o, Analista de Custos e muito mais na Empresa Louis Dreyfus -","og_description":"Veja em Vagas de Emprego RJ as vagas de emprego com e sem experi\u00eancia no seu Estado e Regi\u00e3o!","og_url":"https:\/\/www.vagadeempregorj.com.br\/ar\/empregos-louis-dreyfus\/","article_publisher":"https:\/\/www.facebook.com\/empregobrasiloficial","article_published_time":"2023-09-04T03:01:00+00:00","og_image":[{"width":640,"height":480,"url":"https:\/\/www.vagadeempregorj.com.br\/wp-content\/uploads\/2023\/01\/image-6.png","type":"image\/png"}],"author":"Michele","twitter_card":"summary_large_image","twitter_misc":{"Written by":"Michele","Est. reading time":"3 \u062f\u0642\u0627\u0626\u0642"},"schema":{"@context":"https:\/\/schema.org","@graph":[{"@type":"Article","@id":"https:\/\/www.vagadeempregorj.com.br\/empregos-louis-dreyfus\/#article","isPartOf":{"@id":"https:\/\/www.vagadeempregorj.com.br\/empregos-louis-dreyfus\/"},"author":{"name":"Michele","@id":"https:\/\/www.vagadeempregorj.com.br\/#\/schema\/person\/3ddb19fa0539706786e502152f3aae95"},"headline":"Assistente de Log\u00edstica, Operador de Armaz\u00e9m, Est\u00e1gio de Manuten\u00e7\u00e3o, Analista de Custos e muito mais na Empresa Louis Dreyfus","datePublished":"2023-09-04T03:01:00+00:00","mainEntityOfPage":{"@id":"https:\/\/www.vagadeempregorj.com.br\/empregos-louis-dreyfus\/"},"wordCount":578,"image":{"@id":"https:\/\/www.vagadeempregorj.com.br\/empregos-louis-dreyfus\/#primaryimage"},"thumbnailUrl":"https:\/\/www.vagadeempregorj.com.br\/wp-content\/uploads\/2023\/01\/image-6.png","keywords":["Louis Dreyfus","oportunidades","vagas de emprego"],"articleSection":["Vagas de Emprego Nacionais"],"inLanguage":"ar"},{"@type":"WebPage","@id":"https:\/\/www.vagadeempregorj.com.br\/empregos-louis-dreyfus\/","url":"https:\/\/www.vagadeempregorj.com.br\/empregos-louis-dreyfus\/","name":"Assistente de Log\u00edstica, Operador de Armaz\u00e9m, Est\u00e1gio de Manuten\u00e7\u00e3o, Analista de Custos e muito mais na Empresa Louis Dreyfus -","isPartOf":{"@id":"https:\/\/www.vagadeempregorj.com.br\/#website"},"primaryImageOfPage":{"@id":"https:\/\/www.vagadeempregorj.com.br\/empregos-louis-dreyfus\/#primaryimage"},"image":{"@id":"https:\/\/www.vagadeempregorj.com.br\/empregos-louis-dreyfus\/#primaryimage"},"thumbnailUrl":"https:\/\/www.vagadeempregorj.com.br\/wp-content\/uploads\/2023\/01\/image-6.png","datePublished":"2023-09-04T03:01:00+00:00","author":{"@id":"https:\/\/www.vagadeempregorj.com.br\/#\/schema\/person\/3ddb19fa0539706786e502152f3aae95"},"description":"Veja em Vagas de Emprego RJ as vagas de emprego com e sem experi\u00eancia no seu Estado e Regi\u00e3o!","breadcrumb":{"@id":"https:\/\/www.vagadeempregorj.com.br\/empregos-louis-dreyfus\/#breadcrumb"},"inLanguage":"ar","potentialAction":[{"@type":"ReadAction","target":["https:\/\/www.vagadeempregorj.com.br\/empregos-louis-dreyfus\/"]}]},{"@type":"ImageObject","inLanguage":"ar","@id":"https:\/\/www.vagadeempregorj.com.br\/empregos-louis-dreyfus\/#primaryimage","url":"https:\/\/www.vagadeempregorj.com.br\/wp-content\/uploads\/2023\/01\/image-6.png","contentUrl":"https:\/\/www.vagadeempregorj.com.br\/wp-content\/uploads\/2023\/01\/image-6.png","width":640,"height":480,"caption":"LDC"},{"@type":"BreadcrumbList","@id":"https:\/\/www.vagadeempregorj.com.br\/empregos-louis-dreyfus\/#breadcrumb","itemListElement":[{"@type":"ListItem","position":1,"name":"In\u00edcio","item":"https:\/\/www.vagadeempregorj.com.br\/"},{"@type":"ListItem","position":2,"name":"Vagas de Emprego Nacionais","item":"https:\/\/www.vagadeempregorj.com.br\/vagas-de-emprego-nacionais\/"},{"@type":"ListItem","position":3,"name":"Assistente de Log\u00edstica, Operador de Armaz\u00e9m, Est\u00e1gio de Manuten\u00e7\u00e3o, Analista de Custos e muito mais na Empresa Louis Dreyfus"}]},{"@type":"WebSite","@id":"https:\/\/www.vagadeempregorj.com.br\/#website","url":"https:\/\/www.vagadeempregorj.com.br\/","name":"","description":"Conquiste Sonhos: Vagas, Benef\u00edcios e Economia para Transformar Vidas e Alcan\u00e7ar Melhorias Cotidianas","potentialAction":[{"@type":"SearchAction","target":{"@type":"EntryPoint","urlTemplate":"https:\/\/www.vagadeempregorj.com.br\/?s={search_term_string}"},"query-input":{"@type":"PropertyValueSpecification","valueRequired":true,"valueName":"search_term_string"}}],"inLanguage":"ar"},{"@type":"Person","@id":"https:\/\/www.vagadeempregorj.com.br\/#\/schema\/person\/3ddb19fa0539706786e502152f3aae95","name":"Michele","image":{"@type":"ImageObject","inLanguage":"ar","@id":"https:\/\/secure.gravatar.com\/avatar\/6b0eb9d22841282815e2cd856a0061c45e1761cd54b22e952d98c4746939aa85?s=96&r=g","url":"https:\/\/secure.gravatar.com\/avatar\/6b0eb9d22841282815e2cd856a0061c45e1761cd54b22e952d98c4746939aa85?s=96&r=g","contentUrl":"https:\/\/secure.gravatar.com\/avatar\/6b0eb9d22841282815e2cd856a0061c45e1761cd54b22e952d98c4746939aa85?s=96&r=g","caption":"Michele"},"description":"Formada em Letras - Portugu\u00eas\/ Ingl\u00eas, e idealizadora do site Escritora de Sucesso, busca expandir o conhecimento de todos com informa\u00e7\u00f5es relevantes sobre diversos assuntos, enquanto redatora. No Vaga de Emprego RJ, traz oportunidades e dicas sobre o mercado de trabalho.","url":"https:\/\/www.vagadeempregorj.com.br\/ar\/author\/michele\/"}]}},"_links":{"self":[{"href":"https:\/\/www.vagadeempregorj.com.br\/ar\/wp-json\/wp\/v2\/posts\/37208","targetHints":{"allow":["GET"]}}],"collection":[{"href":"https:\/\/www.vagadeempregorj.com.br\/ar\/wp-json\/wp\/v2\/posts"}],"about":[{"href":"https:\/\/www.vagadeempregorj.com.br\/ar\/wp-json\/wp\/v2\/types\/post"}],"author":[{"embeddable":true,"href":"https:\/\/www.vagadeempregorj.com.br\/ar\/wp-json\/wp\/v2\/users\/16"}],"replies":[{"embeddable":true,"href":"https:\/\/www.vagadeempregorj.com.br\/ar\/wp-json\/wp\/v2\/comments?post=37208"}],"version-history":[{"count":0,"href":"https:\/\/www.vagadeempregorj.com.br\/ar\/wp-json\/wp\/v2\/posts\/37208\/revisions"}],"wp:featuredmedia":[{"embeddable":true,"href":"https:\/\/www.vagadeempregorj.com.br\/ar\/wp-json\/wp\/v2\/media\/37213"}],"wp:attachment":[{"href":"https:\/\/www.vagadeempregorj.com.br\/ar\/wp-json\/wp\/v2\/media?parent=37208"}],"wp:term":[{"taxonomy":"category","embeddable":true,"href":"https:\/\/www.vagadeempregorj.com.br\/ar\/wp-json\/wp\/v2\/categories?post=37208"},{"taxonomy":"post_tag","embeddable":true,"href":"https:\/\/www.vagadeempregorj.com.br\/ar\/wp-json\/wp\/v2\/tags?post=37208"}],"curies":[{"name":"wp","href":"https:\/\/api.w.org\/{rel}","templated":true}]}}