{"id":37297,"date":"2023-09-12T00:01:00","date_gmt":"2023-09-12T03:01:00","guid":{"rendered":"https:\/\/www.vagadeempregorj.com.br\/?p=37297"},"modified":"2023-09-27T15:00:37","modified_gmt":"2023-09-27T18:00:37","slug":"empregos-lojas-mm-2","status":"publish","type":"post","link":"https:\/\/www.vagadeempregorj.com.br\/ar\/empregos-lojas-mm-2\/","title":{"rendered":"Vendedores, Assistentes, Auxiliares de Loja, Ajudante Geral, Gerente e muito mais na Empresa Lojas MM"},"content":{"rendered":"<p>Atualizado<\/p>\n\n\n<div class=\"wp-block-post-date\"><time datetime=\"2023-09-12T00:01:00-03:00\">12\/09\/2023<\/time><\/div>\n\n\n<p>Os <strong>empregos Lojas MM <\/strong>oferecem oportunidades de crescimento e desenvolvimento dentro de todas as \u00e1reas de atua\u00e7\u00e3o, al\u00e9m de oferecer aos colaboradores um ambiente din\u00e2mico e diversificado. Para concorrer a uma das oportunidades abertas, os interessados devem se identificar com sua cultura e ambiente de trabalho, al\u00e9m de atender aos requisitos m\u00ednimos da fun\u00e7\u00e3o escolhida. Para mais informa\u00e7\u00f5es, continue lendo.&nbsp;<\/p>\n\n\n\n<figure class=\"wp-block-image size-full\"><img loading=\"lazy\" decoding=\"async\" width=\"512\" height=\"512\" src=\"https:\/\/www.vagadeempregorj.com.br\/wp-content\/uploads\/2023\/01\/image-11.png\" alt=\"\" class=\"wp-image-37311\" srcset=\"https:\/\/www.vagadeempregorj.com.br\/wp-content\/uploads\/2023\/01\/image-11.png 512w, https:\/\/www.vagadeempregorj.com.br\/wp-content\/uploads\/2023\/01\/image-11-300x300.png 300w, https:\/\/www.vagadeempregorj.com.br\/wp-content\/uploads\/2023\/01\/image-11-150x150.png 150w, https:\/\/www.vagadeempregorj.com.br\/wp-content\/uploads\/2023\/01\/image-11-96x96.png 96w\" sizes=\"auto, (max-width: 512px) 100vw, 512px\" \/><figcaption class=\"wp-element-caption\">Imagem: Lojas MM &#8211; Reprodu\u00e7\u00e3o<\/figcaption><\/figure>\n\n\n\n<h2 class=\"wp-block-heading\">Confira as oportunidades de empregos Lojas MM<\/h2>\n\n\n\n<p>A Lojas MM \u00e9 uma das maiores empresas no segmento de eletrom\u00f3veis, sendo um destaque no varejo brasileiro. Constantemente a companhia divulga novas oportunidades nas regi\u00f5es onde opera, sendo elas: Ponta Grossa, Curitiba, Cafel\u00e2ndia, Mandaguari, Itapejara d\u2019Oeste, Pontal do Paran\u00e1, Maring\u00e1, Guaratuba, Joinville, Imbituva, Cascavel, Fazenda Rio Grande, Uni\u00e3o da Vit\u00f3ria, Palmas, Barra Velha, Mafra, General Carneiro e diversas outras.&nbsp;<\/p>\n\n\n\n<p>Confira algumas vagas abertas para candidatura:<\/p>\n\n\n\n<ul class=\"wp-block-list\">\n<li>Vendedores;<\/li>\n\n\n\n<li>Auxiliares de Loja \u2014 exclusivo para PCD;<\/li>\n\n\n\n<li>Assistentes de Loja;<\/li>\n\n\n\n<li>Cobradores Externos;<\/li>\n\n\n\n<li>Promotores de Servi\u00e7os;<\/li>\n\n\n\n<li>Aprendiz;<\/li>\n\n\n\n<li>Gerente de Loja;<\/li>\n\n\n\n<li>Desenvolvedor Full Stack Pleno;<\/li>\n\n\n\n<li>Supervisores de Cobran\u00e7a;<\/li>\n\n\n\n<li>Analistas de Controladoria;<\/li>\n\n\n\n<li>Vendedor Atacadista;<\/li>\n\n\n\n<li>Ajudante Geral.&nbsp;<\/li>\n<\/ul>\n\n\n\n<p>Para aumentar suas chances de ser contratado, \u00e9 aconselh\u00e1vel que voc\u00ea escolha uma posi\u00e7\u00e3o que melhor corresponda \u00e0s suas habilidades profissionais e seja pr\u00f3ximo da regi\u00e3o de sua resid\u00eancia, pois dessa maneira as chances de contrata\u00e7\u00e3o sobem significativamente.&nbsp;<\/p>\n\n\n\n<p>A Lojas MM procura indiv\u00edduos comprometidos em realizar seu melhor trabalho porque acreditam que isso melhora a qualidade e a efic\u00e1cia de seus produtos e opera\u00e7\u00f5es comerciais.<\/p>\n\n\n\n<h3 class=\"wp-block-heading\">Como se candidatar&nbsp;<\/h3>\n\n\n\n<p>As partes interessadas devem se registrar na plataforma Gupy para se juntar a essa grande equipe. Eles encontrar\u00e3o todas as informa\u00e7\u00f5es necess\u00e1rias para concluir a inscri\u00e7\u00e3o atrav\u00e9s do link, juntamente com todas as posi\u00e7\u00f5es abertas, informa\u00e7\u00f5es relevantes da empresa e informa\u00e7\u00f5es sobre as regi\u00f5es em que a empresa opera. Para mais informa\u00e7\u00f5es, consulte o site abaixo.<\/p>\n\n\n\n<ul class=\"wp-block-list\">\n<li><a href=\"https:\/\/br.indeed.com\/cmp\/Lojas-Mm-Mercadomoveis\/jobs?clearPrefilter=1\">Carreiras Lojas MM<\/a>.<\/li>\n<\/ul>\n\n\n\n<p>A empresa oferece sal\u00e1rios fixos e contratos CLT, al\u00e9m de diversos outros benef\u00edcios que ser\u00e3o divulgados durante o processo de contrata\u00e7\u00e3o e entrevistas individuais com cada profissional.<\/p>\n\n\n\n<p><strong>Veja tamb\u00e9m: <a href=\"https:\/\/www.vagadeempregorj.com.br\/ar\/empregos-hennings\/\">Operadores Log\u00edsticos, Operadores de Serra, Operador de Curvadeira, Auxiliar de Log\u00edstica entre outros<\/a><\/strong><\/p>\n\n\n\n<h2 class=\"wp-block-heading\">Sobre a Lojas MM<\/h2>\n\n\n\n<p>A equipe da Lojas MM trabalhou muito duro e persistiu por muito tempo antes de se tornar a Gigante do Brasil. Tudo come\u00e7ou em 1978, quando o empres\u00e1rio Jeroslau Pauliki vendeu sua Bras\u00edlia Amarela e realizou seu sonho abrindo o Mercado de M\u00f3veis Ponta Grossa. Atualmente a companhia est\u00e1 dentre os destaques do segmento do varejo.&nbsp;<\/p>\n\n\n\n<p>Uma loja direta que fornecia qualidade e pre\u00e7os razo\u00e1veis para o consumidor. A empresa sentiu a necessidade de se tornar profissional para colocar mais \u00eanfase no crescimento de seus funcion\u00e1rios e em sua estrat\u00e9gia de marketing bem-sucedida. Ele reorganizou seus departamentos e remodelou suas lojas usando ferramentas de gerenciamento. Um crescimento mais substancial e duradouro \u00e9 o resultado do planejamento estrat\u00e9gico, de uma equipe multifuncional e da alfabetiza\u00e7\u00e3o de dados.<\/p>\n\n\n\n<p>.<\/p>","protected":false},"excerpt":{"rendered":"<p>Atualizado Os empregos Lojas MM oferecem oportunidades de crescimento e desenvolvimento dentro de todas as \u00e1reas de atua\u00e7\u00e3o, al\u00e9m de oferecer aos colaboradores um ambiente din\u00e2mico e diversificado. Para concorrer a uma das oportunidades abertas, os interessados devem se identificar com sua cultura e ambiente de trabalho, al\u00e9m de atender aos requisitos m\u00ednimos da fun\u00e7\u00e3o&hellip;&nbsp;<\/p>","protected":false},"author":16,"featured_media":37311,"comment_status":"closed","ping_status":"closed","sticky":false,"template":"","format":"standard","meta":{"neve_meta_sidebar":"","neve_meta_container":"","neve_meta_enable_content_width":"","neve_meta_content_width":0,"neve_meta_title_alignment":"","neve_meta_author_avatar":"","neve_post_elements_order":"","neve_meta_disable_header":"","neve_meta_disable_footer":"","neve_meta_disable_title":"","footnotes":""},"categories":[123],"tags":[724,608,147],"class_list":["post-37297","post","type-post","status-publish","format-standard","has-post-thumbnail","hentry","category-vagas-de-emprego-nacionais","tag-lojas-mm","tag-oportunidades","tag-vaga-de-emprego"],"yoast_head":"<!-- This site is optimized with the Yoast SEO plugin v27.5 - https:\/\/yoast.com\/product\/yoast-seo-wordpress\/ -->\n<title>Vendedores, Assistentes, Auxiliares de Loja, Ajudante Geral, Gerente e muito mais na Empresa Lojas MM -<\/title>\n<meta name=\"description\" content=\"Veja em Vagas de Emprego RJ as vagas de emprego com e sem experi\u00eancia no seu Estado e Regi\u00e3o!\" \/>\n<meta name=\"robots\" content=\"index, follow, max-snippet:-1, max-image-preview:large, max-video-preview:-1\" \/>\n<link rel=\"canonical\" href=\"https:\/\/www.vagadeempregorj.com.br\/ar\/empregos-lojas-mm-2\/\" \/>\n<meta property=\"og:locale\" content=\"ar_AR\" \/>\n<meta property=\"og:type\" content=\"article\" \/>\n<meta property=\"og:title\" content=\"Vendedores, Assistentes, Auxiliares de Loja, Ajudante Geral, Gerente e muito mais na Empresa Lojas MM -\" \/>\n<meta property=\"og:description\" content=\"Veja em Vagas de Emprego RJ as vagas de emprego com e sem experi\u00eancia no seu Estado e Regi\u00e3o!\" \/>\n<meta property=\"og:url\" content=\"https:\/\/www.vagadeempregorj.com.br\/ar\/empregos-lojas-mm-2\/\" \/>\n<meta property=\"article:publisher\" content=\"https:\/\/www.facebook.com\/empregobrasiloficial\" \/>\n<meta property=\"article:published_time\" content=\"2023-09-12T03:01:00+00:00\" \/>\n<meta property=\"article:modified_time\" content=\"2023-09-27T18:00:37+00:00\" \/>\n<meta property=\"og:image\" content=\"https:\/\/www.vagadeempregorj.com.br\/wp-content\/uploads\/2023\/01\/image-11.png\" \/>\n\t<meta property=\"og:image:width\" content=\"512\" \/>\n\t<meta property=\"og:image:height\" content=\"512\" \/>\n\t<meta property=\"og:image:type\" content=\"image\/png\" \/>\n<meta name=\"author\" content=\"Michele\" \/>\n<meta name=\"twitter:card\" content=\"summary_large_image\" \/>\n<meta name=\"twitter:label1\" content=\"Written by\" \/>\n\t<meta name=\"twitter:data1\" content=\"Michele\" \/>\n\t<meta name=\"twitter:label2\" content=\"Est. reading time\" \/>\n\t<meta name=\"twitter:data2\" content=\"3 \u062f\u0642\u0627\u0626\u0642\" \/>\n<script type=\"application\/ld+json\" class=\"yoast-schema-graph\">{\"@context\":\"https:\\\/\\\/schema.org\",\"@graph\":[{\"@type\":\"Article\",\"@id\":\"https:\\\/\\\/www.vagadeempregorj.com.br\\\/empregos-lojas-mm-2\\\/#article\",\"isPartOf\":{\"@id\":\"https:\\\/\\\/www.vagadeempregorj.com.br\\\/empregos-lojas-mm-2\\\/\"},\"author\":{\"name\":\"Michele\",\"@id\":\"https:\\\/\\\/www.vagadeempregorj.com.br\\\/#\\\/schema\\\/person\\\/3ddb19fa0539706786e502152f3aae95\"},\"headline\":\"Vendedores, Assistentes, Auxiliares de Loja, Ajudante Geral, Gerente e muito mais na Empresa Lojas MM\",\"datePublished\":\"2023-09-12T03:01:00+00:00\",\"dateModified\":\"2023-09-27T18:00:37+00:00\",\"mainEntityOfPage\":{\"@id\":\"https:\\\/\\\/www.vagadeempregorj.com.br\\\/empregos-lojas-mm-2\\\/\"},\"wordCount\":541,\"image\":{\"@id\":\"https:\\\/\\\/www.vagadeempregorj.com.br\\\/empregos-lojas-mm-2\\\/#primaryimage\"},\"thumbnailUrl\":\"https:\\\/\\\/www.vagadeempregorj.com.br\\\/wp-content\\\/uploads\\\/2023\\\/01\\\/image-11.png\",\"keywords\":[\"Lojas MM\",\"oportunidades\",\"vaga de emprego\"],\"articleSection\":[\"Vagas de Emprego Nacionais\"],\"inLanguage\":\"ar\"},{\"@type\":\"WebPage\",\"@id\":\"https:\\\/\\\/www.vagadeempregorj.com.br\\\/empregos-lojas-mm-2\\\/\",\"url\":\"https:\\\/\\\/www.vagadeempregorj.com.br\\\/empregos-lojas-mm-2\\\/\",\"name\":\"Vendedores, Assistentes, Auxiliares de Loja, Ajudante Geral, Gerente e muito mais na Empresa Lojas MM -\",\"isPartOf\":{\"@id\":\"https:\\\/\\\/www.vagadeempregorj.com.br\\\/#website\"},\"primaryImageOfPage\":{\"@id\":\"https:\\\/\\\/www.vagadeempregorj.com.br\\\/empregos-lojas-mm-2\\\/#primaryimage\"},\"image\":{\"@id\":\"https:\\\/\\\/www.vagadeempregorj.com.br\\\/empregos-lojas-mm-2\\\/#primaryimage\"},\"thumbnailUrl\":\"https:\\\/\\\/www.vagadeempregorj.com.br\\\/wp-content\\\/uploads\\\/2023\\\/01\\\/image-11.png\",\"datePublished\":\"2023-09-12T03:01:00+00:00\",\"dateModified\":\"2023-09-27T18:00:37+00:00\",\"author\":{\"@id\":\"https:\\\/\\\/www.vagadeempregorj.com.br\\\/#\\\/schema\\\/person\\\/3ddb19fa0539706786e502152f3aae95\"},\"description\":\"Veja em Vagas de Emprego RJ as vagas de emprego com e sem experi\u00eancia no seu Estado e Regi\u00e3o!\",\"breadcrumb\":{\"@id\":\"https:\\\/\\\/www.vagadeempregorj.com.br\\\/empregos-lojas-mm-2\\\/#breadcrumb\"},\"inLanguage\":\"ar\",\"potentialAction\":[{\"@type\":\"ReadAction\",\"target\":[\"https:\\\/\\\/www.vagadeempregorj.com.br\\\/empregos-lojas-mm-2\\\/\"]}]},{\"@type\":\"ImageObject\",\"inLanguage\":\"ar\",\"@id\":\"https:\\\/\\\/www.vagadeempregorj.com.br\\\/empregos-lojas-mm-2\\\/#primaryimage\",\"url\":\"https:\\\/\\\/www.vagadeempregorj.com.br\\\/wp-content\\\/uploads\\\/2023\\\/01\\\/image-11.png\",\"contentUrl\":\"https:\\\/\\\/www.vagadeempregorj.com.br\\\/wp-content\\\/uploads\\\/2023\\\/01\\\/image-11.png\",\"width\":512,\"height\":512},{\"@type\":\"BreadcrumbList\",\"@id\":\"https:\\\/\\\/www.vagadeempregorj.com.br\\\/empregos-lojas-mm-2\\\/#breadcrumb\",\"itemListElement\":[{\"@type\":\"ListItem\",\"position\":1,\"name\":\"In\u00edcio\",\"item\":\"https:\\\/\\\/www.vagadeempregorj.com.br\\\/\"},{\"@type\":\"ListItem\",\"position\":2,\"name\":\"Vagas de Emprego Nacionais\",\"item\":\"https:\\\/\\\/www.vagadeempregorj.com.br\\\/vagas-de-emprego-nacionais\\\/\"},{\"@type\":\"ListItem\",\"position\":3,\"name\":\"Vendedores, Assistentes, Auxiliares de Loja, Ajudante Geral, Gerente e muito mais na Empresa Lojas MM\"}]},{\"@type\":\"WebSite\",\"@id\":\"https:\\\/\\\/www.vagadeempregorj.com.br\\\/#website\",\"url\":\"https:\\\/\\\/www.vagadeempregorj.com.br\\\/\",\"name\":\"\",\"description\":\"Conquiste Sonhos: Vagas, Benef\u00edcios e Economia para Transformar Vidas e Alcan\u00e7ar Melhorias Cotidianas\",\"potentialAction\":[{\"@type\":\"SearchAction\",\"target\":{\"@type\":\"EntryPoint\",\"urlTemplate\":\"https:\\\/\\\/www.vagadeempregorj.com.br\\\/?s={search_term_string}\"},\"query-input\":{\"@type\":\"PropertyValueSpecification\",\"valueRequired\":true,\"valueName\":\"search_term_string\"}}],\"inLanguage\":\"ar\"},{\"@type\":\"Person\",\"@id\":\"https:\\\/\\\/www.vagadeempregorj.com.br\\\/#\\\/schema\\\/person\\\/3ddb19fa0539706786e502152f3aae95\",\"name\":\"Michele\",\"image\":{\"@type\":\"ImageObject\",\"inLanguage\":\"ar\",\"@id\":\"https:\\\/\\\/secure.gravatar.com\\\/avatar\\\/6b0eb9d22841282815e2cd856a0061c45e1761cd54b22e952d98c4746939aa85?s=96&r=g\",\"url\":\"https:\\\/\\\/secure.gravatar.com\\\/avatar\\\/6b0eb9d22841282815e2cd856a0061c45e1761cd54b22e952d98c4746939aa85?s=96&r=g\",\"contentUrl\":\"https:\\\/\\\/secure.gravatar.com\\\/avatar\\\/6b0eb9d22841282815e2cd856a0061c45e1761cd54b22e952d98c4746939aa85?s=96&r=g\",\"caption\":\"Michele\"},\"description\":\"Formada em Letras - Portugu\u00eas\\\/ Ingl\u00eas, e idealizadora do site Escritora de Sucesso, busca expandir o conhecimento de todos com informa\u00e7\u00f5es relevantes sobre diversos assuntos, enquanto redatora. No Vaga de Emprego RJ, traz oportunidades e dicas sobre o mercado de trabalho.\",\"url\":\"https:\\\/\\\/www.vagadeempregorj.com.br\\\/ar\\\/author\\\/michele\\\/\"}]}<\/script>\n<!-- \/ Yoast SEO plugin. -->","yoast_head_json":{"title":"Vendedores, Assistentes, Auxiliares de Loja, Ajudante Geral, Gerente e muito mais na Empresa Lojas MM -","description":"Veja em Vagas de Emprego RJ as vagas de emprego com e sem experi\u00eancia no seu Estado e Regi\u00e3o!","robots":{"index":"index","follow":"follow","max-snippet":"max-snippet:-1","max-image-preview":"max-image-preview:large","max-video-preview":"max-video-preview:-1"},"canonical":"https:\/\/www.vagadeempregorj.com.br\/ar\/empregos-lojas-mm-2\/","og_locale":"ar_AR","og_type":"article","og_title":"Vendedores, Assistentes, Auxiliares de Loja, Ajudante Geral, Gerente e muito mais na Empresa Lojas MM -","og_description":"Veja em Vagas de Emprego RJ as vagas de emprego com e sem experi\u00eancia no seu Estado e Regi\u00e3o!","og_url":"https:\/\/www.vagadeempregorj.com.br\/ar\/empregos-lojas-mm-2\/","article_publisher":"https:\/\/www.facebook.com\/empregobrasiloficial","article_published_time":"2023-09-12T03:01:00+00:00","article_modified_time":"2023-09-27T18:00:37+00:00","og_image":[{"width":512,"height":512,"url":"https:\/\/www.vagadeempregorj.com.br\/wp-content\/uploads\/2023\/01\/image-11.png","type":"image\/png"}],"author":"Michele","twitter_card":"summary_large_image","twitter_misc":{"Written by":"Michele","Est. reading time":"3 \u062f\u0642\u0627\u0626\u0642"},"schema":{"@context":"https:\/\/schema.org","@graph":[{"@type":"Article","@id":"https:\/\/www.vagadeempregorj.com.br\/empregos-lojas-mm-2\/#article","isPartOf":{"@id":"https:\/\/www.vagadeempregorj.com.br\/empregos-lojas-mm-2\/"},"author":{"name":"Michele","@id":"https:\/\/www.vagadeempregorj.com.br\/#\/schema\/person\/3ddb19fa0539706786e502152f3aae95"},"headline":"Vendedores, Assistentes, Auxiliares de Loja, Ajudante Geral, Gerente e muito mais na Empresa Lojas MM","datePublished":"2023-09-12T03:01:00+00:00","dateModified":"2023-09-27T18:00:37+00:00","mainEntityOfPage":{"@id":"https:\/\/www.vagadeempregorj.com.br\/empregos-lojas-mm-2\/"},"wordCount":541,"image":{"@id":"https:\/\/www.vagadeempregorj.com.br\/empregos-lojas-mm-2\/#primaryimage"},"thumbnailUrl":"https:\/\/www.vagadeempregorj.com.br\/wp-content\/uploads\/2023\/01\/image-11.png","keywords":["Lojas MM","oportunidades","vaga de emprego"],"articleSection":["Vagas de Emprego Nacionais"],"inLanguage":"ar"},{"@type":"WebPage","@id":"https:\/\/www.vagadeempregorj.com.br\/empregos-lojas-mm-2\/","url":"https:\/\/www.vagadeempregorj.com.br\/empregos-lojas-mm-2\/","name":"Vendedores, Assistentes, Auxiliares de Loja, Ajudante Geral, Gerente e muito mais na Empresa Lojas MM -","isPartOf":{"@id":"https:\/\/www.vagadeempregorj.com.br\/#website"},"primaryImageOfPage":{"@id":"https:\/\/www.vagadeempregorj.com.br\/empregos-lojas-mm-2\/#primaryimage"},"image":{"@id":"https:\/\/www.vagadeempregorj.com.br\/empregos-lojas-mm-2\/#primaryimage"},"thumbnailUrl":"https:\/\/www.vagadeempregorj.com.br\/wp-content\/uploads\/2023\/01\/image-11.png","datePublished":"2023-09-12T03:01:00+00:00","dateModified":"2023-09-27T18:00:37+00:00","author":{"@id":"https:\/\/www.vagadeempregorj.com.br\/#\/schema\/person\/3ddb19fa0539706786e502152f3aae95"},"description":"Veja em Vagas de Emprego RJ as vagas de emprego com e sem experi\u00eancia no seu Estado e Regi\u00e3o!","breadcrumb":{"@id":"https:\/\/www.vagadeempregorj.com.br\/empregos-lojas-mm-2\/#breadcrumb"},"inLanguage":"ar","potentialAction":[{"@type":"ReadAction","target":["https:\/\/www.vagadeempregorj.com.br\/empregos-lojas-mm-2\/"]}]},{"@type":"ImageObject","inLanguage":"ar","@id":"https:\/\/www.vagadeempregorj.com.br\/empregos-lojas-mm-2\/#primaryimage","url":"https:\/\/www.vagadeempregorj.com.br\/wp-content\/uploads\/2023\/01\/image-11.png","contentUrl":"https:\/\/www.vagadeempregorj.com.br\/wp-content\/uploads\/2023\/01\/image-11.png","width":512,"height":512},{"@type":"BreadcrumbList","@id":"https:\/\/www.vagadeempregorj.com.br\/empregos-lojas-mm-2\/#breadcrumb","itemListElement":[{"@type":"ListItem","position":1,"name":"In\u00edcio","item":"https:\/\/www.vagadeempregorj.com.br\/"},{"@type":"ListItem","position":2,"name":"Vagas de Emprego Nacionais","item":"https:\/\/www.vagadeempregorj.com.br\/vagas-de-emprego-nacionais\/"},{"@type":"ListItem","position":3,"name":"Vendedores, Assistentes, Auxiliares de Loja, Ajudante Geral, Gerente e muito mais na Empresa Lojas MM"}]},{"@type":"WebSite","@id":"https:\/\/www.vagadeempregorj.com.br\/#website","url":"https:\/\/www.vagadeempregorj.com.br\/","name":"","description":"Conquiste Sonhos: Vagas, Benef\u00edcios e Economia para Transformar Vidas e Alcan\u00e7ar Melhorias Cotidianas","potentialAction":[{"@type":"SearchAction","target":{"@type":"EntryPoint","urlTemplate":"https:\/\/www.vagadeempregorj.com.br\/?s={search_term_string}"},"query-input":{"@type":"PropertyValueSpecification","valueRequired":true,"valueName":"search_term_string"}}],"inLanguage":"ar"},{"@type":"Person","@id":"https:\/\/www.vagadeempregorj.com.br\/#\/schema\/person\/3ddb19fa0539706786e502152f3aae95","name":"Michele","image":{"@type":"ImageObject","inLanguage":"ar","@id":"https:\/\/secure.gravatar.com\/avatar\/6b0eb9d22841282815e2cd856a0061c45e1761cd54b22e952d98c4746939aa85?s=96&r=g","url":"https:\/\/secure.gravatar.com\/avatar\/6b0eb9d22841282815e2cd856a0061c45e1761cd54b22e952d98c4746939aa85?s=96&r=g","contentUrl":"https:\/\/secure.gravatar.com\/avatar\/6b0eb9d22841282815e2cd856a0061c45e1761cd54b22e952d98c4746939aa85?s=96&r=g","caption":"Michele"},"description":"Formada em Letras - Portugu\u00eas\/ Ingl\u00eas, e idealizadora do site Escritora de Sucesso, busca expandir o conhecimento de todos com informa\u00e7\u00f5es relevantes sobre diversos assuntos, enquanto redatora. No Vaga de Emprego RJ, traz oportunidades e dicas sobre o mercado de trabalho.","url":"https:\/\/www.vagadeempregorj.com.br\/ar\/author\/michele\/"}]}},"_links":{"self":[{"href":"https:\/\/www.vagadeempregorj.com.br\/ar\/wp-json\/wp\/v2\/posts\/37297","targetHints":{"allow":["GET"]}}],"collection":[{"href":"https:\/\/www.vagadeempregorj.com.br\/ar\/wp-json\/wp\/v2\/posts"}],"about":[{"href":"https:\/\/www.vagadeempregorj.com.br\/ar\/wp-json\/wp\/v2\/types\/post"}],"author":[{"embeddable":true,"href":"https:\/\/www.vagadeempregorj.com.br\/ar\/wp-json\/wp\/v2\/users\/16"}],"replies":[{"embeddable":true,"href":"https:\/\/www.vagadeempregorj.com.br\/ar\/wp-json\/wp\/v2\/comments?post=37297"}],"version-history":[{"count":0,"href":"https:\/\/www.vagadeempregorj.com.br\/ar\/wp-json\/wp\/v2\/posts\/37297\/revisions"}],"wp:featuredmedia":[{"embeddable":true,"href":"https:\/\/www.vagadeempregorj.com.br\/ar\/wp-json\/wp\/v2\/media\/37311"}],"wp:attachment":[{"href":"https:\/\/www.vagadeempregorj.com.br\/ar\/wp-json\/wp\/v2\/media?parent=37297"}],"wp:term":[{"taxonomy":"category","embeddable":true,"href":"https:\/\/www.vagadeempregorj.com.br\/ar\/wp-json\/wp\/v2\/categories?post=37297"},{"taxonomy":"post_tag","embeddable":true,"href":"https:\/\/www.vagadeempregorj.com.br\/ar\/wp-json\/wp\/v2\/tags?post=37297"}],"curies":[{"name":"wp","href":"https:\/\/api.w.org\/{rel}","templated":true}]}}