{"id":37506,"date":"2023-02-16T15:41:39","date_gmt":"2023-02-16T18:41:39","guid":{"rendered":"https:\/\/www.vagadeempregorj.com.br\/?p=37506"},"modified":"2023-08-01T07:46:50","modified_gmt":"2023-08-01T10:46:50","slug":"como-se-inscrever-no-lar-doce-lar-do-caldeirao-do-huck-veja-o-passo-a-passo","status":"publish","type":"post","link":"https:\/\/www.vagadeempregorj.com.br\/ar\/como-se-inscrever-no-lar-doce-lar-do-caldeirao-do-huck-veja-o-passo-a-passo\/","title":{"rendered":"Como se inscrever no Lar Doce Lar do Caldeir\u00e3o do Huck; veja o passo a passo"},"content":{"rendered":"<p>O programa<strong> &#8220;Lar Doce Lar&#8221; <\/strong>\u00e9 uma iniciativa do Caldeir\u00e3o do Huck, apresentado por Luciano Huck na TV Globo. O programa tem como objetivo reformar a casa de fam\u00edlias que passam por dificuldades e proporcionar um ambiente mais confort\u00e1vel e acolhedor para que elas possam viver com mais dignidade.<\/p>\n\n\n\n<h2 class=\"wp-block-heading\">Como funciona o Lar Doce Lar do Caldeir\u00e3o do Huck?<\/h2>\n\n\n\n<p>O processo come\u00e7a com a indica\u00e7\u00e3o de uma fam\u00edlia por algu\u00e9m que conhe\u00e7a a sua hist\u00f3ria e acredite que ela se encaixa no perfil do programa. Em seguida, a equipe do &#8220;Lar Doce Lar&#8221; faz uma visita \u00e0 casa da fam\u00edlia e conversa com os moradores para entender a sua situa\u00e7\u00e3o e as suas necessidades.<\/p>\n\n\n\n<p>Com base nessas informa\u00e7\u00f5es, uma equipe de arquitetos e engenheiros do programa elabora um projeto de reforma da casa, que \u00e9 apresentado aos telespectadores durante a exibi\u00e7\u00e3o do programa. O projeto \u00e9 elaborado de forma a atender \u00e0s necessidades da fam\u00edlia, levando em considera\u00e7\u00e3o aspectos como acessibilidade, conforto e seguran\u00e7a.<\/p>\n\n\n\n<figure class=\"wp-block-image size-full\"><img loading=\"lazy\" decoding=\"async\" width=\"576\" height=\"580\" src=\"https:\/\/www.vagadeempregorj.com.br\/wp-content\/uploads\/2023\/02\/image-6.png\" alt=\"\" class=\"wp-image-37503\" srcset=\"https:\/\/www.vagadeempregorj.com.br\/wp-content\/uploads\/2023\/02\/image-6.png 576w, https:\/\/www.vagadeempregorj.com.br\/wp-content\/uploads\/2023\/02\/image-6-298x300.png 298w, https:\/\/www.vagadeempregorj.com.br\/wp-content\/uploads\/2023\/02\/image-6-150x151.png 150w, https:\/\/www.vagadeempregorj.com.br\/wp-content\/uploads\/2023\/02\/image-6-96x96.png 96w\" sizes=\"auto, (max-width: 576px) 100vw, 576px\" \/><figcaption class=\"wp-element-caption\">Imagem: Lar Doce Lar &#8211; Reprodu\u00e7\u00e3o<\/figcaption><\/figure>\n\n\n\n<p>Durante o per\u00edodo de reforma da casa, a equipe do programa conta com a ajuda de volunt\u00e1rios e patrocinadores, que contribuem com m\u00e3o de obra e materiais para a reforma. A equipe do &#8220;Lar Doce Lar&#8221; tamb\u00e9m trabalha em conjunto com a fam\u00edlia para que a reforma seja realizada da maneira mais eficiente poss\u00edvel.<\/p>\n\n\n\n<p>Ap\u00f3s a conclus\u00e3o da reforma, a casa \u00e9 entregue \u00e0 fam\u00edlia em uma cerim\u00f4nia emocionante, que \u00e9 registrada pelo programa e exibida aos telespectadores. A entrega da casa costuma ser um momento de muita emo\u00e7\u00e3o, tanto para a fam\u00edlia quanto para os telespectadores, que acompanham a transforma\u00e7\u00e3o da casa e a alegria da fam\u00edlia.<\/p>\n\n\n\n<p>O &#8220;Lar Doce Lar&#8221; \u00e9 uma iniciativa que tem um papel importante na sociedade, pois busca proporcionar um ambiente mais digno e acolhedor para fam\u00edlias que passam por dificuldades. O programa tamb\u00e9m incentiva a solidariedade e o trabalho volunt\u00e1rio, j\u00e1 que conta com a participa\u00e7\u00e3o de diversas pessoas para a realiza\u00e7\u00e3o da reforma da casa. Com isso, o &#8220;Lar Doce Lar&#8221; se tornou uma refer\u00eancia em solidariedade e empatia, e continua a ajudar fam\u00edlias a transformarem as suas casas em lares mais acolhedores e felizes.<\/p>\n\n\n\n<h2 class=\"wp-block-heading\">Como se inscrever no Lar Doce Lar 2023<\/h2>\n\n\n\n<p><strong>Normalmente, as inscri\u00e7\u00f5es s\u00e3o realizadas por meio de um formul\u00e1rio disponibilizado no <a href=\"https:\/\/login.globo.com\/login\/6877\/connect-confirm?url=https%3A%2F%2Fid.globo.com%2Fauth%2Frealms%2Fglobo.com%2Flogin-actions%2Fauthenticate%3Fsession_code%3D4HwtozIC1IUIkEfh093PuqBQFUId1AolDZS6uvIzUro%26execution%3Db5dd88dc-447e-468f-945e-e7c7de4883b7%26client_id%3Dapp-colaborativo%2540globoid-connect%26tab_id%3DA-igx_lIZ4I%26request-context%3DhhQchQ&error=&request-context=hhQchQ\">site oficial do programa<\/a>, que deve ser preenchido com as informa\u00e7\u00f5es solicitadas. Geralmente, s\u00e3o pedidos dados como nome completo, idade, endere\u00e7o, contato telef\u00f4nico e uma breve hist\u00f3ria da fam\u00edlia que est\u00e1 se candidatando.<\/strong><\/p>\n\n\n\n<p>\u00c9 importante destacar que o processo de sele\u00e7\u00e3o para o programa \u00e9 criterioso e leva em considera\u00e7\u00e3o diversos fatores, como a necessidade da reforma, a hist\u00f3ria da fam\u00edlia e a capacidade da equipe do programa de realizar a reforma dentro do prazo estabelecido. Por isso, nem todas as fam\u00edlias que se inscrevem s\u00e3o selecionadas para participar do programa.<\/p>\n\n\n\n<p>Caso deseje se inscrever no programa &#8220;Lar Doce Lar&#8221;, a recomenda\u00e7\u00e3o \u00e9 ficar atento \u00e0s informa\u00e7\u00f5es divulgadas pela produ\u00e7\u00e3o do programa e seguir as instru\u00e7\u00f5es disponibilizadas para a inscri\u00e7\u00e3o. \u00c9 importante lembrar que a participa\u00e7\u00e3o no programa pode trazer muitas mudan\u00e7as positivas para a vida de uma fam\u00edlia, mas tamb\u00e9m \u00e9 uma grande responsabilidade e envolve a exposi\u00e7\u00e3o p\u00fablica da hist\u00f3ria e da vida da fam\u00edlia.<\/p>\n\n\n\n<h2 class=\"wp-block-heading\">Quem pode participar?<\/h2>\n\n\n\n<p>O programa &#8220;Lar Doce Lar&#8221; do Caldeir\u00e3o do Huck tem como objetivo reformar a casa de fam\u00edlias que passam por dificuldades e proporcionar um ambiente mais confort\u00e1vel e acolhedor para que elas possam viver com mais dignidade. Qualquer pessoa pode indicar uma fam\u00edlia para o programa, seja um amigo, vizinho ou parente, desde que a fam\u00edlia esteja de acordo em participar.<\/p>\n\n\n\n<p>Normalmente, as fam\u00edlias que s\u00e3o selecionadas para participar do programa s\u00e3o aquelas que possuem dificuldades financeiras, problemas de sa\u00fade ou alguma limita\u00e7\u00e3o f\u00edsica, que dificultam a manuten\u00e7\u00e3o ou reforma da casa. Al\u00e9m disso, o programa costuma priorizar fam\u00edlias que possuam hist\u00f3rias emocionantes, inspiradoras ou que tenham passado por alguma situa\u00e7\u00e3o de supera\u00e7\u00e3o.<\/p>\n\n\n\n<p>No entanto, a sele\u00e7\u00e3o das fam\u00edlias que participar\u00e3o do programa \u00e9 feita pela equipe do &#8220;Lar Doce Lar&#8221;, levando em considera\u00e7\u00e3o diversos crit\u00e9rios, como a necessidade da reforma, a hist\u00f3ria da fam\u00edlia e a capacidade da equipe do programa de realizar a reforma dentro do prazo estabelecido. Por isso, nem todas as fam\u00edlias que se inscrevem ou s\u00e3o indicadas para o programa s\u00e3o selecionadas para participar.<\/p>\n\n\n\n<p>\u00c9 importante destacar que a participa\u00e7\u00e3o no programa envolve a exposi\u00e7\u00e3o p\u00fablica da hist\u00f3ria e da vida da fam\u00edlia, e que \u00e9 necess\u00e1rio ter disponibilidade para acompanhar o processo de reforma, al\u00e9m de seguir as orienta\u00e7\u00f5es da equipe do programa. Caso a fam\u00edlia seja selecionada para participar do &#8220;Lar Doce Lar&#8221;, a reforma da casa \u00e9 realizada gratuitamente pela equipe do programa, com a ajuda de volunt\u00e1rios e patrocinadores.<\/p>","protected":false},"excerpt":{"rendered":"<p>O programa &#8220;Lar Doce Lar&#8221; \u00e9 uma iniciativa do Caldeir\u00e3o do Huck, apresentado por Luciano Huck na TV Globo. O programa tem como objetivo reformar a casa de fam\u00edlias que passam por dificuldades e proporcionar um ambiente mais confort\u00e1vel e acolhedor para que elas possam viver com mais dignidade. Como funciona o Lar Doce Lar&hellip;&nbsp;<\/p>","protected":false},"author":16,"featured_media":37503,"comment_status":"closed","ping_status":"closed","sticky":false,"template":"","format":"standard","meta":{"neve_meta_sidebar":"","neve_meta_container":"","neve_meta_enable_content_width":"","neve_meta_content_width":0,"neve_meta_title_alignment":"","neve_meta_author_avatar":"","neve_post_elements_order":"","neve_meta_disable_header":"","neve_meta_disable_footer":"","neve_meta_disable_title":"","footnotes":""},"categories":[804],"tags":[],"class_list":["post-37506","post","type-post","status-publish","format-standard","has-post-thumbnail","hentry","category-economia"],"yoast_head":"<!-- This site is optimized with the Yoast SEO plugin v27.5 - https:\/\/yoast.com\/product\/yoast-seo-wordpress\/ -->\n<title>Como se inscrever no Lar Doce Lar do Caldeir\u00e3o do Huck; veja o passo a passo -<\/title>\n<meta name=\"description\" content=\"Veja em Vagas de Emprego RJ as vagas de emprego com e sem experi\u00eancia no seu Estado e Regi\u00e3o!\" \/>\n<meta name=\"robots\" content=\"index, follow, max-snippet:-1, max-image-preview:large, max-video-preview:-1\" \/>\n<link rel=\"canonical\" href=\"https:\/\/www.vagadeempregorj.com.br\/ar\/como-se-inscrever-no-lar-doce-lar-do-caldeirao-do-huck-veja-o-passo-a-passo\/\" \/>\n<meta property=\"og:locale\" content=\"ar_AR\" \/>\n<meta property=\"og:type\" content=\"article\" \/>\n<meta property=\"og:title\" content=\"Como se inscrever no Lar Doce Lar do Caldeir\u00e3o do Huck; veja o passo a passo -\" \/>\n<meta property=\"og:description\" content=\"Veja em Vagas de Emprego RJ as vagas de emprego com e sem experi\u00eancia no seu Estado e Regi\u00e3o!\" \/>\n<meta property=\"og:url\" content=\"https:\/\/www.vagadeempregorj.com.br\/ar\/como-se-inscrever-no-lar-doce-lar-do-caldeirao-do-huck-veja-o-passo-a-passo\/\" \/>\n<meta property=\"article:publisher\" content=\"https:\/\/www.facebook.com\/empregobrasiloficial\" \/>\n<meta property=\"article:published_time\" content=\"2023-02-16T18:41:39+00:00\" \/>\n<meta property=\"article:modified_time\" content=\"2023-08-01T10:46:50+00:00\" \/>\n<meta property=\"og:image\" content=\"https:\/\/www.vagadeempregorj.com.br\/wp-content\/uploads\/2023\/02\/image-6.png\" \/>\n\t<meta property=\"og:image:width\" content=\"576\" \/>\n\t<meta property=\"og:image:height\" content=\"580\" \/>\n\t<meta property=\"og:image:type\" content=\"image\/png\" \/>\n<meta name=\"author\" content=\"Michele\" \/>\n<meta name=\"twitter:card\" content=\"summary_large_image\" \/>\n<meta name=\"twitter:label1\" content=\"Written by\" \/>\n\t<meta name=\"twitter:data1\" content=\"Michele\" \/>\n\t<meta name=\"twitter:label2\" content=\"Est. reading time\" \/>\n\t<meta name=\"twitter:data2\" content=\"4 \u062f\u0642\u0627\u0626\u0642\" \/>\n<script type=\"application\/ld+json\" class=\"yoast-schema-graph\">{\"@context\":\"https:\\\/\\\/schema.org\",\"@graph\":[{\"@type\":\"Article\",\"@id\":\"https:\\\/\\\/www.vagadeempregorj.com.br\\\/como-se-inscrever-no-lar-doce-lar-do-caldeirao-do-huck-veja-o-passo-a-passo\\\/#article\",\"isPartOf\":{\"@id\":\"https:\\\/\\\/www.vagadeempregorj.com.br\\\/como-se-inscrever-no-lar-doce-lar-do-caldeirao-do-huck-veja-o-passo-a-passo\\\/\"},\"author\":{\"name\":\"Michele\",\"@id\":\"https:\\\/\\\/www.vagadeempregorj.com.br\\\/#\\\/schema\\\/person\\\/3ddb19fa0539706786e502152f3aae95\"},\"headline\":\"Como se inscrever no Lar Doce Lar do Caldeir\u00e3o do Huck; veja o passo a passo\",\"datePublished\":\"2023-02-16T18:41:39+00:00\",\"dateModified\":\"2023-08-01T10:46:50+00:00\",\"mainEntityOfPage\":{\"@id\":\"https:\\\/\\\/www.vagadeempregorj.com.br\\\/como-se-inscrever-no-lar-doce-lar-do-caldeirao-do-huck-veja-o-passo-a-passo\\\/\"},\"wordCount\":894,\"image\":{\"@id\":\"https:\\\/\\\/www.vagadeempregorj.com.br\\\/como-se-inscrever-no-lar-doce-lar-do-caldeirao-do-huck-veja-o-passo-a-passo\\\/#primaryimage\"},\"thumbnailUrl\":\"https:\\\/\\\/www.vagadeempregorj.com.br\\\/wp-content\\\/uploads\\\/2023\\\/02\\\/image-6.png\",\"articleSection\":[\"Economia\"],\"inLanguage\":\"ar\"},{\"@type\":\"WebPage\",\"@id\":\"https:\\\/\\\/www.vagadeempregorj.com.br\\\/como-se-inscrever-no-lar-doce-lar-do-caldeirao-do-huck-veja-o-passo-a-passo\\\/\",\"url\":\"https:\\\/\\\/www.vagadeempregorj.com.br\\\/como-se-inscrever-no-lar-doce-lar-do-caldeirao-do-huck-veja-o-passo-a-passo\\\/\",\"name\":\"Como se inscrever no Lar Doce Lar do Caldeir\u00e3o do Huck; veja o passo a passo -\",\"isPartOf\":{\"@id\":\"https:\\\/\\\/www.vagadeempregorj.com.br\\\/#website\"},\"primaryImageOfPage\":{\"@id\":\"https:\\\/\\\/www.vagadeempregorj.com.br\\\/como-se-inscrever-no-lar-doce-lar-do-caldeirao-do-huck-veja-o-passo-a-passo\\\/#primaryimage\"},\"image\":{\"@id\":\"https:\\\/\\\/www.vagadeempregorj.com.br\\\/como-se-inscrever-no-lar-doce-lar-do-caldeirao-do-huck-veja-o-passo-a-passo\\\/#primaryimage\"},\"thumbnailUrl\":\"https:\\\/\\\/www.vagadeempregorj.com.br\\\/wp-content\\\/uploads\\\/2023\\\/02\\\/image-6.png\",\"datePublished\":\"2023-02-16T18:41:39+00:00\",\"dateModified\":\"2023-08-01T10:46:50+00:00\",\"author\":{\"@id\":\"https:\\\/\\\/www.vagadeempregorj.com.br\\\/#\\\/schema\\\/person\\\/3ddb19fa0539706786e502152f3aae95\"},\"description\":\"Veja em Vagas de Emprego RJ as vagas de emprego com e sem experi\u00eancia no seu Estado e Regi\u00e3o!\",\"breadcrumb\":{\"@id\":\"https:\\\/\\\/www.vagadeempregorj.com.br\\\/como-se-inscrever-no-lar-doce-lar-do-caldeirao-do-huck-veja-o-passo-a-passo\\\/#breadcrumb\"},\"inLanguage\":\"ar\",\"potentialAction\":[{\"@type\":\"ReadAction\",\"target\":[\"https:\\\/\\\/www.vagadeempregorj.com.br\\\/como-se-inscrever-no-lar-doce-lar-do-caldeirao-do-huck-veja-o-passo-a-passo\\\/\"]}]},{\"@type\":\"ImageObject\",\"inLanguage\":\"ar\",\"@id\":\"https:\\\/\\\/www.vagadeempregorj.com.br\\\/como-se-inscrever-no-lar-doce-lar-do-caldeirao-do-huck-veja-o-passo-a-passo\\\/#primaryimage\",\"url\":\"https:\\\/\\\/www.vagadeempregorj.com.br\\\/wp-content\\\/uploads\\\/2023\\\/02\\\/image-6.png\",\"contentUrl\":\"https:\\\/\\\/www.vagadeempregorj.com.br\\\/wp-content\\\/uploads\\\/2023\\\/02\\\/image-6.png\",\"width\":576,\"height\":580},{\"@type\":\"BreadcrumbList\",\"@id\":\"https:\\\/\\\/www.vagadeempregorj.com.br\\\/como-se-inscrever-no-lar-doce-lar-do-caldeirao-do-huck-veja-o-passo-a-passo\\\/#breadcrumb\",\"itemListElement\":[{\"@type\":\"ListItem\",\"position\":1,\"name\":\"In\u00edcio\",\"item\":\"https:\\\/\\\/www.vagadeempregorj.com.br\\\/\"},{\"@type\":\"ListItem\",\"position\":2,\"name\":\"Economia\",\"item\":\"https:\\\/\\\/www.vagadeempregorj.com.br\\\/economia\\\/\"},{\"@type\":\"ListItem\",\"position\":3,\"name\":\"Como se inscrever no Lar Doce Lar do Caldeir\u00e3o do Huck; veja o passo a passo\"}]},{\"@type\":\"WebSite\",\"@id\":\"https:\\\/\\\/www.vagadeempregorj.com.br\\\/#website\",\"url\":\"https:\\\/\\\/www.vagadeempregorj.com.br\\\/\",\"name\":\"\",\"description\":\"Conquiste Sonhos: Vagas, Benef\u00edcios e Economia para Transformar Vidas e Alcan\u00e7ar Melhorias Cotidianas\",\"potentialAction\":[{\"@type\":\"SearchAction\",\"target\":{\"@type\":\"EntryPoint\",\"urlTemplate\":\"https:\\\/\\\/www.vagadeempregorj.com.br\\\/?s={search_term_string}\"},\"query-input\":{\"@type\":\"PropertyValueSpecification\",\"valueRequired\":true,\"valueName\":\"search_term_string\"}}],\"inLanguage\":\"ar\"},{\"@type\":\"Person\",\"@id\":\"https:\\\/\\\/www.vagadeempregorj.com.br\\\/#\\\/schema\\\/person\\\/3ddb19fa0539706786e502152f3aae95\",\"name\":\"Michele\",\"image\":{\"@type\":\"ImageObject\",\"inLanguage\":\"ar\",\"@id\":\"https:\\\/\\\/secure.gravatar.com\\\/avatar\\\/6b0eb9d22841282815e2cd856a0061c45e1761cd54b22e952d98c4746939aa85?s=96&r=g\",\"url\":\"https:\\\/\\\/secure.gravatar.com\\\/avatar\\\/6b0eb9d22841282815e2cd856a0061c45e1761cd54b22e952d98c4746939aa85?s=96&r=g\",\"contentUrl\":\"https:\\\/\\\/secure.gravatar.com\\\/avatar\\\/6b0eb9d22841282815e2cd856a0061c45e1761cd54b22e952d98c4746939aa85?s=96&r=g\",\"caption\":\"Michele\"},\"description\":\"Formada em Letras - Portugu\u00eas\\\/ Ingl\u00eas, e idealizadora do site Escritora de Sucesso, busca expandir o conhecimento de todos com informa\u00e7\u00f5es relevantes sobre diversos assuntos, enquanto redatora. No Vaga de Emprego RJ, traz oportunidades e dicas sobre o mercado de trabalho.\",\"url\":\"https:\\\/\\\/www.vagadeempregorj.com.br\\\/ar\\\/author\\\/michele\\\/\"}]}<\/script>\n<!-- \/ Yoast SEO plugin. -->","yoast_head_json":{"title":"Como se inscrever no Lar Doce Lar do Caldeir\u00e3o do Huck; veja o passo a passo -","description":"Veja em Vagas de Emprego RJ as vagas de emprego com e sem experi\u00eancia no seu Estado e Regi\u00e3o!","robots":{"index":"index","follow":"follow","max-snippet":"max-snippet:-1","max-image-preview":"max-image-preview:large","max-video-preview":"max-video-preview:-1"},"canonical":"https:\/\/www.vagadeempregorj.com.br\/ar\/como-se-inscrever-no-lar-doce-lar-do-caldeirao-do-huck-veja-o-passo-a-passo\/","og_locale":"ar_AR","og_type":"article","og_title":"Como se inscrever no Lar Doce Lar do Caldeir\u00e3o do Huck; veja o passo a passo -","og_description":"Veja em Vagas de Emprego RJ as vagas de emprego com e sem experi\u00eancia no seu Estado e Regi\u00e3o!","og_url":"https:\/\/www.vagadeempregorj.com.br\/ar\/como-se-inscrever-no-lar-doce-lar-do-caldeirao-do-huck-veja-o-passo-a-passo\/","article_publisher":"https:\/\/www.facebook.com\/empregobrasiloficial","article_published_time":"2023-02-16T18:41:39+00:00","article_modified_time":"2023-08-01T10:46:50+00:00","og_image":[{"width":576,"height":580,"url":"https:\/\/www.vagadeempregorj.com.br\/wp-content\/uploads\/2023\/02\/image-6.png","type":"image\/png"}],"author":"Michele","twitter_card":"summary_large_image","twitter_misc":{"Written by":"Michele","Est. reading time":"4 \u062f\u0642\u0627\u0626\u0642"},"schema":{"@context":"https:\/\/schema.org","@graph":[{"@type":"Article","@id":"https:\/\/www.vagadeempregorj.com.br\/como-se-inscrever-no-lar-doce-lar-do-caldeirao-do-huck-veja-o-passo-a-passo\/#article","isPartOf":{"@id":"https:\/\/www.vagadeempregorj.com.br\/como-se-inscrever-no-lar-doce-lar-do-caldeirao-do-huck-veja-o-passo-a-passo\/"},"author":{"name":"Michele","@id":"https:\/\/www.vagadeempregorj.com.br\/#\/schema\/person\/3ddb19fa0539706786e502152f3aae95"},"headline":"Como se inscrever no Lar Doce Lar do Caldeir\u00e3o do Huck; veja o passo a passo","datePublished":"2023-02-16T18:41:39+00:00","dateModified":"2023-08-01T10:46:50+00:00","mainEntityOfPage":{"@id":"https:\/\/www.vagadeempregorj.com.br\/como-se-inscrever-no-lar-doce-lar-do-caldeirao-do-huck-veja-o-passo-a-passo\/"},"wordCount":894,"image":{"@id":"https:\/\/www.vagadeempregorj.com.br\/como-se-inscrever-no-lar-doce-lar-do-caldeirao-do-huck-veja-o-passo-a-passo\/#primaryimage"},"thumbnailUrl":"https:\/\/www.vagadeempregorj.com.br\/wp-content\/uploads\/2023\/02\/image-6.png","articleSection":["Economia"],"inLanguage":"ar"},{"@type":"WebPage","@id":"https:\/\/www.vagadeempregorj.com.br\/como-se-inscrever-no-lar-doce-lar-do-caldeirao-do-huck-veja-o-passo-a-passo\/","url":"https:\/\/www.vagadeempregorj.com.br\/como-se-inscrever-no-lar-doce-lar-do-caldeirao-do-huck-veja-o-passo-a-passo\/","name":"Como se inscrever no Lar Doce Lar do Caldeir\u00e3o do Huck; veja o passo a passo -","isPartOf":{"@id":"https:\/\/www.vagadeempregorj.com.br\/#website"},"primaryImageOfPage":{"@id":"https:\/\/www.vagadeempregorj.com.br\/como-se-inscrever-no-lar-doce-lar-do-caldeirao-do-huck-veja-o-passo-a-passo\/#primaryimage"},"image":{"@id":"https:\/\/www.vagadeempregorj.com.br\/como-se-inscrever-no-lar-doce-lar-do-caldeirao-do-huck-veja-o-passo-a-passo\/#primaryimage"},"thumbnailUrl":"https:\/\/www.vagadeempregorj.com.br\/wp-content\/uploads\/2023\/02\/image-6.png","datePublished":"2023-02-16T18:41:39+00:00","dateModified":"2023-08-01T10:46:50+00:00","author":{"@id":"https:\/\/www.vagadeempregorj.com.br\/#\/schema\/person\/3ddb19fa0539706786e502152f3aae95"},"description":"Veja em Vagas de Emprego RJ as vagas de emprego com e sem experi\u00eancia no seu Estado e Regi\u00e3o!","breadcrumb":{"@id":"https:\/\/www.vagadeempregorj.com.br\/como-se-inscrever-no-lar-doce-lar-do-caldeirao-do-huck-veja-o-passo-a-passo\/#breadcrumb"},"inLanguage":"ar","potentialAction":[{"@type":"ReadAction","target":["https:\/\/www.vagadeempregorj.com.br\/como-se-inscrever-no-lar-doce-lar-do-caldeirao-do-huck-veja-o-passo-a-passo\/"]}]},{"@type":"ImageObject","inLanguage":"ar","@id":"https:\/\/www.vagadeempregorj.com.br\/como-se-inscrever-no-lar-doce-lar-do-caldeirao-do-huck-veja-o-passo-a-passo\/#primaryimage","url":"https:\/\/www.vagadeempregorj.com.br\/wp-content\/uploads\/2023\/02\/image-6.png","contentUrl":"https:\/\/www.vagadeempregorj.com.br\/wp-content\/uploads\/2023\/02\/image-6.png","width":576,"height":580},{"@type":"BreadcrumbList","@id":"https:\/\/www.vagadeempregorj.com.br\/como-se-inscrever-no-lar-doce-lar-do-caldeirao-do-huck-veja-o-passo-a-passo\/#breadcrumb","itemListElement":[{"@type":"ListItem","position":1,"name":"In\u00edcio","item":"https:\/\/www.vagadeempregorj.com.br\/"},{"@type":"ListItem","position":2,"name":"Economia","item":"https:\/\/www.vagadeempregorj.com.br\/economia\/"},{"@type":"ListItem","position":3,"name":"Como se inscrever no Lar Doce Lar do Caldeir\u00e3o do Huck; veja o passo a passo"}]},{"@type":"WebSite","@id":"https:\/\/www.vagadeempregorj.com.br\/#website","url":"https:\/\/www.vagadeempregorj.com.br\/","name":"","description":"Conquiste Sonhos: Vagas, Benef\u00edcios e Economia para Transformar Vidas e Alcan\u00e7ar Melhorias Cotidianas","potentialAction":[{"@type":"SearchAction","target":{"@type":"EntryPoint","urlTemplate":"https:\/\/www.vagadeempregorj.com.br\/?s={search_term_string}"},"query-input":{"@type":"PropertyValueSpecification","valueRequired":true,"valueName":"search_term_string"}}],"inLanguage":"ar"},{"@type":"Person","@id":"https:\/\/www.vagadeempregorj.com.br\/#\/schema\/person\/3ddb19fa0539706786e502152f3aae95","name":"Michele","image":{"@type":"ImageObject","inLanguage":"ar","@id":"https:\/\/secure.gravatar.com\/avatar\/6b0eb9d22841282815e2cd856a0061c45e1761cd54b22e952d98c4746939aa85?s=96&r=g","url":"https:\/\/secure.gravatar.com\/avatar\/6b0eb9d22841282815e2cd856a0061c45e1761cd54b22e952d98c4746939aa85?s=96&r=g","contentUrl":"https:\/\/secure.gravatar.com\/avatar\/6b0eb9d22841282815e2cd856a0061c45e1761cd54b22e952d98c4746939aa85?s=96&r=g","caption":"Michele"},"description":"Formada em Letras - Portugu\u00eas\/ Ingl\u00eas, e idealizadora do site Escritora de Sucesso, busca expandir o conhecimento de todos com informa\u00e7\u00f5es relevantes sobre diversos assuntos, enquanto redatora. No Vaga de Emprego RJ, traz oportunidades e dicas sobre o mercado de trabalho.","url":"https:\/\/www.vagadeempregorj.com.br\/ar\/author\/michele\/"}]}},"_links":{"self":[{"href":"https:\/\/www.vagadeempregorj.com.br\/ar\/wp-json\/wp\/v2\/posts\/37506","targetHints":{"allow":["GET"]}}],"collection":[{"href":"https:\/\/www.vagadeempregorj.com.br\/ar\/wp-json\/wp\/v2\/posts"}],"about":[{"href":"https:\/\/www.vagadeempregorj.com.br\/ar\/wp-json\/wp\/v2\/types\/post"}],"author":[{"embeddable":true,"href":"https:\/\/www.vagadeempregorj.com.br\/ar\/wp-json\/wp\/v2\/users\/16"}],"replies":[{"embeddable":true,"href":"https:\/\/www.vagadeempregorj.com.br\/ar\/wp-json\/wp\/v2\/comments?post=37506"}],"version-history":[{"count":0,"href":"https:\/\/www.vagadeempregorj.com.br\/ar\/wp-json\/wp\/v2\/posts\/37506\/revisions"}],"wp:featuredmedia":[{"embeddable":true,"href":"https:\/\/www.vagadeempregorj.com.br\/ar\/wp-json\/wp\/v2\/media\/37503"}],"wp:attachment":[{"href":"https:\/\/www.vagadeempregorj.com.br\/ar\/wp-json\/wp\/v2\/media?parent=37506"}],"wp:term":[{"taxonomy":"category","embeddable":true,"href":"https:\/\/www.vagadeempregorj.com.br\/ar\/wp-json\/wp\/v2\/categories?post=37506"},{"taxonomy":"post_tag","embeddable":true,"href":"https:\/\/www.vagadeempregorj.com.br\/ar\/wp-json\/wp\/v2\/tags?post=37506"}],"curies":[{"name":"wp","href":"https:\/\/api.w.org\/{rel}","templated":true}]}}