{"id":37595,"date":"2023-10-17T00:01:00","date_gmt":"2023-10-17T03:01:00","guid":{"rendered":"https:\/\/www.vagadeempregorj.com.br\/?p=37595"},"modified":"2023-10-16T10:40:30","modified_gmt":"2023-10-16T13:40:30","slug":"empregos-carrefour","status":"publish","type":"post","link":"https:\/\/www.vagadeempregorj.com.br\/ar\/empregos-carrefour\/","title":{"rendered":"Vendedor de Eletro, Operador de Loja, Jovem Aprendiz, Analistas, Operador de Hipermercado e muito mais na Empresa Carrefour"},"content":{"rendered":"<p>Atualizado em:<\/p>\n\n\n<div class=\"wp-block-post-date\"><time datetime=\"2023-10-17T00:01:00-03:00\">17\/10\/2023<\/time><\/div>\n\n\n<p>Os <strong>empregos Carrefour<\/strong> possuem unidades espalhadas em todo o territ\u00f3rio nacional, e para atender a alta demanda de quem acredita em seu trabalho, a empresa oferece constantemente novas oportunidades de trabalho em diversas \u00e1reas de atua\u00e7\u00e3o. Para ter acesso \u00e0s vagas dispon\u00edveis, regi\u00f5es de atua\u00e7\u00e3o e informa\u00e7\u00f5es sobre como se candidatar, continue acompanhando.<\/p>\n\n\n\n<figure class=\"wp-block-image size-large\"><img loading=\"lazy\" decoding=\"async\" width=\"1024\" height=\"688\" src=\"https:\/\/www.vagadeempregorj.com.br\/wp-content\/uploads\/2023\/02\/image-11-1024x688.png\" alt=\"\" class=\"wp-image-37606\" srcset=\"https:\/\/www.vagadeempregorj.com.br\/wp-content\/uploads\/2023\/02\/image-11-1024x688.png 1024w, https:\/\/www.vagadeempregorj.com.br\/wp-content\/uploads\/2023\/02\/image-11-300x202.png 300w, https:\/\/www.vagadeempregorj.com.br\/wp-content\/uploads\/2023\/02\/image-11-768x516.png 768w, https:\/\/www.vagadeempregorj.com.br\/wp-content\/uploads\/2023\/02\/image-11-150x101.png 150w, https:\/\/www.vagadeempregorj.com.br\/wp-content\/uploads\/2023\/02\/image-11.png 1030w\" sizes=\"auto, (max-width: 1024px) 100vw, 1024px\" \/><figcaption class=\"wp-element-caption\">Imagem: Carrefour &#8211; Reprodu\u00e7\u00e3o<\/figcaption><\/figure>\n\n\n\n<h2 class=\"wp-block-heading\">Confira as oportunidades de empregos Carrefour<\/h2>\n\n\n\n<p>A empresa \u00e9 conhecida por ser uma das maiores redes de hipermercados brasileira, e possui unidades espalhadas em v\u00e1rias regi\u00f5es brasileiras, entre elas: S\u00e3o Paulo, S\u00e3o Bernardo do Campo, Santa Catarina, Gravata\u00ed, Joinville, Cajamar, Canoas, Porto Alegre, Rio de Janeiro, Guarulhos, S\u00e3o Caetano do Sul, Diadema, Belo Horizonte, Goi\u00e2nia, Vila Velha e diversas outras.<\/p>\n\n\n\n<p>Confira as vagas que podem ser preenchidas no momento:<\/p>\n\n\n\n<ul class=\"wp-block-list\">\n<li>Profissionais com Defici\u00eancia;<\/li>\n\n\n\n<li>Refugiados;<\/li>\n\n\n\n<li>Auxiliares de Manuten\u00e7\u00e3o;<\/li>\n\n\n\n<li>Agente de Fiscaliza\u00e7\u00e3o;<\/li>\n\n\n\n<li>Jovem Aprendiz;<\/li>\n\n\n\n<li>Diversidade Carrefour;<\/li>\n\n\n\n<li>Caixas;<\/li>\n\n\n\n<li>Operadores de Hipermercado;<\/li>\n\n\n\n<li>Analistas de Projetos PL;<\/li>\n\n\n\n<li>Business Manager;<\/li>\n\n\n\n<li>Gerenciador de Posto;<\/li>\n\n\n\n<li>Gerenciador de Eletro Port\u00e1teis;<\/li>\n\n\n\n<li>Operador de Loja setor de Perfumaria;<\/li>\n\n\n\n<li>Vendedores de Eletro Port\u00e1teis;<\/li>\n\n\n\n<li>Recepcionista\/Caixa;<\/li>\n\n\n\n<li>Operadores de Loja;<\/li>\n\n\n\n<li>Operadores de Loja setor de Bazar;<\/li>\n\n\n\n<li>Agente de Fiscaliza\u00e7\u00e3o &#8211; Preven\u00e7\u00e3o de Risco;<\/li>\n\n\n\n<li>Gerente Comercial;<\/li>\n\n\n\n<li>Empacotadores;<\/li>\n\n\n\n<li>Analistas de Transportes Sr;<\/li>\n\n\n\n<li>Gerente de Posto de Combust\u00edvel;<\/li>\n\n\n\n<li>Operador Comercial &#8211; Servi\u00e7os Financeiros;<\/li>\n\n\n\n<li>Atendente de Farm\u00e1cia;<\/li>\n\n\n\n<li>Operador de Loja Conveni\u00eancia;<\/li>\n\n\n\n<li>Atendente Delivery;<\/li>\n\n\n\n<li>Estagi\u00e1rio;<\/li>\n\n\n\n<li>Analistas de Canais Sr.<\/li>\n<\/ul>\n\n\n\n<p>\u00c9 fundamental preencher com aten\u00e7\u00e3o todos os campos do cadastro, pois os candidatos que cadastram seus curr\u00edculos no banco de talentos devem aguardar o contato da empresa para o preenchimento de eventuais vagas que possam surgir no futuro.<\/p>\n\n\n\n<h3 class=\"wp-block-heading\">Como se candidatar<\/h3>\n\n\n\n<p>Para conferir todas as demais oportunidades e as regi\u00f5es dispon\u00edveis para atua\u00e7\u00e3o, os interessados devem acessar o link abaixo, o mesmo ficar\u00e1 dispon\u00edvel para novas consultas por um tempo indeterminado. A empresa atualiza constantemente seu banco de vagas, portanto, quanto mais breve o interessado realizar sua candidatura, maiores as chances de serem contratados para o cargo escolhido.<\/p>\n\n\n\n<ul class=\"wp-block-list\">\n<li><a href=\"https:\/\/www.carrefour.com.br\/trabalhe-conosco\">Carreiras Carrefour<\/a>.<\/li>\n<\/ul>\n\n\n\n<p>Al\u00e9m de remunera\u00e7\u00e3o fixa, todos os seus colaboradores contam com v\u00e1rios benef\u00edcios inclusos no contrato CLT, como: seguro de vida, vale transporte, previd\u00eancia privada, assist\u00eancia m\u00e9dica, assist\u00eancia odontol\u00f3gica, desconto com cart\u00e3o Carrefour, reembolso em \u00f3ticas, conv\u00eanio farm\u00e1cia, refei\u00e7\u00e3o no local, gympass e PLR.<\/p>\n\n\n\n<h2 class=\"wp-block-heading\">Sobre a empresa Carrefour<\/h2>\n\n\n\n<p>O Carrefour \u00e9 a maior rede de supermercados do Brasil. A corpora\u00e7\u00e3o \u00e9 mais do que apenas um comerciante de tamanho consider\u00e1vel; \u00e9 tamb\u00e9m um ecossistema comercial. A empresa oferece diversos formatos para atender diferentes segmentos de mercado e se manter constante nas rotinas e no dia a dia de seus clientes, atendendo a todos os gostos e prefer\u00eancias.<\/p>\n\n\n\n<p>A companhia oferece aos seus consumidores formatos variados, que conseguem atender diversos p\u00fablicos, entre eles destacam-se: Atacad\u00e3o, Carrefour Bairro, Carrefour Hiper, Carrefour Express, Carrefour Market e opera\u00e7\u00f5es e-commerce, al\u00e9m de postos de combust\u00edveis e drogarias, que est\u00e3o espalhadas em todo o territ\u00f3rio nacional.<\/p>\n\n\n\n<p><strong>Veja tamb\u00e9m: <a href=\"https:\/\/www.vagadeempregorj.com.br\/ar\/trabalhe-conosco-band-vagas\/\">Auxiliar Administrativo, Analista de Recursos Humanos, Executivo de Contas J\u00fanior, Estagi\u00e1rio e muito mais na Empresa Grupo Bandeirantes de Telecomunica\u00e7\u00f5es<\/a><\/strong><\/p>","protected":false},"excerpt":{"rendered":"<p>Atualizado em: Os empregos Carrefour possuem unidades espalhadas em todo o territ\u00f3rio nacional, e para atender a alta demanda de quem acredita em seu trabalho, a empresa oferece constantemente novas oportunidades de trabalho em diversas \u00e1reas de atua\u00e7\u00e3o. Para ter acesso \u00e0s vagas dispon\u00edveis, regi\u00f5es de atua\u00e7\u00e3o e informa\u00e7\u00f5es sobre como se candidatar, continue acompanhando.&hellip;&nbsp;<\/p>","protected":false},"author":16,"featured_media":37606,"comment_status":"closed","ping_status":"closed","sticky":false,"template":"","format":"standard","meta":{"neve_meta_sidebar":"","neve_meta_container":"","neve_meta_enable_content_width":"","neve_meta_content_width":0,"neve_meta_title_alignment":"","neve_meta_author_avatar":"","neve_post_elements_order":"","neve_meta_disable_header":"","neve_meta_disable_footer":"","neve_meta_disable_title":"","footnotes":""},"categories":[123],"tags":[225,608,147],"class_list":["post-37595","post","type-post","status-publish","format-standard","has-post-thumbnail","hentry","category-vagas-de-emprego-nacionais","tag-carrefour","tag-oportunidades","tag-vaga-de-emprego"],"yoast_head":"<!-- This site is optimized with the Yoast SEO plugin v27.5 - https:\/\/yoast.com\/product\/yoast-seo-wordpress\/ -->\n<title>Vendedor de Eletro, Operador de Loja, Jovem Aprendiz, Analistas, Operador de Hipermercado e muito mais na Empresa Carrefour -<\/title>\n<meta name=\"description\" content=\"Veja em Vagas de Emprego RJ as vagas de emprego com e sem experi\u00eancia no seu Estado e Regi\u00e3o!\" \/>\n<meta name=\"robots\" content=\"index, follow, max-snippet:-1, max-image-preview:large, max-video-preview:-1\" \/>\n<link rel=\"canonical\" href=\"https:\/\/www.vagadeempregorj.com.br\/ar\/empregos-carrefour\/\" \/>\n<meta property=\"og:locale\" content=\"ar_AR\" \/>\n<meta property=\"og:type\" content=\"article\" \/>\n<meta property=\"og:title\" content=\"Vendedor de Eletro, Operador de Loja, Jovem Aprendiz, Analistas, Operador de Hipermercado e muito mais na Empresa Carrefour -\" \/>\n<meta property=\"og:description\" content=\"Veja em Vagas de Emprego RJ as vagas de emprego com e sem experi\u00eancia no seu Estado e Regi\u00e3o!\" \/>\n<meta property=\"og:url\" content=\"https:\/\/www.vagadeempregorj.com.br\/ar\/empregos-carrefour\/\" \/>\n<meta property=\"article:publisher\" content=\"https:\/\/www.facebook.com\/empregobrasiloficial\" \/>\n<meta property=\"article:published_time\" content=\"2023-10-17T03:01:00+00:00\" \/>\n<meta property=\"og:image\" content=\"https:\/\/www.vagadeempregorj.com.br\/wp-content\/uploads\/2023\/02\/image-11.png\" \/>\n\t<meta property=\"og:image:width\" content=\"1030\" \/>\n\t<meta property=\"og:image:height\" content=\"692\" \/>\n\t<meta property=\"og:image:type\" content=\"image\/png\" \/>\n<meta name=\"author\" content=\"Michele\" \/>\n<meta name=\"twitter:card\" content=\"summary_large_image\" \/>\n<meta name=\"twitter:label1\" content=\"\u0643\u064f\u062a\u0628 \u0628\u0648\u0627\u0633\u0637\u0629\" \/>\n\t<meta name=\"twitter:data1\" content=\"Michele\" \/>\n\t<meta name=\"twitter:label2\" content=\"\u0648\u0642\u062a \u0627\u0644\u0642\u0631\u0627\u0621\u0629 \u0627\u0644\u0645\u064f\u0642\u062f\u0651\u0631\" \/>\n\t<meta name=\"twitter:data2\" content=\"3 \u062f\u0642\u0627\u0626\u0642\" \/>\n<script type=\"application\/ld+json\" class=\"yoast-schema-graph\">{\"@context\":\"https:\\\/\\\/schema.org\",\"@graph\":[{\"@type\":\"Article\",\"@id\":\"https:\\\/\\\/www.vagadeempregorj.com.br\\\/empregos-carrefour\\\/#article\",\"isPartOf\":{\"@id\":\"https:\\\/\\\/www.vagadeempregorj.com.br\\\/empregos-carrefour\\\/\"},\"author\":{\"name\":\"Michele\",\"@id\":\"https:\\\/\\\/www.vagadeempregorj.com.br\\\/#\\\/schema\\\/person\\\/3ddb19fa0539706786e502152f3aae95\"},\"headline\":\"Vendedor de Eletro, Operador de Loja, Jovem Aprendiz, Analistas, Operador de Hipermercado e muito mais na Empresa Carrefour\",\"datePublished\":\"2023-10-17T03:01:00+00:00\",\"mainEntityOfPage\":{\"@id\":\"https:\\\/\\\/www.vagadeempregorj.com.br\\\/empregos-carrefour\\\/\"},\"wordCount\":561,\"image\":{\"@id\":\"https:\\\/\\\/www.vagadeempregorj.com.br\\\/empregos-carrefour\\\/#primaryimage\"},\"thumbnailUrl\":\"https:\\\/\\\/www.vagadeempregorj.com.br\\\/wp-content\\\/uploads\\\/2023\\\/02\\\/image-11.png\",\"keywords\":[\"carrefour\",\"oportunidades\",\"vaga de emprego\"],\"articleSection\":[\"Vagas de Emprego Nacionais\"],\"inLanguage\":\"ar\"},{\"@type\":\"WebPage\",\"@id\":\"https:\\\/\\\/www.vagadeempregorj.com.br\\\/empregos-carrefour\\\/\",\"url\":\"https:\\\/\\\/www.vagadeempregorj.com.br\\\/empregos-carrefour\\\/\",\"name\":\"Vendedor de Eletro, Operador de Loja, Jovem Aprendiz, Analistas, Operador de Hipermercado e muito mais na Empresa Carrefour -\",\"isPartOf\":{\"@id\":\"https:\\\/\\\/www.vagadeempregorj.com.br\\\/#website\"},\"primaryImageOfPage\":{\"@id\":\"https:\\\/\\\/www.vagadeempregorj.com.br\\\/empregos-carrefour\\\/#primaryimage\"},\"image\":{\"@id\":\"https:\\\/\\\/www.vagadeempregorj.com.br\\\/empregos-carrefour\\\/#primaryimage\"},\"thumbnailUrl\":\"https:\\\/\\\/www.vagadeempregorj.com.br\\\/wp-content\\\/uploads\\\/2023\\\/02\\\/image-11.png\",\"datePublished\":\"2023-10-17T03:01:00+00:00\",\"author\":{\"@id\":\"https:\\\/\\\/www.vagadeempregorj.com.br\\\/#\\\/schema\\\/person\\\/3ddb19fa0539706786e502152f3aae95\"},\"description\":\"Veja em Vagas de Emprego RJ as vagas de emprego com e sem experi\u00eancia no seu Estado e Regi\u00e3o!\",\"breadcrumb\":{\"@id\":\"https:\\\/\\\/www.vagadeempregorj.com.br\\\/empregos-carrefour\\\/#breadcrumb\"},\"inLanguage\":\"ar\",\"potentialAction\":[{\"@type\":\"ReadAction\",\"target\":[\"https:\\\/\\\/www.vagadeempregorj.com.br\\\/empregos-carrefour\\\/\"]}]},{\"@type\":\"ImageObject\",\"inLanguage\":\"ar\",\"@id\":\"https:\\\/\\\/www.vagadeempregorj.com.br\\\/empregos-carrefour\\\/#primaryimage\",\"url\":\"https:\\\/\\\/www.vagadeempregorj.com.br\\\/wp-content\\\/uploads\\\/2023\\\/02\\\/image-11.png\",\"contentUrl\":\"https:\\\/\\\/www.vagadeempregorj.com.br\\\/wp-content\\\/uploads\\\/2023\\\/02\\\/image-11.png\",\"width\":1030,\"height\":692},{\"@type\":\"BreadcrumbList\",\"@id\":\"https:\\\/\\\/www.vagadeempregorj.com.br\\\/empregos-carrefour\\\/#breadcrumb\",\"itemListElement\":[{\"@type\":\"ListItem\",\"position\":1,\"name\":\"In\u00edcio\",\"item\":\"https:\\\/\\\/www.vagadeempregorj.com.br\\\/\"},{\"@type\":\"ListItem\",\"position\":2,\"name\":\"Vagas de Emprego Nacionais\",\"item\":\"https:\\\/\\\/www.vagadeempregorj.com.br\\\/vagas-de-emprego-nacionais\\\/\"},{\"@type\":\"ListItem\",\"position\":3,\"name\":\"Vendedor de Eletro, Operador de Loja, Jovem Aprendiz, Analistas, Operador de Hipermercado e muito mais na Empresa Carrefour\"}]},{\"@type\":\"WebSite\",\"@id\":\"https:\\\/\\\/www.vagadeempregorj.com.br\\\/#website\",\"url\":\"https:\\\/\\\/www.vagadeempregorj.com.br\\\/\",\"name\":\"\",\"description\":\"Conquiste Sonhos: Vagas, Benef\u00edcios e Economia para Transformar Vidas e Alcan\u00e7ar Melhorias Cotidianas\",\"potentialAction\":[{\"@type\":\"SearchAction\",\"target\":{\"@type\":\"EntryPoint\",\"urlTemplate\":\"https:\\\/\\\/www.vagadeempregorj.com.br\\\/?s={search_term_string}\"},\"query-input\":{\"@type\":\"PropertyValueSpecification\",\"valueRequired\":true,\"valueName\":\"search_term_string\"}}],\"inLanguage\":\"ar\"},{\"@type\":\"Person\",\"@id\":\"https:\\\/\\\/www.vagadeempregorj.com.br\\\/#\\\/schema\\\/person\\\/3ddb19fa0539706786e502152f3aae95\",\"name\":\"Michele\",\"image\":{\"@type\":\"ImageObject\",\"inLanguage\":\"ar\",\"@id\":\"https:\\\/\\\/secure.gravatar.com\\\/avatar\\\/6b0eb9d22841282815e2cd856a0061c45e1761cd54b22e952d98c4746939aa85?s=96&r=g\",\"url\":\"https:\\\/\\\/secure.gravatar.com\\\/avatar\\\/6b0eb9d22841282815e2cd856a0061c45e1761cd54b22e952d98c4746939aa85?s=96&r=g\",\"contentUrl\":\"https:\\\/\\\/secure.gravatar.com\\\/avatar\\\/6b0eb9d22841282815e2cd856a0061c45e1761cd54b22e952d98c4746939aa85?s=96&r=g\",\"caption\":\"Michele\"},\"description\":\"Formada em Letras - Portugu\u00eas\\\/ Ingl\u00eas, e idealizadora do site Escritora de Sucesso, busca expandir o conhecimento de todos com informa\u00e7\u00f5es relevantes sobre diversos assuntos, enquanto redatora. No Vaga de Emprego RJ, traz oportunidades e dicas sobre o mercado de trabalho.\",\"url\":\"https:\\\/\\\/www.vagadeempregorj.com.br\\\/ar\\\/author\\\/michele\\\/\"}]}<\/script>\n<!-- \/ Yoast SEO plugin. -->","yoast_head_json":{"title":"Vendedor de Eletro, Operador de Loja, Jovem Aprendiz, Analistas, Operador de Hipermercado e muito mais na Empresa Carrefour -","description":"Veja em Vagas de Emprego RJ as vagas de emprego com e sem experi\u00eancia no seu Estado e Regi\u00e3o!","robots":{"index":"index","follow":"follow","max-snippet":"max-snippet:-1","max-image-preview":"max-image-preview:large","max-video-preview":"max-video-preview:-1"},"canonical":"https:\/\/www.vagadeempregorj.com.br\/ar\/empregos-carrefour\/","og_locale":"ar_AR","og_type":"article","og_title":"Vendedor de Eletro, Operador de Loja, Jovem Aprendiz, Analistas, Operador de Hipermercado e muito mais na Empresa Carrefour -","og_description":"Veja em Vagas de Emprego RJ as vagas de emprego com e sem experi\u00eancia no seu Estado e Regi\u00e3o!","og_url":"https:\/\/www.vagadeempregorj.com.br\/ar\/empregos-carrefour\/","article_publisher":"https:\/\/www.facebook.com\/empregobrasiloficial","article_published_time":"2023-10-17T03:01:00+00:00","og_image":[{"width":1030,"height":692,"url":"https:\/\/www.vagadeempregorj.com.br\/wp-content\/uploads\/2023\/02\/image-11.png","type":"image\/png"}],"author":"Michele","twitter_card":"summary_large_image","twitter_misc":{"\u0643\u064f\u062a\u0628 \u0628\u0648\u0627\u0633\u0637\u0629":"Michele","\u0648\u0642\u062a \u0627\u0644\u0642\u0631\u0627\u0621\u0629 \u0627\u0644\u0645\u064f\u0642\u062f\u0651\u0631":"3 \u062f\u0642\u0627\u0626\u0642"},"schema":{"@context":"https:\/\/schema.org","@graph":[{"@type":"Article","@id":"https:\/\/www.vagadeempregorj.com.br\/empregos-carrefour\/#article","isPartOf":{"@id":"https:\/\/www.vagadeempregorj.com.br\/empregos-carrefour\/"},"author":{"name":"Michele","@id":"https:\/\/www.vagadeempregorj.com.br\/#\/schema\/person\/3ddb19fa0539706786e502152f3aae95"},"headline":"Vendedor de Eletro, Operador de Loja, Jovem Aprendiz, Analistas, Operador de Hipermercado e muito mais na Empresa Carrefour","datePublished":"2023-10-17T03:01:00+00:00","mainEntityOfPage":{"@id":"https:\/\/www.vagadeempregorj.com.br\/empregos-carrefour\/"},"wordCount":561,"image":{"@id":"https:\/\/www.vagadeempregorj.com.br\/empregos-carrefour\/#primaryimage"},"thumbnailUrl":"https:\/\/www.vagadeempregorj.com.br\/wp-content\/uploads\/2023\/02\/image-11.png","keywords":["carrefour","oportunidades","vaga de emprego"],"articleSection":["Vagas de Emprego Nacionais"],"inLanguage":"ar"},{"@type":"WebPage","@id":"https:\/\/www.vagadeempregorj.com.br\/empregos-carrefour\/","url":"https:\/\/www.vagadeempregorj.com.br\/empregos-carrefour\/","name":"Vendedor de Eletro, Operador de Loja, Jovem Aprendiz, Analistas, Operador de Hipermercado e muito mais na Empresa Carrefour -","isPartOf":{"@id":"https:\/\/www.vagadeempregorj.com.br\/#website"},"primaryImageOfPage":{"@id":"https:\/\/www.vagadeempregorj.com.br\/empregos-carrefour\/#primaryimage"},"image":{"@id":"https:\/\/www.vagadeempregorj.com.br\/empregos-carrefour\/#primaryimage"},"thumbnailUrl":"https:\/\/www.vagadeempregorj.com.br\/wp-content\/uploads\/2023\/02\/image-11.png","datePublished":"2023-10-17T03:01:00+00:00","author":{"@id":"https:\/\/www.vagadeempregorj.com.br\/#\/schema\/person\/3ddb19fa0539706786e502152f3aae95"},"description":"Veja em Vagas de Emprego RJ as vagas de emprego com e sem experi\u00eancia no seu Estado e Regi\u00e3o!","breadcrumb":{"@id":"https:\/\/www.vagadeempregorj.com.br\/empregos-carrefour\/#breadcrumb"},"inLanguage":"ar","potentialAction":[{"@type":"ReadAction","target":["https:\/\/www.vagadeempregorj.com.br\/empregos-carrefour\/"]}]},{"@type":"ImageObject","inLanguage":"ar","@id":"https:\/\/www.vagadeempregorj.com.br\/empregos-carrefour\/#primaryimage","url":"https:\/\/www.vagadeempregorj.com.br\/wp-content\/uploads\/2023\/02\/image-11.png","contentUrl":"https:\/\/www.vagadeempregorj.com.br\/wp-content\/uploads\/2023\/02\/image-11.png","width":1030,"height":692},{"@type":"BreadcrumbList","@id":"https:\/\/www.vagadeempregorj.com.br\/empregos-carrefour\/#breadcrumb","itemListElement":[{"@type":"ListItem","position":1,"name":"In\u00edcio","item":"https:\/\/www.vagadeempregorj.com.br\/"},{"@type":"ListItem","position":2,"name":"Vagas de Emprego Nacionais","item":"https:\/\/www.vagadeempregorj.com.br\/vagas-de-emprego-nacionais\/"},{"@type":"ListItem","position":3,"name":"Vendedor de Eletro, Operador de Loja, Jovem Aprendiz, Analistas, Operador de Hipermercado e muito mais na Empresa Carrefour"}]},{"@type":"WebSite","@id":"https:\/\/www.vagadeempregorj.com.br\/#website","url":"https:\/\/www.vagadeempregorj.com.br\/","name":"","description":"\u062a\u062d\u0642\u064a\u0642 \u0627\u0644\u0623\u062d\u0644\u0627\u0645: \u0641\u0631\u0635 \u0639\u0645\u0644\u060c \u0645\u0632\u0627\u064a\u0627\u060c \u0648\u062a\u0648\u0641\u064a\u0631\u0627\u062a \u0644\u062a\u063a\u064a\u064a\u0631 \u0627\u0644\u062d\u064a\u0627\u0629 \u0648\u062a\u062d\u0642\u064a\u0642 \u062a\u062d\u0633\u064a\u0646\u0627\u062a \u064a\u0648\u0645\u064a\u0629","potentialAction":[{"@type":"SearchAction","target":{"@type":"EntryPoint","urlTemplate":"https:\/\/www.vagadeempregorj.com.br\/?s={search_term_string}"},"query-input":{"@type":"PropertyValueSpecification","valueRequired":true,"valueName":"search_term_string"}}],"inLanguage":"ar"},{"@type":"Person","@id":"https:\/\/www.vagadeempregorj.com.br\/#\/schema\/person\/3ddb19fa0539706786e502152f3aae95","name":"Michele","image":{"@type":"ImageObject","inLanguage":"ar","@id":"https:\/\/secure.gravatar.com\/avatar\/6b0eb9d22841282815e2cd856a0061c45e1761cd54b22e952d98c4746939aa85?s=96&r=g","url":"https:\/\/secure.gravatar.com\/avatar\/6b0eb9d22841282815e2cd856a0061c45e1761cd54b22e952d98c4746939aa85?s=96&r=g","contentUrl":"https:\/\/secure.gravatar.com\/avatar\/6b0eb9d22841282815e2cd856a0061c45e1761cd54b22e952d98c4746939aa85?s=96&r=g","caption":"Michele"},"description":"Formada em Letras - Portugu\u00eas\/ Ingl\u00eas, e idealizadora do site Escritora de Sucesso, busca expandir o conhecimento de todos com informa\u00e7\u00f5es relevantes sobre diversos assuntos, enquanto redatora. No Vaga de Emprego RJ, traz oportunidades e dicas sobre o mercado de trabalho.","url":"https:\/\/www.vagadeempregorj.com.br\/ar\/author\/michele\/"}]}},"_links":{"self":[{"href":"https:\/\/www.vagadeempregorj.com.br\/ar\/wp-json\/wp\/v2\/posts\/37595","targetHints":{"allow":["GET"]}}],"collection":[{"href":"https:\/\/www.vagadeempregorj.com.br\/ar\/wp-json\/wp\/v2\/posts"}],"about":[{"href":"https:\/\/www.vagadeempregorj.com.br\/ar\/wp-json\/wp\/v2\/types\/post"}],"author":[{"embeddable":true,"href":"https:\/\/www.vagadeempregorj.com.br\/ar\/wp-json\/wp\/v2\/users\/16"}],"replies":[{"embeddable":true,"href":"https:\/\/www.vagadeempregorj.com.br\/ar\/wp-json\/wp\/v2\/comments?post=37595"}],"version-history":[{"count":0,"href":"https:\/\/www.vagadeempregorj.com.br\/ar\/wp-json\/wp\/v2\/posts\/37595\/revisions"}],"wp:featuredmedia":[{"embeddable":true,"href":"https:\/\/www.vagadeempregorj.com.br\/ar\/wp-json\/wp\/v2\/media\/37606"}],"wp:attachment":[{"href":"https:\/\/www.vagadeempregorj.com.br\/ar\/wp-json\/wp\/v2\/media?parent=37595"}],"wp:term":[{"taxonomy":"category","embeddable":true,"href":"https:\/\/www.vagadeempregorj.com.br\/ar\/wp-json\/wp\/v2\/categories?post=37595"},{"taxonomy":"post_tag","embeddable":true,"href":"https:\/\/www.vagadeempregorj.com.br\/ar\/wp-json\/wp\/v2\/tags?post=37595"}],"curies":[{"name":"wp","href":"https:\/\/api.w.org\/{rel}","templated":true}]}}