{"id":38967,"date":"2023-09-12T20:33:40","date_gmt":"2023-09-12T23:33:40","guid":{"rendered":"https:\/\/www.vagadeempregorj.com.br\/?p=38967"},"modified":"2023-09-12T20:33:42","modified_gmt":"2023-09-12T23:33:42","slug":"emprestimo-consignado-esta-liberado-para-quem-recebe-beneficio-social","status":"publish","type":"post","link":"https:\/\/www.vagadeempregorj.com.br\/ar\/emprestimo-consignado-esta-liberado-para-quem-recebe-beneficio-social\/","title":{"rendered":"Empr\u00e9stimo consignado est\u00e1 liberado para quem recebe benef\u00edcio social"},"content":{"rendered":"<p>O Supremo Tribunal Federal (STF) deliberou, de forma un\u00e2nime, pela valida\u00e7\u00e3o da libera\u00e7\u00e3o de empr\u00e9stimos consignados para benefici\u00e1rios de programas sociais. O julgamento ocorreu no plen\u00e1rio virtual, um formato no qual n\u00e3o ocorre debate e os ministros registram seus votos em um sistema eletr\u00f4nico.<\/p>\n\n\n\n<p>A a\u00e7\u00e3o legal foi apresentada pelo partido PDT em oposi\u00e7\u00e3o \u00e0s mudan\u00e7as nas regulamenta\u00e7\u00f5es dos empr\u00e9stimos consignados.<\/p>\n\n\n\n<h2 class=\"wp-block-heading\">STF liberou empr\u00e9stimo consignado para quem recebe Aux\u00edlio Brasil e outros benef\u00edcios<\/h2>\n\n\n\n<p>O PDT questionou, entre outros pontos, a autoriza\u00e7\u00e3o para que indiv\u00edduos que recebem o Benef\u00edcio de Presta\u00e7\u00e3o Continuada (BPC) e participantes de programas como o antigo Aux\u00edlio Brasil (atualmente chamado de Bolsa Fam\u00edlia) possam solicitar empr\u00e9stimos consignados, nos quais as parcelas s\u00e3o deduzidas diretamente de suas fontes de renda.<\/p>\n\n\n\n<figure class=\"wp-block-image size-full is-resized\"><img loading=\"lazy\" decoding=\"async\" src=\"https:\/\/www.vagadeempregorj.com.br\/wp-content\/uploads\/2023\/09\/image.png\" alt=\"Imagem: Reprodu\u00e7\u00e3o\" class=\"wp-image-38968\" style=\"width:840px;height:464px\" width=\"840\" height=\"464\" srcset=\"https:\/\/www.vagadeempregorj.com.br\/wp-content\/uploads\/2023\/09\/image.png 876w, https:\/\/www.vagadeempregorj.com.br\/wp-content\/uploads\/2023\/09\/image-300x166.png 300w, https:\/\/www.vagadeempregorj.com.br\/wp-content\/uploads\/2023\/09\/image-768x424.png 768w, https:\/\/www.vagadeempregorj.com.br\/wp-content\/uploads\/2023\/09\/image-150x83.png 150w\" sizes=\"auto, (max-width: 840px) 100vw, 840px\" \/><\/figure>\n\n\n\n<p>Al\u00e9m disso, o PDT levantou questionamentos sobre o aumento do limite de renda permitido para empregados com carteira assinada e benefici\u00e1rios do Instituto Nacional do Seguro Social (INSS) que podem comprometer sua renda com empr\u00e9stimos consignados, o qual passou de 35% para 45%.<\/p>\n\n\n\n<p>O relator do caso, Nunes Marques, j\u00e1 havia decidido em outubro a favor da manuten\u00e7\u00e3o da validade de uma norma que ampliava a margem de cr\u00e9dito consignado, permitindo sua utiliza\u00e7\u00e3o por benefici\u00e1rios de programas sociais.<\/p>\n\n\n\n<h3 class=\"wp-block-heading\">Acesso ao cr\u00e9dito consignado<\/h3>\n\n\n\n<p>De acordo com Nunes, a Constitui\u00e7\u00e3o n\u00e3o estabelece nenhuma limita\u00e7\u00e3o que justifique a revoga\u00e7\u00e3o de uma regra que amplie o acesso ao cr\u00e9dito consignado.<\/p>\n\n\n\n<p>Ele argumentou: &#8220;Os novos limites da margem consign\u00e1vel n\u00e3o contrariam os princ\u00edpios constitucionais alegados pelo autor. Ir al\u00e9m da atua\u00e7\u00e3o deste Tribunal como legislador negativo implicaria em interferir na an\u00e1lise da pol\u00edtica discricion\u00e1ria&#8221;.<\/p>\n\n\n\n<p>O ministro tamb\u00e9m afirmou: &#8220;A interven\u00e7\u00e3o judicial \u00e9 justific\u00e1vel em situa\u00e7\u00f5es de paralisia dos poderes pol\u00edticos ou viola\u00e7\u00f5es generalizadas dos direitos fundamentais. Ampliar argumentos relacionados ao endividamento excessivo e \u00e0 fraude em larga escala, embora possa fazer algum sentido pr\u00e1tico, reflete uma discord\u00e2ncia com a pol\u00edtica p\u00fablica, n\u00e3o uma clara inconstitucionalidade&#8221;.<\/p>\n\n\n\n<p>Nunes Marques destacou que a escolha legislativa de estabelecer as novas regulamenta\u00e7\u00f5es teve como objetivo &#8220;oferecer \u00e0s fam\u00edlias brasileiras, que enfrentavam dificuldades devido \u00e0 pandemia e ao aumento dos pre\u00e7os dos alimentos, uma op\u00e7\u00e3o de cr\u00e9dito acess\u00edvel, especialmente para quitar d\u00edvidas mais caras&#8221;.<\/p>\n\n\n\n<h2 class=\"wp-block-heading\">Quais os benef\u00edcios de um empr\u00e9stimo consignado?<\/h2>\n\n\n\n<p>Os empr\u00e9stimos consignados oferecem v\u00e1rios benef\u00edcios, especialmente para aqueles que t\u00eam acesso a essa modalidade de cr\u00e9dito. Alguns dos principais benef\u00edcios incluem:<\/p>\n\n\n\n<ul class=\"wp-block-list\">\n<li><strong>Taxas de juros mais baixas: <\/strong>Os empr\u00e9stimos consignados geralmente t\u00eam taxas de juros mais baixas em compara\u00e7\u00e3o com outras formas de cr\u00e9dito, como empr\u00e9stimos pessoais ou cart\u00f5es de cr\u00e9dito. Isso ocorre porque o pagamento das parcelas \u00e9 descontado diretamente do sal\u00e1rio ou benef\u00edcio, o que reduz o risco para os credores.<\/li>\n\n\n\n<li><strong>Facilidade de aprova\u00e7\u00e3o: <\/strong>Os empr\u00e9stimos consignados s\u00e3o mais f\u00e1ceis de aprovar, uma vez que a principal garantia \u00e9 a renda do mutu\u00e1rio. Isso torna essa modalidade de empr\u00e9stimo acess\u00edvel mesmo para pessoas com hist\u00f3rico de cr\u00e9dito menos favor\u00e1vel.<\/li>\n\n\n\n<li><strong>Pagamentos fixos: <\/strong>As parcelas dos empr\u00e9stimos consignados s\u00e3o fixas durante todo o per\u00edodo do empr\u00e9stimo. Isso facilita o planejamento financeiro, pois o mutu\u00e1rio sabe exatamente quanto pagar\u00e1 a cada m\u00eas.<\/li>\n\n\n\n<li><strong>Prazos estendidos:<\/strong> Os empr\u00e9stimos consignados costumam ter prazos de pagamento mais longos em compara\u00e7\u00e3o com outros tipos de empr\u00e9stimo. Isso pode reduzir o valor das parcelas mensais, tornando o empr\u00e9stimo mais acess\u00edvel.<\/li>\n\n\n\n<li><strong>Acesso a cr\u00e9dito mesmo com restri\u00e7\u00f5es:<\/strong> Pessoas com restri\u00e7\u00f5es de cr\u00e9dito ou hist\u00f3rico negativo ainda podem obter empr\u00e9stimos consignados, desde que tenham uma fonte de renda est\u00e1vel.<\/li>\n\n\n\n<li><strong>Desconto autom\u00e1tico: <\/strong>As parcelas do empr\u00e9stimo s\u00e3o descontadas diretamente da folha de pagamento ou do benef\u00edcio previdenci\u00e1rio, o que elimina a necessidade de lembrar-se de efetuar pagamentos mensais.<\/li>\n\n\n\n<li><strong>Uso flex\u00edvel dos fundos: <\/strong>Os recursos obtidos por meio de um empr\u00e9stimo consignado podem ser usados para diversas finalidades, como quitar d\u00edvidas, fazer investimentos, pagar despesas m\u00e9dicas, financiar estudos, entre outros.<\/li>\n<\/ul>\n\n\n\n<p>\u00c9 importante ressaltar que, apesar dos benef\u00edcios, os empr\u00e9stimos consignados tamb\u00e9m t\u00eam algumas limita\u00e7\u00f5es, como a necessidade de ter uma fonte de renda regular e a possibilidade de comprometer uma parte significativa da renda mensal. Portanto, antes de solicitar um empr\u00e9stimo consignado, \u00e9 fundamental avaliar cuidadosamente sua capacidade de pagamento e considerar se essa \u00e9 a melhor op\u00e7\u00e3o para atender \u00e0s suas necessidades financeiras.<\/p>\n\n\n\n<h2 class=\"wp-block-heading\">Como saber se tenho direito a empr\u00e9stimo consignado do aux\u00edlio Brasil?<\/h2>\n\n\n\n<p>O empr\u00e9stimo consignado do Aux\u00edlio Brasil (anteriormente conhecido como Bolsa Fam\u00edlia) \u00e9 uma modalidade espec\u00edfica de cr\u00e9dito consignado destinada aos benefici\u00e1rios desse programa social. Para saber se voc\u00ea tem direito a solicitar um empr\u00e9stimo consignado do Aux\u00edlio Brasil, siga os passos abaixo:<\/p>\n\n\n\n<h3 class=\"wp-block-heading\">Ser benefici\u00e1rio do Aux\u00edlio Brasil<\/h3>\n\n\n\n<p>Primeiro, voc\u00ea deve ser um benefici\u00e1rio do programa Aux\u00edlio Brasil. Isso significa que voc\u00ea deve estar inscrito no programa e receber os pagamentos regulares desse benef\u00edcio.<\/p>\n\n\n\n<h3 class=\"wp-block-heading\">Verificar a institui\u00e7\u00e3o financeira<\/h3>\n\n\n\n<p>Os empr\u00e9stimos consignados do Aux\u00edlio Brasil s\u00e3o geralmente oferecidos por institui\u00e7\u00f5es financeiras conveniadas com o governo. Verifique se a institui\u00e7\u00e3o financeira com a qual voc\u00ea pretende solicitar o empr\u00e9stimo possui essa op\u00e7\u00e3o dispon\u00edvel.<\/p>\n\n\n\n<h3 class=\"wp-block-heading\">Consultar as condi\u00e7\u00f5es<\/h3>\n\n\n\n<p>Cada institui\u00e7\u00e3o financeira pode ter suas pr\u00f3prias condi\u00e7\u00f5es para oferecer empr\u00e9stimos consignados do Aux\u00edlio Brasil. Portanto, entre em contato com a institui\u00e7\u00e3o financeira de sua escolha para obter informa\u00e7\u00f5es detalhadas sobre os requisitos, taxas de juros, prazos de pagamento e limites de cr\u00e9dito.<\/p>\n\n\n\n<h3 class=\"wp-block-heading\">Documenta\u00e7\u00e3o necess\u00e1ria<\/h3>\n\n\n\n<p>Esteja preparado para apresentar a documenta\u00e7\u00e3o exigida pela institui\u00e7\u00e3o financeira. Isso pode incluir documentos de identifica\u00e7\u00e3o, comprovante de renda (nesse caso, o pr\u00f3prio Aux\u00edlio Brasil), comprovante de resid\u00eancia e outros documentos relevantes.<\/p>\n\n\n\n<h3 class=\"wp-block-heading\">Verificar a margem consign\u00e1vel<\/h3>\n\n\n\n<p>Antes de solicitar o empr\u00e9stimo consignado, verifique se voc\u00ea possui margem consign\u00e1vel dispon\u00edvel. A margem consign\u00e1vel \u00e9 a porcentagem da sua renda que pode ser comprometida com o pagamento das parcelas do empr\u00e9stimo. Ela \u00e9 regulamentada por lei e pode variar de acordo com o tipo de benefici\u00e1rio e a institui\u00e7\u00e3o financeira. Certifique-se de que o valor das parcelas do empr\u00e9stimo n\u00e3o exceda sua margem consign\u00e1vel.<\/p>\n\n\n\n<h3 class=\"wp-block-heading\">Negociar com cuidado<\/h3>\n\n\n\n<p>Ao considerar um empr\u00e9stimo consignado do Aux\u00edlio Brasil, avalie cuidadosamente sua capacidade de pagamento e as condi\u00e7\u00f5es oferecidas pela institui\u00e7\u00e3o financeira. Lembre-se de que o empr\u00e9stimo ser\u00e1 deduzido automaticamente do seu benef\u00edcio, e voc\u00ea precisa ter certeza de que poder\u00e1 arcar com essa despesa.<\/p>\n\n\n\n<h3 class=\"wp-block-heading\">Proteger-se contra golpes<\/h3>\n\n\n\n<p>Esteja ciente de poss\u00edveis golpes relacionados a empr\u00e9stimos consignados. Certifique-se de lidar apenas com institui\u00e7\u00f5es financeiras leg\u00edtimas e evite compartilhar informa\u00e7\u00f5es pessoais e financeiras com terceiros n\u00e3o confi\u00e1veis.<\/p>\n\n\n\n<p><strong>Veja tamb\u00e9m: <a href=\"https:\/\/www.vagadeempregorj.com.br\/ar\/programa-desenrola-brasil-saiba-como-limpar-seu-nome-com-este-beneficio\/\">Programa Desenrola Brasil: Saiba como limpar seu nome com este benef\u00edcio<\/a><\/strong><\/p>\n\n\n\n<p>12 de setembro de 2023<\/p>","protected":false},"excerpt":{"rendered":"<p>O Supremo Tribunal Federal (STF) deliberou, de forma un\u00e2nime, pela valida\u00e7\u00e3o da libera\u00e7\u00e3o de empr\u00e9stimos consignados para benefici\u00e1rios de programas sociais. O julgamento ocorreu no plen\u00e1rio virtual, um formato no qual n\u00e3o ocorre debate e os ministros registram seus votos em um sistema eletr\u00f4nico. A a\u00e7\u00e3o legal foi apresentada pelo partido PDT em oposi\u00e7\u00e3o \u00e0s&hellip;&nbsp;<\/p>","protected":false},"author":16,"featured_media":38968,"comment_status":"closed","ping_status":"closed","sticky":false,"template":"","format":"standard","meta":{"neve_meta_sidebar":"","neve_meta_container":"","neve_meta_enable_content_width":"","neve_meta_content_width":0,"neve_meta_title_alignment":"","neve_meta_author_avatar":"","neve_post_elements_order":"","neve_meta_disable_header":"","neve_meta_disable_footer":"","neve_meta_disable_title":"","footnotes":""},"categories":[1],"tags":[814,820],"class_list":["post-38967","post","type-post","status-publish","format-standard","has-post-thumbnail","hentry","category-beneficios-sociais","tag-beneficio-social","tag-emprestimo-consignado"],"yoast_head":"<!-- This site is optimized with the Yoast SEO plugin v27.5 - https:\/\/yoast.com\/product\/yoast-seo-wordpress\/ -->\n<title>Empr\u00e9stimo consignado est\u00e1 liberado para quem recebe benef\u00edcio social -<\/title>\n<meta name=\"description\" content=\"Veja em Vagas de Emprego RJ as vagas de emprego com e sem experi\u00eancia no seu Estado e Regi\u00e3o!\" \/>\n<meta name=\"robots\" content=\"index, follow, max-snippet:-1, max-image-preview:large, max-video-preview:-1\" \/>\n<link rel=\"canonical\" href=\"https:\/\/www.vagadeempregorj.com.br\/ar\/emprestimo-consignado-esta-liberado-para-quem-recebe-beneficio-social\/\" \/>\n<meta property=\"og:locale\" content=\"ar_AR\" \/>\n<meta property=\"og:type\" content=\"article\" \/>\n<meta property=\"og:title\" content=\"Empr\u00e9stimo consignado est\u00e1 liberado para quem recebe benef\u00edcio social -\" \/>\n<meta property=\"og:description\" content=\"Veja em Vagas de Emprego RJ as vagas de emprego com e sem experi\u00eancia no seu Estado e Regi\u00e3o!\" \/>\n<meta property=\"og:url\" content=\"https:\/\/www.vagadeempregorj.com.br\/ar\/emprestimo-consignado-esta-liberado-para-quem-recebe-beneficio-social\/\" \/>\n<meta property=\"article:publisher\" content=\"https:\/\/www.facebook.com\/empregobrasiloficial\" \/>\n<meta property=\"article:published_time\" content=\"2023-09-12T23:33:40+00:00\" \/>\n<meta property=\"article:modified_time\" content=\"2023-09-12T23:33:42+00:00\" \/>\n<meta property=\"og:image\" content=\"https:\/\/www.vagadeempregorj.com.br\/wp-content\/uploads\/2023\/09\/image.png\" \/>\n\t<meta property=\"og:image:width\" content=\"876\" \/>\n\t<meta property=\"og:image:height\" content=\"484\" \/>\n\t<meta property=\"og:image:type\" content=\"image\/png\" \/>\n<meta name=\"author\" content=\"Michele\" \/>\n<meta name=\"twitter:card\" content=\"summary_large_image\" \/>\n<meta name=\"twitter:label1\" content=\"Written by\" \/>\n\t<meta name=\"twitter:data1\" content=\"Michele\" \/>\n\t<meta name=\"twitter:label2\" content=\"Est. reading time\" \/>\n\t<meta name=\"twitter:data2\" content=\"6 \u062f\u0642\u0627\u0626\u0642\" \/>\n<script type=\"application\/ld+json\" class=\"yoast-schema-graph\">{\"@context\":\"https:\\\/\\\/schema.org\",\"@graph\":[{\"@type\":\"Article\",\"@id\":\"https:\\\/\\\/www.vagadeempregorj.com.br\\\/emprestimo-consignado-esta-liberado-para-quem-recebe-beneficio-social\\\/#article\",\"isPartOf\":{\"@id\":\"https:\\\/\\\/www.vagadeempregorj.com.br\\\/emprestimo-consignado-esta-liberado-para-quem-recebe-beneficio-social\\\/\"},\"author\":{\"name\":\"Michele\",\"@id\":\"https:\\\/\\\/www.vagadeempregorj.com.br\\\/#\\\/schema\\\/person\\\/3ddb19fa0539706786e502152f3aae95\"},\"headline\":\"Empr\u00e9stimo consignado est\u00e1 liberado para quem recebe benef\u00edcio social\",\"datePublished\":\"2023-09-12T23:33:40+00:00\",\"dateModified\":\"2023-09-12T23:33:42+00:00\",\"mainEntityOfPage\":{\"@id\":\"https:\\\/\\\/www.vagadeempregorj.com.br\\\/emprestimo-consignado-esta-liberado-para-quem-recebe-beneficio-social\\\/\"},\"wordCount\":1239,\"image\":{\"@id\":\"https:\\\/\\\/www.vagadeempregorj.com.br\\\/emprestimo-consignado-esta-liberado-para-quem-recebe-beneficio-social\\\/#primaryimage\"},\"thumbnailUrl\":\"https:\\\/\\\/www.vagadeempregorj.com.br\\\/wp-content\\\/uploads\\\/2023\\\/09\\\/image.png\",\"keywords\":[\"benef\u00edcio social\",\"empr\u00e9stimo consignado\"],\"articleSection\":[\"Benef\u00edcios Sociais\"],\"inLanguage\":\"ar\"},{\"@type\":\"WebPage\",\"@id\":\"https:\\\/\\\/www.vagadeempregorj.com.br\\\/emprestimo-consignado-esta-liberado-para-quem-recebe-beneficio-social\\\/\",\"url\":\"https:\\\/\\\/www.vagadeempregorj.com.br\\\/emprestimo-consignado-esta-liberado-para-quem-recebe-beneficio-social\\\/\",\"name\":\"Empr\u00e9stimo consignado est\u00e1 liberado para quem recebe benef\u00edcio social -\",\"isPartOf\":{\"@id\":\"https:\\\/\\\/www.vagadeempregorj.com.br\\\/#website\"},\"primaryImageOfPage\":{\"@id\":\"https:\\\/\\\/www.vagadeempregorj.com.br\\\/emprestimo-consignado-esta-liberado-para-quem-recebe-beneficio-social\\\/#primaryimage\"},\"image\":{\"@id\":\"https:\\\/\\\/www.vagadeempregorj.com.br\\\/emprestimo-consignado-esta-liberado-para-quem-recebe-beneficio-social\\\/#primaryimage\"},\"thumbnailUrl\":\"https:\\\/\\\/www.vagadeempregorj.com.br\\\/wp-content\\\/uploads\\\/2023\\\/09\\\/image.png\",\"datePublished\":\"2023-09-12T23:33:40+00:00\",\"dateModified\":\"2023-09-12T23:33:42+00:00\",\"author\":{\"@id\":\"https:\\\/\\\/www.vagadeempregorj.com.br\\\/#\\\/schema\\\/person\\\/3ddb19fa0539706786e502152f3aae95\"},\"description\":\"Veja em Vagas de Emprego RJ as vagas de emprego com e sem experi\u00eancia no seu Estado e Regi\u00e3o!\",\"breadcrumb\":{\"@id\":\"https:\\\/\\\/www.vagadeempregorj.com.br\\\/emprestimo-consignado-esta-liberado-para-quem-recebe-beneficio-social\\\/#breadcrumb\"},\"inLanguage\":\"ar\",\"potentialAction\":[{\"@type\":\"ReadAction\",\"target\":[\"https:\\\/\\\/www.vagadeempregorj.com.br\\\/emprestimo-consignado-esta-liberado-para-quem-recebe-beneficio-social\\\/\"]}]},{\"@type\":\"ImageObject\",\"inLanguage\":\"ar\",\"@id\":\"https:\\\/\\\/www.vagadeempregorj.com.br\\\/emprestimo-consignado-esta-liberado-para-quem-recebe-beneficio-social\\\/#primaryimage\",\"url\":\"https:\\\/\\\/www.vagadeempregorj.com.br\\\/wp-content\\\/uploads\\\/2023\\\/09\\\/image.png\",\"contentUrl\":\"https:\\\/\\\/www.vagadeempregorj.com.br\\\/wp-content\\\/uploads\\\/2023\\\/09\\\/image.png\",\"width\":876,\"height\":484,\"caption\":\"empr\u00e9stimo consignado benef\u00edcio social\"},{\"@type\":\"BreadcrumbList\",\"@id\":\"https:\\\/\\\/www.vagadeempregorj.com.br\\\/emprestimo-consignado-esta-liberado-para-quem-recebe-beneficio-social\\\/#breadcrumb\",\"itemListElement\":[{\"@type\":\"ListItem\",\"position\":1,\"name\":\"In\u00edcio\",\"item\":\"https:\\\/\\\/www.vagadeempregorj.com.br\\\/\"},{\"@type\":\"ListItem\",\"position\":2,\"name\":\"Benef\u00edcios Sociais\",\"item\":\"https:\\\/\\\/www.vagadeempregorj.com.br\\\/beneficios-sociais\\\/\"},{\"@type\":\"ListItem\",\"position\":3,\"name\":\"Empr\u00e9stimo consignado est\u00e1 liberado para quem recebe benef\u00edcio social\"}]},{\"@type\":\"WebSite\",\"@id\":\"https:\\\/\\\/www.vagadeempregorj.com.br\\\/#website\",\"url\":\"https:\\\/\\\/www.vagadeempregorj.com.br\\\/\",\"name\":\"\",\"description\":\"Conquiste Sonhos: Vagas, Benef\u00edcios e Economia para Transformar Vidas e Alcan\u00e7ar Melhorias Cotidianas\",\"potentialAction\":[{\"@type\":\"SearchAction\",\"target\":{\"@type\":\"EntryPoint\",\"urlTemplate\":\"https:\\\/\\\/www.vagadeempregorj.com.br\\\/?s={search_term_string}\"},\"query-input\":{\"@type\":\"PropertyValueSpecification\",\"valueRequired\":true,\"valueName\":\"search_term_string\"}}],\"inLanguage\":\"ar\"},{\"@type\":\"Person\",\"@id\":\"https:\\\/\\\/www.vagadeempregorj.com.br\\\/#\\\/schema\\\/person\\\/3ddb19fa0539706786e502152f3aae95\",\"name\":\"Michele\",\"image\":{\"@type\":\"ImageObject\",\"inLanguage\":\"ar\",\"@id\":\"https:\\\/\\\/secure.gravatar.com\\\/avatar\\\/6b0eb9d22841282815e2cd856a0061c45e1761cd54b22e952d98c4746939aa85?s=96&r=g\",\"url\":\"https:\\\/\\\/secure.gravatar.com\\\/avatar\\\/6b0eb9d22841282815e2cd856a0061c45e1761cd54b22e952d98c4746939aa85?s=96&r=g\",\"contentUrl\":\"https:\\\/\\\/secure.gravatar.com\\\/avatar\\\/6b0eb9d22841282815e2cd856a0061c45e1761cd54b22e952d98c4746939aa85?s=96&r=g\",\"caption\":\"Michele\"},\"description\":\"Formada em Letras - Portugu\u00eas\\\/ Ingl\u00eas, e idealizadora do site Escritora de Sucesso, busca expandir o conhecimento de todos com informa\u00e7\u00f5es relevantes sobre diversos assuntos, enquanto redatora. No Vaga de Emprego RJ, traz oportunidades e dicas sobre o mercado de trabalho.\",\"url\":\"https:\\\/\\\/www.vagadeempregorj.com.br\\\/ar\\\/author\\\/michele\\\/\"}]}<\/script>\n<!-- \/ Yoast SEO plugin. -->","yoast_head_json":{"title":"Empr\u00e9stimo consignado est\u00e1 liberado para quem recebe benef\u00edcio social -","description":"Veja em Vagas de Emprego RJ as vagas de emprego com e sem experi\u00eancia no seu Estado e Regi\u00e3o!","robots":{"index":"index","follow":"follow","max-snippet":"max-snippet:-1","max-image-preview":"max-image-preview:large","max-video-preview":"max-video-preview:-1"},"canonical":"https:\/\/www.vagadeempregorj.com.br\/ar\/emprestimo-consignado-esta-liberado-para-quem-recebe-beneficio-social\/","og_locale":"ar_AR","og_type":"article","og_title":"Empr\u00e9stimo consignado est\u00e1 liberado para quem recebe benef\u00edcio social -","og_description":"Veja em Vagas de Emprego RJ as vagas de emprego com e sem experi\u00eancia no seu Estado e Regi\u00e3o!","og_url":"https:\/\/www.vagadeempregorj.com.br\/ar\/emprestimo-consignado-esta-liberado-para-quem-recebe-beneficio-social\/","article_publisher":"https:\/\/www.facebook.com\/empregobrasiloficial","article_published_time":"2023-09-12T23:33:40+00:00","article_modified_time":"2023-09-12T23:33:42+00:00","og_image":[{"width":876,"height":484,"url":"https:\/\/www.vagadeempregorj.com.br\/wp-content\/uploads\/2023\/09\/image.png","type":"image\/png"}],"author":"Michele","twitter_card":"summary_large_image","twitter_misc":{"Written by":"Michele","Est. reading time":"6 \u062f\u0642\u0627\u0626\u0642"},"schema":{"@context":"https:\/\/schema.org","@graph":[{"@type":"Article","@id":"https:\/\/www.vagadeempregorj.com.br\/emprestimo-consignado-esta-liberado-para-quem-recebe-beneficio-social\/#article","isPartOf":{"@id":"https:\/\/www.vagadeempregorj.com.br\/emprestimo-consignado-esta-liberado-para-quem-recebe-beneficio-social\/"},"author":{"name":"Michele","@id":"https:\/\/www.vagadeempregorj.com.br\/#\/schema\/person\/3ddb19fa0539706786e502152f3aae95"},"headline":"Empr\u00e9stimo consignado est\u00e1 liberado para quem recebe benef\u00edcio social","datePublished":"2023-09-12T23:33:40+00:00","dateModified":"2023-09-12T23:33:42+00:00","mainEntityOfPage":{"@id":"https:\/\/www.vagadeempregorj.com.br\/emprestimo-consignado-esta-liberado-para-quem-recebe-beneficio-social\/"},"wordCount":1239,"image":{"@id":"https:\/\/www.vagadeempregorj.com.br\/emprestimo-consignado-esta-liberado-para-quem-recebe-beneficio-social\/#primaryimage"},"thumbnailUrl":"https:\/\/www.vagadeempregorj.com.br\/wp-content\/uploads\/2023\/09\/image.png","keywords":["benef\u00edcio social","empr\u00e9stimo consignado"],"articleSection":["Benef\u00edcios Sociais"],"inLanguage":"ar"},{"@type":"WebPage","@id":"https:\/\/www.vagadeempregorj.com.br\/emprestimo-consignado-esta-liberado-para-quem-recebe-beneficio-social\/","url":"https:\/\/www.vagadeempregorj.com.br\/emprestimo-consignado-esta-liberado-para-quem-recebe-beneficio-social\/","name":"Empr\u00e9stimo consignado est\u00e1 liberado para quem recebe benef\u00edcio social -","isPartOf":{"@id":"https:\/\/www.vagadeempregorj.com.br\/#website"},"primaryImageOfPage":{"@id":"https:\/\/www.vagadeempregorj.com.br\/emprestimo-consignado-esta-liberado-para-quem-recebe-beneficio-social\/#primaryimage"},"image":{"@id":"https:\/\/www.vagadeempregorj.com.br\/emprestimo-consignado-esta-liberado-para-quem-recebe-beneficio-social\/#primaryimage"},"thumbnailUrl":"https:\/\/www.vagadeempregorj.com.br\/wp-content\/uploads\/2023\/09\/image.png","datePublished":"2023-09-12T23:33:40+00:00","dateModified":"2023-09-12T23:33:42+00:00","author":{"@id":"https:\/\/www.vagadeempregorj.com.br\/#\/schema\/person\/3ddb19fa0539706786e502152f3aae95"},"description":"Veja em Vagas de Emprego RJ as vagas de emprego com e sem experi\u00eancia no seu Estado e Regi\u00e3o!","breadcrumb":{"@id":"https:\/\/www.vagadeempregorj.com.br\/emprestimo-consignado-esta-liberado-para-quem-recebe-beneficio-social\/#breadcrumb"},"inLanguage":"ar","potentialAction":[{"@type":"ReadAction","target":["https:\/\/www.vagadeempregorj.com.br\/emprestimo-consignado-esta-liberado-para-quem-recebe-beneficio-social\/"]}]},{"@type":"ImageObject","inLanguage":"ar","@id":"https:\/\/www.vagadeempregorj.com.br\/emprestimo-consignado-esta-liberado-para-quem-recebe-beneficio-social\/#primaryimage","url":"https:\/\/www.vagadeempregorj.com.br\/wp-content\/uploads\/2023\/09\/image.png","contentUrl":"https:\/\/www.vagadeempregorj.com.br\/wp-content\/uploads\/2023\/09\/image.png","width":876,"height":484,"caption":"empr\u00e9stimo consignado benef\u00edcio social"},{"@type":"BreadcrumbList","@id":"https:\/\/www.vagadeempregorj.com.br\/emprestimo-consignado-esta-liberado-para-quem-recebe-beneficio-social\/#breadcrumb","itemListElement":[{"@type":"ListItem","position":1,"name":"In\u00edcio","item":"https:\/\/www.vagadeempregorj.com.br\/"},{"@type":"ListItem","position":2,"name":"Benef\u00edcios Sociais","item":"https:\/\/www.vagadeempregorj.com.br\/beneficios-sociais\/"},{"@type":"ListItem","position":3,"name":"Empr\u00e9stimo consignado est\u00e1 liberado para quem recebe benef\u00edcio social"}]},{"@type":"WebSite","@id":"https:\/\/www.vagadeempregorj.com.br\/#website","url":"https:\/\/www.vagadeempregorj.com.br\/","name":"","description":"Conquiste Sonhos: Vagas, Benef\u00edcios e Economia para Transformar Vidas e Alcan\u00e7ar Melhorias Cotidianas","potentialAction":[{"@type":"SearchAction","target":{"@type":"EntryPoint","urlTemplate":"https:\/\/www.vagadeempregorj.com.br\/?s={search_term_string}"},"query-input":{"@type":"PropertyValueSpecification","valueRequired":true,"valueName":"search_term_string"}}],"inLanguage":"ar"},{"@type":"Person","@id":"https:\/\/www.vagadeempregorj.com.br\/#\/schema\/person\/3ddb19fa0539706786e502152f3aae95","name":"Michele","image":{"@type":"ImageObject","inLanguage":"ar","@id":"https:\/\/secure.gravatar.com\/avatar\/6b0eb9d22841282815e2cd856a0061c45e1761cd54b22e952d98c4746939aa85?s=96&r=g","url":"https:\/\/secure.gravatar.com\/avatar\/6b0eb9d22841282815e2cd856a0061c45e1761cd54b22e952d98c4746939aa85?s=96&r=g","contentUrl":"https:\/\/secure.gravatar.com\/avatar\/6b0eb9d22841282815e2cd856a0061c45e1761cd54b22e952d98c4746939aa85?s=96&r=g","caption":"Michele"},"description":"Formada em Letras - Portugu\u00eas\/ Ingl\u00eas, e idealizadora do site Escritora de Sucesso, busca expandir o conhecimento de todos com informa\u00e7\u00f5es relevantes sobre diversos assuntos, enquanto redatora. No Vaga de Emprego RJ, traz oportunidades e dicas sobre o mercado de trabalho.","url":"https:\/\/www.vagadeempregorj.com.br\/ar\/author\/michele\/"}]}},"_links":{"self":[{"href":"https:\/\/www.vagadeempregorj.com.br\/ar\/wp-json\/wp\/v2\/posts\/38967","targetHints":{"allow":["GET"]}}],"collection":[{"href":"https:\/\/www.vagadeempregorj.com.br\/ar\/wp-json\/wp\/v2\/posts"}],"about":[{"href":"https:\/\/www.vagadeempregorj.com.br\/ar\/wp-json\/wp\/v2\/types\/post"}],"author":[{"embeddable":true,"href":"https:\/\/www.vagadeempregorj.com.br\/ar\/wp-json\/wp\/v2\/users\/16"}],"replies":[{"embeddable":true,"href":"https:\/\/www.vagadeempregorj.com.br\/ar\/wp-json\/wp\/v2\/comments?post=38967"}],"version-history":[{"count":0,"href":"https:\/\/www.vagadeempregorj.com.br\/ar\/wp-json\/wp\/v2\/posts\/38967\/revisions"}],"wp:featuredmedia":[{"embeddable":true,"href":"https:\/\/www.vagadeempregorj.com.br\/ar\/wp-json\/wp\/v2\/media\/38968"}],"wp:attachment":[{"href":"https:\/\/www.vagadeempregorj.com.br\/ar\/wp-json\/wp\/v2\/media?parent=38967"}],"wp:term":[{"taxonomy":"category","embeddable":true,"href":"https:\/\/www.vagadeempregorj.com.br\/ar\/wp-json\/wp\/v2\/categories?post=38967"},{"taxonomy":"post_tag","embeddable":true,"href":"https:\/\/www.vagadeempregorj.com.br\/ar\/wp-json\/wp\/v2\/tags?post=38967"}],"curies":[{"name":"wp","href":"https:\/\/api.w.org\/{rel}","templated":true}]}}