{"id":39032,"date":"2023-09-26T00:01:00","date_gmt":"2023-09-26T03:01:00","guid":{"rendered":"https:\/\/www.vagadeempregorj.com.br\/?p=39032"},"modified":"2023-09-23T18:08:47","modified_gmt":"2023-09-23T21:08:47","slug":"como-ver-se-eu-tenho-cadunico-entenda-o-passo-a-passo","status":"publish","type":"post","link":"https:\/\/www.vagadeempregorj.com.br\/ar\/como-ver-se-eu-tenho-cadunico-entenda-o-passo-a-passo\/","title":{"rendered":"Como ver se eu tenho Cad\u00danico? Entenda o passo-a-passo"},"content":{"rendered":"<p>O <strong>Cadastro \u00danico para Programas Sociais do Governo Federal<\/strong>, mais conhecido como Cad\u00danico, \u00e9 um instrumento fundamental para a identifica\u00e7\u00e3o e sele\u00e7\u00e3o de fam\u00edlias de baixa renda que t\u00eam direito a diversos programas sociais no Brasil. Esses programas incluem o Bolsa Fam\u00edlia, o Benef\u00edcio de Presta\u00e7\u00e3o Continuada (BPC), entre outros. Se voc\u00ea est\u00e1 em d\u00favida sobre se est\u00e1 cadastrado no Cad\u00danico ou deseja saber como verificar sua situa\u00e7\u00e3o, este artigo \u00e9 para voc\u00ea. Vamos explicar o passo-a-passo para que voc\u00ea possa verificar se est\u00e1 inscrito no Cadastro \u00danico.<\/p>\n\n\n\n<h2 class=\"wp-block-heading\">O que \u00e9 o Cadastro \u00danico?<\/h2>\n\n\n\n<p>Antes de explorarmos como verificar sua situa\u00e7\u00e3o no Cadastro \u00danico, \u00e9 importante entender o que \u00e9 esse cadastro e qual o seu prop\u00f3sito.<\/p>\n\n\n\n<p>O Cadastro \u00danico \u00e9 um registro que re\u00fane informa\u00e7\u00f5es socioecon\u00f4micas das fam\u00edlias brasileiras de baixa renda. Essas informa\u00e7\u00f5es s\u00e3o utilizadas pelo governo federal, estadual e municipal para a sele\u00e7\u00e3o de benefici\u00e1rios de diversos programas sociais e para o planejamento de pol\u00edticas p\u00fablicas. Dessa forma, o Cad\u00danico \u00e9 uma ferramenta crucial para a inclus\u00e3o social e o combate \u00e0 pobreza no pa\u00eds.<\/p>\n\n\n\n<figure class=\"wp-block-image size-full\"><img loading=\"lazy\" decoding=\"async\" width=\"696\" height=\"464\" src=\"https:\/\/www.vagadeempregorj.com.br\/wp-content\/uploads\/2023\/09\/image-9.png\" alt=\"\" class=\"wp-image-39034\" srcset=\"https:\/\/www.vagadeempregorj.com.br\/wp-content\/uploads\/2023\/09\/image-9.png 696w, https:\/\/www.vagadeempregorj.com.br\/wp-content\/uploads\/2023\/09\/image-9-300x200.png 300w, https:\/\/www.vagadeempregorj.com.br\/wp-content\/uploads\/2023\/09\/image-9-150x100.png 150w\" sizes=\"auto, (max-width: 696px) 100vw, 696px\" \/><\/figure>\n\n\n\n<h2 class=\"wp-block-heading\">Passo-a-passo para verificar se voc\u00ea tem Cad\u00danico<\/h2>\n\n\n\n<p>Agora que voc\u00ea compreende a import\u00e2ncia do Cadastro \u00danico, vamos ao passo-a-passo para verificar se voc\u00ea est\u00e1 cadastrado:<\/p>\n\n\n\n<h3 class=\"wp-block-heading\">Passo 1: Acesse o site oficial<\/h3>\n\n\n\n<p>Para iniciar o processo de verifica\u00e7\u00e3o, acesse o site oficial do Cadastro \u00danico. Voc\u00ea pode fazer isso por meio de um navegador de internet em seu computador ou dispositivo m\u00f3vel.<\/p>\n\n\n\n<h3 class=\"wp-block-heading\">Passo 2: Escolha a op\u00e7\u00e3o de consulta<\/h3>\n\n\n\n<p>No site, voc\u00ea encontrar\u00e1 diversas op\u00e7\u00f5es relacionadas ao Cadastro \u00danico. Procure pela op\u00e7\u00e3o de consulta de informa\u00e7\u00f5es. Essa op\u00e7\u00e3o pode estar destacada na p\u00e1gina inicial ou estar localizada em algum menu espec\u00edfico. Clique nela para prosseguir.<\/p>\n\n\n\n<h3 class=\"wp-block-heading\">Passo 3: Informe seus dados<\/h3>\n\n\n\n<p>Ao selecionar a op\u00e7\u00e3o de consulta, voc\u00ea ser\u00e1 direcionado para uma p\u00e1gina onde dever\u00e1 informar seus dados pessoais. Normalmente, o sistema solicitar\u00e1 seu nome completo, data de nascimento, nome da m\u00e3e e n\u00famero do CPF. Preencha esses campos com precis\u00e3o.<\/p>\n\n\n\n<h3 class=\"wp-block-heading\">Passo 4: Responda \u00e0s perguntas<\/h3>\n\n\n\n<p>Ap\u00f3s inserir seus dados, o sistema pode apresentar algumas perguntas adicionais para confirmar sua identidade. Essas perguntas podem variar e geralmente se relacionam com informa\u00e7\u00f5es pessoais e familiares. Responda-as com sinceridade.<\/p>\n\n\n\n<h3 class=\"wp-block-heading\">Passo 5: Verifique o resultado<\/h3>\n\n\n\n<p>Ap\u00f3s fornecer seus dados e responder \u00e0s perguntas, o sistema fornecer\u00e1 o resultado da consulta. Existem tr\u00eas resultados poss\u00edveis:<\/p>\n\n\n\n<ul class=\"wp-block-list\">\n<li>Cadastro Encontrado: Isso significa que voc\u00ea est\u00e1 cadastrado no Cad\u00danico, e o sistema fornecer\u00e1 informa\u00e7\u00f5es sobre sua situa\u00e7\u00e3o cadastral, como data da \u00faltima atualiza\u00e7\u00e3o, renda familiar e programas sociais aos quais voc\u00ea est\u00e1 vinculado.<\/li>\n\n\n\n<li>Cadastro N\u00e3o Encontrado: Se o sistema informar que seu cadastro n\u00e3o foi encontrado, isso significa que voc\u00ea n\u00e3o est\u00e1 registrado no Cadastro \u00danico. Nesse caso, voc\u00ea pode considerar fazer o cadastro, se atender aos crit\u00e9rios de renda estabelecidos.<\/li>\n\n\n\n<li>Cadastro Desatualizado: Em alguns casos, o sistema pode informar que seu cadastro est\u00e1 desatualizado. Isso significa que suas informa\u00e7\u00f5es precisam ser atualizadas. Voc\u00ea receber\u00e1 orienta\u00e7\u00f5es sobre como proceder nesse caso.<\/li>\n<\/ul>\n\n\n\n<h3 class=\"wp-block-heading\">Passo 6: Atualize seu cadastro (se necess\u00e1rio)<\/h3>\n\n\n\n<p>Se o resultado da consulta indicar que seu cadastro est\u00e1 desatualizado ou se voc\u00ea n\u00e3o estiver cadastrado e desejar faz\u00ea-lo, siga as instru\u00e7\u00f5es fornecidas pelo sistema para atualizar ou realizar o cadastro.<\/p>\n\n\n\n<h2 class=\"wp-block-heading\">Dicas adicionais<\/h2>\n\n\n\n<p>Lembre-se de que o Cadastro \u00danico deve ser feito presencialmente em um Centro de Refer\u00eancia de Assist\u00eancia Social (CRAS) ou em um posto de atendimento do Cad\u00danico. O processo de consulta online serve apenas para verificar sua situa\u00e7\u00e3o atual.<\/p>\n\n\n\n<p>Mantenha suas informa\u00e7\u00f5es sempre atualizadas no Cad\u00danico, pois isso pode impactar sua elegibilidade para programas sociais.<\/p>\n\n\n\n<p>Caso enfrente dificuldades durante o processo de consulta online, voc\u00ea pode entrar em contato com a central de atendimento do Cadastro \u00danico para obter suporte.<\/p>\n\n\n\n<p>Esteja ciente de que, mesmo se voc\u00ea estiver cadastrado no Cadastro \u00danico, isso n\u00e3o garante automaticamente o acesso a todos os programas sociais. A sele\u00e7\u00e3o para cada programa depende de crit\u00e9rios espec\u00edficos estabelecidos pelo governo.<\/p>\n\n\n\n<h2 class=\"wp-block-heading\">Cadastro \u00danico e suas vantagens<\/h2>\n\n\n\n<p>O Cadastro \u00danico para Programas Sociais, popularmente conhecido como Cad\u00danico, \u00e9 um instrumento fundamental para a identifica\u00e7\u00e3o e sele\u00e7\u00e3o de fam\u00edlias de baixa renda que t\u00eam direito a diversas vantagens e benef\u00edcios sociais no Brasil. Este sistema de cadastro tem sido uma ferramenta eficaz no combate \u00e0 pobreza e na promo\u00e7\u00e3o da inclus\u00e3o social. Neste artigo, exploraremos algumas das principais vantagens associadas ao Cad\u00danico.<\/p>\n\n\n\n<h3 class=\"wp-block-heading\">1. Acesso a Programas Sociais<\/h3>\n\n\n\n<p>Uma das vantagens mais significativas do Cadastro \u00danico \u00e9 o acesso a uma s\u00e9rie de programas sociais governamentais. Isso inclui o Bolsa Fam\u00edlia, o maior programa de transfer\u00eancia de renda do pa\u00eds, que oferece aux\u00edlio financeiro mensal \u00e0s fam\u00edlias de baixa renda, desde que atendam aos crit\u00e9rios estabelecidos. Al\u00e9m disso, o Cad\u00danico tamb\u00e9m \u00e9 utilizado como crit\u00e9rio de sele\u00e7\u00e3o para outros programas, como o Benef\u00edcio de Presta\u00e7\u00e3o Continuada (BPC), que beneficia idosos e pessoas com defici\u00eancia em situa\u00e7\u00e3o de vulnerabilidade.<\/p>\n\n\n\n<h3 class=\"wp-block-heading\">2. Descontos em Tarifas P\u00fablicas<\/h3>\n\n\n\n<p>Fam\u00edlias cadastradas no Cad\u00danico podem obter descontos em tarifas p\u00fablicas, como energia el\u00e9trica e tarifas de \u00e1gua e esgoto, por meio do Programa Tarifa Social de Energia El\u00e9trica e do Programa de Tarifa Social de \u00c1gua. Esses descontos ajudam a aliviar a carga financeira das fam\u00edlias de baixa renda e contribuem para o acesso a servi\u00e7os essenciais.<\/p>\n\n\n\n<h3 class=\"wp-block-heading\">3. Isen\u00e7\u00e3o de Taxas em Concursos P\u00fablicos<\/h3>\n\n\n\n<p>Outra vantagem importante \u00e9 a isen\u00e7\u00e3o de taxas de inscri\u00e7\u00e3o em concursos p\u00fablicos federais, estaduais e municipais. Isso permite que pessoas de baixa renda tenham igualdade de oportunidades no acesso a empregos p\u00fablicos e na busca por melhores condi\u00e7\u00f5es de vida.<\/p>\n\n\n\n<h3 class=\"wp-block-heading\">4. Acesso a Cursos de Qualifica\u00e7\u00e3o<\/h3>\n\n\n\n<p>O Cadastro \u00danico tamb\u00e9m pode ser utilizado como crit\u00e9rio de sele\u00e7\u00e3o para programas de qualifica\u00e7\u00e3o profissional e cursos de capacita\u00e7\u00e3o oferecidos por institui\u00e7\u00f5es governamentais e organiza\u00e7\u00f5es parceiras. Isso possibilita o desenvolvimento de habilidades e a melhoria das perspectivas de emprego para os benefici\u00e1rios.<\/p>\n\n\n\n<h3 class=\"wp-block-heading\">5. Programa Minha Casa Minha Vida<\/h3>\n\n\n\n<p>O Cad\u00danico \u00e9 um dos requisitos para participa\u00e7\u00e3o no Programa Minha Casa Minha Vida, que oferece financiamento facilitado e subs\u00eddios para a aquisi\u00e7\u00e3o da casa pr\u00f3pria. Ter um lar digno \u00e9 um objetivo fundamental para muitas fam\u00edlias, e o Cadastro \u00danico abre portas para a realiza\u00e7\u00e3o desse sonho.<\/p>\n\n\n\n<h3 class=\"wp-block-heading\">6. Identifica\u00e7\u00e3o de Necessidades<\/h3>\n\n\n\n<p>Al\u00e9m das vantagens diretas, o Cadastro \u00danico tamb\u00e9m ajuda o governo a identificar \u00e1reas e fam\u00edlias que necessitam de assist\u00eancia social. Isso permite o direcionamento mais eficaz de recursos e o desenvolvimento de pol\u00edticas p\u00fablicas direcionadas \u00e0s popula\u00e7\u00f5es mais vulner\u00e1veis.<\/p>\n\n\n\n<h2 class=\"wp-block-heading\">Conclus\u00e3o<\/h2>\n\n\n\n<p>O Cadastro \u00danico \u00e9 uma ferramenta importante para a inclus\u00e3o social e o acesso a programas sociais no Brasil. Verificar se voc\u00ea est\u00e1 cadastrado \u00e9 um processo simples e pode ser feito online, seguindo os passos descritos neste artigo. Lembre-se de manter suas informa\u00e7\u00f5es atualizadas e de buscar o suporte necess\u00e1rio, se precisar de ajuda.&nbsp;<\/p>\n\n\n\n<p>Ter acesso aos programas sociais pode fazer uma grande diferen\u00e7a na vida de fam\u00edlias de baixa renda, proporcionando assist\u00eancia e oportunidades que podem melhorar sua qualidade de vida. Portanto, n\u00e3o deixe de verificar sua situa\u00e7\u00e3o no Cadastro \u00danico e, se for o caso, atualizar seus dados para garantir que voc\u00ea esteja apto a receber os benef\u00edcios a que tem direito.<\/p>\n\n\n\n<p><strong>Veja tamb\u00e9m: <a href=\"https:\/\/www.vagadeempregorj.com.br\/ar\/como-antecipar-o-saque-fgts-pelo-celular-passo-a-passo-facil\/\">Como antecipar o Saque FGTS pelo celular: Passo-a-Passo f\u00e1cil<\/a><\/strong><\/p>\n\n\n\n<p>26 de setembro de 2023<\/p>","protected":false},"excerpt":{"rendered":"<p>O Cadastro \u00danico para Programas Sociais do Governo Federal, mais conhecido como Cad\u00danico, \u00e9 um instrumento fundamental para a identifica\u00e7\u00e3o e sele\u00e7\u00e3o de fam\u00edlias de baixa renda que t\u00eam direito a diversos programas sociais no Brasil. Esses programas incluem o Bolsa Fam\u00edlia, o Benef\u00edcio de Presta\u00e7\u00e3o Continuada (BPC), entre outros. Se voc\u00ea est\u00e1 em d\u00favida&hellip;&nbsp;<\/p>","protected":false},"author":16,"featured_media":39034,"comment_status":"closed","ping_status":"closed","sticky":false,"template":"","format":"standard","meta":{"neve_meta_sidebar":"","neve_meta_container":"","neve_meta_enable_content_width":"","neve_meta_content_width":0,"neve_meta_title_alignment":"","neve_meta_author_avatar":"","neve_post_elements_order":"","neve_meta_disable_header":"","neve_meta_disable_footer":"","neve_meta_disable_title":"","footnotes":""},"categories":[1],"tags":[],"class_list":["post-39032","post","type-post","status-publish","format-standard","has-post-thumbnail","hentry","category-beneficios-sociais"],"yoast_head":"<!-- This site is optimized with the Yoast SEO plugin v27.5 - https:\/\/yoast.com\/product\/yoast-seo-wordpress\/ -->\n<title>Como ver se eu tenho Cad\u00danico? Entenda o passo-a-passo -<\/title>\n<meta name=\"description\" content=\"Veja em Vagas de Emprego RJ as vagas de emprego com e sem experi\u00eancia no seu Estado e Regi\u00e3o!\" \/>\n<meta name=\"robots\" content=\"index, follow, max-snippet:-1, max-image-preview:large, max-video-preview:-1\" \/>\n<link rel=\"canonical\" href=\"https:\/\/www.vagadeempregorj.com.br\/ar\/como-ver-se-eu-tenho-cadunico-entenda-o-passo-a-passo\/\" \/>\n<meta property=\"og:locale\" content=\"ar_AR\" \/>\n<meta property=\"og:type\" content=\"article\" \/>\n<meta property=\"og:title\" content=\"Como ver se eu tenho Cad\u00danico? Entenda o passo-a-passo -\" \/>\n<meta property=\"og:description\" content=\"Veja em Vagas de Emprego RJ as vagas de emprego com e sem experi\u00eancia no seu Estado e Regi\u00e3o!\" \/>\n<meta property=\"og:url\" content=\"https:\/\/www.vagadeempregorj.com.br\/ar\/como-ver-se-eu-tenho-cadunico-entenda-o-passo-a-passo\/\" \/>\n<meta property=\"article:publisher\" content=\"https:\/\/www.facebook.com\/empregobrasiloficial\" \/>\n<meta property=\"article:published_time\" content=\"2023-09-26T03:01:00+00:00\" \/>\n<meta property=\"og:image\" content=\"https:\/\/www.vagadeempregorj.com.br\/wp-content\/uploads\/2023\/09\/image-9.png\" \/>\n\t<meta property=\"og:image:width\" content=\"696\" \/>\n\t<meta property=\"og:image:height\" content=\"464\" \/>\n\t<meta property=\"og:image:type\" content=\"image\/png\" \/>\n<meta name=\"author\" content=\"Michele\" \/>\n<meta name=\"twitter:card\" content=\"summary_large_image\" \/>\n<meta name=\"twitter:label1\" content=\"Written by\" \/>\n\t<meta name=\"twitter:data1\" content=\"Michele\" \/>\n\t<meta name=\"twitter:label2\" content=\"Est. reading time\" \/>\n\t<meta name=\"twitter:data2\" content=\"7 \u062f\u0642\u0627\u0626\u0642\" \/>\n<script type=\"application\/ld+json\" class=\"yoast-schema-graph\">{\"@context\":\"https:\\\/\\\/schema.org\",\"@graph\":[{\"@type\":\"Article\",\"@id\":\"https:\\\/\\\/www.vagadeempregorj.com.br\\\/como-ver-se-eu-tenho-cadunico-entenda-o-passo-a-passo\\\/#article\",\"isPartOf\":{\"@id\":\"https:\\\/\\\/www.vagadeempregorj.com.br\\\/como-ver-se-eu-tenho-cadunico-entenda-o-passo-a-passo\\\/\"},\"author\":{\"name\":\"Michele\",\"@id\":\"https:\\\/\\\/www.vagadeempregorj.com.br\\\/#\\\/schema\\\/person\\\/3ddb19fa0539706786e502152f3aae95\"},\"headline\":\"Como ver se eu tenho Cad\u00danico? Entenda o passo-a-passo\",\"datePublished\":\"2023-09-26T03:01:00+00:00\",\"mainEntityOfPage\":{\"@id\":\"https:\\\/\\\/www.vagadeempregorj.com.br\\\/como-ver-se-eu-tenho-cadunico-entenda-o-passo-a-passo\\\/\"},\"wordCount\":1316,\"image\":{\"@id\":\"https:\\\/\\\/www.vagadeempregorj.com.br\\\/como-ver-se-eu-tenho-cadunico-entenda-o-passo-a-passo\\\/#primaryimage\"},\"thumbnailUrl\":\"https:\\\/\\\/www.vagadeempregorj.com.br\\\/wp-content\\\/uploads\\\/2023\\\/09\\\/image-9.png\",\"articleSection\":[\"Benef\u00edcios Sociais\"],\"inLanguage\":\"ar\"},{\"@type\":\"WebPage\",\"@id\":\"https:\\\/\\\/www.vagadeempregorj.com.br\\\/como-ver-se-eu-tenho-cadunico-entenda-o-passo-a-passo\\\/\",\"url\":\"https:\\\/\\\/www.vagadeempregorj.com.br\\\/como-ver-se-eu-tenho-cadunico-entenda-o-passo-a-passo\\\/\",\"name\":\"Como ver se eu tenho Cad\u00danico? Entenda o passo-a-passo -\",\"isPartOf\":{\"@id\":\"https:\\\/\\\/www.vagadeempregorj.com.br\\\/#website\"},\"primaryImageOfPage\":{\"@id\":\"https:\\\/\\\/www.vagadeempregorj.com.br\\\/como-ver-se-eu-tenho-cadunico-entenda-o-passo-a-passo\\\/#primaryimage\"},\"image\":{\"@id\":\"https:\\\/\\\/www.vagadeempregorj.com.br\\\/como-ver-se-eu-tenho-cadunico-entenda-o-passo-a-passo\\\/#primaryimage\"},\"thumbnailUrl\":\"https:\\\/\\\/www.vagadeempregorj.com.br\\\/wp-content\\\/uploads\\\/2023\\\/09\\\/image-9.png\",\"datePublished\":\"2023-09-26T03:01:00+00:00\",\"author\":{\"@id\":\"https:\\\/\\\/www.vagadeempregorj.com.br\\\/#\\\/schema\\\/person\\\/3ddb19fa0539706786e502152f3aae95\"},\"description\":\"Veja em Vagas de Emprego RJ as vagas de emprego com e sem experi\u00eancia no seu Estado e Regi\u00e3o!\",\"breadcrumb\":{\"@id\":\"https:\\\/\\\/www.vagadeempregorj.com.br\\\/como-ver-se-eu-tenho-cadunico-entenda-o-passo-a-passo\\\/#breadcrumb\"},\"inLanguage\":\"ar\",\"potentialAction\":[{\"@type\":\"ReadAction\",\"target\":[\"https:\\\/\\\/www.vagadeempregorj.com.br\\\/como-ver-se-eu-tenho-cadunico-entenda-o-passo-a-passo\\\/\"]}]},{\"@type\":\"ImageObject\",\"inLanguage\":\"ar\",\"@id\":\"https:\\\/\\\/www.vagadeempregorj.com.br\\\/como-ver-se-eu-tenho-cadunico-entenda-o-passo-a-passo\\\/#primaryimage\",\"url\":\"https:\\\/\\\/www.vagadeempregorj.com.br\\\/wp-content\\\/uploads\\\/2023\\\/09\\\/image-9.png\",\"contentUrl\":\"https:\\\/\\\/www.vagadeempregorj.com.br\\\/wp-content\\\/uploads\\\/2023\\\/09\\\/image-9.png\",\"width\":696,\"height\":464},{\"@type\":\"BreadcrumbList\",\"@id\":\"https:\\\/\\\/www.vagadeempregorj.com.br\\\/como-ver-se-eu-tenho-cadunico-entenda-o-passo-a-passo\\\/#breadcrumb\",\"itemListElement\":[{\"@type\":\"ListItem\",\"position\":1,\"name\":\"In\u00edcio\",\"item\":\"https:\\\/\\\/www.vagadeempregorj.com.br\\\/\"},{\"@type\":\"ListItem\",\"position\":2,\"name\":\"Benef\u00edcios Sociais\",\"item\":\"https:\\\/\\\/www.vagadeempregorj.com.br\\\/beneficios-sociais\\\/\"},{\"@type\":\"ListItem\",\"position\":3,\"name\":\"Como ver se eu tenho Cad\u00danico? Entenda o passo-a-passo\"}]},{\"@type\":\"WebSite\",\"@id\":\"https:\\\/\\\/www.vagadeempregorj.com.br\\\/#website\",\"url\":\"https:\\\/\\\/www.vagadeempregorj.com.br\\\/\",\"name\":\"\",\"description\":\"Conquiste Sonhos: Vagas, Benef\u00edcios e Economia para Transformar Vidas e Alcan\u00e7ar Melhorias Cotidianas\",\"potentialAction\":[{\"@type\":\"SearchAction\",\"target\":{\"@type\":\"EntryPoint\",\"urlTemplate\":\"https:\\\/\\\/www.vagadeempregorj.com.br\\\/?s={search_term_string}\"},\"query-input\":{\"@type\":\"PropertyValueSpecification\",\"valueRequired\":true,\"valueName\":\"search_term_string\"}}],\"inLanguage\":\"ar\"},{\"@type\":\"Person\",\"@id\":\"https:\\\/\\\/www.vagadeempregorj.com.br\\\/#\\\/schema\\\/person\\\/3ddb19fa0539706786e502152f3aae95\",\"name\":\"Michele\",\"image\":{\"@type\":\"ImageObject\",\"inLanguage\":\"ar\",\"@id\":\"https:\\\/\\\/secure.gravatar.com\\\/avatar\\\/6b0eb9d22841282815e2cd856a0061c45e1761cd54b22e952d98c4746939aa85?s=96&r=g\",\"url\":\"https:\\\/\\\/secure.gravatar.com\\\/avatar\\\/6b0eb9d22841282815e2cd856a0061c45e1761cd54b22e952d98c4746939aa85?s=96&r=g\",\"contentUrl\":\"https:\\\/\\\/secure.gravatar.com\\\/avatar\\\/6b0eb9d22841282815e2cd856a0061c45e1761cd54b22e952d98c4746939aa85?s=96&r=g\",\"caption\":\"Michele\"},\"description\":\"Formada em Letras - Portugu\u00eas\\\/ Ingl\u00eas, e idealizadora do site Escritora de Sucesso, busca expandir o conhecimento de todos com informa\u00e7\u00f5es relevantes sobre diversos assuntos, enquanto redatora. No Vaga de Emprego RJ, traz oportunidades e dicas sobre o mercado de trabalho.\",\"url\":\"https:\\\/\\\/www.vagadeempregorj.com.br\\\/ar\\\/author\\\/michele\\\/\"}]}<\/script>\n<!-- \/ Yoast SEO plugin. -->","yoast_head_json":{"title":"Como ver se eu tenho Cad\u00danico? Entenda o passo-a-passo -","description":"Veja em Vagas de Emprego RJ as vagas de emprego com e sem experi\u00eancia no seu Estado e Regi\u00e3o!","robots":{"index":"index","follow":"follow","max-snippet":"max-snippet:-1","max-image-preview":"max-image-preview:large","max-video-preview":"max-video-preview:-1"},"canonical":"https:\/\/www.vagadeempregorj.com.br\/ar\/como-ver-se-eu-tenho-cadunico-entenda-o-passo-a-passo\/","og_locale":"ar_AR","og_type":"article","og_title":"Como ver se eu tenho Cad\u00danico? Entenda o passo-a-passo -","og_description":"Veja em Vagas de Emprego RJ as vagas de emprego com e sem experi\u00eancia no seu Estado e Regi\u00e3o!","og_url":"https:\/\/www.vagadeempregorj.com.br\/ar\/como-ver-se-eu-tenho-cadunico-entenda-o-passo-a-passo\/","article_publisher":"https:\/\/www.facebook.com\/empregobrasiloficial","article_published_time":"2023-09-26T03:01:00+00:00","og_image":[{"width":696,"height":464,"url":"https:\/\/www.vagadeempregorj.com.br\/wp-content\/uploads\/2023\/09\/image-9.png","type":"image\/png"}],"author":"Michele","twitter_card":"summary_large_image","twitter_misc":{"Written by":"Michele","Est. reading time":"7 \u062f\u0642\u0627\u0626\u0642"},"schema":{"@context":"https:\/\/schema.org","@graph":[{"@type":"Article","@id":"https:\/\/www.vagadeempregorj.com.br\/como-ver-se-eu-tenho-cadunico-entenda-o-passo-a-passo\/#article","isPartOf":{"@id":"https:\/\/www.vagadeempregorj.com.br\/como-ver-se-eu-tenho-cadunico-entenda-o-passo-a-passo\/"},"author":{"name":"Michele","@id":"https:\/\/www.vagadeempregorj.com.br\/#\/schema\/person\/3ddb19fa0539706786e502152f3aae95"},"headline":"Como ver se eu tenho Cad\u00danico? Entenda o passo-a-passo","datePublished":"2023-09-26T03:01:00+00:00","mainEntityOfPage":{"@id":"https:\/\/www.vagadeempregorj.com.br\/como-ver-se-eu-tenho-cadunico-entenda-o-passo-a-passo\/"},"wordCount":1316,"image":{"@id":"https:\/\/www.vagadeempregorj.com.br\/como-ver-se-eu-tenho-cadunico-entenda-o-passo-a-passo\/#primaryimage"},"thumbnailUrl":"https:\/\/www.vagadeempregorj.com.br\/wp-content\/uploads\/2023\/09\/image-9.png","articleSection":["Benef\u00edcios Sociais"],"inLanguage":"ar"},{"@type":"WebPage","@id":"https:\/\/www.vagadeempregorj.com.br\/como-ver-se-eu-tenho-cadunico-entenda-o-passo-a-passo\/","url":"https:\/\/www.vagadeempregorj.com.br\/como-ver-se-eu-tenho-cadunico-entenda-o-passo-a-passo\/","name":"Como ver se eu tenho Cad\u00danico? Entenda o passo-a-passo -","isPartOf":{"@id":"https:\/\/www.vagadeempregorj.com.br\/#website"},"primaryImageOfPage":{"@id":"https:\/\/www.vagadeempregorj.com.br\/como-ver-se-eu-tenho-cadunico-entenda-o-passo-a-passo\/#primaryimage"},"image":{"@id":"https:\/\/www.vagadeempregorj.com.br\/como-ver-se-eu-tenho-cadunico-entenda-o-passo-a-passo\/#primaryimage"},"thumbnailUrl":"https:\/\/www.vagadeempregorj.com.br\/wp-content\/uploads\/2023\/09\/image-9.png","datePublished":"2023-09-26T03:01:00+00:00","author":{"@id":"https:\/\/www.vagadeempregorj.com.br\/#\/schema\/person\/3ddb19fa0539706786e502152f3aae95"},"description":"Veja em Vagas de Emprego RJ as vagas de emprego com e sem experi\u00eancia no seu Estado e Regi\u00e3o!","breadcrumb":{"@id":"https:\/\/www.vagadeempregorj.com.br\/como-ver-se-eu-tenho-cadunico-entenda-o-passo-a-passo\/#breadcrumb"},"inLanguage":"ar","potentialAction":[{"@type":"ReadAction","target":["https:\/\/www.vagadeempregorj.com.br\/como-ver-se-eu-tenho-cadunico-entenda-o-passo-a-passo\/"]}]},{"@type":"ImageObject","inLanguage":"ar","@id":"https:\/\/www.vagadeempregorj.com.br\/como-ver-se-eu-tenho-cadunico-entenda-o-passo-a-passo\/#primaryimage","url":"https:\/\/www.vagadeempregorj.com.br\/wp-content\/uploads\/2023\/09\/image-9.png","contentUrl":"https:\/\/www.vagadeempregorj.com.br\/wp-content\/uploads\/2023\/09\/image-9.png","width":696,"height":464},{"@type":"BreadcrumbList","@id":"https:\/\/www.vagadeempregorj.com.br\/como-ver-se-eu-tenho-cadunico-entenda-o-passo-a-passo\/#breadcrumb","itemListElement":[{"@type":"ListItem","position":1,"name":"In\u00edcio","item":"https:\/\/www.vagadeempregorj.com.br\/"},{"@type":"ListItem","position":2,"name":"Benef\u00edcios Sociais","item":"https:\/\/www.vagadeempregorj.com.br\/beneficios-sociais\/"},{"@type":"ListItem","position":3,"name":"Como ver se eu tenho Cad\u00danico? Entenda o passo-a-passo"}]},{"@type":"WebSite","@id":"https:\/\/www.vagadeempregorj.com.br\/#website","url":"https:\/\/www.vagadeempregorj.com.br\/","name":"","description":"Conquiste Sonhos: Vagas, Benef\u00edcios e Economia para Transformar Vidas e Alcan\u00e7ar Melhorias Cotidianas","potentialAction":[{"@type":"SearchAction","target":{"@type":"EntryPoint","urlTemplate":"https:\/\/www.vagadeempregorj.com.br\/?s={search_term_string}"},"query-input":{"@type":"PropertyValueSpecification","valueRequired":true,"valueName":"search_term_string"}}],"inLanguage":"ar"},{"@type":"Person","@id":"https:\/\/www.vagadeempregorj.com.br\/#\/schema\/person\/3ddb19fa0539706786e502152f3aae95","name":"Michele","image":{"@type":"ImageObject","inLanguage":"ar","@id":"https:\/\/secure.gravatar.com\/avatar\/6b0eb9d22841282815e2cd856a0061c45e1761cd54b22e952d98c4746939aa85?s=96&r=g","url":"https:\/\/secure.gravatar.com\/avatar\/6b0eb9d22841282815e2cd856a0061c45e1761cd54b22e952d98c4746939aa85?s=96&r=g","contentUrl":"https:\/\/secure.gravatar.com\/avatar\/6b0eb9d22841282815e2cd856a0061c45e1761cd54b22e952d98c4746939aa85?s=96&r=g","caption":"Michele"},"description":"Formada em Letras - Portugu\u00eas\/ Ingl\u00eas, e idealizadora do site Escritora de Sucesso, busca expandir o conhecimento de todos com informa\u00e7\u00f5es relevantes sobre diversos assuntos, enquanto redatora. No Vaga de Emprego RJ, traz oportunidades e dicas sobre o mercado de trabalho.","url":"https:\/\/www.vagadeempregorj.com.br\/ar\/author\/michele\/"}]}},"_links":{"self":[{"href":"https:\/\/www.vagadeempregorj.com.br\/ar\/wp-json\/wp\/v2\/posts\/39032","targetHints":{"allow":["GET"]}}],"collection":[{"href":"https:\/\/www.vagadeempregorj.com.br\/ar\/wp-json\/wp\/v2\/posts"}],"about":[{"href":"https:\/\/www.vagadeempregorj.com.br\/ar\/wp-json\/wp\/v2\/types\/post"}],"author":[{"embeddable":true,"href":"https:\/\/www.vagadeempregorj.com.br\/ar\/wp-json\/wp\/v2\/users\/16"}],"replies":[{"embeddable":true,"href":"https:\/\/www.vagadeempregorj.com.br\/ar\/wp-json\/wp\/v2\/comments?post=39032"}],"version-history":[{"count":0,"href":"https:\/\/www.vagadeempregorj.com.br\/ar\/wp-json\/wp\/v2\/posts\/39032\/revisions"}],"wp:featuredmedia":[{"embeddable":true,"href":"https:\/\/www.vagadeempregorj.com.br\/ar\/wp-json\/wp\/v2\/media\/39034"}],"wp:attachment":[{"href":"https:\/\/www.vagadeempregorj.com.br\/ar\/wp-json\/wp\/v2\/media?parent=39032"}],"wp:term":[{"taxonomy":"category","embeddable":true,"href":"https:\/\/www.vagadeempregorj.com.br\/ar\/wp-json\/wp\/v2\/categories?post=39032"},{"taxonomy":"post_tag","embeddable":true,"href":"https:\/\/www.vagadeempregorj.com.br\/ar\/wp-json\/wp\/v2\/tags?post=39032"}],"curies":[{"name":"wp","href":"https:\/\/api.w.org\/{rel}","templated":true}]}}