{"id":39056,"date":"2023-10-08T00:01:00","date_gmt":"2023-10-08T03:01:00","guid":{"rendered":"https:\/\/www.vagadeempregorj.com.br\/?p=39056"},"modified":"2023-09-27T21:36:35","modified_gmt":"2023-09-28T00:36:35","slug":"minha-casa-minha-vida-pode-alugar-entenda-esta-situacao","status":"publish","type":"post","link":"https:\/\/www.vagadeempregorj.com.br\/ar\/minha-casa-minha-vida-pode-alugar-entenda-esta-situacao\/","title":{"rendered":"Minha Casa Minha Vida pode alugar? Entenda esta situa\u00e7\u00e3o"},"content":{"rendered":"<p>O <strong>programa &#8220;Minha Casa Minha Vida&#8221; (MCMV) <\/strong>tem sido uma b\u00ean\u00e7\u00e3o para muitas fam\u00edlias brasileiras, oferecendo uma oportunidade de adquirir a casa pr\u00f3pria a pre\u00e7os acess\u00edveis. No entanto, uma pergunta frequente que surge entre os benefici\u00e1rios \u00e9 se \u00e9 poss\u00edvel alugar uma casa adquirida pelo programa. Neste artigo, vamos explorar essa quest\u00e3o em detalhes e esclarecer as diretrizes que envolvem o aluguel de im\u00f3veis do MCMV.<\/p>\n\n\n\n<h2 class=\"wp-block-heading\">O Programa Minha Casa Minha Vida em Resumo<\/h2>\n\n\n\n<p>Antes de abordarmos a quest\u00e3o do aluguel, \u00e9 importante entender o que \u00e9 o programa Minha Casa Minha Vida. Lan\u00e7ado em 2009 pelo governo federal, o MCMV tem como objetivo principal reduzir o d\u00e9ficit habitacional no Brasil, tornando a moradia mais acess\u00edvel para fam\u00edlias de baixa renda. O programa oferece subs\u00eddios e financiamentos com taxas de juros reduzidas para facilitar a compra da casa pr\u00f3pria.<\/p>\n\n\n\n<p>Os benefici\u00e1rios do MCMV t\u00eam a oportunidade de adquirir im\u00f3veis com condi\u00e7\u00f5es financeiras vantajosas, o que \u00e9 um grande passo em dire\u00e7\u00e3o \u00e0 estabilidade financeira e ao bem-estar. No entanto, esses benef\u00edcios v\u00eam com algumas regras e diretrizes que precisam ser seguidas.<\/p>\n\n\n\n<figure class=\"wp-block-image size-large\"><img loading=\"lazy\" decoding=\"async\" width=\"1024\" height=\"575\" src=\"https:\/\/www.vagadeempregorj.com.br\/wp-content\/uploads\/2023\/09\/image-15-1024x575.png\" alt=\"\" class=\"wp-image-39057\" srcset=\"https:\/\/www.vagadeempregorj.com.br\/wp-content\/uploads\/2023\/09\/image-15-1024x575.png 1024w, https:\/\/www.vagadeempregorj.com.br\/wp-content\/uploads\/2023\/09\/image-15-300x169.png 300w, https:\/\/www.vagadeempregorj.com.br\/wp-content\/uploads\/2023\/09\/image-15-768x432.png 768w, https:\/\/www.vagadeempregorj.com.br\/wp-content\/uploads\/2023\/09\/image-15-1536x863.png 1536w, https:\/\/www.vagadeempregorj.com.br\/wp-content\/uploads\/2023\/09\/image-15-383x215.png 383w, https:\/\/www.vagadeempregorj.com.br\/wp-content\/uploads\/2023\/09\/image-15-150x84.png 150w, https:\/\/www.vagadeempregorj.com.br\/wp-content\/uploads\/2023\/09\/image-15.png 1600w\" sizes=\"auto, (max-width: 1024px) 100vw, 1024px\" \/><\/figure>\n\n\n\n<h2 class=\"wp-block-heading\">Pode-se Alugar uma Casa do Minha Casa Minha Vida?<\/h2>\n\n\n\n<p>A resposta curta \u00e9: sim, \u00e9 poss\u00edvel alugar uma casa adquirida pelo Minha Casa Minha Vida, mas com algumas restri\u00e7\u00f5es importantes. De acordo com as normas do programa, o benefici\u00e1rio pode alugar o im\u00f3vel, desde que cumpra os seguintes crit\u00e9rios:<\/p>\n\n\n\n<ul class=\"wp-block-list\">\n<li><strong>Pagamento das parcelas em dia: <\/strong>O benefici\u00e1rio deve estar em dia com as presta\u00e7\u00f5es do financiamento. O n\u00e3o pagamento das parcelas pode resultar na perda do im\u00f3vel.<\/li>\n\n\n\n<li><strong>N\u00e3o possuir outro im\u00f3vel: <\/strong>O benefici\u00e1rio n\u00e3o pode possuir outro im\u00f3vel no mesmo munic\u00edpio onde est\u00e1 localizada a casa do MCMV que deseja alugar. Esta regra visa a evitar que pessoas que j\u00e1 possuem im\u00f3veis adquiram casas do programa apenas para fins de aluguel.<\/li>\n\n\n\n<li><strong>Informar \u00e0 Caixa Econ\u00f4mica Federal:<\/strong> Antes de alugar a casa, o benefici\u00e1rio deve informar \u00e0 Caixa Econ\u00f4mica Federal, que \u00e9 o \u00f3rg\u00e3o respons\u00e1vel pelo programa. \u00c9 necess\u00e1rio fornecer informa\u00e7\u00f5es sobre o locat\u00e1rio e o contrato de aluguel.<\/li>\n\n\n\n<li><strong>Respeitar o per\u00edodo de car\u00eancia: <\/strong>Alguns contratos do MCMV possuem um per\u00edodo de car\u00eancia, durante o qual a casa n\u00e3o pode ser alugada. Esse per\u00edodo varia de acordo com as regras do programa e o tipo de financiamento.<\/li>\n\n\n\n<li><strong>Ressarcir eventuais subs\u00eddios recebidos: <\/strong>Se o benefici\u00e1rio recebeu subs\u00eddios do governo para adquirir o im\u00f3vel, pode ser necess\u00e1rio ressarcir esses valores caso decida alugar a casa antes do prazo estipulado pelas regras do programa.<\/li>\n\n\n\n<li><strong>Seguir as normas locais:<\/strong> Al\u00e9m das regras do MCMV, \u00e9 importante verificar se h\u00e1 regulamentos municipais que tamb\u00e9m regem o aluguel de im\u00f3veis do programa.<\/li>\n<\/ul>\n\n\n\n<h2 class=\"wp-block-heading\">Consequ\u00eancias do N\u00e3o Cumprimento das Regras<\/h2>\n\n\n\n<p>O n\u00e3o cumprimento das regras estabelecidas pelo programa Minha Casa Minha Vida (MCMV) pode acarretar em v\u00e1rias consequ\u00eancias significativas para o benefici\u00e1rio. \u00c9 importante estar ciente dessas consequ\u00eancias para evitar problemas legais e a poss\u00edvel perda do im\u00f3vel. Aqui est\u00e3o algumas das poss\u00edveis consequ\u00eancias do n\u00e3o cumprimento das regras:<\/p>\n\n\n\n<h3 class=\"wp-block-heading\">Rescis\u00e3o do Contrato de Financiamento<\/h3>\n\n\n\n<p>Uma das consequ\u00eancias mais graves do n\u00e3o cumprimento das regras \u00e9 a rescis\u00e3o do contrato de financiamento. Isso significa que o benefici\u00e1rio perde os direitos sobre o im\u00f3vel e n\u00e3o poder\u00e1 continuar a pagar as presta\u00e7\u00f5es. A Caixa Econ\u00f4mica Federal, que \u00e9 o \u00f3rg\u00e3o respons\u00e1vel pelo programa, pode iniciar um processo de retomada do im\u00f3vel.<\/p>\n\n\n\n<h3 class=\"wp-block-heading\">Perda do Im\u00f3vel<\/h3>\n\n\n\n<p>Como mencionado anteriormente, o n\u00e3o cumprimento das regras pode levar \u00e0 perda do im\u00f3vel adquirido pelo programa MCMV. Isso pode ser extremamente prejudicial para o benefici\u00e1rio, que pode perder o investimento feito at\u00e9 aquele momento.<\/p>\n\n\n\n<h3 class=\"wp-block-heading\">Pagamento de Multas e Juros<\/h3>\n\n\n\n<p>Dependendo das circunst\u00e2ncias e das regras do contrato, o benefici\u00e1rio pode ser obrigado a pagar multas e juros por descumprir as normas do programa. Essas penalidades financeiras podem agravar ainda mais a situa\u00e7\u00e3o financeira do benefici\u00e1rio.<\/p>\n\n\n\n<h3 class=\"wp-block-heading\">Obrigatoriedade de Ressarcimento de Subs\u00eddios<\/h3>\n\n\n\n<p>Se o benefici\u00e1rio tiver recebido subs\u00eddios do governo para a compra do im\u00f3vel, pode ser necess\u00e1rio ressarcir esses valores se decidir alugar a casa antes do prazo estipulado pelas regras do programa. O valor do ressarcimento depender\u00e1 das normas vigentes e do contrato espec\u00edfico.<\/p>\n\n\n\n<h3 class=\"wp-block-heading\">Implica\u00e7\u00f5es Legais<\/h3>\n\n\n\n<p>O n\u00e3o cumprimento das regras do MCMV pode resultar em implica\u00e7\u00f5es legais, incluindo a\u00e7\u00f5es judiciais movidas pela Caixa Econ\u00f4mica Federal para recuperar o im\u00f3vel e as d\u00edvidas pendentes. Isso pode gerar custos adicionais e complica\u00e7\u00f5es legais para o benefici\u00e1rio.<\/p>\n\n\n\n<h3 class=\"wp-block-heading\">Restri\u00e7\u00f5es Futuras<\/h3>\n\n\n\n<p>O descumprimento das regras do programa pode tamb\u00e9m resultar em restri\u00e7\u00f5es futuras para participar de outros programas habitacionais ou financeiros do governo.<\/p>\n\n\n\n<p>\u00c9 fundamental compreender que as regras do Minha Casa Minha Vida s\u00e3o estabelecidas para garantir que o programa atinja seus objetivos de proporcionar moradia digna a fam\u00edlias de baixa renda. Portanto, \u00e9 altamente recomend\u00e1vel que os benefici\u00e1rios se esforcem para cumprir todas as diretrizes estabelecidas, evitando assim as consequ\u00eancias adversas que podem surgir do n\u00e3o cumprimento das regras.<\/p>\n\n\n\n<h2 class=\"wp-block-heading\">Considera\u00e7\u00f5es Finais<\/h2>\n\n\n\n<p>O programa Minha Casa Minha Vida oferece uma oportunidade valiosa para fam\u00edlias de baixa renda adquirirem a casa pr\u00f3pria. A possibilidade de alugar um im\u00f3vel adquirido pelo programa pode ser uma fonte adicional de renda para os benefici\u00e1rios, desde que cumpram todas as regras estabelecidas.<\/p>\n\n\n\n<p>Antes de tomar qualquer decis\u00e3o relacionada ao aluguel de um im\u00f3vel do MCMV, \u00e9 aconselh\u00e1vel consultar a Caixa Econ\u00f4mica Federal e compreender completamente as regras aplic\u00e1veis ao seu contrato espec\u00edfico. Al\u00e9m disso, \u00e9 importante buscar orienta\u00e7\u00e3o jur\u00eddica se houver d\u00favidas sobre como proceder de acordo com as normas do programa.<\/p>\n\n\n\n<p>Em resumo, sim, \u00e9 poss\u00edvel alugar uma casa adquirida pelo Minha Casa Minha Vida, desde que sejam seguidas todas as regras estabelecidas pelo programa. Fique atento \u00e0s diretrizes, cumpra seus compromissos financeiros e desfrute dos benef\u00edcios de ter uma moradia digna.<\/p>\n\n\n\n<p><strong>Veja tamb\u00e9m: <a href=\"https:\/\/www.vagadeempregorj.com.br\/ar\/fgts-saque-aniversario-quanto-posso-sacar\/\">FGTS: Saque anivers\u00e1rio quanto posso sacar?\u00a0<\/a><\/strong><\/p>\n\n\n\n<p>8 de outubro de 2023<\/p>","protected":false},"excerpt":{"rendered":"<p>O programa &#8220;Minha Casa Minha Vida&#8221; (MCMV) tem sido uma b\u00ean\u00e7\u00e3o para muitas fam\u00edlias brasileiras, oferecendo uma oportunidade de adquirir a casa pr\u00f3pria a pre\u00e7os acess\u00edveis. No entanto, uma pergunta frequente que surge entre os benefici\u00e1rios \u00e9 se \u00e9 poss\u00edvel alugar uma casa adquirida pelo programa. Neste artigo, vamos explorar essa quest\u00e3o em detalhes e&hellip;&nbsp;<\/p>","protected":false},"author":16,"featured_media":39057,"comment_status":"closed","ping_status":"closed","sticky":false,"template":"","format":"standard","meta":{"neve_meta_sidebar":"","neve_meta_container":"","neve_meta_enable_content_width":"","neve_meta_content_width":0,"neve_meta_title_alignment":"","neve_meta_author_avatar":"","neve_post_elements_order":"","neve_meta_disable_header":"","neve_meta_disable_footer":"","neve_meta_disable_title":"","footnotes":""},"categories":[1],"tags":[],"class_list":["post-39056","post","type-post","status-publish","format-standard","has-post-thumbnail","hentry","category-beneficios-sociais"],"yoast_head":"<!-- This site is optimized with the Yoast SEO plugin v27.5 - https:\/\/yoast.com\/product\/yoast-seo-wordpress\/ -->\n<title>Minha Casa Minha Vida pode alugar? Entenda esta situa\u00e7\u00e3o -<\/title>\n<meta name=\"description\" content=\"Veja em Vagas de Emprego RJ as vagas de emprego com e sem experi\u00eancia no seu Estado e Regi\u00e3o!\" \/>\n<meta name=\"robots\" content=\"index, follow, max-snippet:-1, max-image-preview:large, max-video-preview:-1\" \/>\n<link rel=\"canonical\" href=\"https:\/\/www.vagadeempregorj.com.br\/ar\/minha-casa-minha-vida-pode-alugar-entenda-esta-situacao\/\" \/>\n<meta property=\"og:locale\" content=\"ar_AR\" \/>\n<meta property=\"og:type\" content=\"article\" \/>\n<meta property=\"og:title\" content=\"Minha Casa Minha Vida pode alugar? Entenda esta situa\u00e7\u00e3o -\" \/>\n<meta property=\"og:description\" content=\"Veja em Vagas de Emprego RJ as vagas de emprego com e sem experi\u00eancia no seu Estado e Regi\u00e3o!\" \/>\n<meta property=\"og:url\" content=\"https:\/\/www.vagadeempregorj.com.br\/ar\/minha-casa-minha-vida-pode-alugar-entenda-esta-situacao\/\" \/>\n<meta property=\"article:publisher\" content=\"https:\/\/www.facebook.com\/empregobrasiloficial\" \/>\n<meta property=\"article:published_time\" content=\"2023-10-08T03:01:00+00:00\" \/>\n<meta property=\"og:image\" content=\"https:\/\/www.vagadeempregorj.com.br\/wp-content\/uploads\/2023\/09\/image-15-1024x575.png\" \/>\n\t<meta property=\"og:image:width\" content=\"1024\" \/>\n\t<meta property=\"og:image:height\" content=\"575\" \/>\n\t<meta property=\"og:image:type\" content=\"image\/png\" \/>\n<meta name=\"author\" content=\"Michele\" \/>\n<meta name=\"twitter:card\" content=\"summary_large_image\" \/>\n<meta name=\"twitter:label1\" content=\"Written by\" \/>\n\t<meta name=\"twitter:data1\" content=\"Michele\" \/>\n\t<meta name=\"twitter:label2\" content=\"Est. reading time\" \/>\n\t<meta name=\"twitter:data2\" content=\"5 \u062f\u0642\u0627\u0626\u0642\" \/>\n<script type=\"application\/ld+json\" class=\"yoast-schema-graph\">{\"@context\":\"https:\\\/\\\/schema.org\",\"@graph\":[{\"@type\":\"Article\",\"@id\":\"https:\\\/\\\/www.vagadeempregorj.com.br\\\/minha-casa-minha-vida-pode-alugar-entenda-esta-situacao\\\/#article\",\"isPartOf\":{\"@id\":\"https:\\\/\\\/www.vagadeempregorj.com.br\\\/minha-casa-minha-vida-pode-alugar-entenda-esta-situacao\\\/\"},\"author\":{\"name\":\"Michele\",\"@id\":\"https:\\\/\\\/www.vagadeempregorj.com.br\\\/#\\\/schema\\\/person\\\/3ddb19fa0539706786e502152f3aae95\"},\"headline\":\"Minha Casa Minha Vida pode alugar? Entenda esta situa\u00e7\u00e3o\",\"datePublished\":\"2023-10-08T03:01:00+00:00\",\"mainEntityOfPage\":{\"@id\":\"https:\\\/\\\/www.vagadeempregorj.com.br\\\/minha-casa-minha-vida-pode-alugar-entenda-esta-situacao\\\/\"},\"wordCount\":1075,\"image\":{\"@id\":\"https:\\\/\\\/www.vagadeempregorj.com.br\\\/minha-casa-minha-vida-pode-alugar-entenda-esta-situacao\\\/#primaryimage\"},\"thumbnailUrl\":\"https:\\\/\\\/www.vagadeempregorj.com.br\\\/wp-content\\\/uploads\\\/2023\\\/09\\\/image-15.png\",\"articleSection\":[\"Benef\u00edcios Sociais\"],\"inLanguage\":\"ar\"},{\"@type\":\"WebPage\",\"@id\":\"https:\\\/\\\/www.vagadeempregorj.com.br\\\/minha-casa-minha-vida-pode-alugar-entenda-esta-situacao\\\/\",\"url\":\"https:\\\/\\\/www.vagadeempregorj.com.br\\\/minha-casa-minha-vida-pode-alugar-entenda-esta-situacao\\\/\",\"name\":\"Minha Casa Minha Vida pode alugar? Entenda esta situa\u00e7\u00e3o -\",\"isPartOf\":{\"@id\":\"https:\\\/\\\/www.vagadeempregorj.com.br\\\/#website\"},\"primaryImageOfPage\":{\"@id\":\"https:\\\/\\\/www.vagadeempregorj.com.br\\\/minha-casa-minha-vida-pode-alugar-entenda-esta-situacao\\\/#primaryimage\"},\"image\":{\"@id\":\"https:\\\/\\\/www.vagadeempregorj.com.br\\\/minha-casa-minha-vida-pode-alugar-entenda-esta-situacao\\\/#primaryimage\"},\"thumbnailUrl\":\"https:\\\/\\\/www.vagadeempregorj.com.br\\\/wp-content\\\/uploads\\\/2023\\\/09\\\/image-15.png\",\"datePublished\":\"2023-10-08T03:01:00+00:00\",\"author\":{\"@id\":\"https:\\\/\\\/www.vagadeempregorj.com.br\\\/#\\\/schema\\\/person\\\/3ddb19fa0539706786e502152f3aae95\"},\"description\":\"Veja em Vagas de Emprego RJ as vagas de emprego com e sem experi\u00eancia no seu Estado e Regi\u00e3o!\",\"breadcrumb\":{\"@id\":\"https:\\\/\\\/www.vagadeempregorj.com.br\\\/minha-casa-minha-vida-pode-alugar-entenda-esta-situacao\\\/#breadcrumb\"},\"inLanguage\":\"ar\",\"potentialAction\":[{\"@type\":\"ReadAction\",\"target\":[\"https:\\\/\\\/www.vagadeempregorj.com.br\\\/minha-casa-minha-vida-pode-alugar-entenda-esta-situacao\\\/\"]}]},{\"@type\":\"ImageObject\",\"inLanguage\":\"ar\",\"@id\":\"https:\\\/\\\/www.vagadeempregorj.com.br\\\/minha-casa-minha-vida-pode-alugar-entenda-esta-situacao\\\/#primaryimage\",\"url\":\"https:\\\/\\\/www.vagadeempregorj.com.br\\\/wp-content\\\/uploads\\\/2023\\\/09\\\/image-15.png\",\"contentUrl\":\"https:\\\/\\\/www.vagadeempregorj.com.br\\\/wp-content\\\/uploads\\\/2023\\\/09\\\/image-15.png\",\"width\":1600,\"height\":899},{\"@type\":\"BreadcrumbList\",\"@id\":\"https:\\\/\\\/www.vagadeempregorj.com.br\\\/minha-casa-minha-vida-pode-alugar-entenda-esta-situacao\\\/#breadcrumb\",\"itemListElement\":[{\"@type\":\"ListItem\",\"position\":1,\"name\":\"In\u00edcio\",\"item\":\"https:\\\/\\\/www.vagadeempregorj.com.br\\\/\"},{\"@type\":\"ListItem\",\"position\":2,\"name\":\"Benef\u00edcios Sociais\",\"item\":\"https:\\\/\\\/www.vagadeempregorj.com.br\\\/beneficios-sociais\\\/\"},{\"@type\":\"ListItem\",\"position\":3,\"name\":\"Minha Casa Minha Vida pode alugar? Entenda esta situa\u00e7\u00e3o\"}]},{\"@type\":\"WebSite\",\"@id\":\"https:\\\/\\\/www.vagadeempregorj.com.br\\\/#website\",\"url\":\"https:\\\/\\\/www.vagadeempregorj.com.br\\\/\",\"name\":\"\",\"description\":\"Conquiste Sonhos: Vagas, Benef\u00edcios e Economia para Transformar Vidas e Alcan\u00e7ar Melhorias Cotidianas\",\"potentialAction\":[{\"@type\":\"SearchAction\",\"target\":{\"@type\":\"EntryPoint\",\"urlTemplate\":\"https:\\\/\\\/www.vagadeempregorj.com.br\\\/?s={search_term_string}\"},\"query-input\":{\"@type\":\"PropertyValueSpecification\",\"valueRequired\":true,\"valueName\":\"search_term_string\"}}],\"inLanguage\":\"ar\"},{\"@type\":\"Person\",\"@id\":\"https:\\\/\\\/www.vagadeempregorj.com.br\\\/#\\\/schema\\\/person\\\/3ddb19fa0539706786e502152f3aae95\",\"name\":\"Michele\",\"image\":{\"@type\":\"ImageObject\",\"inLanguage\":\"ar\",\"@id\":\"https:\\\/\\\/secure.gravatar.com\\\/avatar\\\/6b0eb9d22841282815e2cd856a0061c45e1761cd54b22e952d98c4746939aa85?s=96&r=g\",\"url\":\"https:\\\/\\\/secure.gravatar.com\\\/avatar\\\/6b0eb9d22841282815e2cd856a0061c45e1761cd54b22e952d98c4746939aa85?s=96&r=g\",\"contentUrl\":\"https:\\\/\\\/secure.gravatar.com\\\/avatar\\\/6b0eb9d22841282815e2cd856a0061c45e1761cd54b22e952d98c4746939aa85?s=96&r=g\",\"caption\":\"Michele\"},\"description\":\"Formada em Letras - Portugu\u00eas\\\/ Ingl\u00eas, e idealizadora do site Escritora de Sucesso, busca expandir o conhecimento de todos com informa\u00e7\u00f5es relevantes sobre diversos assuntos, enquanto redatora. No Vaga de Emprego RJ, traz oportunidades e dicas sobre o mercado de trabalho.\",\"url\":\"https:\\\/\\\/www.vagadeempregorj.com.br\\\/ar\\\/author\\\/michele\\\/\"}]}<\/script>\n<!-- \/ Yoast SEO plugin. -->","yoast_head_json":{"title":"Minha Casa Minha Vida pode alugar? Entenda esta situa\u00e7\u00e3o -","description":"Veja em Vagas de Emprego RJ as vagas de emprego com e sem experi\u00eancia no seu Estado e Regi\u00e3o!","robots":{"index":"index","follow":"follow","max-snippet":"max-snippet:-1","max-image-preview":"max-image-preview:large","max-video-preview":"max-video-preview:-1"},"canonical":"https:\/\/www.vagadeempregorj.com.br\/ar\/minha-casa-minha-vida-pode-alugar-entenda-esta-situacao\/","og_locale":"ar_AR","og_type":"article","og_title":"Minha Casa Minha Vida pode alugar? Entenda esta situa\u00e7\u00e3o -","og_description":"Veja em Vagas de Emprego RJ as vagas de emprego com e sem experi\u00eancia no seu Estado e Regi\u00e3o!","og_url":"https:\/\/www.vagadeempregorj.com.br\/ar\/minha-casa-minha-vida-pode-alugar-entenda-esta-situacao\/","article_publisher":"https:\/\/www.facebook.com\/empregobrasiloficial","article_published_time":"2023-10-08T03:01:00+00:00","og_image":[{"width":1024,"height":575,"url":"https:\/\/www.vagadeempregorj.com.br\/wp-content\/uploads\/2023\/09\/image-15-1024x575.png","type":"image\/png"}],"author":"Michele","twitter_card":"summary_large_image","twitter_misc":{"Written by":"Michele","Est. reading time":"5 \u062f\u0642\u0627\u0626\u0642"},"schema":{"@context":"https:\/\/schema.org","@graph":[{"@type":"Article","@id":"https:\/\/www.vagadeempregorj.com.br\/minha-casa-minha-vida-pode-alugar-entenda-esta-situacao\/#article","isPartOf":{"@id":"https:\/\/www.vagadeempregorj.com.br\/minha-casa-minha-vida-pode-alugar-entenda-esta-situacao\/"},"author":{"name":"Michele","@id":"https:\/\/www.vagadeempregorj.com.br\/#\/schema\/person\/3ddb19fa0539706786e502152f3aae95"},"headline":"Minha Casa Minha Vida pode alugar? Entenda esta situa\u00e7\u00e3o","datePublished":"2023-10-08T03:01:00+00:00","mainEntityOfPage":{"@id":"https:\/\/www.vagadeempregorj.com.br\/minha-casa-minha-vida-pode-alugar-entenda-esta-situacao\/"},"wordCount":1075,"image":{"@id":"https:\/\/www.vagadeempregorj.com.br\/minha-casa-minha-vida-pode-alugar-entenda-esta-situacao\/#primaryimage"},"thumbnailUrl":"https:\/\/www.vagadeempregorj.com.br\/wp-content\/uploads\/2023\/09\/image-15.png","articleSection":["Benef\u00edcios Sociais"],"inLanguage":"ar"},{"@type":"WebPage","@id":"https:\/\/www.vagadeempregorj.com.br\/minha-casa-minha-vida-pode-alugar-entenda-esta-situacao\/","url":"https:\/\/www.vagadeempregorj.com.br\/minha-casa-minha-vida-pode-alugar-entenda-esta-situacao\/","name":"Minha Casa Minha Vida pode alugar? Entenda esta situa\u00e7\u00e3o -","isPartOf":{"@id":"https:\/\/www.vagadeempregorj.com.br\/#website"},"primaryImageOfPage":{"@id":"https:\/\/www.vagadeempregorj.com.br\/minha-casa-minha-vida-pode-alugar-entenda-esta-situacao\/#primaryimage"},"image":{"@id":"https:\/\/www.vagadeempregorj.com.br\/minha-casa-minha-vida-pode-alugar-entenda-esta-situacao\/#primaryimage"},"thumbnailUrl":"https:\/\/www.vagadeempregorj.com.br\/wp-content\/uploads\/2023\/09\/image-15.png","datePublished":"2023-10-08T03:01:00+00:00","author":{"@id":"https:\/\/www.vagadeempregorj.com.br\/#\/schema\/person\/3ddb19fa0539706786e502152f3aae95"},"description":"Veja em Vagas de Emprego RJ as vagas de emprego com e sem experi\u00eancia no seu Estado e Regi\u00e3o!","breadcrumb":{"@id":"https:\/\/www.vagadeempregorj.com.br\/minha-casa-minha-vida-pode-alugar-entenda-esta-situacao\/#breadcrumb"},"inLanguage":"ar","potentialAction":[{"@type":"ReadAction","target":["https:\/\/www.vagadeempregorj.com.br\/minha-casa-minha-vida-pode-alugar-entenda-esta-situacao\/"]}]},{"@type":"ImageObject","inLanguage":"ar","@id":"https:\/\/www.vagadeempregorj.com.br\/minha-casa-minha-vida-pode-alugar-entenda-esta-situacao\/#primaryimage","url":"https:\/\/www.vagadeempregorj.com.br\/wp-content\/uploads\/2023\/09\/image-15.png","contentUrl":"https:\/\/www.vagadeempregorj.com.br\/wp-content\/uploads\/2023\/09\/image-15.png","width":1600,"height":899},{"@type":"BreadcrumbList","@id":"https:\/\/www.vagadeempregorj.com.br\/minha-casa-minha-vida-pode-alugar-entenda-esta-situacao\/#breadcrumb","itemListElement":[{"@type":"ListItem","position":1,"name":"In\u00edcio","item":"https:\/\/www.vagadeempregorj.com.br\/"},{"@type":"ListItem","position":2,"name":"Benef\u00edcios Sociais","item":"https:\/\/www.vagadeempregorj.com.br\/beneficios-sociais\/"},{"@type":"ListItem","position":3,"name":"Minha Casa Minha Vida pode alugar? Entenda esta situa\u00e7\u00e3o"}]},{"@type":"WebSite","@id":"https:\/\/www.vagadeempregorj.com.br\/#website","url":"https:\/\/www.vagadeempregorj.com.br\/","name":"","description":"Conquiste Sonhos: Vagas, Benef\u00edcios e Economia para Transformar Vidas e Alcan\u00e7ar Melhorias Cotidianas","potentialAction":[{"@type":"SearchAction","target":{"@type":"EntryPoint","urlTemplate":"https:\/\/www.vagadeempregorj.com.br\/?s={search_term_string}"},"query-input":{"@type":"PropertyValueSpecification","valueRequired":true,"valueName":"search_term_string"}}],"inLanguage":"ar"},{"@type":"Person","@id":"https:\/\/www.vagadeempregorj.com.br\/#\/schema\/person\/3ddb19fa0539706786e502152f3aae95","name":"Michele","image":{"@type":"ImageObject","inLanguage":"ar","@id":"https:\/\/secure.gravatar.com\/avatar\/6b0eb9d22841282815e2cd856a0061c45e1761cd54b22e952d98c4746939aa85?s=96&r=g","url":"https:\/\/secure.gravatar.com\/avatar\/6b0eb9d22841282815e2cd856a0061c45e1761cd54b22e952d98c4746939aa85?s=96&r=g","contentUrl":"https:\/\/secure.gravatar.com\/avatar\/6b0eb9d22841282815e2cd856a0061c45e1761cd54b22e952d98c4746939aa85?s=96&r=g","caption":"Michele"},"description":"Formada em Letras - Portugu\u00eas\/ Ingl\u00eas, e idealizadora do site Escritora de Sucesso, busca expandir o conhecimento de todos com informa\u00e7\u00f5es relevantes sobre diversos assuntos, enquanto redatora. No Vaga de Emprego RJ, traz oportunidades e dicas sobre o mercado de trabalho.","url":"https:\/\/www.vagadeempregorj.com.br\/ar\/author\/michele\/"}]}},"_links":{"self":[{"href":"https:\/\/www.vagadeempregorj.com.br\/ar\/wp-json\/wp\/v2\/posts\/39056","targetHints":{"allow":["GET"]}}],"collection":[{"href":"https:\/\/www.vagadeempregorj.com.br\/ar\/wp-json\/wp\/v2\/posts"}],"about":[{"href":"https:\/\/www.vagadeempregorj.com.br\/ar\/wp-json\/wp\/v2\/types\/post"}],"author":[{"embeddable":true,"href":"https:\/\/www.vagadeempregorj.com.br\/ar\/wp-json\/wp\/v2\/users\/16"}],"replies":[{"embeddable":true,"href":"https:\/\/www.vagadeempregorj.com.br\/ar\/wp-json\/wp\/v2\/comments?post=39056"}],"version-history":[{"count":0,"href":"https:\/\/www.vagadeempregorj.com.br\/ar\/wp-json\/wp\/v2\/posts\/39056\/revisions"}],"wp:featuredmedia":[{"embeddable":true,"href":"https:\/\/www.vagadeempregorj.com.br\/ar\/wp-json\/wp\/v2\/media\/39057"}],"wp:attachment":[{"href":"https:\/\/www.vagadeempregorj.com.br\/ar\/wp-json\/wp\/v2\/media?parent=39056"}],"wp:term":[{"taxonomy":"category","embeddable":true,"href":"https:\/\/www.vagadeempregorj.com.br\/ar\/wp-json\/wp\/v2\/categories?post=39056"},{"taxonomy":"post_tag","embeddable":true,"href":"https:\/\/www.vagadeempregorj.com.br\/ar\/wp-json\/wp\/v2\/tags?post=39056"}],"curies":[{"name":"wp","href":"https:\/\/api.w.org\/{rel}","templated":true}]}}