{"id":39097,"date":"2023-10-15T00:01:00","date_gmt":"2023-10-15T03:01:00","guid":{"rendered":"https:\/\/www.vagadeempregorj.com.br\/?p=39097"},"modified":"2023-10-13T22:30:03","modified_gmt":"2023-10-14T01:30:03","slug":"bolsa-familia-antecipado-para-o-amazonas-entenda-aqui","status":"publish","type":"post","link":"https:\/\/www.vagadeempregorj.com.br\/ar\/bolsa-familia-antecipado-para-o-amazonas-entenda-aqui\/","title":{"rendered":"Bolsa Fam\u00edlia antecipado para o Amazonas; entenda aqui"},"content":{"rendered":"<p>Esse adiantamento do pagamento do programa trar\u00e1 um benef\u00edcio direto \u00e0s fam\u00edlias mais necessitadas nas cidades afetadas pela prolongada escassez de chuva.<\/p>\n\n\n\n<p>A partir de 18 de janeiro, os benefici\u00e1rios do Bolsa Fam\u00edlia em 55 munic\u00edpios do Amazonas ter\u00e3o a oportunidade de sacar os recursos do programa social. Essa decis\u00e3o foi tomada em conjunto pelo governo federal e a Caixa Econ\u00f4mica Federal, em virtude da s\u00e9ria estiagem que est\u00e1 afetando a regi\u00e3o amaz\u00f4nica.<\/p>\n\n\n\n<h2 class=\"wp-block-heading\">Bolsa Fam\u00edlia antecipado na regi\u00e3o do Amazonas<\/h2>\n\n\n\n<p>O an\u00fancio desta a\u00e7\u00e3o foi feito durante a visita do vice-presidente Geraldo Alckmin a Manaus. Estima-se que aproximadamente meio milh\u00e3o de pessoas no Amazonas, Acre e Rond\u00f4nia tenham sido impactadas pela grave seca.<\/p>\n\n\n\n<figure class=\"wp-block-image size-large\"><img loading=\"lazy\" decoding=\"async\" width=\"1024\" height=\"613\" src=\"https:\/\/www.vagadeempregorj.com.br\/wp-content\/uploads\/2023\/10\/image-3-1024x613.png\" alt=\"\" class=\"wp-image-39098\" srcset=\"https:\/\/www.vagadeempregorj.com.br\/wp-content\/uploads\/2023\/10\/image-3-1024x613.png 1024w, https:\/\/www.vagadeempregorj.com.br\/wp-content\/uploads\/2023\/10\/image-3-300x179.png 300w, https:\/\/www.vagadeempregorj.com.br\/wp-content\/uploads\/2023\/10\/image-3-768x459.png 768w, https:\/\/www.vagadeempregorj.com.br\/wp-content\/uploads\/2023\/10\/image-3-150x90.png 150w, https:\/\/www.vagadeempregorj.com.br\/wp-content\/uploads\/2023\/10\/image-3.png 1170w\" sizes=\"auto, (max-width: 1024px) 100vw, 1024px\" \/><\/figure>\n\n\n\n<p>Normalmente, o pagamento do Bolsa Fam\u00edlia ocorre nos \u00faltimos dez dias \u00fateis de cada m\u00eas, e os benefici\u00e1rios sacam os recursos conforme o n\u00famero final do N\u00famero de Identifica\u00e7\u00e3o Social (NIS). No entanto, essa antecipa\u00e7\u00e3o se aplica aos benefici\u00e1rios dos munic\u00edpios amazonenses que foram declarados em estado de emerg\u00eancia pelo governador estadual.<\/p>\n\n\n\n<h3 class=\"wp-block-heading\">Cidades<\/h3>\n\n\n\n<p>As cidades inclu\u00eddas nesta a\u00e7\u00e3o s\u00e3o as seguintes: Alvar\u00e3es, Amatura, Anam\u00e3, Anori, Atalaia do Norte, Autazes, Barreirinha, Benjamin Constant, Beruri, Boa Vista do Ramos, Boca do Acre, Borba, Caapiranga, Carauari, Careiro, Careiro da V\u00e1rzea, Coari, Codaj\u00e1s, Eirunep\u00e9, Envira, Fonte Boa, Guajar\u00e1, Humait\u00e1, Ipixuna, Iranduba, Itacoatiara, Itamarati, Itapiranga, Japur\u00e1, Juru\u00e1, Juta\u00ed, Manacapuru, Manaquiri, Manaus, Manicor\u00e9, Mara\u00e3, Mau\u00e9s, Nhamund\u00e1, Nova Olinda do Norte, Novo Air\u00e3o, Novo Aripuan\u00e3, Parintins, Pauini, Rio Preto da Eva, Santo Ant\u00f4nio do I\u00e7a, Sao Paulo de Oliven\u00e7a, Sao Sebastiao do Uatum\u00e3, Silves, Tabatinga, Tapau\u00e1, Tef\u00e9, Tonantins, Uarini, Urucar\u00e1 e Urucurituba.<\/p>\n\n\n\n<p>Para as fam\u00edlias que recebem o benef\u00edcio atrav\u00e9s da Conta Poupan\u00e7a Social Digital, ser\u00e1 poss\u00edvel movimentar os recursos utilizando o aplicativo Caixa Tem, evitando a necessidade de se dirigir a uma ag\u00eancia banc\u00e1ria.<\/p>\n\n\n\n<p>Com essa op\u00e7\u00e3o, \u00e9 vi\u00e1vel realizar saques em lot\u00e9ricas e locais autorizados Caixa Aqui, al\u00e9m de utilizar terminais de autoatendimento por meio da gera\u00e7\u00e3o de um token diretamente no aplicativo.<\/p>\n\n\n\n<h2 class=\"wp-block-heading\">Como funciona<\/h2>\n\n\n\n<p>Adicionalmente, atrav\u00e9s do cart\u00e3o de d\u00e9bito virtual do Caixa Tem, os benefici\u00e1rios ter\u00e3o a capacidade de fazer compras em supermercados, padarias, farm\u00e1cias e outros estabelecimentos que aceitem cart\u00f5es. Tamb\u00e9m ser\u00e1 poss\u00edvel realizar transfer\u00eancias via PIX e efetuar o pagamento de contas de \u00e1gua, luz, telefone e boletos em geral pelo pr\u00f3prio aplicativo ou nas casas lot\u00e9ricas.<\/p>\n\n\n\n<p>No caso dos benefici\u00e1rios que possuam o cart\u00e3o do programa Bolsa Fam\u00edlia, eles poder\u00e3o receber o benef\u00edcio em unidades lot\u00e9ricas e locais autorizados Caixa Aqui, al\u00e9m de utilizar terminais de autoatendimento. Por outro lado, se n\u00e3o dispuserem do cart\u00e3o, o saque poder\u00e1 ser realizado em ag\u00eancias da Caixa, mediante apresenta\u00e7\u00e3o de documento de identifica\u00e7\u00e3o com foto.<\/p>\n\n\n\n<h2 class=\"wp-block-heading\">O Bolsa Fam\u00edlia<\/h2>\n\n\n\n<p>O Bolsa Fam\u00edlia \u00e9 um programa de transfer\u00eancia de renda implementado pelo governo federal do Brasil. Ele foi criado com o objetivo de combater a pobreza e a desigualdade social, proporcionando assist\u00eancia financeira direta \u00e0s fam\u00edlias em situa\u00e7\u00e3o de vulnerabilidade econ\u00f4mica. Aqui est\u00e1 uma explica\u00e7\u00e3o de como o programa funciona:<\/p>\n\n\n\n<h3 class=\"wp-block-heading\">Cadastro<\/h3>\n\n\n\n<p>O primeiro passo para participar do Bolsa Fam\u00edlia \u00e9 o cadastramento das fam\u00edlias no Cadastro \u00danico para Programas Sociais do Governo Federal (Cad\u00danico). Esse cadastro \u00e9 a porta de entrada para diversos programas sociais, incluindo o Bolsa Fam\u00edlia. As fam\u00edlias precisam informar dados como renda, composi\u00e7\u00e3o familiar, escolaridade, entre outros.<\/p>\n\n\n\n<h3 class=\"wp-block-heading\">Crit\u00e9rios de Elegibilidade<\/h3>\n\n\n\n<p>As fam\u00edlias s\u00e3o selecionadas com base em crit\u00e9rios de elegibilidade que incluem renda per capita baixa (valor m\u00e1ximo para participa\u00e7\u00e3o no programa), presen\u00e7a de crian\u00e7as e adolescentes de 0 a 17 anos, gestantes e nutrizes (m\u00e3es que amamentam), entre outros crit\u00e9rios espec\u00edficos. A renda e a composi\u00e7\u00e3o familiar s\u00e3o fatores-chave na determina\u00e7\u00e3o da elegibilidade.<\/p>\n\n\n\n<h3 class=\"wp-block-heading\">Benef\u00edcios<\/h3>\n\n\n\n<p>As fam\u00edlias eleg\u00edveis ao programa recebem benef\u00edcios mensais que variam de acordo com a sua situa\u00e7\u00e3o econ\u00f4mica. Existem diferentes tipos de benef\u00edcios, como o Bolsa B\u00e1sica, o Vari\u00e1vel, o Vari\u00e1vel Jovem e o Vari\u00e1vel Nutriz, que s\u00e3o destinados a diferentes grupos de benefici\u00e1rios, como fam\u00edlias extremamente pobres, fam\u00edlias com crian\u00e7as e adolescentes, entre outros.<\/p>\n\n\n\n<h3 class=\"wp-block-heading\">Condicionalidades<\/h3>\n\n\n\n<p>Al\u00e9m do recebimento do benef\u00edcio, as fam\u00edlias s\u00e3o sujeitas a condicionalidades, que s\u00e3o requisitos que devem ser cumpridos para manter o direito ao Bolsa Fam\u00edlia. As principais condicionalidades envolvem a frequ\u00eancia escolar das crian\u00e7as e adolescentes na escola, bem como a realiza\u00e7\u00e3o de exames de sa\u00fade, como vacina\u00e7\u00e3o e pr\u00e9-natal, para gestantes e nutrizes.<\/p>\n\n\n\n<h3 class=\"wp-block-heading\">Pagamentos<\/h3>\n\n\n\n<p>O pagamento dos benef\u00edcios \u00e9 realizado mensalmente por meio de transfer\u00eancias diretas para as fam\u00edlias cadastradas. Elas podem sacar o dinheiro em ag\u00eancias banc\u00e1rias, caixas eletr\u00f4nicos ou utilizar o aplicativo Caixa Tem.<\/p>\n\n\n\n<h3 class=\"wp-block-heading\">Fiscaliza\u00e7\u00e3o<\/h3>\n\n\n\n<p>O programa \u00e9 fiscalizado para garantir que as fam\u00edlias benefici\u00e1rias estejam cumprindo as condicionalidades. Caso n\u00e3o cumpram, podem ter seus benef\u00edcios suspensos ou cancelados.<\/p>\n\n\n\n<h3 class=\"wp-block-heading\">Acompanhamento<\/h3>\n\n\n\n<p>Al\u00e9m da fiscaliza\u00e7\u00e3o, o Bolsa Fam\u00edlia oferece acompanhamento e orienta\u00e7\u00e3o \u00e0s fam\u00edlias para melhorar suas condi\u00e7\u00f5es de vida, como acesso \u00e0 educa\u00e7\u00e3o, sa\u00fade e assist\u00eancia social.<\/p>\n\n\n\n<p>O Bolsa Fam\u00edlia tem sido fundamental para reduzir a pobreza e a desigualdade no Brasil, proporcionando um al\u00edvio financeiro \u00e0s fam\u00edlias em situa\u00e7\u00e3o de vulnerabilidade e incentivando o acesso \u00e0 educa\u00e7\u00e3o e \u00e0 sa\u00fade. O programa \u00e9 uma parte importante da pol\u00edtica de assist\u00eancia social do governo brasileiro.<\/p>\n\n\n\n<p><strong>Veja tamb\u00e9m: <a href=\"https:\/\/www.vagadeempregorj.com.br\/ar\/cnh-para-quem-tem-bolsa-familia-veja-se-voce-tem-direito-a-sua\/\">CNH para quem tem bolsa fam\u00edlia: Veja se voc\u00ea tem direito a sua<\/a><\/strong><\/p>\n\n\n\n<p>15 de outubro de 2023<\/p>","protected":false},"excerpt":{"rendered":"<p>Esse adiantamento do pagamento do programa trar\u00e1 um benef\u00edcio direto \u00e0s fam\u00edlias mais necessitadas nas cidades afetadas pela prolongada escassez de chuva. A partir de 18 de janeiro, os benefici\u00e1rios do Bolsa Fam\u00edlia em 55 munic\u00edpios do Amazonas ter\u00e3o a oportunidade de sacar os recursos do programa social. Essa decis\u00e3o foi tomada em conjunto pelo&hellip;&nbsp;<\/p>","protected":false},"author":16,"featured_media":39098,"comment_status":"closed","ping_status":"closed","sticky":false,"template":"","format":"standard","meta":{"neve_meta_sidebar":"","neve_meta_container":"","neve_meta_enable_content_width":"","neve_meta_content_width":0,"neve_meta_title_alignment":"","neve_meta_author_avatar":"","neve_post_elements_order":"","neve_meta_disable_header":"","neve_meta_disable_footer":"","neve_meta_disable_title":"","footnotes":""},"categories":[1],"tags":[],"class_list":["post-39097","post","type-post","status-publish","format-standard","has-post-thumbnail","hentry","category-beneficios-sociais"],"yoast_head":"<!-- This site is optimized with the Yoast SEO plugin v27.5 - https:\/\/yoast.com\/product\/yoast-seo-wordpress\/ -->\n<title>Bolsa Fam\u00edlia antecipado para o Amazonas; entenda aqui -<\/title>\n<meta name=\"description\" content=\"Veja em Vagas de Emprego RJ as vagas de emprego com e sem experi\u00eancia no seu Estado e Regi\u00e3o!\" \/>\n<meta name=\"robots\" content=\"index, follow, max-snippet:-1, max-image-preview:large, max-video-preview:-1\" \/>\n<link rel=\"canonical\" href=\"https:\/\/www.vagadeempregorj.com.br\/ar\/bolsa-familia-antecipado-para-o-amazonas-entenda-aqui\/\" \/>\n<meta property=\"og:locale\" content=\"ar_AR\" \/>\n<meta property=\"og:type\" content=\"article\" \/>\n<meta property=\"og:title\" content=\"Bolsa Fam\u00edlia antecipado para o Amazonas; entenda aqui -\" \/>\n<meta property=\"og:description\" content=\"Veja em Vagas de Emprego RJ as vagas de emprego com e sem experi\u00eancia no seu Estado e Regi\u00e3o!\" \/>\n<meta property=\"og:url\" content=\"https:\/\/www.vagadeempregorj.com.br\/ar\/bolsa-familia-antecipado-para-o-amazonas-entenda-aqui\/\" \/>\n<meta property=\"article:publisher\" content=\"https:\/\/www.facebook.com\/empregobrasiloficial\" \/>\n<meta property=\"article:published_time\" content=\"2023-10-15T03:01:00+00:00\" \/>\n<meta property=\"og:image\" content=\"https:\/\/www.vagadeempregorj.com.br\/wp-content\/uploads\/2023\/10\/image-3.png\" \/>\n\t<meta property=\"og:image:width\" content=\"1170\" \/>\n\t<meta property=\"og:image:height\" content=\"700\" \/>\n\t<meta property=\"og:image:type\" content=\"image\/png\" \/>\n<meta name=\"author\" content=\"Michele\" \/>\n<meta name=\"twitter:card\" content=\"summary_large_image\" \/>\n<meta name=\"twitter:label1\" content=\"Written by\" \/>\n\t<meta name=\"twitter:data1\" content=\"Michele\" \/>\n\t<meta name=\"twitter:label2\" content=\"Est. reading time\" \/>\n\t<meta name=\"twitter:data2\" content=\"5 \u062f\u0642\u0627\u0626\u0642\" \/>\n<script type=\"application\/ld+json\" class=\"yoast-schema-graph\">{\"@context\":\"https:\\\/\\\/schema.org\",\"@graph\":[{\"@type\":\"Article\",\"@id\":\"https:\\\/\\\/www.vagadeempregorj.com.br\\\/bolsa-familia-antecipado-para-o-amazonas-entenda-aqui\\\/#article\",\"isPartOf\":{\"@id\":\"https:\\\/\\\/www.vagadeempregorj.com.br\\\/bolsa-familia-antecipado-para-o-amazonas-entenda-aqui\\\/\"},\"author\":{\"name\":\"Michele\",\"@id\":\"https:\\\/\\\/www.vagadeempregorj.com.br\\\/#\\\/schema\\\/person\\\/3ddb19fa0539706786e502152f3aae95\"},\"headline\":\"Bolsa Fam\u00edlia antecipado para o Amazonas; entenda aqui\",\"datePublished\":\"2023-10-15T03:01:00+00:00\",\"mainEntityOfPage\":{\"@id\":\"https:\\\/\\\/www.vagadeempregorj.com.br\\\/bolsa-familia-antecipado-para-o-amazonas-entenda-aqui\\\/\"},\"wordCount\":1012,\"image\":{\"@id\":\"https:\\\/\\\/www.vagadeempregorj.com.br\\\/bolsa-familia-antecipado-para-o-amazonas-entenda-aqui\\\/#primaryimage\"},\"thumbnailUrl\":\"https:\\\/\\\/www.vagadeempregorj.com.br\\\/wp-content\\\/uploads\\\/2023\\\/10\\\/image-3.png\",\"articleSection\":[\"Benef\u00edcios Sociais\"],\"inLanguage\":\"ar\"},{\"@type\":\"WebPage\",\"@id\":\"https:\\\/\\\/www.vagadeempregorj.com.br\\\/bolsa-familia-antecipado-para-o-amazonas-entenda-aqui\\\/\",\"url\":\"https:\\\/\\\/www.vagadeempregorj.com.br\\\/bolsa-familia-antecipado-para-o-amazonas-entenda-aqui\\\/\",\"name\":\"Bolsa Fam\u00edlia antecipado para o Amazonas; entenda aqui -\",\"isPartOf\":{\"@id\":\"https:\\\/\\\/www.vagadeempregorj.com.br\\\/#website\"},\"primaryImageOfPage\":{\"@id\":\"https:\\\/\\\/www.vagadeempregorj.com.br\\\/bolsa-familia-antecipado-para-o-amazonas-entenda-aqui\\\/#primaryimage\"},\"image\":{\"@id\":\"https:\\\/\\\/www.vagadeempregorj.com.br\\\/bolsa-familia-antecipado-para-o-amazonas-entenda-aqui\\\/#primaryimage\"},\"thumbnailUrl\":\"https:\\\/\\\/www.vagadeempregorj.com.br\\\/wp-content\\\/uploads\\\/2023\\\/10\\\/image-3.png\",\"datePublished\":\"2023-10-15T03:01:00+00:00\",\"author\":{\"@id\":\"https:\\\/\\\/www.vagadeempregorj.com.br\\\/#\\\/schema\\\/person\\\/3ddb19fa0539706786e502152f3aae95\"},\"description\":\"Veja em Vagas de Emprego RJ as vagas de emprego com e sem experi\u00eancia no seu Estado e Regi\u00e3o!\",\"breadcrumb\":{\"@id\":\"https:\\\/\\\/www.vagadeempregorj.com.br\\\/bolsa-familia-antecipado-para-o-amazonas-entenda-aqui\\\/#breadcrumb\"},\"inLanguage\":\"ar\",\"potentialAction\":[{\"@type\":\"ReadAction\",\"target\":[\"https:\\\/\\\/www.vagadeempregorj.com.br\\\/bolsa-familia-antecipado-para-o-amazonas-entenda-aqui\\\/\"]}]},{\"@type\":\"ImageObject\",\"inLanguage\":\"ar\",\"@id\":\"https:\\\/\\\/www.vagadeempregorj.com.br\\\/bolsa-familia-antecipado-para-o-amazonas-entenda-aqui\\\/#primaryimage\",\"url\":\"https:\\\/\\\/www.vagadeempregorj.com.br\\\/wp-content\\\/uploads\\\/2023\\\/10\\\/image-3.png\",\"contentUrl\":\"https:\\\/\\\/www.vagadeempregorj.com.br\\\/wp-content\\\/uploads\\\/2023\\\/10\\\/image-3.png\",\"width\":1170,\"height\":700},{\"@type\":\"BreadcrumbList\",\"@id\":\"https:\\\/\\\/www.vagadeempregorj.com.br\\\/bolsa-familia-antecipado-para-o-amazonas-entenda-aqui\\\/#breadcrumb\",\"itemListElement\":[{\"@type\":\"ListItem\",\"position\":1,\"name\":\"In\u00edcio\",\"item\":\"https:\\\/\\\/www.vagadeempregorj.com.br\\\/\"},{\"@type\":\"ListItem\",\"position\":2,\"name\":\"Benef\u00edcios Sociais\",\"item\":\"https:\\\/\\\/www.vagadeempregorj.com.br\\\/beneficios-sociais\\\/\"},{\"@type\":\"ListItem\",\"position\":3,\"name\":\"Bolsa Fam\u00edlia antecipado para o Amazonas; entenda aqui\"}]},{\"@type\":\"WebSite\",\"@id\":\"https:\\\/\\\/www.vagadeempregorj.com.br\\\/#website\",\"url\":\"https:\\\/\\\/www.vagadeempregorj.com.br\\\/\",\"name\":\"\",\"description\":\"Conquiste Sonhos: Vagas, Benef\u00edcios e Economia para Transformar Vidas e Alcan\u00e7ar Melhorias Cotidianas\",\"potentialAction\":[{\"@type\":\"SearchAction\",\"target\":{\"@type\":\"EntryPoint\",\"urlTemplate\":\"https:\\\/\\\/www.vagadeempregorj.com.br\\\/?s={search_term_string}\"},\"query-input\":{\"@type\":\"PropertyValueSpecification\",\"valueRequired\":true,\"valueName\":\"search_term_string\"}}],\"inLanguage\":\"ar\"},{\"@type\":\"Person\",\"@id\":\"https:\\\/\\\/www.vagadeempregorj.com.br\\\/#\\\/schema\\\/person\\\/3ddb19fa0539706786e502152f3aae95\",\"name\":\"Michele\",\"image\":{\"@type\":\"ImageObject\",\"inLanguage\":\"ar\",\"@id\":\"https:\\\/\\\/secure.gravatar.com\\\/avatar\\\/6b0eb9d22841282815e2cd856a0061c45e1761cd54b22e952d98c4746939aa85?s=96&r=g\",\"url\":\"https:\\\/\\\/secure.gravatar.com\\\/avatar\\\/6b0eb9d22841282815e2cd856a0061c45e1761cd54b22e952d98c4746939aa85?s=96&r=g\",\"contentUrl\":\"https:\\\/\\\/secure.gravatar.com\\\/avatar\\\/6b0eb9d22841282815e2cd856a0061c45e1761cd54b22e952d98c4746939aa85?s=96&r=g\",\"caption\":\"Michele\"},\"description\":\"Formada em Letras - Portugu\u00eas\\\/ Ingl\u00eas, e idealizadora do site Escritora de Sucesso, busca expandir o conhecimento de todos com informa\u00e7\u00f5es relevantes sobre diversos assuntos, enquanto redatora. No Vaga de Emprego RJ, traz oportunidades e dicas sobre o mercado de trabalho.\",\"url\":\"https:\\\/\\\/www.vagadeempregorj.com.br\\\/ar\\\/author\\\/michele\\\/\"}]}<\/script>\n<!-- \/ Yoast SEO plugin. -->","yoast_head_json":{"title":"Bolsa Fam\u00edlia antecipado para o Amazonas; entenda aqui -","description":"Veja em Vagas de Emprego RJ as vagas de emprego com e sem experi\u00eancia no seu Estado e Regi\u00e3o!","robots":{"index":"index","follow":"follow","max-snippet":"max-snippet:-1","max-image-preview":"max-image-preview:large","max-video-preview":"max-video-preview:-1"},"canonical":"https:\/\/www.vagadeempregorj.com.br\/ar\/bolsa-familia-antecipado-para-o-amazonas-entenda-aqui\/","og_locale":"ar_AR","og_type":"article","og_title":"Bolsa Fam\u00edlia antecipado para o Amazonas; entenda aqui -","og_description":"Veja em Vagas de Emprego RJ as vagas de emprego com e sem experi\u00eancia no seu Estado e Regi\u00e3o!","og_url":"https:\/\/www.vagadeempregorj.com.br\/ar\/bolsa-familia-antecipado-para-o-amazonas-entenda-aqui\/","article_publisher":"https:\/\/www.facebook.com\/empregobrasiloficial","article_published_time":"2023-10-15T03:01:00+00:00","og_image":[{"width":1170,"height":700,"url":"https:\/\/www.vagadeempregorj.com.br\/wp-content\/uploads\/2023\/10\/image-3.png","type":"image\/png"}],"author":"Michele","twitter_card":"summary_large_image","twitter_misc":{"Written by":"Michele","Est. reading time":"5 \u062f\u0642\u0627\u0626\u0642"},"schema":{"@context":"https:\/\/schema.org","@graph":[{"@type":"Article","@id":"https:\/\/www.vagadeempregorj.com.br\/bolsa-familia-antecipado-para-o-amazonas-entenda-aqui\/#article","isPartOf":{"@id":"https:\/\/www.vagadeempregorj.com.br\/bolsa-familia-antecipado-para-o-amazonas-entenda-aqui\/"},"author":{"name":"Michele","@id":"https:\/\/www.vagadeempregorj.com.br\/#\/schema\/person\/3ddb19fa0539706786e502152f3aae95"},"headline":"Bolsa Fam\u00edlia antecipado para o Amazonas; entenda aqui","datePublished":"2023-10-15T03:01:00+00:00","mainEntityOfPage":{"@id":"https:\/\/www.vagadeempregorj.com.br\/bolsa-familia-antecipado-para-o-amazonas-entenda-aqui\/"},"wordCount":1012,"image":{"@id":"https:\/\/www.vagadeempregorj.com.br\/bolsa-familia-antecipado-para-o-amazonas-entenda-aqui\/#primaryimage"},"thumbnailUrl":"https:\/\/www.vagadeempregorj.com.br\/wp-content\/uploads\/2023\/10\/image-3.png","articleSection":["Benef\u00edcios Sociais"],"inLanguage":"ar"},{"@type":"WebPage","@id":"https:\/\/www.vagadeempregorj.com.br\/bolsa-familia-antecipado-para-o-amazonas-entenda-aqui\/","url":"https:\/\/www.vagadeempregorj.com.br\/bolsa-familia-antecipado-para-o-amazonas-entenda-aqui\/","name":"Bolsa Fam\u00edlia antecipado para o Amazonas; entenda aqui -","isPartOf":{"@id":"https:\/\/www.vagadeempregorj.com.br\/#website"},"primaryImageOfPage":{"@id":"https:\/\/www.vagadeempregorj.com.br\/bolsa-familia-antecipado-para-o-amazonas-entenda-aqui\/#primaryimage"},"image":{"@id":"https:\/\/www.vagadeempregorj.com.br\/bolsa-familia-antecipado-para-o-amazonas-entenda-aqui\/#primaryimage"},"thumbnailUrl":"https:\/\/www.vagadeempregorj.com.br\/wp-content\/uploads\/2023\/10\/image-3.png","datePublished":"2023-10-15T03:01:00+00:00","author":{"@id":"https:\/\/www.vagadeempregorj.com.br\/#\/schema\/person\/3ddb19fa0539706786e502152f3aae95"},"description":"Veja em Vagas de Emprego RJ as vagas de emprego com e sem experi\u00eancia no seu Estado e Regi\u00e3o!","breadcrumb":{"@id":"https:\/\/www.vagadeempregorj.com.br\/bolsa-familia-antecipado-para-o-amazonas-entenda-aqui\/#breadcrumb"},"inLanguage":"ar","potentialAction":[{"@type":"ReadAction","target":["https:\/\/www.vagadeempregorj.com.br\/bolsa-familia-antecipado-para-o-amazonas-entenda-aqui\/"]}]},{"@type":"ImageObject","inLanguage":"ar","@id":"https:\/\/www.vagadeempregorj.com.br\/bolsa-familia-antecipado-para-o-amazonas-entenda-aqui\/#primaryimage","url":"https:\/\/www.vagadeempregorj.com.br\/wp-content\/uploads\/2023\/10\/image-3.png","contentUrl":"https:\/\/www.vagadeempregorj.com.br\/wp-content\/uploads\/2023\/10\/image-3.png","width":1170,"height":700},{"@type":"BreadcrumbList","@id":"https:\/\/www.vagadeempregorj.com.br\/bolsa-familia-antecipado-para-o-amazonas-entenda-aqui\/#breadcrumb","itemListElement":[{"@type":"ListItem","position":1,"name":"In\u00edcio","item":"https:\/\/www.vagadeempregorj.com.br\/"},{"@type":"ListItem","position":2,"name":"Benef\u00edcios Sociais","item":"https:\/\/www.vagadeempregorj.com.br\/beneficios-sociais\/"},{"@type":"ListItem","position":3,"name":"Bolsa Fam\u00edlia antecipado para o Amazonas; entenda aqui"}]},{"@type":"WebSite","@id":"https:\/\/www.vagadeempregorj.com.br\/#website","url":"https:\/\/www.vagadeempregorj.com.br\/","name":"","description":"Conquiste Sonhos: Vagas, Benef\u00edcios e Economia para Transformar Vidas e Alcan\u00e7ar Melhorias Cotidianas","potentialAction":[{"@type":"SearchAction","target":{"@type":"EntryPoint","urlTemplate":"https:\/\/www.vagadeempregorj.com.br\/?s={search_term_string}"},"query-input":{"@type":"PropertyValueSpecification","valueRequired":true,"valueName":"search_term_string"}}],"inLanguage":"ar"},{"@type":"Person","@id":"https:\/\/www.vagadeempregorj.com.br\/#\/schema\/person\/3ddb19fa0539706786e502152f3aae95","name":"Michele","image":{"@type":"ImageObject","inLanguage":"ar","@id":"https:\/\/secure.gravatar.com\/avatar\/6b0eb9d22841282815e2cd856a0061c45e1761cd54b22e952d98c4746939aa85?s=96&r=g","url":"https:\/\/secure.gravatar.com\/avatar\/6b0eb9d22841282815e2cd856a0061c45e1761cd54b22e952d98c4746939aa85?s=96&r=g","contentUrl":"https:\/\/secure.gravatar.com\/avatar\/6b0eb9d22841282815e2cd856a0061c45e1761cd54b22e952d98c4746939aa85?s=96&r=g","caption":"Michele"},"description":"Formada em Letras - Portugu\u00eas\/ Ingl\u00eas, e idealizadora do site Escritora de Sucesso, busca expandir o conhecimento de todos com informa\u00e7\u00f5es relevantes sobre diversos assuntos, enquanto redatora. No Vaga de Emprego RJ, traz oportunidades e dicas sobre o mercado de trabalho.","url":"https:\/\/www.vagadeempregorj.com.br\/ar\/author\/michele\/"}]}},"_links":{"self":[{"href":"https:\/\/www.vagadeempregorj.com.br\/ar\/wp-json\/wp\/v2\/posts\/39097","targetHints":{"allow":["GET"]}}],"collection":[{"href":"https:\/\/www.vagadeempregorj.com.br\/ar\/wp-json\/wp\/v2\/posts"}],"about":[{"href":"https:\/\/www.vagadeempregorj.com.br\/ar\/wp-json\/wp\/v2\/types\/post"}],"author":[{"embeddable":true,"href":"https:\/\/www.vagadeempregorj.com.br\/ar\/wp-json\/wp\/v2\/users\/16"}],"replies":[{"embeddable":true,"href":"https:\/\/www.vagadeempregorj.com.br\/ar\/wp-json\/wp\/v2\/comments?post=39097"}],"version-history":[{"count":0,"href":"https:\/\/www.vagadeempregorj.com.br\/ar\/wp-json\/wp\/v2\/posts\/39097\/revisions"}],"wp:featuredmedia":[{"embeddable":true,"href":"https:\/\/www.vagadeempregorj.com.br\/ar\/wp-json\/wp\/v2\/media\/39098"}],"wp:attachment":[{"href":"https:\/\/www.vagadeempregorj.com.br\/ar\/wp-json\/wp\/v2\/media?parent=39097"}],"wp:term":[{"taxonomy":"category","embeddable":true,"href":"https:\/\/www.vagadeempregorj.com.br\/ar\/wp-json\/wp\/v2\/categories?post=39097"},{"taxonomy":"post_tag","embeddable":true,"href":"https:\/\/www.vagadeempregorj.com.br\/ar\/wp-json\/wp\/v2\/tags?post=39097"}],"curies":[{"name":"wp","href":"https:\/\/api.w.org\/{rel}","templated":true}]}}