{"id":39100,"date":"2023-10-17T00:01:00","date_gmt":"2023-10-17T03:01:00","guid":{"rendered":"https:\/\/www.vagadeempregorj.com.br\/?p=39100"},"modified":"2023-10-14T16:24:34","modified_gmt":"2023-10-14T19:24:34","slug":"15-doencas-que-permitem-o-saque-do-fgts-veja-quais-sao-elas","status":"publish","type":"post","link":"https:\/\/www.vagadeempregorj.com.br\/ar\/15-doencas-que-permitem-o-saque-do-fgts-veja-quais-sao-elas\/","title":{"rendered":"15 doen\u00e7as que permitem o saque do FGTS; veja quais s\u00e3o elas"},"content":{"rendered":"<p>O Fundo de Garantia do Tempo de Servi\u00e7o (FGTS) \u00e9 um benef\u00edcio essencial para os trabalhadores brasileiros. Criado para proteger o trabalhador em situa\u00e7\u00f5es de desemprego, doen\u00e7a grave ou aquisi\u00e7\u00e3o da casa pr\u00f3pria, o FGTS \u00e9 uma esp\u00e9cie de poupan\u00e7a compuls\u00f3ria que todo empregador deve depositar mensalmente em uma conta espec\u00edfica do empregado.<\/p>\n\n\n\n<h2 class=\"wp-block-heading\">Quais s\u00e3o as doen\u00e7as que permitem o saque do FGTS?<\/h2>\n\n\n\n<p>Muitos n\u00e3o sabem que algumas doen\u00e7as graves permitem o saque antecipado desse fundo. A seguir, veja aquelas que garantem o direito de sacar o FGTS.<\/p>\n\n\n\n<figure class=\"wp-block-image size-large\"><img loading=\"lazy\" decoding=\"async\" width=\"1024\" height=\"576\" src=\"https:\/\/www.vagadeempregorj.com.br\/wp-content\/uploads\/2023\/10\/image-4-1024x576.png\" alt=\"\" class=\"wp-image-39101\" srcset=\"https:\/\/www.vagadeempregorj.com.br\/wp-content\/uploads\/2023\/10\/image-4-1024x576.png 1024w, https:\/\/www.vagadeempregorj.com.br\/wp-content\/uploads\/2023\/10\/image-4-300x169.png 300w, https:\/\/www.vagadeempregorj.com.br\/wp-content\/uploads\/2023\/10\/image-4-768x432.png 768w, https:\/\/www.vagadeempregorj.com.br\/wp-content\/uploads\/2023\/10\/image-4-383x215.png 383w, https:\/\/www.vagadeempregorj.com.br\/wp-content\/uploads\/2023\/10\/image-4-150x84.png 150w, https:\/\/www.vagadeempregorj.com.br\/wp-content\/uploads\/2023\/10\/image-4.png 1200w\" sizes=\"auto, (max-width: 1024px) 100vw, 1024px\" \/><\/figure>\n\n\n\n<h3 class=\"wp-block-heading\">1. C\u00e2ncer<\/h3>\n\n\n\n<p>O c\u00e2ncer \u00e9 uma das doen\u00e7as mais temidas no mundo, e \u00e9 uma das condi\u00e7\u00f5es que permitem o saque do FGTS. Os pacientes diagnosticados com c\u00e2ncer t\u00eam direito a retirar o valor depositado em sua conta de FGTS para auxiliar no tratamento e nas despesas m\u00e9dicas relacionadas \u00e0 doen\u00e7a.<\/p>\n\n\n\n<h3 class=\"wp-block-heading\">2. HIV\/AIDS<\/h3>\n\n\n\n<p>A infec\u00e7\u00e3o pelo HIV ou AIDS \u00e9 outra condi\u00e7\u00e3o que possibilita o saque do FGTS. Pacientes que vivem com HIV ou AIDS podem utilizar esse recurso para custear tratamentos m\u00e9dicos, medicamentos e demais necessidades relacionadas \u00e0 doen\u00e7a.<\/p>\n\n\n\n<h3 class=\"wp-block-heading\">3. Esclerose M\u00faltipla<\/h3>\n\n\n\n<p>A esclerose m\u00faltipla \u00e9 uma doen\u00e7a neurol\u00f3gica que afeta o sistema nervoso central. Pacientes diagnosticados com esclerose m\u00faltipla podem sacar o FGTS para ajudar no tratamento, compra de medicamentos e adapta\u00e7\u00e3o do ambiente para as necessidades decorrentes da doen\u00e7a.<\/p>\n\n\n\n<h3 class=\"wp-block-heading\">4. Hepatites Cr\u00f4nicas<\/h3>\n\n\n\n<p>As hepatites cr\u00f4nicas, especialmente as do tipo B e C, podem levar a danos hep\u00e1ticos graves. Pacientes com diagn\u00f3stico de hepatites cr\u00f4nicas t\u00eam direito ao saque do FGTS para custear o tratamento m\u00e9dico e a manuten\u00e7\u00e3o da qualidade de vida.<\/p>\n\n\n\n<h3 class=\"wp-block-heading\">5. Doen\u00e7a de Parkinson<\/h3>\n\n\n\n<p>A doen\u00e7a de Parkinson \u00e9 uma condi\u00e7\u00e3o neurol\u00f3gica progressiva que afeta a coordena\u00e7\u00e3o motora. Os pacientes com essa doen\u00e7a podem sacar o FGTS para investir em tratamentos fisioterap\u00eauticos, medicamentos e adapta\u00e7\u00f5es em sua resid\u00eancia.<\/p>\n\n\n\n<h3 class=\"wp-block-heading\">6. Cardiopatias Graves<\/h3>\n\n\n\n<p>Doen\u00e7as card\u00edacas graves, como insufici\u00eancia card\u00edaca, angina inst\u00e1vel e cardiomiopatia, permitem o saque do FGTS. Os recursos podem ser utilizados para procedimentos cir\u00fargicos, compra de medicamentos e tratamentos relacionados \u00e0 sa\u00fade do cora\u00e7\u00e3o.<\/p>\n\n\n\n<h3 class=\"wp-block-heading\">7. Doen\u00e7a de Alzheimer<\/h3>\n\n\n\n<p>A doen\u00e7a de Alzheimer \u00e9 uma doen\u00e7a neurodegenerativa que afeta a mem\u00f3ria e o racioc\u00ednio. Pacientes com esse diagn\u00f3stico t\u00eam o direito de sacar o FGTS para custear cuidados m\u00e9dicos, tratamentos e adapta\u00e7\u00f5es em suas casas para melhorar a qualidade de vida.<\/p>\n\n\n\n<h3 class=\"wp-block-heading\">8. Paralisia Irrevers\u00edvel e Incapacitante<\/h3>\n\n\n\n<p>Qualquer tipo de paralisia irrevers\u00edvel e incapacitante, como paraplegia e tetraplegia, permite o saque do FGTS. Os recursos podem ser usados para adaptar a resid\u00eancia, adquirir equipamentos de locomo\u00e7\u00e3o e cobrir despesas m\u00e9dicas relacionadas \u00e0 condi\u00e7\u00e3o.<\/p>\n\n\n\n<h3 class=\"wp-block-heading\">9. Fibrose C\u00edstica<\/h3>\n\n\n\n<p>A fibrose c\u00edstica \u00e9 uma doen\u00e7a gen\u00e9tica que afeta os pulm\u00f5es e o sistema digestivo. Os pacientes com fibrose c\u00edstica podem sacar o FGTS para auxiliar nos tratamentos m\u00e9dicos, fisioterapia respirat\u00f3ria e compra de medicamentos espec\u00edficos.<\/p>\n\n\n\n<h3 class=\"wp-block-heading\">10. Espondiloartrose Anquilosante<\/h3>\n\n\n\n<p>A espondiloartrose anquilosante \u00e9 uma doen\u00e7a reum\u00e1tica que afeta as articula\u00e7\u00f5es. Os pacientes com essa condi\u00e7\u00e3o t\u00eam direito ao saque do FGTS para custear tratamentos m\u00e9dicos, fisioterapia e aquisi\u00e7\u00e3o de equipamentos de apoio.<\/p>\n\n\n\n<h3 class=\"wp-block-heading\">11. Nefropatia Grave<\/h3>\n\n\n\n<p>Pacientes diagnosticados com nefropatia grave, uma doen\u00e7a que afeta os rins, podem sacar o FGTS para auxiliar no tratamento, incluindo a realiza\u00e7\u00e3o de di\u00e1lise e transplante renal, bem como a compra de medicamentos necess\u00e1rios.<\/p>\n\n\n\n<h3 class=\"wp-block-heading\">12. Cegueira<\/h3>\n\n\n\n<p>A cegueira \u00e9 uma condi\u00e7\u00e3o que permite o saque do FGTS. Os recursos podem ser utilizados para aquisi\u00e7\u00e3o de equipamentos e servi\u00e7os de reabilita\u00e7\u00e3o, bem como para adaptar o ambiente do paciente \u00e0s suas necessidades.<\/p>\n\n\n\n<h3 class=\"wp-block-heading\">13. Neoplasia Maligna<\/h3>\n\n\n\n<p>Al\u00e9m do c\u00e2ncer, outras neoplasias malignas (tumores malignos) permitem o saque do FGTS. Os pacientes com diagn\u00f3stico de qualquer tipo de c\u00e2ncer maligno t\u00eam direito a esse benef\u00edcio.<\/p>\n\n\n\n<h3 class=\"wp-block-heading\">14. AIDS (para dependentes)<\/h3>\n\n\n\n<p>Al\u00e9m dos pacientes que vivem com HIV\/AIDS, os dependentes de trabalhadores falecidos devido \u00e0 AIDS tamb\u00e9m t\u00eam direito ao saque do FGTS.<\/p>\n\n\n\n<h3 class=\"wp-block-heading\">15. Tuberculose Ativa (para dependentes)<\/h3>\n\n\n\n<p>Dependentes de trabalhadores falecidos devido \u00e0 tuberculose ativa tamb\u00e9m t\u00eam o direito de sacar o FGTS.<\/p>\n\n\n\n<p>\u00c9 importante ressaltar que, para ter direito ao saque do FGTS devido a uma doen\u00e7a grave, o trabalhador ou seus dependentes precisam cumprir alguns requisitos. Em geral, \u00e9 necess\u00e1rio apresentar laudos m\u00e9dicos, exames e documenta\u00e7\u00e3o que comprovem a condi\u00e7\u00e3o m\u00e9dica. Al\u00e9m disso, \u00e9 crucial consultar a Caixa Econ\u00f4mica Federal ou o \u00f3rg\u00e3o respons\u00e1vel para obter informa\u00e7\u00f5es detalhadas sobre os procedimentos e os documentos necess\u00e1rios para realizar o saque.<\/p>\n\n\n\n<p>Al\u00e9m das 15 doen\u00e7as mencionadas, \u00e9 essencial mencionar que outras situa\u00e7\u00f5es espec\u00edficas tamb\u00e9m podem permitir o saque do FGTS. Por exemplo, a aquisi\u00e7\u00e3o da casa pr\u00f3pria, a aposentadoria, a demiss\u00e3o sem justa causa e at\u00e9 mesmo desastres naturais podem possibilitar o acesso aos recursos do FGTS. Portanto, \u00e9 fundamental estar ciente dos seus direitos e procurar orienta\u00e7\u00e3o adequada quando necess\u00e1rio.<\/p>\n\n\n\n<p>No entanto, \u00e9 importante observar que o FGTS \u00e9 um benef\u00edcio importante, e sac\u00e1-lo em situa\u00e7\u00f5es de necessidade extrema, como uma doen\u00e7a grave, pode diminuir a seguran\u00e7a financeira a longo prazo. Portanto, antes de realizar o saque, \u00e9 aconselh\u00e1vel buscar orienta\u00e7\u00e3o de um profissional financeiro para avaliar as melhores op\u00e7\u00f5es dispon\u00edveis, considerando as necessidades imediatas e os objetivos futuros.<\/p>\n\n\n\n<p>Al\u00e9m disso, \u00e9 crucial destacar que o saque do FGTS devido a doen\u00e7as graves \u00e9 uma maneira importante de apoiar pacientes e suas fam\u00edlias em momentos dif\u00edceis. Esses recursos podem ser utilizados para cobrir despesas m\u00e9dicas, tratamentos, adapta\u00e7\u00f5es no ambiente e, em \u00faltima inst\u00e2ncia, melhorar a qualidade de vida dos afetados pela doen\u00e7a.<\/p>\n\n\n\n<p>Lembre-se de que o acesso ao FGTS \u00e9 um direito do trabalhador, e a legisla\u00e7\u00e3o est\u00e1 em constante evolu\u00e7\u00e3o. Portanto, \u00e9 fundamental ficar atualizado sobre as condi\u00e7\u00f5es que permitem o saque do FGTS, bem como os procedimentos necess\u00e1rios para solicitar o benef\u00edcio.<\/p>\n\n\n\n<p><strong>Veja tamb\u00e9m: <a href=\"https:\/\/www.vagadeempregorj.com.br\/ar\/quem-recebe-bolsa-familia-pode-ter-carteira-assinada-entenda-o-beneficio\/\">Quem recebe Bolsa Fam\u00edlia pode ter carteira assinada? Entenda o benef\u00edcio<\/a><\/strong><\/p>\n\n\n\n<p>17 de outubro de 2023<\/p>","protected":false},"excerpt":{"rendered":"<p>O Fundo de Garantia do Tempo de Servi\u00e7o (FGTS) \u00e9 um benef\u00edcio essencial para os trabalhadores brasileiros. Criado para proteger o trabalhador em situa\u00e7\u00f5es de desemprego, doen\u00e7a grave ou aquisi\u00e7\u00e3o da casa pr\u00f3pria, o FGTS \u00e9 uma esp\u00e9cie de poupan\u00e7a compuls\u00f3ria que todo empregador deve depositar mensalmente em uma conta espec\u00edfica do empregado. Quais s\u00e3o&hellip;&nbsp;<\/p>","protected":false},"author":16,"featured_media":39101,"comment_status":"closed","ping_status":"closed","sticky":false,"template":"","format":"standard","meta":{"neve_meta_sidebar":"","neve_meta_container":"","neve_meta_enable_content_width":"","neve_meta_content_width":0,"neve_meta_title_alignment":"","neve_meta_author_avatar":"","neve_post_elements_order":"","neve_meta_disable_header":"","neve_meta_disable_footer":"","neve_meta_disable_title":"","footnotes":""},"categories":[1],"tags":[],"class_list":["post-39100","post","type-post","status-publish","format-standard","has-post-thumbnail","hentry","category-beneficios-sociais"],"yoast_head":"<!-- This site is optimized with the Yoast SEO plugin v27.5 - https:\/\/yoast.com\/product\/yoast-seo-wordpress\/ -->\n<title>15 doen\u00e7as que permitem o saque do FGTS; veja quais s\u00e3o elas -<\/title>\n<meta name=\"description\" content=\"Veja em Vagas de Emprego RJ as vagas de emprego com e sem experi\u00eancia no seu Estado e Regi\u00e3o!\" \/>\n<meta name=\"robots\" content=\"index, follow, max-snippet:-1, max-image-preview:large, max-video-preview:-1\" \/>\n<link rel=\"canonical\" href=\"https:\/\/www.vagadeempregorj.com.br\/ar\/15-doencas-que-permitem-o-saque-do-fgts-veja-quais-sao-elas\/\" \/>\n<meta property=\"og:locale\" content=\"ar_AR\" \/>\n<meta property=\"og:type\" content=\"article\" \/>\n<meta property=\"og:title\" content=\"15 doen\u00e7as que permitem o saque do FGTS; veja quais s\u00e3o elas -\" \/>\n<meta property=\"og:description\" content=\"Veja em Vagas de Emprego RJ as vagas de emprego com e sem experi\u00eancia no seu Estado e Regi\u00e3o!\" \/>\n<meta property=\"og:url\" content=\"https:\/\/www.vagadeempregorj.com.br\/ar\/15-doencas-que-permitem-o-saque-do-fgts-veja-quais-sao-elas\/\" \/>\n<meta property=\"article:publisher\" content=\"https:\/\/www.facebook.com\/empregobrasiloficial\" \/>\n<meta property=\"article:published_time\" content=\"2023-10-17T03:01:00+00:00\" \/>\n<meta property=\"og:image\" content=\"https:\/\/www.vagadeempregorj.com.br\/wp-content\/uploads\/2023\/10\/image-4.png\" \/>\n\t<meta property=\"og:image:width\" content=\"1200\" \/>\n\t<meta property=\"og:image:height\" content=\"675\" \/>\n\t<meta property=\"og:image:type\" content=\"image\/png\" \/>\n<meta name=\"author\" content=\"Michele\" \/>\n<meta name=\"twitter:card\" content=\"summary_large_image\" \/>\n<meta name=\"twitter:label1\" content=\"Written by\" \/>\n\t<meta name=\"twitter:data1\" content=\"Michele\" \/>\n\t<meta name=\"twitter:label2\" content=\"Est. reading time\" \/>\n\t<meta name=\"twitter:data2\" content=\"5 \u062f\u0642\u0627\u0626\u0642\" \/>\n<script type=\"application\/ld+json\" class=\"yoast-schema-graph\">{\"@context\":\"https:\\\/\\\/schema.org\",\"@graph\":[{\"@type\":\"Article\",\"@id\":\"https:\\\/\\\/www.vagadeempregorj.com.br\\\/15-doencas-que-permitem-o-saque-do-fgts-veja-quais-sao-elas\\\/#article\",\"isPartOf\":{\"@id\":\"https:\\\/\\\/www.vagadeempregorj.com.br\\\/15-doencas-que-permitem-o-saque-do-fgts-veja-quais-sao-elas\\\/\"},\"author\":{\"name\":\"Michele\",\"@id\":\"https:\\\/\\\/www.vagadeempregorj.com.br\\\/#\\\/schema\\\/person\\\/3ddb19fa0539706786e502152f3aae95\"},\"headline\":\"15 doen\u00e7as que permitem o saque do FGTS; veja quais s\u00e3o elas\",\"datePublished\":\"2023-10-17T03:01:00+00:00\",\"mainEntityOfPage\":{\"@id\":\"https:\\\/\\\/www.vagadeempregorj.com.br\\\/15-doencas-que-permitem-o-saque-do-fgts-veja-quais-sao-elas\\\/\"},\"wordCount\":1074,\"image\":{\"@id\":\"https:\\\/\\\/www.vagadeempregorj.com.br\\\/15-doencas-que-permitem-o-saque-do-fgts-veja-quais-sao-elas\\\/#primaryimage\"},\"thumbnailUrl\":\"https:\\\/\\\/www.vagadeempregorj.com.br\\\/wp-content\\\/uploads\\\/2023\\\/10\\\/image-4.png\",\"articleSection\":[\"Benef\u00edcios Sociais\"],\"inLanguage\":\"ar\"},{\"@type\":\"WebPage\",\"@id\":\"https:\\\/\\\/www.vagadeempregorj.com.br\\\/15-doencas-que-permitem-o-saque-do-fgts-veja-quais-sao-elas\\\/\",\"url\":\"https:\\\/\\\/www.vagadeempregorj.com.br\\\/15-doencas-que-permitem-o-saque-do-fgts-veja-quais-sao-elas\\\/\",\"name\":\"15 doen\u00e7as que permitem o saque do FGTS; veja quais s\u00e3o elas -\",\"isPartOf\":{\"@id\":\"https:\\\/\\\/www.vagadeempregorj.com.br\\\/#website\"},\"primaryImageOfPage\":{\"@id\":\"https:\\\/\\\/www.vagadeempregorj.com.br\\\/15-doencas-que-permitem-o-saque-do-fgts-veja-quais-sao-elas\\\/#primaryimage\"},\"image\":{\"@id\":\"https:\\\/\\\/www.vagadeempregorj.com.br\\\/15-doencas-que-permitem-o-saque-do-fgts-veja-quais-sao-elas\\\/#primaryimage\"},\"thumbnailUrl\":\"https:\\\/\\\/www.vagadeempregorj.com.br\\\/wp-content\\\/uploads\\\/2023\\\/10\\\/image-4.png\",\"datePublished\":\"2023-10-17T03:01:00+00:00\",\"author\":{\"@id\":\"https:\\\/\\\/www.vagadeempregorj.com.br\\\/#\\\/schema\\\/person\\\/3ddb19fa0539706786e502152f3aae95\"},\"description\":\"Veja em Vagas de Emprego RJ as vagas de emprego com e sem experi\u00eancia no seu Estado e Regi\u00e3o!\",\"breadcrumb\":{\"@id\":\"https:\\\/\\\/www.vagadeempregorj.com.br\\\/15-doencas-que-permitem-o-saque-do-fgts-veja-quais-sao-elas\\\/#breadcrumb\"},\"inLanguage\":\"ar\",\"potentialAction\":[{\"@type\":\"ReadAction\",\"target\":[\"https:\\\/\\\/www.vagadeempregorj.com.br\\\/15-doencas-que-permitem-o-saque-do-fgts-veja-quais-sao-elas\\\/\"]}]},{\"@type\":\"ImageObject\",\"inLanguage\":\"ar\",\"@id\":\"https:\\\/\\\/www.vagadeempregorj.com.br\\\/15-doencas-que-permitem-o-saque-do-fgts-veja-quais-sao-elas\\\/#primaryimage\",\"url\":\"https:\\\/\\\/www.vagadeempregorj.com.br\\\/wp-content\\\/uploads\\\/2023\\\/10\\\/image-4.png\",\"contentUrl\":\"https:\\\/\\\/www.vagadeempregorj.com.br\\\/wp-content\\\/uploads\\\/2023\\\/10\\\/image-4.png\",\"width\":1200,\"height\":675},{\"@type\":\"BreadcrumbList\",\"@id\":\"https:\\\/\\\/www.vagadeempregorj.com.br\\\/15-doencas-que-permitem-o-saque-do-fgts-veja-quais-sao-elas\\\/#breadcrumb\",\"itemListElement\":[{\"@type\":\"ListItem\",\"position\":1,\"name\":\"In\u00edcio\",\"item\":\"https:\\\/\\\/www.vagadeempregorj.com.br\\\/\"},{\"@type\":\"ListItem\",\"position\":2,\"name\":\"Benef\u00edcios Sociais\",\"item\":\"https:\\\/\\\/www.vagadeempregorj.com.br\\\/beneficios-sociais\\\/\"},{\"@type\":\"ListItem\",\"position\":3,\"name\":\"15 doen\u00e7as que permitem o saque do FGTS; veja quais s\u00e3o elas\"}]},{\"@type\":\"WebSite\",\"@id\":\"https:\\\/\\\/www.vagadeempregorj.com.br\\\/#website\",\"url\":\"https:\\\/\\\/www.vagadeempregorj.com.br\\\/\",\"name\":\"\",\"description\":\"Conquiste Sonhos: Vagas, Benef\u00edcios e Economia para Transformar Vidas e Alcan\u00e7ar Melhorias Cotidianas\",\"potentialAction\":[{\"@type\":\"SearchAction\",\"target\":{\"@type\":\"EntryPoint\",\"urlTemplate\":\"https:\\\/\\\/www.vagadeempregorj.com.br\\\/?s={search_term_string}\"},\"query-input\":{\"@type\":\"PropertyValueSpecification\",\"valueRequired\":true,\"valueName\":\"search_term_string\"}}],\"inLanguage\":\"ar\"},{\"@type\":\"Person\",\"@id\":\"https:\\\/\\\/www.vagadeempregorj.com.br\\\/#\\\/schema\\\/person\\\/3ddb19fa0539706786e502152f3aae95\",\"name\":\"Michele\",\"image\":{\"@type\":\"ImageObject\",\"inLanguage\":\"ar\",\"@id\":\"https:\\\/\\\/secure.gravatar.com\\\/avatar\\\/6b0eb9d22841282815e2cd856a0061c45e1761cd54b22e952d98c4746939aa85?s=96&r=g\",\"url\":\"https:\\\/\\\/secure.gravatar.com\\\/avatar\\\/6b0eb9d22841282815e2cd856a0061c45e1761cd54b22e952d98c4746939aa85?s=96&r=g\",\"contentUrl\":\"https:\\\/\\\/secure.gravatar.com\\\/avatar\\\/6b0eb9d22841282815e2cd856a0061c45e1761cd54b22e952d98c4746939aa85?s=96&r=g\",\"caption\":\"Michele\"},\"description\":\"Formada em Letras - Portugu\u00eas\\\/ Ingl\u00eas, e idealizadora do site Escritora de Sucesso, busca expandir o conhecimento de todos com informa\u00e7\u00f5es relevantes sobre diversos assuntos, enquanto redatora. No Vaga de Emprego RJ, traz oportunidades e dicas sobre o mercado de trabalho.\",\"url\":\"https:\\\/\\\/www.vagadeempregorj.com.br\\\/ar\\\/author\\\/michele\\\/\"}]}<\/script>\n<!-- \/ Yoast SEO plugin. -->","yoast_head_json":{"title":"15 doen\u00e7as que permitem o saque do FGTS; veja quais s\u00e3o elas -","description":"Veja em Vagas de Emprego RJ as vagas de emprego com e sem experi\u00eancia no seu Estado e Regi\u00e3o!","robots":{"index":"index","follow":"follow","max-snippet":"max-snippet:-1","max-image-preview":"max-image-preview:large","max-video-preview":"max-video-preview:-1"},"canonical":"https:\/\/www.vagadeempregorj.com.br\/ar\/15-doencas-que-permitem-o-saque-do-fgts-veja-quais-sao-elas\/","og_locale":"ar_AR","og_type":"article","og_title":"15 doen\u00e7as que permitem o saque do FGTS; veja quais s\u00e3o elas -","og_description":"Veja em Vagas de Emprego RJ as vagas de emprego com e sem experi\u00eancia no seu Estado e Regi\u00e3o!","og_url":"https:\/\/www.vagadeempregorj.com.br\/ar\/15-doencas-que-permitem-o-saque-do-fgts-veja-quais-sao-elas\/","article_publisher":"https:\/\/www.facebook.com\/empregobrasiloficial","article_published_time":"2023-10-17T03:01:00+00:00","og_image":[{"width":1200,"height":675,"url":"https:\/\/www.vagadeempregorj.com.br\/wp-content\/uploads\/2023\/10\/image-4.png","type":"image\/png"}],"author":"Michele","twitter_card":"summary_large_image","twitter_misc":{"Written by":"Michele","Est. reading time":"5 \u062f\u0642\u0627\u0626\u0642"},"schema":{"@context":"https:\/\/schema.org","@graph":[{"@type":"Article","@id":"https:\/\/www.vagadeempregorj.com.br\/15-doencas-que-permitem-o-saque-do-fgts-veja-quais-sao-elas\/#article","isPartOf":{"@id":"https:\/\/www.vagadeempregorj.com.br\/15-doencas-que-permitem-o-saque-do-fgts-veja-quais-sao-elas\/"},"author":{"name":"Michele","@id":"https:\/\/www.vagadeempregorj.com.br\/#\/schema\/person\/3ddb19fa0539706786e502152f3aae95"},"headline":"15 doen\u00e7as que permitem o saque do FGTS; veja quais s\u00e3o elas","datePublished":"2023-10-17T03:01:00+00:00","mainEntityOfPage":{"@id":"https:\/\/www.vagadeempregorj.com.br\/15-doencas-que-permitem-o-saque-do-fgts-veja-quais-sao-elas\/"},"wordCount":1074,"image":{"@id":"https:\/\/www.vagadeempregorj.com.br\/15-doencas-que-permitem-o-saque-do-fgts-veja-quais-sao-elas\/#primaryimage"},"thumbnailUrl":"https:\/\/www.vagadeempregorj.com.br\/wp-content\/uploads\/2023\/10\/image-4.png","articleSection":["Benef\u00edcios Sociais"],"inLanguage":"ar"},{"@type":"WebPage","@id":"https:\/\/www.vagadeempregorj.com.br\/15-doencas-que-permitem-o-saque-do-fgts-veja-quais-sao-elas\/","url":"https:\/\/www.vagadeempregorj.com.br\/15-doencas-que-permitem-o-saque-do-fgts-veja-quais-sao-elas\/","name":"15 doen\u00e7as que permitem o saque do FGTS; veja quais s\u00e3o elas -","isPartOf":{"@id":"https:\/\/www.vagadeempregorj.com.br\/#website"},"primaryImageOfPage":{"@id":"https:\/\/www.vagadeempregorj.com.br\/15-doencas-que-permitem-o-saque-do-fgts-veja-quais-sao-elas\/#primaryimage"},"image":{"@id":"https:\/\/www.vagadeempregorj.com.br\/15-doencas-que-permitem-o-saque-do-fgts-veja-quais-sao-elas\/#primaryimage"},"thumbnailUrl":"https:\/\/www.vagadeempregorj.com.br\/wp-content\/uploads\/2023\/10\/image-4.png","datePublished":"2023-10-17T03:01:00+00:00","author":{"@id":"https:\/\/www.vagadeempregorj.com.br\/#\/schema\/person\/3ddb19fa0539706786e502152f3aae95"},"description":"Veja em Vagas de Emprego RJ as vagas de emprego com e sem experi\u00eancia no seu Estado e Regi\u00e3o!","breadcrumb":{"@id":"https:\/\/www.vagadeempregorj.com.br\/15-doencas-que-permitem-o-saque-do-fgts-veja-quais-sao-elas\/#breadcrumb"},"inLanguage":"ar","potentialAction":[{"@type":"ReadAction","target":["https:\/\/www.vagadeempregorj.com.br\/15-doencas-que-permitem-o-saque-do-fgts-veja-quais-sao-elas\/"]}]},{"@type":"ImageObject","inLanguage":"ar","@id":"https:\/\/www.vagadeempregorj.com.br\/15-doencas-que-permitem-o-saque-do-fgts-veja-quais-sao-elas\/#primaryimage","url":"https:\/\/www.vagadeempregorj.com.br\/wp-content\/uploads\/2023\/10\/image-4.png","contentUrl":"https:\/\/www.vagadeempregorj.com.br\/wp-content\/uploads\/2023\/10\/image-4.png","width":1200,"height":675},{"@type":"BreadcrumbList","@id":"https:\/\/www.vagadeempregorj.com.br\/15-doencas-que-permitem-o-saque-do-fgts-veja-quais-sao-elas\/#breadcrumb","itemListElement":[{"@type":"ListItem","position":1,"name":"In\u00edcio","item":"https:\/\/www.vagadeempregorj.com.br\/"},{"@type":"ListItem","position":2,"name":"Benef\u00edcios Sociais","item":"https:\/\/www.vagadeempregorj.com.br\/beneficios-sociais\/"},{"@type":"ListItem","position":3,"name":"15 doen\u00e7as que permitem o saque do FGTS; veja quais s\u00e3o elas"}]},{"@type":"WebSite","@id":"https:\/\/www.vagadeempregorj.com.br\/#website","url":"https:\/\/www.vagadeempregorj.com.br\/","name":"","description":"Conquiste Sonhos: Vagas, Benef\u00edcios e Economia para Transformar Vidas e Alcan\u00e7ar Melhorias Cotidianas","potentialAction":[{"@type":"SearchAction","target":{"@type":"EntryPoint","urlTemplate":"https:\/\/www.vagadeempregorj.com.br\/?s={search_term_string}"},"query-input":{"@type":"PropertyValueSpecification","valueRequired":true,"valueName":"search_term_string"}}],"inLanguage":"ar"},{"@type":"Person","@id":"https:\/\/www.vagadeempregorj.com.br\/#\/schema\/person\/3ddb19fa0539706786e502152f3aae95","name":"Michele","image":{"@type":"ImageObject","inLanguage":"ar","@id":"https:\/\/secure.gravatar.com\/avatar\/6b0eb9d22841282815e2cd856a0061c45e1761cd54b22e952d98c4746939aa85?s=96&r=g","url":"https:\/\/secure.gravatar.com\/avatar\/6b0eb9d22841282815e2cd856a0061c45e1761cd54b22e952d98c4746939aa85?s=96&r=g","contentUrl":"https:\/\/secure.gravatar.com\/avatar\/6b0eb9d22841282815e2cd856a0061c45e1761cd54b22e952d98c4746939aa85?s=96&r=g","caption":"Michele"},"description":"Formada em Letras - Portugu\u00eas\/ Ingl\u00eas, e idealizadora do site Escritora de Sucesso, busca expandir o conhecimento de todos com informa\u00e7\u00f5es relevantes sobre diversos assuntos, enquanto redatora. No Vaga de Emprego RJ, traz oportunidades e dicas sobre o mercado de trabalho.","url":"https:\/\/www.vagadeempregorj.com.br\/ar\/author\/michele\/"}]}},"_links":{"self":[{"href":"https:\/\/www.vagadeempregorj.com.br\/ar\/wp-json\/wp\/v2\/posts\/39100","targetHints":{"allow":["GET"]}}],"collection":[{"href":"https:\/\/www.vagadeempregorj.com.br\/ar\/wp-json\/wp\/v2\/posts"}],"about":[{"href":"https:\/\/www.vagadeempregorj.com.br\/ar\/wp-json\/wp\/v2\/types\/post"}],"author":[{"embeddable":true,"href":"https:\/\/www.vagadeempregorj.com.br\/ar\/wp-json\/wp\/v2\/users\/16"}],"replies":[{"embeddable":true,"href":"https:\/\/www.vagadeempregorj.com.br\/ar\/wp-json\/wp\/v2\/comments?post=39100"}],"version-history":[{"count":0,"href":"https:\/\/www.vagadeempregorj.com.br\/ar\/wp-json\/wp\/v2\/posts\/39100\/revisions"}],"wp:featuredmedia":[{"embeddable":true,"href":"https:\/\/www.vagadeempregorj.com.br\/ar\/wp-json\/wp\/v2\/media\/39101"}],"wp:attachment":[{"href":"https:\/\/www.vagadeempregorj.com.br\/ar\/wp-json\/wp\/v2\/media?parent=39100"}],"wp:term":[{"taxonomy":"category","embeddable":true,"href":"https:\/\/www.vagadeempregorj.com.br\/ar\/wp-json\/wp\/v2\/categories?post=39100"},{"taxonomy":"post_tag","embeddable":true,"href":"https:\/\/www.vagadeempregorj.com.br\/ar\/wp-json\/wp\/v2\/tags?post=39100"}],"curies":[{"name":"wp","href":"https:\/\/api.w.org\/{rel}","templated":true}]}}