{"id":39281,"date":"2023-12-16T22:30:40","date_gmt":"2023-12-17T01:30:40","guid":{"rendered":"https:\/\/www.vagadeempregorj.com.br\/?p=39281"},"modified":"2023-12-16T22:30:42","modified_gmt":"2023-12-17T01:30:42","slug":"painel-economico-entenda-as-tendencias-e-desafios-na-atualidade","status":"publish","type":"post","link":"https:\/\/www.vagadeempregorj.com.br\/ar\/painel-economico-entenda-as-tendencias-e-desafios-na-atualidade\/","title":{"rendered":"Painel Econ\u00f4mico: Entenda as Tend\u00eancias e Desafios na Atualidade"},"content":{"rendered":"<p>A economia global \u00e9 um ecossistema din\u00e2mico que est\u00e1 constantemente evoluindo, sendo influenciado por uma s\u00e9rie de fatores. Neste painel econ\u00f4mico, exploraremos as tend\u00eancias e desafios que est\u00e3o moldando o cen\u00e1rio econ\u00f4mico na atualidade. Desde as mudan\u00e7as tecnol\u00f3gicas at\u00e9 as quest\u00f5es ambientais, passando pelos impactos da pandemia, examinaremos como esses elementos est\u00e3o interconectados e afetam a estabilidade financeira em todo o mundo.<\/p>\n\n\n\n<h2 class=\"wp-block-heading\">Tend\u00eancias e Desafios na Atualidade em rela\u00e7\u00e3o \u00e0 Economia<\/h2>\n\n\n\n<p>No cen\u00e1rio vol\u00e1til e interconectado da economia global, compreender as tend\u00eancias e desafios que moldam a atualidade \u00e9 essencial para todos os participantes, sejam indiv\u00edduos, empresas ou governos.&nbsp;<\/p>\n\n\n\n<p>Estamos testemunhando uma era de transforma\u00e7\u00f5es r\u00e1pidas, onde inova\u00e7\u00f5es tecnol\u00f3gicas, crises globais, e a busca por sustentabilidade est\u00e3o entrela\u00e7adas, influenciando o curso dos mercados financeiros e redefinindo as bases do crescimento econ\u00f4mico. Ao adentrar este painel econ\u00f4mico, exploraremos as nuances dessas mudan\u00e7as, entendendo como elas n\u00e3o apenas desenham os contornos do presente, mas tamb\u00e9m lan\u00e7am luz sobre o caminho que a economia mundial trilhar\u00e1 no futuro pr\u00f3ximo.\u00a0<\/p>\n\n\n\n<figure class=\"wp-block-image size-large\"><img loading=\"lazy\" decoding=\"async\" width=\"1024\" height=\"724\" src=\"https:\/\/www.vagadeempregorj.com.br\/wp-content\/uploads\/2023\/12\/image-2-1024x724.png\" alt=\"\" class=\"wp-image-39282\" srcset=\"https:\/\/www.vagadeempregorj.com.br\/wp-content\/uploads\/2023\/12\/image-2-1024x724.png 1024w, https:\/\/www.vagadeempregorj.com.br\/wp-content\/uploads\/2023\/12\/image-2-300x212.png 300w, https:\/\/www.vagadeempregorj.com.br\/wp-content\/uploads\/2023\/12\/image-2-768x543.png 768w, https:\/\/www.vagadeempregorj.com.br\/wp-content\/uploads\/2023\/12\/image-2-150x106.png 150w, https:\/\/www.vagadeempregorj.com.br\/wp-content\/uploads\/2023\/12\/image-2.png 1280w\" sizes=\"auto, (max-width: 1024px) 100vw, 1024px\" \/><\/figure>\n\n\n\n<h3 class=\"wp-block-heading\">1. Transforma\u00e7\u00f5es Tecnol\u00f3gicas: O Motor do Crescimento Econ\u00f4mico<\/h3>\n\n\n\n<p>O s\u00e9culo XXI tem sido marcado por avan\u00e7os tecnol\u00f3gicos significativos, moldando a maneira como vivemos, trabalhamos e conduzimos neg\u00f3cios. Inova\u00e7\u00f5es como intelig\u00eancia artificial, automa\u00e7\u00e3o e blockchain est\u00e3o desempenhando pap\u00e9is cruciais na transforma\u00e7\u00e3o dos setores econ\u00f4micos. Empresas que adotam tecnologias emergentes est\u00e3o encontrando novas oportunidades de crescimento, enquanto aquelas que resistem correm o risco de ficar para tr\u00e1s.<\/p>\n\n\n\n<h3 class=\"wp-block-heading\">2. Sustentabilidade e Responsabilidade Ambiental<\/h3>\n\n\n\n<p>A sustentabilidade tornou-se uma palavra-chave n\u00e3o apenas nas conversas ambientais, mas tamb\u00e9m nos c\u00edrculos econ\u00f4micos. Empresas est\u00e3o sendo pressionadas a adotar pr\u00e1ticas mais sustent\u00e1veis, e os consumidores est\u00e3o mais conscientes de suas escolhas. A transi\u00e7\u00e3o para fontes de energia renov\u00e1vel, a busca por efici\u00eancia energ\u00e9tica e a redu\u00e7\u00e3o do desperd\u00edcio s\u00e3o temas que moldam a paisagem econ\u00f4mica global.<\/p>\n\n\n\n<h3 class=\"wp-block-heading\">3. Pandemia e Resili\u00eancia Econ\u00f4mica<\/h3>\n\n\n\n<p>A pandemia de COVID-19 teve um impacto sem precedentes na economia global. Empresas foram for\u00e7adas a se adaptar a novos modelos de trabalho, as cadeias de suprimentos foram interrompidas, e muitos setores enfrentaram desafios significativos. No entanto, a crise tamb\u00e9m acelerou a digitaliza\u00e7\u00e3o, destacando a import\u00e2ncia da resili\u00eancia econ\u00f4mica e da capacidade de adapta\u00e7\u00e3o a condi\u00e7\u00f5es imprevis\u00edveis.<\/p>\n\n\n\n<h3 class=\"wp-block-heading\">4. Desafios Geopol\u00edticos e Comerciais<\/h3>\n\n\n\n<p>As rela\u00e7\u00f5es geopol\u00edticas e comerciais entre as principais pot\u00eancias globais t\u00eam implica\u00e7\u00f5es diretas na economia. Tens\u00f5es comerciais, san\u00e7\u00f5es e disputas geopol\u00edticas podem criar incertezas que afetam os mercados financeiros e o crescimento econ\u00f4mico. Com a interdepend\u00eancia econ\u00f4mica global, \u00e9 fundamental compreender como essas din\u00e2micas podem moldar o futuro da economia mundial.<\/p>\n\n\n\n<h3 class=\"wp-block-heading\">5. Inclus\u00e3o Financeira e Desigualdade Econ\u00f4mica<\/h3>\n\n\n\n<p>A busca por uma maior inclus\u00e3o financeira e a redu\u00e7\u00e3o da desigualdade econ\u00f4mica s\u00e3o desafios persistentes. \u00c0 medida que as economias crescem, \u00e9 crucial garantir que os benef\u00edcios sejam distribu\u00eddos de maneira equitativa. Iniciativas que promovam a inclus\u00e3o financeira, acesso \u00e0 educa\u00e7\u00e3o e oportunidades iguais s\u00e3o essenciais para construir uma base s\u00f3lida para o desenvolvimento econ\u00f4mico sustent\u00e1vel.<\/p>\n\n\n\n<h2 class=\"wp-block-heading\">Complexidade e multifacetas<\/h2>\n\n\n\n<p>O painel econ\u00f4mico da atualidade \u00e9 complexo e multifacetado, refletindo a interconex\u00e3o de diversos fatores. Compreender as tend\u00eancias emergentes e os desafios que moldam a economia global \u00e9 fundamental para indiv\u00edduos, empresas e governos. Ao navegar por essas din\u00e2micas em constante evolu\u00e7\u00e3o, a sociedade pode trabalhar para construir uma economia mais resiliente, sustent\u00e1vel e inclusiva, preparada para enfrentar os desafios do futuro.<\/p>\n\n\n\n<p>Em um mundo onde a din\u00e2mica econ\u00f4mica \u00e9 fluida e interconectada, acompanhar de perto os movimentos e tend\u00eancias da economia torna-se uma pr\u00e1tica fundamental para indiv\u00edduos, empresas e governos. Esta vigil\u00e2ncia constante n\u00e3o se limita a especialistas financeiros; \u00e9 uma necessidade premente para qualquer pessoa que aspire compreender o contexto em que vivemos e antecipar as oportunidades e desafios que se apresentam.&nbsp;<\/p>\n\n\n\n<p>Ao compreender as condi\u00e7\u00f5es econ\u00f4micas, os indiv\u00edduos podem tomar decis\u00f5es financeiras mais informadas. Isso inclui investir sabiamente, gerenciar riscos e planejar estrategicamente para o futuro. Acompanhar indicadores econ\u00f4micos, como taxas de juros, infla\u00e7\u00e3o e crescimento do PIB, fornece insights valiosos para quem busca otimizar suas finan\u00e7as pessoais.<\/p>\n\n\n\n<p><strong>Veja tamb\u00e9m: <a href=\"https:\/\/www.vagadeempregorj.com.br\/ar\/empregos-agro-competence\/\">Assistente Administrativo, Recepcionista, Assistente Financeiro, Est\u00e1gios, Analistas e muito mais na Empresa Agro Competence<\/a><\/strong><\/p>\n\n\n\n<p>16 de dezembro de 2023<\/p>","protected":false},"excerpt":{"rendered":"<p>A economia global \u00e9 um ecossistema din\u00e2mico que est\u00e1 constantemente evoluindo, sendo influenciado por uma s\u00e9rie de fatores. Neste painel econ\u00f4mico, exploraremos as tend\u00eancias e desafios que est\u00e3o moldando o cen\u00e1rio econ\u00f4mico na atualidade. Desde as mudan\u00e7as tecnol\u00f3gicas at\u00e9 as quest\u00f5es ambientais, passando pelos impactos da pandemia, examinaremos como esses elementos est\u00e3o interconectados e afetam&hellip;&nbsp;<\/p>","protected":false},"author":16,"featured_media":39282,"comment_status":"closed","ping_status":"closed","sticky":false,"template":"","format":"standard","meta":{"neve_meta_sidebar":"","neve_meta_container":"","neve_meta_enable_content_width":"","neve_meta_content_width":0,"neve_meta_title_alignment":"","neve_meta_author_avatar":"","neve_post_elements_order":"","neve_meta_disable_header":"","neve_meta_disable_footer":"","neve_meta_disable_title":"","footnotes":""},"categories":[804],"tags":[],"class_list":["post-39281","post","type-post","status-publish","format-standard","has-post-thumbnail","hentry","category-economia"],"yoast_head":"<!-- This site is optimized with the Yoast SEO plugin v27.5 - https:\/\/yoast.com\/product\/yoast-seo-wordpress\/ -->\n<title>Painel Econ\u00f4mico: Entenda as Tend\u00eancias e Desafios na Atualidade -<\/title>\n<meta name=\"description\" content=\"Veja em Vagas de Emprego RJ as vagas de emprego com e sem experi\u00eancia no seu Estado e Regi\u00e3o!\" \/>\n<meta name=\"robots\" content=\"index, follow, max-snippet:-1, max-image-preview:large, max-video-preview:-1\" \/>\n<link rel=\"canonical\" href=\"https:\/\/www.vagadeempregorj.com.br\/ar\/painel-economico-entenda-as-tendencias-e-desafios-na-atualidade\/\" \/>\n<meta property=\"og:locale\" content=\"ar_AR\" \/>\n<meta property=\"og:type\" content=\"article\" \/>\n<meta property=\"og:title\" content=\"Painel Econ\u00f4mico: Entenda as Tend\u00eancias e Desafios na Atualidade -\" \/>\n<meta property=\"og:description\" content=\"Veja em Vagas de Emprego RJ as vagas de emprego com e sem experi\u00eancia no seu Estado e Regi\u00e3o!\" \/>\n<meta property=\"og:url\" content=\"https:\/\/www.vagadeempregorj.com.br\/ar\/painel-economico-entenda-as-tendencias-e-desafios-na-atualidade\/\" \/>\n<meta property=\"article:publisher\" content=\"https:\/\/www.facebook.com\/empregobrasiloficial\" \/>\n<meta property=\"article:published_time\" content=\"2023-12-17T01:30:40+00:00\" \/>\n<meta property=\"article:modified_time\" content=\"2023-12-17T01:30:42+00:00\" \/>\n<meta property=\"og:image\" content=\"https:\/\/www.vagadeempregorj.com.br\/wp-content\/uploads\/2023\/12\/image-2-1024x724.png\" \/>\n\t<meta property=\"og:image:width\" content=\"1024\" \/>\n\t<meta property=\"og:image:height\" content=\"724\" \/>\n\t<meta property=\"og:image:type\" content=\"image\/png\" \/>\n<meta name=\"author\" content=\"Michele\" \/>\n<meta name=\"twitter:card\" content=\"summary_large_image\" \/>\n<meta name=\"twitter:label1\" content=\"Written by\" \/>\n\t<meta name=\"twitter:data1\" content=\"Michele\" \/>\n\t<meta name=\"twitter:label2\" content=\"Est. reading time\" \/>\n\t<meta name=\"twitter:data2\" content=\"4 \u062f\u0642\u0627\u0626\u0642\" \/>\n<script type=\"application\/ld+json\" class=\"yoast-schema-graph\">{\"@context\":\"https:\\\/\\\/schema.org\",\"@graph\":[{\"@type\":\"Article\",\"@id\":\"https:\\\/\\\/www.vagadeempregorj.com.br\\\/painel-economico-entenda-as-tendencias-e-desafios-na-atualidade\\\/#article\",\"isPartOf\":{\"@id\":\"https:\\\/\\\/www.vagadeempregorj.com.br\\\/painel-economico-entenda-as-tendencias-e-desafios-na-atualidade\\\/\"},\"author\":{\"name\":\"Michele\",\"@id\":\"https:\\\/\\\/www.vagadeempregorj.com.br\\\/#\\\/schema\\\/person\\\/3ddb19fa0539706786e502152f3aae95\"},\"headline\":\"Painel Econ\u00f4mico: Entenda as Tend\u00eancias e Desafios na Atualidade\",\"datePublished\":\"2023-12-17T01:30:40+00:00\",\"dateModified\":\"2023-12-17T01:30:42+00:00\",\"mainEntityOfPage\":{\"@id\":\"https:\\\/\\\/www.vagadeempregorj.com.br\\\/painel-economico-entenda-as-tendencias-e-desafios-na-atualidade\\\/\"},\"wordCount\":788,\"image\":{\"@id\":\"https:\\\/\\\/www.vagadeempregorj.com.br\\\/painel-economico-entenda-as-tendencias-e-desafios-na-atualidade\\\/#primaryimage\"},\"thumbnailUrl\":\"https:\\\/\\\/www.vagadeempregorj.com.br\\\/wp-content\\\/uploads\\\/2023\\\/12\\\/image-2.png\",\"articleSection\":[\"Economia\"],\"inLanguage\":\"ar\"},{\"@type\":\"WebPage\",\"@id\":\"https:\\\/\\\/www.vagadeempregorj.com.br\\\/painel-economico-entenda-as-tendencias-e-desafios-na-atualidade\\\/\",\"url\":\"https:\\\/\\\/www.vagadeempregorj.com.br\\\/painel-economico-entenda-as-tendencias-e-desafios-na-atualidade\\\/\",\"name\":\"Painel Econ\u00f4mico: Entenda as Tend\u00eancias e Desafios na Atualidade -\",\"isPartOf\":{\"@id\":\"https:\\\/\\\/www.vagadeempregorj.com.br\\\/#website\"},\"primaryImageOfPage\":{\"@id\":\"https:\\\/\\\/www.vagadeempregorj.com.br\\\/painel-economico-entenda-as-tendencias-e-desafios-na-atualidade\\\/#primaryimage\"},\"image\":{\"@id\":\"https:\\\/\\\/www.vagadeempregorj.com.br\\\/painel-economico-entenda-as-tendencias-e-desafios-na-atualidade\\\/#primaryimage\"},\"thumbnailUrl\":\"https:\\\/\\\/www.vagadeempregorj.com.br\\\/wp-content\\\/uploads\\\/2023\\\/12\\\/image-2.png\",\"datePublished\":\"2023-12-17T01:30:40+00:00\",\"dateModified\":\"2023-12-17T01:30:42+00:00\",\"author\":{\"@id\":\"https:\\\/\\\/www.vagadeempregorj.com.br\\\/#\\\/schema\\\/person\\\/3ddb19fa0539706786e502152f3aae95\"},\"description\":\"Veja em Vagas de Emprego RJ as vagas de emprego com e sem experi\u00eancia no seu Estado e Regi\u00e3o!\",\"breadcrumb\":{\"@id\":\"https:\\\/\\\/www.vagadeempregorj.com.br\\\/painel-economico-entenda-as-tendencias-e-desafios-na-atualidade\\\/#breadcrumb\"},\"inLanguage\":\"ar\",\"potentialAction\":[{\"@type\":\"ReadAction\",\"target\":[\"https:\\\/\\\/www.vagadeempregorj.com.br\\\/painel-economico-entenda-as-tendencias-e-desafios-na-atualidade\\\/\"]}]},{\"@type\":\"ImageObject\",\"inLanguage\":\"ar\",\"@id\":\"https:\\\/\\\/www.vagadeempregorj.com.br\\\/painel-economico-entenda-as-tendencias-e-desafios-na-atualidade\\\/#primaryimage\",\"url\":\"https:\\\/\\\/www.vagadeempregorj.com.br\\\/wp-content\\\/uploads\\\/2023\\\/12\\\/image-2.png\",\"contentUrl\":\"https:\\\/\\\/www.vagadeempregorj.com.br\\\/wp-content\\\/uploads\\\/2023\\\/12\\\/image-2.png\",\"width\":1280,\"height\":905},{\"@type\":\"BreadcrumbList\",\"@id\":\"https:\\\/\\\/www.vagadeempregorj.com.br\\\/painel-economico-entenda-as-tendencias-e-desafios-na-atualidade\\\/#breadcrumb\",\"itemListElement\":[{\"@type\":\"ListItem\",\"position\":1,\"name\":\"In\u00edcio\",\"item\":\"https:\\\/\\\/www.vagadeempregorj.com.br\\\/\"},{\"@type\":\"ListItem\",\"position\":2,\"name\":\"Economia\",\"item\":\"https:\\\/\\\/www.vagadeempregorj.com.br\\\/economia\\\/\"},{\"@type\":\"ListItem\",\"position\":3,\"name\":\"Painel Econ\u00f4mico: Entenda as Tend\u00eancias e Desafios na Atualidade\"}]},{\"@type\":\"WebSite\",\"@id\":\"https:\\\/\\\/www.vagadeempregorj.com.br\\\/#website\",\"url\":\"https:\\\/\\\/www.vagadeempregorj.com.br\\\/\",\"name\":\"\",\"description\":\"Conquiste Sonhos: Vagas, Benef\u00edcios e Economia para Transformar Vidas e Alcan\u00e7ar Melhorias Cotidianas\",\"potentialAction\":[{\"@type\":\"SearchAction\",\"target\":{\"@type\":\"EntryPoint\",\"urlTemplate\":\"https:\\\/\\\/www.vagadeempregorj.com.br\\\/?s={search_term_string}\"},\"query-input\":{\"@type\":\"PropertyValueSpecification\",\"valueRequired\":true,\"valueName\":\"search_term_string\"}}],\"inLanguage\":\"ar\"},{\"@type\":\"Person\",\"@id\":\"https:\\\/\\\/www.vagadeempregorj.com.br\\\/#\\\/schema\\\/person\\\/3ddb19fa0539706786e502152f3aae95\",\"name\":\"Michele\",\"image\":{\"@type\":\"ImageObject\",\"inLanguage\":\"ar\",\"@id\":\"https:\\\/\\\/secure.gravatar.com\\\/avatar\\\/6b0eb9d22841282815e2cd856a0061c45e1761cd54b22e952d98c4746939aa85?s=96&r=g\",\"url\":\"https:\\\/\\\/secure.gravatar.com\\\/avatar\\\/6b0eb9d22841282815e2cd856a0061c45e1761cd54b22e952d98c4746939aa85?s=96&r=g\",\"contentUrl\":\"https:\\\/\\\/secure.gravatar.com\\\/avatar\\\/6b0eb9d22841282815e2cd856a0061c45e1761cd54b22e952d98c4746939aa85?s=96&r=g\",\"caption\":\"Michele\"},\"description\":\"Formada em Letras - Portugu\u00eas\\\/ Ingl\u00eas, e idealizadora do site Escritora de Sucesso, busca expandir o conhecimento de todos com informa\u00e7\u00f5es relevantes sobre diversos assuntos, enquanto redatora. No Vaga de Emprego RJ, traz oportunidades e dicas sobre o mercado de trabalho.\",\"url\":\"https:\\\/\\\/www.vagadeempregorj.com.br\\\/ar\\\/author\\\/michele\\\/\"}]}<\/script>\n<!-- \/ Yoast SEO plugin. -->","yoast_head_json":{"title":"Painel Econ\u00f4mico: Entenda as Tend\u00eancias e Desafios na Atualidade -","description":"Veja em Vagas de Emprego RJ as vagas de emprego com e sem experi\u00eancia no seu Estado e Regi\u00e3o!","robots":{"index":"index","follow":"follow","max-snippet":"max-snippet:-1","max-image-preview":"max-image-preview:large","max-video-preview":"max-video-preview:-1"},"canonical":"https:\/\/www.vagadeempregorj.com.br\/ar\/painel-economico-entenda-as-tendencias-e-desafios-na-atualidade\/","og_locale":"ar_AR","og_type":"article","og_title":"Painel Econ\u00f4mico: Entenda as Tend\u00eancias e Desafios na Atualidade -","og_description":"Veja em Vagas de Emprego RJ as vagas de emprego com e sem experi\u00eancia no seu Estado e Regi\u00e3o!","og_url":"https:\/\/www.vagadeempregorj.com.br\/ar\/painel-economico-entenda-as-tendencias-e-desafios-na-atualidade\/","article_publisher":"https:\/\/www.facebook.com\/empregobrasiloficial","article_published_time":"2023-12-17T01:30:40+00:00","article_modified_time":"2023-12-17T01:30:42+00:00","og_image":[{"width":1024,"height":724,"url":"https:\/\/www.vagadeempregorj.com.br\/wp-content\/uploads\/2023\/12\/image-2-1024x724.png","type":"image\/png"}],"author":"Michele","twitter_card":"summary_large_image","twitter_misc":{"Written by":"Michele","Est. reading time":"4 \u062f\u0642\u0627\u0626\u0642"},"schema":{"@context":"https:\/\/schema.org","@graph":[{"@type":"Article","@id":"https:\/\/www.vagadeempregorj.com.br\/painel-economico-entenda-as-tendencias-e-desafios-na-atualidade\/#article","isPartOf":{"@id":"https:\/\/www.vagadeempregorj.com.br\/painel-economico-entenda-as-tendencias-e-desafios-na-atualidade\/"},"author":{"name":"Michele","@id":"https:\/\/www.vagadeempregorj.com.br\/#\/schema\/person\/3ddb19fa0539706786e502152f3aae95"},"headline":"Painel Econ\u00f4mico: Entenda as Tend\u00eancias e Desafios na Atualidade","datePublished":"2023-12-17T01:30:40+00:00","dateModified":"2023-12-17T01:30:42+00:00","mainEntityOfPage":{"@id":"https:\/\/www.vagadeempregorj.com.br\/painel-economico-entenda-as-tendencias-e-desafios-na-atualidade\/"},"wordCount":788,"image":{"@id":"https:\/\/www.vagadeempregorj.com.br\/painel-economico-entenda-as-tendencias-e-desafios-na-atualidade\/#primaryimage"},"thumbnailUrl":"https:\/\/www.vagadeempregorj.com.br\/wp-content\/uploads\/2023\/12\/image-2.png","articleSection":["Economia"],"inLanguage":"ar"},{"@type":"WebPage","@id":"https:\/\/www.vagadeempregorj.com.br\/painel-economico-entenda-as-tendencias-e-desafios-na-atualidade\/","url":"https:\/\/www.vagadeempregorj.com.br\/painel-economico-entenda-as-tendencias-e-desafios-na-atualidade\/","name":"Painel Econ\u00f4mico: Entenda as Tend\u00eancias e Desafios na Atualidade -","isPartOf":{"@id":"https:\/\/www.vagadeempregorj.com.br\/#website"},"primaryImageOfPage":{"@id":"https:\/\/www.vagadeempregorj.com.br\/painel-economico-entenda-as-tendencias-e-desafios-na-atualidade\/#primaryimage"},"image":{"@id":"https:\/\/www.vagadeempregorj.com.br\/painel-economico-entenda-as-tendencias-e-desafios-na-atualidade\/#primaryimage"},"thumbnailUrl":"https:\/\/www.vagadeempregorj.com.br\/wp-content\/uploads\/2023\/12\/image-2.png","datePublished":"2023-12-17T01:30:40+00:00","dateModified":"2023-12-17T01:30:42+00:00","author":{"@id":"https:\/\/www.vagadeempregorj.com.br\/#\/schema\/person\/3ddb19fa0539706786e502152f3aae95"},"description":"Veja em Vagas de Emprego RJ as vagas de emprego com e sem experi\u00eancia no seu Estado e Regi\u00e3o!","breadcrumb":{"@id":"https:\/\/www.vagadeempregorj.com.br\/painel-economico-entenda-as-tendencias-e-desafios-na-atualidade\/#breadcrumb"},"inLanguage":"ar","potentialAction":[{"@type":"ReadAction","target":["https:\/\/www.vagadeempregorj.com.br\/painel-economico-entenda-as-tendencias-e-desafios-na-atualidade\/"]}]},{"@type":"ImageObject","inLanguage":"ar","@id":"https:\/\/www.vagadeempregorj.com.br\/painel-economico-entenda-as-tendencias-e-desafios-na-atualidade\/#primaryimage","url":"https:\/\/www.vagadeempregorj.com.br\/wp-content\/uploads\/2023\/12\/image-2.png","contentUrl":"https:\/\/www.vagadeempregorj.com.br\/wp-content\/uploads\/2023\/12\/image-2.png","width":1280,"height":905},{"@type":"BreadcrumbList","@id":"https:\/\/www.vagadeempregorj.com.br\/painel-economico-entenda-as-tendencias-e-desafios-na-atualidade\/#breadcrumb","itemListElement":[{"@type":"ListItem","position":1,"name":"In\u00edcio","item":"https:\/\/www.vagadeempregorj.com.br\/"},{"@type":"ListItem","position":2,"name":"Economia","item":"https:\/\/www.vagadeempregorj.com.br\/economia\/"},{"@type":"ListItem","position":3,"name":"Painel Econ\u00f4mico: Entenda as Tend\u00eancias e Desafios na Atualidade"}]},{"@type":"WebSite","@id":"https:\/\/www.vagadeempregorj.com.br\/#website","url":"https:\/\/www.vagadeempregorj.com.br\/","name":"","description":"Conquiste Sonhos: Vagas, Benef\u00edcios e Economia para Transformar Vidas e Alcan\u00e7ar Melhorias Cotidianas","potentialAction":[{"@type":"SearchAction","target":{"@type":"EntryPoint","urlTemplate":"https:\/\/www.vagadeempregorj.com.br\/?s={search_term_string}"},"query-input":{"@type":"PropertyValueSpecification","valueRequired":true,"valueName":"search_term_string"}}],"inLanguage":"ar"},{"@type":"Person","@id":"https:\/\/www.vagadeempregorj.com.br\/#\/schema\/person\/3ddb19fa0539706786e502152f3aae95","name":"Michele","image":{"@type":"ImageObject","inLanguage":"ar","@id":"https:\/\/secure.gravatar.com\/avatar\/6b0eb9d22841282815e2cd856a0061c45e1761cd54b22e952d98c4746939aa85?s=96&r=g","url":"https:\/\/secure.gravatar.com\/avatar\/6b0eb9d22841282815e2cd856a0061c45e1761cd54b22e952d98c4746939aa85?s=96&r=g","contentUrl":"https:\/\/secure.gravatar.com\/avatar\/6b0eb9d22841282815e2cd856a0061c45e1761cd54b22e952d98c4746939aa85?s=96&r=g","caption":"Michele"},"description":"Formada em Letras - Portugu\u00eas\/ Ingl\u00eas, e idealizadora do site Escritora de Sucesso, busca expandir o conhecimento de todos com informa\u00e7\u00f5es relevantes sobre diversos assuntos, enquanto redatora. No Vaga de Emprego RJ, traz oportunidades e dicas sobre o mercado de trabalho.","url":"https:\/\/www.vagadeempregorj.com.br\/ar\/author\/michele\/"}]}},"_links":{"self":[{"href":"https:\/\/www.vagadeempregorj.com.br\/ar\/wp-json\/wp\/v2\/posts\/39281","targetHints":{"allow":["GET"]}}],"collection":[{"href":"https:\/\/www.vagadeempregorj.com.br\/ar\/wp-json\/wp\/v2\/posts"}],"about":[{"href":"https:\/\/www.vagadeempregorj.com.br\/ar\/wp-json\/wp\/v2\/types\/post"}],"author":[{"embeddable":true,"href":"https:\/\/www.vagadeempregorj.com.br\/ar\/wp-json\/wp\/v2\/users\/16"}],"replies":[{"embeddable":true,"href":"https:\/\/www.vagadeempregorj.com.br\/ar\/wp-json\/wp\/v2\/comments?post=39281"}],"version-history":[{"count":0,"href":"https:\/\/www.vagadeempregorj.com.br\/ar\/wp-json\/wp\/v2\/posts\/39281\/revisions"}],"wp:featuredmedia":[{"embeddable":true,"href":"https:\/\/www.vagadeempregorj.com.br\/ar\/wp-json\/wp\/v2\/media\/39282"}],"wp:attachment":[{"href":"https:\/\/www.vagadeempregorj.com.br\/ar\/wp-json\/wp\/v2\/media?parent=39281"}],"wp:term":[{"taxonomy":"category","embeddable":true,"href":"https:\/\/www.vagadeempregorj.com.br\/ar\/wp-json\/wp\/v2\/categories?post=39281"},{"taxonomy":"post_tag","embeddable":true,"href":"https:\/\/www.vagadeempregorj.com.br\/ar\/wp-json\/wp\/v2\/tags?post=39281"}],"curies":[{"name":"wp","href":"https:\/\/api.w.org\/{rel}","templated":true}]}}