{"id":39315,"date":"2024-01-03T00:01:00","date_gmt":"2024-01-03T03:01:00","guid":{"rendered":"https:\/\/www.vagadeempregorj.com.br\/?p=39315"},"modified":"2025-06-15T14:31:29","modified_gmt":"2025-06-15T17:31:29","slug":"do-curriculo-a-entrevista-dicas-praticas-para-acelerar-sua-jornada-profissional","status":"publish","type":"post","link":"https:\/\/www.vagadeempregorj.com.br\/ar\/do-curriculo-a-entrevista-dicas-praticas-para-acelerar-sua-jornada-profissional\/","title":{"rendered":"Do Curr\u00edculo \u00e0 Entrevista: Dicas Pr\u00e1ticas para Acelerar Sua Jornada Profissional"},"content":{"rendered":"<p>Em um mundo profissional cada vez mais competitivo, a busca por oportunidades de carreira bem-sucedidas requer uma abordagem estrat\u00e9gica desde a constru\u00e7\u00e3o do curr\u00edculo at\u00e9 o momento crucial da entrevista.&nbsp;<\/p>\n\n\n\n<h2 class=\"wp-block-heading\">Veja dicas pr\u00e1ticas para acelerar sua jornada profissional<\/h2>\n\n\n\n<p>Confira as dicas pr\u00e1ticas que podem acelerar sua jornada profissional, ajudando-o a destacar suas habilidades e conquistar o emprego dos seus sonhos.<\/p>\n\n\n\n<h3 class=\"wp-block-heading\">1. Construa um Curr\u00edculo Sob medida<\/h3>\n\n\n\n<p>O curr\u00edculo \u00e9 o seu cart\u00e3o de visita no mundo profissional. Ao inv\u00e9s de adotar uma abordagem \u00fanica, personalize seu curr\u00edculo para cada vaga \u00e0 qual se candidata. Destaque suas experi\u00eancias relevantes, conquistas e habilidades que se alinham com os requisitos da posi\u00e7\u00e3o. Utilize palavras-chave espec\u00edficas da ind\u00fastria para chamar a aten\u00e7\u00e3o dos recrutadores e sistemas de rastreamento de candidatos.<\/p>\n\n\n\n<h3 class=\"wp-block-heading\">2. Destaque suas Conquistas e Impacto<\/h3>\n\n\n\n<p>Em vez de apenas listar responsabilidades anteriores, destaque as conquistas e o impacto que teve em cada fun\u00e7\u00e3o. Os empregadores est\u00e3o interessados no que voc\u00ea trouxe para a organiza\u00e7\u00e3o. Seja quantitativo sempre que poss\u00edvel, fornecendo n\u00fameros concretos para ilustrar o sucesso. Isso demonstra n\u00e3o apenas o que voc\u00ea fez, mas como suas a\u00e7\u00f5es contribu\u00edram para o sucesso da equipe ou da empresa.<\/p>\n\n\n\n<h3 class=\"wp-block-heading\">3. Aprimore suas Habilidades T\u00e9cnicas e Soft Skills<\/h3>\n\n\n\n<p>Em um mercado de trabalho din\u00e2mico, \u00e9 crucial manter-se atualizado com as habilidades demandadas. Invista tempo no aprimoramento de habilidades t\u00e9cnicas relevantes para a sua \u00e1rea, mas n\u00e3o subestime a import\u00e2ncia das soft skills. Comunica\u00e7\u00e3o eficaz, trabalho em equipe e resolu\u00e7\u00e3o de problemas s\u00e3o habilidades que podem diferenci\u00e1-lo em um ambiente profissional.<\/p>\n\n\n\n<figure class=\"wp-block-image size-large\"><img loading=\"lazy\" decoding=\"async\" width=\"1024\" height=\"682\" src=\"https:\/\/www.vagadeempregorj.com.br\/wp-content\/uploads\/2024\/01\/image-1-1024x682.png\" alt=\"\" class=\"wp-image-39316\" srcset=\"https:\/\/www.vagadeempregorj.com.br\/wp-content\/uploads\/2024\/01\/image-1-1024x682.png 1024w, https:\/\/www.vagadeempregorj.com.br\/wp-content\/uploads\/2024\/01\/image-1-300x200.png 300w, https:\/\/www.vagadeempregorj.com.br\/wp-content\/uploads\/2024\/01\/image-1-768x512.png 768w, https:\/\/www.vagadeempregorj.com.br\/wp-content\/uploads\/2024\/01\/image-1-150x100.png 150w, https:\/\/www.vagadeempregorj.com.br\/wp-content\/uploads\/2024\/01\/image-1.png 1280w\" sizes=\"auto, (max-width: 1024px) 100vw, 1024px\" \/><\/figure>\n\n\n\n<h3 class=\"wp-block-heading\">4. Mantenha uma Presen\u00e7a Online Profissional<\/h3>\n\n\n\n<p>Recrutadores frequentemente pesquisam candidatos online antes de tomar decis\u00f5es de contrata\u00e7\u00e3o. Certifique-se de que sua presen\u00e7a online reflete profissionalismo. Atualize seu perfil no LinkedIn, compartilhe conte\u00fado relevante para a sua ind\u00fastria e participe de grupos relacionados \u00e0 sua \u00e1rea de atua\u00e7\u00e3o. Isso n\u00e3o apenas demonstra seu interesse, mas tamb\u00e9m amplia sua rede profissional.<\/p>\n\n\n\n<h3 class=\"wp-block-heading\">5. Pratique a Entrevista<\/h3>\n\n\n\n<p>Prepara\u00e7\u00e3o \u00e9 a chave para o sucesso em entrevistas. Antes do grande dia, pratique respostas para perguntas comuns. Fa\u00e7a simula\u00e7\u00f5es de entrevistas com um amigo ou mentor para ganhar confian\u00e7a e aprimorar suas habilidades de comunica\u00e7\u00e3o. Esteja preparado para discutir suas experi\u00eancias passadas, desafios superados e como voc\u00ea pode contribuir para a empresa.<\/p>\n\n\n\n<h3 class=\"wp-block-heading\">6. Pesquise a Empresa e a Ind\u00fastria<\/h3>\n\n\n\n<p>Demonstrar conhecimento sobre a empresa e a ind\u00fastria \u00e9 uma maneira eficaz de destacar seu interesse e comprometimento. Pesquise a miss\u00e3o, valores e \u00faltimos projetos da empresa. Este conhecimento n\u00e3o apenas impressiona os entrevistadores, mas tamb\u00e9m o ajuda a formular perguntas pertinentes sobre a empresa durante a entrevista.<\/p>\n\n\n\n<h3 class=\"wp-block-heading\">7. Mostre Entusiasmo e Atitude Positiva<\/h3>\n\n\n\n<p>Seja entusi\u00e1stico sobre a oportunidade e demonstre uma atitude positiva durante a entrevista. Os empregadores valorizam candidatos que n\u00e3o apenas t\u00eam as habilidades t\u00e9cnicas necess\u00e1rias, mas tamb\u00e9m se encaixam na cultura da empresa. Mostre disposi\u00e7\u00e3o para aprender, crescer e contribuir para o ambiente de trabalho.<\/p>\n\n\n\n<h3 class=\"wp-block-heading\">8. Cuide da Sua Apar\u00eancia e Comunica\u00e7\u00e3o N\u00e3o Verbal<\/h3>\n\n\n\n<p>A primeira impress\u00e3o \u00e9 crucial durante uma entrevista. Vista-se de acordo com a cultura da empresa e mantenha uma postura confiante. A comunica\u00e7\u00e3o n\u00e3o verbal, como contato visual, aperto de m\u00e3o firme e postura, pode influenciar positivamente a percep\u00e7\u00e3o do entrevistador sobre voc\u00ea.<\/p>\n\n\n\n<h3 class=\"wp-block-heading\">9. Esteja Pronto para Responder Perguntas Desafiadoras<\/h3>\n\n\n\n<p>Antecipe-se a perguntas desafiadoras que podem surgir durante a entrevista. Quest\u00f5es sobre suas fraquezas, desafios superados e situa\u00e7\u00f5es de conflito s\u00e3o comuns. Prepare respostas que destaquem sua capacidade de aprender e crescer, transformando desafios em oportunidades de desenvolvimento.<\/p>\n\n\n\n<h3 class=\"wp-block-heading\">10. Envie um Agradecimento P\u00f3s-entrevista<\/h3>\n\n\n\n<p>Ap\u00f3s a entrevista, envie um e-mail de agradecimento, expressando sua gratid\u00e3o pela oportunidade. Al\u00e9m de ser uma pr\u00e1tica cort\u00eas, isso refor\u00e7a seu interesse na posi\u00e7\u00e3o e d\u00e1 a voc\u00ea outra chance de destacar por que \u00e9 a escolha certa para o cargo.<\/p>\n\n\n\n<p>Ao implementar essas dicas pr\u00e1ticas, voc\u00ea estar\u00e1 mais bem preparado para acelerar sua jornada profissional, desde a elabora\u00e7\u00e3o do curr\u00edculo at\u00e9 a entrevista. Lembre-se de que o sucesso n\u00e3o ocorre da noite para o dia, mas com persist\u00eancia, prepara\u00e7\u00e3o e aprimoramento cont\u00ednuo, voc\u00ea estar\u00e1 mais pr\u00f3ximo de alcan\u00e7ar seus objetivos profissionais. Boa sorte!<\/p>\n\n\n\n<p><strong>Veja tamb\u00e9m: <a href=\"https:\/\/www.vagadeempregorj.com.br\/ar\/dicas-atuais-para-decolar-na-busca-por-emprego-estrategias-que-funcionam\/\">Dicas Atuais para Decolar na Busca por Emprego: Estrat\u00e9gias que Funcionam<\/a><\/strong><\/p>\n\n\n\n<p>3 de janeiro de 2024<\/p>","protected":false},"excerpt":{"rendered":"<p>Em um mundo profissional cada vez mais competitivo, a busca por oportunidades de carreira bem-sucedidas requer uma abordagem estrat\u00e9gica desde a constru\u00e7\u00e3o do curr\u00edculo at\u00e9 o momento crucial da entrevista.&nbsp; Veja dicas pr\u00e1ticas para acelerar sua jornada profissional Confira as dicas pr\u00e1ticas que podem acelerar sua jornada profissional, ajudando-o a destacar suas habilidades e conquistar&hellip;&nbsp;<\/p>","protected":false},"author":16,"featured_media":39316,"comment_status":"closed","ping_status":"closed","sticky":false,"template":"","format":"standard","meta":{"neve_meta_sidebar":"","neve_meta_container":"","neve_meta_enable_content_width":"","neve_meta_content_width":0,"neve_meta_title_alignment":"","neve_meta_author_avatar":"","neve_post_elements_order":"","neve_meta_disable_header":"","neve_meta_disable_footer":"","neve_meta_disable_title":"","footnotes":""},"categories":[123],"tags":[],"class_list":["post-39315","post","type-post","status-publish","format-standard","has-post-thumbnail","hentry","category-vagas-de-emprego-nacionais"],"yoast_head":"<!-- This site is optimized with the Yoast SEO plugin v27.5 - https:\/\/yoast.com\/product\/yoast-seo-wordpress\/ -->\n<title>Do Curr\u00edculo \u00e0 Entrevista: Dicas Pr\u00e1ticas para Acelerar Sua Jornada Profissional -<\/title>\n<meta name=\"description\" content=\"Veja em Vagas de Emprego RJ as vagas de emprego com e sem experi\u00eancia no seu Estado e Regi\u00e3o!\" \/>\n<meta name=\"robots\" content=\"index, follow, max-snippet:-1, max-image-preview:large, max-video-preview:-1\" \/>\n<link rel=\"canonical\" href=\"https:\/\/www.vagadeempregorj.com.br\/ar\/do-curriculo-a-entrevista-dicas-praticas-para-acelerar-sua-jornada-profissional\/\" \/>\n<meta property=\"og:locale\" content=\"ar_AR\" \/>\n<meta property=\"og:type\" content=\"article\" \/>\n<meta property=\"og:title\" content=\"Do Curr\u00edculo \u00e0 Entrevista: Dicas Pr\u00e1ticas para Acelerar Sua Jornada Profissional -\" \/>\n<meta property=\"og:description\" content=\"Veja em Vagas de Emprego RJ as vagas de emprego com e sem experi\u00eancia no seu Estado e Regi\u00e3o!\" \/>\n<meta property=\"og:url\" content=\"https:\/\/www.vagadeempregorj.com.br\/ar\/do-curriculo-a-entrevista-dicas-praticas-para-acelerar-sua-jornada-profissional\/\" \/>\n<meta property=\"article:publisher\" content=\"https:\/\/www.facebook.com\/empregobrasiloficial\" \/>\n<meta property=\"article:published_time\" content=\"2024-01-03T03:01:00+00:00\" \/>\n<meta property=\"article:modified_time\" content=\"2025-06-15T17:31:29+00:00\" \/>\n<meta property=\"og:image\" content=\"https:\/\/www.vagadeempregorj.com.br\/wp-content\/uploads\/2024\/01\/image-1.png\" \/>\n\t<meta property=\"og:image:width\" content=\"1280\" \/>\n\t<meta property=\"og:image:height\" content=\"853\" \/>\n\t<meta property=\"og:image:type\" content=\"image\/png\" \/>\n<meta name=\"author\" content=\"Michele\" \/>\n<meta name=\"twitter:card\" content=\"summary_large_image\" \/>\n<meta name=\"twitter:label1\" content=\"Written by\" \/>\n\t<meta name=\"twitter:data1\" content=\"Michele\" \/>\n\t<meta name=\"twitter:label2\" content=\"Est. reading time\" \/>\n\t<meta name=\"twitter:data2\" content=\"4 \u062f\u0642\u0627\u0626\u0642\" \/>\n<script type=\"application\/ld+json\" class=\"yoast-schema-graph\">{\"@context\":\"https:\\\/\\\/schema.org\",\"@graph\":[{\"@type\":\"Article\",\"@id\":\"https:\\\/\\\/www.vagadeempregorj.com.br\\\/do-curriculo-a-entrevista-dicas-praticas-para-acelerar-sua-jornada-profissional\\\/#article\",\"isPartOf\":{\"@id\":\"https:\\\/\\\/www.vagadeempregorj.com.br\\\/do-curriculo-a-entrevista-dicas-praticas-para-acelerar-sua-jornada-profissional\\\/\"},\"author\":{\"name\":\"Michele\",\"@id\":\"https:\\\/\\\/www.vagadeempregorj.com.br\\\/#\\\/schema\\\/person\\\/3ddb19fa0539706786e502152f3aae95\"},\"headline\":\"Do Curr\u00edculo \u00e0 Entrevista: Dicas Pr\u00e1ticas para Acelerar Sua Jornada Profissional\",\"datePublished\":\"2024-01-03T03:01:00+00:00\",\"dateModified\":\"2025-06-15T17:31:29+00:00\",\"mainEntityOfPage\":{\"@id\":\"https:\\\/\\\/www.vagadeempregorj.com.br\\\/do-curriculo-a-entrevista-dicas-praticas-para-acelerar-sua-jornada-profissional\\\/\"},\"wordCount\":773,\"image\":{\"@id\":\"https:\\\/\\\/www.vagadeempregorj.com.br\\\/do-curriculo-a-entrevista-dicas-praticas-para-acelerar-sua-jornada-profissional\\\/#primaryimage\"},\"thumbnailUrl\":\"https:\\\/\\\/www.vagadeempregorj.com.br\\\/wp-content\\\/uploads\\\/2024\\\/01\\\/image-1.png\",\"articleSection\":[\"Vagas de Emprego Nacionais\"],\"inLanguage\":\"ar\"},{\"@type\":\"WebPage\",\"@id\":\"https:\\\/\\\/www.vagadeempregorj.com.br\\\/do-curriculo-a-entrevista-dicas-praticas-para-acelerar-sua-jornada-profissional\\\/\",\"url\":\"https:\\\/\\\/www.vagadeempregorj.com.br\\\/do-curriculo-a-entrevista-dicas-praticas-para-acelerar-sua-jornada-profissional\\\/\",\"name\":\"Do Curr\u00edculo \u00e0 Entrevista: Dicas Pr\u00e1ticas para Acelerar Sua Jornada Profissional -\",\"isPartOf\":{\"@id\":\"https:\\\/\\\/www.vagadeempregorj.com.br\\\/#website\"},\"primaryImageOfPage\":{\"@id\":\"https:\\\/\\\/www.vagadeempregorj.com.br\\\/do-curriculo-a-entrevista-dicas-praticas-para-acelerar-sua-jornada-profissional\\\/#primaryimage\"},\"image\":{\"@id\":\"https:\\\/\\\/www.vagadeempregorj.com.br\\\/do-curriculo-a-entrevista-dicas-praticas-para-acelerar-sua-jornada-profissional\\\/#primaryimage\"},\"thumbnailUrl\":\"https:\\\/\\\/www.vagadeempregorj.com.br\\\/wp-content\\\/uploads\\\/2024\\\/01\\\/image-1.png\",\"datePublished\":\"2024-01-03T03:01:00+00:00\",\"dateModified\":\"2025-06-15T17:31:29+00:00\",\"author\":{\"@id\":\"https:\\\/\\\/www.vagadeempregorj.com.br\\\/#\\\/schema\\\/person\\\/3ddb19fa0539706786e502152f3aae95\"},\"description\":\"Veja em Vagas de Emprego RJ as vagas de emprego com e sem experi\u00eancia no seu Estado e Regi\u00e3o!\",\"breadcrumb\":{\"@id\":\"https:\\\/\\\/www.vagadeempregorj.com.br\\\/do-curriculo-a-entrevista-dicas-praticas-para-acelerar-sua-jornada-profissional\\\/#breadcrumb\"},\"inLanguage\":\"ar\",\"potentialAction\":[{\"@type\":\"ReadAction\",\"target\":[\"https:\\\/\\\/www.vagadeempregorj.com.br\\\/do-curriculo-a-entrevista-dicas-praticas-para-acelerar-sua-jornada-profissional\\\/\"]}]},{\"@type\":\"ImageObject\",\"inLanguage\":\"ar\",\"@id\":\"https:\\\/\\\/www.vagadeempregorj.com.br\\\/do-curriculo-a-entrevista-dicas-praticas-para-acelerar-sua-jornada-profissional\\\/#primaryimage\",\"url\":\"https:\\\/\\\/www.vagadeempregorj.com.br\\\/wp-content\\\/uploads\\\/2024\\\/01\\\/image-1.png\",\"contentUrl\":\"https:\\\/\\\/www.vagadeempregorj.com.br\\\/wp-content\\\/uploads\\\/2024\\\/01\\\/image-1.png\",\"width\":1280,\"height\":853},{\"@type\":\"BreadcrumbList\",\"@id\":\"https:\\\/\\\/www.vagadeempregorj.com.br\\\/do-curriculo-a-entrevista-dicas-praticas-para-acelerar-sua-jornada-profissional\\\/#breadcrumb\",\"itemListElement\":[{\"@type\":\"ListItem\",\"position\":1,\"name\":\"In\u00edcio\",\"item\":\"https:\\\/\\\/www.vagadeempregorj.com.br\\\/\"},{\"@type\":\"ListItem\",\"position\":2,\"name\":\"Do Curr\u00edculo \u00e0 Entrevista: Dicas Pr\u00e1ticas para Acelerar Sua Jornada Profissional\"}]},{\"@type\":\"WebSite\",\"@id\":\"https:\\\/\\\/www.vagadeempregorj.com.br\\\/#website\",\"url\":\"https:\\\/\\\/www.vagadeempregorj.com.br\\\/\",\"name\":\"\",\"description\":\"Conquiste Sonhos: Vagas, Benef\u00edcios e Economia para Transformar Vidas e Alcan\u00e7ar Melhorias Cotidianas\",\"potentialAction\":[{\"@type\":\"SearchAction\",\"target\":{\"@type\":\"EntryPoint\",\"urlTemplate\":\"https:\\\/\\\/www.vagadeempregorj.com.br\\\/?s={search_term_string}\"},\"query-input\":{\"@type\":\"PropertyValueSpecification\",\"valueRequired\":true,\"valueName\":\"search_term_string\"}}],\"inLanguage\":\"ar\"},{\"@type\":\"Person\",\"@id\":\"https:\\\/\\\/www.vagadeempregorj.com.br\\\/#\\\/schema\\\/person\\\/3ddb19fa0539706786e502152f3aae95\",\"name\":\"Michele\",\"image\":{\"@type\":\"ImageObject\",\"inLanguage\":\"ar\",\"@id\":\"https:\\\/\\\/secure.gravatar.com\\\/avatar\\\/6b0eb9d22841282815e2cd856a0061c45e1761cd54b22e952d98c4746939aa85?s=96&r=g\",\"url\":\"https:\\\/\\\/secure.gravatar.com\\\/avatar\\\/6b0eb9d22841282815e2cd856a0061c45e1761cd54b22e952d98c4746939aa85?s=96&r=g\",\"contentUrl\":\"https:\\\/\\\/secure.gravatar.com\\\/avatar\\\/6b0eb9d22841282815e2cd856a0061c45e1761cd54b22e952d98c4746939aa85?s=96&r=g\",\"caption\":\"Michele\"},\"description\":\"Formada em Letras - Portugu\u00eas\\\/ Ingl\u00eas, e idealizadora do site Escritora de Sucesso, busca expandir o conhecimento de todos com informa\u00e7\u00f5es relevantes sobre diversos assuntos, enquanto redatora. No Vaga de Emprego RJ, traz oportunidades e dicas sobre o mercado de trabalho.\",\"url\":\"https:\\\/\\\/www.vagadeempregorj.com.br\\\/ar\\\/author\\\/michele\\\/\"}]}<\/script>\n<!-- \/ Yoast SEO plugin. -->","yoast_head_json":{"title":"Do Curr\u00edculo \u00e0 Entrevista: Dicas Pr\u00e1ticas para Acelerar Sua Jornada Profissional -","description":"Veja em Vagas de Emprego RJ as vagas de emprego com e sem experi\u00eancia no seu Estado e Regi\u00e3o!","robots":{"index":"index","follow":"follow","max-snippet":"max-snippet:-1","max-image-preview":"max-image-preview:large","max-video-preview":"max-video-preview:-1"},"canonical":"https:\/\/www.vagadeempregorj.com.br\/ar\/do-curriculo-a-entrevista-dicas-praticas-para-acelerar-sua-jornada-profissional\/","og_locale":"ar_AR","og_type":"article","og_title":"Do Curr\u00edculo \u00e0 Entrevista: Dicas Pr\u00e1ticas para Acelerar Sua Jornada Profissional -","og_description":"Veja em Vagas de Emprego RJ as vagas de emprego com e sem experi\u00eancia no seu Estado e Regi\u00e3o!","og_url":"https:\/\/www.vagadeempregorj.com.br\/ar\/do-curriculo-a-entrevista-dicas-praticas-para-acelerar-sua-jornada-profissional\/","article_publisher":"https:\/\/www.facebook.com\/empregobrasiloficial","article_published_time":"2024-01-03T03:01:00+00:00","article_modified_time":"2025-06-15T17:31:29+00:00","og_image":[{"width":1280,"height":853,"url":"https:\/\/www.vagadeempregorj.com.br\/wp-content\/uploads\/2024\/01\/image-1.png","type":"image\/png"}],"author":"Michele","twitter_card":"summary_large_image","twitter_misc":{"Written by":"Michele","Est. reading time":"4 \u062f\u0642\u0627\u0626\u0642"},"schema":{"@context":"https:\/\/schema.org","@graph":[{"@type":"Article","@id":"https:\/\/www.vagadeempregorj.com.br\/do-curriculo-a-entrevista-dicas-praticas-para-acelerar-sua-jornada-profissional\/#article","isPartOf":{"@id":"https:\/\/www.vagadeempregorj.com.br\/do-curriculo-a-entrevista-dicas-praticas-para-acelerar-sua-jornada-profissional\/"},"author":{"name":"Michele","@id":"https:\/\/www.vagadeempregorj.com.br\/#\/schema\/person\/3ddb19fa0539706786e502152f3aae95"},"headline":"Do Curr\u00edculo \u00e0 Entrevista: Dicas Pr\u00e1ticas para Acelerar Sua Jornada Profissional","datePublished":"2024-01-03T03:01:00+00:00","dateModified":"2025-06-15T17:31:29+00:00","mainEntityOfPage":{"@id":"https:\/\/www.vagadeempregorj.com.br\/do-curriculo-a-entrevista-dicas-praticas-para-acelerar-sua-jornada-profissional\/"},"wordCount":773,"image":{"@id":"https:\/\/www.vagadeempregorj.com.br\/do-curriculo-a-entrevista-dicas-praticas-para-acelerar-sua-jornada-profissional\/#primaryimage"},"thumbnailUrl":"https:\/\/www.vagadeempregorj.com.br\/wp-content\/uploads\/2024\/01\/image-1.png","articleSection":["Vagas de Emprego Nacionais"],"inLanguage":"ar"},{"@type":"WebPage","@id":"https:\/\/www.vagadeempregorj.com.br\/do-curriculo-a-entrevista-dicas-praticas-para-acelerar-sua-jornada-profissional\/","url":"https:\/\/www.vagadeempregorj.com.br\/do-curriculo-a-entrevista-dicas-praticas-para-acelerar-sua-jornada-profissional\/","name":"Do Curr\u00edculo \u00e0 Entrevista: Dicas Pr\u00e1ticas para Acelerar Sua Jornada Profissional -","isPartOf":{"@id":"https:\/\/www.vagadeempregorj.com.br\/#website"},"primaryImageOfPage":{"@id":"https:\/\/www.vagadeempregorj.com.br\/do-curriculo-a-entrevista-dicas-praticas-para-acelerar-sua-jornada-profissional\/#primaryimage"},"image":{"@id":"https:\/\/www.vagadeempregorj.com.br\/do-curriculo-a-entrevista-dicas-praticas-para-acelerar-sua-jornada-profissional\/#primaryimage"},"thumbnailUrl":"https:\/\/www.vagadeempregorj.com.br\/wp-content\/uploads\/2024\/01\/image-1.png","datePublished":"2024-01-03T03:01:00+00:00","dateModified":"2025-06-15T17:31:29+00:00","author":{"@id":"https:\/\/www.vagadeempregorj.com.br\/#\/schema\/person\/3ddb19fa0539706786e502152f3aae95"},"description":"Veja em Vagas de Emprego RJ as vagas de emprego com e sem experi\u00eancia no seu Estado e Regi\u00e3o!","breadcrumb":{"@id":"https:\/\/www.vagadeempregorj.com.br\/do-curriculo-a-entrevista-dicas-praticas-para-acelerar-sua-jornada-profissional\/#breadcrumb"},"inLanguage":"ar","potentialAction":[{"@type":"ReadAction","target":["https:\/\/www.vagadeempregorj.com.br\/do-curriculo-a-entrevista-dicas-praticas-para-acelerar-sua-jornada-profissional\/"]}]},{"@type":"ImageObject","inLanguage":"ar","@id":"https:\/\/www.vagadeempregorj.com.br\/do-curriculo-a-entrevista-dicas-praticas-para-acelerar-sua-jornada-profissional\/#primaryimage","url":"https:\/\/www.vagadeempregorj.com.br\/wp-content\/uploads\/2024\/01\/image-1.png","contentUrl":"https:\/\/www.vagadeempregorj.com.br\/wp-content\/uploads\/2024\/01\/image-1.png","width":1280,"height":853},{"@type":"BreadcrumbList","@id":"https:\/\/www.vagadeempregorj.com.br\/do-curriculo-a-entrevista-dicas-praticas-para-acelerar-sua-jornada-profissional\/#breadcrumb","itemListElement":[{"@type":"ListItem","position":1,"name":"In\u00edcio","item":"https:\/\/www.vagadeempregorj.com.br\/"},{"@type":"ListItem","position":2,"name":"Do Curr\u00edculo \u00e0 Entrevista: Dicas Pr\u00e1ticas para Acelerar Sua Jornada Profissional"}]},{"@type":"WebSite","@id":"https:\/\/www.vagadeempregorj.com.br\/#website","url":"https:\/\/www.vagadeempregorj.com.br\/","name":"","description":"Conquiste Sonhos: Vagas, Benef\u00edcios e Economia para Transformar Vidas e Alcan\u00e7ar Melhorias Cotidianas","potentialAction":[{"@type":"SearchAction","target":{"@type":"EntryPoint","urlTemplate":"https:\/\/www.vagadeempregorj.com.br\/?s={search_term_string}"},"query-input":{"@type":"PropertyValueSpecification","valueRequired":true,"valueName":"search_term_string"}}],"inLanguage":"ar"},{"@type":"Person","@id":"https:\/\/www.vagadeempregorj.com.br\/#\/schema\/person\/3ddb19fa0539706786e502152f3aae95","name":"Michele","image":{"@type":"ImageObject","inLanguage":"ar","@id":"https:\/\/secure.gravatar.com\/avatar\/6b0eb9d22841282815e2cd856a0061c45e1761cd54b22e952d98c4746939aa85?s=96&r=g","url":"https:\/\/secure.gravatar.com\/avatar\/6b0eb9d22841282815e2cd856a0061c45e1761cd54b22e952d98c4746939aa85?s=96&r=g","contentUrl":"https:\/\/secure.gravatar.com\/avatar\/6b0eb9d22841282815e2cd856a0061c45e1761cd54b22e952d98c4746939aa85?s=96&r=g","caption":"Michele"},"description":"Formada em Letras - Portugu\u00eas\/ Ingl\u00eas, e idealizadora do site Escritora de Sucesso, busca expandir o conhecimento de todos com informa\u00e7\u00f5es relevantes sobre diversos assuntos, enquanto redatora. No Vaga de Emprego RJ, traz oportunidades e dicas sobre o mercado de trabalho.","url":"https:\/\/www.vagadeempregorj.com.br\/ar\/author\/michele\/"}]}},"_links":{"self":[{"href":"https:\/\/www.vagadeempregorj.com.br\/ar\/wp-json\/wp\/v2\/posts\/39315","targetHints":{"allow":["GET"]}}],"collection":[{"href":"https:\/\/www.vagadeempregorj.com.br\/ar\/wp-json\/wp\/v2\/posts"}],"about":[{"href":"https:\/\/www.vagadeempregorj.com.br\/ar\/wp-json\/wp\/v2\/types\/post"}],"author":[{"embeddable":true,"href":"https:\/\/www.vagadeempregorj.com.br\/ar\/wp-json\/wp\/v2\/users\/16"}],"replies":[{"embeddable":true,"href":"https:\/\/www.vagadeempregorj.com.br\/ar\/wp-json\/wp\/v2\/comments?post=39315"}],"version-history":[{"count":1,"href":"https:\/\/www.vagadeempregorj.com.br\/ar\/wp-json\/wp\/v2\/posts\/39315\/revisions"}],"predecessor-version":[{"id":43569,"href":"https:\/\/www.vagadeempregorj.com.br\/ar\/wp-json\/wp\/v2\/posts\/39315\/revisions\/43569"}],"wp:featuredmedia":[{"embeddable":true,"href":"https:\/\/www.vagadeempregorj.com.br\/ar\/wp-json\/wp\/v2\/media\/39316"}],"wp:attachment":[{"href":"https:\/\/www.vagadeempregorj.com.br\/ar\/wp-json\/wp\/v2\/media?parent=39315"}],"wp:term":[{"taxonomy":"category","embeddable":true,"href":"https:\/\/www.vagadeempregorj.com.br\/ar\/wp-json\/wp\/v2\/categories?post=39315"},{"taxonomy":"post_tag","embeddable":true,"href":"https:\/\/www.vagadeempregorj.com.br\/ar\/wp-json\/wp\/v2\/tags?post=39315"}],"curies":[{"name":"wp","href":"https:\/\/api.w.org\/{rel}","templated":true}]}}